{"id":345082,"date":"2023-08-18T11:00:02","date_gmt":"2023-08-18T09:00:02","guid":{"rendered":"https:\/\/www.radiopiu.net\/wordpress\/?p=345082"},"modified":"2023-08-18T10:23:07","modified_gmt":"2023-08-18T08:23:07","slug":"in-alpago-e-tempo-di-giro-del-lago-di-santa-croce","status":"publish","type":"post","link":"https:\/\/www.radiopiu.net\/wordpress\/in-alpago-e-tempo-di-giro-del-lago-di-santa-croce\/","title":{"rendered":"IN ALPAGO \u00c8 TEMPO DI GIRO DEL LAGO DI SANTA CROCE.: GIA&#8217; OLTRE 2000 ISCRIZIONI"},"content":{"rendered":"<p>&nbsp;<\/p>\n<p><a class=\"dt-pswp-item\" href=\"https:\/\/www.radiopiu.net\/wordpress\/wp-content\/uploads\/2023\/07\/\u00a9Dolomiticomunicazione-6.jpg\" data-dt-img-description=\"\" data-large_image_width=\"2000\" data-large_image_height=\"1333\"><img loading=\"lazy\" decoding=\"async\" class=\"size-medium wp-image-349063 alignleft\" src=\"https:\/\/www.radiopiu.net\/wordpress\/wp-content\/uploads\/2023\/07\/\u00a9Dolomiticomunicazione-6-300x200.jpg\" alt=\"\" width=\"300\" height=\"200\" srcset=\"https:\/\/www.radiopiu.net\/wordpress\/wp-content\/uploads\/2023\/07\/\u00a9Dolomiticomunicazione-6-300x200.jpg 300w, https:\/\/www.radiopiu.net\/wordpress\/wp-content\/uploads\/2023\/07\/\u00a9Dolomiticomunicazione-6-1024x682.jpg 1024w, https:\/\/www.radiopiu.net\/wordpress\/wp-content\/uploads\/2023\/07\/\u00a9Dolomiticomunicazione-6-768x512.jpg 768w, https:\/\/www.radiopiu.net\/wordpress\/wp-content\/uploads\/2023\/07\/\u00a9Dolomiticomunicazione-6-1536x1024.jpg 1536w, https:\/\/www.radiopiu.net\/wordpress\/wp-content\/uploads\/2023\/07\/\u00a9Dolomiticomunicazione-6.jpg 2000w\" sizes=\"auto, (max-width: 300px) 100vw, 300px\" \/><\/a><strong>L&#8217;INTERVISTA ALLA RADIO A ENNIO SOCCAL, Presidente Comitato Alpago 2 Ruote &amp; Solidariet\u00e0<\/strong><\/p>\n<p>&nbsp;<\/p>\n<p><strong>DI MIRKO MEZZACASA<\/strong><\/p>\n<audio class=\"wp-audio-shortcode\" id=\"audio-345082-1\" preload=\"none\" style=\"width: 100%;\" controls=\"controls\"><source type=\"audio\/mpeg\" src=\"https:\/\/www.radiopiu.net\/wordpress\/wp-content\/uploads\/2023\/08\/ENNIO-SOCCAL.mp3?_=1\" \/><a href=\"https:\/\/www.radiopiu.net\/wordpress\/wp-content\/uploads\/2023\/08\/ENNIO-SOCCAL.mp3\">https:\/\/www.radiopiu.net\/wordpress\/wp-content\/uploads\/2023\/08\/ENNIO-SOCCAL.mp3<\/a><\/audio>\n<p style=\"font-weight: 400;\">\n<p>&nbsp;<\/p>\n<p style=\"font-weight: 400;\"><strong><img loading=\"lazy\" decoding=\"async\" class=\"alignleft\" src=\"https:\/\/www.radiopiu.net\/wordpress\/wp-content\/uploads\/2023\/07\/%C2%A9Dolomiticomunicazione-18.jpg\" width=\"386\" height=\"257\" \/>Alpago (Belluno), 18 agosto 2023 \u2013<\/strong>\u00a0Andr\u00e0 in scena domenica, 20 agosto, la\u00a0<a href=\"http:\/\/29.ma\/\">29.ma<\/a>\u00a0edizione del\u00a0<strong>Giro del Lago di Santa Croce<\/strong>, manifestazione multisport organizzata dal\u00a0<strong>Comitato Alpago 2 Ruote &amp; Solidariet\u00e0<\/strong>\u00a0con partenza e arrivo a\u00a0<strong>Puos d\u2019Alpago (Belluno)<\/strong>\u00a0e che prevede una prova di ciclismo sui 17.4 chilometri, una prova di podismo (sulla stessa distanza), una riservata alle handybike (sempre sulla medesima distanza), una sui roller (4.8 chilometri) e una pedonata (7 chilometri).\u00a0Questi\u00a0<strong>gli orari delle partenze<\/strong>: alle ore 9:30 per la versione Run, alle 9:50 per le Handbike, alle 10:00 per la Bike, alle 10:10 per la Pattinata e alle 10:20 per la Pedonata.Come consuetudine, non sono previste classifiche perch\u00e9 a vincere sar\u00e0 la solidariet\u00e0. La quota di iscrizione, di 8 euro, sar\u00e0 infatti cos\u00ec devoluta: 3,5 euro al Fondo di Gestione della Casa\u00a0<a href=\"https:\/\/viadinatale.org\/\"><strong>\u201cVia di Natale\u201d<\/strong><\/a>\u00a0di Aviano (nata per dare assistenza ai malati terminali oncologici dell\u2019 \u201cHospice Via di Natale\u201d e ospitalit\u00e0 gratuita ai familiari dei malati ricoverati al Cro di Aviano ed ai pazienti oncologici in terapia ambulatoriale presso lo stesso Istituto), 3,5 euro all\u2019<a href=\"https:\/\/www.associazionecucchini.it\/\"><strong>Associazione Cucchini<\/strong><\/a>\u00a0di Belluno (nata per fornire assistenza ai malati gravi e ai loro familiari a domicilio o presso l\u2019Hospice Casa Tua Due dell\u2019Ospedale San Martino di Belluno) e, novit\u00e0 del 2023, 1 euro al Progetto\u00a0<strong>Alpago Solidale<\/strong>\u00a0(nato per fornire sollievo e sostegno alle famiglie dell\u2019Alpago con familiari in casa che manifestano i primi segni di Alzheimer).Le\u00a0<strong>iscrizioni<\/strong>\u00a0sono possibili fino a sabato 19 agosto, dalle 10 alle 13 e dalle 16 alle 20 presso l\u2019ex edicola Fate e Folletti, fronte Banca Intesa Sanpaolo, in via Roma 15 a Puos d\u2019Alpago. Domenica 20 agosto dalle ore 8 e \ufb01no a 15 minuti prima dell\u2019inizio della rispettiva partenza (salvo diversa decisione degli organizzatori) davanti alla Casa della Giovent\u00f9 di Puos d\u2019Alpago.I partecipanti riceveranno la tradizionale maglietta che accompagna ogni edizione del Giro: quest\u2019anno\u00a0<strong>la maglietta \u00e8 stata disegnata dall\u2019artista vicentina Laura Fongaro<\/strong>. Sulla maglietta campeggia anche il logo della\u00a0<strong>Fondazione Vajont<\/strong>: nel 2023, infatti, ricorrono i 60 anni dal disastro che ha colpito Longarone e i territori limitrofi.<\/p>\n<p style=\"font-weight: 400;\">Per garantire al massimo la sicurezza dei partecipanti, ci sar\u00e0,\u00a0<strong>come da ordinanza della Prefettura di Belluno<\/strong>, la\u00a0<strong>chiusura della strada attorno al lago di Santa Croce<\/strong> (in particolare Statale 51 d\u2019Alemagna e Provinciali 422 dell\u2019Alpago e del Cansiglio e 423 del Lago di Santa Croce). La chiusura \u00e8 prevista per tre ore: dalle 9.30 alle 12.30. Il via libera al traffico verr\u00e0 comunque dato progressivamente, a cominciare da Sella Fadalto verso Farra d&#8217;Alpago, una volta passati tutti i concorrenti. Ove possibile, sono stati predisposti un servizio e una specifica segnaletica indicante i\u00a0<strong>percorsi alternativi<\/strong>. Il comitato organizzatore ha predisposto anche una serie di parcheggi tra le localit\u00e0 di Paludi, Bastia, Farra e Puos.\u00a0 <strong>Tutti i dettagli sono reperibili sul sito\u00a0<a href=\"http:\/\/www.2ruotalpago.it\/\">www.2ruotalpago.it<\/a><\/strong>.<\/p>\n<p>&nbsp;<\/p>\n<p>&nbsp;<\/p>\n<p>&#8212;<\/p>\n<p>&nbsp;<\/p>\n<p>&nbsp;<\/p>\n<p>&nbsp;<\/p>\n<blockquote>\n<h2>IL 20 AGOSTO IL GIRO DEL LAGO DI SANTA CROCE<\/h2>\n<\/blockquote>\n<p><strong>BELLUNO<\/strong> Presentata ufficialmente a Palazzo Piloni, sede dell\u2019Amministrazione provinciale, la <a href=\"http:\/\/29.ma\">29.ma<\/a> edizione del <strong>Giro del Lago di Santa Croce<\/strong>, manifestazione organizzata dal <strong>Comitato Alpago 2 Ruote &amp; Solidariet\u00e0<\/strong> che si svolger\u00e0 <strong>domenica 20 agosto<\/strong> con partenza e arrivo a Puos d\u2019Alpago (Belluno) e che prevede una prova di ciclismo sui 17.4 chilometri, una prova di podismo (sulla stessa distanza), una riservata alle handybike (sempre sulla medesima distanza), una sui roller (4.8 chilometri) e una pedonata (7 chilometri). Come tradizione, non sono previste classifiche perch\u00e9 a vincere sar\u00e0 la solidariet\u00e0. La quota di iscrizione, di 8 euro, sar\u00e0 infatti cos\u00ec devoluta: 3,5 \u20ac al Fondo di Gestione della Casa <strong><a href=\"https:\/\/viadinatale.org\/\">\u201cVia di Natale\u201d<\/a><\/strong> di Aviano (nata per dare assistenza ai malati terminali\u00a0oncologici dell\u2019 \u201cHospice Via di Natale\u201d e ospitalit\u00e0 gratuita ai familiari dei malati ricoverati al Cro di Aviano ed ai pazienti oncologici in terapia ambulatoriale presso lo stesso Istituto), 3.5 \u20ac all\u2019<strong><a href=\"https:\/\/www.associazionecucchini.it\/\">Associazione Cucchini<\/a><\/strong> di Belluno (nata per fornire assistenza ai malati <a class=\"dt-pswp-item\" href=\"https:\/\/www.radiopiu.net\/wordpress\/wp-content\/uploads\/2023\/07\/disegno-maglietta-giro-lago-2023.jpeg\" data-dt-img-description=\"\" data-large_image_width=\"1530\" data-large_image_height=\"2040\"><img loading=\"lazy\" decoding=\"async\" class=\"size-medium wp-image-345084 alignright\" src=\"https:\/\/www.radiopiu.net\/wordpress\/wp-content\/uploads\/2023\/07\/disegno-maglietta-giro-lago-2023-225x300.jpeg\" alt=\"\" width=\"225\" height=\"300\" srcset=\"https:\/\/www.radiopiu.net\/wordpress\/wp-content\/uploads\/2023\/07\/disegno-maglietta-giro-lago-2023-225x300.jpeg 225w, https:\/\/www.radiopiu.net\/wordpress\/wp-content\/uploads\/2023\/07\/disegno-maglietta-giro-lago-2023-768x1024.jpeg 768w, https:\/\/www.radiopiu.net\/wordpress\/wp-content\/uploads\/2023\/07\/disegno-maglietta-giro-lago-2023-1152x1536.jpeg 1152w, https:\/\/www.radiopiu.net\/wordpress\/wp-content\/uploads\/2023\/07\/disegno-maglietta-giro-lago-2023.jpeg 1530w\" sizes=\"auto, (max-width: 225px) 100vw, 225px\" \/><\/a>gravi e ai loro familiari a domicilio o presso l\u2019Hospice Casa Tua Due dell\u2019Ospedale San Martino di Belluno) e 1 \u20ac al Progetto Alpago Solidale (nato per fornire sollievo e sostegno alle famiglie dell\u2019Alpago con familiari in casa che manifestano i primi segni di Alzheimer).<\/p>\n<blockquote><p><em>\u00abAlla Via di Natale e all\u2019Associazione Cucchini quest\u2019anno abbiamo affiancato una associazione che supporta le famiglie dei malati di Alzheimer\u00bb ha sottolineato <strong>Ennio Soccal<\/strong>, presidente del Comitato Alpago 2 Ruote &amp; Solidariet\u00e0. \u00ab\u00c8 questa una piccola grande novit\u00e0 del 2023 con la quale vogliamo essere vicini a queste persone, dando loro un po\u2019 di sollievo\u00bb.<\/em><\/p><\/blockquote>\n<p><a class=\"dt-pswp-item\" href=\"https:\/\/www.radiopiu.net\/wordpress\/wp-content\/uploads\/2023\/07\/presentazione-20-luglio-2023.jpeg\" data-dt-img-description=\"\" data-large_image_width=\"1600\" data-large_image_height=\"1200\"><img loading=\"lazy\" decoding=\"async\" class=\" wp-image-345085 alignleft\" src=\"https:\/\/www.radiopiu.net\/wordpress\/wp-content\/uploads\/2023\/07\/presentazione-20-luglio-2023-300x225.jpeg\" alt=\"\" width=\"215\" height=\"161\" srcset=\"https:\/\/www.radiopiu.net\/wordpress\/wp-content\/uploads\/2023\/07\/presentazione-20-luglio-2023-300x225.jpeg 300w, https:\/\/www.radiopiu.net\/wordpress\/wp-content\/uploads\/2023\/07\/presentazione-20-luglio-2023-1024x768.jpeg 1024w, https:\/\/www.radiopiu.net\/wordpress\/wp-content\/uploads\/2023\/07\/presentazione-20-luglio-2023-768x576.jpeg 768w, https:\/\/www.radiopiu.net\/wordpress\/wp-content\/uploads\/2023\/07\/presentazione-20-luglio-2023-1536x1152.jpeg 1536w, https:\/\/www.radiopiu.net\/wordpress\/wp-content\/uploads\/2023\/07\/presentazione-20-luglio-2023.jpeg 1600w\" sizes=\"auto, (max-width: 215px) 100vw, 215px\" \/><\/a>Novit\u00e0 anche per quanto riguarda le iscrizioni, che saranno anticipate rispetto al passato. <strong>Sar\u00e0 possibile aderire alla manifestazione fin da sabato 22 luglio<\/strong> ai <strong>negozi Decathlon<\/strong> di <strong>Ponte nelle Alpi<\/strong> (Belluno), San Fior (Treviso), Treviso e <strong>Fiume Veneto<\/strong> (Pordenone) dove si potr\u00e0 ritirare il biglietto d\u2019iscrizione insieme alla tradizionale maglietta che accompagna ogni edizione del Giro del Lago: quest\u2019anno <strong>la maglietta \u00e8 stata disegnata dall\u2019artista vicentina Laura Fongaro<\/strong>. Sulla maglietta campegger\u00e0 anche il logo della <strong>Fondazione Vajont<\/strong>: nel 2023, infatti, ricorrono i 60 anni dal disastro che ha colpito Longarone e i territori limitrofi. Le iscrizioni saranno poi possibili a Puos d\u2019Alpago nei giorni immediatamente precedenti il Giro e nella mattinata dello svolgimento dello stesso. Per tutti i dettagli\u00a0sul\u00a0Giro\u00a0del\u00a0Lago\u00a0e sulle attivit\u00e0\u00a0del\u00a0Comitato Alpago 2 Ruote &amp; Solidariet\u00e0 si pu\u00f2 consultare il sito\u00a0<a href=\"http:\/\/www.2ruotealpago.it\/\">www.2ruotealpago.it<\/a>.<\/p>\n<p>&nbsp;<\/p>\n<hr \/>\n<p>&nbsp;<\/p>\n","protected":false},"excerpt":{"rendered":"<p>&nbsp; L&#8217;INTERVISTA ALLA RADIO A ENNIO SOCCAL, Presidente Comitato Alpago 2 Ruote &amp; Solidariet\u00e0 &nbsp; DI MIRKO MEZZACASA &nbsp; Alpago (Belluno), 18 agosto 2023 \u2013\u00a0Andr\u00e0 in scena domenica, 20 agosto, la\u00a029.ma\u00a0edizione del\u00a0Giro del Lago di Santa Croce, manifestazione multisport organizzata dal\u00a0Comitato Alpago 2 Ruote &amp; Solidariet\u00e0\u00a0con partenza e arrivo a\u00a0Puos d\u2019Alpago (Belluno)\u00a0e che prevede una&hellip;<\/p>\n","protected":false},"author":4,"featured_media":349062,"comment_status":"closed","ping_status":"closed","sticky":false,"template":"","format":"standard","meta":{"_monsterinsights_skip_tracking":false,"_monsterinsights_sitenote_active":false,"_monsterinsights_sitenote_note":"","_monsterinsights_sitenote_category":0,"footnotes":""},"categories":[104,49],"tags":[],"class_list":["post-345082","post","type-post","status-publish","format-standard","has-post-thumbnail","hentry","category-evidenza_3","category-news-18","category-104","category-49","description-off"],"img_url":"https:\/\/www.radiopiu.net\/wordpress\/wp-content\/uploads\/2023\/07\/\u00a9Dolomiticomunicazione-18.jpg","_links":{"self":[{"href":"https:\/\/www.radiopiu.net\/wordpress\/wp-json\/wp\/v2\/posts\/345082","targetHints":{"allow":["GET"]}}],"collection":[{"href":"https:\/\/www.radiopiu.net\/wordpress\/wp-json\/wp\/v2\/posts"}],"about":[{"href":"https:\/\/www.radiopiu.net\/wordpress\/wp-json\/wp\/v2\/types\/post"}],"author":[{"embeddable":true,"href":"https:\/\/www.radiopiu.net\/wordpress\/wp-json\/wp\/v2\/users\/4"}],"replies":[{"embeddable":true,"href":"https:\/\/www.radiopiu.net\/wordpress\/wp-json\/wp\/v2\/comments?post=345082"}],"version-history":[{"count":0,"href":"https:\/\/www.radiopiu.net\/wordpress\/wp-json\/wp\/v2\/posts\/345082\/revisions"}],"wp:featuredmedia":[{"embeddable":true,"href":"https:\/\/www.radiopiu.net\/wordpress\/wp-json\/wp\/v2\/media\/349062"}],"wp:attachment":[{"href":"https:\/\/www.radiopiu.net\/wordpress\/wp-json\/wp\/v2\/media?parent=345082"}],"wp:term":[{"taxonomy":"category","embeddable":true,"href":"https:\/\/www.radiopiu.net\/wordpress\/wp-json\/wp\/v2\/categories?post=345082"},{"taxonomy":"post_tag","embeddable":true,"href":"https:\/\/www.radiopiu.net\/wordpress\/wp-json\/wp\/v2\/tags?post=345082"}],"curies":[{"name":"wp","href":"https:\/\/api.w.org\/{rel}","templated":true}]}}