{"id":345136,"date":"2023-07-21T05:23:25","date_gmt":"2023-07-21T03:23:25","guid":{"rendered":"https:\/\/www.radiopiu.net\/wordpress\/?p=345136"},"modified":"2023-07-21T05:24:33","modified_gmt":"2023-07-21T03:24:33","slug":"addio-a-guido-zasio-figura-di","status":"publish","type":"post","link":"https:\/\/www.radiopiu.net\/wordpress\/addio-a-guido-zasio-figura-di\/","title":{"rendered":"Addio a Guido Zasio: figura di riferimento della Famiglia Feltrina e amante delle tradizioni locali."},"content":{"rendered":"<div class=\"absolute bottom-0 left-0 w-full border-t md:border-t-0 dark:border-white\/20 md:border-transparent md:dark:border-transparent md:bg-vert-light-gradient bg-white dark:bg-gray-800 md:!bg-transparent dark:md:bg-vert-dark-gradient pt-2 md:pl-2 md:w-[calc(100%-.5rem)]\">\n<form class=\"stretch mx-2 flex flex-row gap-3 last:mb-2 md:mx-4 md:last:mb-6 lg:mx-auto lg:max-w-2xl xl:max-w-3xl\">\n<div class=\"relative flex h-full flex-1 items-stretch md:flex-col\" role=\"presentation\">\n<div class=\"\">\n<div class=\"group w-full text-gray-800 dark:text-gray-100 border-b border-black\/10 dark:border-gray-900\/50 bg-gray-50 dark:bg-[#444654]\">\n<div class=\"flex p-4 gap-4 text-base md:gap-6 md:max-w-2xl lg:max-w-[38rem] xl:max-w-3xl md:py-6 lg:px-0 m-auto\">\n<div class=\"relative flex w-[calc(100%-50px)] flex-col gap-1 md:gap-3 lg:w-[calc(100%-115px)]\">\n<div class=\"flex flex-grow flex-col gap-3\">\n<div class=\"min-h-[20px] flex items-start overflow-x-auto whitespace-pre-wrap break-words flex-col gap-4\">\n<div class=\"markdown prose w-full break-words dark:prose-invert light\">\n<blockquote>\n<h3><\/h3>\n<\/blockquote>\n<\/div>\n<\/div>\n<\/div>\n<\/div>\n<\/div>\n<\/div>\n<\/div>\n<\/div>\n<\/form>\n<\/div>\n<p><strong><a class=\"dt-pswp-item\" href=\"https:\/\/www.radiopiu.net\/wordpress\/wp-content\/uploads\/2023\/07\/Senza-nome-53.png\" data-dt-img-description=\"\" data-large_image_width=\"223\" data-large_image_height=\"176\"><img loading=\"lazy\" decoding=\"async\" class=\" wp-image-345135 alignleft\" src=\"https:\/\/www.radiopiu.net\/wordpress\/wp-content\/uploads\/2023\/07\/Senza-nome-53.png\" alt=\"\" width=\"188\" height=\"148\" \/><\/a>FELTRE<\/strong> Guido Zasio, 86 anni, gi\u00e0 segretario e revisore dei conti della Famiglia Feltrina, \u00e8 deceduto. Era una figura di riferimento dell&#8217;associazione e un appassionato della sua citt\u00e0, del territorio e delle tradizioni. Amante della storia ecclesiale feltrina, era conosciuto per la sua gentilezza, equilibrio e intelligenza ironica. Era molto attivo nella parrocchia degli Angeli e condividiva l&#8217;attivismo nel movimento cattolico feltrino con l&#8217;amico Giovanni Perenzin. I funerali si terranno domani nella chiesa di Farra. Lascia i figli Alberto, Cristina e Marina. Eventuali offerte saranno devolute a Mano Amica.<\/p>\n<p>&nbsp;<\/p>\n<hr \/>\n<p>&nbsp;<\/p>\n","protected":false},"excerpt":{"rendered":"<p>FELTRE Guido Zasio, 86 anni, gi\u00e0 segretario e revisore dei conti della Famiglia Feltrina, \u00e8 deceduto. Era una figura di riferimento dell&#8217;associazione e un appassionato della sua citt\u00e0, del territorio e delle tradizioni. Amante della storia ecclesiale feltrina, era conosciuto per la sua gentilezza, equilibrio e intelligenza ironica. Era molto attivo nella parrocchia degli Angeli&hellip;<\/p>\n","protected":false},"author":4,"featured_media":345135,"comment_status":"closed","ping_status":"closed","sticky":false,"template":"","format":"standard","meta":{"_monsterinsights_skip_tracking":false,"_monsterinsights_sitenote_active":false,"_monsterinsights_sitenote_note":"","_monsterinsights_sitenote_category":0,"footnotes":""},"categories":[51,49],"tags":[],"class_list":["post-345136","post","type-post","status-publish","format-standard","has-post-thumbnail","hentry","category-evidenza-top","category-news-18","category-51","category-49","description-off"],"img_url":"https:\/\/www.radiopiu.net\/wordpress\/wp-content\/uploads\/2023\/07\/Senza-nome-53.png","_links":{"self":[{"href":"https:\/\/www.radiopiu.net\/wordpress\/wp-json\/wp\/v2\/posts\/345136","targetHints":{"allow":["GET"]}}],"collection":[{"href":"https:\/\/www.radiopiu.net\/wordpress\/wp-json\/wp\/v2\/posts"}],"about":[{"href":"https:\/\/www.radiopiu.net\/wordpress\/wp-json\/wp\/v2\/types\/post"}],"author":[{"embeddable":true,"href":"https:\/\/www.radiopiu.net\/wordpress\/wp-json\/wp\/v2\/users\/4"}],"replies":[{"embeddable":true,"href":"https:\/\/www.radiopiu.net\/wordpress\/wp-json\/wp\/v2\/comments?post=345136"}],"version-history":[{"count":0,"href":"https:\/\/www.radiopiu.net\/wordpress\/wp-json\/wp\/v2\/posts\/345136\/revisions"}],"wp:featuredmedia":[{"embeddable":true,"href":"https:\/\/www.radiopiu.net\/wordpress\/wp-json\/wp\/v2\/media\/345135"}],"wp:attachment":[{"href":"https:\/\/www.radiopiu.net\/wordpress\/wp-json\/wp\/v2\/media?parent=345136"}],"wp:term":[{"taxonomy":"category","embeddable":true,"href":"https:\/\/www.radiopiu.net\/wordpress\/wp-json\/wp\/v2\/categories?post=345136"},{"taxonomy":"post_tag","embeddable":true,"href":"https:\/\/www.radiopiu.net\/wordpress\/wp-json\/wp\/v2\/tags?post=345136"}],"curies":[{"name":"wp","href":"https:\/\/api.w.org\/{rel}","templated":true}]}}