{"id":345155,"date":"2023-07-22T05:45:49","date_gmt":"2023-07-22T03:45:49","guid":{"rendered":"https:\/\/www.radiopiu.net\/wordpress\/?p=345155"},"modified":"2023-07-22T06:43:46","modified_gmt":"2023-07-22T04:43:46","slug":"giornale-radiopiu-22-luglio-2023-direttore-mirko-mezzacasada-40-anni-25-giugno-1983-25-giugno-2023","status":"publish","type":"post","link":"https:\/\/www.radiopiu.net\/wordpress\/giornale-radiopiu-22-luglio-2023-direttore-mirko-mezzacasada-40-anni-25-giugno-1983-25-giugno-2023\/","title":{"rendered":"GIORNALE RADIOPIU 22 LUGLIO 2023 DIRETTORE MIRKO MEZZACASA\u2026DA 40 ANNI 25 GIUGNO 1983-25 GIUGNO 2023"},"content":{"rendered":"<h2 style=\"text-align: left;\"><span style=\"color: #ff0000;\"><span style=\"vertical-align: inherit;\"><a class=\"dt-pswp-item\" href=\"https:\/\/www.radiopiu.net\/wordpress\/wp-content\/uploads\/2023\/04\/e0aad41d-951e-47b9-9fae-1a879a9bcb7e-1.jpg\" data-dt-img-description=\"\" data-large_image_width=\"1200\" data-large_image_height=\"1200\"><img loading=\"lazy\" decoding=\"async\" class=\"wp-image-333205 alignleft\" src=\"https:\/\/www.radiopiu.net\/wordpress\/wp-content\/uploads\/2023\/04\/e0aad41d-951e-47b9-9fae-1a879a9bcb7e-1-300x300.jpg\" alt=\"\" width=\"110\" height=\"110\" srcset=\"https:\/\/www.radiopiu.net\/wordpress\/wp-content\/uploads\/2023\/04\/e0aad41d-951e-47b9-9fae-1a879a9bcb7e-1-300x300.jpg 300w, https:\/\/www.radiopiu.net\/wordpress\/wp-content\/uploads\/2023\/04\/e0aad41d-951e-47b9-9fae-1a879a9bcb7e-1-1024x1024.jpg 1024w, https:\/\/www.radiopiu.net\/wordpress\/wp-content\/uploads\/2023\/04\/e0aad41d-951e-47b9-9fae-1a879a9bcb7e-1-150x150.jpg 150w, https:\/\/www.radiopiu.net\/wordpress\/wp-content\/uploads\/2023\/04\/e0aad41d-951e-47b9-9fae-1a879a9bcb7e-1-768x768.jpg 768w, https:\/\/www.radiopiu.net\/wordpress\/wp-content\/uploads\/2023\/04\/e0aad41d-951e-47b9-9fae-1a879a9bcb7e-1.jpg 1200w\" sizes=\"auto, (max-width: 110px) 100vw, 110px\" \/><\/a><\/span><\/span><\/h2>\n<h1 class=\"entry-title\">40esimo di RADIOPIU\u2026. LA VOCE DELL\u2019EMOZIONE<\/h1>\n<h2><span style=\"color: #ff0000;\">ISCRIVITI AL NOSTRO CANALE\u00a0\u00a0YOUTUBE PER SEGUIRE IN DIRETTA I PRINCIPALI PROGRAMMI DI RADIO PIU\u2019 E LE FUTURE DIRETTE IN ESTERNA. PER ISCRIVERTI\u00a0<a style=\"color: #ff0000;\" href=\"https:\/\/youtube.com\/@radiopiu1527\">CLICCA QUI\u00a0<\/a>E PREMI\u00a0 \u201cIscriviti\u201d<\/span><\/h2>\n<p>&nbsp;<\/p>\n<p>&nbsp;<\/p>\n<hr \/>\n<p>&nbsp;<\/p>\n<blockquote>\n<h3><a class=\"dt-pswp-item\" href=\"https:\/\/www.radiopiu.net\/wordpress\/wp-content\/uploads\/2023\/07\/378f61d0-01d0-4eda-b7b6-77185c76ca82.jpg\" data-dt-img-description=\"\" data-large_image_width=\"679\" data-large_image_height=\"552\"><img loading=\"lazy\" decoding=\"async\" class=\" wp-image-345091 alignleft\" src=\"https:\/\/www.radiopiu.net\/wordpress\/wp-content\/uploads\/2023\/07\/378f61d0-01d0-4eda-b7b6-77185c76ca82-300x244.jpg\" alt=\"\" width=\"193\" height=\"157\" srcset=\"https:\/\/www.radiopiu.net\/wordpress\/wp-content\/uploads\/2023\/07\/378f61d0-01d0-4eda-b7b6-77185c76ca82-300x244.jpg 300w, https:\/\/www.radiopiu.net\/wordpress\/wp-content\/uploads\/2023\/07\/378f61d0-01d0-4eda-b7b6-77185c76ca82.jpg 679w\" sizes=\"auto, (max-width: 193px) 100vw, 193px\" \/><\/a>203 AGORDINA, CHIUSURE A FASCE ORARIE<\/h3>\n<\/blockquote>\n<p><strong>SEDICO<\/strong> Riprendono i lavori sulla SR 203 Agordina in localit\u00e0 La Pissa. Dal 24 luglio al 4 agosto, esclusi sabati e domeniche, la strada verr\u00e0 chiusa a fasce orarie: dalle 8 alle 9:35, dalle 9:50 alle 11:10, Dalle 11:25 alle 12:20 e dalle 14:25 alle 15:55.<\/p>\n<p>&nbsp;<\/p>\n<blockquote>\n<h3>LA DEVIAZIONE DI FORMEGAN<\/h3>\n<\/blockquote>\n<p><strong>SANTA GIUSTINA<\/strong>\u00a0 viabilit\u00e0 modificata per permettere i lavori al cavalcaferrovia di Formegan. Chi viaggia verso Feltre non pu\u00f2 pi\u00f9 percorrere il cavalcavia sulla statale 50, ma deve in modo obbligatorio effettuare il giro lungo via Nazionale attraversando la frazione di Formegan. Al contrario per una mese ancora chi procede per Belluno puo&#8217; utilizzare il sovrappasso ferroviario. Tra un mese interdizione totale del cavalcavia<\/p>\n<p>&nbsp;<\/p>\n<hr \/>\n<p>&nbsp;<\/p>\n<blockquote>\n<h3>ACQUA INQUINATA A SAN TOMASO. &#8220;PURA&#8221; A ROCCA PIETORE<\/h3>\n<\/blockquote>\n<p class=\"moz-text-html\" lang=\"x-unicode\"><strong><img loading=\"lazy\" decoding=\"async\" class=\"alignleft\" src=\"https:\/\/www.radiopiu.net\/wordpress\/wp-content\/uploads\/2018\/08\/ACQUA.jpeg\" width=\"138\" height=\"83\" \/>SAN TOMASO AGORDINO<\/strong> nelle localit\u00e0 RONCH E CANACEDE l&#8217;acqua erogata dall&#8217;acquedotto non \u00e8 potabile e pu\u00f2 essere usata per scopi alimentari SOLO PREVIA bollitura. GSP ha, comunque, gi\u00e0 adottato le necessarie misure per la disinfezione dell&#8217;acqua presente nei serbatoi e nella rete idrica con l&#8217;aggiunta di cloro.<\/p>\n<p lang=\"x-unicode\"><strong>ROCCA PIETORE<\/strong>\u00a0 nelle localit\u00e0 VAL, DAGAI, DAVARE, LE COSTE e RONCH l&#8217;acqua erogata dall&#8217;acquedotto \u00e8 di nuovo potabile e pu\u00f2 essere usata, quindi, per scopi alimentari.<\/p>\n<p>&nbsp;<\/p>\n<blockquote>\n<h3>LAVORI PROGRAMMATI BIM GSP<\/h3>\n<\/blockquote>\n<p><strong>GOSALDO<\/strong> Gestione Servizi Pubblici informa che, per lavori alla rete idrica comunale, luned\u00ec dalle 9:00 a FINE LAVORI, potrebbe mancare l&#8217;acqua a GOSALDO nelle localit\u00e0 DOMADORE, FAUSTIN, TITELE, LONGHI, SARESIN, CIET, MARCHET, LA COSTA, MASOCH, PETTE, NAGAREI, CALDRAS, NADAI, MELE, ZAVAT, CARRERA, BEZZOI, NORI, CODA, PIOLE, STUER. Il personale addetto operer\u00e0 per limitare il pi\u00f9 possibile i disagi alla popolazione.<\/p>\n<p>&nbsp;<\/p>\n<hr \/>\n<p>&nbsp;<\/p>\n<blockquote>\n<h3>UN ALTRO MALORE, IMMEDIATO MA PURTROPPO INUTILE L&#8217;INTERVENTO DI PERSONALE SANITARIO ED ELICOTTERO<\/h3>\n<\/blockquote>\n<p><a class=\"dt-pswp-item\" href=\"https:\/\/www.radiopiu.net\/wordpress\/wp-content\/uploads\/2023\/07\/IMG-20230721-WA0005.jpg\" data-dt-img-description=\"\" data-large_image_width=\"2048\" data-large_image_height=\"1536\"><img loading=\"lazy\" decoding=\"async\" class=\"size-medium wp-image-345240 alignleft\" src=\"https:\/\/www.radiopiu.net\/wordpress\/wp-content\/uploads\/2023\/07\/IMG-20230721-WA0005-300x225.jpg\" alt=\"\" width=\"300\" height=\"225\" srcset=\"https:\/\/www.radiopiu.net\/wordpress\/wp-content\/uploads\/2023\/07\/IMG-20230721-WA0005-300x225.jpg 300w, https:\/\/www.radiopiu.net\/wordpress\/wp-content\/uploads\/2023\/07\/IMG-20230721-WA0005-1024x768.jpg 1024w, https:\/\/www.radiopiu.net\/wordpress\/wp-content\/uploads\/2023\/07\/IMG-20230721-WA0005-768x576.jpg 768w, https:\/\/www.radiopiu.net\/wordpress\/wp-content\/uploads\/2023\/07\/IMG-20230721-WA0005-1536x1152.jpg 1536w, https:\/\/www.radiopiu.net\/wordpress\/wp-content\/uploads\/2023\/07\/IMG-20230721-WA0005.jpg 2048w\" sizes=\"auto, (max-width: 300px) 100vw, 300px\" \/><\/a><strong>CANALE D&#8217;AGORDO<\/strong> Attorno alle 14 di ieri il Soccorso alpino della Val Biois \u00e8 stato attivato per una persona colta da malore sopra l&#8217;abitato di Colmean. Uscito in cerca di funghi, Claudio Rampazzo 67 anni, di Venezia, atteso per l&#8217;ora di pranzo non si era presentato. Chiamato al cellulare dalla moglie, le aveva detto di sentirsi poco bene e lei aveva fatto scattare l&#8217;allarme. Messo in contatto telefonico con i soccorritori, l&#8217;uomo aveva descritto la strada bianca che aveva raggiunto e, intuito in luogo, una squadra \u00e8 partita con il fuoristrada, mentre decollava l&#8217;elicottero di base a Belluno e si muoveva in supporto anche l&#8217;ambulanza della Crove Verde Val Biois. Individuato e raggiunto in localit\u00e0 Caiada, i soccorritori hanno iniziato a prestargli le prime cure, ma, mentre sopraggiungeva l&#8217;equipe medica, le condizioni del 67enne si sono improvvisamente aggravate. Immediato l&#8217;intervento per tentare di rianimarlo. Purtroppo le manovre, portate avanti a lungo, non hanno avuto l&#8217;esito sperato. Constatato il decesso, la salma \u00e8 stata trasportata dall&#8217;eliambulanza in piazzola a Falcade, per essere affidata al carro funebre. Sul posto anche i Carabinieri.<\/p>\n<p>&nbsp;<\/p>\n<hr \/>\n<blockquote>\n<h3 lang=\"x-unicode\"><\/h3>\n<h3 lang=\"x-unicode\">ARRESTATO PER VIOLAZIONE DEGLI ARRESTI DOMICILIARI<\/h3>\n<\/blockquote>\n<p><strong><a class=\"dt-pswp-item\" href=\"https:\/\/www.radiopiu.net\/wordpress\/wp-content\/uploads\/2022\/05\/POLIZIA-1.jpg\" data-dt-img-description=\"\" data-large_image_width=\"1920\" data-large_image_height=\"1080\"><img loading=\"lazy\" decoding=\"async\" class=\" wp-image-278032 alignleft\" src=\"https:\/\/www.radiopiu.net\/wordpress\/wp-content\/uploads\/2022\/05\/POLIZIA-1-300x169.jpg\" alt=\"\" width=\"192\" height=\"108\" srcset=\"https:\/\/www.radiopiu.net\/wordpress\/wp-content\/uploads\/2022\/05\/POLIZIA-1-300x169.jpg 300w, https:\/\/www.radiopiu.net\/wordpress\/wp-content\/uploads\/2022\/05\/POLIZIA-1-1024x576.jpg 1024w, https:\/\/www.radiopiu.net\/wordpress\/wp-content\/uploads\/2022\/05\/POLIZIA-1-768x432.jpg 768w, https:\/\/www.radiopiu.net\/wordpress\/wp-content\/uploads\/2022\/05\/POLIZIA-1-1536x864.jpg 1536w, https:\/\/www.radiopiu.net\/wordpress\/wp-content\/uploads\/2022\/05\/POLIZIA-1.jpg 1920w\" sizes=\"auto, (max-width: 192px) 100vw, 192px\" \/><\/a>BELLUNO<\/strong> Mercoled\u00ec scorso, la Squadra Mobile di Belluno ha eseguito un&#8217;ordinanza cautelare contro un giovane marocchino di 27 anni, emessa dal Tribunale su richiesta della Procura. Il soggetto era gi\u00e0 agli arresti domiciliari per concorso in rapina. Durante l&#8217;indagine, sono emerse numerose violazioni della misura, inclusa un&#8217;evansione di oltre 24 ore, studiata in modo rocambolesco per evitare la sorveglianza. Il giovane si nascose all&#8217;interno dell&#8217;auto della compagna. Altre violazioni comprendono spaccio al dettaglio di hashish e contatti con soggetti non autorizzati nella sua abitazione. Il giudice ha deciso di sostituire gli arresti domiciliari con la custodia cautelare in carcere, e il giovane \u00e8 stato tradotto presso la Casa Circondariale di Baldenich.<\/p>\n<p>&nbsp;<\/p>\n<hr \/>\n<blockquote>\n<h3 lang=\"x-unicode\"><\/h3>\n<h3>SOCCORSO UN FUNGAIOLO SOTTO MALGA CIAUTA<\/h3>\n<\/blockquote>\n<p><strong>SAN VITO DI CADORE<\/strong> Ieri attorno alle 11 il Soccorso alpino di San Vito di Cadore \u00e8 intervenuto sotto la strada che conduce a Malga Ciauta, dove un cercatore di funghi era scivolato, sbattendo su un sasso e riportando la sospetta frattura di una gamba. Il 62enne di Este (PD), che si trovava assieme alla moglie salita ad attendere i soccorsi, \u00e8 stato raggiunto dalla squadra. I sei soccorritori hanno immobilizzato l&#8217;arto, per poi imbarellare l&#8217;infortunato \u00e8 trasportarlo in salita una ventina di metri. Affidato all&#8217;ambulanza della Croce Bianca, l&#8217;uomo \u00e8 stato trasportato all&#8217;ospedale per le cure del caso.<\/p>\n<p>&nbsp;<\/p>\n<hr \/>\n<p>&nbsp;<\/p>\n<blockquote>\n<h3>MORSO DALLA VIPERA NEI PRESSI DEL TISSI<\/h3>\n<\/blockquote>\n<p><strong><img loading=\"lazy\" decoding=\"async\" class=\"alignleft\" src=\"https:\/\/www.radiopiu.net\/wordpress\/wp-content\/uploads\/2020\/08\/rattlesnake-653642_960_720.jpg\" width=\"134\" height=\"89\" \/>ALLEGHE\u00a0<\/strong> Verso le 17.40 \u00e8 scattato l&#8217;allarme dal Rifugio Tissi, dove era arrivato un escursionista straniero, che diceva di essere stato morso alla mano da una vipera. Atterrato in piazzola, dall&#8217;elicottero del Suem sono sbarcati equipe medica e tecnico di elisoccorso che hanno valutato le condizioni del 23enne statunitense, morso di striscio dopo avere avvicinato all&#8217;ofide la mano, che si era nel frattempo gonfiata. Il ragazzo \u00e8 stato quindi caricato a bordo e trasportato all&#8217;ospedale di Belluno per le verifiche del caso<\/p>\n<p>&nbsp;<\/p>\n<hr \/>\n<p>&nbsp;<\/p>\n<blockquote>\n<h3>SCONTRO AL PASQUER, DUE DONNE ALL&#8217;OSPEDALE<\/h3>\n<\/blockquote>\n<p><a class=\"dt-pswp-item\" href=\"https:\/\/www.radiopiu.net\/wordpress\/wp-content\/uploads\/2023\/07\/Senza-nome-58.png\" data-dt-img-description=\"\" data-large_image_width=\"471\" data-large_image_height=\"243\"><img loading=\"lazy\" decoding=\"async\" class=\" wp-image-345313 alignleft\" src=\"https:\/\/www.radiopiu.net\/wordpress\/wp-content\/uploads\/2023\/07\/Senza-nome-58-300x155.png\" alt=\"\" width=\"246\" height=\"127\" srcset=\"https:\/\/www.radiopiu.net\/wordpress\/wp-content\/uploads\/2023\/07\/Senza-nome-58-300x155.png 300w, https:\/\/www.radiopiu.net\/wordpress\/wp-content\/uploads\/2023\/07\/Senza-nome-58.png 471w\" sizes=\"auto, (max-width: 246px) 100vw, 246px\" \/><\/a><strong>FELTRE<\/strong>\u00a0 Un camion di un&#8217;azienda che distribuisce bibite e una Fiat Doblo&#8217; con a bordo due donne sono entrati in collisione. Le due donne \u2013 una 36 enne residente a Feltre e una 73 enne di Cesiomaggiore \u2013 trasportate all&#8217;ospedale di Feltre in condizioni non gravi. L&#8217;incidente ieri mattina alle 10, sul posto la polizia locale di Feltre<\/p>\n<p>&nbsp;<\/p>\n<hr \/>\n<p>&nbsp;<\/p>\n<blockquote>\n<h3>DIRITTI DEI CAMPERISTI? PARCHEGGI SUL PASSO&#8230; A SBAFO!<\/h3>\n<\/blockquote>\n<p><strong>VAL DI ZOLDO<\/strong> Monta la protesta via social per il parcheggio selvaggio di auto e camper al passo Staulanza. I\u00a0 gestori dell&#8217;omonimo rifugio denunciano una situazione considerata \u00abinsostenibile\u00bb . I pochi parcheggi a ridosso del passo sono presi letteralmente d&#8217;assalto dai camper. Gli stessi gestori del rifugio Passo Staulanza hanno interessato il sindaco di Val di Zoldo, Camillo De Pellegrin, che a sua volta nelle prossime ore si interfaccer\u00e0 con i vertici della Provincia di Belluno, ente gestore di alcuni di quegli spazi (mentre i restanti sono invece di propriet\u00e0 regoliera).<\/p>\n<p><strong>\u00a0il messaggio dal rifugio<\/strong><\/p>\n<blockquote>\n<div dir=\"auto\"><em>Belle le Dolomiti\u2026 a sbafo! Ogni parcheggio libero ormai \u00e8 ridotto cos\u00ec. E i comuni chiedono la tassa di soggiorno a chi alloggia negli appartamenti e negli alberghi.Come si dice \u201cbecco e bastonato\u201d Una situazione che non pu\u00f2 reggere a lungo.<\/em><\/div>\n<p>&nbsp;<\/p><\/blockquote>\n<p>https:\/\/www.facebook.com\/rifugiostaulanza\/videos\/246988038268828<\/p>\n<p>&nbsp;<\/p>\n<hr \/>\n<p>&nbsp;<\/p>\n<blockquote>\n<h3>ADDIO A BEPI AMERICA<\/h3>\n<\/blockquote>\n<p><strong><a class=\"dt-pswp-item\" href=\"https:\/\/www.radiopiu.net\/wordpress\/wp-content\/uploads\/2023\/07\/Senza-nome-60.png\" data-dt-img-description=\"\" data-large_image_width=\"211\" data-large_image_height=\"166\"><img loading=\"lazy\" decoding=\"async\" class=\" wp-image-345318 alignleft\" src=\"https:\/\/www.radiopiu.net\/wordpress\/wp-content\/uploads\/2023\/07\/Senza-nome-60.png\" alt=\"\" width=\"146\" height=\"115\" \/><\/a>PONTE NELLE ALPI<\/strong> Addio a &#8220;Bepi America&#8221; ovvero Giuseppe Bortot, nato nel 1940, residente a Ponte nelle Alpi e deceduto ieri all&#8217;ospedale San Martino a Belluno a causa di una malattia. Prima di andare in pensione aveva lavorato per molti anni alla pescheria Poletto e poi per la ditta di costruzioni Luisetto.\u00a0 Tra le sue passioni e interessi la musica rock americana. Il sindaco Paolo Vendramini lo ricorda come \u00ab<em>una persona generosa con tutti, un grande lavoratore, conoscitore di funghi ed esperto di musica pop rock e di storia americana. <\/em>\u00a0A Bepi sar\u00e0 dedicato il\u00a0 concerto in programma venerd\u00ec<\/p>\n<p>&nbsp;<\/p>\n<p>&nbsp;<\/p>\n<hr \/>\n<p>&nbsp;<\/p>\n<blockquote>\n<h3>UN TRATTO DI STRADA IN MENO A LOZZO, EFFETTI DEL MALTEMPO<\/h3>\n<\/blockquote>\n<blockquote><p><em><span style=\"font-family: arial, sans-serif; font-size: large;\">Durante il controllo sulla strada di Pian dei Buoi \u00e8 stato attivato anche il Soccorso alpino, per recuperare una famiglia di cinque persone che era rimasta bloccata in quota a causa del maltempo. I tecnici della difesa del suolo hanno effettuato sopralluoghi anche in altre parti, dove si sono verificati temporali violenti negli ultimi giorni. In particolare in Val Longiarin (sempre a Lozzo) e in altre zone della provincia. Nei prossimi giorni potr\u00e0 essere stilata una lista completa.<\/span><\/em><\/p><\/blockquote>\n<p><strong>LOZZO DI CADORE\u00a0<\/strong> Una frana ha interessato la Strada del Genio (comunale),\u00a0 collega il centro di Lozzo all&#8217;altopiano di Pian dei Buoi in localit\u00e0 Sote Mizoi.\u00a0 L&#8217;accesso alla zona \u00e8 interrotto, creando disagi per i turisti e i residenti che contavano di utilizzare tale strada durante il resto dell&#8217;estate. La strada interseca una colata detritica storica del Rio Boa. In occasione di temporali violenti il\u00a0 corso d&#8217;acqua si riempie e scarica materiale. Da Radio Cortina Nives Milani:<em> &#8220;Lass\u00f9 c&#8217;era una famiglia con due bambini che avevano affittato una baita. Sono intervenuti i ragazzi del soccorso alpino per portarli a Valle&#8221;<\/em><\/p>\n<p>Il vicesindaco Mattia Bortot ha riferito che anche la Val Longiarin \u00e8 stata colpita dal maltempo in particolare la strada verso la localit\u00e0 Vialona, in passato gi\u00e0 coinvolta in smottamenti.<\/p>\n<p>foto radio cortina<\/p>\n\n\t\t\t<style type='text\/css'>\n\t\t\t\t#gallery-1 {\n\t\t\t\t\tmargin: auto;\n\t\t\t\t}\n\t\t\t\t#gallery-1 .gallery-item {\n\t\t\t\t\tfloat: left;\n\t\t\t\t\tmargin-top: 10px;\n\t\t\t\t\ttext-align: center;\n\t\t\t\t\twidth: 25%;\n\t\t\t\t}\n\t\t\t\t#gallery-1 img {\n\t\t\t\t\tborder: 2px solid #cfcfcf;\n\t\t\t\t}\n\t\t\t\t#gallery-1 .gallery-caption {\n\t\t\t\t\tmargin-left: 0;\n\t\t\t\t}\n\t\t\t\t\/* see gallery_shortcode() in wp-includes\/media.php *\/\n\t\t\t<\/style>\n\t\t<div id='gallery-1' class='dt-gallery-container gallery galleryid-345155 gallery-columns-4 gallery-size-thumbnail'><dl class='gallery-item'>\n\t\t\t\t<dt class='gallery-icon portrait'>\n\t\t\t\t\t<a class=\"rollover rollover-zoom dt-pswp-item\" title=\"a69480ad-6ea0-42f9-a51d-711c700d4e28\" data-dt-img-description=\"\" data-large_image_width=\"768\" data-large_image_height=\"1024\"href='https:\/\/www.radiopiu.net\/wordpress\/wp-content\/uploads\/2023\/07\/a69480ad-6ea0-42f9-a51d-711c700d4e28.jpg'><img loading=\"lazy\" decoding=\"async\" width=\"150\" height=\"150\" src=\"https:\/\/www.radiopiu.net\/wordpress\/wp-content\/uploads\/2023\/07\/a69480ad-6ea0-42f9-a51d-711c700d4e28-150x150.jpg\" class=\"attachment-thumbnail size-thumbnail\" alt=\"\" \/><\/a>\n\t\t\t\t<\/dt><\/dl><dl class='gallery-item'>\n\t\t\t\t<dt class='gallery-icon portrait'>\n\t\t\t\t\t<a class=\"rollover rollover-zoom dt-pswp-item\" title=\"f2851195-e894-4567-8f87-57a1215e6d21\" data-dt-img-description=\"\" data-large_image_width=\"768\" data-large_image_height=\"1024\"href='https:\/\/www.radiopiu.net\/wordpress\/wp-content\/uploads\/2023\/07\/f2851195-e894-4567-8f87-57a1215e6d21.jpg'><img loading=\"lazy\" decoding=\"async\" width=\"150\" height=\"150\" src=\"https:\/\/www.radiopiu.net\/wordpress\/wp-content\/uploads\/2023\/07\/f2851195-e894-4567-8f87-57a1215e6d21-150x150.jpg\" class=\"attachment-thumbnail size-thumbnail\" alt=\"\" \/><\/a>\n\t\t\t\t<\/dt><\/dl><dl class='gallery-item'>\n\t\t\t\t<dt class='gallery-icon portrait'>\n\t\t\t\t\t<a class=\"rollover rollover-zoom dt-pswp-item\" title=\"9a3459c9-66fc-4509-8293-2515168c4c93\" data-dt-img-description=\"\" data-large_image_width=\"768\" data-large_image_height=\"1024\"href='https:\/\/www.radiopiu.net\/wordpress\/wp-content\/uploads\/2023\/07\/9a3459c9-66fc-4509-8293-2515168c4c93.jpg'><img loading=\"lazy\" decoding=\"async\" width=\"150\" height=\"150\" src=\"https:\/\/www.radiopiu.net\/wordpress\/wp-content\/uploads\/2023\/07\/9a3459c9-66fc-4509-8293-2515168c4c93-150x150.jpg\" class=\"attachment-thumbnail size-thumbnail\" alt=\"\" \/><\/a>\n\t\t\t\t<\/dt><\/dl><dl class='gallery-item'>\n\t\t\t\t<dt class='gallery-icon portrait'>\n\t\t\t\t\t<a class=\"rollover rollover-zoom dt-pswp-item\" title=\"de4c3722-1426-46ac-b7f2-4c5ff4fe9ec7\" data-dt-img-description=\"\" data-large_image_width=\"768\" data-large_image_height=\"1024\"href='https:\/\/www.radiopiu.net\/wordpress\/wp-content\/uploads\/2023\/07\/de4c3722-1426-46ac-b7f2-4c5ff4fe9ec7.jpg'><img loading=\"lazy\" decoding=\"async\" width=\"150\" height=\"150\" src=\"https:\/\/www.radiopiu.net\/wordpress\/wp-content\/uploads\/2023\/07\/de4c3722-1426-46ac-b7f2-4c5ff4fe9ec7-150x150.jpg\" class=\"attachment-thumbnail size-thumbnail\" alt=\"\" \/><\/a>\n\t\t\t\t<\/dt><\/dl><br style=\"clear: both\" \/>\n\t\t\t<\/div>\n\n<div style=\"width: 848px;\" class=\"wp-video\"><video class=\"wp-video-shortcode\" id=\"video-345155-1\" width=\"848\" height=\"480\" preload=\"metadata\" controls=\"controls\"><source type=\"video\/mp4\" src=\"https:\/\/www.radiopiu.net\/wordpress\/wp-content\/uploads\/2023\/07\/WhatsApp-Video-2023-07-21-at-16.18.12.mp4?_=1\" \/><a href=\"https:\/\/www.radiopiu.net\/wordpress\/wp-content\/uploads\/2023\/07\/WhatsApp-Video-2023-07-21-at-16.18.12.mp4\">https:\/\/www.radiopiu.net\/wordpress\/wp-content\/uploads\/2023\/07\/WhatsApp-Video-2023-07-21-at-16.18.12.mp4<\/a><\/video><\/div>\n<p><iframe loading=\"lazy\" title=\"WhatsApp Video 2023 07 21 at 15 53 44\" width=\"1200\" height=\"675\" src=\"https:\/\/www.youtube.com\/embed\/2KgUod1Ddq8?feature=oembed\" frameborder=\"0\" allow=\"accelerometer; autoplay; clipboard-write; encrypted-media; gyroscope; picture-in-picture; web-share\" allowfullscreen><\/iframe><\/p>\n<p>&nbsp;<\/p>\n<p><span style=\"font-family: arial, sans-serif; font-size: large;\"><a class=\"dt-pswp-item\" href=\"https:\/\/www.radiopiu.net\/wordpress\/wp-content\/uploads\/2023\/07\/PHOTO-2023-07-21-16-04-48-2.jpg\" data-dt-img-description=\"\" data-large_image_width=\"901\" data-large_image_height=\"1600\"><img loading=\"lazy\" decoding=\"async\" class=\"size-medium wp-image-345273 alignleft\" src=\"https:\/\/www.radiopiu.net\/wordpress\/wp-content\/uploads\/2023\/07\/PHOTO-2023-07-21-16-04-48-2-169x300.jpg\" alt=\"\" width=\"169\" height=\"300\" srcset=\"https:\/\/www.radiopiu.net\/wordpress\/wp-content\/uploads\/2023\/07\/PHOTO-2023-07-21-16-04-48-2-169x300.jpg 169w, https:\/\/www.radiopiu.net\/wordpress\/wp-content\/uploads\/2023\/07\/PHOTO-2023-07-21-16-04-48-2-577x1024.jpg 577w, https:\/\/www.radiopiu.net\/wordpress\/wp-content\/uploads\/2023\/07\/PHOTO-2023-07-21-16-04-48-2-768x1364.jpg 768w, https:\/\/www.radiopiu.net\/wordpress\/wp-content\/uploads\/2023\/07\/PHOTO-2023-07-21-16-04-48-2-865x1536.jpg 865w, https:\/\/www.radiopiu.net\/wordpress\/wp-content\/uploads\/2023\/07\/PHOTO-2023-07-21-16-04-48-2.jpg 901w\" sizes=\"auto, (max-width: 169px) 100vw, 169px\" \/><\/a>La Provincia di Belluno ha attivato una somma urgenza per il ripristino della strad<\/span><\/p>\n<p><span style=\"font-family: arial, sans-serif; font-size: large;\">Le piogge di gioved\u00ec sera (20 luglio) hanno provocato una nuova colata detritica. I tecnici della Provincia hanno valutato l\u2019attivazione di una somma urgenza: nei prossimi giorni il materiale verr\u00e0 rimosso e la strada torner\u00e0 a essere percorribile.<span class=\"gmail-Apple-converted-space\">\u00a0<\/span><\/span><\/p>\n<p><em><span style=\"font-family: arial, sans-serif; font-size: large;\">\u00abPurtroppo gli eventi meteo continuano a rivelare la fragilit\u00e0 del territorio &#8211; commenta il consigliere provinciale delegato alla difesa del suolo, Mattia Gosetti -. Cerchiamo di intervenire con sollecitudine grazie alla presenza dei nostri uffici. Oltre all\u2019attivazione della somma urgenza, abbiamo dato subito supporto al sindaco di Lozzo anche per la richiesta dello stato di crisi\u00bb.<\/span><\/em><\/p>\n<p>&nbsp;<\/p>\n<hr \/>\n<p>&nbsp;<\/p>\n<blockquote>\n<h3>NUOVA ONDATA DI MALTEMPO, INTERVENTI IN TUTTA LA REGIONE DEI VIGILI DEL FUOCO PER LA RIMOZIONE DI PIANTE<\/h3>\n<blockquote>\n<h3><strong style=\"font-size: 14px;\">FELTRE\u00a0<\/strong><span style=\"font-size: 14px; font-weight: normal;\"> \u00a0Un quarto d&#8217;ora di pioggia\u00a0 e vento all&#8217;ora di pranzo. Piante ribaltate fioriere in volo cos\u00ec come gli ombrelloni e le\u00a0 sedie<\/span><\/h3>\n<h3><strong style=\"font-size: 14px;\"><a class=\"dt-pswp-item\" href=\"https:\/\/www.radiopiu.net\/wordpress\/wp-content\/uploads\/2023\/07\/Senza-nome-61.png\" data-dt-img-description=\"\" data-large_image_width=\"456\" data-large_image_height=\"254\"><img loading=\"lazy\" decoding=\"async\" class=\"size-medium wp-image-345319 alignleft\" src=\"https:\/\/www.radiopiu.net\/wordpress\/wp-content\/uploads\/2023\/07\/Senza-nome-61-300x167.png\" alt=\"\" width=\"300\" height=\"167\" srcset=\"https:\/\/www.radiopiu.net\/wordpress\/wp-content\/uploads\/2023\/07\/Senza-nome-61-300x167.png 300w, https:\/\/www.radiopiu.net\/wordpress\/wp-content\/uploads\/2023\/07\/Senza-nome-61.png 456w\" sizes=\"auto, (max-width: 300px) 100vw, 300px\" \/><\/a><\/strong><\/h3>\n<h3><span style=\"font-size: 14px; font-weight: normal;\">dei plateatici. Trentasette gli interventi effettuati dai vigili del fuoco. Non si registrano danni a persone o cose, fatta eccezione per un&#8217;auto che \u00e8 stata colpita sul baule dal ramo di un albero nella zona di Lentiai.\u00a0 Fortunatamente l&#8217;auto non aveva occupanti all&#8217;interno nel momento in cui \u00e8 stata colpita.\u00a0<\/span><\/h3>\n<\/blockquote>\n<\/blockquote>\n<p><strong>REDAZIONE<\/strong> Oggi una\u00a0 nuova perturbazione temporalesca ha interessato tutte le province del Veneto, causando principalmente la caduta di ulteriore piante, un centinaio le chiamate arrivate alle sale operative del 115 dei vigili del fuoco. Le segnalazioni principalmente per segnalare la caduta di alberi, che in diversi casi hanno invaso le strade bloccandone la circolazione. Interventi dei vigili del fuoco per liberare strade da rami e piante lungo la Sp 27 a Feltre, lungo la SP128 Strada della Fratellanza ad Asiago, lungo la strada del Grappa a Romano d\u2019Ezzelino. Questi i numeri delle nuove richieste d\u2019interventi arrivate alle sale operative dei vigili del fuoco dalle ore 12:30 circa: 20 a Venezia, 16 a Padova, 15 a Verona,15 a Treviso, 13 a Belluno, 10 a Vicenza, 6 a Rovigo. Dalle ore 13 alle 16 la SR 11, \u00e8 rimasta chiusa per la rimozione di un albero secolare dal naviglio del Brenta, che cadendo aveva invaso anche la sede stradale. Oggi pomeriggio la rimozione del grosso tronco ancora nel naviglio con l\u2019impiego dell\u2019autogr\u00f9 e dei sommozzatori dei vigili del fuoco per imbragare in acqua la pianta la cui et\u00e0 \u00e8 stata stimata in 200 anni. L\u2019intervento in collaborazione con veneto strade e la polizia locale. Ancora un centinaio gli interventi da evadere in tutta la regione per i danni dal maltempo.<\/p>\n\n\t\t\t<style type='text\/css'>\n\t\t\t\t#gallery-2 {\n\t\t\t\t\tmargin: auto;\n\t\t\t\t}\n\t\t\t\t#gallery-2 .gallery-item {\n\t\t\t\t\tfloat: left;\n\t\t\t\t\tmargin-top: 10px;\n\t\t\t\t\ttext-align: center;\n\t\t\t\t\twidth: 16%;\n\t\t\t\t}\n\t\t\t\t#gallery-2 img {\n\t\t\t\t\tborder: 2px solid #cfcfcf;\n\t\t\t\t}\n\t\t\t\t#gallery-2 .gallery-caption {\n\t\t\t\t\tmargin-left: 0;\n\t\t\t\t}\n\t\t\t\t\/* see gallery_shortcode() in wp-includes\/media.php *\/\n\t\t\t<\/style>\n\t\t<div id='gallery-2' class='dt-gallery-container gallery galleryid-345155 gallery-columns-6 gallery-size-thumbnail'><dl class='gallery-item'>\n\t\t\t\t<dt class='gallery-icon landscape'>\n\t\t\t\t\t<a class=\"rollover rollover-zoom dt-pswp-item\" title=\"acb1a5fe-8e82-4a64-a8bb-50a4fbaa6aff\" data-dt-img-description=\"\" data-large_image_width=\"1225\" data-large_image_height=\"721\"href='https:\/\/www.radiopiu.net\/wordpress\/wp-content\/uploads\/2023\/07\/acb1a5fe-8e82-4a64-a8bb-50a4fbaa6aff.jpg'><img loading=\"lazy\" decoding=\"async\" width=\"150\" height=\"150\" src=\"https:\/\/www.radiopiu.net\/wordpress\/wp-content\/uploads\/2023\/07\/acb1a5fe-8e82-4a64-a8bb-50a4fbaa6aff-150x150.jpg\" class=\"attachment-thumbnail size-thumbnail\" alt=\"\" \/><\/a>\n\t\t\t\t<\/dt><\/dl><dl class='gallery-item'>\n\t\t\t\t<dt class='gallery-icon landscape'>\n\t\t\t\t\t<a class=\"rollover rollover-zoom dt-pswp-item\" title=\"cda32d28-eeb3-4d45-918f-b1f46fa39b99\" data-dt-img-description=\"\" data-large_image_width=\"1171\" data-large_image_height=\"721\"href='https:\/\/www.radiopiu.net\/wordpress\/wp-content\/uploads\/2023\/07\/cda32d28-eeb3-4d45-918f-b1f46fa39b99.jpg'><img loading=\"lazy\" decoding=\"async\" width=\"150\" height=\"150\" src=\"https:\/\/www.radiopiu.net\/wordpress\/wp-content\/uploads\/2023\/07\/cda32d28-eeb3-4d45-918f-b1f46fa39b99-150x150.jpg\" class=\"attachment-thumbnail size-thumbnail\" alt=\"\" \/><\/a>\n\t\t\t\t<\/dt><\/dl><dl class='gallery-item'>\n\t\t\t\t<dt class='gallery-icon landscape'>\n\t\t\t\t\t<a class=\"rollover rollover-zoom dt-pswp-item\" title=\"d22f2bcd-7187-4aa5-8f9d-8d1b463106fb\" data-dt-img-description=\"\" data-large_image_width=\"1444\" data-large_image_height=\"721\"href='https:\/\/www.radiopiu.net\/wordpress\/wp-content\/uploads\/2023\/07\/d22f2bcd-7187-4aa5-8f9d-8d1b463106fb.jpg'><img loading=\"lazy\" decoding=\"async\" width=\"150\" height=\"150\" src=\"https:\/\/www.radiopiu.net\/wordpress\/wp-content\/uploads\/2023\/07\/d22f2bcd-7187-4aa5-8f9d-8d1b463106fb-150x150.jpg\" class=\"attachment-thumbnail size-thumbnail\" alt=\"\" \/><\/a>\n\t\t\t\t<\/dt><\/dl><dl class='gallery-item'>\n\t\t\t\t<dt class='gallery-icon landscape'>\n\t\t\t\t\t<a class=\"rollover rollover-zoom dt-pswp-item\" title=\"e2ee8d2d-ed65-4b29-9633-40b8e718c84d\" data-dt-img-description=\"\" data-large_image_width=\"1280\" data-large_image_height=\"960\"href='https:\/\/www.radiopiu.net\/wordpress\/wp-content\/uploads\/2023\/07\/e2ee8d2d-ed65-4b29-9633-40b8e718c84d.jpg'><img loading=\"lazy\" decoding=\"async\" width=\"150\" height=\"150\" src=\"https:\/\/www.radiopiu.net\/wordpress\/wp-content\/uploads\/2023\/07\/e2ee8d2d-ed65-4b29-9633-40b8e718c84d-150x150.jpg\" class=\"attachment-thumbnail size-thumbnail\" alt=\"\" \/><\/a>\n\t\t\t\t<\/dt><\/dl><dl class='gallery-item'>\n\t\t\t\t<dt class='gallery-icon landscape'>\n\t\t\t\t\t<a class=\"rollover rollover-zoom dt-pswp-item\" title=\"f3c44ca3-4fd0-47ab-a80c-f187c6be1bb3\" data-dt-img-description=\"\" data-large_image_width=\"1280\" data-large_image_height=\"960\"href='https:\/\/www.radiopiu.net\/wordpress\/wp-content\/uploads\/2023\/07\/f3c44ca3-4fd0-47ab-a80c-f187c6be1bb3.jpg'><img loading=\"lazy\" decoding=\"async\" width=\"150\" height=\"150\" src=\"https:\/\/www.radiopiu.net\/wordpress\/wp-content\/uploads\/2023\/07\/f3c44ca3-4fd0-47ab-a80c-f187c6be1bb3-150x150.jpg\" class=\"attachment-thumbnail size-thumbnail\" alt=\"\" \/><\/a>\n\t\t\t\t<\/dt><\/dl><dl class='gallery-item'>\n\t\t\t\t<dt class='gallery-icon landscape'>\n\t\t\t\t\t<a class=\"rollover rollover-zoom dt-pswp-item\" title=\"3b5fa6f0-7a83-48c3-a09c-633b503c3d78\" data-dt-img-description=\"\" data-large_image_width=\"1600\" data-large_image_height=\"1200\"href='https:\/\/www.radiopiu.net\/wordpress\/wp-content\/uploads\/2023\/07\/3b5fa6f0-7a83-48c3-a09c-633b503c3d78.jpg'><img loading=\"lazy\" decoding=\"async\" width=\"150\" height=\"150\" src=\"https:\/\/www.radiopiu.net\/wordpress\/wp-content\/uploads\/2023\/07\/3b5fa6f0-7a83-48c3-a09c-633b503c3d78-150x150.jpg\" class=\"attachment-thumbnail size-thumbnail\" alt=\"\" \/><\/a>\n\t\t\t\t<\/dt><\/dl><br style=\"clear: both\" \/><dl class='gallery-item'>\n\t\t\t\t<dt class='gallery-icon landscape'>\n\t\t\t\t\t<a class=\"rollover rollover-zoom dt-pswp-item\" title=\"7ffa53f0-fba2-4139-a0ee-51b36d41262e\" data-dt-img-description=\"\" data-large_image_width=\"1280\" data-large_image_height=\"960\"href='https:\/\/www.radiopiu.net\/wordpress\/wp-content\/uploads\/2023\/07\/7ffa53f0-fba2-4139-a0ee-51b36d41262e.jpg'><img loading=\"lazy\" decoding=\"async\" width=\"150\" height=\"150\" src=\"https:\/\/www.radiopiu.net\/wordpress\/wp-content\/uploads\/2023\/07\/7ffa53f0-fba2-4139-a0ee-51b36d41262e-150x150.jpg\" class=\"attachment-thumbnail size-thumbnail\" alt=\"\" \/><\/a>\n\t\t\t\t<\/dt><\/dl><dl class='gallery-item'>\n\t\t\t\t<dt class='gallery-icon landscape'>\n\t\t\t\t\t<a class=\"rollover rollover-zoom dt-pswp-item\" title=\"024e7b54-a42d-4b6f-8989-a83cb3f77185\" data-dt-img-description=\"\" data-large_image_width=\"1279\" data-large_image_height=\"721\"href='https:\/\/www.radiopiu.net\/wordpress\/wp-content\/uploads\/2023\/07\/024e7b54-a42d-4b6f-8989-a83cb3f77185.jpg'><img loading=\"lazy\" decoding=\"async\" width=\"150\" height=\"150\" src=\"https:\/\/www.radiopiu.net\/wordpress\/wp-content\/uploads\/2023\/07\/024e7b54-a42d-4b6f-8989-a83cb3f77185-150x150.jpg\" class=\"attachment-thumbnail size-thumbnail\" alt=\"\" \/><\/a>\n\t\t\t\t<\/dt><\/dl><dl class='gallery-item'>\n\t\t\t\t<dt class='gallery-icon portrait'>\n\t\t\t\t\t<a class=\"rollover rollover-zoom dt-pswp-item\" title=\"48ba4a1e-ff7a-4d52-8c6e-5347d11d75e5\" data-dt-img-description=\"\" data-large_image_width=\"721\" data-large_image_height=\"1162\"href='https:\/\/www.radiopiu.net\/wordpress\/wp-content\/uploads\/2023\/07\/48ba4a1e-ff7a-4d52-8c6e-5347d11d75e5.jpg'><img loading=\"lazy\" decoding=\"async\" width=\"150\" height=\"150\" src=\"https:\/\/www.radiopiu.net\/wordpress\/wp-content\/uploads\/2023\/07\/48ba4a1e-ff7a-4d52-8c6e-5347d11d75e5-150x150.jpg\" class=\"attachment-thumbnail size-thumbnail\" alt=\"\" \/><\/a>\n\t\t\t\t<\/dt><\/dl><dl class='gallery-item'>\n\t\t\t\t<dt class='gallery-icon landscape'>\n\t\t\t\t\t<a class=\"rollover rollover-zoom dt-pswp-item\" title=\"85d37ea9-11a6-406d-bbc9-db31ff4d82d4\" data-dt-img-description=\"\" data-large_image_width=\"1280\" data-large_image_height=\"960\"href='https:\/\/www.radiopiu.net\/wordpress\/wp-content\/uploads\/2023\/07\/85d37ea9-11a6-406d-bbc9-db31ff4d82d4.jpg'><img loading=\"lazy\" decoding=\"async\" width=\"150\" height=\"150\" src=\"https:\/\/www.radiopiu.net\/wordpress\/wp-content\/uploads\/2023\/07\/85d37ea9-11a6-406d-bbc9-db31ff4d82d4-150x150.jpg\" class=\"attachment-thumbnail size-thumbnail\" alt=\"\" \/><\/a>\n\t\t\t\t<\/dt><\/dl><dl class='gallery-item'>\n\t\t\t\t<dt class='gallery-icon landscape'>\n\t\t\t\t\t<a class=\"rollover rollover-zoom dt-pswp-item\" title=\"88ef596e-fa62-47af-96f5-94cf5423b9b2\" data-dt-img-description=\"\" data-large_image_width=\"1330\" data-large_image_height=\"721\"href='https:\/\/www.radiopiu.net\/wordpress\/wp-content\/uploads\/2023\/07\/88ef596e-fa62-47af-96f5-94cf5423b9b2.jpg'><img loading=\"lazy\" decoding=\"async\" width=\"150\" height=\"150\" src=\"https:\/\/www.radiopiu.net\/wordpress\/wp-content\/uploads\/2023\/07\/88ef596e-fa62-47af-96f5-94cf5423b9b2-150x150.jpg\" class=\"attachment-thumbnail size-thumbnail\" alt=\"\" \/><\/a>\n\t\t\t\t<\/dt><\/dl><dl class='gallery-item'>\n\t\t\t\t<dt class='gallery-icon landscape'>\n\t\t\t\t\t<a class=\"rollover rollover-zoom dt-pswp-item\" title=\"5740eff0-5579-4c2c-a4cc-05008f74f499\" data-dt-img-description=\"\" data-large_image_width=\"1600\" data-large_image_height=\"1106\"href='https:\/\/www.radiopiu.net\/wordpress\/wp-content\/uploads\/2023\/07\/5740eff0-5579-4c2c-a4cc-05008f74f499.jpg'><img loading=\"lazy\" decoding=\"async\" width=\"150\" height=\"150\" src=\"https:\/\/www.radiopiu.net\/wordpress\/wp-content\/uploads\/2023\/07\/5740eff0-5579-4c2c-a4cc-05008f74f499-150x150.jpg\" class=\"attachment-thumbnail size-thumbnail\" alt=\"\" \/><\/a>\n\t\t\t\t<\/dt><\/dl><br style=\"clear: both\" \/>\n\t\t\t<\/div>\n\n<p>&nbsp;<\/p>\n<p>&nbsp;<\/p>\n<hr \/>\n<p>&nbsp;<\/p>\n<blockquote>\n<h3>ALLEGHE: LOCAZIONI TURISTICHE FANTASMA, IL COMUNE SANZIONA<\/h3>\n<\/blockquote>\n<p><strong>DI GIANNI SANTOMASO<\/strong><\/p>\n<audio class=\"wp-audio-shortcode\" id=\"audio-345155-1\" preload=\"none\" style=\"width: 100%;\" controls=\"controls\"><source type=\"audio\/mpeg\" src=\"https:\/\/www.radiopiu.net\/wordpress\/wp-content\/uploads\/2023\/07\/ALLEGHE-DE-TONI-GIANNI.mp3?_=1\" \/><a href=\"https:\/\/www.radiopiu.net\/wordpress\/wp-content\/uploads\/2023\/07\/ALLEGHE-DE-TONI-GIANNI.mp3\">https:\/\/www.radiopiu.net\/wordpress\/wp-content\/uploads\/2023\/07\/ALLEGHE-DE-TONI-GIANNI.mp3<\/a><\/audio>\n<p>&nbsp;<\/p>\n<p><strong><img loading=\"lazy\" decoding=\"async\" class=\"alignleft\" src=\"https:\/\/www.radiopiu.net\/wordpress\/wp-content\/uploads\/2022\/12\/alleghe-estate.jpg\" width=\"195\" height=\"130\" \/>ALLEGHE<\/strong> Il sindaco e consigliere provinciale di Alleghe, Danilo De Toni, ha ordinato una serie di controlli sulle locazioni turistiche nell&#8217;area, rivelando tre casi di affitti privati non conformi alla normativa. Alcuni appartamenti non sono stati registrati come locazioni turistiche, mentre altri presentano irregolarit\u00e0 riguardanti la mancanza di targhette esterne e l&#8217;omessa tassa di soggiorno. La Polizia Locale sta conducendo indagini pi\u00f9 approfondite su queste locazioni &#8220;fantasma&#8221;. Chiunque venga scoperto operare in modo illegale rischia multe salate e azioni penali. Il sindaco sottolinea che queste pratiche danneggiano sia il Comune, che perde entrate dalla tassa di soggiorno, sia il sistema turistico in generale. Egli auspica un&#8217;estensione dei controlli su tutto il territorio provinciale per garantire uno sviluppo corretto ed economicamente vantaggioso del turismo.<\/p>\n<blockquote><p><em>In provincia di Belluno risultano 408 alberghi e poco pi\u00f9 di 10.800 esercizi extralberghieri (dato 2018)\u00a0 all\u2019interno dei quali ricadono anche le locazioni turistiche.<\/em><\/p><\/blockquote>\n<p><strong>IL SINDACO DANILO DE TONI<\/strong><\/p>\n<div style=\"width: 848px;\" class=\"wp-video\"><video class=\"wp-video-shortcode\" id=\"video-345155-2\" width=\"848\" height=\"480\" preload=\"metadata\" controls=\"controls\"><source type=\"video\/mp4\" src=\"https:\/\/www.radiopiu.net\/wordpress\/wp-content\/uploads\/2023\/07\/WhatsApp-Video-2023-07-21-at-14.53.20.mp4?_=2\" \/><a href=\"https:\/\/www.radiopiu.net\/wordpress\/wp-content\/uploads\/2023\/07\/WhatsApp-Video-2023-07-21-at-14.53.20.mp4\">https:\/\/www.radiopiu.net\/wordpress\/wp-content\/uploads\/2023\/07\/WhatsApp-Video-2023-07-21-at-14.53.20.mp4<\/a><\/video><\/div>\n<p>&nbsp;<\/p>\n<p>&nbsp;<\/p>\n<p>&nbsp;<\/p>\n<hr \/>\n<p>&nbsp;<\/p>\n<blockquote>\n<h3 lang=\"x-unicode\">IL 51\u00b0 STORMO DI ISTRANA PER L&#8217;OTTANTESIMO ANNIVERSARIO DI FERRUCCIO SERAFINI<\/h3>\n<\/blockquote>\n<p><strong>REDAZIONE<\/strong> Ieri mattina nei cieli dell&#8217;Agordino abbiamo visto gli aerei del 51\u00b0 Stormo di Istrana con un doppio\u00a0 passaggio a Falcade nel momento della commemorazione dell&#8217;ottantesimo anniversario della medaglia d&#8217;oro Ferruccio Serafini. Gli aerei sono partiti dall&#8217;aeroporto di Istrana che dal 1971 \u00e8 dedicato proprio a Ferruccio Serafini.\u00a0 Come succede da tempo il 51\u00b0 Stormo dell\u2019Aeronautica Militare e l\u2019Amministrazione comunale di Falcade hanno ricordato la memoria del Sergente Pilota dell\u2019Aeronautica Militare, Ferruccio Serrafini, originario proprio di\u00a0 Falcade, decorato di Medaglia d\u2019Oro al Valor Militare e caduto in combattimento il 22 luglio 1943, a cui \u00e8 intitolato il 51\u00b0 Stormo Caccia di Istrana<\/p>\n\n\t\t\t<style type='text\/css'>\n\t\t\t\t#gallery-3 {\n\t\t\t\t\tmargin: auto;\n\t\t\t\t}\n\t\t\t\t#gallery-3 .gallery-item {\n\t\t\t\t\tfloat: left;\n\t\t\t\t\tmargin-top: 10px;\n\t\t\t\t\ttext-align: center;\n\t\t\t\t\twidth: 50%;\n\t\t\t\t}\n\t\t\t\t#gallery-3 img {\n\t\t\t\t\tborder: 2px solid #cfcfcf;\n\t\t\t\t}\n\t\t\t\t#gallery-3 .gallery-caption {\n\t\t\t\t\tmargin-left: 0;\n\t\t\t\t}\n\t\t\t\t\/* see gallery_shortcode() in wp-includes\/media.php *\/\n\t\t\t<\/style>\n\t\t<div id='gallery-3' class='dt-gallery-container gallery galleryid-345155 gallery-columns-2 gallery-size-medium'><dl class='gallery-item'>\n\t\t\t\t<dt class='gallery-icon portrait'>\n\t\t\t\t\t<a class=\"rollover rollover-zoom dt-pswp-item\" title=\"e2395098-71d4-479e-a0a2-237d7d5e5f65\" data-dt-img-description=\"\" data-large_image_width=\"1200\" data-large_image_height=\"1600\"href='https:\/\/www.radiopiu.net\/wordpress\/wp-content\/uploads\/2023\/07\/e2395098-71d4-479e-a0a2-237d7d5e5f65.jpg'><img loading=\"lazy\" decoding=\"async\" width=\"225\" height=\"300\" src=\"https:\/\/www.radiopiu.net\/wordpress\/wp-content\/uploads\/2023\/07\/e2395098-71d4-479e-a0a2-237d7d5e5f65-225x300.jpg\" class=\"attachment-medium size-medium\" alt=\"\" srcset=\"https:\/\/www.radiopiu.net\/wordpress\/wp-content\/uploads\/2023\/07\/e2395098-71d4-479e-a0a2-237d7d5e5f65-225x300.jpg 225w, https:\/\/www.radiopiu.net\/wordpress\/wp-content\/uploads\/2023\/07\/e2395098-71d4-479e-a0a2-237d7d5e5f65-768x1024.jpg 768w, https:\/\/www.radiopiu.net\/wordpress\/wp-content\/uploads\/2023\/07\/e2395098-71d4-479e-a0a2-237d7d5e5f65-1152x1536.jpg 1152w, https:\/\/www.radiopiu.net\/wordpress\/wp-content\/uploads\/2023\/07\/e2395098-71d4-479e-a0a2-237d7d5e5f65.jpg 1200w\" sizes=\"auto, (max-width: 225px) 100vw, 225px\" \/><\/a>\n\t\t\t\t<\/dt><\/dl><dl class='gallery-item'>\n\t\t\t\t<dt class='gallery-icon portrait'>\n\t\t\t\t\t<a class=\"rollover rollover-zoom dt-pswp-item\" title=\"acb0d529-4029-49ce-bd31-c48e131793ce\" data-dt-img-description=\"\" data-large_image_width=\"1200\" data-large_image_height=\"1600\"href='https:\/\/www.radiopiu.net\/wordpress\/wp-content\/uploads\/2023\/07\/acb0d529-4029-49ce-bd31-c48e131793ce.jpg'><img loading=\"lazy\" decoding=\"async\" width=\"225\" height=\"300\" src=\"https:\/\/www.radiopiu.net\/wordpress\/wp-content\/uploads\/2023\/07\/acb0d529-4029-49ce-bd31-c48e131793ce-225x300.jpg\" class=\"attachment-medium size-medium\" alt=\"\" srcset=\"https:\/\/www.radiopiu.net\/wordpress\/wp-content\/uploads\/2023\/07\/acb0d529-4029-49ce-bd31-c48e131793ce-225x300.jpg 225w, https:\/\/www.radiopiu.net\/wordpress\/wp-content\/uploads\/2023\/07\/acb0d529-4029-49ce-bd31-c48e131793ce-768x1024.jpg 768w, https:\/\/www.radiopiu.net\/wordpress\/wp-content\/uploads\/2023\/07\/acb0d529-4029-49ce-bd31-c48e131793ce-1152x1536.jpg 1152w, https:\/\/www.radiopiu.net\/wordpress\/wp-content\/uploads\/2023\/07\/acb0d529-4029-49ce-bd31-c48e131793ce.jpg 1200w\" sizes=\"auto, (max-width: 225px) 100vw, 225px\" \/><\/a>\n\t\t\t\t<\/dt><\/dl><br style=\"clear: both\" \/>\n\t\t\t<\/div>\n\n<p><strong>il \u201cpicchetto\u201d in armi ha reso gli onori militari a ricordo dell\u2019estremo sacrificio dell\u2019asso dell\u2019aviazione e di tutti i caduti nell\u2019adempimento del proprio dovere<\/strong><\/p>\n<blockquote><p>Il Colonnello Emanuele Chiadroni, nel suo intervento, ha voluto sottolineare il coraggio del Sergente Pilota Serafini: \u201c<em>il sacrificio di Ferruccio e di tanti altri eroi come lui\u00a0 non dovr\u00e0 essere mai dimenticato e deve restare memore scolpito nelle nostre menti, perch\u00e9 laddove si onora la bandiera , prestando fede al proprio giuramento , saranno sempre degnamente rappresentati quei valori di dovere , coraggio, sacrificio e libert\u00e0 che contraddistinguono ancor oggi chi presta servizio e veste una divisa nelle Forze Armate<\/em>\u201d.<\/p><\/blockquote>\n\n\t\t\t<style type='text\/css'>\n\t\t\t\t#gallery-4 {\n\t\t\t\t\tmargin: auto;\n\t\t\t\t}\n\t\t\t\t#gallery-4 .gallery-item {\n\t\t\t\t\tfloat: left;\n\t\t\t\t\tmargin-top: 10px;\n\t\t\t\t\ttext-align: center;\n\t\t\t\t\twidth: 50%;\n\t\t\t\t}\n\t\t\t\t#gallery-4 img {\n\t\t\t\t\tborder: 2px solid #cfcfcf;\n\t\t\t\t}\n\t\t\t\t#gallery-4 .gallery-caption {\n\t\t\t\t\tmargin-left: 0;\n\t\t\t\t}\n\t\t\t\t\/* see gallery_shortcode() in wp-includes\/media.php *\/\n\t\t\t<\/style>\n\t\t<div id='gallery-4' class='dt-gallery-container gallery galleryid-345155 gallery-columns-2 gallery-size-medium'><dl class='gallery-item'>\n\t\t\t\t<dt class='gallery-icon landscape'>\n\t\t\t\t\t<a class=\"rollover rollover-zoom dt-pswp-item\" title=\"IMG-20230721-WA0013\" data-dt-img-description=\"\" data-large_image_width=\"2048\" data-large_image_height=\"1536\"href='https:\/\/www.radiopiu.net\/wordpress\/wp-content\/uploads\/2023\/07\/IMG-20230721-WA0013.jpg'><img loading=\"lazy\" decoding=\"async\" width=\"300\" height=\"225\" src=\"https:\/\/www.radiopiu.net\/wordpress\/wp-content\/uploads\/2023\/07\/IMG-20230721-WA0013-300x225.jpg\" class=\"attachment-medium size-medium\" alt=\"\" srcset=\"https:\/\/www.radiopiu.net\/wordpress\/wp-content\/uploads\/2023\/07\/IMG-20230721-WA0013-300x225.jpg 300w, https:\/\/www.radiopiu.net\/wordpress\/wp-content\/uploads\/2023\/07\/IMG-20230721-WA0013-1024x768.jpg 1024w, https:\/\/www.radiopiu.net\/wordpress\/wp-content\/uploads\/2023\/07\/IMG-20230721-WA0013-768x576.jpg 768w, https:\/\/www.radiopiu.net\/wordpress\/wp-content\/uploads\/2023\/07\/IMG-20230721-WA0013-1536x1152.jpg 1536w, https:\/\/www.radiopiu.net\/wordpress\/wp-content\/uploads\/2023\/07\/IMG-20230721-WA0013.jpg 2048w\" sizes=\"auto, (max-width: 300px) 100vw, 300px\" \/><\/a>\n\t\t\t\t<\/dt><\/dl><dl class='gallery-item'>\n\t\t\t\t<dt class='gallery-icon landscape'>\n\t\t\t\t\t<a class=\"rollover rollover-zoom dt-pswp-item\" title=\"IMG-20230721-WA0021\" data-dt-img-description=\"\" data-large_image_width=\"2048\" data-large_image_height=\"1536\"href='https:\/\/www.radiopiu.net\/wordpress\/wp-content\/uploads\/2023\/07\/IMG-20230721-WA0021.jpg'><img loading=\"lazy\" decoding=\"async\" width=\"300\" height=\"225\" src=\"https:\/\/www.radiopiu.net\/wordpress\/wp-content\/uploads\/2023\/07\/IMG-20230721-WA0021-300x225.jpg\" class=\"attachment-medium size-medium\" alt=\"\" srcset=\"https:\/\/www.radiopiu.net\/wordpress\/wp-content\/uploads\/2023\/07\/IMG-20230721-WA0021-300x225.jpg 300w, https:\/\/www.radiopiu.net\/wordpress\/wp-content\/uploads\/2023\/07\/IMG-20230721-WA0021-1024x768.jpg 1024w, https:\/\/www.radiopiu.net\/wordpress\/wp-content\/uploads\/2023\/07\/IMG-20230721-WA0021-768x576.jpg 768w, https:\/\/www.radiopiu.net\/wordpress\/wp-content\/uploads\/2023\/07\/IMG-20230721-WA0021-1536x1152.jpg 1536w, https:\/\/www.radiopiu.net\/wordpress\/wp-content\/uploads\/2023\/07\/IMG-20230721-WA0021.jpg 2048w\" sizes=\"auto, (max-width: 300px) 100vw, 300px\" \/><\/a>\n\t\t\t\t<\/dt><\/dl><br style=\"clear: both\" \/>\n\t\t\t<\/div>\n\n<blockquote>\n<h3 class=\"western\" align=\"JUSTIFY\"><\/h3>\n<\/blockquote>\n<hr \/>\n<blockquote>\n<h3 align=\"LEFT\"><span style=\"font-family: Arial, serif;\"><span style=\"font-size: small;\"><b>GISELLA GALATA\u2019 E\u2019 IL NUOVO PRESIDENTE DEL LIONS CLUB FELTRE CASTELLO DI ALBOINO\u00a0<\/b><\/span><\/span><\/h3>\n<\/blockquote>\n<p align=\"LEFT\"><span style=\"font-family: Arial, serif;\"><span style=\"font-size: small;\"><strong><a class=\"dt-pswp-item\" href=\"https:\/\/www.radiopiu.net\/wordpress\/wp-content\/uploads\/2023\/07\/GISELLA-GALATA-NUOVO-PRESIDENTE-DEL-LIONS-CLUB-FELTRE-CASTELLO-DI-ALBOINO.jpg\" data-dt-img-description=\"\" data-large_image_width=\"768\" data-large_image_height=\"1024\"><img loading=\"lazy\" decoding=\"async\" class=\" wp-image-345202 alignleft\" src=\"https:\/\/www.radiopiu.net\/wordpress\/wp-content\/uploads\/2023\/07\/GISELLA-GALATA-NUOVO-PRESIDENTE-DEL-LIONS-CLUB-FELTRE-CASTELLO-DI-ALBOINO-225x300.jpg\" alt=\"\" width=\"188\" height=\"251\" srcset=\"https:\/\/www.radiopiu.net\/wordpress\/wp-content\/uploads\/2023\/07\/GISELLA-GALATA-NUOVO-PRESIDENTE-DEL-LIONS-CLUB-FELTRE-CASTELLO-DI-ALBOINO-225x300.jpg 225w, https:\/\/www.radiopiu.net\/wordpress\/wp-content\/uploads\/2023\/07\/GISELLA-GALATA-NUOVO-PRESIDENTE-DEL-LIONS-CLUB-FELTRE-CASTELLO-DI-ALBOINO.jpg 768w\" sizes=\"auto, (max-width: 188px) 100vw, 188px\" \/><\/a>BELLUNO<\/strong> E\u2019 Gisella Galat\u00e0, insegnante di pianoforte presso la scuola Ricci e la scuola comunale di musica A. Miari di Belluno, \u00e8 il nuovo presidente del Lions Club Feltre Castello di Alboino.\u00a0 <\/span><\/span><span style=\"font-family: Arial, serif;\"><span style=\"font-size: small;\">Gisella \u00e8 alla guida del Club per l\u2019anno lionistico 2023-2024 dal mese di Luglio, incarico che era del presidente uscente Pierangelo Sponga. <em>&#8220;<\/em><\/span><\/span><span style=\"font-family: Arial, serif;\"><span style=\"font-size: small;\"><em>Non nascondo l\u2019emozione per questo nuovo incarico &#8220;<\/em> ha detto la Galat\u00e0 nel suo intervento, e nello stesso tempo<em> &#8220;sono molto contenta di guidare il nostro club, che \u00e8 piccolo numericamente ma coeso e con dei soci entusiasti di farne parte e propositivi.\u00a0 <\/em><\/span><\/span><em><span style=\"font-size: small; font-family: Arial, serif; color: #202124;\">Nel corso del mio anno alla guida del club feltrino mi piacerebbe poter organizzare delle manifestazioni e degli eventi finalizzati al sostegno di progetti rivolti all\u2019infanzia ed ai giovani con una particolare attenzione ai meno fortunati&#8221;.<\/span><\/em><\/p>\n<hr \/>\n<blockquote>\n<h3><strong>\u00a0<\/strong><\/h3>\n<h3><strong>\u00a0<\/strong><\/h3>\n<h3><strong>CACCIA. GIUNTA VENETA \u201cRIADOTTA\u201d CON PROPRIA DELIBERA IL PIANO FAUNISTICO VENATORIO. <\/strong><\/h3>\n<\/blockquote>\n<p><strong>VENEZIA<\/strong><i> <\/i>La Giunta Regionale del Veneto ha approvato una delibera che \u201criadotta\u201d il Piano Faunistico Venatorio 2022 &#8211; 2027.\u00a0 Ora la delibera passa al Consiglio Regionale per l&#8217;approvazione definitiva.\u00a0 <em>\u201cSiamo intervenuti tempestivamente \u2013 ha commentato l\u2019Assessore regionale alla caccia Cristiano Corazzari \u2013 soprattutto per garantire che l\u2019esercizio dell\u2019attivit\u00e0 venatoria si svolga correttamente e senza disagi o difficolt\u00e0 per i praticanti della caccia\u201d.\u00a0<\/em><\/p>\n<p>&nbsp;<\/p>\n<hr \/>\n<p>&nbsp;<\/p>\n<blockquote>\n<h2>Birra Castello vende stabilimento di San Giorgio di Nogaro per potenziare Pedavena<\/h2>\n<\/blockquote>\n<p><strong><a class=\"dt-pswp-item\" href=\"https:\/\/www.radiopiu.net\/wordpress\/wp-content\/uploads\/2023\/07\/th-10.jpg\" data-dt-img-description=\"\" data-large_image_width=\"240\" data-large_image_height=\"180\"><img loading=\"lazy\" decoding=\"async\" class=\"size-full wp-image-345220 alignleft\" src=\"https:\/\/www.radiopiu.net\/wordpress\/wp-content\/uploads\/2023\/07\/th-10.jpg\" alt=\"\" width=\"240\" height=\"180\" \/><\/a>PEDAVENA<\/strong> Il gruppo Birra Castello, noto produttore italiano di birra, ha annunciato la firma di un accordo con il Gruppo Royal Unibrew, leader internazionale nel mercato multibeverage, per la vendita dello stabilimento di San Giorgio di Nogaro, in provincia di Udine. L&#8217;obiettivo \u00e8 valorizzare al massimo lo stabilimento di Pedavena, dove Birra Castello concentrer\u00e0 i propri sforzi di potenziamento e sviluppo. L&#8217;accordo permetter\u00e0 di consolidare i marchi prodotti nella Fabbrica di Pedavena sul mercato italiano. La vendita garantir\u00e0 continuit\u00e0 occupazionale e consentir\u00e0 a Birra Castello di incrementare gli investimenti in innovazione e sviluppo. Royal Unibrew assumer\u00e0 la propriet\u00e0 degli asset alla fine dell&#8217;anno, una volta completati i processi di transazione.<\/p>\n<p>&nbsp;<\/p>\n<hr \/>\n<blockquote>\n<h3 align=\"JUSTIFY\"><\/h3>\n<h3 align=\"JUSTIFY\">NASCE IL PRIMO CLUSTER ITALIANO DEL LEGNO<\/h3>\n<\/blockquote>\n<p align=\"JUSTIFY\"><strong>BELLUNO <\/strong>Il cambiamento climatico ha mostrato la dirompente devastazione provocata dagli eventi atmosferici estremi anche negli ultimi giorni. Comelico, Cadore e Alto Agordino, hanno sperimentato danni ingenti da vento e temporali, a quasi cinque anni dalla tempesta Vaia. \u201cLa montagna \u00e8 ancora una volta soggetto fragile. E in prima linea nella sfida al cambiamento climatico. Per questo diventa ancora pi\u00f9 importante la valorizzazione del sistema forestale e della filiera del legno, elemento cardine della sostenibilit\u00e0 delle terre alte. Un plauso quindi all\u2019iniziativa del Masaf, sottoscritta anche da Confartigianato, per la nascita del primo cluster italiano del legno\u201d. \u00c8 quanto afferma la Presidente di Confartigianato Imprese Belluno, Claudia Scarzanella, presente ieri a Roma insieme al Direttore Michele Basso all\u2019ufficializzazione del protocollo d\u2019intesa che ha dato avvio al primo cluster italiano del legno, firmato al Ministero dell\u2019Agricoltura, della Sovranit\u00e0 alimentare e delle Foreste, alla presenza del Ministro Francesco Lollobrigida. Il cluster consentir\u00e0 di rafforzare la filiera del legno, mettendo insieme il mondo della ricerca scientifica e della produzione, con l\u2019obiettivo di far crescere un sistema foresta sano, sostenibile dal punto di vista economico rendendo interessante investire sul legno, e anche puntando forte sulle politiche green attraverso la captazione della Co2 del patrimonio forestale.<\/p>\n<hr \/>\n<blockquote>\n<h3 align=\"JUSTIFY\"><\/h3>\n<h3 align=\"JUSTIFY\">DONATORINATI A CORTINA<\/h3>\n<\/blockquote>\n<p align=\"JUSTIFY\"><strong><a class=\"dt-pswp-item\" href=\"https:\/\/www.radiopiu.net\/wordpress\/wp-content\/uploads\/2023\/07\/donatoribelluno1.jpeg\" data-dt-img-description=\"\" data-large_image_width=\"1024\" data-large_image_height=\"768\"><img loading=\"lazy\" decoding=\"async\" class=\" wp-image-345177 alignleft\" src=\"https:\/\/www.radiopiu.net\/wordpress\/wp-content\/uploads\/2023\/07\/donatoribelluno1-300x225.jpeg\" alt=\"\" width=\"185\" height=\"139\" srcset=\"https:\/\/www.radiopiu.net\/wordpress\/wp-content\/uploads\/2023\/07\/donatoribelluno1-300x225.jpeg 300w, https:\/\/www.radiopiu.net\/wordpress\/wp-content\/uploads\/2023\/07\/donatoribelluno1-768x576.jpeg 768w, https:\/\/www.radiopiu.net\/wordpress\/wp-content\/uploads\/2023\/07\/donatoribelluno1.jpeg 1024w\" sizes=\"auto, (max-width: 185px) 100vw, 185px\" \/><\/a>CORTINA <\/strong>DonatoriNati Polizia di Stato a Cortina per la Coppa d\u2019Oro delle Dolomiti. Divulgare sempre piu\u2019 l\u2019importanza di donare il sangue: ecco\u00a0 la mission dell\u2019Associazione della Polizia di Stato e dei Vigili del Fuoco presente a Cortina\u00a0 durante la gara di auto storiche . Un tema importante e di grande attualit\u00e0 che richiede\u00a0 presenza e comunicazione costante sul territorio. Per il terzo anno consecutivo, DonatoriNati in sinergia con AciSport ha accompagnato la prestigiosa iniziativa. Tantissimi i volontari impegnati a divulgare materiale informativo tra cittadini, turisti e agli equipaggi che hanno preso parte alla gara. Hanno partecipato il Questore di Belluno, Francesco Zerilli, ed il Comandante Provinciale dei Vigili del Fuoco, Antonio Del Gallo, entrambi componenti di DonatoriNati; presenti personale e mezzi di rappresentanza della Polizia di Stato e dei Vigili del Fuoco.<\/p>\n<hr \/>\n<blockquote>\n<h3 align=\"JUSTIFY\">LE NOTE DI RADIO PIU&#8217; IN FM VARCANO I CONFINI DELLA FINLANDIA<\/h3>\n<\/blockquote>\n<p><strong>REDAZIONE<\/strong> Riceviamo da Jarmo Havukunnas un mail di conferma ricezione. Il segnale di Radio Pi\u00f9 arriva fino in Finlandia. Era gi\u00e0 accaduto vent&#8217;anni fa con una prima conferma (foto dal libro Odio La Radio) del radio amatore Naantali Kujala.<\/p>\n<blockquote><p>Questa la mail arrivata ieri sera a RADIOPIU<\/p><\/blockquote>\n<p><strong>SALUTI DALLA FINLANDIA!!! Sono felice di informarvi che sono riuscito a sentire la vostra stazione radio in FM qui in FINLANDIA!!!<\/strong><\/p>\n<p><a class=\"dt-pswp-item\" href=\"https:\/\/www.radiopiu.net\/wordpress\/wp-content\/uploads\/2023\/07\/LEM264.jpg\" data-dt-img-description=\"\" data-large_image_width=\"700\" data-large_image_height=\"525\"><img loading=\"lazy\" decoding=\"async\" class=\"size-medium wp-image-345304 alignleft\" src=\"https:\/\/www.radiopiu.net\/wordpress\/wp-content\/uploads\/2023\/07\/LEM264-300x225.jpg\" alt=\"\" width=\"300\" height=\"225\" srcset=\"https:\/\/www.radiopiu.net\/wordpress\/wp-content\/uploads\/2023\/07\/LEM264-300x225.jpg 300w, https:\/\/www.radiopiu.net\/wordpress\/wp-content\/uploads\/2023\/07\/LEM264.jpg 700w\" sizes=\"auto, (max-width: 300px) 100vw, 300px\" \/><\/a>Il mio nome \u00e8 Jarmo Havukunnas ho 56 anni di eta, vivo in Veikkola, Kirkkonummi che \u00e8 una citta situato approssimativamente a 30 kilometri a oeste da Helsinki, la capitale della Finlandia. Il mio hobby preferito \u00e8 il DXing. Questo sta a significare l\u00b4ascolto do programmi di stazioni radio straniere, come la vostra. Il mio interesse per il DXing inizi\u00f2 nel 1978 e sono specialmente interessato all\u00b4ascolto di stazioni da Italia. Qualche giorno f\u00e0 ho avuto la piacevole opportunit\u00e0 di sintonizzare una vostra stazioni\u00a0 &#8211; <strong>Radio Pi\u00f9. <\/strong>\u00a0 Sono riuscito ad ascoltare il vostro programma il 13.6.2023 sulla frequenza di 87,7 MHz FM a 17.39 ora Italiana (=UTC+2). Solo per pochi giorni all\u00b4anno esistono le particolari condizioni ionosferiche che permettono l\u00b4ascolto della vostra stazione qui. Bench\u00e8 sappia che i vostri programmi non sono destinati ad un pubblico internazionale, spero che vi faccia piacere il sapere che le vostre trasmissioni possono occasionalmente essere ascoltate a migliaia di kilometri di distanza. Per me \u00e8 stato un evento memorabile ascoltare la vostra stazione.<\/p>\n<p>ARCHIVIO RADIOPIU DAL LIBRO ODIO LA RADIO<\/p>\n<p><a class=\"dt-pswp-item\" href=\"https:\/\/www.radiopiu.net\/wordpress\/wp-content\/uploads\/2023\/07\/Senza-nome-57.png\" data-dt-img-description=\"\" data-large_image_width=\"850\" data-large_image_height=\"511\"><img loading=\"lazy\" decoding=\"async\" class=\"alignnone wp-image-345303 size-full\" src=\"https:\/\/www.radiopiu.net\/wordpress\/wp-content\/uploads\/2023\/07\/Senza-nome-57.png\" alt=\"\" width=\"850\" height=\"511\" srcset=\"https:\/\/www.radiopiu.net\/wordpress\/wp-content\/uploads\/2023\/07\/Senza-nome-57.png 850w, https:\/\/www.radiopiu.net\/wordpress\/wp-content\/uploads\/2023\/07\/Senza-nome-57-300x180.png 300w, https:\/\/www.radiopiu.net\/wordpress\/wp-content\/uploads\/2023\/07\/Senza-nome-57-768x462.png 768w\" sizes=\"auto, (max-width: 850px) 100vw, 850px\" \/><\/a><\/p>\n<p>&nbsp;<\/p>\n<p>&nbsp;<\/p>\n<hr \/>\n<blockquote>\n<h3><a class=\"dt-pswp-item\" href=\"https:\/\/www.radiopiu.net\/wordpress\/wp-content\/uploads\/2023\/07\/356433666_775396647618475_5882499462473347133_n.jpg\" data-dt-img-description=\"\" data-large_image_width=\"509\" data-large_image_height=\"720\"><img loading=\"lazy\" decoding=\"async\" class=\" wp-image-345077 alignleft\" src=\"https:\/\/www.radiopiu.net\/wordpress\/wp-content\/uploads\/2023\/07\/356433666_775396647618475_5882499462473347133_n-212x300.jpg\" alt=\"\" width=\"129\" height=\"183\" srcset=\"https:\/\/www.radiopiu.net\/wordpress\/wp-content\/uploads\/2023\/07\/356433666_775396647618475_5882499462473347133_n-212x300.jpg 212w, https:\/\/www.radiopiu.net\/wordpress\/wp-content\/uploads\/2023\/07\/356433666_775396647618475_5882499462473347133_n.jpg 509w\" sizes=\"auto, (max-width: 129px) 100vw, 129px\" \/><\/a>GIORNATA DELLA PREVENZIONE DELL\u2019IPERTENSIONE ARTERIOSA NEI RIFUGI: APPUNTAMENTO AL DAL PIAZ<\/h3>\n<\/blockquote>\n<p><strong>BELLUNO <\/strong>Dopo l\u2019esperienza della scorsa settimana ai rifugi Forcella Zovo (Comelico) e Semenza (Col Nudo-Cavallo, Alpago), torna questa domenica 23 luglio 2023 la giornata della prevenzione dell\u2019ipertensione arteriosa nei rifugi al Rifugio Dal Piaz (Vette Feltrine). Dopo la perturbazione che aveva reso difficilmente praticabile il sentiero, il rifugio \u00e8 ora accessibile e gli operatori del Dipartimento di Prevenzione dell\u2019Ulss Dolomiti saranno a disposizione dalle 10.30 alle 15.00 per eseguire, su base volontaria, la misurazione della pressione arteriosa e della saturazione a favore degli escursionisti in arrivo.<\/p>\n<p>&nbsp;<\/p>\n<hr \/>\n<p>&nbsp;<\/p>\n<blockquote>\n<h3>OGGI IL FAMILY DAY, FABBRICA E AREA PALALUXOTTICA ALLESTITI A FESTA<\/h3>\n<\/blockquote>\n<blockquote><p><em>Con la nuova Essilux, una\u00a0 \u201cfabbrica in festa\u201d. Palaluxottica sede del &#8220;Paese del Balocchi&#8230;ali&#8221;<\/em><\/p><\/blockquote>\n<p><strong><a class=\"dt-pswp-item\" href=\"https:\/\/www.radiopiu.net\/wordpress\/wp-content\/uploads\/2023\/07\/foto-2011.jpg\" data-dt-img-description=\"\" data-large_image_width=\"800\" data-large_image_height=\"600\"><img loading=\"lazy\" decoding=\"async\" class=\"size-medium wp-image-342886 alignleft\" src=\"https:\/\/www.radiopiu.net\/wordpress\/wp-content\/uploads\/2023\/07\/foto-2011-300x225.jpg\" alt=\"\" width=\"300\" height=\"225\" srcset=\"https:\/\/www.radiopiu.net\/wordpress\/wp-content\/uploads\/2023\/07\/foto-2011-300x225.jpg 300w, https:\/\/www.radiopiu.net\/wordpress\/wp-content\/uploads\/2023\/07\/foto-2011-768x576.jpg 768w, https:\/\/www.radiopiu.net\/wordpress\/wp-content\/uploads\/2023\/07\/foto-2011.jpg 800w\" sizes=\"auto, (max-width: 300px) 100vw, 300px\" \/><\/a>AGORDO<\/strong> L&#8217;ultimo fu quello del 2015, poi la valanga covid 19, lo scorso anno la terribile notizia della scomparsa del Cavalier Leonardo Del Vecchio che ha fatto cancellare tutti gli appuntamenti con la parte ludico-istruttiva del colosso dell&#8217;occhiale.<\/p>\n<p>Dopo otto anni, dunque, ritornano\u00a0 i family day, sotto la guida di Francesco Milleri,\u00a0 con la possibilit\u00e0 per i dipendenti del gruppo, loro famigliari ed amici, di visitare lo stabilimento in localit\u00e0 Valcozzena la &#8220;fabbrica&#8221; tanto cara a Leonardo nella sua Agordo e il villaggio\u00a0 allestito per l&#8217;occasione sulla piana dei Mogn, in prossimit\u00e0 e nel Palaluxottica con tanto di tendone da circo, giostre e balocchi per i pi\u00f9 piccoli<\/p>\n<blockquote><p>&nbsp;<\/p><\/blockquote>\n<p>&nbsp;<\/p>\n<hr \/>\n<p>&nbsp;<\/p>\n<blockquote>\n<h3 class=\"_title post-title entry-title\">BELLUNO | LA \u2018GAGGIA LANTE\u2019 DIVENTA GREEN, AL VIA PROGETTO DI RIQUALIFICAZIONE ENERGETICA<\/h3>\n<\/blockquote>\n<p><span style=\"color: #ff0000;\">DAL TG PER IL BELLUNESE DI ANTENNA 3 (DAL LUNEDI AL SABATO ALLE 19.30, CANALE 10 DEL DIGITALE TERRESTRE). ANTICIPAZIONI\u00a0 DEGLI ARGOMENTI DEL TELEGIORNALE ALLA RADIO, DAL LUNEDI AL SABATO ALLE 19.10<\/span><\/p>\n<p>di <a href=\"https:\/\/antennatre.medianordest.it\/redazione\/Tiziana-Bolognani\/\">Tiziana Bolognani<\/a><\/p>\n<p><iframe loading=\"lazy\" title=\"LA &#039;GAGGIA LANTE&#039; DIVENTA GREEN, AL VIA PROGETTO DI RIQUALIFICAZIONE ENERGETICA | 21\/07\/2023\" width=\"1200\" height=\"675\" src=\"https:\/\/www.youtube.com\/embed\/2SQexXvrHIA?feature=oembed\" frameborder=\"0\" allow=\"accelerometer; autoplay; clipboard-write; encrypted-media; gyroscope; picture-in-picture; web-share\" allowfullscreen><\/iframe><\/p>\n<p>&nbsp;<\/p>\n<p>&nbsp;<\/p>\n<hr \/>\n<blockquote><p>&nbsp;<\/p>\n<p>&nbsp;<\/p>\n<h2>A Mel sabato 27 luglio la mostra degli illustratori<\/h2>\n<p>di Roberto de Nart<\/p>\n<p>\u201cMelAlice\u201d, \u00e8 il titolo della mostra che sar\u00e0 inaugurata sabato 27 luglio alle ore 18:00 per la decima edizione di Mel\u2019Immagino, il Festival dell\u2019illustrazione che come ogni anno si terr\u00e0 all\u2019Aplegallery di Claudio Rossi a Mel (Borgo Valbelluna) in via Tempietto n.15. La rassegna, con le opere dei maestri dell\u2019illustrazione e di alcuni artisti locali, rimarr\u00e0 aperta nei giorni di sabato e domenica dalle ore 16:00 alle 19:00 fino a settembre. L\u2019iniziativa \u00e8 promossa dall\u2019Associazione Vivamelio, con ingresso libero.\u00a0 Tema di quest\u2019anno \u00e8 la favola di Alice nel paese delle meraviglie, che vedremo rappresentata in 27 sequenze realizzate da altrettanti illustratori e artisti locali. Quest\u2019anno, la curatrice della mostra, Rosy Tes\u00e8, ha assegnato le opere ai vari artisti seguendo la favola e pensando alle loro \u00a0diverse tecniche ed estri creativi.<br \/>\nEcco i 27 artisti di quest\u2019anno: Mario Addis, Michel Fuzellier, Alessandro Gatto, Sonia Luzzatto, Dunio Piccolin, Walter Bernardi, Riccardo Mazzoli, Alex Businaro, Giulio Peranzoni, Rosy Tes\u00e8, Giorgio Valentini, Marco Bellotto, Fausto Tormen, Matteo Gubellini, Antonio Dall\u2019Osso, Monica Golfetto, Cristiano Marcer, Giulia Marcer, Claudio Rossi, Alice Da Ros, Cinzia Battistel, Libero Gozzini, Francesca Ferrarese, Margarita Fjodorova, Nicola Falcioni, Barbara Marion, Luciano De Polo.\u00a0 All\u2019interno della rassegna, inoltre, sar\u00e0 allestita la mostra personale con una ventina di opere, sempre sul tema di Alice, realizzata da Oscar Grillo, animatore, regista, sceneggiatore, argentino che vive a Londra. Ritorna anche il Premio \u201cTempietto d\u2019Oro\u201d, che sar\u00e0 assegnato ai primi tre artisti che otterranno il maggior numero di voti da parte dei visitatori della mostra. Il brindisi d\u2019inaugurazione, tempo permettendo, \u00e8 per sabato 27 luglio alle 18:00.<\/p>\n\n\t\t\t<style type='text\/css'>\n\t\t\t\t#gallery-5 {\n\t\t\t\t\tmargin: auto;\n\t\t\t\t}\n\t\t\t\t#gallery-5 .gallery-item {\n\t\t\t\t\tfloat: left;\n\t\t\t\t\tmargin-top: 10px;\n\t\t\t\t\ttext-align: center;\n\t\t\t\t\twidth: 25%;\n\t\t\t\t}\n\t\t\t\t#gallery-5 img {\n\t\t\t\t\tborder: 2px solid #cfcfcf;\n\t\t\t\t}\n\t\t\t\t#gallery-5 .gallery-caption {\n\t\t\t\t\tmargin-left: 0;\n\t\t\t\t}\n\t\t\t\t\/* see gallery_shortcode() in wp-includes\/media.php *\/\n\t\t\t<\/style>\n\t\t<div id='gallery-5' class='dt-gallery-container gallery galleryid-345155 gallery-columns-4 gallery-size-thumbnail'><dl class='gallery-item'>\n\t\t\t\t<dt class='gallery-icon landscape'>\n\t\t\t\t\t<a class=\"rollover rollover-zoom dt-pswp-item\" title=\"Antonio Dall&#039;Osso\" data-dt-img-description=\"\" data-large_image_width=\"1600\" data-large_image_height=\"1130\"href='https:\/\/www.radiopiu.net\/wordpress\/wp-content\/uploads\/2023\/07\/Antonio-DallOsso.jpg'><img loading=\"lazy\" decoding=\"async\" width=\"150\" height=\"150\" src=\"https:\/\/www.radiopiu.net\/wordpress\/wp-content\/uploads\/2023\/07\/Antonio-DallOsso-150x150.jpg\" class=\"attachment-thumbnail size-thumbnail\" alt=\"\" \/><\/a>\n\t\t\t\t<\/dt><\/dl><dl class='gallery-item'>\n\t\t\t\t<dt class='gallery-icon landscape'>\n\t\t\t\t\t<a class=\"rollover rollover-zoom dt-pswp-item\" title=\"Michel Fuzellier\" data-dt-img-description=\"\" data-large_image_width=\"1600\" data-large_image_height=\"1188\"href='https:\/\/www.radiopiu.net\/wordpress\/wp-content\/uploads\/2023\/07\/Michel-Fuzellier.jpg'><img loading=\"lazy\" decoding=\"async\" width=\"150\" height=\"150\" src=\"https:\/\/www.radiopiu.net\/wordpress\/wp-content\/uploads\/2023\/07\/Michel-Fuzellier-150x150.jpg\" class=\"attachment-thumbnail size-thumbnail\" alt=\"\" \/><\/a>\n\t\t\t\t<\/dt><\/dl><dl class='gallery-item'>\n\t\t\t\t<dt class='gallery-icon landscape'>\n\t\t\t\t\t<a class=\"rollover rollover-zoom dt-pswp-item\" title=\"Cristiano Marcer\" data-dt-img-description=\"\" data-large_image_width=\"1600\" data-large_image_height=\"1104\"href='https:\/\/www.radiopiu.net\/wordpress\/wp-content\/uploads\/2023\/07\/Cristiano-Marcer.jpg'><img loading=\"lazy\" decoding=\"async\" width=\"150\" height=\"150\" src=\"https:\/\/www.radiopiu.net\/wordpress\/wp-content\/uploads\/2023\/07\/Cristiano-Marcer-150x150.jpg\" class=\"attachment-thumbnail size-thumbnail\" alt=\"\" \/><\/a>\n\t\t\t\t<\/dt><\/dl><dl class='gallery-item'>\n\t\t\t\t<dt class='gallery-icon landscape'>\n\t\t\t\t\t<a class=\"rollover rollover-zoom dt-pswp-item\" title=\"Dunio Piccolin\" data-dt-img-description=\"\" data-large_image_width=\"1656\" data-large_image_height=\"1183\"href='https:\/\/www.radiopiu.net\/wordpress\/wp-content\/uploads\/2023\/07\/Dunio-Piccolin.jpg'><img loading=\"lazy\" decoding=\"async\" width=\"150\" height=\"150\" src=\"https:\/\/www.radiopiu.net\/wordpress\/wp-content\/uploads\/2023\/07\/Dunio-Piccolin-150x150.jpg\" class=\"attachment-thumbnail size-thumbnail\" alt=\"\" \/><\/a>\n\t\t\t\t<\/dt><\/dl><br style=\"clear: both\" \/>\n\t\t\t<\/div>\n\n<p>&nbsp;<\/p><\/blockquote>\n<hr \/>\n<p>&nbsp;<\/p>\n<blockquote>\n<h3>LUNEDI A CANALE D&#8217;AGORDO IL BILANCIO<\/h3>\n<\/blockquote>\n<p><strong>CANALE D&#8217;AGORDO<\/strong> Lunedi alle 20 in sala Zando&#8217; si riunisce il consiglio comunale. All&#8217;ordine del giorno il bilancio di previsione e l&#8217;autorizzazione alla costituzione di garanzia<\/p>\n<p>&nbsp;<\/p>\n<blockquote>\n<h3>MARTEDI IL RICONOSCIMENTO DEI DEBITI FUORI BILANCIO<\/h3>\n<\/blockquote>\n<p><strong>ROCCA PIETORE<\/strong> Martedi alle 18.30 consiglio comunale, all&#8217;ordine del giorno il programma triennale delle opere pubbliche, variazioni al bilancio, riconoscimento debiti fuori bilancio, assestamento di bilancio, approvazione schema di concessione d&#8217;uso a titolo gratuito degli immobili destinati ad ecocentro all&#8217;unione montana;\u00a0 approvazione progetto ampliamento ecentro Le Pale. Approvazione bilancio Asca.<\/p>\n<p>&nbsp;<\/p>\n<blockquote>\n<h3>CONSIGLIO COMUNALE A SAN TOMASO<\/h3>\n<\/blockquote>\n<p><strong>di GIANNI SANTOMASO<\/strong><\/p>\n<audio class=\"wp-audio-shortcode\" id=\"audio-345155-2\" preload=\"none\" style=\"width: 100%;\" controls=\"controls\"><source type=\"audio\/mpeg\" src=\"https:\/\/www.radiopiu.net\/wordpress\/wp-content\/uploads\/2023\/07\/CONSIGLIO-SANTOMASO-ALLEGHE.mp3?_=2\" \/><a href=\"https:\/\/www.radiopiu.net\/wordpress\/wp-content\/uploads\/2023\/07\/CONSIGLIO-SANTOMASO-ALLEGHE.mp3\">https:\/\/www.radiopiu.net\/wordpress\/wp-content\/uploads\/2023\/07\/CONSIGLIO-SANTOMASO-ALLEGHE.mp3<\/a><\/audio>\n<p><strong>SAN TOMASO<\/strong> Il sindaco Moreno De Val ha chiamato a rapporto i consiglieri per mercoled\u00ec alle 20 e saranno 4 i punti da discutere. Tra questi la salvaguardia degli equilibri di bilancio e la presa d&#8217;atto del Documento unico di Programmazione 2024-2026<\/p>\n<blockquote>\n<h3><\/h3>\n<h3>VARIAZIONE A BILANCIO E DUP NEL CONSIGLIO DI ALLEGHE<\/h3>\n<\/blockquote>\n<p><strong>di GIANNI SANTOMASO\u00a0<\/strong><\/p>\n<audio class=\"wp-audio-shortcode\" id=\"audio-345155-3\" preload=\"none\" style=\"width: 100%;\" controls=\"controls\"><source type=\"audio\/mpeg\" src=\"https:\/\/www.radiopiu.net\/wordpress\/wp-content\/uploads\/2023\/07\/consigio-alleghe-gianni.mp3?_=3\" \/><a href=\"https:\/\/www.radiopiu.net\/wordpress\/wp-content\/uploads\/2023\/07\/consigio-alleghe-gianni.mp3\">https:\/\/www.radiopiu.net\/wordpress\/wp-content\/uploads\/2023\/07\/consigio-alleghe-gianni.mp3<\/a><\/audio>\n<p><strong>ALLEGHE <\/strong>Il sindaco di Alleghe Danilo De Toni ha convocato il consiglio comunale per gioved\u00ec alle 20. quattro punti da trattare tra cui una variazione a bilancio, la salvaguardia degli equilibri di bilancio e la presa d&#8217;atto del Documento unico di Programmazione 2024-2026<\/p>\n<p>&nbsp;<\/p>\n<blockquote>\n<h3>A COLLE SANTA LUCIA CONSIGLIO COMUNALE AL MATTINO<\/h3>\n<\/blockquote>\n<p><strong>COLLE SANTA LUCIA <\/strong>Sar\u00e0 un lungo consiglio comunale quello di Colle Santa Lucia in programma sabato prossimo. Il sindaco Paolo Frena ha convocato i consiglieri per trattare 9 punti. Tra questi una variazione a bilancio, lo scioglimento della convenzione associata con i comuni di Veggiano, Fonzaso, Facade e Vallada per la gestione associata dell&#8217;uffico di segreteria comunale e l&#8217;approvazione del passaggio con il comune di Cortina, la composizione della commissione edilizia e delle variazioni al programma triennale 2023-25.<\/p>\n<p>&nbsp;<\/p>\n<hr \/>\n<p>&nbsp;<\/p>\n<blockquote>\n<h3>DOMENICA DI EVENTI A LIVINALLONGO, DALLA VERTICAL AL CONCERTO<\/h3>\n<\/blockquote>\n\n\t\t\t<style type='text\/css'>\n\t\t\t\t#gallery-6 {\n\t\t\t\t\tmargin: auto;\n\t\t\t\t}\n\t\t\t\t#gallery-6 .gallery-item {\n\t\t\t\t\tfloat: left;\n\t\t\t\t\tmargin-top: 10px;\n\t\t\t\t\ttext-align: center;\n\t\t\t\t\twidth: 50%;\n\t\t\t\t}\n\t\t\t\t#gallery-6 img {\n\t\t\t\t\tborder: 2px solid #cfcfcf;\n\t\t\t\t}\n\t\t\t\t#gallery-6 .gallery-caption {\n\t\t\t\t\tmargin-left: 0;\n\t\t\t\t}\n\t\t\t\t\/* see gallery_shortcode() in wp-includes\/media.php *\/\n\t\t\t<\/style>\n\t\t<div id='gallery-6' class='dt-gallery-container gallery galleryid-345155 gallery-columns-2 gallery-size-medium'><dl class='gallery-item'>\n\t\t\t\t<dt class='gallery-icon portrait'>\n\t\t\t\t\t<a class=\"rollover rollover-zoom dt-pswp-item\" title=\"358361591_6876636995722548_1205086625824668765_n\" data-dt-img-description=\"\" data-large_image_width=\"526\" data-large_image_height=\"774\"href='https:\/\/www.radiopiu.net\/wordpress\/wp-content\/uploads\/2023\/07\/358361591_6876636995722548_1205086625824668765_n.jpg'><img loading=\"lazy\" decoding=\"async\" width=\"204\" height=\"300\" src=\"https:\/\/www.radiopiu.net\/wordpress\/wp-content\/uploads\/2023\/07\/358361591_6876636995722548_1205086625824668765_n-204x300.jpg\" class=\"attachment-medium size-medium\" alt=\"\" srcset=\"https:\/\/www.radiopiu.net\/wordpress\/wp-content\/uploads\/2023\/07\/358361591_6876636995722548_1205086625824668765_n-204x300.jpg 204w, https:\/\/www.radiopiu.net\/wordpress\/wp-content\/uploads\/2023\/07\/358361591_6876636995722548_1205086625824668765_n.jpg 526w\" sizes=\"auto, (max-width: 204px) 100vw, 204px\" \/><\/a>\n\t\t\t\t<\/dt><\/dl><dl class='gallery-item'>\n\t\t\t\t<dt class='gallery-icon landscape'>\n\t\t\t\t\t<a class=\"rollover rollover-zoom dt-pswp-item\" title=\"349707048_6920586647994249_4457055423776803945_n\" data-dt-img-description=\"\" data-large_image_width=\"526\" data-large_image_height=\"517\"href='https:\/\/www.radiopiu.net\/wordpress\/wp-content\/uploads\/2023\/07\/349707048_6920586647994249_4457055423776803945_n.jpg'><img loading=\"lazy\" decoding=\"async\" width=\"300\" height=\"295\" src=\"https:\/\/www.radiopiu.net\/wordpress\/wp-content\/uploads\/2023\/07\/349707048_6920586647994249_4457055423776803945_n-300x295.jpg\" class=\"attachment-medium size-medium\" alt=\"\" srcset=\"https:\/\/www.radiopiu.net\/wordpress\/wp-content\/uploads\/2023\/07\/349707048_6920586647994249_4457055423776803945_n-300x295.jpg 300w, https:\/\/www.radiopiu.net\/wordpress\/wp-content\/uploads\/2023\/07\/349707048_6920586647994249_4457055423776803945_n.jpg 526w\" sizes=\"auto, (max-width: 300px) 100vw, 300px\" \/><\/a>\n\t\t\t\t<\/dt><\/dl><br style=\"clear: both\" \/>\n\t\t\t<\/div>\n\n<p>&nbsp;<\/p>\n<hr \/>\n<p>&nbsp;<\/p>\n<h1><a class=\"dt-pswp-item\" href=\"https:\/\/www.radiopiu.net\/wordpress\/wp-content\/uploads\/2023\/07\/Senza-nome-56.png\" data-dt-img-description=\"\" data-large_image_width=\"535\" data-large_image_height=\"336\"><img loading=\"lazy\" decoding=\"async\" class=\" wp-image-345293 alignleft\" src=\"https:\/\/www.radiopiu.net\/wordpress\/wp-content\/uploads\/2023\/07\/Senza-nome-56-300x188.png\" alt=\"\" width=\"270\" height=\"169\" srcset=\"https:\/\/www.radiopiu.net\/wordpress\/wp-content\/uploads\/2023\/07\/Senza-nome-56-300x188.png 300w, https:\/\/www.radiopiu.net\/wordpress\/wp-content\/uploads\/2023\/07\/Senza-nome-56.png 535w\" sizes=\"auto, (max-width: 270px) 100vw, 270px\" \/><\/a>14ma edizione Mostra di Pittura e Scultura<\/h1>\n<p><strong>COSTALTA<\/strong> Sulle pendici del Monte Zovo, immerso nella natura, spicca per la sua bellezza il &#8220;Fienile in Arte&#8221; del pittore costaltese Giusto De Bettin. Un tabi\u00e0 riconvertito a galleria d&#8217;arte. Domenica 23 luglio alle ore 17:30\u00a0\u00a0Inaugurazione della mostra dei\u00a0pittori\u00a0Elena Di Stefano,\u00a0Giusto De Bettin,\u00a0del Maestro\u00a0Vico Calabr\u00f2\u00a0e dello scultore\u00a0Giandomenico\u00a0 Menia\u00a0presentati dalla Professoressa\u00a0Daniela Sacco. La mostra sar\u00e0 visitabile fino al 20 agosto tutti i giorni dalle 10:00 alle 12:00 e dalle 16:00 alle 19:00\u00a0in localit\u00e0\u00a0Preda sulla strada tra Costalta e Forcella Zovo.<\/p>\n<p>&nbsp;<\/p>\n<p>&nbsp;<\/p>\n<p>&nbsp;<\/p>\n<hr \/>\n<p>&nbsp;<\/p>\n<blockquote>\n<h3>LA FESTA D&#8217;ESTATE AL MICRO NIDO GIROTONDO DI CENCENIGHE CON RADIO PIU&#8217;<\/h3>\n<\/blockquote>\n<p><strong>REDAZIONE<\/strong> Una mattinata alternativa per Radio Pi\u00f9 ma anche per gli ospiti del micro nido Girotondo di Cencenighe. Si \u00e8 svolta ieri la festa d&#8217;estate per i piccoli ospiti. 17 bambini tra i 0 e 36 mesi hanno scoperto per la prima volta la radio grazie alla festa organizzata dallo staff del Girotondo. Tra musica, microfoni e altro i giovani ospiti si sono divertiti e c&#8217;\u00e8 chi il microfono non lo ha lasciato per tutto il tempo. Grazie allo staff Girotondo di Cencenighe per questa esperienza che \u00e8 stata anche l&#8217;occasione per festeggiare in maniera diversa i 40 anni di Radio Pi\u00f9<\/p>\n\n\t\t\t<style type='text\/css'>\n\t\t\t\t#gallery-7 {\n\t\t\t\t\tmargin: auto;\n\t\t\t\t}\n\t\t\t\t#gallery-7 .gallery-item {\n\t\t\t\t\tfloat: left;\n\t\t\t\t\tmargin-top: 10px;\n\t\t\t\t\ttext-align: center;\n\t\t\t\t\twidth: 25%;\n\t\t\t\t}\n\t\t\t\t#gallery-7 img {\n\t\t\t\t\tborder: 2px solid #cfcfcf;\n\t\t\t\t}\n\t\t\t\t#gallery-7 .gallery-caption {\n\t\t\t\t\tmargin-left: 0;\n\t\t\t\t}\n\t\t\t\t\/* see gallery_shortcode() in wp-includes\/media.php *\/\n\t\t\t<\/style>\n\t\t<div id='gallery-7' class='dt-gallery-container gallery galleryid-345155 gallery-columns-4 gallery-size-thumbnail'><dl class='gallery-item'>\n\t\t\t\t<dt class='gallery-icon portrait'>\n\t\t\t\t\t<a class=\"rollover rollover-zoom dt-pswp-item\" title=\"bcbc4992-4cf6-40c2-9ffb-9a3369c6ab27\" data-dt-img-description=\"\" data-large_image_width=\"630\" data-large_image_height=\"1075\"href='https:\/\/www.radiopiu.net\/wordpress\/wp-content\/uploads\/2023\/07\/bcbc4992-4cf6-40c2-9ffb-9a3369c6ab27.jpg'><img loading=\"lazy\" decoding=\"async\" width=\"150\" height=\"150\" src=\"https:\/\/www.radiopiu.net\/wordpress\/wp-content\/uploads\/2023\/07\/bcbc4992-4cf6-40c2-9ffb-9a3369c6ab27-150x150.jpg\" class=\"attachment-thumbnail size-thumbnail\" alt=\"\" \/><\/a>\n\t\t\t\t<\/dt><\/dl><dl class='gallery-item'>\n\t\t\t\t<dt class='gallery-icon landscape'>\n\t\t\t\t\t<a class=\"rollover rollover-zoom dt-pswp-item\" title=\"d45d10ae-29bb-4612-85eb-c435cc9373aa\" data-dt-img-description=\"\" data-large_image_width=\"749\" data-large_image_height=\"657\"href='https:\/\/www.radiopiu.net\/wordpress\/wp-content\/uploads\/2023\/07\/d45d10ae-29bb-4612-85eb-c435cc9373aa.jpg'><img loading=\"lazy\" decoding=\"async\" width=\"150\" height=\"150\" src=\"https:\/\/www.radiopiu.net\/wordpress\/wp-content\/uploads\/2023\/07\/d45d10ae-29bb-4612-85eb-c435cc9373aa-150x150.jpg\" class=\"attachment-thumbnail size-thumbnail\" alt=\"\" \/><\/a>\n\t\t\t\t<\/dt><\/dl><dl class='gallery-item'>\n\t\t\t\t<dt class='gallery-icon landscape'>\n\t\t\t\t\t<a class=\"rollover rollover-zoom dt-pswp-item\" title=\"cca47244-884e-4c8a-95fd-c085841809db\" data-dt-img-description=\"\" data-large_image_width=\"749\" data-large_image_height=\"531\"href='https:\/\/www.radiopiu.net\/wordpress\/wp-content\/uploads\/2023\/07\/cca47244-884e-4c8a-95fd-c085841809db.jpg'><img loading=\"lazy\" decoding=\"async\" width=\"150\" height=\"150\" src=\"https:\/\/www.radiopiu.net\/wordpress\/wp-content\/uploads\/2023\/07\/cca47244-884e-4c8a-95fd-c085841809db-150x150.jpg\" class=\"attachment-thumbnail size-thumbnail\" alt=\"\" \/><\/a>\n\t\t\t\t<\/dt><\/dl><dl class='gallery-item'>\n\t\t\t\t<dt class='gallery-icon landscape'>\n\t\t\t\t\t<a class=\"rollover rollover-zoom dt-pswp-item\" title=\"e1f285d1-6f15-4b92-8640-20e062cc4473\" data-dt-img-description=\"\" data-large_image_width=\"749\" data-large_image_height=\"678\"href='https:\/\/www.radiopiu.net\/wordpress\/wp-content\/uploads\/2023\/07\/e1f285d1-6f15-4b92-8640-20e062cc4473.jpg'><img loading=\"lazy\" decoding=\"async\" width=\"150\" height=\"150\" src=\"https:\/\/www.radiopiu.net\/wordpress\/wp-content\/uploads\/2023\/07\/e1f285d1-6f15-4b92-8640-20e062cc4473-150x150.jpg\" class=\"attachment-thumbnail size-thumbnail\" alt=\"\" \/><\/a>\n\t\t\t\t<\/dt><\/dl><br style=\"clear: both\" \/><dl class='gallery-item'>\n\t\t\t\t<dt class='gallery-icon portrait'>\n\t\t\t\t\t<a class=\"rollover rollover-zoom dt-pswp-item\" title=\"c100544f-2de1-4395-b05e-abbbde24155c\" data-dt-img-description=\"\" data-large_image_width=\"731\" data-large_image_height=\"1053\"href='https:\/\/www.radiopiu.net\/wordpress\/wp-content\/uploads\/2023\/07\/c100544f-2de1-4395-b05e-abbbde24155c.jpg'><img loading=\"lazy\" decoding=\"async\" width=\"150\" height=\"150\" src=\"https:\/\/www.radiopiu.net\/wordpress\/wp-content\/uploads\/2023\/07\/c100544f-2de1-4395-b05e-abbbde24155c-150x150.jpg\" class=\"attachment-thumbnail size-thumbnail\" alt=\"\" \/><\/a>\n\t\t\t\t<\/dt><\/dl><dl class='gallery-item'>\n\t\t\t\t<dt class='gallery-icon portrait'>\n\t\t\t\t\t<a class=\"rollover rollover-zoom dt-pswp-item\" title=\"735c5c0b-4e74-4dad-81f8-56a472faea43\" data-dt-img-description=\"\" data-large_image_width=\"549\" data-large_image_height=\"830\"href='https:\/\/www.radiopiu.net\/wordpress\/wp-content\/uploads\/2023\/07\/735c5c0b-4e74-4dad-81f8-56a472faea43.jpg'><img loading=\"lazy\" decoding=\"async\" width=\"150\" height=\"150\" src=\"https:\/\/www.radiopiu.net\/wordpress\/wp-content\/uploads\/2023\/07\/735c5c0b-4e74-4dad-81f8-56a472faea43-150x150.jpg\" class=\"attachment-thumbnail size-thumbnail\" alt=\"\" \/><\/a>\n\t\t\t\t<\/dt><\/dl><dl class='gallery-item'>\n\t\t\t\t<dt class='gallery-icon portrait'>\n\t\t\t\t\t<a class=\"rollover rollover-zoom dt-pswp-item\" title=\"d4d95c2c-e934-4dcb-9fe8-cb01187be19e\" data-dt-img-description=\"\" data-large_image_width=\"711\" data-large_image_height=\"829\"href='https:\/\/www.radiopiu.net\/wordpress\/wp-content\/uploads\/2023\/07\/d4d95c2c-e934-4dcb-9fe8-cb01187be19e.jpg'><img loading=\"lazy\" decoding=\"async\" width=\"150\" height=\"150\" src=\"https:\/\/www.radiopiu.net\/wordpress\/wp-content\/uploads\/2023\/07\/d4d95c2c-e934-4dcb-9fe8-cb01187be19e-150x150.jpg\" class=\"attachment-thumbnail size-thumbnail\" alt=\"\" \/><\/a>\n\t\t\t\t<\/dt><\/dl><dl class='gallery-item'>\n\t\t\t\t<dt class='gallery-icon landscape'>\n\t\t\t\t\t<a class=\"rollover rollover-zoom dt-pswp-item\" title=\"c37d5721-5530-4a2b-b754-1c3afb79540e\" data-dt-img-description=\"\" data-large_image_width=\"749\" data-large_image_height=\"682\"href='https:\/\/www.radiopiu.net\/wordpress\/wp-content\/uploads\/2023\/07\/c37d5721-5530-4a2b-b754-1c3afb79540e.jpg'><img loading=\"lazy\" decoding=\"async\" width=\"150\" height=\"150\" src=\"https:\/\/www.radiopiu.net\/wordpress\/wp-content\/uploads\/2023\/07\/c37d5721-5530-4a2b-b754-1c3afb79540e-150x150.jpg\" class=\"attachment-thumbnail size-thumbnail\" alt=\"\" \/><\/a>\n\t\t\t\t<\/dt><\/dl><br style=\"clear: both\" \/><dl class='gallery-item'>\n\t\t\t\t<dt class='gallery-icon landscape'>\n\t\t\t\t\t<a class=\"rollover rollover-zoom dt-pswp-item\" title=\"8a551841-6be5-47cc-9963-1fe603bbe0d6\" data-dt-img-description=\"\" data-large_image_width=\"2048\" data-large_image_height=\"1536\"href='https:\/\/www.radiopiu.net\/wordpress\/wp-content\/uploads\/2023\/07\/8a551841-6be5-47cc-9963-1fe603bbe0d6.jpg'><img loading=\"lazy\" decoding=\"async\" width=\"150\" height=\"150\" src=\"https:\/\/www.radiopiu.net\/wordpress\/wp-content\/uploads\/2023\/07\/8a551841-6be5-47cc-9963-1fe603bbe0d6-150x150.jpg\" class=\"attachment-thumbnail size-thumbnail\" alt=\"\" \/><\/a>\n\t\t\t\t<\/dt><\/dl><dl class='gallery-item'>\n\t\t\t\t<dt class='gallery-icon landscape'>\n\t\t\t\t\t<a class=\"rollover rollover-zoom dt-pswp-item\" title=\"e55e814f-51d1-4702-9929-9acc3e981cf1\" data-dt-img-description=\"\" data-large_image_width=\"1764\" data-large_image_height=\"1536\"href='https:\/\/www.radiopiu.net\/wordpress\/wp-content\/uploads\/2023\/07\/e55e814f-51d1-4702-9929-9acc3e981cf1.jpg'><img loading=\"lazy\" decoding=\"async\" width=\"150\" height=\"150\" src=\"https:\/\/www.radiopiu.net\/wordpress\/wp-content\/uploads\/2023\/07\/e55e814f-51d1-4702-9929-9acc3e981cf1-150x150.jpg\" class=\"attachment-thumbnail size-thumbnail\" alt=\"\" \/><\/a>\n\t\t\t\t<\/dt><\/dl><dl class='gallery-item'>\n\t\t\t\t<dt class='gallery-icon portrait'>\n\t\t\t\t\t<a class=\"rollover rollover-zoom dt-pswp-item\" title=\"72095bfe-e4fd-4321-aef8-0d801ba3a234\" data-dt-img-description=\"\" data-large_image_width=\"1047\" data-large_image_height=\"1477\"href='https:\/\/www.radiopiu.net\/wordpress\/wp-content\/uploads\/2023\/07\/72095bfe-e4fd-4321-aef8-0d801ba3a234.jpg'><img loading=\"lazy\" decoding=\"async\" width=\"150\" height=\"150\" src=\"https:\/\/www.radiopiu.net\/wordpress\/wp-content\/uploads\/2023\/07\/72095bfe-e4fd-4321-aef8-0d801ba3a234-150x150.jpg\" class=\"attachment-thumbnail size-thumbnail\" alt=\"\" \/><\/a>\n\t\t\t\t<\/dt><\/dl><dl class='gallery-item'>\n\t\t\t\t<dt class='gallery-icon portrait'>\n\t\t\t\t\t<a class=\"rollover rollover-zoom dt-pswp-item\" title=\"de9cd58a-0ae5-48f2-aec7-ba2abb39c72a\" data-dt-img-description=\"\" data-large_image_width=\"1286\" data-large_image_height=\"2047\"href='https:\/\/www.radiopiu.net\/wordpress\/wp-content\/uploads\/2023\/07\/de9cd58a-0ae5-48f2-aec7-ba2abb39c72a.jpg'><img loading=\"lazy\" decoding=\"async\" width=\"150\" height=\"150\" src=\"https:\/\/www.radiopiu.net\/wordpress\/wp-content\/uploads\/2023\/07\/de9cd58a-0ae5-48f2-aec7-ba2abb39c72a-150x150.jpg\" class=\"attachment-thumbnail size-thumbnail\" alt=\"\" \/><\/a>\n\t\t\t\t<\/dt><\/dl><br style=\"clear: both\" \/><dl class='gallery-item'>\n\t\t\t\t<dt class='gallery-icon portrait'>\n\t\t\t\t\t<a class=\"rollover rollover-zoom dt-pswp-item\" title=\"a363d2dd-f290-4543-b5ed-9d70e5d39b11\" data-dt-img-description=\"\" data-large_image_width=\"1268\" data-large_image_height=\"1596\"href='https:\/\/www.radiopiu.net\/wordpress\/wp-content\/uploads\/2023\/07\/a363d2dd-f290-4543-b5ed-9d70e5d39b11.jpg'><img loading=\"lazy\" decoding=\"async\" width=\"150\" height=\"150\" src=\"https:\/\/www.radiopiu.net\/wordpress\/wp-content\/uploads\/2023\/07\/a363d2dd-f290-4543-b5ed-9d70e5d39b11-150x150.jpg\" class=\"attachment-thumbnail size-thumbnail\" alt=\"\" \/><\/a>\n\t\t\t\t<\/dt><\/dl><dl class='gallery-item'>\n\t\t\t\t<dt class='gallery-icon portrait'>\n\t\t\t\t\t<a class=\"rollover rollover-zoom dt-pswp-item\" title=\"1e597e26-0ffe-4ae3-aa77-e3aee4f11d00\" data-dt-img-description=\"\" data-large_image_width=\"1286\" data-large_image_height=\"2047\"href='https:\/\/www.radiopiu.net\/wordpress\/wp-content\/uploads\/2023\/07\/1e597e26-0ffe-4ae3-aa77-e3aee4f11d00.jpg'><img loading=\"lazy\" decoding=\"async\" width=\"150\" height=\"150\" src=\"https:\/\/www.radiopiu.net\/wordpress\/wp-content\/uploads\/2023\/07\/1e597e26-0ffe-4ae3-aa77-e3aee4f11d00-150x150.jpg\" class=\"attachment-thumbnail size-thumbnail\" alt=\"\" \/><\/a>\n\t\t\t\t<\/dt><\/dl><dl class='gallery-item'>\n\t\t\t\t<dt class='gallery-icon landscape'>\n\t\t\t\t\t<a class=\"rollover rollover-zoom dt-pswp-item\" title=\"9210e950-e883-4cbc-aff0-3ebb154b0657\" data-dt-img-description=\"\" data-large_image_width=\"2048\" data-large_image_height=\"1536\"href='https:\/\/www.radiopiu.net\/wordpress\/wp-content\/uploads\/2023\/07\/9210e950-e883-4cbc-aff0-3ebb154b0657.jpg'><img loading=\"lazy\" decoding=\"async\" width=\"150\" height=\"150\" src=\"https:\/\/www.radiopiu.net\/wordpress\/wp-content\/uploads\/2023\/07\/9210e950-e883-4cbc-aff0-3ebb154b0657-150x150.jpg\" class=\"attachment-thumbnail size-thumbnail\" alt=\"\" \/><\/a>\n\t\t\t\t<\/dt><\/dl><dl class='gallery-item'>\n\t\t\t\t<dt class='gallery-icon portrait'>\n\t\t\t\t\t<a class=\"rollover rollover-zoom dt-pswp-item\" title=\"087cbc8b-6e3e-431e-bc8d-8a57a55f6d59\" data-dt-img-description=\"\" data-large_image_width=\"790\" data-large_image_height=\"952\"href='https:\/\/www.radiopiu.net\/wordpress\/wp-content\/uploads\/2023\/07\/087cbc8b-6e3e-431e-bc8d-8a57a55f6d59.jpg'><img loading=\"lazy\" decoding=\"async\" width=\"150\" height=\"150\" src=\"https:\/\/www.radiopiu.net\/wordpress\/wp-content\/uploads\/2023\/07\/087cbc8b-6e3e-431e-bc8d-8a57a55f6d59-150x150.jpg\" class=\"attachment-thumbnail size-thumbnail\" alt=\"\" \/><\/a>\n\t\t\t\t<\/dt><\/dl><br style=\"clear: both\" \/>\n\t\t\t<\/div>\n\n<p>&nbsp;<\/p>\n<p>&nbsp;<\/p>\n<p>&nbsp;<\/p>\n<hr \/>\n<p>&nbsp;<\/p>\n<h2><span style=\"color: #ff0000;\">IERI ALLA RADIO<\/span><\/h2>\n<h2><span style=\"color: #008080;\">\u00a0&#8220;DINTORN E FORA VIA&#8221;\u00a0<\/span><span style=\"color: #008080;\"> IL PROGRAMMA\u00a0 <\/span><span style=\"color: #008080;\">A CURA DEL MUSLA\u00a0\u00a0<\/span><\/h2>\n<h1 style=\"text-align: center;\"><\/h1>\n<h1 style=\"text-align: center;\"><strong><span style=\"color: #ff0000;\">SECONDO ANNO<\/span><\/strong><strong><span style=\"color: #ff0000;\">\u00a0 <\/span><\/strong><\/h1>\n<p><strong><a class=\"dt-pswp-item\" href=\"https:\/\/www.radiopiu.net\/wordpress\/wp-content\/uploads\/2022\/05\/QUOTIDIANO-GIORNALE.jpg\" data-dt-img-description=\"\" data-large_image_width=\"1920\" data-large_image_height=\"1271\"><img loading=\"lazy\" decoding=\"async\" class=\" wp-image-274885 alignleft\" src=\"https:\/\/www.radiopiu.net\/wordpress\/wp-content\/uploads\/2022\/05\/QUOTIDIANO-GIORNALE-300x199.jpg\" alt=\"\" width=\"134\" height=\"89\" srcset=\"https:\/\/www.radiopiu.net\/wordpress\/wp-content\/uploads\/2022\/05\/QUOTIDIANO-GIORNALE-300x199.jpg 300w, https:\/\/www.radiopiu.net\/wordpress\/wp-content\/uploads\/2022\/05\/QUOTIDIANO-GIORNALE-1024x678.jpg 1024w, https:\/\/www.radiopiu.net\/wordpress\/wp-content\/uploads\/2022\/05\/QUOTIDIANO-GIORNALE-768x508.jpg 768w, https:\/\/www.radiopiu.net\/wordpress\/wp-content\/uploads\/2022\/05\/QUOTIDIANO-GIORNALE-1536x1017.jpg 1536w, https:\/\/www.radiopiu.net\/wordpress\/wp-content\/uploads\/2022\/05\/QUOTIDIANO-GIORNALE.jpg 1920w\" sizes=\"auto, (max-width: 134px) 100vw, 134px\" \/><\/a>PUNTATA DEL 21 LUGLIO VERONICA LEZUO<\/strong><\/p>\n<audio class=\"wp-audio-shortcode\" id=\"audio-345155-4\" preload=\"none\" style=\"width: 100%;\" controls=\"controls\"><source type=\"audio\/mpeg\" src=\"https:\/\/www.radiopiu.net\/wordpress\/wp-content\/uploads\/2023\/07\/MUSLA-7.mp3?_=4\" \/><a href=\"https:\/\/www.radiopiu.net\/wordpress\/wp-content\/uploads\/2023\/07\/MUSLA-7.mp3\">https:\/\/www.radiopiu.net\/wordpress\/wp-content\/uploads\/2023\/07\/MUSLA-7.mp3<\/a><\/audio>\n<p>&nbsp;<\/p>\n<p><strong>LA RACCOLTA COMPLETA<\/strong><\/p>\n<blockquote class=\"wp-embedded-content\" data-secret=\"r4u8xlMcxX\"><p><a href=\"https:\/\/www.radiopiu.net\/wordpress\/musla\/\">MUSLA<\/a><\/p><\/blockquote>\n<p><iframe loading=\"lazy\" class=\"wp-embedded-content\" sandbox=\"allow-scripts\" security=\"restricted\" style=\"position: absolute; clip: rect(1px, 1px, 1px, 1px);\" title=\"&#8220;MUSLA&#8221; &#8212; Radio Pi\u00f9\" src=\"https:\/\/www.radiopiu.net\/wordpress\/musla\/embed\/#?secret=ehqCg2zht6#?secret=r4u8xlMcxX\" data-secret=\"r4u8xlMcxX\" width=\"600\" height=\"338\" frameborder=\"0\" marginwidth=\"0\" marginheight=\"0\" scrolling=\"no\"><\/iframe><\/p>\n<p>&nbsp;<\/p>\n<hr \/>\n<p>&nbsp;<\/p>\n<p>&nbsp;<\/p>\n<blockquote>\n<h3>SPECIALE CASSA SOLIDARIETA&#8217; LUXOTTICA &#8211; LUGLIO 2023<\/h3>\n<\/blockquote>\n<p><strong><a class=\"dt-pswp-item\" href=\"https:\/\/www.radiopiu.net\/wordpress\/wp-content\/uploads\/2020\/06\/cassa-solidarieta-luxottica.jpg\" data-dt-img-description=\"\" data-large_image_width=\"1167\" data-large_image_height=\"574\"><img loading=\"lazy\" decoding=\"async\" class=\"size-medium wp-image-145244 alignleft\" src=\"https:\/\/www.radiopiu.net\/wordpress\/wp-content\/uploads\/2020\/06\/cassa-solidarieta-luxottica-300x148.jpg\" alt=\"\" width=\"300\" height=\"148\" srcset=\"https:\/\/www.radiopiu.net\/wordpress\/wp-content\/uploads\/2020\/06\/cassa-solidarieta-luxottica-300x148.jpg 300w, https:\/\/www.radiopiu.net\/wordpress\/wp-content\/uploads\/2020\/06\/cassa-solidarieta-luxottica-1024x504.jpg 1024w, https:\/\/www.radiopiu.net\/wordpress\/wp-content\/uploads\/2020\/06\/cassa-solidarieta-luxottica-768x378.jpg 768w, https:\/\/www.radiopiu.net\/wordpress\/wp-content\/uploads\/2020\/06\/cassa-solidarieta-luxottica.jpg 1167w\" sizes=\"auto, (max-width: 300px) 100vw, 300px\" \/><\/a>di\u00a0 MIRKO MEZZACASA<\/strong><\/p>\n<p><strong>OSPITI:<\/strong> Paolo Chissal\u00e8 e il neo eletto presidente, Diego Palmeri<\/p>\n<p>&nbsp;<\/p>\n<p>&nbsp;<\/p>\n<audio class=\"wp-audio-shortcode\" id=\"audio-345155-5\" preload=\"none\" style=\"width: 100%;\" controls=\"controls\"><source type=\"audio\/mpeg\" src=\"https:\/\/www.radiopiu.net\/wordpress\/wp-content\/uploads\/2023\/07\/cassa-solidarieta-aziendale-luxottica-luglio-2023-1.mp3?_=5\" \/><a href=\"https:\/\/www.radiopiu.net\/wordpress\/wp-content\/uploads\/2023\/07\/cassa-solidarieta-aziendale-luxottica-luglio-2023-1.mp3\">https:\/\/www.radiopiu.net\/wordpress\/wp-content\/uploads\/2023\/07\/cassa-solidarieta-aziendale-luxottica-luglio-2023-1.mp3<\/a><\/audio>\n<p>&nbsp;<\/p>\n<hr \/>\n<p>&nbsp;<\/p>\n<blockquote>\n<h3>PROLOCO NELL&#8217;AGORDINO: EVENTI E VOLONTARI<\/h3>\n<\/blockquote>\n<blockquote><p><strong><em><a class=\"dt-pswp-item\" href=\"https:\/\/www.radiopiu.net\/wordpress\/wp-content\/uploads\/2023\/07\/th-4.jpg\" data-dt-img-description=\"\" data-large_image_width=\"180\" data-large_image_height=\"180\"><img loading=\"lazy\" decoding=\"async\" class=\" wp-image-342955 alignleft\" src=\"https:\/\/www.radiopiu.net\/wordpress\/wp-content\/uploads\/2023\/07\/th-4.jpg\" alt=\"\" width=\"91\" height=\"91\" srcset=\"https:\/\/www.radiopiu.net\/wordpress\/wp-content\/uploads\/2023\/07\/th-4.jpg 180w, https:\/\/www.radiopiu.net\/wordpress\/wp-content\/uploads\/2023\/07\/th-4-150x150.jpg 150w\" sizes=\"auto, (max-width: 91px) 100vw, 91px\" \/><\/a>ALLA RADIO&#8230;\u00a0 IL NUOVO PROGRAMMA CON IL CONSORZIO PROLOCO DELL&#8217;AGORDINO, PER TUTTA L&#8217;ESTATE EVENTI E PROTAGONISTI DEL VOLONTARIATO LOCALE.<\/em><\/strong><\/p><\/blockquote>\n<p>&nbsp;<\/p>\n<p><strong>PUNTATA 21 LUGLIO 2023 appuntamenti<\/strong><\/p>\n<audio class=\"wp-audio-shortcode\" id=\"audio-345155-6\" preload=\"none\" style=\"width: 100%;\" controls=\"controls\"><source type=\"audio\/mpeg\" src=\"https:\/\/www.radiopiu.net\/wordpress\/wp-content\/uploads\/2023\/07\/UNPLI-NOTIZIARIO-MONTATO.mp3?_=6\" \/><a href=\"https:\/\/www.radiopiu.net\/wordpress\/wp-content\/uploads\/2023\/07\/UNPLI-NOTIZIARIO-MONTATO.mp3\">https:\/\/www.radiopiu.net\/wordpress\/wp-content\/uploads\/2023\/07\/UNPLI-NOTIZIARIO-MONTATO.mp3<\/a><\/audio>\n<p>&nbsp;<\/p>\n<p>&nbsp;<\/p>\n<p>&nbsp;<\/p>\n<hr \/>\n<p>&nbsp;<\/p>\n<p>&nbsp;<\/p>\n<blockquote>\n<h2>INIZIATA LA SAGRA DEI PER<\/h2>\n<\/blockquote>\n<p><strong><span style=\"color: #ff0000;\">DIRETTA RADIO CON ALESSIO PICCOLI, LORENZO DE BARBA, SAMUELE CAPRARO<\/span><\/strong><\/p>\n<p><iframe loading=\"lazy\" title=\"SAGRA DEI PER 2023\" width=\"1200\" height=\"675\" src=\"https:\/\/www.youtube.com\/embed\/cf6JZ-pW24E?feature=oembed\" frameborder=\"0\" allow=\"accelerometer; autoplay; clipboard-write; encrypted-media; gyroscope; picture-in-picture; web-share\" allowfullscreen><\/iframe><\/p>\n<p>&nbsp;<\/p>\n<blockquote>\n<h3>LA SAGRA DEI PER A BRIBANO DI SEDICO<\/h3>\n<\/blockquote>\n<p><strong>SEDICO<\/strong> Dal 21 al 30 luglio grande festa a Bribano di Sedico con la Sagra dei Per. Musica, Luna Park, cibo, sport, cultura e altro. Sabato 22 Radio Pi\u00f9 40 Live per festeggiare assieme i 40 anni di Radio Pi\u00f9.<\/p>\n<p><strong>IL PROGRAMMA (2 PAGINE)<\/strong><\/p>\n<a href=\"https:\/\/www.radiopiu.net\/wordpress\/wp-content\/uploads\/2023\/07\/FLYER-sagra-dei-per-2023-STAMPA.pdf\" class=\"pdfemb-viewer\" style=\"\" data-width=\"max\" data-height=\"max\" data-toolbar=\"top\" data-toolbar-fixed=\"on\">FLYER sagra dei per 2023 STAMPA<\/a>\n<p>&nbsp;<\/p>\n<hr \/>\n<p>&nbsp;<\/p>\n<blockquote>\n<h3>EVVIVA! E&#8217; TORNATA LA BANDA PATUF! DA VENERDI A TAIBON<\/h3>\n<\/blockquote>\n<p><strong>REDAZIONE\u00a0<\/strong> Lo racconta bene Vasco Rossi l&#8217;importanza del &#8220;vivere una favola&#8221;, come quella che ti fa vivere il circo Patuf, atteso nell&#8217;Agordino, estate dopo esate. Quest&#8217;anno fa tappa a Taibon, in riva al Tegnas, da venerdi al 30 luglio, nei giorni infrasettimanali lo spettacolo inizia alle 20.30, la domenica alle 18.<\/p>\n<p>Stamane, Lidia&#8230;\u00e8\u00a0 venuta a salutarci in radio e noi&#8230;a breve, andremo a trovare lei e tutti i suoi amici ed amiche a Taibon&#8230;<\/p>\n<p><a href=\"https:\/\/www.facebook.com\/profile.php?id=100063692523422&amp;sk=about\">CLICCA QUI FACEBOOK<\/a><\/p>\n<p><iframe loading=\"lazy\" title=\"YouCut 20230719 122524272\" width=\"1200\" height=\"675\" src=\"https:\/\/www.youtube.com\/embed\/hl4YfcrwLo0?feature=oembed\" frameborder=\"0\" allow=\"accelerometer; autoplay; clipboard-write; encrypted-media; gyroscope; picture-in-picture; web-share\" allowfullscreen><\/iframe><\/p>\n<p>&nbsp;<\/p>\n<p><strong>IERI.. LE ANTICIPAZIONI<\/strong><\/p>\n<p><strong>TAIBON<\/strong> Gli artisti del circo Patuf sono pronti per lo spettacolo, nuovo, per la prima volta in provincia con artisti internazionali. In riva al Tegnas (zona sagra de Pasca) appuntamento fino a al 30 luglio, ogni sera alle 20.30, la domenica spettacolo anticipato alle 18.<\/p>\n<p><strong>LE ANTICIPAZIONI CON LIDIA&#8230; ABBIAMO SCONFITTO ANCHE IL VENTO CHE HA PROVATO A DISTURBARCI&#8230;<\/strong><\/p>\n<p>https:\/\/www.facebook.com\/marco.baghy.1\/videos\/244165395083331<\/p>\n<p>&nbsp;<\/p>\n<p>&nbsp;<\/p>\n<p>&nbsp;<\/p>\n<p>&nbsp;<\/p>\n<hr \/>\n<p><img loading=\"lazy\" decoding=\"async\" class=\"alignleft\" src=\"https:\/\/www.radiopiu.net\/wordpress\/wp-content\/uploads\/2023\/07\/dc9c9af4-b634-4244-a5b4-35f63cc1a9b6.jpg\" width=\"131\" height=\"233\" \/><\/p>\n<blockquote>\n<h3>IL TOUR DELLE ERBE, CON ANACLETO BORANGA<\/h3>\n<\/blockquote>\n<p><strong>BELLUNO<\/strong>\u00a0 Una passeggiata guidata in centro citt\u00e0 per conoscere le erba spontanee: appuntamento domenica mattina a Belluno con \u201cErbaccia a me?\u201d, iniziativa che vedr\u00e0 la partecipazione di Anacleto Boranga, divulgatore naturalistico ed ambientale.<\/p>\n<p><strong>di DANIELE DALVIT<\/strong><\/p>\n<audio class=\"wp-audio-shortcode\" id=\"audio-345155-7\" preload=\"none\" style=\"width: 100%;\" controls=\"controls\"><source type=\"audio\/mpeg\" src=\"https:\/\/www.radiopiu.net\/wordpress\/wp-content\/uploads\/2023\/07\/Radio-Piu-Servizio-Tour-erbe-Belluno.mp3?_=7\" \/><a href=\"https:\/\/www.radiopiu.net\/wordpress\/wp-content\/uploads\/2023\/07\/Radio-Piu-Servizio-Tour-erbe-Belluno.mp3\">https:\/\/www.radiopiu.net\/wordpress\/wp-content\/uploads\/2023\/07\/Radio-Piu-Servizio-Tour-erbe-Belluno.mp3<\/a><\/audio>\n<p>&nbsp;<\/p>\n<hr \/>\n<p>&nbsp;<\/p>\n<blockquote>\n<h3>SAN LUCANO 2023, TRE GIORNI DI FESTA IN VALLE<\/h3>\n<\/blockquote>\n<p><strong><a class=\"dt-pswp-item\" href=\"https:\/\/www.radiopiu.net\/wordpress\/wp-content\/uploads\/2023\/07\/Senza-nome-43.png\" data-dt-img-description=\"\" data-large_image_width=\"121\" data-large_image_height=\"105\"><img loading=\"lazy\" decoding=\"async\" class=\"size-full wp-image-344598 alignleft\" src=\"https:\/\/www.radiopiu.net\/wordpress\/wp-content\/uploads\/2023\/07\/Senza-nome-43.png\" alt=\"\" width=\"121\" height=\"105\" \/><\/a> Silvano Ben &#8220;Piciol&#8221; Proloco Taibon Agordino\u00a0<\/strong><\/p>\n<p>di Mirko Mezzacasa<\/p>\n<audio class=\"wp-audio-shortcode\" id=\"audio-345155-8\" preload=\"none\" style=\"width: 100%;\" controls=\"controls\"><source type=\"audio\/mpeg\" src=\"https:\/\/www.radiopiu.net\/wordpress\/wp-content\/uploads\/2023\/07\/SILVANO-PROLOCO-TAIBON.mp3?_=8\" \/><a href=\"https:\/\/www.radiopiu.net\/wordpress\/wp-content\/uploads\/2023\/07\/SILVANO-PROLOCO-TAIBON.mp3\">https:\/\/www.radiopiu.net\/wordpress\/wp-content\/uploads\/2023\/07\/SILVANO-PROLOCO-TAIBON.mp3<\/a><\/audio>\n<p><strong>\u00a0<\/strong><\/p>\n<p>&nbsp;<\/p>\n<hr \/>\n<blockquote>\n<h3>VI edizione del Festival internazionale di musica antica in Val di Zoldo<\/h3>\n<\/blockquote>\n<p><em> e per il quarto concerto di Luglio Jazz e dintorni, XXXIV edizione 2023 dei concerti in Villa e nelle Corti<\/em><\/p>\n<p><strong>oggi alle 19<\/strong>:\u00a0 Stefano Rattini, organo in Chiesa a Pieve di Val di Zoldo &#8220;Arte e Musica tra Pelmo e Civetta&#8221; Ingresso libero<br \/>\n<strong>domani\u00a0 alle 17:30<\/strong> Overland nel del Chiostro Seminario Gregoriano Lollino, Belluno<br \/>\nLa storia del country-rock dai Byrds agli Eagles.<\/p>\n\n\t\t\t<style type='text\/css'>\n\t\t\t\t#gallery-8 {\n\t\t\t\t\tmargin: auto;\n\t\t\t\t}\n\t\t\t\t#gallery-8 .gallery-item {\n\t\t\t\t\tfloat: left;\n\t\t\t\t\tmargin-top: 10px;\n\t\t\t\t\ttext-align: center;\n\t\t\t\t\twidth: 50%;\n\t\t\t\t}\n\t\t\t\t#gallery-8 img {\n\t\t\t\t\tborder: 2px solid #cfcfcf;\n\t\t\t\t}\n\t\t\t\t#gallery-8 .gallery-caption {\n\t\t\t\t\tmargin-left: 0;\n\t\t\t\t}\n\t\t\t\t\/* see gallery_shortcode() in wp-includes\/media.php *\/\n\t\t\t<\/style>\n\t\t<div id='gallery-8' class='dt-gallery-container gallery galleryid-345155 gallery-columns-2 gallery-size-thumbnail'><dl class='gallery-item'>\n\t\t\t\t<dt class='gallery-icon portrait'>\n\t\t\t\t\t<a class=\"rollover rollover-zoom dt-pswp-item\" title=\"Arte e Musica_ Stefano_Rattini\" data-dt-img-description=\"\" data-large_image_width=\"1707\" data-large_image_height=\"2560\"href='https:\/\/www.radiopiu.net\/wordpress\/wp-content\/uploads\/2023\/07\/Arte-e-Musica_-Stefano_Rattini.jpg'><img loading=\"lazy\" decoding=\"async\" width=\"150\" height=\"150\" src=\"https:\/\/www.radiopiu.net\/wordpress\/wp-content\/uploads\/2023\/07\/Arte-e-Musica_-Stefano_Rattini-150x150.jpg\" class=\"attachment-thumbnail size-thumbnail\" alt=\"\" \/><\/a>\n\t\t\t\t<\/dt><\/dl><dl class='gallery-item'>\n\t\t\t\t<dt class='gallery-icon landscape'>\n\t\t\t\t\t<a class=\"rollover rollover-zoom dt-pswp-item\" title=\"Overland\" data-dt-img-description=\"\" data-large_image_width=\"1250\" data-large_image_height=\"832\"href='https:\/\/www.radiopiu.net\/wordpress\/wp-content\/uploads\/2023\/07\/Overland.jpg'><img loading=\"lazy\" decoding=\"async\" width=\"150\" height=\"150\" src=\"https:\/\/www.radiopiu.net\/wordpress\/wp-content\/uploads\/2023\/07\/Overland-150x150.jpg\" class=\"attachment-thumbnail size-thumbnail\" alt=\"\" \/><\/a>\n\t\t\t\t<\/dt><\/dl><br style=\"clear: both\" \/>\n\t\t\t<\/div>\n\n<p>&nbsp;<\/p>\n<hr \/>\n<p>&nbsp;<\/p>\n<blockquote>\n<h3><a class=\"dt-pswp-item\" href=\"https:\/\/www.radiopiu.net\/wordpress\/wp-content\/uploads\/2023\/07\/SCR-20230714-stid.png\" data-dt-img-description=\"\" data-large_image_width=\"1264\" data-large_image_height=\"944\"><img loading=\"lazy\" decoding=\"async\" class=\" wp-image-344140 alignleft\" src=\"https:\/\/www.radiopiu.net\/wordpress\/wp-content\/uploads\/2023\/07\/SCR-20230714-stid-300x224.png\" alt=\"\" width=\"212\" height=\"158\" srcset=\"https:\/\/www.radiopiu.net\/wordpress\/wp-content\/uploads\/2023\/07\/SCR-20230714-stid-300x224.png 300w, https:\/\/www.radiopiu.net\/wordpress\/wp-content\/uploads\/2023\/07\/SCR-20230714-stid-1024x765.png 1024w, https:\/\/www.radiopiu.net\/wordpress\/wp-content\/uploads\/2023\/07\/SCR-20230714-stid-768x574.png 768w, https:\/\/www.radiopiu.net\/wordpress\/wp-content\/uploads\/2023\/07\/SCR-20230714-stid.png 1264w\" sizes=\"auto, (max-width: 212px) 100vw, 212px\" \/><\/a>LA PASTASCIUTTA ANTIFASCISTA<\/h3>\n<\/blockquote>\n<p><strong>CESIOMAGGIORE<\/strong><\/p>\n<p>di Roberto Bona<\/p>\n<audio class=\"wp-audio-shortcode\" id=\"audio-345155-9\" preload=\"none\" style=\"width: 100%;\" controls=\"controls\"><source type=\"audio\/mpeg\" src=\"https:\/\/www.radiopiu.net\/wordpress\/wp-content\/uploads\/2023\/07\/BONA-PASTASCIUTTA-ANTIFASCISTA-25-LUGLIO.mp3?_=9\" \/><a href=\"https:\/\/www.radiopiu.net\/wordpress\/wp-content\/uploads\/2023\/07\/BONA-PASTASCIUTTA-ANTIFASCISTA-25-LUGLIO.mp3\">https:\/\/www.radiopiu.net\/wordpress\/wp-content\/uploads\/2023\/07\/BONA-PASTASCIUTTA-ANTIFASCISTA-25-LUGLIO.mp3<\/a><\/audio>\n<p>&nbsp;<\/p>\n<hr \/>\n<p>&nbsp;<\/p>\n<h2><span style=\"color: #ff0000;\">GLI APPUNTAMENTI DELLA SETTIMANA\u00a0\u00a0<\/span><\/h2>\n<p>&nbsp;<\/p>\n<blockquote>\n<h3>LA SANTA MESSA AL COL DE SAN LUGAN<\/h3>\n<\/blockquote>\n<p><strong>TAIBON<\/strong> Oggi alle 10:30 al Col De San Lugan in Valle di San Lucano verr\u00e0 celebrata la Santa Messa. Pranzo al sacco.<\/p>\n<p>&nbsp;<\/p>\n<blockquote>\n<h3>LA STUA, DOVE RINASCE LO STUDIO BALLIS<\/h3>\n<\/blockquote>\n<p><strong>ALLEGHE<\/strong> Oggi alle 18 in Corso Venezia a Masare&#8217;, Laura Ballis con Vico Calabro&#8217; e Giovanni Sogne inaugura il nuovo studio d&#8217;arte &#8220;La Stua&#8221;, rinato dopo la tempesta Vaia dell&#8217;autunno 2018.<\/p>\n<p>&nbsp;<\/p>\n<blockquote>\n<h3>LA TESI DI LAUREA DI MASSIMO CANDURA<\/h3>\n<\/blockquote>\n<p><strong>CANALE D&#8217;AGORDO<\/strong> Oggi alle 21 in Sala Lina Zand\u00f2 di Canale D&#8217;Agordo l&#8217;incontro con l&#8217;On. Massimo Candura che presentar\u00e0 la sua tesi di laurea dal titolo &#8220;La diplomazia del sorriso, la politica estera di Papa Luciani&#8221;<\/p>\n<blockquote>\n<h3><\/h3>\n<h3>L&#8217;ESTATE DEI MERCATINI AD AGORDO<\/h3>\n<\/blockquote>\n<p><strong>AGORDO<\/strong> Tornano i mercatini d&#8217;estate ad Agordo. Il primo appuntamento domani dalle 6 alle 19 sul Broi di Agordo con il mercatino dell&#8217;antiquariato. Per informazioni 349 3984682<\/p>\n<p>&nbsp;<\/p>\n<blockquote>\n<h3>BEER FEST A FORCELLA AURINE<\/h3>\n<\/blockquote>\n<p><strong>GOSALDO <\/strong>Pomeriggio di festa a Forcella Aurine domani con il Beer Fest in occasione della Sali E Scendi, terza tappa della Corri Poi<\/p>\n<p>&nbsp;<\/p>\n<blockquote>\n<h3>DOMANI AD AGORDO SERATA COVER<\/h3>\n<\/blockquote>\n<p><strong>AGORDO<\/strong> Oggi sera al Bar delle Bocce, zona impianti sportivi (campi di tennis-piscina) Tributo a Vasco Rossi e Luciano Ligabue.<\/p>\n<blockquote>\n<h3><\/h3>\n<h3>LE VISITE GUIDATE CON L&#8217;ASSOCIAZIONE CAMPEDEL<\/h3>\n<\/blockquote>\n<p><strong>BELLUNO<\/strong> A partire da domenica prossima e per tutti i pomeriggi domenicali fino al 3 settembre la chiesa di San Pietro, con i suoi chiostri e le sue cappelle, sar\u00e0 aperta ai visitatori dalle 15.30 alle 18.00. Si ripete cos\u00ec l&#8217;ormai classica iniziativa dell&#8217;associazione Campedel e del Seminario Gregoriano che propongono percorsi guidati tra i capolavori di pittura, scultura e architettura dell&#8217;omonimo complesso religioso del centro storico.<\/p>\n<p>&nbsp;<\/p>\n<blockquote>\n<h3>DOMENICA CON IL CAI DI AGORDO AL CORNO NERO, GRUPPO LATEMAR<\/h3>\n<\/blockquote>\n<p><strong>AGORDO\u00a0<\/strong> Piacevole escursione ad anello che dalle praterie del Passo Oclini raggiunge la sommit\u00e0 del Corno Nero, monte che prende il nome dal colore delle sue rocce scure di quarzi porfirici e fa da contrasto al vicino Corno Bianco composto da Dolomia. Una salita senza grandi difficolt\u00e0, ma non banale con i suoi ripidi versanti e aeree creste erbose. Ampia la vista che si gode dalla cima. <strong>Info 380 6983040<\/strong><\/p>\n<p>&nbsp;<\/p>\n<h2><span style=\"color: #ff0000;\">PROSSIMAMENTE&#8230;\u00a0<\/span><\/h2>\n<p>&nbsp;<\/p>\n<blockquote>\n<h3>CONCERTI IN ALTA QUOTA CON &#8220;MELODIE NEL BOSCO, SUSSURRI TRA LE DOLOMITI&#8221;<\/h3>\n<\/blockquote>\n<p><strong><a class=\"dt-pswp-item\" href=\"https:\/\/www.radiopiu.net\/wordpress\/wp-content\/uploads\/2018\/07\/Pota-l_Orso_Bosco-degli-Artisti.png\" data-dt-img-description=\"\" data-large_image_width=\"750\" data-large_image_height=\"534\"><img loading=\"lazy\" decoding=\"async\" class=\" wp-image-55065 alignleft\" src=\"https:\/\/www.radiopiu.net\/wordpress\/wp-content\/uploads\/2018\/07\/Pota-l_Orso_Bosco-degli-Artisti-300x214.png\" alt=\"\" width=\"199\" height=\"142\" srcset=\"https:\/\/www.radiopiu.net\/wordpress\/wp-content\/uploads\/2018\/07\/Pota-l_Orso_Bosco-degli-Artisti-300x214.png 300w, https:\/\/www.radiopiu.net\/wordpress\/wp-content\/uploads\/2018\/07\/Pota-l_Orso_Bosco-degli-Artisti.png 750w\" sizes=\"auto, (max-width: 199px) 100vw, 199px\" \/><\/a>FALCADE<\/strong>\u00a0 &#8220;Melodie nel Bosco, sussurri tra le Dolomiti&#8221;. Si chiama cos\u00ec il festival che porter\u00e0 quattro concerti a 2.000 metri di altitudine per far incontrare musica e natura al cospetto di vette come Mulaz e Focobon.\u00a0 A fare da teatro sar\u00e0 il Bosco degli Artisti di Falcade, galleria d\u2019arte a cielo aperto che sorge in localit\u00e0 Le Buse, nella Ski Area San Pellegrino. Concerti in programma alle 10:30. Sabato 29 luglio si esibir\u00e0 il Coro Val Biois con intermezzo di Nina &amp; Nena duo. Sabato 12 agosto spazio a Fourback con un tributo ai Beatles. Sabato 26 agosto toccher\u00e0 a Emanuele Bastanzetti, da Bach a Kreisler &#8211; sinfonie di violino.<\/p>\n<p>&nbsp;<\/p>\n<blockquote>\n<h3>LA PASTASCIUTTA ANTIFASCISTA A BUSCHE<\/h3>\n<\/blockquote>\n<p><strong>CESIOMAGGIORE<\/strong> Sar\u00e0 Busche ad ospitare la pastasciutta antifascista 2023. Marted\u00ec 25 luglio a partire dalle 14:30 inizia la festa. Alle 15 lo spettacolo di burattini, alle 16 Fast Fashion con gli studenti di Rete Studenti Medi, a seguire il convegno dal titolo &#8220;Democratica, Artificiale e Intelligente?&#8221;. Alle 19:15 si pranza con la pastasciutta gratuita per tutti e musica con Sandro Del Luca e Nelson Salton. Organizzano SPI CGIL, Comune di Cesiomaggiore e Ulss 1 Dolomiti.<\/p>\n<p>&nbsp;<\/p>\n<blockquote>\n<h3>UN CHIACCHIERATA CON TONI CAPUOZZO<\/h3>\n<\/blockquote>\n<p><strong>FONZASO<\/strong> Mercoled\u00ec alle 20 al britot del Dolomiti Hub sar\u00e0 ospite il giornalista Mediaset Toni Capuozzo. Racconter\u00e0 la sua esperienza di inviato di guerra e di scrittore.<\/p>\n<p>&nbsp;<\/p>\n<hr \/>\n<p>&nbsp;<\/p>\n<p>&nbsp;<\/p>\n<p><strong><img loading=\"lazy\" decoding=\"async\" class=\"img-responsive alignleft\" src=\"https:\/\/www.cartacarbonefestival.it\/wp-content\/uploads\/2021\/09\/annibale-salsa-458x458.jpg\" alt=\"Annibale Salsa\" width=\"155\" height=\"155\" data-pagespeed-url-hash=\"770813655\" \/>GIOVEDI A COLLE SANTA LUCIA IL SECONDO APPUNTAMENTO CON L&#8217;ASSOCIAZIONE TURISTICA COLLE SANTA LUCIA.\u00a0 MATTEO RIGHETTO DIALOGA CON ANNIBALE SALSA, ANTROPOLOGO E CONOSCITORE DELLE ALPI (FOTO).\u00a0<\/strong><\/p>\n<p><span style=\"color: #ff0000;\">LO SPOT ALLA RADIO<\/span><\/p>\n<audio class=\"wp-audio-shortcode\" id=\"audio-345155-10\" preload=\"none\" style=\"width: 100%;\" controls=\"controls\"><source type=\"audio\/mpeg\" src=\"https:\/\/www.radiopiu.net\/wordpress\/wp-content\/uploads\/2023\/07\/SECONDO-APPUNTAMENTO-COLLE.mp3?_=10\" \/><a href=\"https:\/\/www.radiopiu.net\/wordpress\/wp-content\/uploads\/2023\/07\/SECONDO-APPUNTAMENTO-COLLE.mp3\">https:\/\/www.radiopiu.net\/wordpress\/wp-content\/uploads\/2023\/07\/SECONDO-APPUNTAMENTO-COLLE.mp3<\/a><\/audio>\n<div class=\"col-sm-5\"><\/div>\n<div class=\"col-sm-7\">\n<h2 class=\"speaker-title\"><\/h2>\n<\/div>\n<hr \/>\n<blockquote>\n<h3><\/h3>\n<h3>FESTA IN PINETA A CENCENIGHE<\/h3>\n<\/blockquote>\n<p><strong>CENCENIGHE<\/strong> Gli alpini di Cencenighe organizzano la festa in pineta sabato 29 e domenica 30 luglio. Sabato apertitivo e DJ set dalle 17. Domenica ritrovo in pineta e santa messa alle 10:30, alle 12 apertura cucine e nel pomeriggio musica folk<\/p>\n<p>&nbsp;<\/p>\n<blockquote>\n<h3>TALK CRISTIANO AD AGORDO<\/h3>\n<p><strong>L&#8217;INVITO DI CRISTINA<\/strong><\/p>\n<audio class=\"wp-audio-shortcode\" id=\"audio-345155-11\" preload=\"none\" style=\"width: 100%;\" controls=\"controls\"><source type=\"audio\/mpeg\" src=\"https:\/\/www.radiopiu.net\/wordpress\/wp-content\/uploads\/2023\/07\/CRISTINA.mp3?_=11\" \/><a href=\"https:\/\/www.radiopiu.net\/wordpress\/wp-content\/uploads\/2023\/07\/CRISTINA.mp3\">https:\/\/www.radiopiu.net\/wordpress\/wp-content\/uploads\/2023\/07\/CRISTINA.mp3<\/a><\/audio><\/blockquote>\n<p><strong>AGORDO<\/strong> Domenica 30 luglio alle 18 al Centro Parrocchiale di Agordo un incontro dal titolo &#8220;Talk Cristiano, il significato della crocifissione di Ges\u00f9 Cristo<\/p>\n<p>&nbsp;<\/p>\n<blockquote>\n<h3>IL CORSO DI CALLIGRAFIA IN VAL DI ZOLDO<\/h3>\n<\/blockquote>\n<p><strong>VAL DI ZOLDO<\/strong><\/p>\n<p>Tra le proposte estive della Val di Zoldo c\u2019\u00e8 anche il Corso di Calligrafia &#8211; \u00c8 bello scrivere \u2013 che sar\u00e0 tenuto\u00a0 dalla prof. Anna Schettin, docente di Calligrafia e Lettering, sabato 29 e domenica 30 luglio, a Pieve di Zoldo. Per informazioni telefonare al numero 333 358 7405.<\/p>\n<p>&nbsp;<\/p>\n<p>&nbsp;<\/p>\n<hr \/>\n<p>&nbsp;<\/p>\n<blockquote>\n<h3>APERITIVO ? MA MAI SENZA MUSICA<\/h3>\n<\/blockquote>\n<p><a class=\"dt-pswp-item\" href=\"https:\/\/www.radiopiu.net\/wordpress\/wp-content\/uploads\/2023\/07\/d86dbc06-7161-49d4-b544-90770e85269f.jpg\" data-dt-img-description=\"\" data-large_image_width=\"1448\" data-large_image_height=\"2048\"><img loading=\"lazy\" decoding=\"async\" class=\" wp-image-342766 alignleft\" src=\"https:\/\/www.radiopiu.net\/wordpress\/wp-content\/uploads\/2023\/07\/d86dbc06-7161-49d4-b544-90770e85269f-212x300.jpg\" alt=\"\" width=\"133\" height=\"189\" srcset=\"https:\/\/www.radiopiu.net\/wordpress\/wp-content\/uploads\/2023\/07\/d86dbc06-7161-49d4-b544-90770e85269f-212x300.jpg 212w, https:\/\/www.radiopiu.net\/wordpress\/wp-content\/uploads\/2023\/07\/d86dbc06-7161-49d4-b544-90770e85269f-724x1024.jpg 724w, https:\/\/www.radiopiu.net\/wordpress\/wp-content\/uploads\/2023\/07\/d86dbc06-7161-49d4-b544-90770e85269f-768x1086.jpg 768w, https:\/\/www.radiopiu.net\/wordpress\/wp-content\/uploads\/2023\/07\/d86dbc06-7161-49d4-b544-90770e85269f-1086x1536.jpg 1086w, https:\/\/www.radiopiu.net\/wordpress\/wp-content\/uploads\/2023\/07\/d86dbc06-7161-49d4-b544-90770e85269f.jpg 1448w\" sizes=\"auto, (max-width: 133px) 100vw, 133px\" \/><\/a>Dimentica la routine, concediti un momento di relax e divertimento con amici e familiari. L&#8217;aperitivo in musica all&#8217;Hotel Stella Alpina in piazza a Falcade \u00e8 l&#8217;occasione perfetta per socializzare e creare ricordi preziosi.Ogni venerd\u00ec di luglio ed agosto, l&#8217;Hotel Stella Alpina vi accoglie per una serata di puro divertimento, dalle 18 alle 21. I\u00a0venerdi di luglio ed agosto allo Stella alpina, appuntamento con la buona musica e le specialit\u00e0 che sapranno deliziarvi il palato. INFO 0437 599046. <a class=\"moz-txt-link-abbreviated\" href=\"http:\/\/WWW.HOTEL\">WWW.HOTEL<\/a> STELLA ALPINA . COM<\/p>\n<p><strong>VENERDI 28 LUGLIO<\/strong> GLI OROPURO IN CONCERTO e piatto misto di pesce<\/p>\n<p><strong>VENERDI 4 AGOSTO<\/strong> SMILE IN CONCERTO\u00a0 e tacos con pulled pork fatti in casa<\/p>\n<p>&nbsp;<\/p>\n<p>&nbsp;<\/p>\n<hr \/>\n<p>&nbsp;<\/p>\n<blockquote>\n<h3>APERTE LE VISITE ALLA CHIESA DI CELAT E ALLE LATTERIE DELLA VALLE DEL BIOIS<\/h3>\n<\/blockquote>\n\n\t\t\t<style type='text\/css'>\n\t\t\t\t#gallery-9 {\n\t\t\t\t\tmargin: auto;\n\t\t\t\t}\n\t\t\t\t#gallery-9 .gallery-item {\n\t\t\t\t\tfloat: left;\n\t\t\t\t\tmargin-top: 10px;\n\t\t\t\t\ttext-align: center;\n\t\t\t\t\twidth: 33%;\n\t\t\t\t}\n\t\t\t\t#gallery-9 img {\n\t\t\t\t\tborder: 2px solid #cfcfcf;\n\t\t\t\t}\n\t\t\t\t#gallery-9 .gallery-caption {\n\t\t\t\t\tmargin-left: 0;\n\t\t\t\t}\n\t\t\t\t\/* see gallery_shortcode() in wp-includes\/media.php *\/\n\t\t\t<\/style>\n\t\t<div id='gallery-9' class='dt-gallery-container gallery galleryid-345155 gallery-columns-3 gallery-size-thumbnail'><dl class='gallery-item'>\n\t\t\t\t<dt class='gallery-icon portrait'>\n\t\t\t\t\t<a class=\"rollover rollover-zoom dt-pswp-item\" title=\"Apertura chiesa di Celat\" data-dt-img-description=\"\" data-large_image_width=\"1240\" data-large_image_height=\"1754\"href='https:\/\/www.radiopiu.net\/wordpress\/wp-content\/uploads\/2023\/07\/Apertura-chiesa-di-Celat.jpg'><img loading=\"lazy\" decoding=\"async\" width=\"150\" height=\"150\" src=\"https:\/\/www.radiopiu.net\/wordpress\/wp-content\/uploads\/2023\/07\/Apertura-chiesa-di-Celat-150x150.jpg\" class=\"attachment-thumbnail size-thumbnail\" alt=\"\" \/><\/a>\n\t\t\t\t<\/dt><\/dl><dl class='gallery-item'>\n\t\t\t\t<dt class='gallery-icon landscape'>\n\t\t\t\t\t<a class=\"rollover rollover-zoom dt-pswp-item\" title=\"Pieghevole Latterie storiche Valle del Biois\" data-dt-img-description=\"\" data-large_image_width=\"1754\" data-large_image_height=\"1240\"href='https:\/\/www.radiopiu.net\/wordpress\/wp-content\/uploads\/2023\/07\/Pieghevole-Latterie-storiche-Valle-del-Biois.jpg'><img loading=\"lazy\" decoding=\"async\" width=\"150\" height=\"150\" src=\"https:\/\/www.radiopiu.net\/wordpress\/wp-content\/uploads\/2023\/07\/Pieghevole-Latterie-storiche-Valle-del-Biois-150x150.jpg\" class=\"attachment-thumbnail size-thumbnail\" alt=\"\" \/><\/a>\n\t\t\t\t<\/dt><\/dl><dl class='gallery-item'>\n\t\t\t\t<dt class='gallery-icon landscape'>\n\t\t\t\t\t<a class=\"rollover rollover-zoom dt-pswp-item\" title=\"Pieghevole Latterie storiche Valle del Biois 2\" data-dt-img-description=\"\" data-large_image_width=\"1754\" data-large_image_height=\"1240\"href='https:\/\/www.radiopiu.net\/wordpress\/wp-content\/uploads\/2023\/07\/Pieghevole-Latterie-storiche-Valle-del-Biois-2.jpg'><img loading=\"lazy\" decoding=\"async\" width=\"150\" height=\"150\" src=\"https:\/\/www.radiopiu.net\/wordpress\/wp-content\/uploads\/2023\/07\/Pieghevole-Latterie-storiche-Valle-del-Biois-2-150x150.jpg\" class=\"attachment-thumbnail size-thumbnail\" alt=\"\" \/><\/a>\n\t\t\t\t<\/dt><\/dl><br style=\"clear: both\" \/>\n\t\t\t<\/div>\n\n<p>&nbsp;<\/p>\n<p>&nbsp;<\/p>\n<div class=\"message spoilers-container\" dir=\"auto\">\n<div class=\"column\">\n<div class=\"message spoilers-container\" dir=\"auto\">\n<div class=\"column\">\n<hr \/>\n<p>&nbsp;<\/p>\n<p><img loading=\"lazy\" decoding=\"async\" class=\"aligncenter wp-image-61954 size-full\" src=\"https:\/\/www.radiopiu.net\/wordpress\/wp-content\/uploads\/2018\/09\/viabilita.jpeg\" sizes=\"auto, (max-width: 800px) 100vw, 800px\" srcset=\"https:\/\/www.radiopiu.net\/wordpress\/wp-content\/uploads\/2018\/09\/viabilita.jpeg 800w, https:\/\/www.radiopiu.net\/wordpress\/wp-content\/uploads\/2018\/09\/viabilita-300x38.jpeg 300w, https:\/\/www.radiopiu.net\/wordpress\/wp-content\/uploads\/2018\/09\/viabilita-768x96.jpeg 768w\" alt=\"\" width=\"800\" height=\"100\" \/><\/p>\n<\/div>\n<\/div>\n<div class=\"message spoilers-container\" dir=\"auto\">\n<div class=\"column\">\n<p>&nbsp;<\/p>\n<\/div>\n<\/div>\n<\/div>\n<\/div>\n<blockquote class=\"wp-embedded-content\" data-secret=\"Lm6EX0BrkU\"><p><a href=\"https:\/\/www.radiopiu.net\/wordpress\/viabilita\/\">viabilita<\/a><\/p><\/blockquote>\n<p><iframe loading=\"lazy\" class=\"wp-embedded-content\" sandbox=\"allow-scripts\" security=\"restricted\" style=\"position: absolute; clip: rect(1px, 1px, 1px, 1px);\" title=\"&#8220;viabilita&#8221; &#8212; Radio Pi\u00f9\" src=\"https:\/\/www.radiopiu.net\/wordpress\/viabilita\/embed\/#?secret=feqvIakPdz#?secret=Lm6EX0BrkU\" data-secret=\"Lm6EX0BrkU\" width=\"600\" height=\"338\" frameborder=\"0\" marginwidth=\"0\" marginheight=\"0\" scrolling=\"no\"><\/iframe><\/p>\n<div class=\"message spoilers-container\" dir=\"auto\">\n<div class=\"column\">\n<div class=\"message spoilers-container\" dir=\"auto\">\n<div class=\"column\">\n<div>\n<div dir=\"ltr\">\n<div class=\"gmail_quote\">\n<div dir=\"ltr\">\n<div><\/div>\n<div>\n<hr \/>\n<\/div>\n<div><a class=\"dt-pswp-item\" href=\"https:\/\/www.radiopiu.net\/wordpress\/wp-content\/uploads\/2023\/06\/07493af4-f8e1-4ce3-bb99-e0a40362939f.jpg\" data-dt-img-description=\"\" data-large_image_width=\"1417\" data-large_image_height=\"1481\"><img loading=\"lazy\" decoding=\"async\" class=\"wp-image-339869 aligncenter\" src=\"https:\/\/www.radiopiu.net\/wordpress\/wp-content\/uploads\/2023\/06\/07493af4-f8e1-4ce3-bb99-e0a40362939f-980x1024.jpg\" alt=\"\" width=\"382\" height=\"399\" srcset=\"https:\/\/www.radiopiu.net\/wordpress\/wp-content\/uploads\/2023\/06\/07493af4-f8e1-4ce3-bb99-e0a40362939f-980x1024.jpg 980w, https:\/\/www.radiopiu.net\/wordpress\/wp-content\/uploads\/2023\/06\/07493af4-f8e1-4ce3-bb99-e0a40362939f-287x300.jpg 287w, https:\/\/www.radiopiu.net\/wordpress\/wp-content\/uploads\/2023\/06\/07493af4-f8e1-4ce3-bb99-e0a40362939f-768x803.jpg 768w, https:\/\/www.radiopiu.net\/wordpress\/wp-content\/uploads\/2023\/06\/07493af4-f8e1-4ce3-bb99-e0a40362939f.jpg 1417w\" sizes=\"auto, (max-width: 382px) 100vw, 382px\" \/><\/a><\/div>\n<div><\/div>\n<\/div>\n<\/div>\n<\/div>\n<\/div>\n<hr \/>\n<p>&nbsp;<\/p>\n<p><a class=\"dt-pswp-item\" href=\"https:\/\/www.radiopiu.net\/wordpress\/wp-content\/uploads\/2018\/09\/WhatsApp-Image-2018-09-20-at-16.04.06.jpeg\" data-dt-img-description=\"\" data-large_image_width=\"800\" data-large_image_height=\"100\"><img loading=\"lazy\" decoding=\"async\" class=\"wp-image-61378 size-full aligncenter\" src=\"https:\/\/www.radiopiu.net\/wordpress\/wp-content\/uploads\/2018\/09\/WhatsApp-Image-2018-09-20-at-16.04.06.jpeg\" alt=\"\" width=\"800\" height=\"100\" srcset=\"https:\/\/www.radiopiu.net\/wordpress\/wp-content\/uploads\/2018\/09\/WhatsApp-Image-2018-09-20-at-16.04.06.jpeg 800w, https:\/\/www.radiopiu.net\/wordpress\/wp-content\/uploads\/2018\/09\/WhatsApp-Image-2018-09-20-at-16.04.06-300x38.jpeg 300w, https:\/\/www.radiopiu.net\/wordpress\/wp-content\/uploads\/2018\/09\/WhatsApp-Image-2018-09-20-at-16.04.06-768x96.jpeg 768w\" sizes=\"auto, (max-width: 800px) 100vw, 800px\" \/><\/a><\/p>\n<\/div>\n<\/div>\n<div class=\"message spoilers-container\" dir=\"auto\">\n<p>&nbsp;<\/p>\n<p><center><\/center><center><b>OGGI<\/b><\/center>Fino a met\u00e0 pomeriggio variabile a tratti instabile con cielo irregolarmente nuvoloso. Da met\u00e0 pomeriggio tendenza a schiarite via via pi\u00f9 ampie fino a poco nuvoloso in serata.<br \/>\n<b>Precipitazioni: <\/b>Fino a met\u00e0 pomeriggio, a tratti, probabili rovesci o isolati temporali (50-70 %) specie su Prealpi un p\u00f2 pi\u00f9 probabili tra la tarda mattinata e met\u00e0 pomeriggio. Non esclusi locali temporali di forte intensit\u00e0 su Prealpi (grandine, forti raffiche di vento e forti rovesci).<br \/>\n<b>Temperature: <\/b>Temperature in ulteriore generale calo<\/p>\n<hr \/>\n<p><center><b>DOMANI<\/b><\/center>Ampie schiarite alternate a qualche annuvolamento specie durante le ore centrali, verso sera tendenza a sereno o poco nuvoloso ovunque.<br \/>\n<b>Precipitazioni: <\/b>Non del tutto esclusa la possibilit\u00e0 di un rovescio durante le ore centrali (10-30%)<br \/>\n<b>Temperature: <\/b>Temperature minime in lieve calo, massime in aumento.<\/p>\n<hr \/>\n<p><center><b>LUNEDI<\/b><\/center>Al mattino poco nuvoloso con possibili nubi basse in rapido dissolvimento in alcune valli, dalle ore centrali e nel pomeriggio irregolare aumento della nuvolosit\u00e0 assieme alla probabilit\u00e0 di rovesci e temporali sparsi. Temperature in aumento e nuovamente ben sopra la media<\/p>\n<hr \/>\n<p><center><b>MARTEDI<\/b><\/center>Al mattino poco nuvoloso, dalle ore centrali sviluppo di nubi cumuliformi con possibili rovesci o temporali sparsi. Temperature in lieve calo.<\/p>\n<p>&nbsp;<\/p>\n<\/div>\n<div class=\"message spoilers-container\" dir=\"auto\">\n<hr \/>\n<p>&nbsp;<\/p>\n<p><img loading=\"lazy\" decoding=\"async\" class=\"wp-image-60761 size-full aligncenter\" src=\"https:\/\/www.radiopiu.net\/wordpress\/wp-content\/uploads\/2018\/09\/sport.jpg\" alt=\"\" width=\"800\" height=\"100\" srcset=\"https:\/\/www.radiopiu.net\/wordpress\/wp-content\/uploads\/2018\/09\/sport.jpg 800w, https:\/\/www.radiopiu.net\/wordpress\/wp-content\/uploads\/2018\/09\/sport-300x38.jpg 300w, https:\/\/www.radiopiu.net\/wordpress\/wp-content\/uploads\/2018\/09\/sport-768x96.jpg 768w\" sizes=\"auto, (max-width: 800px) 100vw, 800px\" \/><\/p>\n<p>&nbsp;<\/p>\n<p><span style=\"color: #0000ff;\"><strong>CALCIO<\/strong><\/span><\/p>\n<blockquote>\n<h3>DOMANI LE SEMIFINALI DEL CAMPIONATO AGORDINO DI CALCIO<\/h3>\n<\/blockquote>\n<p><strong><a class=\"dt-pswp-item\" href=\"https:\/\/www.radiopiu.net\/wordpress\/wp-content\/uploads\/2023\/03\/CAMPIONATO-AGORDINO-2023.png\" data-dt-img-description=\"\" data-large_image_width=\"1434\" data-large_image_height=\"938\"><img loading=\"lazy\" decoding=\"async\" class=\" wp-image-327073 alignleft\" src=\"https:\/\/www.radiopiu.net\/wordpress\/wp-content\/uploads\/2023\/03\/CAMPIONATO-AGORDINO-2023-300x196.png\" alt=\"\" width=\"202\" height=\"132\" srcset=\"https:\/\/www.radiopiu.net\/wordpress\/wp-content\/uploads\/2023\/03\/CAMPIONATO-AGORDINO-2023-300x196.png 300w, https:\/\/www.radiopiu.net\/wordpress\/wp-content\/uploads\/2023\/03\/CAMPIONATO-AGORDINO-2023-1024x670.png 1024w, https:\/\/www.radiopiu.net\/wordpress\/wp-content\/uploads\/2023\/03\/CAMPIONATO-AGORDINO-2023-768x502.png 768w, https:\/\/www.radiopiu.net\/wordpress\/wp-content\/uploads\/2023\/03\/CAMPIONATO-AGORDINO-2023.png 1434w\" sizes=\"auto, (max-width: 202px) 100vw, 202px\" \/><\/a>di Marco Gaz<\/strong><\/p>\n<p><strong>AGORDO<\/strong> Penultimo atto della 48esima edizione del Campionato Agordino di calcio. Domani al \u201cBernaboa\u201d di La Valle Agordina si giocheranno le semifinali del Memorial Attilio Moretti. Un pomeriggio di calcio in cui si daranno battaglia Le Ville, Taibon, Vallada e Voltago per accedere alla finalissima in programma il 30 luglio sul green di Boscoverde a Rocca Pietore. Sar\u00e0 un pomeriggio da vivere sul campo in localit\u00e0 Conaggia o con la radio attaccata alle orecchie per seguire in diretta su Radio Pi\u00f9 le due sfide in programma. <strong>ORE 15 VALLADA \u2013 TAIBON <\/strong>Non ci sono favoriti nella prima sfida di La Valle. Il Vallada si \u00e8 fatto valere per tutto il campionato. Dopo aver mancato per un soffio la qualificazione diretta ai quarti, la squadra di Tarquini ha superato egregiamente tutti gli ostacoli trovati lungo la strada. Attenzione a capitan Claudio Serafini, falco d\u2019area, e ai calci piazzati di Roberto Piaz, i due uomini pi\u00f9 pericolosi del Vallada. Il Taibon arriva da una bella vittoria contro il Gosaldo e la squadra di Cancel sembra sia, secondo gli esperti del settore, la formazione che dovrebbe accedere alla finalissima. Sar\u00e0 una sfida equilibrata che probabilmente non terminer\u00e0 nei canonici 80\u2019 di gioco. <strong>ORE 17:30 LE VILLE \u2013 VOLTAGO <\/strong>Anche in questa sfida non ci sono favoriti alla vigilia. I campioni in carica del Voltago sembrano essere meno spietati delle scorse edizioni. La squadra di De Zaiacomo stenta ad ingranare e lo ha dimostrato domenica scorsa con il Canale dove sul campo di casa ha chiuso la sfida solo nella seconda frazione, lasciando troppi spazi ai canalini nel primo tempo rischiando pi\u00f9 volte di subire il gol. All\u2019incontrario il Le Ville che gioca bene la prima frazione per poi spegnersi nella ripresa, lo ha fatto anche contro il Fodom nei quarti rischiando nei minuti finali. Un match che si preannuncia molto combattuto e che sar\u00e0 deciso da degli episodi, ma lo spauracchio di tempi supplementari e rigori \u00e8 gi\u00e0 nell\u2019aria. Insomma, una domenica calcistica tutta da vivere con due sfide che saranno appese ad un filo. Domenica sera si sapranno quali saranno le due squadre che si giocheranno la finalissima del primo Memorial Attilio Moretti sotto alla Marmolada. Oltre alla diretta, Radio Pi\u00f9 sar\u00e0 in onda con il riassunto delle partite domani alle 20:10. Luned\u00ec sera l\u2019approfondimento con Campionato Agordino Show.<\/p>\n<p>&nbsp;<\/p>\n<p><span style=\"color: #0000ff;\"><strong>CORSA CAMPESTRE<\/strong><\/span><\/p>\n<blockquote>\n<blockquote>\n<h3><a class=\"dt-pswp-item\" href=\"https:\/\/www.radiopiu.net\/wordpress\/wp-content\/uploads\/2023\/07\/2577adbd-b306-46fc-a351-43adfac3f7e7-300x225-1.jpg\" data-dt-img-description=\"\" data-large_image_width=\"300\" data-large_image_height=\"225\"><img loading=\"lazy\" decoding=\"async\" class=\"wp-image-344607 alignleft\" src=\"https:\/\/www.radiopiu.net\/wordpress\/wp-content\/uploads\/2023\/07\/2577adbd-b306-46fc-a351-43adfac3f7e7-300x225-1.jpg\" alt=\"\" width=\"160\" height=\"120\" \/><\/a>10 SETTEMBRE, LA 16 COMUNI. PERCORSI DA PROVARE<\/h3>\n<\/blockquote>\n<p><strong>DI GIANNI SANTOMASO<\/strong><\/p>\n<audio class=\"wp-audio-shortcode\" id=\"audio-345155-12\" preload=\"none\" style=\"width: 100%;\" controls=\"controls\"><source type=\"audio\/mpeg\" src=\"https:\/\/www.radiopiu.net\/wordpress\/wp-content\/uploads\/2023\/07\/GIANNI-16-COMUNI.mp3?_=12\" \/><a href=\"https:\/\/www.radiopiu.net\/wordpress\/wp-content\/uploads\/2023\/07\/GIANNI-16-COMUNI.mp3\">https:\/\/www.radiopiu.net\/wordpress\/wp-content\/uploads\/2023\/07\/GIANNI-16-COMUNI.mp3<\/a><\/audio>\n<p>&nbsp;<\/p>\n<p>&nbsp;<\/p>\n<hr \/>\n<\/blockquote>\n<blockquote>\n<h3 class=\"entry-title\">TORNA LA CORRINVALLE IN VALLE DI SAN LUCANO<\/h3>\n<\/blockquote>\n<p><strong class=\"photoswipe-wrapper\"><a class=\"dt-pswp-item pspw-wrap-ready\" href=\"https:\/\/www.radiopiu.net\/wordpress\/wp-content\/uploads\/2023\/07\/corrinvale.png\" data-dt-img-description=\"\" data-large_image_width=\"531\" data-large_image_height=\"413\"><img loading=\"lazy\" decoding=\"async\" class=\" wp-image-343629 alignleft\" src=\"https:\/\/www.radiopiu.net\/wordpress\/wp-content\/uploads\/2023\/07\/corrinvale-300x233.png\" sizes=\"auto, (max-width: 150px) 100vw, 150px\" srcset=\"https:\/\/www.radiopiu.net\/wordpress\/wp-content\/uploads\/2023\/07\/corrinvale-300x233.png 300w, https:\/\/www.radiopiu.net\/wordpress\/wp-content\/uploads\/2023\/07\/corrinvale.png 531w\" alt=\"\" width=\"150\" height=\"117\" \/><\/a>TAIBON<\/strong>\u00a0La Corrinvalle torna in valle di San Lucano. In occasione della Festa di San Lucano, i Gruppo sportivo Taibon organizza la corsa podistica non competitiva di 6 km con partenza dal Campo Sportivo di Taibon e arrivo al tendone della sagra dietro alla chiesetta in Valle di San Lucano. Gran finale con le premiazioni e pasta party. Iscrizioni in loco dalle 16:30 alle 17:15 comprensiva di gadget e buono pasto. Per l\u2019occasione \u00e8 in programma anche la MiniCorrinvalle, la gara dedicata ai pi\u00f9 giovani, nati dal 2012 in poi. Via alle 18:30 su un tracciato di 1,5 km su percorso ad anello. Iscrizioni al tendone dalle 17:45.<\/p>\n<p>&nbsp;<\/p>\n<p>&nbsp;<\/p>\n<hr \/>\n<h2><strong><a class=\"dt-pswp-item\" href=\"https:\/\/www.radiopiu.net\/wordpress\/wp-content\/uploads\/2023\/07\/aa5024c2-1438-4e37-9257-6a00c9e780d8.jpg\" data-dt-img-description=\"\" data-large_image_width=\"1024\" data-large_image_height=\"768\"><img loading=\"lazy\" decoding=\"async\" class=\" wp-image-344557 alignleft\" src=\"https:\/\/www.radiopiu.net\/wordpress\/wp-content\/uploads\/2023\/07\/aa5024c2-1438-4e37-9257-6a00c9e780d8-300x225.jpg\" alt=\"\" width=\"168\" height=\"126\" srcset=\"https:\/\/www.radiopiu.net\/wordpress\/wp-content\/uploads\/2023\/07\/aa5024c2-1438-4e37-9257-6a00c9e780d8-300x225.jpg 300w, https:\/\/www.radiopiu.net\/wordpress\/wp-content\/uploads\/2023\/07\/aa5024c2-1438-4e37-9257-6a00c9e780d8-768x576.jpg 768w, https:\/\/www.radiopiu.net\/wordpress\/wp-content\/uploads\/2023\/07\/aa5024c2-1438-4e37-9257-6a00c9e780d8.jpg 1024w\" sizes=\"auto, (max-width: 168px) 100vw, 168px\" \/><\/a><\/strong><span style=\"color: #99cc00;\">DOMENICA LA SALI E SCENDI A FORCELLA AURINE<\/span><\/h2>\n<p><strong>REDAZIONE<\/strong> Domenica la terza tappa della Corri Poi a Forcella Aurine con la Sali e Scendi. Ne abbiamo parlato con Morgan Gnech del Progetto Desma e con Michele Costantini organizzatore della corsa podistica.<\/p>\n<p><strong>L&#8217;INTERVISTA ALLA RADIO<\/strong><\/p>\n<audio class=\"wp-audio-shortcode\" id=\"audio-345155-13\" preload=\"none\" style=\"width: 100%;\" controls=\"controls\"><source type=\"audio\/mpeg\" src=\"https:\/\/www.radiopiu.net\/wordpress\/wp-content\/uploads\/2023\/07\/SALI-E-SCENDI-FORCELLA-AURINE-MORGAN-E-MICHELE.mp3?_=13\" \/><a href=\"https:\/\/www.radiopiu.net\/wordpress\/wp-content\/uploads\/2023\/07\/SALI-E-SCENDI-FORCELLA-AURINE-MORGAN-E-MICHELE.mp3\">https:\/\/www.radiopiu.net\/wordpress\/wp-content\/uploads\/2023\/07\/SALI-E-SCENDI-FORCELLA-AURINE-MORGAN-E-MICHELE.mp3<\/a><\/audio>\n<p>&nbsp;<\/p>\n<blockquote>\n<h3><strong><img loading=\"lazy\" decoding=\"async\" class=\"alignleft\" src=\"https:\/\/www.radiopiu.net\/wordpress\/wp-content\/uploads\/2023\/07\/vertikal-col-de-lana.jpg\" width=\"200\" height=\"133\" \/><\/strong>LE CONFERME DEI BIG PER LA VERTICAL DI DOMENICA<\/h3>\n<\/blockquote>\n<p><strong>LIVINALLONGO<\/strong><\/p>\n<p><strong>LORENZO SORATROI<\/strong><\/p>\n<audio class=\"wp-audio-shortcode\" id=\"audio-345155-14\" preload=\"none\" style=\"width: 100%;\" controls=\"controls\"><source type=\"audio\/mpeg\" src=\"https:\/\/www.radiopiu.net\/wordpress\/wp-content\/uploads\/2023\/07\/VERTICAL-I-BIG.mp3?_=14\" \/><a href=\"https:\/\/www.radiopiu.net\/wordpress\/wp-content\/uploads\/2023\/07\/VERTICAL-I-BIG.mp3\">https:\/\/www.radiopiu.net\/wordpress\/wp-content\/uploads\/2023\/07\/VERTICAL-I-BIG.mp3<\/a><\/audio>\n<p>&nbsp;<\/p>\n<\/div>\n<\/div>\n<\/div>\n","protected":false},"excerpt":{"rendered":"<p>40esimo di RADIOPIU\u2026. LA VOCE DELL\u2019EMOZIONE ISCRIVITI AL NOSTRO CANALE\u00a0\u00a0YOUTUBE PER SEGUIRE IN DIRETTA I PRINCIPALI PROGRAMMI DI RADIO PIU\u2019 E LE FUTURE DIRETTE IN ESTERNA. PER ISCRIVERTI\u00a0CLICCA QUI\u00a0E PREMI\u00a0 \u201cIscriviti\u201d &nbsp; &nbsp; &nbsp; 203 AGORDINA, CHIUSURE A FASCE ORARIE SEDICO Riprendono i lavori sulla SR 203 Agordina in localit\u00e0 La Pissa. Dal 24 luglio&hellip;<\/p>\n","protected":false},"author":4,"featured_media":345313,"comment_status":"closed","ping_status":"closed","sticky":false,"template":"","format":"standard","meta":{"_monsterinsights_skip_tracking":false,"_monsterinsights_sitenote_active":false,"_monsterinsights_sitenote_note":"","_monsterinsights_sitenote_category":0,"footnotes":""},"categories":[51,86,49],"tags":[],"class_list":["post-345155","post","type-post","status-publish","format-standard","has-post-thumbnail","hentry","category-evidenza-top","category-gr","category-news-18","category-51","category-86","category-49","description-off"],"img_url":"https:\/\/www.radiopiu.net\/wordpress\/wp-content\/uploads\/2023\/07\/Senza-nome-58.png","_links":{"self":[{"href":"https:\/\/www.radiopiu.net\/wordpress\/wp-json\/wp\/v2\/posts\/345155","targetHints":{"allow":["GET"]}}],"collection":[{"href":"https:\/\/www.radiopiu.net\/wordpress\/wp-json\/wp\/v2\/posts"}],"about":[{"href":"https:\/\/www.radiopiu.net\/wordpress\/wp-json\/wp\/v2\/types\/post"}],"author":[{"embeddable":true,"href":"https:\/\/www.radiopiu.net\/wordpress\/wp-json\/wp\/v2\/users\/4"}],"replies":[{"embeddable":true,"href":"https:\/\/www.radiopiu.net\/wordpress\/wp-json\/wp\/v2\/comments?post=345155"}],"version-history":[{"count":0,"href":"https:\/\/www.radiopiu.net\/wordpress\/wp-json\/wp\/v2\/posts\/345155\/revisions"}],"wp:featuredmedia":[{"embeddable":true,"href":"https:\/\/www.radiopiu.net\/wordpress\/wp-json\/wp\/v2\/media\/345313"}],"wp:attachment":[{"href":"https:\/\/www.radiopiu.net\/wordpress\/wp-json\/wp\/v2\/media?parent=345155"}],"wp:term":[{"taxonomy":"category","embeddable":true,"href":"https:\/\/www.radiopiu.net\/wordpress\/wp-json\/wp\/v2\/categories?post=345155"},{"taxonomy":"post_tag","embeddable":true,"href":"https:\/\/www.radiopiu.net\/wordpress\/wp-json\/wp\/v2\/tags?post=345155"}],"curies":[{"name":"wp","href":"https:\/\/api.w.org\/{rel}","templated":true}]}}