{"id":345158,"date":"2023-07-21T07:49:50","date_gmt":"2023-07-21T05:49:50","guid":{"rendered":"https:\/\/www.radiopiu.net\/wordpress\/?p=345158"},"modified":"2023-07-21T08:33:29","modified_gmt":"2023-07-21T06:33:29","slug":"la-rassegna-stampa-locale-dal-1983-di-mirko-mezzacasa-15","status":"publish","type":"post","link":"https:\/\/www.radiopiu.net\/wordpress\/la-rassegna-stampa-locale-dal-1983-di-mirko-mezzacasa-15\/","title":{"rendered":"La rassegna stampa locale, dal 1983 di mirko mezzacasa"},"content":{"rendered":"<p><iframe loading=\"lazy\" title=\"RASSEGNA STAMPA LOCALE\" width=\"1200\" height=\"675\" src=\"https:\/\/www.youtube.com\/embed\/OeE5mhRAgzs?feature=oembed\" frameborder=\"0\" allow=\"accelerometer; autoplay; clipboard-write; encrypted-media; gyroscope; picture-in-picture; web-share\" allowfullscreen><\/iframe><\/p>\n<p>&nbsp;<\/p>\n<p>BELLUNO Falco 2, il secondo elicottero &#8220;estivo&#8221; dell&#8217;elisoccorso bellunese, si \u00e8 alzato dall&#8217;aeroporto Dell&#8217;Oro alle 12. 30 di ieri, giorno inaugurale del servizio che proseguir\u00e0 fino al 20 settembre.<br \/>\nSEDICO Da lunedi riprendono i lavori sulla SR 203 Agordina in localit\u00e0 La Pissa. Dal 24 luglio al 4 agosto, esclusi sabati e domeniche, la strada verr\u00e0 chiusa a fasce orarie<br \/>\nSAN TOMASO AGORDINO nelle localit\u00e0 RONCH E CANACEDE l&#8217;acqua erogata dall&#8217;acquedotto non \u00e8 potabile e pu\u00f2 essere usata per scopi alimentari SOLO PREVIA bollitura.<br \/>\nFELTRE Un uomo di 73 anni, residente a Santa Giustina, \u00e8 stato investito da un&#8217;utilitaria, riportando fortunatamente solo ferite lievi.<br \/>\nTAIBON 49enne di Rocca Pietore in ospedale con ferite di media gravit\u00e0 in seguito all&#8217;uscita di strada di ieri mattina a Ronch de Bosc, regionale 203 agordina. L&#8217;uomo \u00e8 finito contro il guard rail con la moto lungo la riva del &#8220;piano&#8221;.<br \/>\nVAL DI ZOLDO due episodi di tentativo di furto, uno riguardante un&#8217;auto nel parcheggio dietro al municipio di Forno e l&#8217;altro una effrazione al pian terreno di un&#8217;abitazione a Dont. Il sindaco, Camillo De Pellegrin, ha esortato i cittadini a prestare maggiore attenzione alla sicurezza<br \/>\nFALCADE Dopo 24 anni dall&#8217;omicidio di Federico De Valiere, avvenuto nella notte tra il 9 e 10 marzo 1999 a Falcade, \u00e8 stato pronunciato un verdetto di non doversi procedere a carico del presunto colpevole, Mohamed Aziz Moulay. Il gip Enrica Marson ha motivato la sentenza con la &#8220;mancata conoscenza del processo&#8221;. Infatti l&#8217;uomo non si trova.<br \/>\nFELTRE Guido Zasio, 86 anni, gi\u00e0 segretario e revisore dei conti della Famiglia Feltrina, \u00e8 deceduto. Era una figura di riferimento dell&#8217;associazione e un appassionato della sua citt\u00e0, del territorio e delle tradizioni. Amante della storia ecclesiale feltrina<br \/>\nVENEZIA Sale a 110 il numero delle persone ferite con traumi determinati dalla grandine, da cadute e da rotture di vetri.<br \/>\nVALLADA IL PALO DELLA LUCE DIVENTA UNA TORCIA, BOTTO A VALLADA intervengono i pompieri, linee telefoniche in tilt anche per l&#8217;emergenza.<br \/>\nROCCA PIETORE Il Soccorso Alpino della Val Pettorina ha proposto di ripristinare una croce sul Monte Piz de Guda in occasione del 60\u00b0 anniversario della stazione Cnsas della Val Pettorina. Il progetto per una nuova croce pi\u00f9 grande (alta circa 4 metri) ha causato polemiche tra il Soccorso Alpino e gli ambientalisti di Mountain Wilderness.<br \/>\nSOVRAMONTE Si chiuder\u00e0 tra pochi giorni una pagina lunga vent&#8217;anni che ha interessato Sovramonte e l&#8217;intero Feltrino: sar\u00e0 infatti pubblicato a giorni il bando per la gestione della RSA di Sorriva di Sovramonte.<br \/>\nBELLUNO Nei prossimi giorni \u00e8 prevista la pubblicazione dei bandi per\u00a0 23 posizioni, per un totale di 33 nuovi incarichi di direzione IN ulSS1<br \/>\nBELLUNO L&#8217;Isbrec (Istituto storico della Resistenza e dell&#8217;et\u00e0 contemporanea) \u00e8 ora presieduto da Diego Cason dopo che Paola Salomon, alla guida per dieci anni, ha deciso di non proseguire nel suo impegno<br \/>\nROCCA PIETORE Sabato la presentazione del libro che racconta la storia della famiglia De Biasio che da un secolo coltiva l&#8217;arte del ferro battuto.<br \/>\nAGORDO 30 anni di Agordo Musica, questa sera nell&#8217;Arcidiaconale straordinario concerto di Mario Brunello.<br \/>\nTAIBON Inizia la festa di San Lucano, dalle 18 nei pressi della chiesetta la serata country. Illuminata da alcuni giorni di notte la grotta al col de San Lugan, la si vede da Taibon e Conca Agordina, una luce dalla montagna.<br \/>\nVALLADA Alle 21 a San Simon concerto di musica antica con l&#8217;organista Luca Scandali e il polistrumentista Mauro Occhionero.<br \/>\nTAIBON Domani la corrinvalle e la mini corrinvalle con il Gruppo Sportivo di Taibon<br \/>\nLIVINALLONGO Domenica la vertical, gi\u00e0 prenotata dai big.<br \/>\nGOSALDO Domenica la sali e scendi a Forcella Aurine, nell&#8217;ambito della Corripoi 2023<br \/>\nSEDICO Inizia oggi la sei giorni di festa a Bribano di Sedico, domani Radio Pi\u00f9 festeggia i 40 anni con gli storici Dj agordini, Morgan, Jack, Battaglia e la new entry Dj Tome.<br \/>\nTAIBON Da oggi in riva al Tegnas il circo Patuf, spettacoli feriali alle 20.30 domenica alle 18.<br \/>\nALLEGHE Domani alle 18 in Corso Venezia a Masare&#8217;, Laura Ballis con Vico Calabro&#8217; e Giovanni Sogne inaugura il nuovo studio d&#8217;arte &#8220;La Stua&#8221;, rinato dopo la tempesta Vaia dell&#8217;autunno 2018.<br \/>\nAGORDO Tornano i mercatini d&#8217;estate ad Agordo. Il primo appuntamento domenica 23 luglio dalle 6 alle 19 sul Broi di Agordo con il mercatino dell&#8217;antiquariato. Per informazioni 349 3984682<br \/>\nPRESENTATO IL GIRO DEL LAGO DI SANTA CROCE<br \/>\nVIA LIBERA ALLA 49ESIMA ALPE DEL NEVEGAL<br \/>\n10 SETTEMBRE, LA 16 COMUNI. PERCORSI DA PROVARE<br \/>\nELIA FRACCARO PROMOSSO IN PRIMA SQUADRA DEL BELLUNO VOLLEY<\/p>\n","protected":false},"excerpt":{"rendered":"<p>&nbsp; BELLUNO Falco 2, il secondo elicottero &#8220;estivo&#8221; dell&#8217;elisoccorso bellunese, si \u00e8 alzato dall&#8217;aeroporto Dell&#8217;Oro alle 12. 30 di ieri, giorno inaugurale del servizio che proseguir\u00e0 fino al 20 settembre. SEDICO Da lunedi riprendono i lavori sulla SR 203 Agordina in localit\u00e0 La Pissa. Dal 24 luglio al 4 agosto, esclusi sabati e domeniche, la&hellip;<\/p>\n","protected":false},"author":4,"featured_media":345138,"comment_status":"closed","ping_status":"closed","sticky":false,"template":"","format":"standard","meta":{"_monsterinsights_skip_tracking":false,"_monsterinsights_sitenote_active":false,"_monsterinsights_sitenote_note":"","_monsterinsights_sitenote_category":0,"footnotes":""},"categories":[104,49,142],"tags":[],"class_list":["post-345158","post","type-post","status-publish","format-standard","has-post-thumbnail","hentry","category-evidenza_3","category-news-18","category-rassegna-stampa","category-104","category-49","category-142","description-off"],"img_url":"https:\/\/www.radiopiu.net\/wordpress\/wp-content\/uploads\/2023\/07\/COPERT.png","_links":{"self":[{"href":"https:\/\/www.radiopiu.net\/wordpress\/wp-json\/wp\/v2\/posts\/345158","targetHints":{"allow":["GET"]}}],"collection":[{"href":"https:\/\/www.radiopiu.net\/wordpress\/wp-json\/wp\/v2\/posts"}],"about":[{"href":"https:\/\/www.radiopiu.net\/wordpress\/wp-json\/wp\/v2\/types\/post"}],"author":[{"embeddable":true,"href":"https:\/\/www.radiopiu.net\/wordpress\/wp-json\/wp\/v2\/users\/4"}],"replies":[{"embeddable":true,"href":"https:\/\/www.radiopiu.net\/wordpress\/wp-json\/wp\/v2\/comments?post=345158"}],"version-history":[{"count":0,"href":"https:\/\/www.radiopiu.net\/wordpress\/wp-json\/wp\/v2\/posts\/345158\/revisions"}],"wp:featuredmedia":[{"embeddable":true,"href":"https:\/\/www.radiopiu.net\/wordpress\/wp-json\/wp\/v2\/media\/345138"}],"wp:attachment":[{"href":"https:\/\/www.radiopiu.net\/wordpress\/wp-json\/wp\/v2\/media?parent=345158"}],"wp:term":[{"taxonomy":"category","embeddable":true,"href":"https:\/\/www.radiopiu.net\/wordpress\/wp-json\/wp\/v2\/categories?post=345158"},{"taxonomy":"post_tag","embeddable":true,"href":"https:\/\/www.radiopiu.net\/wordpress\/wp-json\/wp\/v2\/tags?post=345158"}],"curies":[{"name":"wp","href":"https:\/\/api.w.org\/{rel}","templated":true}]}}