{"id":345159,"date":"2023-07-21T23:59:25","date_gmt":"2023-07-21T21:59:25","guid":{"rendered":"https:\/\/www.radiopiu.net\/wordpress\/?p=345159"},"modified":"2023-07-21T07:57:56","modified_gmt":"2023-07-21T05:57:56","slug":"domani-le-semifinali-del-campionato-agordino-di-calcio","status":"publish","type":"post","link":"https:\/\/www.radiopiu.net\/wordpress\/domani-le-semifinali-del-campionato-agordino-di-calcio\/","title":{"rendered":"DOMANI LE SEMIFINALI DEL CAMPIONATO AGORDINO DI CALCIO"},"content":{"rendered":"<p><strong><a class=\"dt-pswp-item\" href=\"https:\/\/www.radiopiu.net\/wordpress\/wp-content\/uploads\/2023\/03\/CAMPIONATO-AGORDINO-2023.png\" data-dt-img-description=\"\" data-large_image_width=\"1434\" data-large_image_height=\"938\"><img loading=\"lazy\" decoding=\"async\" class=\" wp-image-327073 alignleft\" src=\"https:\/\/www.radiopiu.net\/wordpress\/wp-content\/uploads\/2023\/03\/CAMPIONATO-AGORDINO-2023-300x196.png\" alt=\"\" width=\"202\" height=\"132\" srcset=\"https:\/\/www.radiopiu.net\/wordpress\/wp-content\/uploads\/2023\/03\/CAMPIONATO-AGORDINO-2023-300x196.png 300w, https:\/\/www.radiopiu.net\/wordpress\/wp-content\/uploads\/2023\/03\/CAMPIONATO-AGORDINO-2023-1024x670.png 1024w, https:\/\/www.radiopiu.net\/wordpress\/wp-content\/uploads\/2023\/03\/CAMPIONATO-AGORDINO-2023-768x502.png 768w, https:\/\/www.radiopiu.net\/wordpress\/wp-content\/uploads\/2023\/03\/CAMPIONATO-AGORDINO-2023.png 1434w\" sizes=\"auto, (max-width: 202px) 100vw, 202px\" \/><\/a>di Marco Gaz<\/strong><\/p>\n<p><strong>AGORDO<\/strong> Penultimo atto della 48esima edizione del Campionato Agordino di calcio. Domani al \u201cBernaboa\u201d di La Valle Agordina si giocheranno le semifinali del Memorial Attilio Moretti. Un pomeriggio di calcio in cui si daranno battaglia Le Ville, Taibon, Vallada e Voltago per accedere alla finalissima in programma il 30 luglio sul green di Boscoverde a Rocca Pietore. Sar\u00e0 un pomeriggio da vivere sul campo in localit\u00e0 Conaggia o con la radio attaccata alle orecchie per seguire in diretta su Radio Pi\u00f9 le due sfide in programma. <strong>ORE 15 VALLADA \u2013 TAIBON <\/strong>Non ci sono favoriti nella prima sfida di La Valle. Il Vallada si \u00e8 fatto valere per tutto il campionato. Dopo aver mancato per un soffio la qualificazione diretta ai quarti, la squadra di Tarquini ha superato egregiamente tutti gli ostacoli trovati lungo la strada. Attenzione a capitan Claudio Serafini, falco d\u2019area, e ai calci piazzati di Roberto Piaz, i due uomini pi\u00f9 pericolosi del Vallada. Il Taibon arriva da una bella vittoria contro il Gosaldo e la squadra di Cancel sembra sia, secondo gli esperti del settore, la formazione che dovrebbe accedere alla finalissima. Sar\u00e0 una sfida equilibrata che probabilmente non terminer\u00e0 nei canonici 80\u2019 di gioco. <strong>ORE 17:30 LE VILLE \u2013 VOLTAGO <\/strong>Anche in questa sfida non ci sono favoriti alla vigilia. I campioni in carica del Voltago sembrano essere meno spietati delle scorse edizioni. La squadra di De Zaiacomo stenta ad ingranare e lo ha dimostrato domenica scorsa con il Canale dove sul campo di casa ha chiuso la sfida solo nella seconda frazione, lasciando troppi spazi ai canalini nel primo tempo rischiando pi\u00f9 volte di subire il gol. All\u2019incontrario il Le Ville che gioca bene la prima frazione per poi spegnersi nella ripresa, lo ha fatto anche contro il Fodom nei quarti rischiando nei minuti finali. Un match che si preannuncia molto combattuto e che sar\u00e0 deciso da degli episodi, ma lo spauracchio di tempi supplementari e rigori \u00e8 gi\u00e0 nell\u2019aria. Insomma, una domenica calcistica tutta da vivere con due sfide che saranno appese ad un filo. Domenica sera si sapranno quali saranno le due squadre che si giocheranno la finalissima del primo Memorial Attilio Moretti sotto alla Marmolada. Oltre alla diretta, Radio Pi\u00f9 sar\u00e0 in onda con il riassunto delle partite domani alle 20:10. Luned\u00ec sera l\u2019approfondimento con Campionato Agordino Show.<\/p>\n<p>&nbsp;<\/p>\n<p>&nbsp;<\/p>\n<p>******<\/p>\n","protected":false},"excerpt":{"rendered":"<p>di Marco Gaz AGORDO Penultimo atto della 48esima edizione del Campionato Agordino di calcio. Domani al \u201cBernaboa\u201d di La Valle Agordina si giocheranno le semifinali del Memorial Attilio Moretti. Un pomeriggio di calcio in cui si daranno battaglia Le Ville, Taibon, Vallada e Voltago per accedere alla finalissima in programma il 30 luglio sul green&hellip;<\/p>\n","protected":false},"author":4,"featured_media":327073,"comment_status":"closed","ping_status":"closed","sticky":false,"template":"","format":"standard","meta":{"_monsterinsights_skip_tracking":false,"_monsterinsights_sitenote_active":false,"_monsterinsights_sitenote_note":"","_monsterinsights_sitenote_category":0,"footnotes":""},"categories":[49],"tags":[],"class_list":["post-345159","post","type-post","status-publish","format-standard","has-post-thumbnail","hentry","category-news-18","category-49","description-off"],"img_url":"https:\/\/www.radiopiu.net\/wordpress\/wp-content\/uploads\/2023\/03\/CAMPIONATO-AGORDINO-2023.png","_links":{"self":[{"href":"https:\/\/www.radiopiu.net\/wordpress\/wp-json\/wp\/v2\/posts\/345159","targetHints":{"allow":["GET"]}}],"collection":[{"href":"https:\/\/www.radiopiu.net\/wordpress\/wp-json\/wp\/v2\/posts"}],"about":[{"href":"https:\/\/www.radiopiu.net\/wordpress\/wp-json\/wp\/v2\/types\/post"}],"author":[{"embeddable":true,"href":"https:\/\/www.radiopiu.net\/wordpress\/wp-json\/wp\/v2\/users\/4"}],"replies":[{"embeddable":true,"href":"https:\/\/www.radiopiu.net\/wordpress\/wp-json\/wp\/v2\/comments?post=345159"}],"version-history":[{"count":0,"href":"https:\/\/www.radiopiu.net\/wordpress\/wp-json\/wp\/v2\/posts\/345159\/revisions"}],"wp:featuredmedia":[{"embeddable":true,"href":"https:\/\/www.radiopiu.net\/wordpress\/wp-json\/wp\/v2\/media\/327073"}],"wp:attachment":[{"href":"https:\/\/www.radiopiu.net\/wordpress\/wp-json\/wp\/v2\/media?parent=345159"}],"wp:term":[{"taxonomy":"category","embeddable":true,"href":"https:\/\/www.radiopiu.net\/wordpress\/wp-json\/wp\/v2\/categories?post=345159"},{"taxonomy":"post_tag","embeddable":true,"href":"https:\/\/www.radiopiu.net\/wordpress\/wp-json\/wp\/v2\/tags?post=345159"}],"curies":[{"name":"wp","href":"https:\/\/api.w.org\/{rel}","templated":true}]}}