{"id":345195,"date":"2023-07-21T14:22:56","date_gmt":"2023-07-21T12:22:56","guid":{"rendered":"https:\/\/www.radiopiu.net\/wordpress\/?p=345195"},"modified":"2023-07-21T14:22:56","modified_gmt":"2023-07-21T12:22:56","slug":"maltempo-e-incidenti","status":"publish","type":"post","link":"https:\/\/www.radiopiu.net\/wordpress\/maltempo-e-incidenti\/","title":{"rendered":"MALTEMPO E INCIDENTI"},"content":{"rendered":"<p><strong>REDAZIONE<\/strong> Il pomeriggio sulla chat telegram viabilit\u00e0 provincia belluno \u00e8 iniziato con la segnalazione di temporali e scarsa visibilit\u00e0 soprattutto in Valbelluna. A Belluno stamane uomini e donne del 118 (ambulanze del pronto soccorso del San Martino) sono intervenute\u00a0 in via Feltre e Via Safforze per due distinti incidenti stradali che hanno coinvolto quattro persone tra i 36 e i 73 anni, tutti portati in ospedale con ferite da medicare.<\/p>\n<p>&nbsp;<\/p>\n<p><img decoding=\"async\" src=\"https:\/\/www.radiopiu.net\/wordpress\/wp-content\/uploads\/2023\/07\/0a48ca56-4ea7-4770-98b6-e8196519654d.jpg\" \/><\/p>\n","protected":false},"excerpt":{"rendered":"<p>REDAZIONE Il pomeriggio sulla chat telegram viabilit\u00e0 provincia belluno \u00e8 iniziato con la segnalazione di temporali e scarsa visibilit\u00e0 soprattutto in Valbelluna. A Belluno stamane uomini e donne del 118 (ambulanze del pronto soccorso del San Martino) sono intervenute\u00a0 in via Feltre e Via Safforze per due distinti incidenti stradali che hanno coinvolto quattro persone&hellip;<\/p>\n","protected":false},"author":4,"featured_media":345196,"comment_status":"closed","ping_status":"closed","sticky":false,"template":"","format":"standard","meta":{"_monsterinsights_skip_tracking":false,"_monsterinsights_sitenote_active":false,"_monsterinsights_sitenote_note":"","_monsterinsights_sitenote_category":0,"footnotes":""},"categories":[51,49],"tags":[],"class_list":["post-345195","post","type-post","status-publish","format-standard","has-post-thumbnail","hentry","category-evidenza-top","category-news-18","category-51","category-49","description-off"],"img_url":"https:\/\/www.radiopiu.net\/wordpress\/wp-content\/uploads\/2023\/07\/0a48ca56-4ea7-4770-98b6-e8196519654d.jpg","_links":{"self":[{"href":"https:\/\/www.radiopiu.net\/wordpress\/wp-json\/wp\/v2\/posts\/345195","targetHints":{"allow":["GET"]}}],"collection":[{"href":"https:\/\/www.radiopiu.net\/wordpress\/wp-json\/wp\/v2\/posts"}],"about":[{"href":"https:\/\/www.radiopiu.net\/wordpress\/wp-json\/wp\/v2\/types\/post"}],"author":[{"embeddable":true,"href":"https:\/\/www.radiopiu.net\/wordpress\/wp-json\/wp\/v2\/users\/4"}],"replies":[{"embeddable":true,"href":"https:\/\/www.radiopiu.net\/wordpress\/wp-json\/wp\/v2\/comments?post=345195"}],"version-history":[{"count":0,"href":"https:\/\/www.radiopiu.net\/wordpress\/wp-json\/wp\/v2\/posts\/345195\/revisions"}],"wp:featuredmedia":[{"embeddable":true,"href":"https:\/\/www.radiopiu.net\/wordpress\/wp-json\/wp\/v2\/media\/345196"}],"wp:attachment":[{"href":"https:\/\/www.radiopiu.net\/wordpress\/wp-json\/wp\/v2\/media?parent=345195"}],"wp:term":[{"taxonomy":"category","embeddable":true,"href":"https:\/\/www.radiopiu.net\/wordpress\/wp-json\/wp\/v2\/categories?post=345195"},{"taxonomy":"post_tag","embeddable":true,"href":"https:\/\/www.radiopiu.net\/wordpress\/wp-json\/wp\/v2\/tags?post=345195"}],"curies":[{"name":"wp","href":"https:\/\/api.w.org\/{rel}","templated":true}]}}