{"id":345222,"date":"2023-07-22T05:39:47","date_gmt":"2023-07-22T03:39:47","guid":{"rendered":"https:\/\/www.radiopiu.net\/wordpress\/?p=345222"},"modified":"2023-07-22T06:12:51","modified_gmt":"2023-07-22T04:12:51","slug":"un-tratto-di-strada-in-meno-a-lozzo-effetti-del-maltempo","status":"publish","type":"post","link":"https:\/\/www.radiopiu.net\/wordpress\/un-tratto-di-strada-in-meno-a-lozzo-effetti-del-maltempo\/","title":{"rendered":"UN TRATTO DI STRADA IN MENO A LOZZO, EFFETTI DEL MALTEMPO"},"content":{"rendered":"<blockquote><p><em><span style=\"font-family: arial, sans-serif; font-size: large;\">Durante il controllo sulla strada di Pian dei Buoi \u00e8 stato attivato anche il Soccorso alpino, per recuperare una famiglia di cinque persone che era rimasta bloccata in quota a causa del maltempo. I tecnici della difesa del suolo hanno effettuato sopralluoghi anche in altre parti, dove si sono verificati temporali violenti negli ultimi giorni. In particolare in Val Longiarin (sempre a Lozzo) e in altre zone della provincia. Nei prossimi giorni potr\u00e0 essere stilata una lista completa.<\/span><\/em><\/p><\/blockquote>\n<p><strong>LOZZO DI CADORE\u00a0<\/strong> Una frana ha interessato la Strada del Genio (comunale),\u00a0 collega il centro di Lozzo all&#8217;altopiano di Pian dei Buoi in localit\u00e0 Sote Mizoi.\u00a0 L&#8217;accesso alla zona \u00e8 interrotto, creando disagi per i turisti e i residenti che contavano di utilizzare tale strada durante il resto dell&#8217;estate. La strada interseca una colata detritica storica del Rio Boa. In occasione di temporali violenti il\u00a0 corso d&#8217;acqua si riempie e scarica materiale. Da Radio Cortina Nives Milani:<em> &#8220;Lass\u00f9 c&#8217;era una famiglia con due bambini che avevano affittato una baita. Sono intervenuti i ragazzi del soccorso alpino per portarli a Valle&#8221;<\/em><\/p>\n<p>Il vicesindaco Mattia Bortot ha riferito che anche la Val Longiarin \u00e8 stata colpita dal maltempo in particolare la strada verso la localit\u00e0 Vialona, in passato gi\u00e0 coinvolta in smottamenti.<\/p>\n<p>foto radio cortina<\/p>\n\n\t\t\t<style type='text\/css'>\n\t\t\t\t#gallery-1 {\n\t\t\t\t\tmargin: auto;\n\t\t\t\t}\n\t\t\t\t#gallery-1 .gallery-item {\n\t\t\t\t\tfloat: left;\n\t\t\t\t\tmargin-top: 10px;\n\t\t\t\t\ttext-align: center;\n\t\t\t\t\twidth: 25%;\n\t\t\t\t}\n\t\t\t\t#gallery-1 img {\n\t\t\t\t\tborder: 2px solid #cfcfcf;\n\t\t\t\t}\n\t\t\t\t#gallery-1 .gallery-caption {\n\t\t\t\t\tmargin-left: 0;\n\t\t\t\t}\n\t\t\t\t\/* see gallery_shortcode() in wp-includes\/media.php *\/\n\t\t\t<\/style>\n\t\t<div id='gallery-1' class='dt-gallery-container gallery galleryid-345222 gallery-columns-4 gallery-size-thumbnail'><dl class='gallery-item'>\n\t\t\t\t<dt class='gallery-icon portrait'>\n\t\t\t\t\t<a class=\"rollover rollover-zoom dt-pswp-item\" title=\"a69480ad-6ea0-42f9-a51d-711c700d4e28\" data-dt-img-description=\"\" data-large_image_width=\"768\" data-large_image_height=\"1024\"href='https:\/\/www.radiopiu.net\/wordpress\/wp-content\/uploads\/2023\/07\/a69480ad-6ea0-42f9-a51d-711c700d4e28.jpg'><img loading=\"lazy\" decoding=\"async\" width=\"150\" height=\"150\" src=\"https:\/\/www.radiopiu.net\/wordpress\/wp-content\/uploads\/2023\/07\/a69480ad-6ea0-42f9-a51d-711c700d4e28-150x150.jpg\" class=\"attachment-thumbnail size-thumbnail\" alt=\"\" \/><\/a>\n\t\t\t\t<\/dt><\/dl><dl class='gallery-item'>\n\t\t\t\t<dt class='gallery-icon portrait'>\n\t\t\t\t\t<a class=\"rollover rollover-zoom dt-pswp-item\" title=\"f2851195-e894-4567-8f87-57a1215e6d21\" data-dt-img-description=\"\" data-large_image_width=\"768\" data-large_image_height=\"1024\"href='https:\/\/www.radiopiu.net\/wordpress\/wp-content\/uploads\/2023\/07\/f2851195-e894-4567-8f87-57a1215e6d21.jpg'><img loading=\"lazy\" decoding=\"async\" width=\"150\" height=\"150\" src=\"https:\/\/www.radiopiu.net\/wordpress\/wp-content\/uploads\/2023\/07\/f2851195-e894-4567-8f87-57a1215e6d21-150x150.jpg\" class=\"attachment-thumbnail size-thumbnail\" alt=\"\" \/><\/a>\n\t\t\t\t<\/dt><\/dl><dl class='gallery-item'>\n\t\t\t\t<dt class='gallery-icon portrait'>\n\t\t\t\t\t<a class=\"rollover rollover-zoom dt-pswp-item\" title=\"9a3459c9-66fc-4509-8293-2515168c4c93\" data-dt-img-description=\"\" data-large_image_width=\"768\" data-large_image_height=\"1024\"href='https:\/\/www.radiopiu.net\/wordpress\/wp-content\/uploads\/2023\/07\/9a3459c9-66fc-4509-8293-2515168c4c93.jpg'><img loading=\"lazy\" decoding=\"async\" width=\"150\" height=\"150\" src=\"https:\/\/www.radiopiu.net\/wordpress\/wp-content\/uploads\/2023\/07\/9a3459c9-66fc-4509-8293-2515168c4c93-150x150.jpg\" class=\"attachment-thumbnail size-thumbnail\" alt=\"\" \/><\/a>\n\t\t\t\t<\/dt><\/dl><dl class='gallery-item'>\n\t\t\t\t<dt class='gallery-icon portrait'>\n\t\t\t\t\t<a class=\"rollover rollover-zoom dt-pswp-item\" title=\"de4c3722-1426-46ac-b7f2-4c5ff4fe9ec7\" data-dt-img-description=\"\" data-large_image_width=\"768\" data-large_image_height=\"1024\"href='https:\/\/www.radiopiu.net\/wordpress\/wp-content\/uploads\/2023\/07\/de4c3722-1426-46ac-b7f2-4c5ff4fe9ec7.jpg'><img loading=\"lazy\" decoding=\"async\" width=\"150\" height=\"150\" src=\"https:\/\/www.radiopiu.net\/wordpress\/wp-content\/uploads\/2023\/07\/de4c3722-1426-46ac-b7f2-4c5ff4fe9ec7-150x150.jpg\" class=\"attachment-thumbnail size-thumbnail\" alt=\"\" \/><\/a>\n\t\t\t\t<\/dt><\/dl><br style=\"clear: both\" \/>\n\t\t\t<\/div>\n\n<div style=\"width: 848px;\" class=\"wp-video\"><video class=\"wp-video-shortcode\" id=\"video-345222-1\" width=\"848\" height=\"480\" preload=\"metadata\" controls=\"controls\"><source type=\"video\/mp4\" src=\"https:\/\/www.radiopiu.net\/wordpress\/wp-content\/uploads\/2023\/07\/WhatsApp-Video-2023-07-21-at-16.18.12.mp4?_=1\" \/><a href=\"https:\/\/www.radiopiu.net\/wordpress\/wp-content\/uploads\/2023\/07\/WhatsApp-Video-2023-07-21-at-16.18.12.mp4\">https:\/\/www.radiopiu.net\/wordpress\/wp-content\/uploads\/2023\/07\/WhatsApp-Video-2023-07-21-at-16.18.12.mp4<\/a><\/video><\/div>\n<p><iframe loading=\"lazy\" title=\"WhatsApp Video 2023 07 21 at 15 53 44\" width=\"1200\" height=\"675\" src=\"https:\/\/www.youtube.com\/embed\/2KgUod1Ddq8?feature=oembed\" frameborder=\"0\" allow=\"accelerometer; autoplay; clipboard-write; encrypted-media; gyroscope; picture-in-picture; web-share\" allowfullscreen><\/iframe><\/p>\n<p>&nbsp;<\/p>\n<p><span style=\"font-family: arial, sans-serif; font-size: large;\"><a class=\"dt-pswp-item\" href=\"https:\/\/www.radiopiu.net\/wordpress\/wp-content\/uploads\/2023\/07\/PHOTO-2023-07-21-16-04-48-2.jpg\" data-dt-img-description=\"\" data-large_image_width=\"901\" data-large_image_height=\"1600\"><img loading=\"lazy\" decoding=\"async\" class=\"size-medium wp-image-345273 alignleft\" src=\"https:\/\/www.radiopiu.net\/wordpress\/wp-content\/uploads\/2023\/07\/PHOTO-2023-07-21-16-04-48-2-169x300.jpg\" alt=\"\" width=\"169\" height=\"300\" srcset=\"https:\/\/www.radiopiu.net\/wordpress\/wp-content\/uploads\/2023\/07\/PHOTO-2023-07-21-16-04-48-2-169x300.jpg 169w, https:\/\/www.radiopiu.net\/wordpress\/wp-content\/uploads\/2023\/07\/PHOTO-2023-07-21-16-04-48-2-577x1024.jpg 577w, https:\/\/www.radiopiu.net\/wordpress\/wp-content\/uploads\/2023\/07\/PHOTO-2023-07-21-16-04-48-2-768x1364.jpg 768w, https:\/\/www.radiopiu.net\/wordpress\/wp-content\/uploads\/2023\/07\/PHOTO-2023-07-21-16-04-48-2-865x1536.jpg 865w, https:\/\/www.radiopiu.net\/wordpress\/wp-content\/uploads\/2023\/07\/PHOTO-2023-07-21-16-04-48-2.jpg 901w\" sizes=\"auto, (max-width: 169px) 100vw, 169px\" \/><\/a>La Provincia di Belluno ha attivato una somma urgenza per il ripristino della strad<\/span><\/p>\n<p><span style=\"font-family: arial, sans-serif; font-size: large;\">Le piogge di gioved\u00ec sera (20 luglio) hanno provocato una nuova colata detritica. I tecnici della Provincia hanno valutato l\u2019attivazione di una somma urgenza: nei prossimi giorni il materiale verr\u00e0 rimosso e la strada torner\u00e0 a essere percorribile.<span class=\"gmail-Apple-converted-space\">\u00a0<\/span><\/span><\/p>\n<p><em><span style=\"font-family: arial, sans-serif; font-size: large;\">\u00abPurtroppo gli eventi meteo continuano a rivelare la fragilit\u00e0 del territorio &#8211; commenta il consigliere provinciale delegato alla difesa del suolo, Mattia Gosetti -. Cerchiamo di intervenire con sollecitudine grazie alla presenza dei nostri uffici. Oltre all\u2019attivazione della somma urgenza, abbiamo dato subito supporto al sindaco di Lozzo anche per la richiesta dello stato di crisi\u00bb.<\/span><\/em><\/p>\n<p>&nbsp;<\/p>\n<p>&nbsp;<\/p>\n<hr \/>\n<p>&nbsp;<\/p>\n","protected":false},"excerpt":{"rendered":"<p>Durante il controllo sulla strada di Pian dei Buoi \u00e8 stato attivato anche il Soccorso alpino, per recuperare una famiglia di cinque persone che era rimasta bloccata in quota a causa del maltempo. I tecnici della difesa del suolo hanno effettuato sopralluoghi anche in altre parti, dove si sono verificati temporali violenti negli ultimi giorni.&hellip;<\/p>\n","protected":false},"author":4,"featured_media":345223,"comment_status":"closed","ping_status":"closed","sticky":false,"template":"","format":"standard","meta":{"_monsterinsights_skip_tracking":false,"_monsterinsights_sitenote_active":false,"_monsterinsights_sitenote_note":"","_monsterinsights_sitenote_category":0,"footnotes":""},"categories":[51,49],"tags":[],"class_list":["post-345222","post","type-post","status-publish","format-standard","has-post-thumbnail","hentry","category-evidenza-top","category-news-18","category-51","category-49","description-off"],"img_url":"https:\/\/www.radiopiu.net\/wordpress\/wp-content\/uploads\/2023\/07\/Senza-nome-55.png","_links":{"self":[{"href":"https:\/\/www.radiopiu.net\/wordpress\/wp-json\/wp\/v2\/posts\/345222","targetHints":{"allow":["GET"]}}],"collection":[{"href":"https:\/\/www.radiopiu.net\/wordpress\/wp-json\/wp\/v2\/posts"}],"about":[{"href":"https:\/\/www.radiopiu.net\/wordpress\/wp-json\/wp\/v2\/types\/post"}],"author":[{"embeddable":true,"href":"https:\/\/www.radiopiu.net\/wordpress\/wp-json\/wp\/v2\/users\/4"}],"replies":[{"embeddable":true,"href":"https:\/\/www.radiopiu.net\/wordpress\/wp-json\/wp\/v2\/comments?post=345222"}],"version-history":[{"count":0,"href":"https:\/\/www.radiopiu.net\/wordpress\/wp-json\/wp\/v2\/posts\/345222\/revisions"}],"wp:featuredmedia":[{"embeddable":true,"href":"https:\/\/www.radiopiu.net\/wordpress\/wp-json\/wp\/v2\/media\/345223"}],"wp:attachment":[{"href":"https:\/\/www.radiopiu.net\/wordpress\/wp-json\/wp\/v2\/media?parent=345222"}],"wp:term":[{"taxonomy":"category","embeddable":true,"href":"https:\/\/www.radiopiu.net\/wordpress\/wp-json\/wp\/v2\/categories?post=345222"},{"taxonomy":"post_tag","embeddable":true,"href":"https:\/\/www.radiopiu.net\/wordpress\/wp-json\/wp\/v2\/tags?post=345222"}],"curies":[{"name":"wp","href":"https:\/\/api.w.org\/{rel}","templated":true}]}}