{"id":345329,"date":"2023-07-22T07:55:05","date_gmt":"2023-07-22T05:55:05","guid":{"rendered":"https:\/\/www.radiopiu.net\/wordpress\/?p=345329"},"modified":"2023-07-22T08:31:52","modified_gmt":"2023-07-22T06:31:52","slug":"dal-1983-la-rassegna-stampa-locale-bellunese-loriginale-e-in-onda-su-radio-piu-alle-8-del-mattino","status":"publish","type":"post","link":"https:\/\/www.radiopiu.net\/wordpress\/dal-1983-la-rassegna-stampa-locale-bellunese-loriginale-e-in-onda-su-radio-piu-alle-8-del-mattino\/","title":{"rendered":"dal 1983 la rassegna stampa locale bellunese L&#8217;ORIGINALE \u00e8 in onda su radio piu alle 8 del mattino"},"content":{"rendered":"<p>&nbsp;<\/p>\n<p>&nbsp;<\/p>\n<p>SEDICO Riprendono i lavori sulla SR 203 Agordina in localit\u00e0 La Pissa. Dal 24 luglio al 4 agosto, esclusi sabati e domeniche, la strada verr\u00e0 chiusa a fasce orarie: dalle 8 alle 9:35, dalle 9:50 alle 11:10, Dalle 11:25 alle 12:20 e dalle 14:25 alle 15:55.<br \/>\nSANTA GIUSTINA\u00a0 viabilit\u00e0 modificata per permettere i lavori al cavalcaferrovia di Formegan. Chi viaggia verso Feltre non pu\u00f2 pi\u00f9 percorrere il cavalcavia sulla statale 50, ma deve in modo obbligatorio effettuare il giro lungo via Nazionale attraversando la frazione di Formegan. Al contrario per una mese ancora chi procede per Belluno puo&#8217; utilizzare il sovrappasso ferroviario. Tra un mese interdizione totale del cavalcavia<br \/>\nSAN TOMASO AGORDINO nelle localit\u00e0 RONCH E CANACEDE l&#8217;acqua erogata dall&#8217;acquedotto non \u00e8 potabile e pu\u00f2 essere usata per scopi alimentari SOLO PREVIA bollitura. GSP ha, comunque, gi\u00e0 adottato le necessarie misure per la disinfezione dell&#8217;acqua presente nei serbatoi e nella rete idrica con l&#8217;aggiunta di cloro.<br \/>\nCANALE D&#8217;AGORDO Attorno alle 14 di ieri il Soccorso alpino della Val Biois \u00e8 stato attivato per una persona colta da malore &#8211; deceduta &#8211; sopra l&#8217;abitato di Colmean. Uscito in cerca di funghi, Claudio Rampazzo 67 anni, di Venezia, atteso per l&#8217;ora di pranzo non si era presentato. Dopo l&#8217;allarme dato dalla moglie purtroppo inutili i soccorsi.<br \/>\nSAN VITO DI CADORE Ieri attorno alle 11 il Soccorso alpino di San Vito di Cadore \u00e8 intervenuto sotto la strada che conduce a Malga Ciauta, dove un cercatore di funghi era scivolato, sbattendo su un sasso e riportando la sospetta frattura di una gamba.<br \/>\nALLEGHE\u00a0 Verso le 17.40 \u00e8 scattato l&#8217;allarme dal Rifugio Tissi, dove era arrivato un escursionista straniero, che diceva di essere stato morso alla mano da una vipera, di striscio dopo avere avvicinato all&#8217;ofide la mano, che si era nel frattempo gonfiata. Il ragazzo \u00e8 stato quindi caricato a bordo e trasportato all&#8217;ospedale di Belluno per le verifiche del caso<br \/>\nFELTRE\u00a0 Un camion di un&#8217;azienda che distribuisce bibite e una Fiat Doblo&#8217; con a bordo due donne sono entrati in collisione. Le due donne \u2013 una 36 enne residente a Feltre e una 73 enne di Cesiomaggiore \u2013 trasportate all&#8217;ospedale di Feltre in condizioni non gravi.<br \/>\nPONTE NELLE ALPI Addio a &#8220;Bepi America&#8221; ovvero Giuseppe Bortot, nato nel 1940, residente a Ponte nelle Alpi e deceduto ieri all&#8217;ospedale San Martino a Belluno a causa di una malattia.<br \/>\nBELLUNO Mercoled\u00ec scorso, la Squadra Mobile di Belluno ha eseguito un&#8217;ordinanza cautelare contro un giovane marocchino di 27 anni, emessa dal Tribunale su richiesta della Procura. Il soggetto era gi\u00e0 agli arresti domiciliari per concorso in rapina. Durante l&#8217;indagine, sono emerse numerose violazioni della misura, inclusa un&#8217;evasione di oltre 24 ore, studiata in modo rocambolesco per evitare la sorveglianza. Il giovane si nascose all&#8217;interno dell&#8217;auto della compagna.<br \/>\nVAL DI ZOLDO Monta la protesta via social per il parcheggio selvaggio di auto e camper al passo Staulanza. I\u00a0 gestori dell&#8217;omonimo rifugio denunciano una situazione considerata \u00abinsostenibile\u00bb . I pochi parcheggi a ridosso del passo sono presi letteralmente d&#8217;assalto dai camper.<br \/>\nLOZZO DI CADORE\u00a0 Una frana ha interessato la Strada del Genio (comunale),\u00a0 collega il centro di Lozzo all&#8217;altopiano di Pian dei Buoi in localit\u00e0 Sote Mizoi.\u00a0 L&#8217;accesso alla zona \u00e8 interrotto. Lass\u00f9 c&#8217;era una famiglia con due bambini che avevano affittato una baita. Sono intervenuti i ragazzi del soccorso alpino per portarli a Valle<br \/>\nNUOVA ONDATA DI MALTEMPO, INTERVENTI IN TUTTA LA REGIONE DEI VIGILI DEL FUOCO PER LA RIMOZIONE DI PIANTE<br \/>\nALLEGHE: LOCAZIONI TURISTICHE FANTASMA, IL COMUNE SANZIONA<br \/>\nIL 51\u00b0 STORMO DI ISTRANA PER L&#8217;OTTANTESIMO ANNIVERSARIO DI FERRUCCIO SERAFINI<br \/>\nGISELLA GALATA\u2019 E\u2019 IL NUOVO PRESIDENTE DEL LIONS CLUB FELTRE CASTELLO DI ALBOINO<br \/>\nREDAZIONE Una mattinata alternativa per Radio Pi\u00f9 ma anche per gli ospiti del micro nido Girotondo di Cencenighe. Si \u00e8 svolta ieri la festa d&#8217;estate per i piccoli ospiti. 17 bambini tra i 0 e 36 mesi hanno scoperto per la prima volta la radio grazie alla festa organizzata dallo staff del Girotondo<\/p>\n<p>GLI EVENTI DEL FINE SETTIMANA CON LE PROLOCO DELL&#8217;AGORDINO, ASCOLTA LO SPECIALE SETTIMANALE IL VENERDI ALLE 16.30, IL SABATO ALLE 13.10, LA DOMENICA MATTINA ALLE 8.05 in collaborazione con il comitato proloco dell&#8217;Agordino<\/p>\n<p>&nbsp;<\/p>\n","protected":false},"excerpt":{"rendered":"<p>&nbsp; &nbsp; SEDICO Riprendono i lavori sulla SR 203 Agordina in localit\u00e0 La Pissa. Dal 24 luglio al 4 agosto, esclusi sabati e domeniche, la strada verr\u00e0 chiusa a fasce orarie: dalle 8 alle 9:35, dalle 9:50 alle 11:10, Dalle 11:25 alle 12:20 e dalle 14:25 alle 15:55. SANTA GIUSTINA\u00a0 viabilit\u00e0 modificata per permettere i&hellip;<\/p>\n","protected":false},"author":4,"featured_media":345330,"comment_status":"closed","ping_status":"closed","sticky":false,"template":"","format":"standard","meta":{"_monsterinsights_skip_tracking":false,"_monsterinsights_sitenote_active":false,"_monsterinsights_sitenote_note":"","_monsterinsights_sitenote_category":0,"footnotes":""},"categories":[104,49,142],"tags":[],"class_list":["post-345329","post","type-post","status-publish","format-standard","has-post-thumbnail","hentry","category-evidenza_3","category-news-18","category-rassegna-stampa","category-104","category-49","category-142","description-off"],"img_url":"https:\/\/www.radiopiu.net\/wordpress\/wp-content\/uploads\/2023\/07\/coper3-2.png","_links":{"self":[{"href":"https:\/\/www.radiopiu.net\/wordpress\/wp-json\/wp\/v2\/posts\/345329","targetHints":{"allow":["GET"]}}],"collection":[{"href":"https:\/\/www.radiopiu.net\/wordpress\/wp-json\/wp\/v2\/posts"}],"about":[{"href":"https:\/\/www.radiopiu.net\/wordpress\/wp-json\/wp\/v2\/types\/post"}],"author":[{"embeddable":true,"href":"https:\/\/www.radiopiu.net\/wordpress\/wp-json\/wp\/v2\/users\/4"}],"replies":[{"embeddable":true,"href":"https:\/\/www.radiopiu.net\/wordpress\/wp-json\/wp\/v2\/comments?post=345329"}],"version-history":[{"count":0,"href":"https:\/\/www.radiopiu.net\/wordpress\/wp-json\/wp\/v2\/posts\/345329\/revisions"}],"wp:featuredmedia":[{"embeddable":true,"href":"https:\/\/www.radiopiu.net\/wordpress\/wp-json\/wp\/v2\/media\/345330"}],"wp:attachment":[{"href":"https:\/\/www.radiopiu.net\/wordpress\/wp-json\/wp\/v2\/media?parent=345329"}],"wp:term":[{"taxonomy":"category","embeddable":true,"href":"https:\/\/www.radiopiu.net\/wordpress\/wp-json\/wp\/v2\/categories?post=345329"},{"taxonomy":"post_tag","embeddable":true,"href":"https:\/\/www.radiopiu.net\/wordpress\/wp-json\/wp\/v2\/tags?post=345329"}],"curies":[{"name":"wp","href":"https:\/\/api.w.org\/{rel}","templated":true}]}}