{"id":345344,"date":"2023-07-24T05:27:10","date_gmt":"2023-07-24T03:27:10","guid":{"rendered":"https:\/\/www.radiopiu.net\/wordpress\/?p=345344"},"modified":"2023-07-24T08:40:43","modified_gmt":"2023-07-24T06:40:43","slug":"giornale-radiopiu-24-luglio-2023-direttore-mirko-mezzacasada-40-anni-25-giugno-1983-25-giugno-2023","status":"publish","type":"post","link":"https:\/\/www.radiopiu.net\/wordpress\/giornale-radiopiu-24-luglio-2023-direttore-mirko-mezzacasada-40-anni-25-giugno-1983-25-giugno-2023\/","title":{"rendered":"GIORNALE RADIOPIU 24 LUGLIO 2023 DIRETTORE MIRKO MEZZACASA\u2026DA 40 ANNI 25 GIUGNO 1983-25 GIUGNO 2023"},"content":{"rendered":"<h2 style=\"text-align: left;\"><span style=\"color: #ff0000;\"><span style=\"vertical-align: inherit;\"><a class=\"dt-pswp-item\" href=\"https:\/\/www.radiopiu.net\/wordpress\/wp-content\/uploads\/2023\/04\/e0aad41d-951e-47b9-9fae-1a879a9bcb7e-1.jpg\" data-dt-img-description=\"\" data-large_image_width=\"1200\" data-large_image_height=\"1200\"><img loading=\"lazy\" decoding=\"async\" class=\"wp-image-333205 alignleft\" src=\"https:\/\/www.radiopiu.net\/wordpress\/wp-content\/uploads\/2023\/04\/e0aad41d-951e-47b9-9fae-1a879a9bcb7e-1-300x300.jpg\" alt=\"\" width=\"110\" height=\"110\" srcset=\"https:\/\/www.radiopiu.net\/wordpress\/wp-content\/uploads\/2023\/04\/e0aad41d-951e-47b9-9fae-1a879a9bcb7e-1-300x300.jpg 300w, https:\/\/www.radiopiu.net\/wordpress\/wp-content\/uploads\/2023\/04\/e0aad41d-951e-47b9-9fae-1a879a9bcb7e-1-1024x1024.jpg 1024w, https:\/\/www.radiopiu.net\/wordpress\/wp-content\/uploads\/2023\/04\/e0aad41d-951e-47b9-9fae-1a879a9bcb7e-1-150x150.jpg 150w, https:\/\/www.radiopiu.net\/wordpress\/wp-content\/uploads\/2023\/04\/e0aad41d-951e-47b9-9fae-1a879a9bcb7e-1-768x768.jpg 768w, https:\/\/www.radiopiu.net\/wordpress\/wp-content\/uploads\/2023\/04\/e0aad41d-951e-47b9-9fae-1a879a9bcb7e-1.jpg 1200w\" sizes=\"auto, (max-width: 110px) 100vw, 110px\" \/><\/a><\/span><\/span><\/h2>\n<h1 class=\"entry-title\">40esimo di RADIOPIU\u2026. LA VOCE DELL\u2019EMOZIONE<\/h1>\n<h2><span style=\"color: #ff0000;\">ISCRIVITI AL NOSTRO CANALE\u00a0\u00a0YOUTUBE PER SEGUIRE IN DIRETTA I PRINCIPALI PROGRAMMI DI RADIO PIU\u2019 E LE FUTURE DIRETTE IN ESTERNA. PER ISCRIVERTI\u00a0<a style=\"color: #ff0000;\" href=\"https:\/\/youtube.com\/@radiopiu1527\">CLICCA QUI\u00a0<\/a>E PREMI\u00a0 \u201cIscriviti\u201d<\/span><\/h2>\n<p>&nbsp;<\/p>\n<p>&nbsp;<\/p>\n<h1><strong>AUGURI AGORDO MUSICA ! 30 ANNI CON IL VIOLONCELLO DI MARIO BRUNELLO\u00a0\u00a0<\/strong><\/h1>\n\n\t\t\t<style type='text\/css'>\n\t\t\t\t#gallery-1 {\n\t\t\t\t\tmargin: auto;\n\t\t\t\t}\n\t\t\t\t#gallery-1 .gallery-item {\n\t\t\t\t\tfloat: left;\n\t\t\t\t\tmargin-top: 10px;\n\t\t\t\t\ttext-align: center;\n\t\t\t\t\twidth: 50%;\n\t\t\t\t}\n\t\t\t\t#gallery-1 img {\n\t\t\t\t\tborder: 2px solid #cfcfcf;\n\t\t\t\t}\n\t\t\t\t#gallery-1 .gallery-caption {\n\t\t\t\t\tmargin-left: 0;\n\t\t\t\t}\n\t\t\t\t\/* see gallery_shortcode() in wp-includes\/media.php *\/\n\t\t\t<\/style>\n\t\t<div id='gallery-1' class='dt-gallery-container gallery galleryid-345344 gallery-columns-2 gallery-size-medium'><dl class='gallery-item'>\n\t\t\t\t<dt class='gallery-icon landscape'>\n\t\t\t\t\t<a class=\"rollover rollover-zoom dt-pswp-item\" title=\"WhatsApp Image 2023-07-22 at 11.45.51 (1)\" data-dt-img-description=\"\" data-large_image_width=\"1772\" data-large_image_height=\"1181\"href='https:\/\/www.radiopiu.net\/wordpress\/wp-content\/uploads\/2023\/07\/WhatsApp-Image-2023-07-22-at-11.45.51-1.jpeg'><img loading=\"lazy\" decoding=\"async\" width=\"300\" height=\"200\" src=\"https:\/\/www.radiopiu.net\/wordpress\/wp-content\/uploads\/2023\/07\/WhatsApp-Image-2023-07-22-at-11.45.51-1-300x200.jpeg\" class=\"attachment-medium size-medium\" alt=\"\" srcset=\"https:\/\/www.radiopiu.net\/wordpress\/wp-content\/uploads\/2023\/07\/WhatsApp-Image-2023-07-22-at-11.45.51-1-300x200.jpeg 300w, https:\/\/www.radiopiu.net\/wordpress\/wp-content\/uploads\/2023\/07\/WhatsApp-Image-2023-07-22-at-11.45.51-1-1024x682.jpeg 1024w, https:\/\/www.radiopiu.net\/wordpress\/wp-content\/uploads\/2023\/07\/WhatsApp-Image-2023-07-22-at-11.45.51-1-768x512.jpeg 768w, https:\/\/www.radiopiu.net\/wordpress\/wp-content\/uploads\/2023\/07\/WhatsApp-Image-2023-07-22-at-11.45.51-1-1536x1024.jpeg 1536w, https:\/\/www.radiopiu.net\/wordpress\/wp-content\/uploads\/2023\/07\/WhatsApp-Image-2023-07-22-at-11.45.51-1.jpeg 1772w\" sizes=\"auto, (max-width: 300px) 100vw, 300px\" \/><\/a>\n\t\t\t\t<\/dt><\/dl><dl class='gallery-item'>\n\t\t\t\t<dt class='gallery-icon landscape'>\n\t\t\t\t\t<a class=\"rollover rollover-zoom dt-pswp-item\" title=\"WhatsApp Image 2023-07-22 at 11.45.52 (1)\" data-dt-img-description=\"\" data-large_image_width=\"1772\" data-large_image_height=\"1181\"href='https:\/\/www.radiopiu.net\/wordpress\/wp-content\/uploads\/2023\/07\/WhatsApp-Image-2023-07-22-at-11.45.52-1.jpeg'><img loading=\"lazy\" decoding=\"async\" width=\"300\" height=\"200\" src=\"https:\/\/www.radiopiu.net\/wordpress\/wp-content\/uploads\/2023\/07\/WhatsApp-Image-2023-07-22-at-11.45.52-1-300x200.jpeg\" class=\"attachment-medium size-medium\" alt=\"\" srcset=\"https:\/\/www.radiopiu.net\/wordpress\/wp-content\/uploads\/2023\/07\/WhatsApp-Image-2023-07-22-at-11.45.52-1-300x200.jpeg 300w, https:\/\/www.radiopiu.net\/wordpress\/wp-content\/uploads\/2023\/07\/WhatsApp-Image-2023-07-22-at-11.45.52-1-1024x682.jpeg 1024w, https:\/\/www.radiopiu.net\/wordpress\/wp-content\/uploads\/2023\/07\/WhatsApp-Image-2023-07-22-at-11.45.52-1-768x512.jpeg 768w, https:\/\/www.radiopiu.net\/wordpress\/wp-content\/uploads\/2023\/07\/WhatsApp-Image-2023-07-22-at-11.45.52-1-1536x1024.jpeg 1536w, https:\/\/www.radiopiu.net\/wordpress\/wp-content\/uploads\/2023\/07\/WhatsApp-Image-2023-07-22-at-11.45.52-1.jpeg 1772w\" sizes=\"auto, (max-width: 300px) 100vw, 300px\" \/><\/a>\n\t\t\t\t<\/dt><\/dl><br style=\"clear: both\" \/>\n\t\t\t<\/div>\n\n<p>https:\/\/www.facebook.com\/agordomusica\/videos\/1268062080767210<\/p>\n<p>&nbsp;<\/p>\n<hr \/>\n<p>&nbsp;<\/p>\n<blockquote>\n<h3><a class=\"dt-pswp-item\" href=\"https:\/\/www.radiopiu.net\/wordpress\/wp-content\/uploads\/2023\/07\/378f61d0-01d0-4eda-b7b6-77185c76ca82.jpg\" data-dt-img-description=\"\" data-large_image_width=\"679\" data-large_image_height=\"552\"><img loading=\"lazy\" decoding=\"async\" class=\" wp-image-345091 alignleft\" src=\"https:\/\/www.radiopiu.net\/wordpress\/wp-content\/uploads\/2023\/07\/378f61d0-01d0-4eda-b7b6-77185c76ca82-300x244.jpg\" alt=\"\" width=\"193\" height=\"157\" srcset=\"https:\/\/www.radiopiu.net\/wordpress\/wp-content\/uploads\/2023\/07\/378f61d0-01d0-4eda-b7b6-77185c76ca82-300x244.jpg 300w, https:\/\/www.radiopiu.net\/wordpress\/wp-content\/uploads\/2023\/07\/378f61d0-01d0-4eda-b7b6-77185c76ca82.jpg 679w\" sizes=\"auto, (max-width: 193px) 100vw, 193px\" \/><\/a>203 AGORDINA, CHIUSURE A FASCE ORARIE<\/h3>\n<\/blockquote>\n<p><strong>SEDICO<\/strong> Riprendono i lavori sulla SR 203 Agordina in localit\u00e0 La Pissa. Fino al 4 agosto, esclusi sabati e domeniche, la strada verr\u00e0 chiusa a fasce orarie: dalle 8 alle 9:35, dalle 9:50 alle 11:10, Dalle 11:25 alle 12:20 e dalle 14:25 alle 15:55.<\/p>\n<p>&nbsp;<\/p>\n<p><strong><span id=\"page3R_mcid6\" class=\"markedContent\"><span dir=\"ltr\" role=\"presentation\">chius<\/span><span dir=\"ltr\" role=\"presentation\">ura<\/span> <span dir=\"ltr\" role=\"presentation\">al transito della <\/span><\/span><span id=\"page3R_mcid8\" class=\"markedContent\"><span dir=\"ltr\" role=\"presentation\">&#8211;<\/span> <span dir=\"ltr\" role=\"presentation\">S.P. 33 \u201c<\/span><span dir=\"ltr\" role=\"presentation\">di Sauris\u201d<\/span> <span dir=\"ltr\" role=\"presentation\">dal km 0+000<\/span> <span dir=\"ltr\" role=\"presentation\">(loc.<\/span> <span dir=\"ltr\" role=\"presentation\">innesto S<\/span><span dir=\"ltr\" role=\"presentation\">.<\/span><span dir=\"ltr\" role=\"presentation\">P<\/span><span dir=\"ltr\" role=\"presentation\">.<\/span> <span dir=\"ltr\" role=\"presentation\">619 Casera Razzo<\/span><span dir=\"ltr\" role=\"presentation\">)<\/span> <span dir=\"ltr\" role=\"presentation\">al km 6+800<\/span> <span dir=\"ltr\" role=\"presentation\">(loc. confine <\/span><span dir=\"ltr\" role=\"presentation\">con<\/span> <span dir=\"ltr\" role=\"presentation\">Provincia<\/span> <span dir=\"ltr\" role=\"presentation\">di Udine)<\/span><span dir=\"ltr\" role=\"presentation\">.\u00a0<\/span><\/span><\/strong><\/p>\n<p>&nbsp;<\/p>\n<hr \/>\n<p>&nbsp;<\/p>\n<blockquote>\n<h3>IN DUE FRAZIONI L&#8217;ACQUA NECESSITA DI BOLLITURA<\/h3>\n<\/blockquote>\n<p class=\"moz-text-html\" lang=\"x-unicode\"><strong><img loading=\"lazy\" decoding=\"async\" class=\"alignleft\" src=\"https:\/\/www.radiopiu.net\/wordpress\/wp-content\/uploads\/2018\/08\/ACQUA.jpeg\" width=\"138\" height=\"83\" \/>SAN TOMASO AGORDINO<\/strong> nelle localit\u00e0 RONCH E CANACEDE l&#8217;acqua erogata dall&#8217;acquedotto non \u00e8 potabile e pu\u00f2 essere usata per scopi alimentari SOLO PREVIA bollitura. GSP ha, comunque, gi\u00e0 adottato le necessarie misure per la disinfezione dell&#8217;acqua presente nei serbatoi e nella rete idrica con l&#8217;aggiunta di cloro.<\/p>\n<p>&nbsp;<\/p>\n<blockquote>\n<h3>LAVORI PROGRAMMATI BIM GSP<\/h3>\n<\/blockquote>\n<p><strong>GOSALDO<\/strong> Gestione Servizi Pubblici informa che, per lavori alla rete idrica comunale, oggi dalle 9:00 a FINE LAVORI, potrebbe mancare l&#8217;acqua a GOSALDO nelle localit\u00e0 DOMADORE, FAUSTIN, TITELE, LONGHI, SARESIN, CIET, MARCHET, LA COSTA, MASOCH, PETTE, NAGAREI, CALDRAS, NADAI, MELE, ZAVAT, CARRERA, BEZZOI, NORI, CODA, PIOLE, STUER. Il personale addetto operer\u00e0 per limitare il pi\u00f9 possibile i disagi alla popolazione.<\/p>\n<p>&nbsp;<\/p>\n<hr \/>\n<p>&nbsp;<\/p>\n<p>&nbsp;<\/p>\n<blockquote>\n<h3>DAL POMERIGGIO TEMPORALI SPARSI IN TUTTO IL TERRITORIO VENETO<\/h3>\n<\/blockquote>\n<p><strong><a class=\"dt-pswp-item\" href=\"https:\/\/www.radiopiu.net\/wordpress\/wp-content\/uploads\/2020\/08\/TEMPORALE.jpg\" data-dt-img-description=\"\" data-large_image_width=\"1920\" data-large_image_height=\"1080\"><img loading=\"lazy\" decoding=\"async\" class=\" wp-image-158236 alignleft\" src=\"https:\/\/www.radiopiu.net\/wordpress\/wp-content\/uploads\/2020\/08\/TEMPORALE-300x169.jpg\" alt=\"\" width=\"185\" height=\"104\" srcset=\"https:\/\/www.radiopiu.net\/wordpress\/wp-content\/uploads\/2020\/08\/TEMPORALE-300x169.jpg 300w, https:\/\/www.radiopiu.net\/wordpress\/wp-content\/uploads\/2020\/08\/TEMPORALE-1024x576.jpg 1024w, https:\/\/www.radiopiu.net\/wordpress\/wp-content\/uploads\/2020\/08\/TEMPORALE-768x432.jpg 768w, https:\/\/www.radiopiu.net\/wordpress\/wp-content\/uploads\/2020\/08\/TEMPORALE-1536x864.jpg 1536w, https:\/\/www.radiopiu.net\/wordpress\/wp-content\/uploads\/2020\/08\/TEMPORALE-640x360.jpg 640w, https:\/\/www.radiopiu.net\/wordpress\/wp-content\/uploads\/2020\/08\/TEMPORALE.jpg 1920w\" sizes=\"auto, (max-width: 185px) 100vw, 185px\" \/><\/a>VENEZIA <\/strong>Il Centro Funzionale Decentrato della Protezione Civile della Regione del Veneto ha emesso un avviso in cui dichiara condizioni di instabilit\u00e0 a partire da\u00a0 OGGI pomeriggio con probabilit\u00e0 in aumento di rovesci e temporali, a partire dalle zone montane\/pedemontane in successiva estensione dalla serata anche ad alcune zone della pianura. Domani sono attese fasi di instabilit\u00e0 con rovesci e temporali sparsi o a tratti diffusi. Saranno possibili fenomeni intensi, associati a forti rovesci, locali grandinate, forti raffiche di vento. Si prevede criticit\u00e0 idrogeologica, stabilendo lo stato di Attenzione (Allerta Gialla), dalle 14.00 di\u00a0 oggi\u00a0 alle 00.00 di mercoled\u00ec 26 luglio<\/p>\n<p>&nbsp;<\/p>\n<hr \/>\n<p>&nbsp;<\/p>\n<blockquote>\n<h1><strong> Incidente nella galleria dei Serrai a Rocca Pietore: grave motociclista\u00a0<\/strong><\/h1>\n<p><em>Paura ieri mattina nella galleria dei Serrai a Rocca Pietore a pochi chilometri da Malga Ciapela. Un grave incidente coinvolge tre mezzi: un&#8217;auto, una moto e un camper.<\/em><\/p><\/blockquote>\n<p><strong>ROCCA PIETORE\u00a0 <\/strong>Ieri mattina alle 9.30 \u00a0una motocicletta, condotta da un uomo di 60 anni proveniente da Ravenna, \u00e8 entrata in collisione con un&#8217;auto sulla Sp 641. A seguito dell&#8217;impatto, il conducente della moto e il mezzo stesso sono stati sbalzati in aria, finendo sotto un camper che sopraggiungeva in quel momento. La moto si \u00e8 praticamente spezzata in due. Le operazioni di soccorso sono state immediate: sul posto sono giunte due squadre dei vigili del fuoco di Agordo, supportate dai volontari di Caprile, i carabinieri e i mezzi del Suem. Il motociclista, ferito gravemente, \u00e8 stato trasportato in ambulanza verso valle, in localit\u00e0 Boscoverde, da dove \u00e8 stato elitrasportato all&#8217;ospedale di Belluno. Attualmente, l&#8217;uomo \u00e8 ricoverato nel reparto di Rianimazione a causa della frattura agli arti inferiori. Le sue condizioni rimangono gravi. Nell&#8217;incidente sono stati coinvolti anche tre bambini che viaggiavano sugli altri due mezzi. Fortunatamente, nonostante lo choc per l&#8217;accaduto, nessuna ferita,\u00a0 i sanitari si sono presi cura di loro.<\/p>\n\n\t\t\t<style type='text\/css'>\n\t\t\t\t#gallery-2 {\n\t\t\t\t\tmargin: auto;\n\t\t\t\t}\n\t\t\t\t#gallery-2 .gallery-item {\n\t\t\t\t\tfloat: left;\n\t\t\t\t\tmargin-top: 10px;\n\t\t\t\t\ttext-align: center;\n\t\t\t\t\twidth: 25%;\n\t\t\t\t}\n\t\t\t\t#gallery-2 img {\n\t\t\t\t\tborder: 2px solid #cfcfcf;\n\t\t\t\t}\n\t\t\t\t#gallery-2 .gallery-caption {\n\t\t\t\t\tmargin-left: 0;\n\t\t\t\t}\n\t\t\t\t\/* see gallery_shortcode() in wp-includes\/media.php *\/\n\t\t\t<\/style>\n\t\t<div id='gallery-2' class='dt-gallery-container gallery galleryid-345344 gallery-columns-4 gallery-size-medium'><dl class='gallery-item'>\n\t\t\t\t<dt class='gallery-icon landscape'>\n\t\t\t\t\t<a class=\"rollover rollover-zoom dt-pswp-item\" title=\"533622d7-2d6b-49c9-816a-1590a16d2078\" data-dt-img-description=\"\" data-large_image_width=\"1280\" data-large_image_height=\"720\"href='https:\/\/www.radiopiu.net\/wordpress\/wp-content\/uploads\/2023\/07\/533622d7-2d6b-49c9-816a-1590a16d2078.jpg'><img loading=\"lazy\" decoding=\"async\" width=\"300\" height=\"169\" src=\"https:\/\/www.radiopiu.net\/wordpress\/wp-content\/uploads\/2023\/07\/533622d7-2d6b-49c9-816a-1590a16d2078-300x169.jpg\" class=\"attachment-medium size-medium\" alt=\"\" srcset=\"https:\/\/www.radiopiu.net\/wordpress\/wp-content\/uploads\/2023\/07\/533622d7-2d6b-49c9-816a-1590a16d2078-300x169.jpg 300w, https:\/\/www.radiopiu.net\/wordpress\/wp-content\/uploads\/2023\/07\/533622d7-2d6b-49c9-816a-1590a16d2078-1024x576.jpg 1024w, https:\/\/www.radiopiu.net\/wordpress\/wp-content\/uploads\/2023\/07\/533622d7-2d6b-49c9-816a-1590a16d2078-768x432.jpg 768w, https:\/\/www.radiopiu.net\/wordpress\/wp-content\/uploads\/2023\/07\/533622d7-2d6b-49c9-816a-1590a16d2078.jpg 1280w\" sizes=\"auto, (max-width: 300px) 100vw, 300px\" \/><\/a>\n\t\t\t\t<\/dt><\/dl><dl class='gallery-item'>\n\t\t\t\t<dt class='gallery-icon landscape'>\n\t\t\t\t\t<a class=\"rollover rollover-zoom dt-pswp-item\" title=\"67235177-45a3-4108-b9c2-44121bb336c5\" data-dt-img-description=\"\" data-large_image_width=\"1280\" data-large_image_height=\"720\"href='https:\/\/www.radiopiu.net\/wordpress\/wp-content\/uploads\/2023\/07\/67235177-45a3-4108-b9c2-44121bb336c5.jpg'><img loading=\"lazy\" decoding=\"async\" width=\"300\" height=\"169\" src=\"https:\/\/www.radiopiu.net\/wordpress\/wp-content\/uploads\/2023\/07\/67235177-45a3-4108-b9c2-44121bb336c5-300x169.jpg\" class=\"attachment-medium size-medium\" alt=\"\" srcset=\"https:\/\/www.radiopiu.net\/wordpress\/wp-content\/uploads\/2023\/07\/67235177-45a3-4108-b9c2-44121bb336c5-300x169.jpg 300w, https:\/\/www.radiopiu.net\/wordpress\/wp-content\/uploads\/2023\/07\/67235177-45a3-4108-b9c2-44121bb336c5-1024x576.jpg 1024w, https:\/\/www.radiopiu.net\/wordpress\/wp-content\/uploads\/2023\/07\/67235177-45a3-4108-b9c2-44121bb336c5-768x432.jpg 768w, https:\/\/www.radiopiu.net\/wordpress\/wp-content\/uploads\/2023\/07\/67235177-45a3-4108-b9c2-44121bb336c5.jpg 1280w\" sizes=\"auto, (max-width: 300px) 100vw, 300px\" \/><\/a>\n\t\t\t\t<\/dt><\/dl><dl class='gallery-item'>\n\t\t\t\t<dt class='gallery-icon landscape'>\n\t\t\t\t\t<a class=\"rollover rollover-zoom dt-pswp-item\" title=\"a02eb211-c6c3-4476-8967-24a8cb8847f4\" data-dt-img-description=\"\" data-large_image_width=\"1280\" data-large_image_height=\"720\"href='https:\/\/www.radiopiu.net\/wordpress\/wp-content\/uploads\/2023\/07\/a02eb211-c6c3-4476-8967-24a8cb8847f4.jpg'><img loading=\"lazy\" decoding=\"async\" width=\"300\" height=\"169\" src=\"https:\/\/www.radiopiu.net\/wordpress\/wp-content\/uploads\/2023\/07\/a02eb211-c6c3-4476-8967-24a8cb8847f4-300x169.jpg\" class=\"attachment-medium size-medium\" alt=\"\" srcset=\"https:\/\/www.radiopiu.net\/wordpress\/wp-content\/uploads\/2023\/07\/a02eb211-c6c3-4476-8967-24a8cb8847f4-300x169.jpg 300w, https:\/\/www.radiopiu.net\/wordpress\/wp-content\/uploads\/2023\/07\/a02eb211-c6c3-4476-8967-24a8cb8847f4-1024x576.jpg 1024w, https:\/\/www.radiopiu.net\/wordpress\/wp-content\/uploads\/2023\/07\/a02eb211-c6c3-4476-8967-24a8cb8847f4-768x432.jpg 768w, https:\/\/www.radiopiu.net\/wordpress\/wp-content\/uploads\/2023\/07\/a02eb211-c6c3-4476-8967-24a8cb8847f4.jpg 1280w\" sizes=\"auto, (max-width: 300px) 100vw, 300px\" \/><\/a>\n\t\t\t\t<\/dt><\/dl><dl class='gallery-item'>\n\t\t\t\t<dt class='gallery-icon landscape'>\n\t\t\t\t\t<a class=\"rollover rollover-zoom dt-pswp-item\" title=\"9a5cf111-018b-468a-93f2-0c283d61c29b\" data-dt-img-description=\"\" data-large_image_width=\"1280\" data-large_image_height=\"720\"href='https:\/\/www.radiopiu.net\/wordpress\/wp-content\/uploads\/2023\/07\/9a5cf111-018b-468a-93f2-0c283d61c29b.jpg'><img loading=\"lazy\" decoding=\"async\" width=\"300\" height=\"169\" src=\"https:\/\/www.radiopiu.net\/wordpress\/wp-content\/uploads\/2023\/07\/9a5cf111-018b-468a-93f2-0c283d61c29b-300x169.jpg\" class=\"attachment-medium size-medium\" alt=\"\" srcset=\"https:\/\/www.radiopiu.net\/wordpress\/wp-content\/uploads\/2023\/07\/9a5cf111-018b-468a-93f2-0c283d61c29b-300x169.jpg 300w, https:\/\/www.radiopiu.net\/wordpress\/wp-content\/uploads\/2023\/07\/9a5cf111-018b-468a-93f2-0c283d61c29b-1024x576.jpg 1024w, https:\/\/www.radiopiu.net\/wordpress\/wp-content\/uploads\/2023\/07\/9a5cf111-018b-468a-93f2-0c283d61c29b-768x432.jpg 768w, https:\/\/www.radiopiu.net\/wordpress\/wp-content\/uploads\/2023\/07\/9a5cf111-018b-468a-93f2-0c283d61c29b.jpg 1280w\" sizes=\"auto, (max-width: 300px) 100vw, 300px\" \/><\/a>\n\t\t\t\t<\/dt><\/dl><br style=\"clear: both\" \/>\n\t\t\t<\/div>\n\n<p>&nbsp;<\/p>\n<p><strong>COLLE SANTA LUCIA<\/strong> Falco\u00a0 nel pomeriggio di ieri \u00e8 intervenuto sul Passo Giau per una caduta in bicicletta: \u00e8 rimasto ferito un 36enne tedesco che \u00e8 stato trasportato al San Martino di Belluno.<\/p>\n<p>&nbsp;<\/p>\n<hr \/>\n<p>&nbsp;<\/p>\n<blockquote>\n<h3>RECUPERI NELLA NOTTE, SCIVOLONE E SMARRITI IN PARETE<\/h3>\n<\/blockquote>\n<p><strong>CORTINA<\/strong> Bloccati senza casco, imbrago e pile sulla Ferrata Tomaselli alla Punta Fanes Sud: recuperati nella notte due escursionisti. &#8216;Ferrata verticale, impegnativa, con passaggi esposti e tecnicamente difficili&#8217; si legge sulla relazione dell&#8217;itinerario attrezzato affrontato ieri da due 25enni di Verona che, attorno alle 21 di sabato, hanno chiesto aiuto incapaci di proseguire. Sotto la minaccia del temporale, le squadre del Soccorso alpino di Cortina e della Guardia di finanza sono partite con i fuoristrada per avvicinarsi il pi\u00f9 possibile e poi proseguire a piedi, una volta sotto Forcella Col dei Bos. I soccorritori hanno quindi risalito l&#8217;itinerario, in un&#8217;ora e mezza hanno raggiunto i due e li hanno dotati di casco e imbrago. Dopo averli assicurati, la squadra ha iniziato a calarli a valle, per poi riportarli sul sentiero e riaccompagnarli alla macchina al Passo Falzarego. Dal loro racconto, lasciata l&#8217;auto nel parcheggio della funivia del Lagazuoi, i due ragazzi erano partiti la mattina verso le 11 e, dopo un giro, erano arrivati dove la Cengia Veronesi si innesta nel tratto centrale della Ferrata, iniziando a ridiscenderla e fermandosi un centinaio di metri pi\u00f9 sotto tra salti di roccia verticali, senza poter pi\u00f9 proseguire. Le squadre sono rientrate alle 2.<\/p>\n\n\t\t\t<style type='text\/css'>\n\t\t\t\t#gallery-3 {\n\t\t\t\t\tmargin: auto;\n\t\t\t\t}\n\t\t\t\t#gallery-3 .gallery-item {\n\t\t\t\t\tfloat: left;\n\t\t\t\t\tmargin-top: 10px;\n\t\t\t\t\ttext-align: center;\n\t\t\t\t\twidth: 50%;\n\t\t\t\t}\n\t\t\t\t#gallery-3 img {\n\t\t\t\t\tborder: 2px solid #cfcfcf;\n\t\t\t\t}\n\t\t\t\t#gallery-3 .gallery-caption {\n\t\t\t\t\tmargin-left: 0;\n\t\t\t\t}\n\t\t\t\t\/* see gallery_shortcode() in wp-includes\/media.php *\/\n\t\t\t<\/style>\n\t\t<div id='gallery-3' class='dt-gallery-container gallery galleryid-345344 gallery-columns-2 gallery-size-thumbnail'><dl class='gallery-item'>\n\t\t\t\t<dt class='gallery-icon landscape'>\n\t\t\t\t\t<a class=\"rollover rollover-zoom dt-pswp-item\" title=\"Watermark_20230723_083615_788\" data-dt-img-description=\"\" data-large_image_width=\"2364\" data-large_image_height=\"1773\"href='https:\/\/www.radiopiu.net\/wordpress\/wp-content\/uploads\/2023\/07\/Watermark_20230723_083615_788.jpg'><img loading=\"lazy\" decoding=\"async\" width=\"150\" height=\"150\" src=\"https:\/\/www.radiopiu.net\/wordpress\/wp-content\/uploads\/2023\/07\/Watermark_20230723_083615_788-150x150.jpg\" class=\"attachment-thumbnail size-thumbnail\" alt=\"\" \/><\/a>\n\t\t\t\t<\/dt><\/dl><dl class='gallery-item'>\n\t\t\t\t<dt class='gallery-icon landscape'>\n\t\t\t\t\t<a class=\"rollover rollover-zoom dt-pswp-item\" title=\"Watermark_20230723_083635_812\" data-dt-img-description=\"\" data-large_image_width=\"2364\" data-large_image_height=\"1773\"href='https:\/\/www.radiopiu.net\/wordpress\/wp-content\/uploads\/2023\/07\/Watermark_20230723_083635_812.jpg'><img loading=\"lazy\" decoding=\"async\" width=\"150\" height=\"150\" src=\"https:\/\/www.radiopiu.net\/wordpress\/wp-content\/uploads\/2023\/07\/Watermark_20230723_083635_812-150x150.jpg\" class=\"attachment-thumbnail size-thumbnail\" alt=\"\" \/><\/a>\n\t\t\t\t<\/dt><\/dl><br style=\"clear: both\" \/>\n\t\t\t<\/div>\n\n<p>&nbsp;<\/p>\n<p><strong>BELLUNO <\/strong>Ieri attorno alle 13 l&#8217;elicottero di base a Belluno \u00e8 volato sul sentiero che scende dal Rifugio Dal Piaz, dove un escursionista che era in compagnia aveva sbattuto la testa. Il 62enne di Sedico (BL) \u00e8 stato recuperato e trasportato con un sospetto lieve trauma cranico all&#8217;ospedale di Feltre.<\/p>\n<p><strong>CORTINA<\/strong>\u00a0L&#8217;eliambulanza del Suem di Pieve di Cadore \u00e8 stata invece inviata verso le 14 all&#8217;uscita della via centrale sul Trapezio del Piccolo Lagazuoi, poich\u00e9 una coppia di alpinisti di Merano (BZ) non trovava il punto per rientrare con le doppie. Recuperati con un verricello di 20 metri, marito e moglie sono stato lasciati al Passo Valparola.<\/p>\n<p>&nbsp;<\/p>\n<p>&nbsp;<\/p>\n<p>&nbsp;<\/p>\n<hr \/>\n<p>&nbsp;<\/p>\n<blockquote>\n<h3>CASA DI SOGGIORNO DI TAIBON AD ASCA. I LAVORATORI CHIEDONO CERTEZZE<\/h3>\n<\/blockquote>\n<p><a class=\"dt-pswp-item\" href=\"https:\/\/www.radiopiu.net\/wordpress\/wp-content\/uploads\/2021\/02\/CASA-SOGGIORNO-TAIBON.jpg\" data-dt-img-description=\"SAMSUNG CAMERA PICTURES\" data-large_image_width=\"512\" data-large_image_height=\"324\"><img loading=\"lazy\" decoding=\"async\" class=\"wp-image-190126 alignleft\" src=\"https:\/\/www.radiopiu.net\/wordpress\/wp-content\/uploads\/2021\/02\/CASA-SOGGIORNO-TAIBON-300x190.jpg\" alt=\"\" width=\"186\" height=\"118\" srcset=\"https:\/\/www.radiopiu.net\/wordpress\/wp-content\/uploads\/2021\/02\/CASA-SOGGIORNO-TAIBON-300x190.jpg 300w, https:\/\/www.radiopiu.net\/wordpress\/wp-content\/uploads\/2021\/02\/CASA-SOGGIORNO-TAIBON.jpg 512w\" sizes=\"auto, (max-width: 186px) 100vw, 186px\" \/><\/a><strong>TAIBON<\/strong><\/p>\n<p>di Gianni Santomaso<\/p>\n<audio class=\"wp-audio-shortcode\" id=\"audio-345344-1\" preload=\"none\" style=\"width: 100%;\" controls=\"controls\"><source type=\"audio\/mpeg\" src=\"https:\/\/www.radiopiu.net\/wordpress\/wp-content\/uploads\/2023\/07\/GIANNI-CASA-DI-RIPOSO-TAIBON.mp3?_=1\" \/><a href=\"https:\/\/www.radiopiu.net\/wordpress\/wp-content\/uploads\/2023\/07\/GIANNI-CASA-DI-RIPOSO-TAIBON.mp3\">https:\/\/www.radiopiu.net\/wordpress\/wp-content\/uploads\/2023\/07\/GIANNI-CASA-DI-RIPOSO-TAIBON.mp3<\/a><\/audio>\n<p>&nbsp;<\/p>\n<hr \/>\n<p>&nbsp;<\/p>\n<p>&nbsp;<\/p>\n<blockquote>\n<h3>DOCUMENTI CONSEGNATI IN RITARDO: POSTE ITALIANE SOMMERSA DALLE CRITICHE<\/h3>\n<\/blockquote>\n<p><strong><img loading=\"lazy\" decoding=\"async\" class=\"alignleft\" src=\"https:\/\/www.radiopiu.net\/wordpress\/wp-content\/uploads\/2021\/11\/20211125_111618-1-scaled.jpg\" width=\"201\" height=\"95\" \/>AGORDO <\/strong>\u00a0 Situazione &#8220;scandalosa&#8221; e se lo dice un addetto ai lavori e s&#8217;alza il coro di protesta dei &#8220;postini&#8221; la situazione \u00e8 davvero preoccupante. In tutta la provincia certo, ma soprattutto nell&#8217;Agordino dove pacchi, raccomandate, atti giudiziari, sono tutti fermi in &#8220;magazzino&#8221; in attesa che il personale (quale personale?) lo porti a destinazione. Intanto le telefonate sono continue, c&#8217;\u00e8 chi attende documenti importanti e non se li vede recapitare. L&#8217;allarme lanciato da Adriano Musolino, segretario provinciale Failp Cisal,\u00a0 \u00a0conferma che\u00a0 la\u00a0 cospicua giacenza di raccomandate \u00e8 causata\u00a0 dalla mancanza di personale. Le colpe dei ritardi non sono certo dei postini, anzi sono loro i primi a preoccuparsi per la marea di documenti in giacenza, perch\u00e9 sono loro che suonano il campanello e ci mettono la faccia.<\/p>\n<p>&nbsp;<\/p>\n<p>&nbsp;<\/p>\n<p>&nbsp;<\/p>\n<hr \/>\n<p>&nbsp;<\/p>\n<blockquote>\n<h3>VIVAIO DOLOMITI ESPRIME PREOCCUPAZIONE PER I PRELIEVI D&#8217;ACQUA PER L&#8217;INNEVAMENTO DEL NEVEGAL<\/h3>\n<\/blockquote>\n<p><strong><a class=\"dt-pswp-item\" href=\"https:\/\/www.radiopiu.net\/wordpress\/wp-content\/uploads\/2018\/07\/VIVAIO-DOLOMITI.jpg\" data-dt-img-description=\"\" data-large_image_width=\"247\" data-large_image_height=\"204\"><img loading=\"lazy\" decoding=\"async\" class=\" wp-image-53894 alignleft\" src=\"https:\/\/www.radiopiu.net\/wordpress\/wp-content\/uploads\/2018\/07\/VIVAIO-DOLOMITI.jpg\" alt=\"\" width=\"168\" height=\"139\" \/><\/a>BELLUNO<\/strong> L&#8217;Associazione Vivaio Dolomiti esprime preoccupazione riguardo ai problemi burocratici sui prelievi dell&#8217;acqua per l&#8217;innevamento del Nevegal, evidenziando il sistema farraginoso dei nostri enti pubblici. Chiedono se gli altri comprensori sciistici hanno tutte le autorizzazioni necessarie e cosa succederebbe se venissero bloccati come \u00e8 successo al Nevegal. Invitano a effettuare verifiche anche sugli altri bacini per l&#8217;innevamento, per garantire che la legge sia uguale per tutti. Esprimono comprensione per le scarse risorse umane dell&#8217;ente Provincia, suggerendo di affidare le verifiche ad altri come gi\u00e0 fatto con altre competenze.<\/p>\n<p><strong>LA LETTERA<\/strong><\/p>\n<p>Singolare che dopo vent&#8217;anni si scopra proprio ora un cavillo burocratico sui prelievi dell&#8217;acqua per l&#8217;innevamento del Nevegal. Una questione che va normata e risolta ovviamente, ma che sta evidenziando se ancora ce ne fosse bisogno il sistema burocratico farraginoso dei nostri enti pubblici. La domanda sorge spontanea: ma se in Nevegal si prelevava senza questa autorizzazione fondamentale per la sopravvivenza del pianeta, tanto da porre i sigilli sulle pompe, gli altri comprensori hanno tutte le carte in regola ? Cosa succederebbe a Cortina, Arabba, Alleghe, Zoldo con gli impianti di innevamento bloccati grazie al solerte intervento della Provincia\u00a0 e degli organi di controllo? Potremmo aspettare la coppa del mondo e poi fare un&#8217;esposto visto che siamo bellunesi, massacriamoci fino alla fine. Invece che risolvere i problemi li enfatizziamo per farci del male. Quindi se la legge \u00e8 uguale per tutti chiediamo verifiche anche a tutti gli altri bacini per l&#8217;innevamento dove sono stati investiti milioni di euro. Comprendiamo anche che l&#8217;ente Provincia ha scarse risorse umane per effettuare le verifiche, quindi consigliamo all&#8217;organo politico di cedere anche queste incombenze ad altri come gi\u00e0 fatto con strade e trasporti, cos\u00ec facendo possono arrivare anche sul Col Margherita\u00a0 o all&#8217;ombra delle Tofane anzich\u00e9 salire solo sul Nevegal.<\/p>\n<p>&nbsp;<\/p>\n<p>&nbsp;<\/p>\n<hr \/>\n<p>&nbsp;<\/p>\n<blockquote>\n<h3>IL FAMILY DAY ESSILORLUXOTTICA<\/h3>\n<\/blockquote>\n<p><strong>AGORDO<\/strong> Una giornata di festa dedicata ai dipendenti e alle loro famiglie. Per la prima volta sotto l\u2019insegna di EssilorLuxottica, l\u2019azienda ha aperto le porte dello storico stabilimento di Agordo allestito per l\u2019occasione in stile \u201cLuna Park\u201d. Un\u2019area di 50 mila mq sui due lati del fiume Cordevole ha accolto gli oltre 15 mila, tra grandi e bambini, che hanno partecipato alla giornata. Hanno voluto essere presenti anche il Presidente e Amministratore Delegato di EssilorLuxottica Francesco Milleri, il Presidente Onorario di Luxottica, Cavaliere Luigi Francavilla, il Chief Operating Officer Giorgio Striano e le principali figure del management dell\u2019azienda. L\u2019evento conferma ancora una volta il legame speciale con il territorio bellunese, scenario di recenti investimenti dedicati ad interventi di ampliamento e rimodernamento degli stabilimenti. Grazie a tour guidati dedicati c\u2019\u00e8 stata anche l\u2019occasione di visitare alcuni dei reparti, oggi pi\u00f9 belli e digitali, dove nascono le collezioni di occhiali che tutto il mondo indossa , con i nuovi spazi orientati ancor di pi\u00f9 alla sicurezza e alla sostenibilit\u00e0 e che raccontano al meglio la nuova realt\u00e0 integrata.<\/p>\n\n\t\t\t<style type='text\/css'>\n\t\t\t\t#gallery-4 {\n\t\t\t\t\tmargin: auto;\n\t\t\t\t}\n\t\t\t\t#gallery-4 .gallery-item {\n\t\t\t\t\tfloat: left;\n\t\t\t\t\tmargin-top: 10px;\n\t\t\t\t\ttext-align: center;\n\t\t\t\t\twidth: 20%;\n\t\t\t\t}\n\t\t\t\t#gallery-4 img {\n\t\t\t\t\tborder: 2px solid #cfcfcf;\n\t\t\t\t}\n\t\t\t\t#gallery-4 .gallery-caption {\n\t\t\t\t\tmargin-left: 0;\n\t\t\t\t}\n\t\t\t\t\/* see gallery_shortcode() in wp-includes\/media.php *\/\n\t\t\t<\/style>\n\t\t<div id='gallery-4' class='dt-gallery-container gallery galleryid-345344 gallery-columns-5 gallery-size-medium'><dl class='gallery-item'>\n\t\t\t\t<dt class='gallery-icon landscape'>\n\t\t\t\t\t<a class=\"rollover rollover-zoom dt-pswp-item\" title=\"b1018020-a3e0-4f20-8814-0cde47edb7f2\" data-dt-img-description=\"\" data-large_image_width=\"2048\" data-large_image_height=\"1536\"href='https:\/\/www.radiopiu.net\/wordpress\/wp-content\/uploads\/2023\/07\/b1018020-a3e0-4f20-8814-0cde47edb7f2.jpg'><img loading=\"lazy\" decoding=\"async\" width=\"300\" height=\"225\" src=\"https:\/\/www.radiopiu.net\/wordpress\/wp-content\/uploads\/2023\/07\/b1018020-a3e0-4f20-8814-0cde47edb7f2-300x225.jpg\" class=\"attachment-medium size-medium\" alt=\"\" srcset=\"https:\/\/www.radiopiu.net\/wordpress\/wp-content\/uploads\/2023\/07\/b1018020-a3e0-4f20-8814-0cde47edb7f2-300x225.jpg 300w, https:\/\/www.radiopiu.net\/wordpress\/wp-content\/uploads\/2023\/07\/b1018020-a3e0-4f20-8814-0cde47edb7f2-1024x768.jpg 1024w, https:\/\/www.radiopiu.net\/wordpress\/wp-content\/uploads\/2023\/07\/b1018020-a3e0-4f20-8814-0cde47edb7f2-768x576.jpg 768w, https:\/\/www.radiopiu.net\/wordpress\/wp-content\/uploads\/2023\/07\/b1018020-a3e0-4f20-8814-0cde47edb7f2-1536x1152.jpg 1536w, https:\/\/www.radiopiu.net\/wordpress\/wp-content\/uploads\/2023\/07\/b1018020-a3e0-4f20-8814-0cde47edb7f2.jpg 2048w\" sizes=\"auto, (max-width: 300px) 100vw, 300px\" \/><\/a>\n\t\t\t\t<\/dt><\/dl><dl class='gallery-item'>\n\t\t\t\t<dt class='gallery-icon landscape'>\n\t\t\t\t\t<a class=\"rollover rollover-zoom dt-pswp-item\" title=\"746e3f56-4c8a-4a61-8f50-303daf050c9f\" data-dt-img-description=\"\" data-large_image_width=\"2048\" data-large_image_height=\"1536\"href='https:\/\/www.radiopiu.net\/wordpress\/wp-content\/uploads\/2023\/07\/746e3f56-4c8a-4a61-8f50-303daf050c9f.jpg'><img loading=\"lazy\" decoding=\"async\" width=\"300\" height=\"225\" src=\"https:\/\/www.radiopiu.net\/wordpress\/wp-content\/uploads\/2023\/07\/746e3f56-4c8a-4a61-8f50-303daf050c9f-300x225.jpg\" class=\"attachment-medium size-medium\" alt=\"\" srcset=\"https:\/\/www.radiopiu.net\/wordpress\/wp-content\/uploads\/2023\/07\/746e3f56-4c8a-4a61-8f50-303daf050c9f-300x225.jpg 300w, https:\/\/www.radiopiu.net\/wordpress\/wp-content\/uploads\/2023\/07\/746e3f56-4c8a-4a61-8f50-303daf050c9f-1024x768.jpg 1024w, https:\/\/www.radiopiu.net\/wordpress\/wp-content\/uploads\/2023\/07\/746e3f56-4c8a-4a61-8f50-303daf050c9f-768x576.jpg 768w, https:\/\/www.radiopiu.net\/wordpress\/wp-content\/uploads\/2023\/07\/746e3f56-4c8a-4a61-8f50-303daf050c9f-1536x1152.jpg 1536w, https:\/\/www.radiopiu.net\/wordpress\/wp-content\/uploads\/2023\/07\/746e3f56-4c8a-4a61-8f50-303daf050c9f.jpg 2048w\" sizes=\"auto, (max-width: 300px) 100vw, 300px\" \/><\/a>\n\t\t\t\t<\/dt><\/dl><dl class='gallery-item'>\n\t\t\t\t<dt class='gallery-icon landscape'>\n\t\t\t\t\t<a class=\"rollover rollover-zoom dt-pswp-item\" title=\"8da96a47-7fdc-442a-b3b7-f6b218963be4\" data-dt-img-description=\"\" data-large_image_width=\"2048\" data-large_image_height=\"1536\"href='https:\/\/www.radiopiu.net\/wordpress\/wp-content\/uploads\/2023\/07\/8da96a47-7fdc-442a-b3b7-f6b218963be4.jpg'><img loading=\"lazy\" decoding=\"async\" width=\"300\" height=\"225\" src=\"https:\/\/www.radiopiu.net\/wordpress\/wp-content\/uploads\/2023\/07\/8da96a47-7fdc-442a-b3b7-f6b218963be4-300x225.jpg\" class=\"attachment-medium size-medium\" alt=\"\" srcset=\"https:\/\/www.radiopiu.net\/wordpress\/wp-content\/uploads\/2023\/07\/8da96a47-7fdc-442a-b3b7-f6b218963be4-300x225.jpg 300w, https:\/\/www.radiopiu.net\/wordpress\/wp-content\/uploads\/2023\/07\/8da96a47-7fdc-442a-b3b7-f6b218963be4-1024x768.jpg 1024w, https:\/\/www.radiopiu.net\/wordpress\/wp-content\/uploads\/2023\/07\/8da96a47-7fdc-442a-b3b7-f6b218963be4-768x576.jpg 768w, https:\/\/www.radiopiu.net\/wordpress\/wp-content\/uploads\/2023\/07\/8da96a47-7fdc-442a-b3b7-f6b218963be4-1536x1152.jpg 1536w, https:\/\/www.radiopiu.net\/wordpress\/wp-content\/uploads\/2023\/07\/8da96a47-7fdc-442a-b3b7-f6b218963be4.jpg 2048w\" sizes=\"auto, (max-width: 300px) 100vw, 300px\" \/><\/a>\n\t\t\t\t<\/dt><\/dl><dl class='gallery-item'>\n\t\t\t\t<dt class='gallery-icon landscape'>\n\t\t\t\t\t<a class=\"rollover rollover-zoom dt-pswp-item\" title=\"34625036-66fb-4371-ac64-9409d8a50bbc\" data-dt-img-description=\"\" data-large_image_width=\"2048\" data-large_image_height=\"1536\"href='https:\/\/www.radiopiu.net\/wordpress\/wp-content\/uploads\/2023\/07\/34625036-66fb-4371-ac64-9409d8a50bbc.jpg'><img loading=\"lazy\" decoding=\"async\" width=\"300\" height=\"225\" src=\"https:\/\/www.radiopiu.net\/wordpress\/wp-content\/uploads\/2023\/07\/34625036-66fb-4371-ac64-9409d8a50bbc-300x225.jpg\" class=\"attachment-medium size-medium\" alt=\"\" srcset=\"https:\/\/www.radiopiu.net\/wordpress\/wp-content\/uploads\/2023\/07\/34625036-66fb-4371-ac64-9409d8a50bbc-300x225.jpg 300w, https:\/\/www.radiopiu.net\/wordpress\/wp-content\/uploads\/2023\/07\/34625036-66fb-4371-ac64-9409d8a50bbc-1024x768.jpg 1024w, https:\/\/www.radiopiu.net\/wordpress\/wp-content\/uploads\/2023\/07\/34625036-66fb-4371-ac64-9409d8a50bbc-768x576.jpg 768w, https:\/\/www.radiopiu.net\/wordpress\/wp-content\/uploads\/2023\/07\/34625036-66fb-4371-ac64-9409d8a50bbc-1536x1152.jpg 1536w, https:\/\/www.radiopiu.net\/wordpress\/wp-content\/uploads\/2023\/07\/34625036-66fb-4371-ac64-9409d8a50bbc.jpg 2048w\" sizes=\"auto, (max-width: 300px) 100vw, 300px\" \/><\/a>\n\t\t\t\t<\/dt><\/dl><dl class='gallery-item'>\n\t\t\t\t<dt class='gallery-icon landscape'>\n\t\t\t\t\t<a class=\"rollover rollover-zoom dt-pswp-item\" title=\"d5f041e3-ee3b-4455-8a79-33039208abf5\" data-dt-img-description=\"\" data-large_image_width=\"2048\" data-large_image_height=\"1536\"href='https:\/\/www.radiopiu.net\/wordpress\/wp-content\/uploads\/2023\/07\/d5f041e3-ee3b-4455-8a79-33039208abf5.jpg'><img loading=\"lazy\" decoding=\"async\" width=\"300\" height=\"225\" src=\"https:\/\/www.radiopiu.net\/wordpress\/wp-content\/uploads\/2023\/07\/d5f041e3-ee3b-4455-8a79-33039208abf5-300x225.jpg\" class=\"attachment-medium size-medium\" alt=\"\" srcset=\"https:\/\/www.radiopiu.net\/wordpress\/wp-content\/uploads\/2023\/07\/d5f041e3-ee3b-4455-8a79-33039208abf5-300x225.jpg 300w, https:\/\/www.radiopiu.net\/wordpress\/wp-content\/uploads\/2023\/07\/d5f041e3-ee3b-4455-8a79-33039208abf5-1024x768.jpg 1024w, https:\/\/www.radiopiu.net\/wordpress\/wp-content\/uploads\/2023\/07\/d5f041e3-ee3b-4455-8a79-33039208abf5-768x576.jpg 768w, https:\/\/www.radiopiu.net\/wordpress\/wp-content\/uploads\/2023\/07\/d5f041e3-ee3b-4455-8a79-33039208abf5-1536x1152.jpg 1536w, https:\/\/www.radiopiu.net\/wordpress\/wp-content\/uploads\/2023\/07\/d5f041e3-ee3b-4455-8a79-33039208abf5.jpg 2048w\" sizes=\"auto, (max-width: 300px) 100vw, 300px\" \/><\/a>\n\t\t\t\t<\/dt><\/dl><br style=\"clear: both\" \/><dl class='gallery-item'>\n\t\t\t\t<dt class='gallery-icon landscape'>\n\t\t\t\t\t<a class=\"rollover rollover-zoom dt-pswp-item\" title=\"c95ac175-5178-40cc-b148-6fe589701646\" data-dt-img-description=\"\" data-large_image_width=\"2048\" data-large_image_height=\"1536\"href='https:\/\/www.radiopiu.net\/wordpress\/wp-content\/uploads\/2023\/07\/c95ac175-5178-40cc-b148-6fe589701646.jpg'><img loading=\"lazy\" decoding=\"async\" width=\"300\" height=\"225\" src=\"https:\/\/www.radiopiu.net\/wordpress\/wp-content\/uploads\/2023\/07\/c95ac175-5178-40cc-b148-6fe589701646-300x225.jpg\" class=\"attachment-medium size-medium\" alt=\"\" srcset=\"https:\/\/www.radiopiu.net\/wordpress\/wp-content\/uploads\/2023\/07\/c95ac175-5178-40cc-b148-6fe589701646-300x225.jpg 300w, https:\/\/www.radiopiu.net\/wordpress\/wp-content\/uploads\/2023\/07\/c95ac175-5178-40cc-b148-6fe589701646-1024x768.jpg 1024w, https:\/\/www.radiopiu.net\/wordpress\/wp-content\/uploads\/2023\/07\/c95ac175-5178-40cc-b148-6fe589701646-768x576.jpg 768w, https:\/\/www.radiopiu.net\/wordpress\/wp-content\/uploads\/2023\/07\/c95ac175-5178-40cc-b148-6fe589701646-1536x1152.jpg 1536w, https:\/\/www.radiopiu.net\/wordpress\/wp-content\/uploads\/2023\/07\/c95ac175-5178-40cc-b148-6fe589701646.jpg 2048w\" sizes=\"auto, (max-width: 300px) 100vw, 300px\" \/><\/a>\n\t\t\t\t<\/dt><\/dl><dl class='gallery-item'>\n\t\t\t\t<dt class='gallery-icon landscape'>\n\t\t\t\t\t<a class=\"rollover rollover-zoom dt-pswp-item\" title=\"cbf063c1-4ae6-4450-bf77-365fe9fb322b\" data-dt-img-description=\"\" data-large_image_width=\"2048\" data-large_image_height=\"1536\"href='https:\/\/www.radiopiu.net\/wordpress\/wp-content\/uploads\/2023\/07\/cbf063c1-4ae6-4450-bf77-365fe9fb322b.jpg'><img loading=\"lazy\" decoding=\"async\" width=\"300\" height=\"225\" src=\"https:\/\/www.radiopiu.net\/wordpress\/wp-content\/uploads\/2023\/07\/cbf063c1-4ae6-4450-bf77-365fe9fb322b-300x225.jpg\" class=\"attachment-medium size-medium\" alt=\"\" srcset=\"https:\/\/www.radiopiu.net\/wordpress\/wp-content\/uploads\/2023\/07\/cbf063c1-4ae6-4450-bf77-365fe9fb322b-300x225.jpg 300w, https:\/\/www.radiopiu.net\/wordpress\/wp-content\/uploads\/2023\/07\/cbf063c1-4ae6-4450-bf77-365fe9fb322b-1024x768.jpg 1024w, https:\/\/www.radiopiu.net\/wordpress\/wp-content\/uploads\/2023\/07\/cbf063c1-4ae6-4450-bf77-365fe9fb322b-768x576.jpg 768w, https:\/\/www.radiopiu.net\/wordpress\/wp-content\/uploads\/2023\/07\/cbf063c1-4ae6-4450-bf77-365fe9fb322b-1536x1152.jpg 1536w, https:\/\/www.radiopiu.net\/wordpress\/wp-content\/uploads\/2023\/07\/cbf063c1-4ae6-4450-bf77-365fe9fb322b.jpg 2048w\" sizes=\"auto, (max-width: 300px) 100vw, 300px\" \/><\/a>\n\t\t\t\t<\/dt><\/dl><dl class='gallery-item'>\n\t\t\t\t<dt class='gallery-icon landscape'>\n\t\t\t\t\t<a class=\"rollover rollover-zoom dt-pswp-item\" title=\"ed3d7208-139a-4826-ba1d-50fdd145e9ba\" data-dt-img-description=\"\" data-large_image_width=\"2048\" data-large_image_height=\"1536\"href='https:\/\/www.radiopiu.net\/wordpress\/wp-content\/uploads\/2023\/07\/ed3d7208-139a-4826-ba1d-50fdd145e9ba.jpg'><img loading=\"lazy\" decoding=\"async\" width=\"300\" height=\"225\" src=\"https:\/\/www.radiopiu.net\/wordpress\/wp-content\/uploads\/2023\/07\/ed3d7208-139a-4826-ba1d-50fdd145e9ba-300x225.jpg\" class=\"attachment-medium size-medium\" alt=\"\" srcset=\"https:\/\/www.radiopiu.net\/wordpress\/wp-content\/uploads\/2023\/07\/ed3d7208-139a-4826-ba1d-50fdd145e9ba-300x225.jpg 300w, https:\/\/www.radiopiu.net\/wordpress\/wp-content\/uploads\/2023\/07\/ed3d7208-139a-4826-ba1d-50fdd145e9ba-1024x768.jpg 1024w, https:\/\/www.radiopiu.net\/wordpress\/wp-content\/uploads\/2023\/07\/ed3d7208-139a-4826-ba1d-50fdd145e9ba-768x576.jpg 768w, https:\/\/www.radiopiu.net\/wordpress\/wp-content\/uploads\/2023\/07\/ed3d7208-139a-4826-ba1d-50fdd145e9ba-1536x1152.jpg 1536w, https:\/\/www.radiopiu.net\/wordpress\/wp-content\/uploads\/2023\/07\/ed3d7208-139a-4826-ba1d-50fdd145e9ba.jpg 2048w\" sizes=\"auto, (max-width: 300px) 100vw, 300px\" \/><\/a>\n\t\t\t\t<\/dt><\/dl><dl class='gallery-item'>\n\t\t\t\t<dt class='gallery-icon landscape'>\n\t\t\t\t\t<a class=\"rollover rollover-zoom dt-pswp-item\" title=\"5.Family Day\" data-dt-img-description=\"\" data-large_image_width=\"1095\" data-large_image_height=\"1077\"href='https:\/\/www.radiopiu.net\/wordpress\/wp-content\/uploads\/2023\/07\/5.Family-Day-.jpeg'><img loading=\"lazy\" decoding=\"async\" width=\"300\" height=\"295\" src=\"https:\/\/www.radiopiu.net\/wordpress\/wp-content\/uploads\/2023\/07\/5.Family-Day--300x295.jpeg\" class=\"attachment-medium size-medium\" alt=\"\" srcset=\"https:\/\/www.radiopiu.net\/wordpress\/wp-content\/uploads\/2023\/07\/5.Family-Day--300x295.jpeg 300w, https:\/\/www.radiopiu.net\/wordpress\/wp-content\/uploads\/2023\/07\/5.Family-Day--1024x1007.jpeg 1024w, https:\/\/www.radiopiu.net\/wordpress\/wp-content\/uploads\/2023\/07\/5.Family-Day--768x755.jpeg 768w, https:\/\/www.radiopiu.net\/wordpress\/wp-content\/uploads\/2023\/07\/5.Family-Day-.jpeg 1095w\" sizes=\"auto, (max-width: 300px) 100vw, 300px\" \/><\/a>\n\t\t\t\t<\/dt><\/dl><dl class='gallery-item'>\n\t\t\t\t<dt class='gallery-icon landscape'>\n\t\t\t\t\t<a class=\"rollover rollover-zoom dt-pswp-item\" title=\"4.Family Day\" data-dt-img-description=\"\" data-large_image_width=\"1616\" data-large_image_height=\"1080\"href='https:\/\/www.radiopiu.net\/wordpress\/wp-content\/uploads\/2023\/07\/4.Family-Day.jpeg'><img loading=\"lazy\" decoding=\"async\" width=\"300\" height=\"200\" src=\"https:\/\/www.radiopiu.net\/wordpress\/wp-content\/uploads\/2023\/07\/4.Family-Day-300x200.jpeg\" class=\"attachment-medium size-medium\" alt=\"\" srcset=\"https:\/\/www.radiopiu.net\/wordpress\/wp-content\/uploads\/2023\/07\/4.Family-Day-300x200.jpeg 300w, https:\/\/www.radiopiu.net\/wordpress\/wp-content\/uploads\/2023\/07\/4.Family-Day-1024x684.jpeg 1024w, https:\/\/www.radiopiu.net\/wordpress\/wp-content\/uploads\/2023\/07\/4.Family-Day-768x513.jpeg 768w, https:\/\/www.radiopiu.net\/wordpress\/wp-content\/uploads\/2023\/07\/4.Family-Day-1536x1027.jpeg 1536w, https:\/\/www.radiopiu.net\/wordpress\/wp-content\/uploads\/2023\/07\/4.Family-Day.jpeg 1616w\" sizes=\"auto, (max-width: 300px) 100vw, 300px\" \/><\/a>\n\t\t\t\t<\/dt><\/dl><br style=\"clear: both\" \/>\n\t\t\t<\/div>\n\n<p>&nbsp;<\/p>\n<blockquote><p>&nbsp;<\/p><\/blockquote>\n<p>&nbsp;<\/p>\n<hr \/>\n<p>&nbsp;<\/p>\n<blockquote>\n<h3>DILLO A RADIO PIU&#8217;&#8230;IL GIRO DEL LAGO DI ALLEGHE NON E&#8217; ACCESSIBILE AI DISABILI<\/h3>\n<\/blockquote>\n<p><strong><a class=\"dt-pswp-item\" href=\"https:\/\/www.radiopiu.net\/wordpress\/wp-content\/uploads\/2023\/07\/SCR-20230723-kfcy.jpeg\" data-dt-img-description=\"\" data-large_image_width=\"1444\" data-large_image_height=\"1000\"><img loading=\"lazy\" decoding=\"async\" class=\" wp-image-345418 alignleft\" src=\"https:\/\/www.radiopiu.net\/wordpress\/wp-content\/uploads\/2023\/07\/SCR-20230723-kfcy-300x208.jpeg\" alt=\"\" width=\"172\" height=\"119\" srcset=\"https:\/\/www.radiopiu.net\/wordpress\/wp-content\/uploads\/2023\/07\/SCR-20230723-kfcy-300x208.jpeg 300w, https:\/\/www.radiopiu.net\/wordpress\/wp-content\/uploads\/2023\/07\/SCR-20230723-kfcy-1024x709.jpeg 1024w, https:\/\/www.radiopiu.net\/wordpress\/wp-content\/uploads\/2023\/07\/SCR-20230723-kfcy-768x532.jpeg 768w, https:\/\/www.radiopiu.net\/wordpress\/wp-content\/uploads\/2023\/07\/SCR-20230723-kfcy.jpeg 1444w\" sizes=\"auto, (max-width: 172px) 100vw, 172px\" \/><\/a>REDAZIONE <\/strong>Riceviamo e pubblichiamo una lettera arrivata in radio da una nostra ascoltatrice sulla passeggiata lungo il Lago di Alleghe<\/p>\n<blockquote><p><em>Da circa una settimana, dopo quasi 5 anni da Vaia, sono terminati i lavori per la ciclabile o pedonale nel tratto\u00a0 in fondo al lago di Alleghe nel comune di Rocca Pietore, splendida passeggiata con il fondo cementato il ponticello nuovo e il prato e la spiaggetta tirati dritti e ripuliti,\u00a0 ma la sorpresa\u00a0 si trova al raccordo della pista con la strada comunale da cui vi si accede, invece di degradare con una rampa\u00a0 e arrivare allo stesso\u00a0 livello, c&#8217;\u00e8\u00a0 un gradone di circa 35 cm. impossibile per accedervi con sedie a rotelle, passeggini o biciclette. La cosa ha dell&#8217;incredibile\u00a0 anche perch\u00e9\u00a0 i fondi ricevuti per il giro del lago, sono stati ottenuti a condizione che non vi fossero ostacoli. Mi auguro che parlandone si possa rimuovere l&#8217;ostacolo\u00a0 e godere finalmente\u00a0 di questa\u00a0 frequentatissima passeggiata.<\/em><\/p>\n<p><em>Flavia\u00a0<\/em><\/p>\n<p>&nbsp;<\/p><\/blockquote>\n<hr \/>\n<p>&nbsp;<\/p>\n<blockquote>\n<h3>DILLO A RADIO PIU&#8217;&#8230;A PROPOSITO DEL GIRO DEL LAGO DI ALLEGHE<\/h3>\n<\/blockquote>\n<p><strong>REDAZIONE<\/strong> A seguito della segnalazione ricevuta in mattinata sul giro del Lago di Alleghe, riceviamo e pubblichiamo alcune considerazioni di un nostro ascoltaore.<\/p>\n<blockquote><p><em><img loading=\"lazy\" decoding=\"async\" class=\"alignleft\" src=\"https:\/\/www.radiopiu.net\/wordpress\/wp-content\/uploads\/2021\/06\/d387af2d-5fd5-45f0-aac2-6b610c874311.jpg\" width=\"203\" height=\"152\" \/>Volevo rassicurare la signora FLAVIA, (turista oppure una residente di Alleghe\/Rocca), in merito ai lavori di riqualificazione del lago di Alleghe. I lavori NON SONO STATI ANCORA COMPLETATI. Mancano alcune piccole opere di finitura previste nel progetto approvato. In particolare manca la realizzazione della superficie in asfalto, prevista del progetto, proprio in corrispondenza della strada comunale per circa 100 metri e proprio in corrispondenza del fantomatico gradino. Entro i prossimi 5\/10 giorni \u00e8 prevista la stesa della pavimentazione in asfalto che annuller\u00e0 completamente il gradino e che consentir\u00e0 finalmente, dopo circa 30 anni, di raggiungere con le carrozzine proprio una delle aree che diverr\u00e0 probabilmente una delle pi\u00f9 belle del lago e questo grazie agli interventi progettati. Mi pare evidente che i lavori non siano completati essendovi ancora tutta la pavimentazione danneggiata, il gradino appunto, il drenaggio libero, i pozzetti a vista e la ghiaia sulla strada. Sono stati rimossi gli apprestamenti di cantiere solamente per dare meno disagio all\u2019 ambiente turistico del lago, lasciando in loco solo alcune segnaletiche di cantierizzazione. Con amarezza concludo che dispiace dover essere sempre sede di recapito di vagonate di sterco da parte di persone che, NON INFORMATE sui fatti, inducono poi a false considerazioni molte altre persone. Mi pare impossibile che ogni tanto non venga in mente alle persone che forse\u2026se in campo lavorativo \u00e8 stata adottata una certa soluzione..\u2026ci possa essere un motivo ???\u2026e che non sia sempre una sequenza di errori e mancanze e incompetenze o altro\u2026??\u2026\u00e8 mai possibile? In ogni caso un\u00a0ringraziamento alle\u00a0numerose positive\u00a0segnalazioni.<\/em><\/p>\n<p><em>Felice Gaiardo<\/em><\/p><\/blockquote>\n<p>&nbsp;<\/p>\n<hr \/>\n<p>&nbsp;<\/p>\n<blockquote>\n<h3>I POMPIERI VOLONTARI DI AGORDO A SAN LUCANO<\/h3>\n<\/blockquote>\n<p><strong>TAIBON<\/strong> Bambini e bambine protagoniste in &#8220;rosso&#8221; alla sagra di San Lucano nell&#8217;omonima valle. I pompieri hanno abbracciato i pi\u00f9 giovani facendoli &#8220;giocare&#8221; con i loro importanti strumenti da lavoro. I vigili del fuoco volontari di Agordo sono una presenza importante sul territorio in caso di emergenze e non solo, come in questo caso niente di meglio che far conoscere il mondo del volontariato ai pi\u00f9 giovani.<br \/>\nI pompieri di Agordo, inoltre, in paese tengono in ordine il museo alla sala dei pompieri, altra chicca per il paese assieme al museo etnografico alla casa della Maria del Pacifico.<\/p>\n<p>&nbsp;<\/p>\n<p><iframe loading=\"lazy\" title=\"WhatsApp Video 2023 07 23 at 19 50 05\" width=\"1200\" height=\"675\" src=\"https:\/\/www.youtube.com\/embed\/3HIdR2hFsBM?feature=oembed\" frameborder=\"0\" allow=\"accelerometer; autoplay; clipboard-write; encrypted-media; gyroscope; picture-in-picture; web-share\" allowfullscreen><\/iframe><\/p>\n<p>&nbsp;<\/p>\n<hr \/>\n<p>&nbsp;<\/p>\n<blockquote>\n<h3>IL MIO PAESE, LA MIA GENTE&#8230;LA NOSTRA RADIO<\/h3>\n<\/blockquote>\n<p>&nbsp;<\/p>\n<p><strong>TAIBON<\/strong> Quando Antimo Savaris ha iniziato a insistere su sollecitazione del compare Claudio Paganin ho capito che stava succedendo qualche cosa. Erano tre giorni che i due del Gruppo Sportivo insistevano circa la mia presenza all&#8217;amata Sagra di San Lucano per bere una birra in compagnia.<br \/>\nHo intuito l&#8217;importanza del momento quando ho visto Antimo imbracciare il microfono, Claudio Paganin che iniziava a diventare serio \u00e8 un uomo meraviglioso quando capita,\u00a0 Daniele Cancel emozionato sul palco e ancora pieno di adrenalina per il raggiungimento della finale del Campionato Agordino di calcio con il suo Taibon e Silvano Ben &#8220;Piciol&#8221; improvvisamente acceso di rosso come la capocchia fosforica di un fiammifero.<br \/>\nDal Gruppo Sportivo, Donatori del Sangue e Proloco di Taibon \u00e8 arrivato il segno di riconoscenza alla quarantenne RADIOPIU e quella stretta di mano che difficilmente dimentichi. Ieri, come quasi 40 anni fa i brividi e le emozioni sono le stesse. Nel 1988 Gruppo Sportivo e Proloco dimostravano il loro attaccamento alla RADIO e viceversa. Da allora conserviamo negli studi di RADIOPIU quelle due targhe, RADIOPIU <em>propheta<\/em> in patria&#8230;mica da ridere, piuttosto cosa rara a conferma che RADIOPIU e TAIBON sono una cosa sola. Nel 2012, il Gruppo Sportivo ribadiva l&#8217;amicizia e collaborazione con la RADIOPIU&#8230; e Loretta Ben, allora sindaco, ci convocava in Municipio, in occasione dei 30 anni, facendoci dono di quel capolavoro di Dunio Piccolin che da 10 anni d\u00e0 il benvenuto a chi varca la soglia della radio.<br \/>\nGrazie&#8230;orgoglioso di essere taiboner, di essere amico di tante belle persone, di avere una squadra alle spalle che \u00e8 la componente principale del successo di RADIOPIU&#8230; nel mondo.<br \/>\nGrazie cari amici!!!!! E che sia sempre una sagra di Pasca per tutti noi<\/p>\n<p>mirko<\/p>\n\n\t\t\t<style type='text\/css'>\n\t\t\t\t#gallery-5 {\n\t\t\t\t\tmargin: auto;\n\t\t\t\t}\n\t\t\t\t#gallery-5 .gallery-item {\n\t\t\t\t\tfloat: left;\n\t\t\t\t\tmargin-top: 10px;\n\t\t\t\t\ttext-align: center;\n\t\t\t\t\twidth: 33%;\n\t\t\t\t}\n\t\t\t\t#gallery-5 img {\n\t\t\t\t\tborder: 2px solid #cfcfcf;\n\t\t\t\t}\n\t\t\t\t#gallery-5 .gallery-caption {\n\t\t\t\t\tmargin-left: 0;\n\t\t\t\t}\n\t\t\t\t\/* see gallery_shortcode() in wp-includes\/media.php *\/\n\t\t\t<\/style>\n\t\t<div id='gallery-5' class='dt-gallery-container gallery galleryid-345344 gallery-columns-3 gallery-size-thumbnail'><dl class='gallery-item'>\n\t\t\t\t<dt class='gallery-icon landscape'>\n\t\t\t\t\t<a class=\"rollover rollover-zoom dt-pswp-item\" title=\"7e115160-7334-4688-a1e3-a3dae597f46b\" data-dt-img-description=\"\" data-large_image_width=\"2048\" data-large_image_height=\"1152\"href='https:\/\/www.radiopiu.net\/wordpress\/wp-content\/uploads\/2023\/07\/7e115160-7334-4688-a1e3-a3dae597f46b.jpg'><img loading=\"lazy\" decoding=\"async\" width=\"150\" height=\"150\" src=\"https:\/\/www.radiopiu.net\/wordpress\/wp-content\/uploads\/2023\/07\/7e115160-7334-4688-a1e3-a3dae597f46b-150x150.jpg\" class=\"attachment-thumbnail size-thumbnail\" alt=\"\" aria-describedby=\"gallery-5-345546\" \/><\/a>\n\t\t\t\t<\/dt>\n\t\t\t\t\t<dd class='wp-caption-text gallery-caption' id='gallery-5-345546'>\n\t\t\t\t\t1988 &#8211; gruppo sportivo TAIBON\n\t\t\t\t\t<\/dd><\/dl><dl class='gallery-item'>\n\t\t\t\t<dt class='gallery-icon landscape'>\n\t\t\t\t\t<a class=\"rollover rollover-zoom dt-pswp-item\" title=\"09bb6a01-0654-41a8-8eab-72229a3168cb\" data-dt-img-description=\"\" data-large_image_width=\"2048\" data-large_image_height=\"1152\"href='https:\/\/www.radiopiu.net\/wordpress\/wp-content\/uploads\/2023\/07\/09bb6a01-0654-41a8-8eab-72229a3168cb.jpg'><img loading=\"lazy\" decoding=\"async\" width=\"150\" height=\"150\" src=\"https:\/\/www.radiopiu.net\/wordpress\/wp-content\/uploads\/2023\/07\/09bb6a01-0654-41a8-8eab-72229a3168cb-150x150.jpg\" class=\"attachment-thumbnail size-thumbnail\" alt=\"\" aria-describedby=\"gallery-5-345548\" \/><\/a>\n\t\t\t\t<\/dt>\n\t\t\t\t\t<dd class='wp-caption-text gallery-caption' id='gallery-5-345548'>\n\t\t\t\t\t1988 Proloco Taibon\n\t\t\t\t\t<\/dd><\/dl><dl class='gallery-item'>\n\t\t\t\t<dt class='gallery-icon landscape'>\n\t\t\t\t\t<a class=\"rollover rollover-zoom dt-pswp-item\" title=\"891d4bf4-d8b5-4a33-9265-237712108f01\" data-dt-img-description=\"\" data-large_image_width=\"2048\" data-large_image_height=\"1152\"href='https:\/\/www.radiopiu.net\/wordpress\/wp-content\/uploads\/2023\/07\/891d4bf4-d8b5-4a33-9265-237712108f01.jpg'><img loading=\"lazy\" decoding=\"async\" width=\"150\" height=\"150\" src=\"https:\/\/www.radiopiu.net\/wordpress\/wp-content\/uploads\/2023\/07\/891d4bf4-d8b5-4a33-9265-237712108f01-150x150.jpg\" class=\"attachment-thumbnail size-thumbnail\" alt=\"\" aria-describedby=\"gallery-5-345545\" \/><\/a>\n\t\t\t\t<\/dt>\n\t\t\t\t\t<dd class='wp-caption-text gallery-caption' id='gallery-5-345545'>\n\t\t\t\t\t2012 Gruppo Sportivo Taibon\n\t\t\t\t\t<\/dd><\/dl><br style=\"clear: both\" \/><dl class='gallery-item'>\n\t\t\t\t<dt class='gallery-icon landscape'>\n\t\t\t\t\t<a class=\"rollover rollover-zoom dt-pswp-item\" title=\"6a948b09-614e-455d-9ca2-61372fd9dd5e\" data-dt-img-description=\"\" data-large_image_width=\"2048\" data-large_image_height=\"1152\"href='https:\/\/www.radiopiu.net\/wordpress\/wp-content\/uploads\/2023\/07\/6a948b09-614e-455d-9ca2-61372fd9dd5e.jpg'><img loading=\"lazy\" decoding=\"async\" width=\"150\" height=\"150\" src=\"https:\/\/www.radiopiu.net\/wordpress\/wp-content\/uploads\/2023\/07\/6a948b09-614e-455d-9ca2-61372fd9dd5e-150x150.jpg\" class=\"attachment-thumbnail size-thumbnail\" alt=\"\" aria-describedby=\"gallery-5-345547\" \/><\/a>\n\t\t\t\t<\/dt>\n\t\t\t\t\t<dd class='wp-caption-text gallery-caption' id='gallery-5-345547'>\n\t\t\t\t\t2013 Comune di Taibon, sindaco Loretta Ben\n\t\t\t\t\t<\/dd><\/dl><dl class='gallery-item'>\n\t\t\t\t<dt class='gallery-icon landscape'>\n\t\t\t\t\t<a class=\"rollover rollover-zoom dt-pswp-item\" title=\"8bad8ed9-9421-4b32-bf23-0c76161fc98e\" data-dt-img-description=\"\" data-large_image_width=\"2048\" data-large_image_height=\"1152\"href='https:\/\/www.radiopiu.net\/wordpress\/wp-content\/uploads\/2023\/07\/8bad8ed9-9421-4b32-bf23-0c76161fc98e.jpg'><img loading=\"lazy\" decoding=\"async\" width=\"150\" height=\"150\" src=\"https:\/\/www.radiopiu.net\/wordpress\/wp-content\/uploads\/2023\/07\/8bad8ed9-9421-4b32-bf23-0c76161fc98e-150x150.jpg\" class=\"attachment-thumbnail size-thumbnail\" alt=\"\" aria-describedby=\"gallery-5-345549\" \/><\/a>\n\t\t\t\t<\/dt>\n\t\t\t\t\t<dd class='wp-caption-text gallery-caption' id='gallery-5-345549'>\n\t\t\t\t\t2023 Gruppo Sportivo, Donatori del Sangue, Proloco Taibon\n\t\t\t\t\t<\/dd><\/dl>\n\t\t\t\t<br style='clear: both' \/>\n\t\t\t<\/div>\n\n<p>&nbsp;<\/p>\n<p>&nbsp;<\/p>\n<hr \/>\n<p>&nbsp;<\/p>\n<blockquote>\n<h3>COME FUNZIONANO I SERVIZI SANITARI IN VENETO<\/h3>\n<\/blockquote>\n<p><strong><a class=\"dt-pswp-item\" href=\"https:\/\/www.radiopiu.net\/wordpress\/wp-content\/uploads\/2018\/06\/sanita.jpg\" data-dt-img-description=\"\" data-large_image_width=\"1280\" data-large_image_height=\"803\"><img loading=\"lazy\" decoding=\"async\" class=\" wp-image-51292 alignleft\" src=\"https:\/\/www.radiopiu.net\/wordpress\/wp-content\/uploads\/2018\/06\/sanita-300x188.jpg\" alt=\"\" width=\"171\" height=\"107\" srcset=\"https:\/\/www.radiopiu.net\/wordpress\/wp-content\/uploads\/2018\/06\/sanita-300x188.jpg 300w, https:\/\/www.radiopiu.net\/wordpress\/wp-content\/uploads\/2018\/06\/sanita-768x482.jpg 768w, https:\/\/www.radiopiu.net\/wordpress\/wp-content\/uploads\/2018\/06\/sanita-1024x642.jpg 1024w, https:\/\/www.radiopiu.net\/wordpress\/wp-content\/uploads\/2018\/06\/sanita.jpg 1280w\" sizes=\"auto, (max-width: 171px) 100vw, 171px\" \/><\/a>VICENZA<\/strong> Lo scorso 15 aprile si \u00e8 tenuta una manifestazione a Vicenza in difesa della sanit\u00e0 pubblica, accompagnata da diverse iniziative tra cui un questionario per valutare l&#8217;esperienza dei cittadini nel percorso di accesso alle prestazioni sanitarie. Il questionario, compilato da circa 1700 persone, ha evidenziato molteplici difficolt\u00e0 nel sistema sanitario. La maggioranza dei cittadini si rivolge ancora al Servizio Sanitario Nazionale, ma deve fare i conti con l&#8217;introduzione di nuovi soggetti privati, rendendo il sistema un misto pubblico-privato. Le attese per una visita dal Medico di Medicina Generale sono aumentate, con alcuni cittadini che devono attendere anche pi\u00f9 di un mese. Anche il servizio di prenotazione ha mostrato inefficienze, con lunghe attese al Call Center e una percentuale significativa di persone che non riescono a prendere la linea. La maggior parte delle persone viene messa in lista di attesa dopo la prenotazione, e molti devono attendere mesi per ottenere una risposta dal medico. Questi ritardi possono portare a un peggioramento della prognosi e costi maggiori per il sistema sanitario. Molte persone hanno optato per prestazioni private, e alcune hanno rinunciato alla cura a causa dei costi elevati. Nonostante le difficolt\u00e0, le persone hanno espresso un giudizio positivo sulle prestazioni ricevute, attribuendolo spesso al rapporto con il medico che le ha seguite. La soluzione suggerita dalla maggioranza dei partecipanti \u00e8 quella di aumentare le risorse per il pubblico, ma la Regione sembra orientata verso l&#8217;acquisto di prestazioni dal privato invece di puntare su soluzioni strutturali a lungo termine.<\/p>\n<p>&nbsp;<\/p>\n<p>&nbsp;<\/p>\n<hr \/>\n<p>&nbsp;<\/p>\n<blockquote>\n<h3 class=\"entry-title\">NECESSITA\u2019: NUOVI ITALIANI PER PROMUOVERE IL TURISMO DEL NOSTRO PAESE<\/h3>\n<\/blockquote>\n<p><strong class=\"photoswipe-wrapper\"><a class=\"dt-pswp-item pspw-wrap-ready\" href=\"https:\/\/www.radiopiu.net\/wordpress\/wp-content\/uploads\/2023\/07\/Arrigo-Cipriani-Pozza-Doglioni1.jpg\" data-dt-img-description=\"\" data-large_image_width=\"768\" data-large_image_height=\"1024\"><img loading=\"lazy\" decoding=\"async\" class=\" wp-image-345346 alignleft\" src=\"https:\/\/www.radiopiu.net\/wordpress\/wp-content\/uploads\/2023\/07\/Arrigo-Cipriani-Pozza-Doglioni1-225x300.jpg\" sizes=\"auto, (max-width: 279px) 100vw, 279px\" srcset=\"https:\/\/www.radiopiu.net\/wordpress\/wp-content\/uploads\/2023\/07\/Arrigo-Cipriani-Pozza-Doglioni1-225x300.jpg 225w, https:\/\/www.radiopiu.net\/wordpress\/wp-content\/uploads\/2023\/07\/Arrigo-Cipriani-Pozza-Doglioni1.jpg 768w\" alt=\"\" width=\"131\" height=\"174\" \/><\/a>VENEZIA<\/strong>Il Presidente di Assocamerestero e di Unioncamere Veneto, Mario Pozza, e il Presidente di Confcommercio Belluno, Paolo Doglioni, hanno incontrato Arrigo Cipriani, noto imprenditore con una vasta rete di ristoranti Harry&#8217;s Bar nel mondo. Cipriani \u00e8 riconosciuto come esperto delle tavole e dei gusti globali e rappresenta un potenziale testimonial della cucina veneta e dell&#8217;attrattivit\u00e0 dei territori veneti per il settore dell&#8217;alta ricettivit\u00e0 e della ristorazione. L&#8217;obiettivo \u00e8 coinvolgere nuovi lavoratori per colmare il gap generazionale e garantire personale qualificato nell&#8217;ambito turistico e della ristorazione. Le Camere di Commercio Italiane all&#8217;Estero potrebbero partecipare al progetto Turismo di rientro. La Camera di Commercio svolge un ruolo importante nella formazione dei nuovi talenti, contribuendo a sviluppare il settore culinario e della ristorazione nel Veneto. La presenza di figure qualificate \u00e8 fondamentale per promuovere tradizioni culinarie e il benessere del territorio.<\/p>\n<p>&nbsp;<\/p>\n<p>&nbsp;<\/p>\n<hr \/>\n<p>&nbsp;<\/p>\n<blockquote>\n<h3>UNA MOSTRA AL MUSEO DELL&#8217;OCCHIALE DI PIEVE DI CADORE<\/h3>\n<\/blockquote>\n<p><strong><a class=\"dt-pswp-item\" href=\"https:\/\/www.radiopiu.net\/wordpress\/wp-content\/uploads\/2020\/06\/MUSEO-OCCHIALE-PIEVE.jpeg\" data-dt-img-description=\"\" data-large_image_width=\"1200\" data-large_image_height=\"900\"><img loading=\"lazy\" decoding=\"async\" class=\" wp-image-142847 alignleft\" src=\"https:\/\/www.radiopiu.net\/wordpress\/wp-content\/uploads\/2020\/06\/MUSEO-OCCHIALE-PIEVE-300x225.jpeg\" alt=\"\" width=\"161\" height=\"121\" srcset=\"https:\/\/www.radiopiu.net\/wordpress\/wp-content\/uploads\/2020\/06\/MUSEO-OCCHIALE-PIEVE-300x225.jpeg 300w, https:\/\/www.radiopiu.net\/wordpress\/wp-content\/uploads\/2020\/06\/MUSEO-OCCHIALE-PIEVE-1024x768.jpeg 1024w, https:\/\/www.radiopiu.net\/wordpress\/wp-content\/uploads\/2020\/06\/MUSEO-OCCHIALE-PIEVE-768x576.jpeg 768w, https:\/\/www.radiopiu.net\/wordpress\/wp-content\/uploads\/2020\/06\/MUSEO-OCCHIALE-PIEVE.jpeg 1200w\" sizes=\"auto, (max-width: 161px) 100vw, 161px\" \/><\/a>PIEVE DI CADORE<\/strong> \u00c8 stata inaugurata presso la Fondazione Museo dell&#8217;Occhiale onlus a Pieve di Cadore la mostra temporanea &#8220;Vedere la vista: Storia dell\u2019oftalmoscopio&#8221;. L&#8217;esposizione \u00e8 un omaggio al 200\u00b0 anniversario dell&#8217;inventore dell&#8217;oftalmoscopio, Hermann Ludwig Ferdinand von Helmholtz, ed esplora la storia e l&#8217;evoluzione di questo strumento fondamentale nella pratica clinica per la diagnosi di malattie oftalmologiche e neurologiche. La mostra presenta una vasta collezione di pezzi storici e moderni e offre un approccio sociologico, mettendo in luce l&#8217;importanza dell&#8217;oftalmoscopio in aree del mondo dove mancano altre strumentazioni diagnostiche avanzate. Durante l&#8217;inaugurazione, esperti hanno sottolineato il ruolo cruciale dell&#8217;oftalmoscopio nella diagnosi precoce di patologie gravi. La mostra sar\u00e0 aperta fino al 13 gennaio 2024.<\/p>\n<p>&nbsp;<\/p>\n<p>&nbsp;<\/p>\n<hr \/>\n<p>&nbsp;<\/p>\n<blockquote>\n<h3 class=\"entry-title\">VENETO \u2013 EVASIONE FISCALE \u2013 MANCANO 7 MILIARDI<\/h3>\n<\/blockquote>\n<p class=\"p1\"><b class=\"photoswipe-wrapper\"><a class=\"dt-pswp-item pspw-wrap-ready\" href=\"https:\/\/www.radiopiu.net\/wordpress\/wp-content\/uploads\/2023\/07\/Schermata-2023-07-22-alle-09.02.56.png\" data-dt-img-description=\"\" data-large_image_width=\"1062\" data-large_image_height=\"1606\"><img loading=\"lazy\" decoding=\"async\" class=\"size-medium wp-image-345339 alignleft\" src=\"https:\/\/www.radiopiu.net\/wordpress\/wp-content\/uploads\/2023\/07\/Schermata-2023-07-22-alle-09.02.56-198x300.png\" sizes=\"auto, (max-width: 198px) 100vw, 198px\" srcset=\"https:\/\/www.radiopiu.net\/wordpress\/wp-content\/uploads\/2023\/07\/Schermata-2023-07-22-alle-09.02.56-198x300.png 198w, https:\/\/www.radiopiu.net\/wordpress\/wp-content\/uploads\/2023\/07\/Schermata-2023-07-22-alle-09.02.56-677x1024.png 677w, https:\/\/www.radiopiu.net\/wordpress\/wp-content\/uploads\/2023\/07\/Schermata-2023-07-22-alle-09.02.56-768x1161.png 768w, https:\/\/www.radiopiu.net\/wordpress\/wp-content\/uploads\/2023\/07\/Schermata-2023-07-22-alle-09.02.56-1016x1536.png 1016w, https:\/\/www.radiopiu.net\/wordpress\/wp-content\/uploads\/2023\/07\/Schermata-2023-07-22-alle-09.02.56.png 1062w\" alt=\"\" width=\"198\" height=\"300\" \/><\/a>RISPETTO AGLI ALTRI, IN VENETO L\u2019EVASIONE FISCALE RIMANE CONTENUTA. MA NON BISOGNA ABBASSARE LA GUARDIA, ALL\u2019APPELLO MANCANO 7 MILIARDI<\/b><\/p>\n<p>A fronte di 90 miliardi di evasione fiscale stimata in Italia nel 2020 (ultimo dato disponibile), \u00e8 come se a ogni 100 euro di gettito incassato dal fisco ne venissero evasi 13,2. Se la stessa simulazione viene riprodotta a livello regionale, fa sapere l\u2019Ufficio studi della CGIA, la situazione pi\u00f9 critica la scorgiamo nel Mezzogiorno: nella classifica di euro evasi ogni 100 euro incassati, in Puglia gli evasori se ne trattengono 19,2 euro, in Campania 20 e in Calabria, maglia nera d\u2019Italia, 21,3. Si tratta di cifre quasi doppie rispetto agli 11,4 euro di Veneto ed Emilia Romagna ai 10,6 euro che si registrano in Friuli Venezia Giulia, ai 10,2 euro in Provincia di Trento e ai 9,5 euro in Lombardia.<\/p>\n<p>Il territorio nazionale pi\u00f9 fedele al fisco \u00e8 la Provincia di Bolzano che presenta un\u2019evasione di soli 9,3 euro ogni 100 incassati. In termini assoluti, in Veneto nel 2020 sono stati sottratti al fisco 7,1 miliardi di euro (vedi Tab. 1 ).<\/p>\n<p><strong>In altre parole, possiamo dire che l\u2019evasione in Veneto \u00e8 in linea con la media dei principali Paesi europei.<\/strong><br \/>\nEvasori totali, grandi imprese, multinazionali del web e organizzazioni criminali di stampo mafioso dispongono di un\u2019infinit\u00e0 di strumenti illeciti per \u201csfuggire\u201d alla morsa del fisco. E ogni anno creano un ammanco fiscale spaventoso. Ma per tanti osservatori gli evasori pi\u00f9 incalliti rimangono gli autonomi. Una tesi, quest\u2019ultima, che la CGIA, con dati alla mano, smonta pezzo per pezzo, almeno per quanto riguarda le realt\u00e0 imprenditoriali ubicate al Nord.<\/p>\n<p><strong>Nel Veneto gli autonomi in contabilit\u00e0 semplificata dichiarano il 43% in pi\u00f9 dei colleghi del Sud<\/strong><br \/>\nAnche osservando le dichiarazioni dei redditi degli imprenditori individuali e dei lavoratori autonomi in contabilit\u00e0 semplificata (regime fiscale che coinvolge la grandissima parte degli artigiani e dei piccoli commercianti) \u2013 spesso additati, ingiustamente, di essere una delle categorie professionali pi\u00f9 propense all\u2019evasione \u2013 le differenze reddituali sono profondissime.<\/p>\n<p><strong>Se, mediamente, nel Veneto si dichiarano poco pi\u00f9 di 33 mila euro all\u2019anno, al Sud solo 23 mila. Questo vuol dire che nella nostra regione si dichiara il 43 per cento in pi\u00f9.<\/strong>\u00a0Ovviamente questi divari sono sicuramente riconducibili alle diverse situazioni economiche e sociali presenti in queste aree. Tuttavia, ha una rilevanza non trascurabile anche l\u2019impatto dell\u2019evasione fiscale di sopravvivenza che nel Mezzogiorno ha dimensioni importanti. Analizzando i dati delle singole regioni, per quanto concerne le dichiarazioni dei redditi in contabilit\u00e0 semplificata, in Lombardia gli autonomi dichiarano 35.462 euro, in provincia di Trento 34.436 euro, in Veneto di 33.318 e in Friuli Venezia Giulia di 33.205 euro. Per contro, in Sicilia ci si attesta sui 23.946 euro, in Puglia sui 23.223 euro, in Campania sui 22.662 euro, in Basilicata sui 21.012 euro, in Molise sui 19.610 euro e in Calabria sui 19.551 euro. La media nazionale \u00e8 pari a 29.425 euro (vedi Tab. 2).<\/p>\n<p class=\"photoswipe-wrapper\"><strong>No ad uno Stato di polizia tributaria, s\u00ec a un fisco pi\u00f9 giusto<\/strong><br \/>\nSia chiaro, la lotta all\u2019evasione passa anche attraverso l\u2019azione repressiva che, nei casi previsti dalla legge, deve portare all\u2019arresto di chi si rende responsabile di questi reati. Purtroppo, cos\u00ec come ha avuto modo di segnalare la Corte dei Conti, fino ad\u00a0<a class=\"dt-pswp-item pspw-wrap-ready\" href=\"https:\/\/www.radiopiu.net\/wordpress\/wp-content\/uploads\/2023\/07\/Schermata-2023-07-22-alle-09.03.35.png\" data-dt-img-description=\"\" data-large_image_width=\"702\" data-large_image_height=\"1324\"><img loading=\"lazy\" decoding=\"async\" class=\"size-medium wp-image-345338 alignleft\" src=\"https:\/\/www.radiopiu.net\/wordpress\/wp-content\/uploads\/2023\/07\/Schermata-2023-07-22-alle-09.03.35-159x300.png\" sizes=\"auto, (max-width: 159px) 100vw, 159px\" srcset=\"https:\/\/www.radiopiu.net\/wordpress\/wp-content\/uploads\/2023\/07\/Schermata-2023-07-22-alle-09.03.35-159x300.png 159w, https:\/\/www.radiopiu.net\/wordpress\/wp-content\/uploads\/2023\/07\/Schermata-2023-07-22-alle-09.03.35-543x1024.png 543w, https:\/\/www.radiopiu.net\/wordpress\/wp-content\/uploads\/2023\/07\/Schermata-2023-07-22-alle-09.03.35.png 702w\" alt=\"\" width=\"159\" height=\"300\" \/><\/a>ora non siamo stati in grado di \u201cmisurare\u201d l\u2019efficacia di questa attivit\u00e0 punitiva. Infatti, non esiste alcuna analisi realizzata dall\u2019Amministrazione fiscale o dal ministero della Giustizia in grado di valutare ex post gli effetti prodotti dall\u2019azione repressiva del nostro fisco sia per quanto concerne le risorse recuperate sia in ordine alla deterrenza esercitata. Tuttavia, segnalano dall\u2019Ufficio studi della CGIA, in Italia non abbiamo la necessit\u00e0 di istituire uno Stato di polizia tributaria per combattere l\u2019evasione. Insomma, determinati con chi \u00e8 completamente sconosciuto al fisco, altrettanto decisi nei confronti di coloro che, sebbene \u201ctargati\u201d, fanno i furbi, senza comunque essere costretti ad inasprire la disciplina penale tributaria con l\u2019intento giustizialista di gettare in galera gli evasori e buttare la chiave. Almeno fino a quando non ci verr\u00e0 dimostrato, con dati alla mano, che il ricorso alla pena restrittiva della libert\u00e0 personale risulti essere uno strumento in grado di dissuadere le persone a non fare il loro dovere fiscale e a recuperare le somme evase. Nel frattempo, riteniamo che per ridurre l\u2019infedelt\u00e0 fiscale e allinearci agli standard dei paesi europei meno interessati da questo fenomeno sia auspicabile mettere a punto in tempi rapidi un fisco meno aggressivo, pi\u00f9 semplice, pi\u00f9 trasparente e pi\u00f9 equo, premiando chi produce, chi crea occupazione e genera ricchezza. Garantendo, allo stesso tempo, un gettito sufficiente a far funzionare la macchina dello Stato e ad aiutare chi si trova in difficolt\u00e0.<\/p>\n<p><strong>Le stime \u201cinattendibili\u201d del MEF. Gli autonomi, almeno al Nord, non sono gli \u201caffamatori del popolo\u201d<\/strong><br \/>\nIn materia di evasione fiscale, spesso gli organi di stampa e molti autorevoli opinionisti citano i dati del Ministero dell\u2019Economia e delle Finanze (MEF) che stimano in quasi 90 miliardi di euro il tax gap delle entrate tributarie e contributive presenti nel Paese. Entrando nel dettaglio di questa analisi, la tipologia di imposta pi\u00f9 evasa sarebbe l\u2019Irpef in capo al lavoro autonomo, per un importo pari a 28,3 miliardi di euro che corrisponde ad una propensione al gap nell\u2019imposta che da anni sfiora stabilmente il 70 per cento. Questo vuol dire, secondo gli estensori di questa elaborazione, che poco meno del 70 per cento dell\u2019Irpef non sarebbe versata all\u2019erario dai lavoratori autonomi.<\/p>\n<p>Non entriamo nel merito della metodologia di calcolo utilizzata, alquanto arzigogolata, ma ci limitiamo a dimostrare l\u2019 \u201cinattendibilit\u00e0\u201d di questo risultato. Come abbiamo visto pi\u00f9 sopra, secondo le dichiarazioni dei redditi dei lavoratori autonomi in contabilit\u00e0 semplificata del Veneto (praticamente artigiani e commercianti) hanno dichiarano mediamente poco pi\u00f9 di 33 mila euro lordi nell\u2019anno di imposta 2021. Segnaliamo che oltre il 70 per cento di queste partite Iva \u00e8 composto dal solo titolare dell\u2019azienda (in altre parole lavora da solo). Bene. Se, come sostiene il MEF, queste attivit\u00e0 evadono quasi il 70 per cento dell\u2019Irpef, quanto dovrebbero dichiarare se fossero ligi alle richieste dell\u2019erario?<\/p>\n<p>Il 130 per cento in pi\u00f9, ovvero poco pi\u00f9 di 76 mila euro all\u2019anno.<strong>\u00a0Ora, come possono \u201craggiungere\u201d nella realt\u00e0 una soglia di reddito cos\u00ec elevata se la stragrande maggioranza lavora da solo, quindi \u00e8 poco pi\u00f9 di un lavoratore dipendente, e al massimo pu\u00f2 lavorare 10-12 ore al giorno, senza contare che durante questa fascia oraria deve rapportarsi anche con i clienti, con i fornitori, con altre aziende, con il commercialista, con la banca, con l\u2019assicurazione e come tutti i comuni mortali pu\u00f2 infortunarsi, ammalarsi, etc., etc.?<\/strong>\u00a0Ovviamente, nessuno pu\u00f2 nascondere che anche tra i lavoratori autonomi ci siano delle sacche di evasione che vanno assolutamente debellate. Tuttavia, le stime messe a punto del MEF non convincono, anche alla luce del fatto che non includono il tax gap riconducibile agli autonomi esclusi dal pagamento dell\u2019Irap.<\/p>\n<p><strong>Vale a dire quelli in regime dei \u201cminimi\u201d (quasi 2 milioni di soggetti), una buona parte delle imprese agricole, i professionisti privi di autonoma organizzazione e il settore dei servizi domestici. Complessivamente stiamo parlando di ben oltre la met\u00e0 dei lavoratori indipendenti presente nel nostro Paese. Ebbene, se fosse considerata anche l\u2019evasione di questi ultimi, che picco toccherebbe l\u2019evasione degli autonomi? E\u2019 evidente che questi dati sono poco attendibili, ma quello che \u00e8 altrettanto insopportabile che molti organi di stampa e parecchi opinionisti radical chic utilizzino queste stime per accusare gli autonomi di essere \u201cbrutti, sporchi e cattivi\u201d; ovvero, i nuovi \u201caffamatori del popolo\u201d. Non pagano, quindi le ambulanze non hanno la benzina per correre, le scuole sono costrette a chiudere, etc., etc. \u00a0<\/strong><\/p>\n<p>&nbsp;<\/p>\n<p>&nbsp;<\/p>\n<hr \/>\n<p>&nbsp;<\/p>\n<blockquote>\n<h3>A CANALE D&#8217;AGORDO IL BILANCIO<\/h3>\n<\/blockquote>\n<p><strong>CANALE D&#8217;AGORDO<\/strong> Oggi alle 20 in sala Zando&#8217; si riunisce il consiglio comunale. All&#8217;ordine del giorno il bilancio di previsione e l&#8217;autorizzazione alla costituzione di garanzia<\/p>\n<p>&nbsp;<\/p>\n<blockquote>\n<h3>DOMANI IL RICONOSCIMENTO DEI DEBITI FUORI BILANCIO<\/h3>\n<\/blockquote>\n<p><strong>ROCCA PIETORE<\/strong> Domani alle 18.30 consiglio comunale, all&#8217;ordine del giorno il programma triennale delle opere pubbliche, variazioni al bilancio, riconoscimento debiti fuori bilancio, assestamento di bilancio, approvazione schema di concessione d&#8217;uso a titolo gratuito degli immobili destinati ad ecocentro all&#8217;unione montana;\u00a0 approvazione progetto ampliamento ecentro Le Pale. Approvazione bilancio Asca.<\/p>\n<p>&nbsp;<\/p>\n<blockquote>\n<h3>CONSIGLIO COMUNALE A SAN TOMASO<\/h3>\n<\/blockquote>\n<p><strong>di GIANNI SANTOMASO<\/strong><\/p>\n<audio class=\"wp-audio-shortcode\" id=\"audio-345344-2\" preload=\"none\" style=\"width: 100%;\" controls=\"controls\"><source type=\"audio\/mpeg\" src=\"https:\/\/www.radiopiu.net\/wordpress\/wp-content\/uploads\/2023\/07\/CONSIGLIO-SANTOMASO-ALLEGHE.mp3?_=2\" \/><a href=\"https:\/\/www.radiopiu.net\/wordpress\/wp-content\/uploads\/2023\/07\/CONSIGLIO-SANTOMASO-ALLEGHE.mp3\">https:\/\/www.radiopiu.net\/wordpress\/wp-content\/uploads\/2023\/07\/CONSIGLIO-SANTOMASO-ALLEGHE.mp3<\/a><\/audio>\n<p><strong>SAN TOMASO<\/strong> Il sindaco Moreno De Val ha chiamato a rapporto i consiglieri per mercoled\u00ec alle 20 e saranno 4 i punti da discutere. Tra questi la salvaguardia degli equilibri di bilancio e la presa d&#8217;atto del Documento unico di Programmazione 2024-2026<\/p>\n<blockquote>\n<h3><\/h3>\n<h3>VARIAZIONE A BILANCIO E DUP NEL CONSIGLIO DI ALLEGHE<\/h3>\n<\/blockquote>\n<p><strong>di GIANNI SANTOMASO\u00a0<\/strong><\/p>\n<audio class=\"wp-audio-shortcode\" id=\"audio-345344-3\" preload=\"none\" style=\"width: 100%;\" controls=\"controls\"><source type=\"audio\/mpeg\" src=\"https:\/\/www.radiopiu.net\/wordpress\/wp-content\/uploads\/2023\/07\/consigio-alleghe-gianni.mp3?_=3\" \/><a href=\"https:\/\/www.radiopiu.net\/wordpress\/wp-content\/uploads\/2023\/07\/consigio-alleghe-gianni.mp3\">https:\/\/www.radiopiu.net\/wordpress\/wp-content\/uploads\/2023\/07\/consigio-alleghe-gianni.mp3<\/a><\/audio>\n<p><strong>ALLEGHE <\/strong>Il sindaco di Alleghe Danilo De Toni ha convocato il consiglio comunale per gioved\u00ec alle 20. quattro punti da trattare tra cui una variazione a bilancio, la salvaguardia degli equilibri di bilancio e la presa d&#8217;atto del Documento unico di Programmazione 2024-2026<\/p>\n<p>&nbsp;<\/p>\n<blockquote>\n<h3>A COLLE SANTA LUCIA CONSIGLIO COMUNALE AL MATTINO<\/h3>\n<\/blockquote>\n<p><strong>COLLE SANTA LUCIA <\/strong>Sar\u00e0 un lungo consiglio comunale quello di Colle Santa Lucia in programma sabato prossimo. Il sindaco Paolo Frena ha convocato i consiglieri per trattare 9 punti. Tra questi una variazione a bilancio, lo scioglimento della convenzione associata con i comuni di Veggiano, Fonzaso, Facade e Vallada per la gestione associata dell&#8217;uffico di segreteria comunale e l&#8217;approvazione del passaggio con il comune di Cortina, la composizione della commissione edilizia e delle variazioni al programma triennale 2023-25.<\/p>\n<p>&nbsp;<\/p>\n<hr \/>\n<p>&nbsp;<\/p>\n<blockquote>\n<h3>RIAPRE LO STUDIO DI LAURA BALLIS A QUATTRO ANNI DA VAIA<\/h3>\n<\/blockquote>\n<div dir=\"auto\"><strong>ALLEGHE<\/strong> Una folla al taglio del nastro del nuovo studio di Laura Ballis a Masar\u00e8 di Alleghe, dove l&#8217;artista \u00e8 nata e dove negli anni &#8217;70 &#8220;la Stua&#8221; era il punto di ritrovo per turisti e valligiani&#8230; Claudio Baglioni in primis. All&#8217;inaugurazione con il sindaco Danilo De Toni in fascia tricolore i maestri \u00a0<a class=\"x1i10hfl xjbqb8w x6umtig x1b1mbwd xaqea5y xav7gou x9f619 x1ypdohk xt0psk2 xe8uvvx xdj266r x11i5rnm xat24cr x1mh8g0r xexx8yu x4uap5 x18d9i69 xkhd6sd x16tdsg8 x1hl2dhg xggy1nq x1a2a7pz xt0b8zv x1qq9wsj xo1l8bm\" tabindex=\"0\" role=\"link\" href=\"https:\/\/www.facebook.com\/hashtag\/vico?__eep__=6&amp;__cft__[0]=AZXGzItTQuTs2JR4jaLAZnsKZ0CDD79Xdv03p91A9umt4SVcozk33xwhrcamDuYTJPhh1gLF4C2wE-aX0t5COKb9ngQaa5JmYQ76O4qiNvv0GAzz2Lck8P5ojLqBahe8FLoiqtywpdSB2PfeZDEztHj16Sa40ei0IDXnwc3mlLXEaQ&amp;__tn__=*NK-R\">Vico<\/a><a class=\"x1i10hfl xjbqb8w x6umtig x1b1mbwd xaqea5y xav7gou x9f619 x1ypdohk xt0psk2 xe8uvvx xdj266r x11i5rnm xat24cr x1mh8g0r xexx8yu x4uap5 x18d9i69 xkhd6sd x16tdsg8 x1hl2dhg xggy1nq x1a2a7pz xt0b8zv x1qq9wsj xo1l8bm\" tabindex=\"0\" role=\"link\" href=\"https:\/\/www.facebook.com\/hashtag\/calabr%C3%B2?__eep__=6&amp;__cft__[0]=AZXGzItTQuTs2JR4jaLAZnsKZ0CDD79Xdv03p91A9umt4SVcozk33xwhrcamDuYTJPhh1gLF4C2wE-aX0t5COKb9ngQaa5JmYQ76O4qiNvv0GAzz2Lck8P5ojLqBahe8FLoiqtywpdSB2PfeZDEztHj16Sa40ei0IDXnwc3mlLXEaQ&amp;__tn__=*NK-R\"> #Calabr\u00f2<\/a> e <a class=\"x1i10hfl xjbqb8w x6umtig x1b1mbwd xaqea5y xav7gou x9f619 x1ypdohk xt0psk2 xe8uvvx xdj266r x11i5rnm xat24cr x1mh8g0r xexx8yu x4uap5 x18d9i69 xkhd6sd x16tdsg8 x1hl2dhg xggy1nq x1a2a7pz xt0b8zv x1qq9wsj xo1l8bm\" tabindex=\"0\" role=\"link\" href=\"https:\/\/www.facebook.com\/giovanni.sogne?__cft__[0]=AZXGzItTQuTs2JR4jaLAZnsKZ0CDD79Xdv03p91A9umt4SVcozk33xwhrcamDuYTJPhh1gLF4C2wE-aX0t5COKb9ngQaa5JmYQ76O4qiNvv0GAzz2Lck8P5ojLqBahe8FLoiqtywpdSB2PfeZDEztHj16Sa40ei0IDXnwc3mlLXEaQ&amp;__tn__=-]K-R\"><span class=\"xt0psk2\">Giovanni Sogne<\/span><\/a>.<\/div>\n<div dir=\"auto\"><\/div>\n<div dir=\"auto\"><strong>FOTO \/TONI Unika<\/strong><\/div>\n<div dir=\"auto\">\n\n\t\t\t<style type='text\/css'>\n\t\t\t\t#gallery-6 {\n\t\t\t\t\tmargin: auto;\n\t\t\t\t}\n\t\t\t\t#gallery-6 .gallery-item {\n\t\t\t\t\tfloat: left;\n\t\t\t\t\tmargin-top: 10px;\n\t\t\t\t\ttext-align: center;\n\t\t\t\t\twidth: 25%;\n\t\t\t\t}\n\t\t\t\t#gallery-6 img {\n\t\t\t\t\tborder: 2px solid #cfcfcf;\n\t\t\t\t}\n\t\t\t\t#gallery-6 .gallery-caption {\n\t\t\t\t\tmargin-left: 0;\n\t\t\t\t}\n\t\t\t\t\/* see gallery_shortcode() in wp-includes\/media.php *\/\n\t\t\t<\/style>\n\t\t<div id='gallery-6' class='dt-gallery-container gallery galleryid-345344 gallery-columns-4 gallery-size-thumbnail'><dl class='gallery-item'>\n\t\t\t\t<dt class='gallery-icon portrait'>\n\t\t\t\t\t<a class=\"rollover rollover-zoom dt-pswp-item\" title=\"361228874_6626308867408823_3683608673488661355_n\" data-dt-img-description=\"\" data-large_image_width=\"450\" data-large_image_height=\"600\"href='https:\/\/www.radiopiu.net\/wordpress\/wp-content\/uploads\/2023\/07\/361228874_6626308867408823_3683608673488661355_n.jpg'><img loading=\"lazy\" decoding=\"async\" width=\"150\" height=\"150\" src=\"https:\/\/www.radiopiu.net\/wordpress\/wp-content\/uploads\/2023\/07\/361228874_6626308867408823_3683608673488661355_n-150x150.jpg\" class=\"attachment-thumbnail size-thumbnail\" alt=\"\" \/><\/a>\n\t\t\t\t<\/dt><\/dl><dl class='gallery-item'>\n\t\t\t\t<dt class='gallery-icon portrait'>\n\t\t\t\t\t<a class=\"rollover rollover-zoom dt-pswp-item\" title=\"362949628_10231235605462605_8115249369293097530_n\" data-dt-img-description=\"\" data-large_image_width=\"1451\" data-large_image_height=\"2048\"href='https:\/\/www.radiopiu.net\/wordpress\/wp-content\/uploads\/2023\/07\/362949628_10231235605462605_8115249369293097530_n.jpg'><img loading=\"lazy\" decoding=\"async\" width=\"150\" height=\"150\" src=\"https:\/\/www.radiopiu.net\/wordpress\/wp-content\/uploads\/2023\/07\/362949628_10231235605462605_8115249369293097530_n-150x150.jpg\" class=\"attachment-thumbnail size-thumbnail\" alt=\"\" \/><\/a>\n\t\t\t\t<\/dt><\/dl><dl class='gallery-item'>\n\t\t\t\t<dt class='gallery-icon landscape'>\n\t\t\t\t\t<a class=\"rollover rollover-zoom dt-pswp-item\" title=\"362944942_10231235606462630_320098882718857235_n\" data-dt-img-description=\"\" data-large_image_width=\"2048\" data-large_image_height=\"2048\"href='https:\/\/www.radiopiu.net\/wordpress\/wp-content\/uploads\/2023\/07\/362944942_10231235606462630_320098882718857235_n.jpg'><img loading=\"lazy\" decoding=\"async\" width=\"150\" height=\"150\" src=\"https:\/\/www.radiopiu.net\/wordpress\/wp-content\/uploads\/2023\/07\/362944942_10231235606462630_320098882718857235_n-150x150.jpg\" class=\"attachment-thumbnail size-thumbnail\" alt=\"\" srcset=\"https:\/\/www.radiopiu.net\/wordpress\/wp-content\/uploads\/2023\/07\/362944942_10231235606462630_320098882718857235_n-150x150.jpg 150w, https:\/\/www.radiopiu.net\/wordpress\/wp-content\/uploads\/2023\/07\/362944942_10231235606462630_320098882718857235_n-300x300.jpg 300w, https:\/\/www.radiopiu.net\/wordpress\/wp-content\/uploads\/2023\/07\/362944942_10231235606462630_320098882718857235_n-1024x1024.jpg 1024w, https:\/\/www.radiopiu.net\/wordpress\/wp-content\/uploads\/2023\/07\/362944942_10231235606462630_320098882718857235_n-768x768.jpg 768w, https:\/\/www.radiopiu.net\/wordpress\/wp-content\/uploads\/2023\/07\/362944942_10231235606462630_320098882718857235_n-1536x1536.jpg 1536w, https:\/\/www.radiopiu.net\/wordpress\/wp-content\/uploads\/2023\/07\/362944942_10231235606462630_320098882718857235_n.jpg 2048w\" sizes=\"auto, (max-width: 150px) 100vw, 150px\" \/><\/a>\n\t\t\t\t<\/dt><\/dl><dl class='gallery-item'>\n\t\t\t\t<dt class='gallery-icon portrait'>\n\t\t\t\t\t<a class=\"rollover rollover-zoom dt-pswp-item\" title=\"361106448_10231235614142822_7240463194398519611_n\" data-dt-img-description=\"\" data-large_image_width=\"1536\" data-large_image_height=\"2048\"href='https:\/\/www.radiopiu.net\/wordpress\/wp-content\/uploads\/2023\/07\/361106448_10231235614142822_7240463194398519611_n.jpg'><img loading=\"lazy\" decoding=\"async\" width=\"150\" height=\"150\" src=\"https:\/\/www.radiopiu.net\/wordpress\/wp-content\/uploads\/2023\/07\/361106448_10231235614142822_7240463194398519611_n-150x150.jpg\" class=\"attachment-thumbnail size-thumbnail\" alt=\"\" \/><\/a>\n\t\t\t\t<\/dt><\/dl><br style=\"clear: both\" \/><dl class='gallery-item'>\n\t\t\t\t<dt class='gallery-icon landscape'>\n\t\t\t\t\t<a class=\"rollover rollover-zoom dt-pswp-item\" title=\"361104428_10231235607102646_1446788289201559702_n\" data-dt-img-description=\"\" data-large_image_width=\"1056\" data-large_image_height=\"1018\"href='https:\/\/www.radiopiu.net\/wordpress\/wp-content\/uploads\/2023\/07\/361104428_10231235607102646_1446788289201559702_n.jpg'><img loading=\"lazy\" decoding=\"async\" width=\"150\" height=\"150\" src=\"https:\/\/www.radiopiu.net\/wordpress\/wp-content\/uploads\/2023\/07\/361104428_10231235607102646_1446788289201559702_n-150x150.jpg\" class=\"attachment-thumbnail size-thumbnail\" alt=\"\" \/><\/a>\n\t\t\t\t<\/dt><\/dl><dl class='gallery-item'>\n\t\t\t\t<dt class='gallery-icon portrait'>\n\t\t\t\t\t<a class=\"rollover rollover-zoom dt-pswp-item\" title=\"362302127_10231235610422729_2645620445228068624_n\" data-dt-img-description=\"\" data-large_image_width=\"922\" data-large_image_height=\"2048\"href='https:\/\/www.radiopiu.net\/wordpress\/wp-content\/uploads\/2023\/07\/362302127_10231235610422729_2645620445228068624_n.jpg'><img loading=\"lazy\" decoding=\"async\" width=\"150\" height=\"150\" src=\"https:\/\/www.radiopiu.net\/wordpress\/wp-content\/uploads\/2023\/07\/362302127_10231235610422729_2645620445228068624_n-150x150.jpg\" class=\"attachment-thumbnail size-thumbnail\" alt=\"\" \/><\/a>\n\t\t\t\t<\/dt><\/dl><dl class='gallery-item'>\n\t\t\t\t<dt class='gallery-icon landscape'>\n\t\t\t\t\t<a class=\"rollover rollover-zoom dt-pswp-item\" title=\"361234120_6626308730742170_2394735695479973345_n\" data-dt-img-description=\"\" data-large_image_width=\"600\" data-large_image_height=\"450\"href='https:\/\/www.radiopiu.net\/wordpress\/wp-content\/uploads\/2023\/07\/361234120_6626308730742170_2394735695479973345_n.jpg'><img loading=\"lazy\" decoding=\"async\" width=\"150\" height=\"150\" src=\"https:\/\/www.radiopiu.net\/wordpress\/wp-content\/uploads\/2023\/07\/361234120_6626308730742170_2394735695479973345_n-150x150.jpg\" class=\"attachment-thumbnail size-thumbnail\" alt=\"\" \/><\/a>\n\t\t\t\t<\/dt><\/dl><dl class='gallery-item'>\n\t\t\t\t<dt class='gallery-icon portrait'>\n\t\t\t\t\t<a class=\"rollover rollover-zoom dt-pswp-item\" title=\"362949331_10231235620022969_897842683265244548_n\" data-dt-img-description=\"\" data-large_image_width=\"1536\" data-large_image_height=\"2048\"href='https:\/\/www.radiopiu.net\/wordpress\/wp-content\/uploads\/2023\/07\/362949331_10231235620022969_897842683265244548_n.jpg'><img loading=\"lazy\" decoding=\"async\" width=\"150\" height=\"150\" src=\"https:\/\/www.radiopiu.net\/wordpress\/wp-content\/uploads\/2023\/07\/362949331_10231235620022969_897842683265244548_n-150x150.jpg\" class=\"attachment-thumbnail size-thumbnail\" alt=\"\" \/><\/a>\n\t\t\t\t<\/dt><\/dl><br style=\"clear: both\" \/>\n\t\t\t<\/div>\n\n<p>&nbsp;<\/p>\n<p>&nbsp;<\/p>\n<\/div>\n<p>&nbsp;<\/p>\n<hr \/>\n<p>&nbsp;<\/p>\n<blockquote>\n<h3>IL PORCINO DI MARIO DE MARCO<\/h3>\n<\/blockquote>\n<p><strong>VOLTAGO<\/strong> Oltre ad essere un ottimo fotografo, Mario De Marco \u00e8 anche un ottimo cercatore di funghi. E nella sua Voltago lui conosce i posti giusti per trovare delle soddisfazioni. Nei boschi del Poi Mario ha trovato un porcino di 1 kg.<\/p>\n\n\t\t\t<style type='text\/css'>\n\t\t\t\t#gallery-7 {\n\t\t\t\t\tmargin: auto;\n\t\t\t\t}\n\t\t\t\t#gallery-7 .gallery-item {\n\t\t\t\t\tfloat: left;\n\t\t\t\t\tmargin-top: 10px;\n\t\t\t\t\ttext-align: center;\n\t\t\t\t\twidth: 50%;\n\t\t\t\t}\n\t\t\t\t#gallery-7 img {\n\t\t\t\t\tborder: 2px solid #cfcfcf;\n\t\t\t\t}\n\t\t\t\t#gallery-7 .gallery-caption {\n\t\t\t\t\tmargin-left: 0;\n\t\t\t\t}\n\t\t\t\t\/* see gallery_shortcode() in wp-includes\/media.php *\/\n\t\t\t<\/style>\n\t\t<div id='gallery-7' class='dt-gallery-container gallery galleryid-345344 gallery-columns-2 gallery-size-thumbnail'><dl class='gallery-item'>\n\t\t\t\t<dt class='gallery-icon landscape'>\n\t\t\t\t\t<a class=\"rollover rollover-zoom dt-pswp-item\" title=\"9982288a-fcac-4b39-88e1-18630198d551\" data-dt-img-description=\"\" data-large_image_width=\"1600\" data-large_image_height=\"1338\"href='https:\/\/www.radiopiu.net\/wordpress\/wp-content\/uploads\/2023\/07\/9982288a-fcac-4b39-88e1-18630198d551.jpg'><img loading=\"lazy\" decoding=\"async\" width=\"150\" height=\"150\" src=\"https:\/\/www.radiopiu.net\/wordpress\/wp-content\/uploads\/2023\/07\/9982288a-fcac-4b39-88e1-18630198d551-150x150.jpg\" class=\"attachment-thumbnail size-thumbnail\" alt=\"\" \/><\/a>\n\t\t\t\t<\/dt><\/dl><dl class='gallery-item'>\n\t\t\t\t<dt class='gallery-icon landscape'>\n\t\t\t\t\t<a class=\"rollover rollover-zoom dt-pswp-item\" title=\"8cd9f2f8-3a69-4c0f-ab30-e8464820bb3b\" data-dt-img-description=\"\" data-large_image_width=\"1600\" data-large_image_height=\"1200\"href='https:\/\/www.radiopiu.net\/wordpress\/wp-content\/uploads\/2023\/07\/8cd9f2f8-3a69-4c0f-ab30-e8464820bb3b.jpg'><img loading=\"lazy\" decoding=\"async\" width=\"150\" height=\"150\" src=\"https:\/\/www.radiopiu.net\/wordpress\/wp-content\/uploads\/2023\/07\/8cd9f2f8-3a69-4c0f-ab30-e8464820bb3b-150x150.jpg\" class=\"attachment-thumbnail size-thumbnail\" alt=\"\" \/><\/a>\n\t\t\t\t<\/dt><\/dl><br style=\"clear: both\" \/>\n\t\t\t<\/div>\n\n<p>&nbsp;<\/p>\n<hr \/>\n<p>&nbsp;<\/p>\n<blockquote>\n<h3>RON A CAMPEL CON UN&#8217;EMOZIONANTE ALVISE BORTOLINI<\/h3>\n<\/blockquote>\n<p><strong>SANTA GIUSTINA <\/strong>Oltre mille persone nella suggestiva cornice di Campel per ascoltare Ron. A fare da apripista a Rosalino Cellamare, l&#8217;amico Alvise Bortolini.<\/p>\n\n\t\t\t<style type='text\/css'>\n\t\t\t\t#gallery-8 {\n\t\t\t\t\tmargin: auto;\n\t\t\t\t}\n\t\t\t\t#gallery-8 .gallery-item {\n\t\t\t\t\tfloat: left;\n\t\t\t\t\tmargin-top: 10px;\n\t\t\t\t\ttext-align: center;\n\t\t\t\t\twidth: 50%;\n\t\t\t\t}\n\t\t\t\t#gallery-8 img {\n\t\t\t\t\tborder: 2px solid #cfcfcf;\n\t\t\t\t}\n\t\t\t\t#gallery-8 .gallery-caption {\n\t\t\t\t\tmargin-left: 0;\n\t\t\t\t}\n\t\t\t\t\/* see gallery_shortcode() in wp-includes\/media.php *\/\n\t\t\t<\/style>\n\t\t<div id='gallery-8' class='dt-gallery-container gallery galleryid-345344 gallery-columns-2 gallery-size-medium'><dl class='gallery-item'>\n\t\t\t\t<dt class='gallery-icon landscape'>\n\t\t\t\t\t<a class=\"rollover rollover-zoom dt-pswp-item\" title=\"Senza nome\" data-dt-img-description=\"\" data-large_image_width=\"786\" data-large_image_height=\"408\"href='https:\/\/www.radiopiu.net\/wordpress\/wp-content\/uploads\/2023\/07\/Senza-nome-64.png'><img loading=\"lazy\" decoding=\"async\" width=\"300\" height=\"156\" src=\"https:\/\/www.radiopiu.net\/wordpress\/wp-content\/uploads\/2023\/07\/Senza-nome-64-300x156.png\" class=\"attachment-medium size-medium\" alt=\"\" srcset=\"https:\/\/www.radiopiu.net\/wordpress\/wp-content\/uploads\/2023\/07\/Senza-nome-64-300x156.png 300w, https:\/\/www.radiopiu.net\/wordpress\/wp-content\/uploads\/2023\/07\/Senza-nome-64-768x399.png 768w, https:\/\/www.radiopiu.net\/wordpress\/wp-content\/uploads\/2023\/07\/Senza-nome-64.png 786w\" sizes=\"auto, (max-width: 300px) 100vw, 300px\" \/><\/a>\n\t\t\t\t<\/dt><\/dl><dl class='gallery-item'>\n\t\t\t\t<dt class='gallery-icon landscape'>\n\t\t\t\t\t<a class=\"rollover rollover-zoom dt-pswp-item\" title=\"Senza nome\" data-dt-img-description=\"\" data-large_image_width=\"562\" data-large_image_height=\"297\"href='https:\/\/www.radiopiu.net\/wordpress\/wp-content\/uploads\/2023\/07\/Senza-nome-63.png'><img loading=\"lazy\" decoding=\"async\" width=\"300\" height=\"159\" src=\"https:\/\/www.radiopiu.net\/wordpress\/wp-content\/uploads\/2023\/07\/Senza-nome-63-300x159.png\" class=\"attachment-medium size-medium\" alt=\"\" srcset=\"https:\/\/www.radiopiu.net\/wordpress\/wp-content\/uploads\/2023\/07\/Senza-nome-63-300x159.png 300w, https:\/\/www.radiopiu.net\/wordpress\/wp-content\/uploads\/2023\/07\/Senza-nome-63.png 562w\" sizes=\"auto, (max-width: 300px) 100vw, 300px\" \/><\/a>\n\t\t\t\t<\/dt><\/dl><br style=\"clear: both\" \/>\n\t\t\t<\/div>\n\n<p>&nbsp;<\/p>\n<hr \/>\n<p>&nbsp;<\/p>\n<blockquote>\n<h2><\/h2>\n<\/blockquote>\n<blockquote>\n<h3>LA SAGRA DEI PER A BRIBANO DI SEDICO<\/h3>\n<\/blockquote>\n<p><strong>SEDICO<\/strong> Dal 21 al 30 luglio grande festa a Bribano di Sedico con la Sagra dei Per. Musica, Luna Park, cibo, sport, cultura e altro.<\/p>\n<p><strong>IL PROGRAMMA (2 PAGINE)<\/strong><\/p>\n<a href=\"https:\/\/www.radiopiu.net\/wordpress\/wp-content\/uploads\/2023\/07\/FLYER-sagra-dei-per-2023-STAMPA.pdf\" class=\"pdfemb-viewer\" style=\"\" data-width=\"max\" data-height=\"max\" data-toolbar=\"top\" data-toolbar-fixed=\"on\">FLYER sagra dei per 2023 STAMPA<\/a>\n<p>&nbsp;<\/p>\n<hr \/>\n<p>&nbsp;<\/p>\n<blockquote>\n<h3><\/h3>\n<\/blockquote>\n<p>&nbsp;<\/p>\n<p><iframe loading=\"lazy\" title=\"YouCut 20230719 122524272\" width=\"1200\" height=\"675\" src=\"https:\/\/www.youtube.com\/embed\/hl4YfcrwLo0?feature=oembed\" frameborder=\"0\" allow=\"accelerometer; autoplay; clipboard-write; encrypted-media; gyroscope; picture-in-picture; web-share\" allowfullscreen><\/iframe><\/p>\n<p>&nbsp;<\/p>\n<p><strong>TAIBON<\/strong> Gli artisti del circo Patuf sono pronti per lo spettacolo, nuovo, per la prima volta in provincia con artisti internazionali. In riva al Tegnas (zona sagra de Pasca) appuntamento fino a al 30 luglio, ogni sera alle 20.30, la domenica spettacolo anticipato alle 18.<\/p>\n<p><strong>LE ANTICIPAZIONI CON LIDIA&#8230; ABBIAMO SCONFITTO ANCHE IL VENTO CHE HA PROVATO A DISTURBARCI&#8230;<\/strong><\/p>\n<p>https:\/\/www.facebook.com\/marco.baghy.1\/videos\/244165395083331<\/p>\n<p>&nbsp;<\/p>\n<p>&nbsp;<\/p>\n<p>&nbsp;<\/p>\n<p>&nbsp;<\/p>\n<hr \/>\n<p>&nbsp;<\/p>\n<h2><span style=\"color: #ff0000;\">GLI APPUNTAMENTI DELLA SETTIMANA\u00a0<\/span><\/h2>\n<blockquote>\n<h3>CONCERTI IN ALTA QUOTA CON &#8220;MELODIE NEL BOSCO, SUSSURRI TRA LE DOLOMITI&#8221;<\/h3>\n<\/blockquote>\n<p><strong><a class=\"dt-pswp-item\" href=\"https:\/\/www.radiopiu.net\/wordpress\/wp-content\/uploads\/2018\/07\/Pota-l_Orso_Bosco-degli-Artisti.png\" data-dt-img-description=\"\" data-large_image_width=\"750\" data-large_image_height=\"534\"><img loading=\"lazy\" decoding=\"async\" class=\" wp-image-55065 alignleft\" src=\"https:\/\/www.radiopiu.net\/wordpress\/wp-content\/uploads\/2018\/07\/Pota-l_Orso_Bosco-degli-Artisti-300x214.png\" alt=\"\" width=\"199\" height=\"142\" srcset=\"https:\/\/www.radiopiu.net\/wordpress\/wp-content\/uploads\/2018\/07\/Pota-l_Orso_Bosco-degli-Artisti-300x214.png 300w, https:\/\/www.radiopiu.net\/wordpress\/wp-content\/uploads\/2018\/07\/Pota-l_Orso_Bosco-degli-Artisti.png 750w\" sizes=\"auto, (max-width: 199px) 100vw, 199px\" \/><\/a>FALCADE<\/strong>\u00a0 &#8220;Melodie nel Bosco, sussurri tra le Dolomiti&#8221;. Si chiama cos\u00ec il festival che porter\u00e0 quattro concerti a 2.000 metri di altitudine per far incontrare musica e natura al cospetto di vette come Mulaz e Focobon.\u00a0 A fare da teatro sar\u00e0 il Bosco degli Artisti di Falcade, galleria d\u2019arte a cielo aperto che sorge in localit\u00e0 Le Buse, nella Ski Area San Pellegrino. Concerti in programma alle 10:30. Sabato 29 luglio si esibir\u00e0 il Coro Val Biois con intermezzo di Nina &amp; Nena duo. Sabato 12 agosto spazio a Fourback con un tributo ai Beatles. Sabato 26 agosto toccher\u00e0 a Emanuele Bastanzetti, da Bach a Kreisler &#8211; sinfonie di violino.<\/p>\n<p>&nbsp;<\/p>\n<blockquote>\n<h3>LA PASTASCIUTTA ANTIFASCISTA A BUSCHE<\/h3>\n<\/blockquote>\n<p><strong>CESIOMAGGIORE<\/strong> Sar\u00e0 Busche ad ospitare la pastasciutta antifascista 2023. Marted\u00ec 25 luglio a partire dalle 14:30 inizia la festa. Alle 15 lo spettacolo di burattini, alle 16 Fast Fashion con gli studenti di Rete Studenti Medi, a seguire il convegno dal titolo &#8220;Democratica, Artificiale e Intelligente?&#8221;. Alle 19:15 si pranza con la pastasciutta gratuita per tutti e musica con Sandro Del Luca e Nelson Salton. Organizzano SPI CGIL, Comune di Cesiomaggiore e Ulss 1 Dolomiti.<\/p>\n<p>&nbsp;<\/p>\n<blockquote>\n<h3>UN CHIACCHIERATA CON TONI CAPUOZZO<\/h3>\n<\/blockquote>\n<p><strong>FONZASO<\/strong> Mercoled\u00ec alle 20 al britot del Dolomiti Hub sar\u00e0 ospite il giornalista Mediaset Toni Capuozzo. Racconter\u00e0 la sua esperienza di inviato di guerra e di scrittore.<\/p>\n<p>&nbsp;<\/p>\n<p>&nbsp;<\/p>\n<p><strong><img loading=\"lazy\" decoding=\"async\" class=\"img-responsive alignleft\" src=\"https:\/\/www.cartacarbonefestival.it\/wp-content\/uploads\/2021\/09\/annibale-salsa-458x458.jpg\" alt=\"Annibale Salsa\" width=\"155\" height=\"155\" data-pagespeed-url-hash=\"770813655\" \/>GIOVEDI A COLLE SANTA LUCIA IL SECONDO APPUNTAMENTO CON L&#8217;ASSOCIAZIONE TURISTICA COLLE SANTA LUCIA.\u00a0 MATTEO RIGHETTO DIALOGA CON ANNIBALE SALSA, ANTROPOLOGO E CONOSCITORE DELLE ALPI (FOTO).\u00a0<\/strong><\/p>\n<p><span style=\"color: #ff0000;\">LO SPOT ALLA RADIO<\/span><\/p>\n<audio class=\"wp-audio-shortcode\" id=\"audio-345344-4\" preload=\"none\" style=\"width: 100%;\" controls=\"controls\"><source type=\"audio\/mpeg\" src=\"https:\/\/www.radiopiu.net\/wordpress\/wp-content\/uploads\/2023\/07\/SECONDO-APPUNTAMENTO-COLLE.mp3?_=4\" \/><a href=\"https:\/\/www.radiopiu.net\/wordpress\/wp-content\/uploads\/2023\/07\/SECONDO-APPUNTAMENTO-COLLE.mp3\">https:\/\/www.radiopiu.net\/wordpress\/wp-content\/uploads\/2023\/07\/SECONDO-APPUNTAMENTO-COLLE.mp3<\/a><\/audio>\n<div class=\"col-sm-5\"><\/div>\n<blockquote>\n<h3>FESTA IN PINETA A CENCENIGHE<\/h3>\n<\/blockquote>\n<p><strong>CENCENIGHE<\/strong> Gli alpini di Cencenighe organizzano la festa in pineta sabato 29 e domenica 30 luglio. Sabato apertitivo e DJ set dalle 17. Domenica ritrovo in pineta e santa messa alle 10:30, alle 12 apertura cucine e nel pomeriggio musica folk<\/p>\n<p>&nbsp;<\/p>\n<blockquote>\n<h3>TALK CRISTIANO AD AGORDO<\/h3>\n<p><strong>L&#8217;INVITO DI CRISTINA<\/strong><\/p>\n<audio class=\"wp-audio-shortcode\" id=\"audio-345344-5\" preload=\"none\" style=\"width: 100%;\" controls=\"controls\"><source type=\"audio\/mpeg\" src=\"https:\/\/www.radiopiu.net\/wordpress\/wp-content\/uploads\/2023\/07\/CRISTINA.mp3?_=5\" \/><a href=\"https:\/\/www.radiopiu.net\/wordpress\/wp-content\/uploads\/2023\/07\/CRISTINA.mp3\">https:\/\/www.radiopiu.net\/wordpress\/wp-content\/uploads\/2023\/07\/CRISTINA.mp3<\/a><\/audio><\/blockquote>\n<p><strong>AGORDO<\/strong> Domenica 30 luglio alle 18 al Centro Parrocchiale di Agordo un incontro dal titolo &#8220;Talk Cristiano, il significato della crocifissione di Ges\u00f9 Cristo<\/p>\n<p>&nbsp;<\/p>\n<blockquote>\n<h3>IL CORSO DI CALLIGRAFIA IN VAL DI ZOLDO<\/h3>\n<\/blockquote>\n<p><strong>VAL DI ZOLDO<\/strong><\/p>\n<p>Tra le proposte estive della Val di Zoldo c\u2019\u00e8 anche il Corso di Calligrafia &#8211; \u00c8 bello scrivere \u2013 che sar\u00e0 tenuto\u00a0 dalla prof. Anna Schettin, docente di Calligrafia e Lettering, sabato 29 e domenica 30 luglio, a Pieve di Zoldo. Per informazioni telefonare al numero 333 358 7405.<\/p>\n<p>&nbsp;<\/p>\n<p>&nbsp;<\/p>\n<hr \/>\n<p>&nbsp;<\/p>\n<blockquote>\n<h3>APERITIVO ? MA MAI SENZA MUSICA<\/h3>\n<\/blockquote>\n<p><a class=\"dt-pswp-item\" href=\"https:\/\/www.radiopiu.net\/wordpress\/wp-content\/uploads\/2023\/07\/d86dbc06-7161-49d4-b544-90770e85269f.jpg\" data-dt-img-description=\"\" data-large_image_width=\"1448\" data-large_image_height=\"2048\"><img loading=\"lazy\" decoding=\"async\" class=\" wp-image-342766 alignleft\" src=\"https:\/\/www.radiopiu.net\/wordpress\/wp-content\/uploads\/2023\/07\/d86dbc06-7161-49d4-b544-90770e85269f-212x300.jpg\" alt=\"\" width=\"133\" height=\"189\" srcset=\"https:\/\/www.radiopiu.net\/wordpress\/wp-content\/uploads\/2023\/07\/d86dbc06-7161-49d4-b544-90770e85269f-212x300.jpg 212w, https:\/\/www.radiopiu.net\/wordpress\/wp-content\/uploads\/2023\/07\/d86dbc06-7161-49d4-b544-90770e85269f-724x1024.jpg 724w, https:\/\/www.radiopiu.net\/wordpress\/wp-content\/uploads\/2023\/07\/d86dbc06-7161-49d4-b544-90770e85269f-768x1086.jpg 768w, https:\/\/www.radiopiu.net\/wordpress\/wp-content\/uploads\/2023\/07\/d86dbc06-7161-49d4-b544-90770e85269f-1086x1536.jpg 1086w, https:\/\/www.radiopiu.net\/wordpress\/wp-content\/uploads\/2023\/07\/d86dbc06-7161-49d4-b544-90770e85269f.jpg 1448w\" sizes=\"auto, (max-width: 133px) 100vw, 133px\" \/><\/a>Dimentica la routine, concediti un momento di relax e divertimento con amici e familiari. L&#8217;aperitivo in musica all&#8217;Hotel Stella Alpina in piazza a Falcade \u00e8 l&#8217;occasione perfetta per socializzare e creare ricordi preziosi.Ogni venerd\u00ec di luglio ed agosto, l&#8217;Hotel Stella Alpina vi accoglie per una serata di puro divertimento, dalle 18 alle 21. I\u00a0venerdi di luglio ed agosto allo Stella alpina, appuntamento con la buona musica e le specialit\u00e0 che sapranno deliziarvi il palato. INFO 0437 599046. <a class=\"moz-txt-link-abbreviated\" href=\"http:\/\/WWW.HOTEL\">WWW.HOTEL<\/a> STELLA ALPINA . COM<\/p>\n<p><strong>VENERDI 28 LUGLIO<\/strong> GLI OROPURO IN CONCERTO e piatto misto di pesce<\/p>\n<p><strong>VENERDI 4 AGOSTO<\/strong> SMILE IN CONCERTO\u00a0 e tacos con pulled pork fatti in casa<\/p>\n<p>&nbsp;<\/p>\n<p>&nbsp;<\/p>\n<p>&nbsp;<\/p>\n<p>&nbsp;<\/p>\n<div class=\"message spoilers-container\" dir=\"auto\">\n<div class=\"column\">\n<div class=\"message spoilers-container\" dir=\"auto\">\n<div class=\"column\">\n<hr \/>\n<p>&nbsp;<\/p>\n<p><img loading=\"lazy\" decoding=\"async\" class=\"aligncenter wp-image-61954 size-full\" src=\"https:\/\/www.radiopiu.net\/wordpress\/wp-content\/uploads\/2018\/09\/viabilita.jpeg\" sizes=\"auto, (max-width: 800px) 100vw, 800px\" srcset=\"https:\/\/www.radiopiu.net\/wordpress\/wp-content\/uploads\/2018\/09\/viabilita.jpeg 800w, https:\/\/www.radiopiu.net\/wordpress\/wp-content\/uploads\/2018\/09\/viabilita-300x38.jpeg 300w, https:\/\/www.radiopiu.net\/wordpress\/wp-content\/uploads\/2018\/09\/viabilita-768x96.jpeg 768w\" alt=\"\" width=\"800\" height=\"100\" \/><\/p>\n<\/div>\n<\/div>\n<div class=\"message spoilers-container\" dir=\"auto\">\n<div class=\"column\">\n<p>&nbsp;<\/p>\n<\/div>\n<\/div>\n<\/div>\n<\/div>\n<blockquote class=\"wp-embedded-content\" data-secret=\"5IP7v9TPR4\"><p><a href=\"https:\/\/www.radiopiu.net\/wordpress\/viabilita\/\">viabilita<\/a><\/p><\/blockquote>\n<p><iframe loading=\"lazy\" class=\"wp-embedded-content\" sandbox=\"allow-scripts\" security=\"restricted\" style=\"position: absolute; clip: rect(1px, 1px, 1px, 1px);\" title=\"&#8220;viabilita&#8221; &#8212; Radio Pi\u00f9\" src=\"https:\/\/www.radiopiu.net\/wordpress\/viabilita\/embed\/#?secret=JwqmcE0n5j#?secret=5IP7v9TPR4\" data-secret=\"5IP7v9TPR4\" width=\"600\" height=\"338\" frameborder=\"0\" marginwidth=\"0\" marginheight=\"0\" scrolling=\"no\"><\/iframe><\/p>\n<div class=\"message spoilers-container\" dir=\"auto\">\n<div class=\"column\">\n<div class=\"message spoilers-container\" dir=\"auto\">\n<div class=\"column\">\n<div>\n<div dir=\"ltr\">\n<div class=\"gmail_quote\">\n<div dir=\"ltr\">\n<div><\/div>\n<div><\/div>\n<div><\/div>\n<\/div>\n<\/div>\n<\/div>\n<\/div>\n<hr \/>\n<p>&nbsp;<\/p>\n<p><a class=\"dt-pswp-item\" href=\"https:\/\/www.radiopiu.net\/wordpress\/wp-content\/uploads\/2018\/09\/WhatsApp-Image-2018-09-20-at-16.04.06.jpeg\" data-dt-img-description=\"\" data-large_image_width=\"800\" data-large_image_height=\"100\"><img loading=\"lazy\" decoding=\"async\" class=\"wp-image-61378 size-full aligncenter\" src=\"https:\/\/www.radiopiu.net\/wordpress\/wp-content\/uploads\/2018\/09\/WhatsApp-Image-2018-09-20-at-16.04.06.jpeg\" alt=\"\" width=\"800\" height=\"100\" srcset=\"https:\/\/www.radiopiu.net\/wordpress\/wp-content\/uploads\/2018\/09\/WhatsApp-Image-2018-09-20-at-16.04.06.jpeg 800w, https:\/\/www.radiopiu.net\/wordpress\/wp-content\/uploads\/2018\/09\/WhatsApp-Image-2018-09-20-at-16.04.06-300x38.jpeg 300w, https:\/\/www.radiopiu.net\/wordpress\/wp-content\/uploads\/2018\/09\/WhatsApp-Image-2018-09-20-at-16.04.06-768x96.jpeg 768w\" sizes=\"auto, (max-width: 800px) 100vw, 800px\" \/><\/a><\/p>\n<\/div>\n<\/div>\n<div class=\"message spoilers-container\" dir=\"auto\">\n<p>&nbsp;<\/p>\n<p><center><\/center><center><b>OGGI<\/b><\/center><b>Tempo atteso: <\/b>Al mattino poco nuvoloso con possibili nubi basse in rapido dissolvimento in alcune valli, dalle ore centrali e nel pomeriggio\/sera via via pi\u00f9 instabile con irregolare aumento della nuvolosit\u00e0 cumuliforme.<br \/>\n<b>Precipitazioni: <\/b>Da met\u00e0 mattinata graduale aumento della probabilit\u00e0 di rovesci e temporali sparsi fino a medio-alta nel pomeriggio\/sera (60-80%) soprattutto tra Prealpi e pedemontana dove potranno risultare di forte intensit\u00e0 in serata e nella notte su marted\u00ec.<br \/>\n<b>Temperature: <\/b>Temperature in generale aumento.<\/p>\n<hr \/>\n<p><center><b>DOMANI<\/b><\/center><b>Tempo atteso: <\/b>Instabile con cielo irregolarmente nuvoloso gi\u00e0 al mattino con ulteriore aumento della nuvolosit\u00e0 dalle ore centrali e nel pomeriggio\/sera.<br \/>\n<b>Precipitazioni: <\/b>Gi\u00e0 dalla notte e per tutta la giornata possibili a tratti, sottoforma di rovesci o temporali, seppur pi\u00f9 probabili dalle ore centrali e nel pomeriggio\/sera (60-80%). Possibili temporali di forte intensit\u00e0 tra Prealpi e pedemontana gi\u00e0 tra la notte e il mattino.<br \/>\n<b>Temperature: <\/b>Temperature in generale calo, con minime raggiunte in serata in quota.<\/p>\n<hr \/>\n<p><center><b>MERCOLEDI<\/b><\/center>Residua instabilit\u00e0 nella notte poi netto miglioramento con cielo sereno o poco nuvoloso al mattino. Nel pomeriggio modesto o moderato sviluppo di cumuli specie su Prealpi dove non \u00e8 escluso un rovescio o temporale. Temperature in generale marcato calo specie in quota<\/p>\n<hr \/>\n<p><center><b>GIOVEDI<\/b><\/center>Cielo sereno o poco nuvoloso. Temperature in aumento.<\/p>\n<p>&nbsp;<\/p>\n<\/div>\n<div class=\"message spoilers-container\" dir=\"auto\">\n<hr \/>\n<p>&nbsp;<\/p>\n<p><img loading=\"lazy\" decoding=\"async\" class=\"wp-image-60761 size-full aligncenter\" src=\"https:\/\/www.radiopiu.net\/wordpress\/wp-content\/uploads\/2018\/09\/sport.jpg\" alt=\"\" width=\"800\" height=\"100\" srcset=\"https:\/\/www.radiopiu.net\/wordpress\/wp-content\/uploads\/2018\/09\/sport.jpg 800w, https:\/\/www.radiopiu.net\/wordpress\/wp-content\/uploads\/2018\/09\/sport-300x38.jpg 300w, https:\/\/www.radiopiu.net\/wordpress\/wp-content\/uploads\/2018\/09\/sport-768x96.jpg 768w\" sizes=\"auto, (max-width: 800px) 100vw, 800px\" \/><\/p>\n<p>&nbsp;<\/p>\n<p><span style=\"color: #0000ff;\"><strong>MOTORI<br \/>\n<\/strong><\/span><\/p>\n<blockquote>\n<h2>ANNULLATO IL SETTIMO RALLY DOLOMITI<\/h2>\n<\/blockquote>\n<h3><a class=\"dt-pswp-item\" href=\"https:\/\/www.radiopiu.net\/wordpress\/wp-content\/uploads\/2018\/04\/RALLY.png\" data-dt-img-description=\"\" data-large_image_width=\"1920\" data-large_image_height=\"819\"><img loading=\"lazy\" decoding=\"async\" class=\"wp-image-45952 alignleft\" src=\"https:\/\/www.radiopiu.net\/wordpress\/wp-content\/uploads\/2018\/04\/RALLY-300x128.png\" alt=\"\" width=\"171\" height=\"73\" srcset=\"https:\/\/www.radiopiu.net\/wordpress\/wp-content\/uploads\/2018\/04\/RALLY-300x128.png 300w, https:\/\/www.radiopiu.net\/wordpress\/wp-content\/uploads\/2018\/04\/RALLY-768x328.png 768w, https:\/\/www.radiopiu.net\/wordpress\/wp-content\/uploads\/2018\/04\/RALLY-1024x437.png 1024w, https:\/\/www.radiopiu.net\/wordpress\/wp-content\/uploads\/2018\/04\/RALLY.png 1920w\" sizes=\"auto, (max-width: 171px) 100vw, 171px\" \/><\/a>BELLUNO<\/h3>\n<p>ROBERTO BONA<\/p>\n<audio class=\"wp-audio-shortcode\" id=\"audio-345344-6\" preload=\"none\" style=\"width: 100%;\" controls=\"controls\"><source type=\"audio\/mpeg\" src=\"https:\/\/www.radiopiu.net\/wordpress\/wp-content\/uploads\/2022\/09\/AnnullamentoDolomitiRAlly.mp3?_=6\" \/><a href=\"https:\/\/www.radiopiu.net\/wordpress\/wp-content\/uploads\/2022\/09\/AnnullamentoDolomitiRAlly.mp3\">https:\/\/www.radiopiu.net\/wordpress\/wp-content\/uploads\/2022\/09\/AnnullamentoDolomitiRAlly.mp3<\/a><\/audio>\n<p>&nbsp;<\/p>\n<p><strong>MAURO RIVA PRESIDENTE DOLOMITI RACING MOTOR SPORT, intervista 11 settembre 2022, Frassene&#8217;.<\/strong><\/p>\n<audio class=\"wp-audio-shortcode\" id=\"audio-345344-7\" preload=\"none\" style=\"width: 100%;\" controls=\"controls\"><source type=\"audio\/mpeg\" src=\"https:\/\/www.radiopiu.net\/wordpress\/wp-content\/uploads\/2022\/09\/msuro-riva.mp3?_=7\" \/><a href=\"https:\/\/www.radiopiu.net\/wordpress\/wp-content\/uploads\/2022\/09\/msuro-riva.mp3\">https:\/\/www.radiopiu.net\/wordpress\/wp-content\/uploads\/2022\/09\/msuro-riva.mp3<\/a><\/audio>\n<p>&nbsp;<\/p>\n<p>&nbsp;<\/p>\n<p><span style=\"color: #0000ff;\"><strong>CALCIO<\/strong><\/span><\/p>\n<blockquote>\n<h3>TAIBON E VOLTAGO LE FINALISTE DEL MEMORIAL ATTILIO MORETTI<\/h3>\n<\/blockquote>\n<p><strong><a class=\"dt-pswp-item\" href=\"https:\/\/www.radiopiu.net\/wordpress\/wp-content\/uploads\/2023\/03\/CAMPIONATO-AGORDINO-2023.png\" data-dt-img-description=\"\" data-large_image_width=\"1434\" data-large_image_height=\"938\"><img loading=\"lazy\" decoding=\"async\" class=\" wp-image-327073 alignleft\" src=\"https:\/\/www.radiopiu.net\/wordpress\/wp-content\/uploads\/2023\/03\/CAMPIONATO-AGORDINO-2023-300x196.png\" alt=\"\" width=\"216\" height=\"141\" srcset=\"https:\/\/www.radiopiu.net\/wordpress\/wp-content\/uploads\/2023\/03\/CAMPIONATO-AGORDINO-2023-300x196.png 300w, https:\/\/www.radiopiu.net\/wordpress\/wp-content\/uploads\/2023\/03\/CAMPIONATO-AGORDINO-2023-1024x670.png 1024w, https:\/\/www.radiopiu.net\/wordpress\/wp-content\/uploads\/2023\/03\/CAMPIONATO-AGORDINO-2023-768x502.png 768w, https:\/\/www.radiopiu.net\/wordpress\/wp-content\/uploads\/2023\/03\/CAMPIONATO-AGORDINO-2023.png 1434w\" sizes=\"auto, (max-width: 216px) 100vw, 216px\" \/><\/a>Di Marco Gaz<\/strong><\/p>\n<p><strong>REDAZIONE <\/strong>Sono Taibon e Voltago le finaliste della 48esima edizione del Campionato Agordino di Calcio Memorial Attilio Moretti. I taiboner tornano a giocare una finale dopo 11 anni e dopo aver sudato le famose sette camicie contro un Vallada che ha messo in difficolt\u00e0 gli avversari in pi\u00f9 occasioni. I campioni in carica del Voltago superano il Le Ville dopo una partita dalle mille emozioni con la compagine di Agordo che si avvicina al pareggio nel finale dopo che gli uomini di De zaiacomo avevano messo al sicuro il risultato.<\/p>\n<p><strong>VALLADA \u2013 TAIBON 1-2 \/ 6\u2019 Mezzacasa (T), 51\u2019 Piaz rig (V), 54\u2019 Chenet (T)<\/strong><\/p>\n<p>Dopo 11 anni il Taibon torna a giocarsi una finale del Campionato Agordino di Calcio. La squadra di Cancel prepara le valige per Boscoverde dopo una sfida combattuta e giocata alla pari. Prima parte di gara equilibrata. Il Vallada si fa pericoloso con Piaz che sfiora il palo alla destra del portiere taiboner. Ma il Taibon sornione sblocca la partita subito dopo. Passaggio filtrante in area, pallone che arriva a Mezzacasa che indisturbato fredda l\u2019estremo difensore. Dopo il gol le squadre non giocano bene e sembrano confuse. Tanti gli errori in tutte le zone del campo con il pallone che fatica a rimanere in campo. Match che si anima con le squadre che provano ad avvicinarsi alla porta ma senza trovare il gol. Nel finale di primo tempo Dalle Cort va vicino al pareggio ma Mezzomo fa il miracolo. Nel secondo tempo si continua a lottare. Al 51\u2019 il Vallada pareggia i conti. Fallo di mano in area e calcio di rigore che Piaz trasforma. Passano 3\u2019 e il Taibon si riposrta in vantaggio. Punizione di Paganin palla che si stampa sul palo prima di ritornare in campo dove Chenet non si fa trovare impreparato e gonfia la rete. Nei minuti finale di gara il Taibon ci riprova ma il punteggio non cambia e la squadra di Cancel accede alla finalissima del Memorial Attilio Moretti.<\/p>\n<p><strong>LE VILLE \u2013 VOLTAGO 2-3 \/ 40\u2019 Santomaso (V), 45\u2019 F. Costa (V), 47\u2019 Tirabeni rig (V), 55\u2019 M. Farenzena (LV), 68\u2019 Agnolet aut. (LV)<\/strong><\/p>\n<p>Il Voltago raggiunge la finale del Campionato Agordino per l\u2019ennesima volta. I campioni in carica passano il turno rischiando grosso con un Le Ville che si sveglia troppo tardi. La compagine di De Zaiacomo va sul 3 a 0 per poi subire due gol in rapida successione e sudare nel finale. Primi minuti di gara senza emozioni. Si gioca a centrocampo. Il primo vero tiro in porta arriva da Monferone su calcio piazzato ma la sfera termina fuori. Risponde il Voltago senza impensierire il portiere. Santomaso ci prova con un bolide destro ma senza trovare la porta. Al 30\u2019 Matteo Costa ha la palla per portare in vantaggio i campioni in carica ma si fa ipnotizzare da Somma. Subito dopo il Le Ville ci prova di nuovo ma Monferone viene anticipato dal portiere voltaghino. Sul finale del primo tempo la partita si sblocca con Santomaso che trova la mattonella giusta per battere il portiere del Le Ville. Bastano 5\u2019 nel secondo tempo e il Voltago trova il raddoppio. Triangolazione e pallone che arriva a Francesco Costa che fredda Somma. Continuano a spingere i campioni in carica e subito dopo viene concesso un calcio di rigore per un fallo di mano che Tirabeni trasforma. Il Le Ville accorcia le distanze poco dopo con Moris Farenzena. I campioni in carica sembrano tranquillizzarsi ma la squadra di Chenet prova a colpire alla ricerca di capovolgere il match. A dare una mano a riaprire la partita ci pensa Agnolet che devia di testa un pallone nella propria porta. Finale concitato ma a spuntarla sono i campioni in carica del Voltago.<\/p>\n<p><strong>IL PROGRAMMA DELLE FINALI A BOSCOVERDE DI ROCCA PIETORE:<\/strong> alle 11 Canale \u2013 Caprile finale 3\u00b0-4\u00b0 posto giovanile. Alle 15 Taibon \u2013 La Valle finalissima Campionato Agordino Under 14, 17:30 Taibon \u2013 Voltago finalissima Memorial Attilio Moretti<\/p>\n<p>&nbsp;<\/p>\n<blockquote>\n<h3>TAIBON E LA VALLE SONO LE FINALISTE DEL CAMPIONATO AGORDINO GIOVANILE<\/h3>\n<\/blockquote>\n<p><strong>di Marco Gaz<\/strong><\/p>\n<p><strong>REDAZIONE<\/strong> Si sono giocate sul sintetico di Cernadoi le partite valide per le semifinali del Campionato Agordino under 14.<\/p>\n<p><strong><a class=\"dt-pswp-item\" href=\"https:\/\/www.radiopiu.net\/wordpress\/wp-content\/uploads\/2023\/07\/TAIBON-U14.jpg\" data-dt-img-description=\"\" data-large_image_width=\"1600\" data-large_image_height=\"1200\"><img loading=\"lazy\" decoding=\"async\" class=\" wp-image-345421 alignleft\" src=\"https:\/\/www.radiopiu.net\/wordpress\/wp-content\/uploads\/2023\/07\/TAIBON-U14-300x225.jpg\" alt=\"\" width=\"159\" height=\"119\" srcset=\"https:\/\/www.radiopiu.net\/wordpress\/wp-content\/uploads\/2023\/07\/TAIBON-U14-300x225.jpg 300w, https:\/\/www.radiopiu.net\/wordpress\/wp-content\/uploads\/2023\/07\/TAIBON-U14-1024x768.jpg 1024w, https:\/\/www.radiopiu.net\/wordpress\/wp-content\/uploads\/2023\/07\/TAIBON-U14-768x576.jpg 768w, https:\/\/www.radiopiu.net\/wordpress\/wp-content\/uploads\/2023\/07\/TAIBON-U14-1536x1152.jpg 1536w, https:\/\/www.radiopiu.net\/wordpress\/wp-content\/uploads\/2023\/07\/TAIBON-U14.jpg 1600w\" sizes=\"auto, (max-width: 159px) 100vw, 159px\" \/><\/a>TAIBON &#8211; CANALE 4-0 <\/strong>Il Taibon strappa il pass per la finalissima di Boscoverde calando un poker al Canale. Nonostante tutto \u00e8 stata una partita combattuta con i giovani allenati da Roberto Broglio che hanno saputo essere pi\u00f9 spietati sotto porta. La partita si preannunciava come equilibrata ma non \u00e8 stato cos\u00ec. Il Canale si \u00e8 difeso bene ma non ha saputo rispondere alle incursioni avversarie. Il Canale si dovr\u00e0 accontentare della finalina per il terzo posto che verr\u00e0 giocata nella mattinata di domenica prossima sotto alla Marmolada. Con una doppietta di Gabriele Marcon e una di Daniel Mezzacasa, la squadra di Taibon torna in finale del campionato Agordino under 14, un\u2019abitudine per la compagine di Roberto Broglio che negli ultimi anni ha saputo spingere un gruppo di giovani affiatati a giocarsi pi\u00f9 finali. Il Canale, partito bene nella prima parte di stagione, ha avuto un calo di concentrazione nelle ultime partite che \u00e8 costato caro alla formazione di Cristian De Luca che forse ambiva a qualcosa di pi\u00f9.<\/p>\n<p><strong><a class=\"dt-pswp-item\" href=\"https:\/\/www.radiopiu.net\/wordpress\/wp-content\/uploads\/2023\/07\/LA-VALLE-U14.jpg\" data-dt-img-description=\"\" data-large_image_width=\"2000\" data-large_image_height=\"1500\"><img loading=\"lazy\" decoding=\"async\" class=\" wp-image-345422 alignright\" src=\"https:\/\/www.radiopiu.net\/wordpress\/wp-content\/uploads\/2023\/07\/LA-VALLE-U14-300x225.jpg\" alt=\"\" width=\"187\" height=\"140\" srcset=\"https:\/\/www.radiopiu.net\/wordpress\/wp-content\/uploads\/2023\/07\/LA-VALLE-U14-300x225.jpg 300w, https:\/\/www.radiopiu.net\/wordpress\/wp-content\/uploads\/2023\/07\/LA-VALLE-U14-1024x768.jpg 1024w, https:\/\/www.radiopiu.net\/wordpress\/wp-content\/uploads\/2023\/07\/LA-VALLE-U14-768x576.jpg 768w, https:\/\/www.radiopiu.net\/wordpress\/wp-content\/uploads\/2023\/07\/LA-VALLE-U14-1536x1152.jpg 1536w, https:\/\/www.radiopiu.net\/wordpress\/wp-content\/uploads\/2023\/07\/LA-VALLE-U14.jpg 2000w\" sizes=\"auto, (max-width: 187px) 100vw, 187px\" \/><\/a>LA VALLE &#8211; CAPRILE 4-0\u00a0<\/strong>Il La Valle torna in finale del Campionato Agordino under 14 e lo fa rifilando quattro reti al Caprile. Una partita che ha visto i lavallesi dominare dall\u2019inizio alla fine senza lasciare tanti spazi agli avversari che hanno dovuto chiudersi in difesa. La squadra di Giorgio Dall\u2019Acqua si candida quindi alla vittoria del torneo ma dovr\u00e0 fare i conti con il Taibon La prossima settimana. Pronti via e subito La Valle in vantaggio con De Toffol. Passa solo un minuto e i lavallesi hanno l\u2019occasione di raddoppiare su calcio di rigore che per\u00f2 viene sbagliato. De Toffol sigla la doppietta personale verso la fine della prima frazione. Nella ripresa ancora La valle in cattedra con Marco Roni che mette il sigillo alla partita. Il Caprile prova a difendersi ma i lavalesi sembrano voler chiudere la sfida a tutti i costi e ce la fanno nei minuti finali quando Lagan\u00e0 mette la firma al poker che consegna la vittoria e l\u2019accesso alla finalissima di Boscoverde alla compagine di La Valle.<\/p>\n<p>&nbsp;<\/p>\n<p>&nbsp;<\/p>\n<p><span style=\"color: #0000ff;\"><strong>CORSA CAMPESTRE\u00a0<\/strong><\/span><\/p>\n<blockquote>\n<h3>ARMIN LARCH E ALBA DE SILVESTRO SONO IL RE E LA REGINA DELLA VERTICAL COL DI LANA<\/h3>\n<\/blockquote>\n<p><strong>LIVINALLONGO<\/strong> E&#8217; andata in scena nella mattinata di domenica la Vertical Col Di Lana, la gara di corsa in montagna di 2 km e 1000 metri di dislivello. Una vera prova di forza in cui ad avere la meglio \u00e8 stato Armin Larch che ha chiuso con il tempo di 34&#8217;53&#8221;. Alex Oberbacher al secondo posto e Matteo Sostizzo al terzo. In ambito femminile la vittoria \u00e8 andata ad Alba De Silvestro che ha chiuso in 41&#8217;41&#8221; staccando con pi\u00f9 di 3&#8242; Anna Hofer e Mara Martini. Nel pomeriggio \u00e8 andata in scena anche Mini Vertical dedicata ai giovani.<\/p>\n<p>LE CLASSIFICHE <a href=\"https:\/\/sportdolomiti.it\/coldilana_classifiche_23\">CLICCA QUI<\/a><\/p>\n\n\t\t\t<style type='text\/css'>\n\t\t\t\t#gallery-9 {\n\t\t\t\t\tmargin: auto;\n\t\t\t\t}\n\t\t\t\t#gallery-9 .gallery-item {\n\t\t\t\t\tfloat: left;\n\t\t\t\t\tmargin-top: 10px;\n\t\t\t\t\ttext-align: center;\n\t\t\t\t\twidth: 33%;\n\t\t\t\t}\n\t\t\t\t#gallery-9 img {\n\t\t\t\t\tborder: 2px solid #cfcfcf;\n\t\t\t\t}\n\t\t\t\t#gallery-9 .gallery-caption {\n\t\t\t\t\tmargin-left: 0;\n\t\t\t\t}\n\t\t\t\t\/* see gallery_shortcode() in wp-includes\/media.php *\/\n\t\t\t<\/style>\n\t\t<div id='gallery-9' class='dt-gallery-container gallery galleryid-345344 gallery-columns-3 gallery-size-thumbnail'><dl class='gallery-item'>\n\t\t\t\t<dt class='gallery-icon landscape'>\n\t\t\t\t\t<a class=\"rollover rollover-zoom dt-pswp-item\" title=\"9b400d15-c9d4-4ece-90a8-8b7ae5331d7a\" data-dt-img-description=\"\" data-large_image_width=\"2048\" data-large_image_height=\"1536\"href='https:\/\/www.radiopiu.net\/wordpress\/wp-content\/uploads\/2023\/07\/9b400d15-c9d4-4ece-90a8-8b7ae5331d7a.jpg'><img loading=\"lazy\" decoding=\"async\" width=\"150\" height=\"150\" src=\"https:\/\/www.radiopiu.net\/wordpress\/wp-content\/uploads\/2023\/07\/9b400d15-c9d4-4ece-90a8-8b7ae5331d7a-150x150.jpg\" class=\"attachment-thumbnail size-thumbnail\" alt=\"\" \/><\/a>\n\t\t\t\t<\/dt><\/dl><dl class='gallery-item'>\n\t\t\t\t<dt class='gallery-icon landscape'>\n\t\t\t\t\t<a class=\"rollover rollover-zoom dt-pswp-item\" title=\"d11b4069-6e81-47ec-8db5-aa89d29125b9\" data-dt-img-description=\"\" data-large_image_width=\"1024\" data-large_image_height=\"768\"href='https:\/\/www.radiopiu.net\/wordpress\/wp-content\/uploads\/2023\/07\/d11b4069-6e81-47ec-8db5-aa89d29125b9.jpg'><img loading=\"lazy\" decoding=\"async\" width=\"150\" height=\"150\" src=\"https:\/\/www.radiopiu.net\/wordpress\/wp-content\/uploads\/2023\/07\/d11b4069-6e81-47ec-8db5-aa89d29125b9-150x150.jpg\" class=\"attachment-thumbnail size-thumbnail\" alt=\"\" \/><\/a>\n\t\t\t\t<\/dt><\/dl><dl class='gallery-item'>\n\t\t\t\t<dt class='gallery-icon portrait'>\n\t\t\t\t\t<a class=\"rollover rollover-zoom dt-pswp-item\" title=\"2eda3649-b5ec-4c9e-bf1c-0ad96c35b1fd\" data-dt-img-description=\"\" data-large_image_width=\"1200\" data-large_image_height=\"1600\"href='https:\/\/www.radiopiu.net\/wordpress\/wp-content\/uploads\/2023\/07\/2eda3649-b5ec-4c9e-bf1c-0ad96c35b1fd.jpg'><img loading=\"lazy\" decoding=\"async\" width=\"150\" height=\"150\" src=\"https:\/\/www.radiopiu.net\/wordpress\/wp-content\/uploads\/2023\/07\/2eda3649-b5ec-4c9e-bf1c-0ad96c35b1fd-150x150.jpg\" class=\"attachment-thumbnail size-thumbnail\" alt=\"\" \/><\/a>\n\t\t\t\t<\/dt><\/dl><br style=\"clear: both\" \/>\n\t\t\t<\/div>\n\n<p>&nbsp;<\/p>\n<p>&nbsp;<\/p>\n<p>&nbsp;<\/p>\n<blockquote>\n<h3>MIHAIL SIRBU SI AGGIUDICA LA SALI E SCENDI DI FORCELLA AURINE. FRANCESCA DE COLO&#8217; VINCE NEL FEMMINILE<\/h3>\n<\/blockquote>\n<p><strong>GOSALDO<\/strong> A Forcella Aurine \u00e8 andata in scena la terza delle quattro prove del circuito Corri Poi. Attorno al Gardelon gli atleti si sono cimentati nella &#8220;Sali e Scendi&#8221;, una corsa di 5,5 km. Ad avere la meglio \u00e8 stato Mihail Sirbu dell&#8217;Atletica Quantin che ha tagliato il traguardo per primo con il tempo di 23&#8217;20&#8221;. Seconda posizione per Matteo Costa e terzo Alessandro Follador. In ambito Femminile la vittoria \u00e8 andata a Francesca De Col\u00f2 in 29&#8217;12&#8221;. Patrizia zanette al secondo posto e Caterina Dall&#8217;Acqua terza.<\/p>\n<p><strong>LA CALSSIFICA <a href=\"https:\/\/sportdolomiti.it\/saliscendi_classifiche_23#1_062A7F\">CLICCA QUI<\/a><\/strong><\/p>\n\n\t\t\t<style type='text\/css'>\n\t\t\t\t#gallery-10 {\n\t\t\t\t\tmargin: auto;\n\t\t\t\t}\n\t\t\t\t#gallery-10 .gallery-item {\n\t\t\t\t\tfloat: left;\n\t\t\t\t\tmargin-top: 10px;\n\t\t\t\t\ttext-align: center;\n\t\t\t\t\twidth: 33%;\n\t\t\t\t}\n\t\t\t\t#gallery-10 img {\n\t\t\t\t\tborder: 2px solid #cfcfcf;\n\t\t\t\t}\n\t\t\t\t#gallery-10 .gallery-caption {\n\t\t\t\t\tmargin-left: 0;\n\t\t\t\t}\n\t\t\t\t\/* see gallery_shortcode() in wp-includes\/media.php *\/\n\t\t\t<\/style>\n\t\t<div id='gallery-10' class='dt-gallery-container gallery galleryid-345344 gallery-columns-3 gallery-size-thumbnail'><dl class='gallery-item'>\n\t\t\t\t<dt class='gallery-icon landscape'>\n\t\t\t\t\t<a class=\"rollover rollover-zoom dt-pswp-item\" title=\"ec4b63be-3c33-4c7e-8f4a-e8385d055fab\" data-dt-img-description=\"\" data-large_image_width=\"2048\" data-large_image_height=\"1536\"href='https:\/\/www.radiopiu.net\/wordpress\/wp-content\/uploads\/2023\/07\/ec4b63be-3c33-4c7e-8f4a-e8385d055fab.jpg'><img loading=\"lazy\" decoding=\"async\" width=\"150\" height=\"150\" src=\"https:\/\/www.radiopiu.net\/wordpress\/wp-content\/uploads\/2023\/07\/ec4b63be-3c33-4c7e-8f4a-e8385d055fab-150x150.jpg\" class=\"attachment-thumbnail size-thumbnail\" alt=\"\" \/><\/a>\n\t\t\t\t<\/dt><\/dl><dl class='gallery-item'>\n\t\t\t\t<dt class='gallery-icon portrait'>\n\t\t\t\t\t<a class=\"rollover rollover-zoom dt-pswp-item\" title=\"00e71e9b-ecf6-4223-a10b-872b3264671d\" data-dt-img-description=\"\" data-large_image_width=\"1536\" data-large_image_height=\"2048\"href='https:\/\/www.radiopiu.net\/wordpress\/wp-content\/uploads\/2023\/07\/00e71e9b-ecf6-4223-a10b-872b3264671d.jpg'><img loading=\"lazy\" decoding=\"async\" width=\"150\" height=\"150\" src=\"https:\/\/www.radiopiu.net\/wordpress\/wp-content\/uploads\/2023\/07\/00e71e9b-ecf6-4223-a10b-872b3264671d-150x150.jpg\" class=\"attachment-thumbnail size-thumbnail\" alt=\"\" \/><\/a>\n\t\t\t\t<\/dt><\/dl><dl class='gallery-item'>\n\t\t\t\t<dt class='gallery-icon portrait'>\n\t\t\t\t\t<a class=\"rollover rollover-zoom dt-pswp-item\" title=\"dc4b83f0-3c7c-4e66-977d-2b7d55e755b4\" data-dt-img-description=\"\" data-large_image_width=\"1536\" data-large_image_height=\"2048\"href='https:\/\/www.radiopiu.net\/wordpress\/wp-content\/uploads\/2023\/07\/dc4b83f0-3c7c-4e66-977d-2b7d55e755b4.jpg'><img loading=\"lazy\" decoding=\"async\" width=\"150\" height=\"150\" src=\"https:\/\/www.radiopiu.net\/wordpress\/wp-content\/uploads\/2023\/07\/dc4b83f0-3c7c-4e66-977d-2b7d55e755b4-150x150.jpg\" class=\"attachment-thumbnail size-thumbnail\" alt=\"\" \/><\/a>\n\t\t\t\t<\/dt><\/dl><br style=\"clear: both\" \/><dl class='gallery-item'>\n\t\t\t\t<dt class='gallery-icon portrait'>\n\t\t\t\t\t<a class=\"rollover rollover-zoom dt-pswp-item\" title=\"7fa6b5eb-7972-4a74-af9f-62ef0ba689cc\" data-dt-img-description=\"\" data-large_image_width=\"1536\" data-large_image_height=\"2048\"href='https:\/\/www.radiopiu.net\/wordpress\/wp-content\/uploads\/2023\/07\/7fa6b5eb-7972-4a74-af9f-62ef0ba689cc.jpg'><img loading=\"lazy\" decoding=\"async\" width=\"150\" height=\"150\" src=\"https:\/\/www.radiopiu.net\/wordpress\/wp-content\/uploads\/2023\/07\/7fa6b5eb-7972-4a74-af9f-62ef0ba689cc-150x150.jpg\" class=\"attachment-thumbnail size-thumbnail\" alt=\"\" \/><\/a>\n\t\t\t\t<\/dt><\/dl><dl class='gallery-item'>\n\t\t\t\t<dt class='gallery-icon portrait'>\n\t\t\t\t\t<a class=\"rollover rollover-zoom dt-pswp-item\" title=\"cefe9569-ab52-4707-b4f3-8cb39efc45a4\" data-dt-img-description=\"\" data-large_image_width=\"1536\" data-large_image_height=\"2048\"href='https:\/\/www.radiopiu.net\/wordpress\/wp-content\/uploads\/2023\/07\/cefe9569-ab52-4707-b4f3-8cb39efc45a4.jpg'><img loading=\"lazy\" decoding=\"async\" width=\"150\" height=\"150\" src=\"https:\/\/www.radiopiu.net\/wordpress\/wp-content\/uploads\/2023\/07\/cefe9569-ab52-4707-b4f3-8cb39efc45a4-150x150.jpg\" class=\"attachment-thumbnail size-thumbnail\" alt=\"\" \/><\/a>\n\t\t\t\t<\/dt><\/dl><dl class='gallery-item'>\n\t\t\t\t<dt class='gallery-icon portrait'>\n\t\t\t\t\t<a class=\"rollover rollover-zoom dt-pswp-item\" title=\"d45100ec-abca-43fc-b8bd-99b558bbaf10\" data-dt-img-description=\"\" data-large_image_width=\"1536\" data-large_image_height=\"2048\"href='https:\/\/www.radiopiu.net\/wordpress\/wp-content\/uploads\/2023\/07\/d45100ec-abca-43fc-b8bd-99b558bbaf10.jpg'><img loading=\"lazy\" decoding=\"async\" width=\"150\" height=\"150\" src=\"https:\/\/www.radiopiu.net\/wordpress\/wp-content\/uploads\/2023\/07\/d45100ec-abca-43fc-b8bd-99b558bbaf10-150x150.jpg\" class=\"attachment-thumbnail size-thumbnail\" alt=\"\" \/><\/a>\n\t\t\t\t<\/dt><\/dl><br style=\"clear: both\" \/>\n\t\t\t<\/div>\n\n<p>&nbsp;<\/p>\n<blockquote>\n<h3>LA CORRINVALLE 2023 PARLA TAIBONER. VALENTINO COSTA E FRANCESCA DE COLO&#8217; SI AGGIUDICANO LA VITTORIA<\/h3>\n<\/blockquote>\n<p><strong>TAIBON<\/strong> In occasione della Festa di San Lucano \u00e8 andata in scena la Corrinvalle 2023. Lungo il tracciato che si snoda tra i bosci della Valle di San Lucano, con partenza dal campo sportivo di Taibon e arrivo dietro alla chiesetta di valle, ad avere la meglio sono stati Valentino Costa e Francesca De Col\u00f2. Valentino Costa ha vinto con il tempo di 22&#8217;38&#8221; battendo al fotofinish Matteo Costa. In terza posizione Stefano Ciprian. In ambito femminile vittoria di Francesca De Col\u00f2 che ha staccato con pi\u00f9 di 2&#8242; di vantaggio Elisa Rivara. Sul terzo gradino del podio Giulia Ben. Corrinvalle che ha visto anche i giovani cimentarsi su un percorso ad anello.<\/p>\n<p><strong>LE CLASSIFICHE<\/strong><\/p>\n\n\t\t\t<style type='text\/css'>\n\t\t\t\t#gallery-11 {\n\t\t\t\t\tmargin: auto;\n\t\t\t\t}\n\t\t\t\t#gallery-11 .gallery-item {\n\t\t\t\t\tfloat: left;\n\t\t\t\t\tmargin-top: 10px;\n\t\t\t\t\ttext-align: center;\n\t\t\t\t\twidth: 25%;\n\t\t\t\t}\n\t\t\t\t#gallery-11 img {\n\t\t\t\t\tborder: 2px solid #cfcfcf;\n\t\t\t\t}\n\t\t\t\t#gallery-11 .gallery-caption {\n\t\t\t\t\tmargin-left: 0;\n\t\t\t\t}\n\t\t\t\t\/* see gallery_shortcode() in wp-includes\/media.php *\/\n\t\t\t<\/style>\n\t\t<div id='gallery-11' class='dt-gallery-container gallery galleryid-345344 gallery-columns-4 gallery-size-thumbnail'><dl class='gallery-item'>\n\t\t\t\t<dt class='gallery-icon portrait'>\n\t\t\t\t\t<a class=\"rollover rollover-zoom dt-pswp-item\" title=\"1\" data-dt-img-description=\"\" data-large_image_width=\"1488\" data-large_image_height=\"1984\"href='https:\/\/www.radiopiu.net\/wordpress\/wp-content\/uploads\/2023\/07\/1-rotated.jpg'><img loading=\"lazy\" decoding=\"async\" width=\"150\" height=\"150\" src=\"https:\/\/www.radiopiu.net\/wordpress\/wp-content\/uploads\/2023\/07\/1-150x150.jpg\" class=\"attachment-thumbnail size-thumbnail\" alt=\"\" \/><\/a>\n\t\t\t\t<\/dt><\/dl><dl class='gallery-item'>\n\t\t\t\t<dt class='gallery-icon portrait'>\n\t\t\t\t\t<a class=\"rollover rollover-zoom dt-pswp-item\" title=\"2\" data-dt-img-description=\"\" data-large_image_width=\"1488\" data-large_image_height=\"1984\"href='https:\/\/www.radiopiu.net\/wordpress\/wp-content\/uploads\/2023\/07\/2-rotated.jpg'><img loading=\"lazy\" decoding=\"async\" width=\"150\" height=\"150\" src=\"https:\/\/www.radiopiu.net\/wordpress\/wp-content\/uploads\/2023\/07\/2-150x150.jpg\" class=\"attachment-thumbnail size-thumbnail\" alt=\"\" \/><\/a>\n\t\t\t\t<\/dt><\/dl><dl class='gallery-item'>\n\t\t\t\t<dt class='gallery-icon portrait'>\n\t\t\t\t\t<a class=\"rollover rollover-zoom dt-pswp-item\" title=\"3\" data-dt-img-description=\"\" data-large_image_width=\"1488\" data-large_image_height=\"1984\"href='https:\/\/www.radiopiu.net\/wordpress\/wp-content\/uploads\/2023\/07\/3.jpg'><img loading=\"lazy\" decoding=\"async\" width=\"150\" height=\"150\" src=\"https:\/\/www.radiopiu.net\/wordpress\/wp-content\/uploads\/2023\/07\/3-150x150.jpg\" class=\"attachment-thumbnail size-thumbnail\" alt=\"\" \/><\/a>\n\t\t\t\t<\/dt><\/dl><dl class='gallery-item'>\n\t\t\t\t<dt class='gallery-icon portrait'>\n\t\t\t\t\t<a class=\"rollover rollover-zoom dt-pswp-item\" title=\"4\" data-dt-img-description=\"\" data-large_image_width=\"1488\" data-large_image_height=\"1984\"href='https:\/\/www.radiopiu.net\/wordpress\/wp-content\/uploads\/2023\/07\/4.jpg'><img loading=\"lazy\" decoding=\"async\" width=\"150\" height=\"150\" src=\"https:\/\/www.radiopiu.net\/wordpress\/wp-content\/uploads\/2023\/07\/4-150x150.jpg\" class=\"attachment-thumbnail size-thumbnail\" alt=\"\" \/><\/a>\n\t\t\t\t<\/dt><\/dl><br style=\"clear: both\" \/>\n\t\t\t<\/div>\n\n<p>&nbsp;<\/p>\n\n\t\t\t<style type='text\/css'>\n\t\t\t\t#gallery-12 {\n\t\t\t\t\tmargin: auto;\n\t\t\t\t}\n\t\t\t\t#gallery-12 .gallery-item {\n\t\t\t\t\tfloat: left;\n\t\t\t\t\tmargin-top: 10px;\n\t\t\t\t\ttext-align: center;\n\t\t\t\t\twidth: 33%;\n\t\t\t\t}\n\t\t\t\t#gallery-12 img {\n\t\t\t\t\tborder: 2px solid #cfcfcf;\n\t\t\t\t}\n\t\t\t\t#gallery-12 .gallery-caption {\n\t\t\t\t\tmargin-left: 0;\n\t\t\t\t}\n\t\t\t\t\/* see gallery_shortcode() in wp-includes\/media.php *\/\n\t\t\t<\/style>\n\t\t<div id='gallery-12' class='dt-gallery-container gallery galleryid-345344 gallery-columns-3 gallery-size-medium'><dl class='gallery-item'>\n\t\t\t\t<dt class='gallery-icon landscape'>\n\t\t\t\t\t<a class=\"rollover rollover-zoom dt-pswp-item\" title=\"3647d3c7-f7fa-4420-bafc-9b16bfef8395\" data-dt-img-description=\"\" data-large_image_width=\"1600\" data-large_image_height=\"1200\"href='https:\/\/www.radiopiu.net\/wordpress\/wp-content\/uploads\/2023\/07\/3647d3c7-f7fa-4420-bafc-9b16bfef8395.jpg'><img loading=\"lazy\" decoding=\"async\" width=\"300\" height=\"225\" src=\"https:\/\/www.radiopiu.net\/wordpress\/wp-content\/uploads\/2023\/07\/3647d3c7-f7fa-4420-bafc-9b16bfef8395-300x225.jpg\" class=\"attachment-medium size-medium\" alt=\"\" srcset=\"https:\/\/www.radiopiu.net\/wordpress\/wp-content\/uploads\/2023\/07\/3647d3c7-f7fa-4420-bafc-9b16bfef8395-300x225.jpg 300w, https:\/\/www.radiopiu.net\/wordpress\/wp-content\/uploads\/2023\/07\/3647d3c7-f7fa-4420-bafc-9b16bfef8395-1024x768.jpg 1024w, https:\/\/www.radiopiu.net\/wordpress\/wp-content\/uploads\/2023\/07\/3647d3c7-f7fa-4420-bafc-9b16bfef8395-768x576.jpg 768w, https:\/\/www.radiopiu.net\/wordpress\/wp-content\/uploads\/2023\/07\/3647d3c7-f7fa-4420-bafc-9b16bfef8395-1536x1152.jpg 1536w, https:\/\/www.radiopiu.net\/wordpress\/wp-content\/uploads\/2023\/07\/3647d3c7-f7fa-4420-bafc-9b16bfef8395.jpg 1600w\" sizes=\"auto, (max-width: 300px) 100vw, 300px\" \/><\/a>\n\t\t\t\t<\/dt><\/dl><dl class='gallery-item'>\n\t\t\t\t<dt class='gallery-icon landscape'>\n\t\t\t\t\t<a class=\"rollover rollover-zoom dt-pswp-item\" title=\"4ff26588-43de-4771-b6f6-d79fd49ddc3e\" data-dt-img-description=\"\" data-large_image_width=\"1600\" data-large_image_height=\"1200\"href='https:\/\/www.radiopiu.net\/wordpress\/wp-content\/uploads\/2023\/07\/4ff26588-43de-4771-b6f6-d79fd49ddc3e.jpg'><img loading=\"lazy\" decoding=\"async\" width=\"300\" height=\"225\" src=\"https:\/\/www.radiopiu.net\/wordpress\/wp-content\/uploads\/2023\/07\/4ff26588-43de-4771-b6f6-d79fd49ddc3e-300x225.jpg\" class=\"attachment-medium size-medium\" alt=\"\" srcset=\"https:\/\/www.radiopiu.net\/wordpress\/wp-content\/uploads\/2023\/07\/4ff26588-43de-4771-b6f6-d79fd49ddc3e-300x225.jpg 300w, https:\/\/www.radiopiu.net\/wordpress\/wp-content\/uploads\/2023\/07\/4ff26588-43de-4771-b6f6-d79fd49ddc3e-1024x768.jpg 1024w, https:\/\/www.radiopiu.net\/wordpress\/wp-content\/uploads\/2023\/07\/4ff26588-43de-4771-b6f6-d79fd49ddc3e-768x576.jpg 768w, https:\/\/www.radiopiu.net\/wordpress\/wp-content\/uploads\/2023\/07\/4ff26588-43de-4771-b6f6-d79fd49ddc3e-1536x1152.jpg 1536w, https:\/\/www.radiopiu.net\/wordpress\/wp-content\/uploads\/2023\/07\/4ff26588-43de-4771-b6f6-d79fd49ddc3e.jpg 1600w\" sizes=\"auto, (max-width: 300px) 100vw, 300px\" \/><\/a>\n\t\t\t\t<\/dt><\/dl><dl class='gallery-item'>\n\t\t\t\t<dt class='gallery-icon landscape'>\n\t\t\t\t\t<a class=\"rollover rollover-zoom dt-pswp-item\" title=\"6b5aa9c7-c193-444b-8d64-d890e650b10d\" data-dt-img-description=\"\" data-large_image_width=\"1600\" data-large_image_height=\"1200\"href='https:\/\/www.radiopiu.net\/wordpress\/wp-content\/uploads\/2023\/07\/6b5aa9c7-c193-444b-8d64-d890e650b10d.jpg'><img loading=\"lazy\" decoding=\"async\" width=\"300\" height=\"225\" src=\"https:\/\/www.radiopiu.net\/wordpress\/wp-content\/uploads\/2023\/07\/6b5aa9c7-c193-444b-8d64-d890e650b10d-300x225.jpg\" class=\"attachment-medium size-medium\" alt=\"\" srcset=\"https:\/\/www.radiopiu.net\/wordpress\/wp-content\/uploads\/2023\/07\/6b5aa9c7-c193-444b-8d64-d890e650b10d-300x225.jpg 300w, https:\/\/www.radiopiu.net\/wordpress\/wp-content\/uploads\/2023\/07\/6b5aa9c7-c193-444b-8d64-d890e650b10d-1024x768.jpg 1024w, https:\/\/www.radiopiu.net\/wordpress\/wp-content\/uploads\/2023\/07\/6b5aa9c7-c193-444b-8d64-d890e650b10d-768x576.jpg 768w, https:\/\/www.radiopiu.net\/wordpress\/wp-content\/uploads\/2023\/07\/6b5aa9c7-c193-444b-8d64-d890e650b10d-1536x1152.jpg 1536w, https:\/\/www.radiopiu.net\/wordpress\/wp-content\/uploads\/2023\/07\/6b5aa9c7-c193-444b-8d64-d890e650b10d.jpg 1600w\" sizes=\"auto, (max-width: 300px) 100vw, 300px\" \/><\/a>\n\t\t\t\t<\/dt><\/dl><br style=\"clear: both\" \/><dl class='gallery-item'>\n\t\t\t\t<dt class='gallery-icon landscape'>\n\t\t\t\t\t<a class=\"rollover rollover-zoom dt-pswp-item\" title=\"3900069c-4baf-410e-a7cd-41c50922eddd\" data-dt-img-description=\"\" data-large_image_width=\"1600\" data-large_image_height=\"1200\"href='https:\/\/www.radiopiu.net\/wordpress\/wp-content\/uploads\/2023\/07\/3900069c-4baf-410e-a7cd-41c50922eddd.jpg'><img loading=\"lazy\" decoding=\"async\" width=\"300\" height=\"225\" src=\"https:\/\/www.radiopiu.net\/wordpress\/wp-content\/uploads\/2023\/07\/3900069c-4baf-410e-a7cd-41c50922eddd-300x225.jpg\" class=\"attachment-medium size-medium\" alt=\"\" srcset=\"https:\/\/www.radiopiu.net\/wordpress\/wp-content\/uploads\/2023\/07\/3900069c-4baf-410e-a7cd-41c50922eddd-300x225.jpg 300w, https:\/\/www.radiopiu.net\/wordpress\/wp-content\/uploads\/2023\/07\/3900069c-4baf-410e-a7cd-41c50922eddd-1024x768.jpg 1024w, https:\/\/www.radiopiu.net\/wordpress\/wp-content\/uploads\/2023\/07\/3900069c-4baf-410e-a7cd-41c50922eddd-768x576.jpg 768w, https:\/\/www.radiopiu.net\/wordpress\/wp-content\/uploads\/2023\/07\/3900069c-4baf-410e-a7cd-41c50922eddd-1536x1152.jpg 1536w, https:\/\/www.radiopiu.net\/wordpress\/wp-content\/uploads\/2023\/07\/3900069c-4baf-410e-a7cd-41c50922eddd.jpg 1600w\" sizes=\"auto, (max-width: 300px) 100vw, 300px\" \/><\/a>\n\t\t\t\t<\/dt><\/dl><dl class='gallery-item'>\n\t\t\t\t<dt class='gallery-icon landscape'>\n\t\t\t\t\t<a class=\"rollover rollover-zoom dt-pswp-item\" title=\"23bcb967-9e21-4181-b17c-9561723f4dc7\" data-dt-img-description=\"\" data-large_image_width=\"1600\" data-large_image_height=\"1200\"href='https:\/\/www.radiopiu.net\/wordpress\/wp-content\/uploads\/2023\/07\/23bcb967-9e21-4181-b17c-9561723f4dc7.jpg'><img loading=\"lazy\" decoding=\"async\" width=\"300\" height=\"225\" src=\"https:\/\/www.radiopiu.net\/wordpress\/wp-content\/uploads\/2023\/07\/23bcb967-9e21-4181-b17c-9561723f4dc7-300x225.jpg\" class=\"attachment-medium size-medium\" alt=\"\" srcset=\"https:\/\/www.radiopiu.net\/wordpress\/wp-content\/uploads\/2023\/07\/23bcb967-9e21-4181-b17c-9561723f4dc7-300x225.jpg 300w, https:\/\/www.radiopiu.net\/wordpress\/wp-content\/uploads\/2023\/07\/23bcb967-9e21-4181-b17c-9561723f4dc7-1024x768.jpg 1024w, https:\/\/www.radiopiu.net\/wordpress\/wp-content\/uploads\/2023\/07\/23bcb967-9e21-4181-b17c-9561723f4dc7-768x576.jpg 768w, https:\/\/www.radiopiu.net\/wordpress\/wp-content\/uploads\/2023\/07\/23bcb967-9e21-4181-b17c-9561723f4dc7-1536x1152.jpg 1536w, https:\/\/www.radiopiu.net\/wordpress\/wp-content\/uploads\/2023\/07\/23bcb967-9e21-4181-b17c-9561723f4dc7.jpg 1600w\" sizes=\"auto, (max-width: 300px) 100vw, 300px\" \/><\/a>\n\t\t\t\t<\/dt><\/dl><dl class='gallery-item'>\n\t\t\t\t<dt class='gallery-icon landscape'>\n\t\t\t\t\t<a class=\"rollover rollover-zoom dt-pswp-item\" title=\"b87758bf-394e-4be3-8393-87f41f91be3a\" data-dt-img-description=\"\" data-large_image_width=\"1600\" data-large_image_height=\"1200\"href='https:\/\/www.radiopiu.net\/wordpress\/wp-content\/uploads\/2023\/07\/b87758bf-394e-4be3-8393-87f41f91be3a.jpg'><img loading=\"lazy\" decoding=\"async\" width=\"300\" height=\"225\" src=\"https:\/\/www.radiopiu.net\/wordpress\/wp-content\/uploads\/2023\/07\/b87758bf-394e-4be3-8393-87f41f91be3a-300x225.jpg\" class=\"attachment-medium size-medium\" alt=\"\" srcset=\"https:\/\/www.radiopiu.net\/wordpress\/wp-content\/uploads\/2023\/07\/b87758bf-394e-4be3-8393-87f41f91be3a-300x225.jpg 300w, https:\/\/www.radiopiu.net\/wordpress\/wp-content\/uploads\/2023\/07\/b87758bf-394e-4be3-8393-87f41f91be3a-1024x768.jpg 1024w, https:\/\/www.radiopiu.net\/wordpress\/wp-content\/uploads\/2023\/07\/b87758bf-394e-4be3-8393-87f41f91be3a-768x576.jpg 768w, https:\/\/www.radiopiu.net\/wordpress\/wp-content\/uploads\/2023\/07\/b87758bf-394e-4be3-8393-87f41f91be3a-1536x1152.jpg 1536w, https:\/\/www.radiopiu.net\/wordpress\/wp-content\/uploads\/2023\/07\/b87758bf-394e-4be3-8393-87f41f91be3a.jpg 1600w\" sizes=\"auto, (max-width: 300px) 100vw, 300px\" \/><\/a>\n\t\t\t\t<\/dt><\/dl><br style=\"clear: both\" \/>\n\t\t\t<\/div>\n\n<p>&nbsp;<\/p>\n<p><span style=\"color: #0000ff;\"><strong>PALLAVOLO<\/strong><\/span><\/p>\n<blockquote>\n<h3>SOMMAVILLA, IL MEDICO DELLA BELLUNO VOLLEY<\/h3>\n<\/blockquote>\n<p><strong><a class=\"dt-pswp-item\" href=\"https:\/\/www.radiopiu.net\/wordpress\/wp-content\/uploads\/2023\/07\/Marco_Sommavilla_doc_a_360_gradi.jpg\" data-dt-img-description=\"\" data-large_image_width=\"1343\" data-large_image_height=\"852\"><img loading=\"lazy\" decoding=\"async\" class=\" wp-image-345349 alignleft\" src=\"https:\/\/www.radiopiu.net\/wordpress\/wp-content\/uploads\/2023\/07\/Marco_Sommavilla_doc_a_360_gradi-300x190.jpg\" alt=\"\" width=\"169\" height=\"107\" srcset=\"https:\/\/www.radiopiu.net\/wordpress\/wp-content\/uploads\/2023\/07\/Marco_Sommavilla_doc_a_360_gradi-300x190.jpg 300w, https:\/\/www.radiopiu.net\/wordpress\/wp-content\/uploads\/2023\/07\/Marco_Sommavilla_doc_a_360_gradi-1024x650.jpg 1024w, https:\/\/www.radiopiu.net\/wordpress\/wp-content\/uploads\/2023\/07\/Marco_Sommavilla_doc_a_360_gradi-768x487.jpg 768w, https:\/\/www.radiopiu.net\/wordpress\/wp-content\/uploads\/2023\/07\/Marco_Sommavilla_doc_a_360_gradi.jpg 1343w\" sizes=\"auto, (max-width: 169px) 100vw, 169px\" \/><\/a>BELLUNO<\/strong> La storia continua. Dal 2009, Marco Sommavilla \u00e8 il medico del Belluno Volley. E lo sar\u00e0 ancora: anche nella prossima e ormai imminente annata sotto rete. Un\u2019annata caratterizzata da parecchi cambiamenti. In organico. E non solo. \u00abRispetto al passato &#8211; afferma il \u201cdoc\u201d &#8211; seguiremo in maniera pi\u00f9 dettagliata la sfera legata all\u2019alimentazione. In questo senso, ci appoggiamo a una professionista del calibro di Serena Di Santo, che ha collaborato pure con l\u2019Imoco. Ogni giocatore avr\u00e0 la sua dieta personalizzata, affinch\u00e9 possa mantenere un buono stato di forma. Il benessere dell\u2019atleta passa anche da ci\u00f2 che mangia\u00bb.<span class=\"gmail-Apple-converted-space\">\u00a0<\/span><\/p>\n<p>&nbsp;<\/p>\n<p><span style=\"color: #0000ff;\"><strong>NUOTO<\/strong><\/span><\/p>\n<blockquote>\n<h3>TREDICI ATLETI DELLA SPORTIVAMENTE BELLUNO AI CAMPIONATI REGIONALI ESORDIENTI A<\/h3>\n<\/blockquote>\n<p><strong><a class=\"dt-pswp-item\" href=\"https:\/\/www.radiopiu.net\/wordpress\/wp-content\/uploads\/2023\/07\/Esordienti_A.jpg\" data-dt-img-description=\"\" data-large_image_width=\"640\" data-large_image_height=\"473\"><img loading=\"lazy\" decoding=\"async\" class=\" wp-image-345499 alignleft\" src=\"https:\/\/www.radiopiu.net\/wordpress\/wp-content\/uploads\/2023\/07\/Esordienti_A-300x222.jpg\" alt=\"\" width=\"153\" height=\"113\" srcset=\"https:\/\/www.radiopiu.net\/wordpress\/wp-content\/uploads\/2023\/07\/Esordienti_A-300x222.jpg 300w, https:\/\/www.radiopiu.net\/wordpress\/wp-content\/uploads\/2023\/07\/Esordienti_A.jpg 640w\" sizes=\"auto, (max-width: 153px) 100vw, 153px\" \/><\/a>BELLUNO <\/strong>La piscina del Centro federale Castagnetti di Verona ha ospitato i Campionati regionali Esordienti A: la manifestazione ha messo in mostra tutti i migliori atleti nuotatori nati fra il 2010 e il 2012. Fra loro anche 13 atleti della Sportivamente Belluno: Dora Bortoluzzi, Alex Brianti, Alessio Camposeo, Ginevra Dal Mas, Mario Dalla Riva, Camilla Fistarol, Luca Frisaldi, Vincenzo Iuliano, Niccol\u00f2 Longi, Beatrice Mezzacasa, Federico Nerviani, Thomas Pin e Samuele Sommacal. Applausi, in particolare, per Vincenzo Iuliano, terzo nei 200 rana con l\u2019ottimo crono di 2\u201951\u201d15. E il bis \u00e8 arrivato nei 100 rana, con il bronzo in 1\u201918\u201d89. Non da meno la prestazione nei 400 stile di un Alex Brianti da top ten: lo stesso Alex ha migliorato il personale nei 200 dorso (2\u201943\u201d63: dodicesimo posto). Molto bene, inoltre, Federico Nerviani: il suo 29\u201d37 nei 50 stile libero lo ha reso il pi\u00f9 veloce fra gli atleti del 2011, mentre nei 200 farfalla ha condotto una gara esemplare (insieme al compagno Samuele Sommacal). E si \u00e8 difeso alla grande pure nei 400 misti. Nei 100 dorso, invece, Beatrice Mezzacasa, Alessio Camposeo, Thomas Pin, Mario Dalla Riva e Niccol\u00f2 Longi non si sono lasciati scoraggiare dalla pioggia e hanno dato vita a una buonissima prova. Come quella della staffetta 4&#215;100 mista, formata da Longi, Iuliano, Nerviani e Brianti: nona piazza in 4\u201958\u201d89. Poi, nei 200 stile, Brianti, Longi e Mezzacasa hanno confermato l\u2019ottimo stato di forma e nei 200 misti il solito Iuliano si \u00e8 ulteriormente migliorato, grazie a un brillante 2\u201942\u201d30: pollice alto pure per Federico Nerviani e Niccol\u00f2 Longi. Nei 100 farfalla, a risplendere \u00e8 stata la performance di Samuele Sommacal, capace di migliorare il suo personale insieme all\u2019inossidabile Nerviani: in campo femminile, ottima la prova di Dora Bortoluzzi e Camilla Fistarol, mentre nei 1500 stile libero Brianti si \u00e8 reso protagonista di un\u2019impresa finendo in sesta posizione (8\u201954\u201d16). Infine, grandi emozioni dalle staffette 4&#215;100 stile libero con Sommacal, Longi, Nerviani e Brianti e quella femminile con Dal Mas, Mezzacasa, Bortoluzzi e Fistarol.<\/p>\n<\/div>\n<\/div>\n<\/div>\n","protected":false},"excerpt":{"rendered":"<p>40esimo di RADIOPIU\u2026. LA VOCE DELL\u2019EMOZIONE ISCRIVITI AL NOSTRO CANALE\u00a0\u00a0YOUTUBE PER SEGUIRE IN DIRETTA I PRINCIPALI PROGRAMMI DI RADIO PIU\u2019 E LE FUTURE DIRETTE IN ESTERNA. PER ISCRIVERTI\u00a0CLICCA QUI\u00a0E PREMI\u00a0 \u201cIscriviti\u201d &nbsp; &nbsp; AUGURI AGORDO MUSICA ! 30 ANNI CON IL VIOLONCELLO DI MARIO BRUNELLO\u00a0\u00a0 https:\/\/www.facebook.com\/agordomusica\/videos\/1268062080767210 &nbsp; &nbsp; 203 AGORDINA, CHIUSURE A FASCE ORARIE SEDICO&hellip;<\/p>\n","protected":false},"author":4,"featured_media":345398,"comment_status":"closed","ping_status":"closed","sticky":false,"template":"","format":"standard","meta":{"_monsterinsights_skip_tracking":false,"_monsterinsights_sitenote_active":false,"_monsterinsights_sitenote_note":"","_monsterinsights_sitenote_category":0,"footnotes":""},"categories":[51,86,49],"tags":[],"class_list":["post-345344","post","type-post","status-publish","format-standard","has-post-thumbnail","hentry","category-evidenza-top","category-gr","category-news-18","category-51","category-86","category-49","description-off"],"img_url":"https:\/\/www.radiopiu.net\/wordpress\/wp-content\/uploads\/2023\/07\/Watermark_20230723_083635_812.jpg","_links":{"self":[{"href":"https:\/\/www.radiopiu.net\/wordpress\/wp-json\/wp\/v2\/posts\/345344","targetHints":{"allow":["GET"]}}],"collection":[{"href":"https:\/\/www.radiopiu.net\/wordpress\/wp-json\/wp\/v2\/posts"}],"about":[{"href":"https:\/\/www.radiopiu.net\/wordpress\/wp-json\/wp\/v2\/types\/post"}],"author":[{"embeddable":true,"href":"https:\/\/www.radiopiu.net\/wordpress\/wp-json\/wp\/v2\/users\/4"}],"replies":[{"embeddable":true,"href":"https:\/\/www.radiopiu.net\/wordpress\/wp-json\/wp\/v2\/comments?post=345344"}],"version-history":[{"count":0,"href":"https:\/\/www.radiopiu.net\/wordpress\/wp-json\/wp\/v2\/posts\/345344\/revisions"}],"wp:featuredmedia":[{"embeddable":true,"href":"https:\/\/www.radiopiu.net\/wordpress\/wp-json\/wp\/v2\/media\/345398"}],"wp:attachment":[{"href":"https:\/\/www.radiopiu.net\/wordpress\/wp-json\/wp\/v2\/media?parent=345344"}],"wp:term":[{"taxonomy":"category","embeddable":true,"href":"https:\/\/www.radiopiu.net\/wordpress\/wp-json\/wp\/v2\/categories?post=345344"},{"taxonomy":"post_tag","embeddable":true,"href":"https:\/\/www.radiopiu.net\/wordpress\/wp-json\/wp\/v2\/tags?post=345344"}],"curies":[{"name":"wp","href":"https:\/\/api.w.org\/{rel}","templated":true}]}}