{"id":345417,"date":"2023-07-24T05:22:45","date_gmt":"2023-07-24T03:22:45","guid":{"rendered":"https:\/\/www.radiopiu.net\/wordpress\/?p=345417"},"modified":"2023-07-24T05:29:13","modified_gmt":"2023-07-24T03:29:13","slug":"dillo-a-radio-piu-il-giro-del-lago-di-alleghe-non-e-accessibile-ai-disabili","status":"publish","type":"post","link":"https:\/\/www.radiopiu.net\/wordpress\/dillo-a-radio-piu-il-giro-del-lago-di-alleghe-non-e-accessibile-ai-disabili\/","title":{"rendered":"DILLO A RADIO PIU&#8217;&#8230;IL GIRO DEL LAGO DI ALLEGHE NON E&#8217; ACCESSIBILE AI DISABILI"},"content":{"rendered":"<p><strong><a class=\"dt-pswp-item\" href=\"https:\/\/www.radiopiu.net\/wordpress\/wp-content\/uploads\/2023\/07\/SCR-20230723-kfcy.jpeg\" data-dt-img-description=\"\" data-large_image_width=\"1444\" data-large_image_height=\"1000\"><img loading=\"lazy\" decoding=\"async\" class=\" wp-image-345418 alignleft\" src=\"https:\/\/www.radiopiu.net\/wordpress\/wp-content\/uploads\/2023\/07\/SCR-20230723-kfcy-300x208.jpeg\" alt=\"\" width=\"172\" height=\"119\" srcset=\"https:\/\/www.radiopiu.net\/wordpress\/wp-content\/uploads\/2023\/07\/SCR-20230723-kfcy-300x208.jpeg 300w, https:\/\/www.radiopiu.net\/wordpress\/wp-content\/uploads\/2023\/07\/SCR-20230723-kfcy-1024x709.jpeg 1024w, https:\/\/www.radiopiu.net\/wordpress\/wp-content\/uploads\/2023\/07\/SCR-20230723-kfcy-768x532.jpeg 768w, https:\/\/www.radiopiu.net\/wordpress\/wp-content\/uploads\/2023\/07\/SCR-20230723-kfcy.jpeg 1444w\" sizes=\"auto, (max-width: 172px) 100vw, 172px\" \/><\/a>REDAZIONE <\/strong>Riceviamo e pubblichiamo una lettera arrivata in radio da una nostra ascoltatrice sulla passeggiata lungo il Lago di Alleghe<\/p>\n<blockquote><p><em>Da circa una settimana, dopo quasi 5 anni da Vaia, sono terminati i lavori per la ciclabile o pedonale nel tratto\u00a0 in fondo al lago di Alleghe nel comune di Rocca Pietore, splendida passeggiata con il fondo cementato il ponticello nuovo e il prato e la spiaggetta tirati dritti e ripuliti,\u00a0 ma la sorpresa\u00a0 si trova al raccordo della pista con la strada comunale da cui vi si accede, invece di degradare con una rampa\u00a0 e arrivare allo stesso\u00a0 livello, c&#8217;\u00e8\u00a0 un gradone di circa 35 cm. impossibile per accedervi con sedie a rotelle, passeggini o biciclette. La cosa ha dell&#8217;incredibile\u00a0 anche perch\u00e9\u00a0 i fondi ricevuti per il giro del lago, sono stati ottenuti a condizione che non vi fossero ostacoli. Mi auguro che parlandone si possa rimuovere l&#8217;ostacolo\u00a0 e godere finalmente\u00a0 di questa\u00a0 frequentatissima passeggiata.<\/em><\/p>\n<p><em>Flavia<\/em><\/p><\/blockquote>\n<p>&nbsp;<\/p>\n<p><strong>REDAZIONE<\/strong> A seguito della segnalazione ricevuta in mattinata sul giro del Lago di Alleghe, riceviamo e pubblichiamo alcune considerazioni di un nostro ascoltaore.<\/p>\n<blockquote><p><em><img loading=\"lazy\" decoding=\"async\" class=\"alignleft\" src=\"https:\/\/www.radiopiu.net\/wordpress\/wp-content\/uploads\/2021\/06\/d387af2d-5fd5-45f0-aac2-6b610c874311.jpg\" width=\"191\" height=\"143\" \/>Volevo rassicurare la signora FLAVIA, (turista oppure una residente di Alleghe\/Rocca), in merito ai lavori di riqualificazione del lago di Alleghe. I lavori NON SONO STATI ANCORA COMPLETATI. Mancano alcune piccole opere di finitura previste nel progetto approvato. In particolare manca la realizzazione della superficie in asfalto, prevista del progetto, proprio in corrispondenza della strada comunale per circa 100 metri e proprio in corrispondenza del fantomatico gradino. Entro i prossimi 5\/10 giorni \u00e8 prevista la stesa della pavimentazione in asfalto che annuller\u00e0 completamente il gradino e che consentir\u00e0 finalmente, dopo circa 30 anni, di raggiungere con le carrozzine proprio una delle aree che diverr\u00e0 probabilmente una delle pi\u00f9 belle del lago e questo grazie agli interventi progettati. Mi pare evidente che i lavori non siano completati essendovi ancora tutta la pavimentazione danneggiata, il gradino appunto, il drenaggio libero, i pozzetti a vista e la ghiaia sulla strada. Sono stati rimossi gli apprestamenti di cantiere solamente per dare meno disagio all\u2019 ambiente turistico del lago, lasciando in loco solo alcune segnaletiche di cantierizzazione. Con amarezza concludo che dispiace dover essere sempre sede di recapito di vagonate di sterco da parte di persone che, NON INFORMATE sui fatti, inducono poi a false considerazioni molte altre persone. Mi pare impossibile che ogni tanto non venga in mente alle persone che forse\u2026se in campo lavorativo \u00e8 stata adottata una certa soluzione..\u2026ci possa essere un motivo ???\u2026e che non sia sempre una sequenza di errori e mancanze e incompetenze o altro\u2026??\u2026\u00e8 mai possibile? In ogni caso un\u00a0ringraziamento alle\u00a0numerose positive\u00a0segnalazioni.<\/em><\/p>\n<p><em>Felice Gaiardo<\/em><\/p><\/blockquote>\n<p>&nbsp;<\/p>\n<p>******<\/p>\n","protected":false},"excerpt":{"rendered":"<p>REDAZIONE Riceviamo e pubblichiamo una lettera arrivata in radio da una nostra ascoltatrice sulla passeggiata lungo il Lago di Alleghe Da circa una settimana, dopo quasi 5 anni da Vaia, sono terminati i lavori per la ciclabile o pedonale nel tratto\u00a0 in fondo al lago di Alleghe nel comune di Rocca Pietore, splendida passeggiata con&hellip;<\/p>\n","protected":false},"author":4,"featured_media":345418,"comment_status":"closed","ping_status":"closed","sticky":false,"template":"","format":"standard","meta":{"_monsterinsights_skip_tracking":false,"_monsterinsights_sitenote_active":false,"_monsterinsights_sitenote_note":"","_monsterinsights_sitenote_category":0,"footnotes":""},"categories":[51,49],"tags":[],"class_list":["post-345417","post","type-post","status-publish","format-standard","has-post-thumbnail","hentry","category-evidenza-top","category-news-18","category-51","category-49","description-off"],"img_url":"https:\/\/www.radiopiu.net\/wordpress\/wp-content\/uploads\/2023\/07\/SCR-20230723-kfcy.jpeg","_links":{"self":[{"href":"https:\/\/www.radiopiu.net\/wordpress\/wp-json\/wp\/v2\/posts\/345417","targetHints":{"allow":["GET"]}}],"collection":[{"href":"https:\/\/www.radiopiu.net\/wordpress\/wp-json\/wp\/v2\/posts"}],"about":[{"href":"https:\/\/www.radiopiu.net\/wordpress\/wp-json\/wp\/v2\/types\/post"}],"author":[{"embeddable":true,"href":"https:\/\/www.radiopiu.net\/wordpress\/wp-json\/wp\/v2\/users\/4"}],"replies":[{"embeddable":true,"href":"https:\/\/www.radiopiu.net\/wordpress\/wp-json\/wp\/v2\/comments?post=345417"}],"version-history":[{"count":0,"href":"https:\/\/www.radiopiu.net\/wordpress\/wp-json\/wp\/v2\/posts\/345417\/revisions"}],"wp:featuredmedia":[{"embeddable":true,"href":"https:\/\/www.radiopiu.net\/wordpress\/wp-json\/wp\/v2\/media\/345418"}],"wp:attachment":[{"href":"https:\/\/www.radiopiu.net\/wordpress\/wp-json\/wp\/v2\/media?parent=345417"}],"wp:term":[{"taxonomy":"category","embeddable":true,"href":"https:\/\/www.radiopiu.net\/wordpress\/wp-json\/wp\/v2\/categories?post=345417"},{"taxonomy":"post_tag","embeddable":true,"href":"https:\/\/www.radiopiu.net\/wordpress\/wp-json\/wp\/v2\/tags?post=345417"}],"curies":[{"name":"wp","href":"https:\/\/api.w.org\/{rel}","templated":true}]}}