{"id":345439,"date":"2023-07-23T16:29:56","date_gmt":"2023-07-23T14:29:56","guid":{"rendered":"https:\/\/www.radiopiu.net\/wordpress\/?p=345439"},"modified":"2023-07-23T16:29:56","modified_gmt":"2023-07-23T14:29:56","slug":"armin-larch-e-alba-de-silvestro-sono-il-re-e-la-regina-della-vertical-col-di-lana","status":"publish","type":"post","link":"https:\/\/www.radiopiu.net\/wordpress\/armin-larch-e-alba-de-silvestro-sono-il-re-e-la-regina-della-vertical-col-di-lana\/","title":{"rendered":"ARMIN LARCH E ALBA DE SILVESTRO SONO IL RE E LA REGINA DELLA VERTICAL COL DI LANA"},"content":{"rendered":"<p><strong>LIVINALLONGO<\/strong> E&#8217; andata in scena nella mattinata di domenica la Vertical Col Di Lana, la gara di corsa in montagna di 2 km e 1000 metri di dislivello. Una vera prova di forza in cui ad avere la meglio \u00e8 stato Armin Larch che ha chiuso con il tempo di 34&#8217;53&#8221;. Alex Oberbacher al secondo posto e Matteo Sostizzo al terzo. In ambito femminile la vittoria \u00e8 andata ad Alba De Silvestro che ha chiuso in 41&#8217;41&#8221; staccando con pi\u00f9 di 3&#8242; Anna Hofer e Mara Martini. Nel pomeriggio \u00e8 andata in scena anche Mini Vertical dedicata ai giovani.<\/p>\n<p>LE CLASSIFICHE <a href=\"https:\/\/sportdolomiti.it\/coldilana_classifiche_23\">CLICCA QUI<\/a><\/p>\n\n\t\t\t<style type='text\/css'>\n\t\t\t\t#gallery-1 {\n\t\t\t\t\tmargin: auto;\n\t\t\t\t}\n\t\t\t\t#gallery-1 .gallery-item {\n\t\t\t\t\tfloat: left;\n\t\t\t\t\tmargin-top: 10px;\n\t\t\t\t\ttext-align: center;\n\t\t\t\t\twidth: 33%;\n\t\t\t\t}\n\t\t\t\t#gallery-1 img {\n\t\t\t\t\tborder: 2px solid #cfcfcf;\n\t\t\t\t}\n\t\t\t\t#gallery-1 .gallery-caption {\n\t\t\t\t\tmargin-left: 0;\n\t\t\t\t}\n\t\t\t\t\/* see gallery_shortcode() in wp-includes\/media.php *\/\n\t\t\t<\/style>\n\t\t<div id='gallery-1' class='dt-gallery-container gallery galleryid-345439 gallery-columns-3 gallery-size-thumbnail'><dl class='gallery-item'>\n\t\t\t\t<dt class='gallery-icon landscape'>\n\t\t\t\t\t<a class=\"rollover rollover-zoom dt-pswp-item\" title=\"9b400d15-c9d4-4ece-90a8-8b7ae5331d7a\" data-dt-img-description=\"\" data-large_image_width=\"2048\" data-large_image_height=\"1536\"href='https:\/\/www.radiopiu.net\/wordpress\/wp-content\/uploads\/2023\/07\/9b400d15-c9d4-4ece-90a8-8b7ae5331d7a.jpg'><img loading=\"lazy\" decoding=\"async\" width=\"150\" height=\"150\" src=\"https:\/\/www.radiopiu.net\/wordpress\/wp-content\/uploads\/2023\/07\/9b400d15-c9d4-4ece-90a8-8b7ae5331d7a-150x150.jpg\" class=\"attachment-thumbnail size-thumbnail\" alt=\"\" \/><\/a>\n\t\t\t\t<\/dt><\/dl><dl class='gallery-item'>\n\t\t\t\t<dt class='gallery-icon landscape'>\n\t\t\t\t\t<a class=\"rollover rollover-zoom dt-pswp-item\" title=\"d11b4069-6e81-47ec-8db5-aa89d29125b9\" data-dt-img-description=\"\" data-large_image_width=\"1024\" data-large_image_height=\"768\"href='https:\/\/www.radiopiu.net\/wordpress\/wp-content\/uploads\/2023\/07\/d11b4069-6e81-47ec-8db5-aa89d29125b9.jpg'><img loading=\"lazy\" decoding=\"async\" width=\"150\" height=\"150\" src=\"https:\/\/www.radiopiu.net\/wordpress\/wp-content\/uploads\/2023\/07\/d11b4069-6e81-47ec-8db5-aa89d29125b9-150x150.jpg\" class=\"attachment-thumbnail size-thumbnail\" alt=\"\" \/><\/a>\n\t\t\t\t<\/dt><\/dl><dl class='gallery-item'>\n\t\t\t\t<dt class='gallery-icon portrait'>\n\t\t\t\t\t<a class=\"rollover rollover-zoom dt-pswp-item\" title=\"2eda3649-b5ec-4c9e-bf1c-0ad96c35b1fd\" data-dt-img-description=\"\" data-large_image_width=\"1200\" data-large_image_height=\"1600\"href='https:\/\/www.radiopiu.net\/wordpress\/wp-content\/uploads\/2023\/07\/2eda3649-b5ec-4c9e-bf1c-0ad96c35b1fd.jpg'><img loading=\"lazy\" decoding=\"async\" width=\"150\" height=\"150\" src=\"https:\/\/www.radiopiu.net\/wordpress\/wp-content\/uploads\/2023\/07\/2eda3649-b5ec-4c9e-bf1c-0ad96c35b1fd-150x150.jpg\" class=\"attachment-thumbnail size-thumbnail\" alt=\"\" \/><\/a>\n\t\t\t\t<\/dt><\/dl><br style=\"clear: both\" \/>\n\t\t\t<\/div>\n\n<p>&nbsp;<\/p>\n<p>&nbsp;<\/p>\n<p>*******<\/p>\n","protected":false},"excerpt":{"rendered":"<p>LIVINALLONGO E&#8217; andata in scena nella mattinata di domenica la Vertical Col Di Lana, la gara di corsa in montagna di 2 km e 1000 metri di dislivello. Una vera prova di forza in cui ad avere la meglio \u00e8 stato Armin Larch che ha chiuso con il tempo di 34&#8217;53&#8221;. Alex Oberbacher al secondo&hellip;<\/p>\n","protected":false},"author":4,"featured_media":345445,"comment_status":"closed","ping_status":"closed","sticky":false,"template":"","format":"standard","meta":{"_monsterinsights_skip_tracking":false,"_monsterinsights_sitenote_active":false,"_monsterinsights_sitenote_note":"","_monsterinsights_sitenote_category":0,"footnotes":""},"categories":[49],"tags":[],"class_list":["post-345439","post","type-post","status-publish","format-standard","has-post-thumbnail","hentry","category-news-18","category-49","description-off"],"img_url":"https:\/\/www.radiopiu.net\/wordpress\/wp-content\/uploads\/2023\/07\/d11b4069-6e81-47ec-8db5-aa89d29125b9.jpg","_links":{"self":[{"href":"https:\/\/www.radiopiu.net\/wordpress\/wp-json\/wp\/v2\/posts\/345439","targetHints":{"allow":["GET"]}}],"collection":[{"href":"https:\/\/www.radiopiu.net\/wordpress\/wp-json\/wp\/v2\/posts"}],"about":[{"href":"https:\/\/www.radiopiu.net\/wordpress\/wp-json\/wp\/v2\/types\/post"}],"author":[{"embeddable":true,"href":"https:\/\/www.radiopiu.net\/wordpress\/wp-json\/wp\/v2\/users\/4"}],"replies":[{"embeddable":true,"href":"https:\/\/www.radiopiu.net\/wordpress\/wp-json\/wp\/v2\/comments?post=345439"}],"version-history":[{"count":0,"href":"https:\/\/www.radiopiu.net\/wordpress\/wp-json\/wp\/v2\/posts\/345439\/revisions"}],"wp:featuredmedia":[{"embeddable":true,"href":"https:\/\/www.radiopiu.net\/wordpress\/wp-json\/wp\/v2\/media\/345445"}],"wp:attachment":[{"href":"https:\/\/www.radiopiu.net\/wordpress\/wp-json\/wp\/v2\/media?parent=345439"}],"wp:term":[{"taxonomy":"category","embeddable":true,"href":"https:\/\/www.radiopiu.net\/wordpress\/wp-json\/wp\/v2\/categories?post=345439"},{"taxonomy":"post_tag","embeddable":true,"href":"https:\/\/www.radiopiu.net\/wordpress\/wp-json\/wp\/v2\/tags?post=345439"}],"curies":[{"name":"wp","href":"https:\/\/api.w.org\/{rel}","templated":true}]}}