{"id":345498,"date":"2023-07-25T05:33:14","date_gmt":"2023-07-25T03:33:14","guid":{"rendered":"https:\/\/www.radiopiu.net\/wordpress\/?p=345498"},"modified":"2023-07-25T09:20:27","modified_gmt":"2023-07-25T07:20:27","slug":"giornale-radiopiu-25-luglio-2023-direttore-mirko-mezzacasada-40-anni-25-giugno-1983-25-giugno-2023","status":"publish","type":"post","link":"https:\/\/www.radiopiu.net\/wordpress\/giornale-radiopiu-25-luglio-2023-direttore-mirko-mezzacasada-40-anni-25-giugno-1983-25-giugno-2023\/","title":{"rendered":"GIORNALE RADIOPIU 25 LUGLIO 2023 DIRETTORE MIRKO MEZZACASA\u2026DA 40 ANNI 25 GIUGNO 1983-25 GIUGNO 2023"},"content":{"rendered":"<h2 style=\"text-align: left;\"><span style=\"color: #ff0000;\"><span style=\"vertical-align: inherit;\"><a class=\"dt-pswp-item\" href=\"https:\/\/www.radiopiu.net\/wordpress\/wp-content\/uploads\/2023\/04\/e0aad41d-951e-47b9-9fae-1a879a9bcb7e-1.jpg\" data-dt-img-description=\"\" data-large_image_width=\"1200\" data-large_image_height=\"1200\"><img loading=\"lazy\" decoding=\"async\" class=\"wp-image-333205 alignleft\" src=\"https:\/\/www.radiopiu.net\/wordpress\/wp-content\/uploads\/2023\/04\/e0aad41d-951e-47b9-9fae-1a879a9bcb7e-1-300x300.jpg\" alt=\"\" width=\"110\" height=\"110\" srcset=\"https:\/\/www.radiopiu.net\/wordpress\/wp-content\/uploads\/2023\/04\/e0aad41d-951e-47b9-9fae-1a879a9bcb7e-1-300x300.jpg 300w, https:\/\/www.radiopiu.net\/wordpress\/wp-content\/uploads\/2023\/04\/e0aad41d-951e-47b9-9fae-1a879a9bcb7e-1-1024x1024.jpg 1024w, https:\/\/www.radiopiu.net\/wordpress\/wp-content\/uploads\/2023\/04\/e0aad41d-951e-47b9-9fae-1a879a9bcb7e-1-150x150.jpg 150w, https:\/\/www.radiopiu.net\/wordpress\/wp-content\/uploads\/2023\/04\/e0aad41d-951e-47b9-9fae-1a879a9bcb7e-1-768x768.jpg 768w, https:\/\/www.radiopiu.net\/wordpress\/wp-content\/uploads\/2023\/04\/e0aad41d-951e-47b9-9fae-1a879a9bcb7e-1.jpg 1200w\" sizes=\"auto, (max-width: 110px) 100vw, 110px\" \/><\/a><\/span><\/span><\/h2>\n<h1 class=\"entry-title\">40esimo di RADIOPIU\u2026. LA VOCE DELL\u2019EMOZIONE<\/h1>\n<h2><span style=\"color: #ff0000;\">ISCRIVITI AL NOSTRO CANALE\u00a0\u00a0YOUTUBE PER SEGUIRE IN DIRETTA I PRINCIPALI PROGRAMMI DI RADIO PIU\u2019 E LE FUTURE DIRETTE IN ESTERNA. PER ISCRIVERTI\u00a0<a style=\"color: #ff0000;\" href=\"https:\/\/youtube.com\/@radiopiu1527\">CLICCA QUI\u00a0<\/a>E PREMI\u00a0 \u201cIscriviti\u201d<\/span><\/h2>\n<p>&nbsp;<\/p>\n<p>&nbsp;<\/p>\n<hr \/>\n<div class=\"xdj266r x11i5rnm xat24cr x1mh8g0r x1vvkbs x126k92a\">\n<div dir=\"auto\"><\/div>\n<div dir=\"auto\"><span style=\"color: #ff0000;\"><strong><a class=\"dt-pswp-item\" href=\"https:\/\/www.radiopiu.net\/wordpress\/wp-content\/uploads\/2023\/07\/363015730_677490594419616_8010069548935990218_n.jpg\" data-dt-img-description=\"\" data-large_image_width=\"526\" data-large_image_height=\"701\"><img loading=\"lazy\" decoding=\"async\" class=\"wp-image-345717 alignleft\" src=\"https:\/\/www.radiopiu.net\/wordpress\/wp-content\/uploads\/2023\/07\/363015730_677490594419616_8010069548935990218_n-225x300.jpg\" alt=\"\" width=\"179\" height=\"239\" srcset=\"https:\/\/www.radiopiu.net\/wordpress\/wp-content\/uploads\/2023\/07\/363015730_677490594419616_8010069548935990218_n-225x300.jpg 225w, https:\/\/www.radiopiu.net\/wordpress\/wp-content\/uploads\/2023\/07\/363015730_677490594419616_8010069548935990218_n.jpg 526w\" sizes=\"auto, (max-width: 179px) 100vw, 179px\" \/><\/a>VIAGGIARE SULL&#8217;AGORDINA&#8230; PER ESSERE SEMPRE INFORMATI CON AMPIO ANTICIPO<\/strong><\/span> ASCOLTA <a class=\"x1i10hfl xjbqb8w x6umtig x1b1mbwd xaqea5y xav7gou x9f619 x1ypdohk xt0psk2 xe8uvvx xdj266r x11i5rnm xat24cr x1mh8g0r xexx8yu x4uap5 x18d9i69 xkhd6sd x16tdsg8 x1hl2dhg xggy1nq x1a2a7pz xt0b8zv x1qq9wsj xo1l8bm\" tabindex=\"0\" role=\"link\" href=\"https:\/\/www.facebook.com\/groups\/61488111720\/user\/100064054659813\/?__cft__[0]=AZUWSQjAKngynrxaaVXMFk7A2dFWtAXnWSRtGtuXFSKhluAo6dFTbcG6Ac7xPpkFx8iic55F_NhcDMGHBPUmHjYZl6GMuG0KvBGeBwEw11oBpXE_icuG0UcgKQyHHrJZkft3eq4SQaJicN7OxEeBFzzr&amp;__tn__=-]K-R\"><span class=\"xt0psk2\">Radio Pi\u00f9<\/span><\/a> E SEGUI TELEGRAM viabilita provincia di belluno&#8230; E NON AVRAI NESSUNA SORPRESA. Da giorni, radio, sito, social Vpb telegram, sono sulla notizia. Chi segue i nostri canali viaggia informato e senza sorprese.<\/div>\n<div dir=\"auto\"><\/div>\n<\/div>\n<div class=\"x11i5rnm xat24cr x1mh8g0r x1vvkbs xtlvy1s x126k92a\">\n<div dir=\"auto\">Su radio piu&#8217;&#8230; ogni giorno 6 notiziari dedicati alla viabilit\u00e0, sul sito sezione speciale VIABILITA&#8217; aggiornata in tempo reale.<span style=\"color: #0000ff;\"><strong> NOTIZIE IMMEDIATE<\/strong><\/span> in tempo reale e anticipate per tempo grazie alla splendida collaborazione con Veneto Strade che prosegue da decenni.<\/div>\n<div dir=\"auto\">(foto Veneto Strade)<\/div>\n<div dir=\"auto\"><\/div>\n<div dir=\"auto\"><\/div>\n<div dir=\"auto\"><\/div>\n<div dir=\"auto\"><\/div>\n<div dir=\"auto\"><\/div>\n<div dir=\"auto\">\n<blockquote>\n<h3><a class=\"dt-pswp-item\" href=\"https:\/\/www.radiopiu.net\/wordpress\/wp-content\/uploads\/2023\/07\/378f61d0-01d0-4eda-b7b6-77185c76ca82.jpg\" data-dt-img-description=\"\" data-large_image_width=\"679\" data-large_image_height=\"552\"><img loading=\"lazy\" decoding=\"async\" class=\" wp-image-345091 alignleft\" src=\"https:\/\/www.radiopiu.net\/wordpress\/wp-content\/uploads\/2023\/07\/378f61d0-01d0-4eda-b7b6-77185c76ca82-300x244.jpg\" alt=\"\" width=\"193\" height=\"157\" srcset=\"https:\/\/www.radiopiu.net\/wordpress\/wp-content\/uploads\/2023\/07\/378f61d0-01d0-4eda-b7b6-77185c76ca82-300x244.jpg 300w, https:\/\/www.radiopiu.net\/wordpress\/wp-content\/uploads\/2023\/07\/378f61d0-01d0-4eda-b7b6-77185c76ca82.jpg 679w\" sizes=\"auto, (max-width: 193px) 100vw, 193px\" \/><\/a>203 AGORDINA, CHIUSURE A FASCE ORARIE<\/h3>\n<\/blockquote>\n<p><strong>SEDICO<\/strong> lavori sulla SR 203 Agordina in localit\u00e0 La Pissa. Fino al 4 agosto, esclusi sabati e domeniche, la strada verr\u00e0 chiusa a fasce orarie: dalle 8 alle 9:35, dalle 9:50 alle 11:10, Dalle 11:25 alle 12:20 e dalle 14:25 alle 15:55.<\/p>\n<\/div>\n<p>&nbsp;<\/p>\n<p><strong><span id=\"page3R_mcid6\" class=\"markedContent\"><span dir=\"ltr\" role=\"presentation\">chius<\/span><span dir=\"ltr\" role=\"presentation\">ura<\/span> <span dir=\"ltr\" role=\"presentation\">al transito della <\/span><\/span><span id=\"page3R_mcid8\" class=\"markedContent\"><span dir=\"ltr\" role=\"presentation\">&#8211;<\/span> <span dir=\"ltr\" role=\"presentation\">S.P. 33 \u201c<\/span><span dir=\"ltr\" role=\"presentation\">di Sauris\u201d<\/span> <span dir=\"ltr\" role=\"presentation\">dal km 0+000<\/span> <span dir=\"ltr\" role=\"presentation\">(loc.<\/span> <span dir=\"ltr\" role=\"presentation\">innesto S<\/span><span dir=\"ltr\" role=\"presentation\">.<\/span><span dir=\"ltr\" role=\"presentation\">P<\/span><span dir=\"ltr\" role=\"presentation\">.<\/span> <span dir=\"ltr\" role=\"presentation\">619 Casera Razzo<\/span><span dir=\"ltr\" role=\"presentation\">)<\/span> <span dir=\"ltr\" role=\"presentation\">al km 6+800<\/span> <span dir=\"ltr\" role=\"presentation\">(loc. confine <\/span><span dir=\"ltr\" role=\"presentation\">con<\/span> <span dir=\"ltr\" role=\"presentation\">Provincia<\/span> <span dir=\"ltr\" role=\"presentation\">di Udine)<\/span><span dir=\"ltr\" role=\"presentation\">.\u00a0<\/span><\/span><\/strong><\/p>\n<div dir=\"auto\"><\/div>\n<div dir=\"auto\">\n<blockquote class=\"wp-embedded-content\" data-secret=\"Cq1LmgCB3i\"><p><a href=\"https:\/\/www.radiopiu.net\/wordpress\/viabilita\/\">viabilita<\/a><\/p><\/blockquote>\n<p><iframe loading=\"lazy\" class=\"wp-embedded-content\" sandbox=\"allow-scripts\" security=\"restricted\" style=\"position: absolute; clip: rect(1px, 1px, 1px, 1px);\" title=\"&#8220;viabilita&#8221; &#8212; Radio Pi\u00f9\" src=\"https:\/\/www.radiopiu.net\/wordpress\/viabilita\/embed\/#?secret=EThNdTGvJj#?secret=Cq1LmgCB3i\" data-secret=\"Cq1LmgCB3i\" width=\"600\" height=\"338\" frameborder=\"0\" marginwidth=\"0\" marginheight=\"0\" scrolling=\"no\"><\/iframe><\/p>\n<\/div>\n<\/div>\n<p>&nbsp;<\/p>\n<p>&nbsp;<\/p>\n<p>&nbsp;<\/p>\n<hr \/>\n<p>&nbsp;<\/p>\n<blockquote>\n<h3>IN DUE FRAZIONI L&#8217;ACQUA NECESSITA DI BOLLITURA<\/h3>\n<\/blockquote>\n<p><strong><img loading=\"lazy\" decoding=\"async\" class=\"alignleft\" src=\"https:\/\/www.radiopiu.net\/wordpress\/wp-content\/uploads\/2018\/08\/ACQUA.jpeg\" width=\"138\" height=\"83\" \/>SAN TOMASO AGORDINO<\/strong> nelle localit\u00e0 RONCH E CANACEDE l&#8217;acqua erogata dall&#8217;acquedotto non \u00e8 potabile e pu\u00f2 essere usata per scopi alimentari SOLO PREVIA bollitura. GSP ha, comunque, gi\u00e0 adottato le necessarie misure per la disinfezione dell&#8217;acqua presente nei serbatoi e nella rete idrica con l&#8217;aggiunta di cloro.<\/p>\n<p>&nbsp;<\/p>\n<blockquote>\n<h3>BLACK OUT IDRICO IN VALBELLUNA<\/h3>\n<\/blockquote>\n<p><strong>BELLUNO<\/strong>\u00a0 Rubinetti a secco dalle 20 alle 6 di gioved\u00ec nelle localit\u00e0 Anconetta, Castoi, Cavessago, Ceresera, Col Cavalier, Col Tisson, Cor, Pittanzella e nelle vie Delle Valli, Mandon e Sanfor, per lavori del Bim Gsp.<\/p>\n<p>&nbsp;<\/p>\n<hr \/>\n<p>&nbsp;<\/p>\n<p>&nbsp;<\/p>\n<div class=\"page-title-head hgroup\">\n<blockquote>\n<h3 class=\"entry-title\">SENZA TREGUA, UN\u2019ALTRA ONDATA DI MALTEMPO ED E\u2019 ALLARME ARANCIONE, feltrina chiusa e riaperta nella notte<\/h3>\n<\/blockquote>\n<\/div>\n<blockquote><p><em>La Protezione civile regionale indica un&#8217;allerta arancione per rovesci e temporali sparsi su tutto il territorio provinciale. Non si esclude l&#8217;innesco di colate e frane\u00a0<\/em><\/p><\/blockquote>\n<p><a class=\"dt-pswp-item\" href=\"https:\/\/www.radiopiu.net\/wordpress\/wp-content\/uploads\/2023\/07\/Senza-nome-69.png\" data-dt-img-description=\"\" data-large_image_width=\"537\" data-large_image_height=\"305\"><img loading=\"lazy\" decoding=\"async\" class=\"size-medium wp-image-345705 alignleft\" src=\"https:\/\/www.radiopiu.net\/wordpress\/wp-content\/uploads\/2023\/07\/Senza-nome-69-300x170.png\" alt=\"\" width=\"300\" height=\"170\" srcset=\"https:\/\/www.radiopiu.net\/wordpress\/wp-content\/uploads\/2023\/07\/Senza-nome-69-300x170.png 300w, https:\/\/www.radiopiu.net\/wordpress\/wp-content\/uploads\/2023\/07\/Senza-nome-69.png 537w\" sizes=\"auto, (max-width: 300px) 100vw, 300px\" \/><\/a><strong>REDAZIONE<\/strong> Il maltempo ha colpito nuovamente la provincia di Belluno, <a class=\"dt-pswp-item\" href=\"https:\/\/www.radiopiu.net\/wordpress\/wp-content\/uploads\/2023\/07\/4f6dc366-0a26-452c-9c5f-5f47d3a2966d.jpg\" data-dt-img-description=\"\" data-large_image_width=\"576\" data-large_image_height=\"1280\"><img loading=\"lazy\" decoding=\"async\" class=\"size-medium wp-image-345725 alignright\" src=\"https:\/\/www.radiopiu.net\/wordpress\/wp-content\/uploads\/2023\/07\/4f6dc366-0a26-452c-9c5f-5f47d3a2966d-135x300.jpg\" alt=\"\" width=\"135\" height=\"300\" srcset=\"https:\/\/www.radiopiu.net\/wordpress\/wp-content\/uploads\/2023\/07\/4f6dc366-0a26-452c-9c5f-5f47d3a2966d-135x300.jpg 135w, https:\/\/www.radiopiu.net\/wordpress\/wp-content\/uploads\/2023\/07\/4f6dc366-0a26-452c-9c5f-5f47d3a2966d-461x1024.jpg 461w, https:\/\/www.radiopiu.net\/wordpress\/wp-content\/uploads\/2023\/07\/4f6dc366-0a26-452c-9c5f-5f47d3a2966d.jpg 576w\" sizes=\"auto, (max-width: 135px) 100vw, 135px\" \/><\/a>causando diversi danni. Tra le principali calamit\u00e0 naturali registrate, una frana si \u00e8 verificata tra le frazioni di Sanzan di Feltre e Santa Maria di Quero, bloccando completamente la strada.<\/p>\n<p>Inoltre, un incendio \u00e8 stato provocato da un fulmine caduto sulla copertura di un&#8217;abitazione a Limana. Fortunatamente, al momento dell&#8217;incendio, la casa era vuota e non ci sono state persone ferite. In serata, il maltempo si \u00e8 intensificato in tutta la provincia, soprattutto nella zona di Valbelluna, con un forte vento e piogge impetuose accompagnate anche da grandine, ma fortunatamente i chicchi\u00a0 sono stati di dimensioni ridotte e non hanno causato danni significativi. Numerosi alberi sono caduti sulle strade e sui cavi elettrici, lasciando alcune aree senza energia elettrica. Alcune case sono state scoperchiate nella zona di Valbelluna, ma non sono stati segnalati danni alle persone. Le squadre dei pompieri sono state impegnate per molte ore a rispondere alle chiamate di soccorso dei cittadini e a ripristinare la viabilit\u00e0 colpita dalla frana. La Protezione Civile regionale ha emesso un&#8217;allerta arancione per rovesci e temporali sparsi su tutto il territorio provinciale, con la possibilit\u00e0 di colate e frane.<\/p>\n<p><strong>foto a destra\u00a0 stamane alle 6.45 PASSO SAN PELLEGRINO, sotto\u00a0 L&#8217;IMMEDIATO INTERVENTO DI VENETO STRADE POCHI MINUTI DOPO<br \/>\n<a class=\"dt-pswp-item\" href=\"https:\/\/www.radiopiu.net\/wordpress\/wp-content\/uploads\/2023\/07\/48f126c1-4c9c-4f89-8313-671a967de3ed-1.jpg\" data-dt-img-description=\"\" data-large_image_width=\"1280\" data-large_image_height=\"576\"><img loading=\"lazy\" decoding=\"async\" class=\"size-medium wp-image-345738 aligncenter\" src=\"https:\/\/www.radiopiu.net\/wordpress\/wp-content\/uploads\/2023\/07\/48f126c1-4c9c-4f89-8313-671a967de3ed-1-300x135.jpg\" alt=\"\" width=\"300\" height=\"135\" srcset=\"https:\/\/www.radiopiu.net\/wordpress\/wp-content\/uploads\/2023\/07\/48f126c1-4c9c-4f89-8313-671a967de3ed-1-300x135.jpg 300w, https:\/\/www.radiopiu.net\/wordpress\/wp-content\/uploads\/2023\/07\/48f126c1-4c9c-4f89-8313-671a967de3ed-1-1024x461.jpg 1024w, https:\/\/www.radiopiu.net\/wordpress\/wp-content\/uploads\/2023\/07\/48f126c1-4c9c-4f89-8313-671a967de3ed-1-768x346.jpg 768w, https:\/\/www.radiopiu.net\/wordpress\/wp-content\/uploads\/2023\/07\/48f126c1-4c9c-4f89-8313-671a967de3ed-1.jpg 1280w\" sizes=\"auto, (max-width: 300px) 100vw, 300px\" \/><\/a><br \/>\n<\/strong><\/p>\n<blockquote><p>&nbsp;<\/p><\/blockquote>\n<p><strong>IERI SERA A UDINE E AZZANO DECIMO DI PORDENONE\u00a0<\/strong><\/p>\n\n\t\t\t<style type='text\/css'>\n\t\t\t\t#gallery-1 {\n\t\t\t\t\tmargin: auto;\n\t\t\t\t}\n\t\t\t\t#gallery-1 .gallery-item {\n\t\t\t\t\tfloat: left;\n\t\t\t\t\tmargin-top: 10px;\n\t\t\t\t\ttext-align: center;\n\t\t\t\t\twidth: 33%;\n\t\t\t\t}\n\t\t\t\t#gallery-1 img {\n\t\t\t\t\tborder: 2px solid #cfcfcf;\n\t\t\t\t}\n\t\t\t\t#gallery-1 .gallery-caption {\n\t\t\t\t\tmargin-left: 0;\n\t\t\t\t}\n\t\t\t\t\/* see gallery_shortcode() in wp-includes\/media.php *\/\n\t\t\t<\/style>\n\t\t<div id='gallery-1' class='dt-gallery-container gallery galleryid-345498 gallery-columns-3 gallery-size-thumbnail'><dl class='gallery-item'>\n\t\t\t\t<dt class='gallery-icon portrait'>\n\t\t\t\t\t<a class=\"rollover rollover-zoom dt-pswp-item\" title=\"d5613155-8b41-4763-a97c-854ddde5bfd3\" data-dt-img-description=\"\" data-large_image_width=\"719\" data-large_image_height=\"1280\"href='https:\/\/www.radiopiu.net\/wordpress\/wp-content\/uploads\/2023\/07\/d5613155-8b41-4763-a97c-854ddde5bfd3.jpg'><img loading=\"lazy\" decoding=\"async\" width=\"150\" height=\"150\" src=\"https:\/\/www.radiopiu.net\/wordpress\/wp-content\/uploads\/2023\/07\/d5613155-8b41-4763-a97c-854ddde5bfd3-150x150.jpg\" class=\"attachment-thumbnail size-thumbnail\" alt=\"\" \/><\/a>\n\t\t\t\t<\/dt><\/dl><dl class='gallery-item'>\n\t\t\t\t<dt class='gallery-icon portrait'>\n\t\t\t\t\t<a class=\"rollover rollover-zoom dt-pswp-item\" title=\"11220b86-02a4-4ef1-bad5-db5ebf875d42\" data-dt-img-description=\"\" data-large_image_width=\"960\" data-large_image_height=\"1280\"href='https:\/\/www.radiopiu.net\/wordpress\/wp-content\/uploads\/2023\/07\/11220b86-02a4-4ef1-bad5-db5ebf875d42.jpg'><img loading=\"lazy\" decoding=\"async\" width=\"150\" height=\"150\" src=\"https:\/\/www.radiopiu.net\/wordpress\/wp-content\/uploads\/2023\/07\/11220b86-02a4-4ef1-bad5-db5ebf875d42-150x150.jpg\" class=\"attachment-thumbnail size-thumbnail\" alt=\"\" \/><\/a>\n\t\t\t\t<\/dt><\/dl><dl class='gallery-item'>\n\t\t\t\t<dt class='gallery-icon portrait'>\n\t\t\t\t\t<a class=\"rollover rollover-zoom dt-pswp-item\" title=\"c2a941ce-61a1-4fbe-a986-77d719b18d7f\" data-dt-img-description=\"\" data-large_image_width=\"720\" data-large_image_height=\"1280\"href='https:\/\/www.radiopiu.net\/wordpress\/wp-content\/uploads\/2023\/07\/c2a941ce-61a1-4fbe-a986-77d719b18d7f.jpg'><img loading=\"lazy\" decoding=\"async\" width=\"150\" height=\"150\" src=\"https:\/\/www.radiopiu.net\/wordpress\/wp-content\/uploads\/2023\/07\/c2a941ce-61a1-4fbe-a986-77d719b18d7f-150x150.jpg\" class=\"attachment-thumbnail size-thumbnail\" alt=\"\" \/><\/a>\n\t\t\t\t<\/dt><\/dl><br style=\"clear: both\" \/>\n\t\t\t<\/div>\n\n<p><strong>(FOTO ViabilitaProvinciaBelluno telegram)<\/strong><\/p>\n<p>&nbsp;<\/p>\n<hr \/>\n<p>&nbsp;<\/p>\n<blockquote>\n<h3>MALTEMPO, NUOVA ONDATA NELLA NOTTE. ZAIA: \u201cPERSONE FERITE, DANNI INGENTI.<\/h3>\n<\/blockquote>\n<p>&nbsp;<\/p>\n<p style=\"text-align: left;\" align=\"CENTER\"><span style=\"color: #002060;\"><span style=\"font-family: Segoe Condensed, serif;\"><span style=\"font-size: x-large;\"><b><em>AGGIORNATO LO STATO DI EMERGENZA, <\/em><\/b><\/span><\/span><\/span><em><span style=\"color: #002060;\"><span style=\"font-family: Segoe Condensed, serif;\"><span style=\"font-size: x-large;\"><span lang=\"de-DE\"><b>CHIEDIAMO INDENNIZZI PER I VENETI<\/b><\/span><\/span><\/span><\/span><span style=\"color: #002060;\"><span style=\"font-family: Segoe Condensed, serif;\"><span style=\"font-size: x-large;\"><b>\u201d <\/b><\/span><\/span><\/span><\/em><\/p>\n<p align=\"JUSTIFY\"><span style=\"color: #000000;\"><img loading=\"lazy\" decoding=\"async\" class=\"alignleft\" src=\"https:\/\/www.radiopiu.net\/wordpress\/wp-content\/uploads\/2023\/07\/d22f2bcd-7187-4aa5-8f9d-8d1b463106fb.jpg\" width=\"467\" height=\"233\" \/>\u201c<span style=\"font-family: Helvetica Neue, serif;\"><span style=\"font-size: small;\"><span style=\"font-family: Arial, serif;\"><span style=\"font-size: medium;\">Il Veneto \u00e8 stato colpito duro, per l\u2019ennesima volta in pochi giorni. Questa notte, a pi\u00f9 riprese, una serie di tempeste si sono scatenate sulla nostra Regione. Non si tratta certo di manifestazioni ordinarie del maltempo. Nel veronese abbiamo diversi feriti: un paziente in codice rosso (un ragazzo di 16 anni colpito da un ramo a Zimella), 7 in codice giallo, 27 in codice verde soccorsi dal SUEM, a cui vanno a sommarsi alcuni accesi autonomi presso i Pronto Soccorso. La grandine ha distrutto tetti, automobili, impianti industriali e artigiani. In campagna ha azzerato coltivazioni, vigneti, frutteti e serre. Le linee ferroviarie sono ora interrotte lungo la tratta fra Brescia e Padova: la mole di persone da trasportare \u00e8 elevatissima, secondo le ferrovie non sar\u00e0 possibile compensare con servizi bus per tutti i passeggeri. Il Veneto questa notte e nelle prime ore della mattina \u00e8 stato \u2018bombardato\u2019. Non si dica che si tratta di fenomeni estivi, da mettere in conto: ho numerose testimonianze di pezzi di ghiaccio grandi come mele, pesanti oltre 150g, con una potenza distruttiva estrema. Siamo di fronte, per violenza e frequenza del maltempo, a qualcosa di fuori dal comune. Questa per la nostra terra \u00e8 stata ancora una notte di passione.\u201d<\/span><\/span><\/span><\/span><\/span><\/p>\n<p align=\"JUSTIFY\"><span style=\"color: #000000;\"><span style=\"font-family: Helvetica Neue, serif;\"><span style=\"font-size: small;\"><span style=\"font-family: Arial, serif;\"><span style=\"font-size: medium;\">Sono le parole del Presidente della Regione Veneto, Luca Zaia, commentando i violenti episodi di maltempo registrati in ampie zone del Veneto questa notte e nella prima mattina, colpendo in particolare il trevigiano ed il veronese. <\/span><\/span><\/span><\/span><\/span><\/p>\n<p align=\"JUSTIFY\"><span style=\"color: #000000;\">\u201c<span style=\"font-family: Helvetica Neue, serif;\"><span style=\"font-size: small;\"><span style=\"font-family: Arial, serif;\"><span style=\"font-size: medium;\">Devo ringraziare nuovamente la Protezione Civile, i Vigili del Fuoco e tutti coloro che sono impegnati nell\u2019emergenza. Dalle prime luci dell\u2019alba sono in corso i censimenti dei danni: serve capire esattamente i perimetri delle zone colpite, che mi aspetto essere estese. I rilievi verranno aggiunti ai report gi\u00e0 inviati, nei giorni scorsi, al Governo. Lo Stato di Emergenza Regionale sar\u00e0 aggiornato nelle prossime ore alla luce delle nuove perturbazioni. Servono ristori economici per i territori del Veneto colpiti: \u00e8 quello che chiederemo allo Stato\u201d, termina il Presidente.<\/span><\/span><\/span><\/span><\/span><\/p>\n<p>&nbsp;<\/p>\n<p>&nbsp;<\/p>\n<hr \/>\n<p>&nbsp;<\/p>\n<blockquote>\n<h3 lang=\"x-unicode\">CONTINUA IL MALTEMPO IN VENETO. ALLERTA ARANCIONE PER FORTI TEMPORALI<\/h3>\n<\/blockquote>\n<p><strong>VENEZIA<\/strong> Il Centro Funzionale Decentrato della Protezione Civile della Regione del Veneto ha emesso un nuovo avviso che prevede per rischio idrogeologico per temporali il codice arancione su tutta la Regione. L\u2019avviso vale fino alla mezzanotte di domani. Le previsioni meteorologiche indicano che sono probabili rovesci e temporali sulle zone montane e pedemontane e in successiva estensione anche ad alcune zone della pianura, associati a probabili fenomeni di forte intensit\u00e0 (forti rovesci, locali grandinate, forti raffiche di vento). Oggi, sono previste varie fasi di instabilit\u00e0 con rovesci e temporali sparsi o a tratti diffusi. Saranno probabili fenomeni intensi e localmente persistenti, associati a forti rovesci, locali grandinate, forti raffiche di vento. In tutti i bacini del Veneto \u00e8 prevista la criticit\u00e0 idrogeologica per temporali di colore arancione (fase preallarme)<\/p>\n<p><a class=\"dt-pswp-item\" href=\"https:\/\/www.radiopiu.net\/wordpress\/wp-content\/uploads\/2023\/07\/ATRTART.png\" data-dt-img-description=\"\" data-large_image_width=\"757\" data-large_image_height=\"214\"><img loading=\"lazy\" decoding=\"async\" class=\"aligncenter wp-image-345632 size-full\" src=\"https:\/\/www.radiopiu.net\/wordpress\/wp-content\/uploads\/2023\/07\/ATRTART.png\" alt=\"\" width=\"757\" height=\"214\" srcset=\"https:\/\/www.radiopiu.net\/wordpress\/wp-content\/uploads\/2023\/07\/ATRTART.png 757w, https:\/\/www.radiopiu.net\/wordpress\/wp-content\/uploads\/2023\/07\/ATRTART-300x85.png 300w, https:\/\/www.radiopiu.net\/wordpress\/wp-content\/uploads\/2023\/07\/ATRTART-350x100.png 350w\" sizes=\"auto, (max-width: 757px) 100vw, 757px\" \/><\/a><\/p>\n<p>&nbsp;<\/p>\n<p>&nbsp;<\/p>\n<p>&nbsp;<\/p>\n<hr \/>\n<p>&nbsp;<\/p>\n<blockquote>\n<h3>RECUPERATI DUE ALPINISTI FRANCESI SULLA MARMOLADA<\/h3>\n<\/blockquote>\n<p><strong>ROCCA<\/strong> <strong>PIETORE<\/strong> \u00c8 stato un intervento impegnativo, ostacolato dal forte vento, quello portato a termine in Marmolada ieri in aiuto di due alpinisti in difficolt\u00e0. Alle 8 la Centrale operativa era stata allertata da due rocciatori francesi di 60 e 58 anni, bloccati sotto Punta Rocca, 3.309 metri di altitudine. I due scalatori ieri mattina, dopo aver scartato la via Tempi moderni, primo loro obiettivo, poich\u00e9 bagnata, avevano optato per la combinazione di vie Vinatzer &#8211; Messner. Arrivati sulla Messner avevano per\u00f2 sbagliato traccia ed erano stati costretti a fermarsi. I due si erano quindi attrezzati per passare la notte in parete, riuscendo poi ad alzarsi ancora di un tiro rispetto al bivacco. Questa mattina per\u00f2, infreddoliti, con la linea di salita bagnata e fuori via, avevano chiesto aiuto, dicendo di trovarsi a circa 100 metri dall&#8217;uscita. Sia Falco 1, che Falco 2, dopo aver imbarcato un tecnico del Soccorso alpino della Val Pettorina, avevano quindi tentato di avvicinarsi alla parete, ma le fortissime raffiche di vento lo avevano impedito. Si sono quindi preparate le squadre a piedi &#8211; Soccorso alpino di Val Pettorina, Alleghe, Val Biois e Guardia di finanza di Cortina &#8211; che sono salite in funivia per poi proseguire in cresta a piedi per una mezz&#8217;ora. Fortunatamente l&#8217;elicottero dell&#8217;Air service center, convenzionato con il Soccorso alpino Dolomiti Bellunesi, \u00e8 riuscito salendo da nord a portare a monte l&#8217;attrezzatura pesante per le operazioni e ha potuto dall&#8217;alto individuare dove si trovavano i due &#8211; in realt\u00e0 solo una cinquantina di metri pi\u00f9 in basso &#8211; e dare indicazioni ai soccorritori, 19 in tutto, sulla verticale precisa in cui porsi. Attrezzata la calata, un tecnico \u00e8 sceso un tiro di corda, ha agganciato gli scalatori e tutti e tre sono stati issati in vetta dai soccorritori rimasti a monte. Rientrati a piedi alla stazione della funivia, soccorritori e alpinisti sono infine scesi a valle.<\/p>\n\n\t\t\t<style type='text\/css'>\n\t\t\t\t#gallery-2 {\n\t\t\t\t\tmargin: auto;\n\t\t\t\t}\n\t\t\t\t#gallery-2 .gallery-item {\n\t\t\t\t\tfloat: left;\n\t\t\t\t\tmargin-top: 10px;\n\t\t\t\t\ttext-align: center;\n\t\t\t\t\twidth: 33%;\n\t\t\t\t}\n\t\t\t\t#gallery-2 img {\n\t\t\t\t\tborder: 2px solid #cfcfcf;\n\t\t\t\t}\n\t\t\t\t#gallery-2 .gallery-caption {\n\t\t\t\t\tmargin-left: 0;\n\t\t\t\t}\n\t\t\t\t\/* see gallery_shortcode() in wp-includes\/media.php *\/\n\t\t\t<\/style>\n\t\t<div id='gallery-2' class='dt-gallery-container gallery galleryid-345498 gallery-columns-3 gallery-size-thumbnail'><dl class='gallery-item'>\n\t\t\t\t<dt class='gallery-icon portrait'>\n\t\t\t\t\t<a class=\"rollover rollover-zoom dt-pswp-item\" title=\"Watermark_20230724_161711_223\" data-dt-img-description=\"\" data-large_image_width=\"1773\" data-large_image_height=\"2364\"href='https:\/\/www.radiopiu.net\/wordpress\/wp-content\/uploads\/2023\/07\/Watermark_20230724_161711_223.jpg'><img loading=\"lazy\" decoding=\"async\" width=\"150\" height=\"150\" src=\"https:\/\/www.radiopiu.net\/wordpress\/wp-content\/uploads\/2023\/07\/Watermark_20230724_161711_223-150x150.jpg\" class=\"attachment-thumbnail size-thumbnail\" alt=\"\" \/><\/a>\n\t\t\t\t<\/dt><\/dl><dl class='gallery-item'>\n\t\t\t\t<dt class='gallery-icon landscape'>\n\t\t\t\t\t<a class=\"rollover rollover-zoom dt-pswp-item\" title=\"Watermark_20230724_161617_456\" data-dt-img-description=\"\" data-large_image_width=\"2364\" data-large_image_height=\"1773\"href='https:\/\/www.radiopiu.net\/wordpress\/wp-content\/uploads\/2023\/07\/Watermark_20230724_161617_456.jpg'><img loading=\"lazy\" decoding=\"async\" width=\"150\" height=\"150\" src=\"https:\/\/www.radiopiu.net\/wordpress\/wp-content\/uploads\/2023\/07\/Watermark_20230724_161617_456-150x150.jpg\" class=\"attachment-thumbnail size-thumbnail\" alt=\"\" \/><\/a>\n\t\t\t\t<\/dt><\/dl><dl class='gallery-item'>\n\t\t\t\t<dt class='gallery-icon portrait'>\n\t\t\t\t\t<a class=\"rollover rollover-zoom dt-pswp-item\" title=\"Watermark_20230724_161659_626\" data-dt-img-description=\"\" data-large_image_width=\"1773\" data-large_image_height=\"2364\"href='https:\/\/www.radiopiu.net\/wordpress\/wp-content\/uploads\/2023\/07\/Watermark_20230724_161659_626.jpg'><img loading=\"lazy\" decoding=\"async\" width=\"150\" height=\"150\" src=\"https:\/\/www.radiopiu.net\/wordpress\/wp-content\/uploads\/2023\/07\/Watermark_20230724_161659_626-150x150.jpg\" class=\"attachment-thumbnail size-thumbnail\" alt=\"\" \/><\/a>\n\t\t\t\t<\/dt><\/dl><br style=\"clear: both\" \/>\n\t\t\t<\/div>\n\n<p>&nbsp;<\/p>\n<hr \/>\n<div class=\"page-title-head hgroup\">\n<blockquote>\n<h3 class=\"entry-title\"><\/h3>\n<h3 class=\"entry-title\">INCIDENTI IN MONTAGNA, ZAIA \u201cTROPPI\u201d E PARTE L\u2019APPELLO ALLA PRUDENZA<\/h3>\n<\/blockquote>\n<\/div>\n<div class=\"page-title-breadcrumbs\">\n<blockquote><p><em>\u00a0Il 20% degli interventi \u00e8 dovuto a incapacit\u00e0. L\u20198% causato dalla perdita d\u2019orientamentoo. Le cadute sono il\u00a0 25% degli interventi e i malori l\u201911%. Il 53% delle <img loading=\"lazy\" decoding=\"async\" class=\"alignleft\" src=\"https:\/\/www.radiopiu.net\/wordpress\/wp-content\/uploads\/2018\/09\/ZAIA-IN-MARMOLADA.jpeg\" width=\"189\" height=\"142\" \/>persone soccorse sono escursionisti, con minor esperienza di montagna. Il 14% dei recuperati dal Soccorso Alpino \u00e8 invece impegnato nelle ferrate.<\/em><\/p><\/blockquote>\n<p><strong>REDAZIONE<\/strong> Tra le righe si potrebbe leggere &#8220;datevi una regolata&#8221;, diplomaticamente il Presidente della Regione Luca Zaia dice<em> &#8220;Rivolgo a tutti i frequentatori della montagna in questo scorcio di luglio e in agosto un accorato appello alla prudenza perch\u00e9 la vacanza possa trascorrere in totale serenit\u00e0\u201d.<\/em> Appello doveroso anche nel rispetto dei soccorritori che non hanno mai esitato nel mettere a rischio anche la loro vita. Dal primo di maggio il Soccorso Alpino del Veneto ha soccorso 283 persone,\u00a0 16 vittime e 50 feriti gravi. <em>&#8220;Ma colpisce anche il dato dei 130 illesi &#8211; \u00e8 l&#8217;affondo di Zaia &#8211;\u00a0 che hanno richiesto l\u2019intervento del Soccorso Alpino, spesso con l\u2019elicottero del Suem. \u00c8 una chiara indicazione che non sempre le attivit\u00e0 in montagna vengono pianificate con la dovuta attenzione e prudenza. Serve rispetto e preparazione per approcciarsi alle cime, anche per non dover impegnare i soccorritori in missioni che hanno sempre una componente di rischio\u201d<\/em><\/p>\n<p>&nbsp;<\/p>\n<\/div>\n<p>&nbsp;<\/p>\n<p>&nbsp;<\/p>\n<hr \/>\n<p>&nbsp;<\/p>\n<blockquote>\n<h3>INCIDENTI SULLE DOLOMITI, L&#8217;ECO ARRIVA FINO A TERAMO IN ABRUZZO<\/h3>\n<\/blockquote>\n<p><strong>REDAZIONE<\/strong> Pubblichiamo la lettera di\u00a0 Paolo De Luca,\u00a0 lettore da Pietracamela, piccolo borgo situato sul versante orientale del Gran Sasso d&#8217;Italia &#8211;\u00a0 provincia di Teramo in Abruzzo. Paolo ci scrive dopo aver letto i precedenti articoli sui soccorsi in montagna. Interessanti spunti quelli di De Luca, anche con riferimento alla necessit\u00e0 di un&#8217;assicurazione.<\/p>\n<p>In realt\u00e0 quello che succede da qualche anno con Dolomti Emergency, pagando la quota associativa infatti si ha diritto anche\u00a0 al \u201cRIMBORSO SPESE PER SOCCORSO E TRASPORTO\u201d copre i costi per la ricerca di persone disperse, il soccorso, il recupero ed il trasporto effettuati con qualsiasi mezzo, compreso l\u2019utilizzo dell\u2019elicottero, avvenuti nei territorio dell\u2019Europa Geografica&#8230; Molto spesso l&#8217;assicurato si sente in diretto di chiamare l&#8217;eli\u00a0 taxy&#8230; anche per una semplice stanchezza o distorsione della caviglia.<\/p>\n<p><strong>LA LETTERA<\/strong><\/p>\n<p class=\"default-style\"><a class=\"dt-pswp-item\" href=\"https:\/\/www.radiopiu.net\/wordpress\/wp-content\/uploads\/2023\/07\/F.-Guido-date-a-Paolo-De-Luca-29-Mag.-15-58-scaled.jpg\" data-dt-img-description=\"\" data-large_image_width=\"2560\" data-large_image_height=\"1920\"><img loading=\"lazy\" decoding=\"async\" class=\"size-medium wp-image-345697 alignleft\" src=\"https:\/\/www.radiopiu.net\/wordpress\/wp-content\/uploads\/2023\/07\/F.-Guido-date-a-Paolo-De-Luca-29-Mag.-15-58-300x225.jpg\" alt=\"\" width=\"300\" height=\"225\" srcset=\"https:\/\/www.radiopiu.net\/wordpress\/wp-content\/uploads\/2023\/07\/F.-Guido-date-a-Paolo-De-Luca-29-Mag.-15-58-300x225.jpg 300w, https:\/\/www.radiopiu.net\/wordpress\/wp-content\/uploads\/2023\/07\/F.-Guido-date-a-Paolo-De-Luca-29-Mag.-15-58-1024x768.jpg 1024w, https:\/\/www.radiopiu.net\/wordpress\/wp-content\/uploads\/2023\/07\/F.-Guido-date-a-Paolo-De-Luca-29-Mag.-15-58-768x576.jpg 768w, https:\/\/www.radiopiu.net\/wordpress\/wp-content\/uploads\/2023\/07\/F.-Guido-date-a-Paolo-De-Luca-29-Mag.-15-58-1536x1152.jpg 1536w, https:\/\/www.radiopiu.net\/wordpress\/wp-content\/uploads\/2023\/07\/F.-Guido-date-a-Paolo-De-Luca-29-Mag.-15-58-2048x1536.jpg 2048w\" sizes=\"auto, (max-width: 300px) 100vw, 300px\" \/><\/a>Personalmente sono convinto che gli appelli alla prudenza non vengono rispettati da chi frequenta la montagna in qualsiasi periodo dell&#8217;anno. A mio avviso si deve creare un deterrente per scoraggiare chi si avventura in quota senza la necessaria preparazione fisica tecnica e mentale con l&#8217;obiettivo di salvare giovani vite umane.\u00a0 Da pi\u00f9 fronti si invoca una legge in grado di arginare l&#8217;impennata degli incidenti in montagna. Attualmente, infatti, non esiste una normativa con regole specifiche per la sicurezza dell&#8217;alpinista, dell&#8217;escursionista, dello scialpinista, del ciaspolatore, del cercatore di funghi e pi\u00f9 precisamente per chi pratica\u00a0 sport di avventura.\u00a0 A mio avviso, si potrebbe modificare il decreto legislativo n. 40 del 28 febbraio 2021 in materia di sicurezza nelle discipline sportive invernali estendendolo anche all&#8217;alpinismo, all&#8217;escursionismo, allo scialpinismo al torrentismo. Cos\u00ec come nell&#8217;attuale decreto legislativo si stabiliscono precise regole sulle piste da sci, anche nel caso di escursioni e arrampicate in montagna \u00e8 necessario fissare regole pi\u00f9 stringenti. Una soluzione potrebbe essere quella di stipulare una polizza assicurativa per le attivit\u00e0 sportive: credo ci siano formule che coprono escursioni impegnative, discese fuori dalle piste battute e probabilmente anche salite su vie ferrate ( sicuramente non arrampicate di alto livello ). Nella maggior parte dei Paesi europei \u00e8 prevista un&#8217;assicurazione per questo genere di attivit\u00e0: con circa 50 euro l&#8217;anno si \u00e8 coperti in caso di infortunio. Un valido deterrente sarebbe quello di far pagare per intero al cittadino imprudente in emergenza le costose operazioni di salvataggio in montagna, comprese quelle effettuate sulle piste da sci, perch\u00e9 la comunit\u00e0 non pu\u00f2 e non deve pi\u00f9 farsi carico delle leggerezze degli irresponsabili. <img loading=\"lazy\" decoding=\"async\" class=\"alignright\" src=\"https:\/\/www.radiopiu.net\/wordpress\/wp-content\/uploads\/2023\/07\/F-Guido-a-Paolo-De-Luca8-Dic.-13-7-Poster-scaled.jpg\" width=\"216\" height=\"162\" \/>Per riflettere, basti pensare che un minuto di volo di un elicottero medicalizzato del servizio di emergenza 118\u00a0 pu\u00f2 arrivare a costare 300 euro; cifre inferiori ma di tutto rispetto, per le operazioni di soccorso con elicottero pubblico non medicalizzato o a piedi. In Austria, Francia, Svizzera e Slovenia, che dal confine Italiano distano pochi chilometri in linea d&#8217;aria, il costo del soccorso in montagna \u00e8 a totale carico del cittadino in emergenza. Cos\u00ec facendo si cerca di responsabilizzare coloro che decidono di avventurarsi in montagna senza una preliminare valutazione del percorso e delle proprie capacit\u00e0. E&#8217; solo in questo modo che gli incidenti in montagna potranno diminuire e tante giovani vite umane potranno essere risparmiate; il tutto accompagnato, ovviamente, da un risparmio di soldi pubblici che potrebbero essere investiti nell&#8217;acquisto di nuove apparecchiature elettromedicali da destinare agli ospedali italiani. Non nascondo una particolare sensibilit\u00e0 a questi temi: in parte legata alla mia esperienza come Maestro di Sci e Accompagnatore di media Montagna; in parte, o forse soprattutto, legata al fatto che a mio padre fu negata l&#8217;eliambulanza del 118 per il suo trasferimento da un ospedale ad un altro e non gli furono somministrati farmaci perch\u00e9 l&#8217;ospedale, dove era ricoverato, ne era privo.<\/p>\n<p>Paolo De Luca<\/p>\n<p>&nbsp;<\/p>\n<hr \/>\n<p>&nbsp;<\/p>\n<blockquote>\n<h3>CONTATORE IN FIAMME, EVACUATE SEI FAMIGLIE<\/h3>\n<\/blockquote>\n<p><strong>BELLUNO<\/strong> Fiamme\u00a0 sul contatore e sei famiglie fuori casa ma solo temporaneamente, il tempo per rimettere in sicurezza gli ambienti eliminando i fumi della combustione. Emergenza ieri mattina a Fiammoi dove i residenti hanno segnalato ai pompieri fumo e fiamme. Interessato dall&#8217;incendio il quadro elettrico. Nessun intossicato. Spento l&#8217;incendio, ripristinato il contatore le famiglie hanno potuto rientrare in casa<\/p>\n<p>&nbsp;<\/p>\n<p>&nbsp;<\/p>\n<hr \/>\n<p>&nbsp;<\/p>\n<blockquote>\n<h3>LUXOTTICA E POLIZIA SIGLANO L&#8217;ACCORDO PER IL CONTRASTO AI CRIMINI INFORMATICI<\/h3>\n<\/blockquote>\n<p>Ne da notizia il sito internet www.redhotcyber.com.<\/p>\n<p><img loading=\"lazy\" decoding=\"async\" class=\"alignleft\" src=\"https:\/\/www.radiopiu.net\/wordpress\/wp-content\/uploads\/2023\/07\/image-179-17-768x461-1.jpg\" width=\"280\" height=\"168\" \/>Roma e Agordo (BL), 24 Luglio 2023. \u00c8 stato siglato ieri ad Agordo (BL) l\u2019accordo tra la Polizia di Stato e Luxottica, parte del Gruppo EssilorLuxottica, per la tutela delle reti e dei sistemi informativi di supporto alle funzioni essenziali della Societ\u00e0. Il Protocollo d\u2019intesa \u00e8 stato firmato dal Primo Dirigente della Polizia di Stato Dott. Ivano Gabrielli e dall\u2019Ing. Giorgio Striano, rispettivamente Direttore del Servizio Polizia Postale e delle Comunicazioni e Chief Operating Officer di EssilorLuxottica.<\/p>\n<p>L\u2019accordo si pone l\u2019obiettivo di creare un\u2019importante sinergia tra il Servizio Polizia Postale e Luxottica volta alla prevenzione e repressione dei crimini informatici ed ispirata al principio di sicurezza partecipata. Intento comune \u00e8 quello di assegnare le risorse del Sistema Paese in maniera efficiente, contribuendo cos\u00ec al contenimento dei costi operativi derivanti da interruzioni dei servizi erogati attraverso sistemi informatici e di telecomunicazioni a vantaggio dell\u2019intera collettivit\u00e0, grazie al costante potenziamento delle capacit\u00e0 di incident response.<\/p>\n<p><span style=\"color: #0000ff;\"><strong><a style=\"color: #0000ff;\" href=\"https:\/\/www.redhotcyber.com\/post\/polizia-di-stato-e-luxottica-siglano-un-accordo-per-la-prevenzione-e-il-contrasto-dei-crimini-informatici\/?utm_content=cmp-true\">notizia originale clicca qui\u00a0\u00a0<\/a><\/strong><\/span><\/p>\n<div class=\"elementor-element elementor-element-48161522 elementor-widget elementor-widget-heading\" data-id=\"48161522\" data-element_type=\"widget\" data-widget_type=\"heading.default\">\n<div class=\"elementor-widget-container\">\n<p class=\"elementor-heading-title elementor-size-large\">Red Hot Cyber Sicurezza informatica, cybercrime, hack news, e altro ancora<\/p>\n<\/div>\n<\/div>\n<p>&nbsp;<\/p>\n<p>&nbsp;<\/p>\n<hr \/>\n<p>&nbsp;<\/p>\n<blockquote>\n<h3>NUOVO LOOK PER IL CENTRO DI AGORDO CON LA NUOVA ILLUMINAZIONE<\/h3>\n<\/blockquote>\n<p><strong><a class=\"dt-pswp-item\" href=\"https:\/\/www.radiopiu.net\/wordpress\/wp-content\/uploads\/2022\/12\/MUNICIPIO-AGORDO.png\" data-dt-img-description=\"\" data-large_image_width=\"1890\" data-large_image_height=\"1210\"><img loading=\"lazy\" decoding=\"async\" class=\" wp-image-309882 alignleft\" src=\"https:\/\/www.radiopiu.net\/wordpress\/wp-content\/uploads\/2022\/12\/MUNICIPIO-AGORDO-300x192.png\" alt=\"\" width=\"170\" height=\"109\" srcset=\"https:\/\/www.radiopiu.net\/wordpress\/wp-content\/uploads\/2022\/12\/MUNICIPIO-AGORDO-300x192.png 300w, https:\/\/www.radiopiu.net\/wordpress\/wp-content\/uploads\/2022\/12\/MUNICIPIO-AGORDO-1024x656.png 1024w, https:\/\/www.radiopiu.net\/wordpress\/wp-content\/uploads\/2022\/12\/MUNICIPIO-AGORDO-768x492.png 768w, https:\/\/www.radiopiu.net\/wordpress\/wp-content\/uploads\/2022\/12\/MUNICIPIO-AGORDO-1536x983.png 1536w, https:\/\/www.radiopiu.net\/wordpress\/wp-content\/uploads\/2022\/12\/MUNICIPIO-AGORDO.png 1890w\" sizes=\"auto, (max-width: 170px) 100vw, 170px\" \/><\/a>AGORDO<\/strong><\/p>\n<p>di Gianni Santomaso<\/p>\n<audio class=\"wp-audio-shortcode\" id=\"audio-345498-1\" preload=\"none\" style=\"width: 100%;\" controls=\"controls\"><source type=\"audio\/mpeg\" src=\"https:\/\/www.radiopiu.net\/wordpress\/wp-content\/uploads\/2023\/07\/GIANNI-NUOVO-LOOK-PER-IL-CENTRO-DI-AGORDO-CON-LA-NUOVA-ILLUMINAZIONE.mp3?_=1\" \/><a href=\"https:\/\/www.radiopiu.net\/wordpress\/wp-content\/uploads\/2023\/07\/GIANNI-NUOVO-LOOK-PER-IL-CENTRO-DI-AGORDO-CON-LA-NUOVA-ILLUMINAZIONE.mp3\">https:\/\/www.radiopiu.net\/wordpress\/wp-content\/uploads\/2023\/07\/GIANNI-NUOVO-LOOK-PER-IL-CENTRO-DI-AGORDO-CON-LA-NUOVA-ILLUMINAZIONE.mp3<\/a><\/audio>\n<p>&nbsp;<\/p>\n<p>&nbsp;<\/p>\n<hr \/>\n<blockquote>\n<h3 class=\"moz-text-html\" lang=\"x-unicode\">POSTE, RITARDI NELLA CONSEGNA LA PAROLA AL SINDACALISTA DELLA CISAL<\/h3>\n<\/blockquote>\n<p><strong><a class=\"dt-pswp-item\" href=\"https:\/\/www.radiopiu.net\/wordpress\/wp-content\/uploads\/2023\/07\/53f20951-84db-4f2c-825d-51d7d33b9e61.jpg\" data-dt-img-description=\"\" data-large_image_width=\"338\" data-large_image_height=\"738\"><img loading=\"lazy\" decoding=\"async\" class=\" wp-image-345607 alignleft\" src=\"https:\/\/www.radiopiu.net\/wordpress\/wp-content\/uploads\/2023\/07\/53f20951-84db-4f2c-825d-51d7d33b9e61-137x300.jpg\" alt=\"\" width=\"102\" height=\"223\" srcset=\"https:\/\/www.radiopiu.net\/wordpress\/wp-content\/uploads\/2023\/07\/53f20951-84db-4f2c-825d-51d7d33b9e61-137x300.jpg 137w, https:\/\/www.radiopiu.net\/wordpress\/wp-content\/uploads\/2023\/07\/53f20951-84db-4f2c-825d-51d7d33b9e61.jpg 338w\" sizes=\"auto, (max-width: 102px) 100vw, 102px\" \/><\/a>AGORDO <\/strong>\u00a0 Situazione &#8220;scandalosa&#8221; e se lo dice un addetto ai lavori e s&#8217;alza il coro di protesta dei &#8220;postini&#8221; la situazione \u00e8 davvero preoccupante. In tutta la provincia certo, ma soprattutto nell&#8217;Agordino dove pacchi, raccomandate, atti giudiziari, sono tutti fermi in &#8220;magazzino&#8221; in attesa che il personale (quale personale?) lo porti a destinazione. Intanto le telefonate sono continue, c&#8217;\u00e8 chi attende documenti importanti e non se li vede recapitare. L&#8217;allarme lanciato da Adriano Musolino, segretario provinciale Failp Cisal,\u00a0 \u00a0conferma che\u00a0 la\u00a0 cospicua giacenza di raccomandate \u00e8 causata\u00a0 dalla mancanza di personale. Le colpe dei ritardi non sono certo dei postini, anzi sono loro i primi a preoccuparsi per la marea di documenti in giacenza, perch\u00e9 sono loro che suonano il campanello e ci mettono la faccia.<\/p>\n<p>l&#8217;intervista di Mirko Mezzacasa<\/p>\n<p><strong>AI MICROFONI DI RADIO PIU&#8217; Adriano Musolino (foto), segretario provinciale Failp Cisal eletto Rsu dai lavori provinciali di Poste Italiane lancia l\u2019allarme<\/strong><\/p>\n<audio class=\"wp-audio-shortcode\" id=\"audio-345498-2\" preload=\"none\" style=\"width: 100%;\" controls=\"controls\"><source type=\"audio\/mpeg\" src=\"https:\/\/www.radiopiu.net\/wordpress\/wp-content\/uploads\/2023\/07\/MUSOLINO.mp3?_=2\" \/><a href=\"https:\/\/www.radiopiu.net\/wordpress\/wp-content\/uploads\/2023\/07\/MUSOLINO.mp3\">https:\/\/www.radiopiu.net\/wordpress\/wp-content\/uploads\/2023\/07\/MUSOLINO.mp3<\/a><\/audio>\n<p>&nbsp;<\/p>\n<hr \/>\n<blockquote>\n<h3><\/h3>\n<h3>PARTECIPAZIONE AL LAVORO, INCONTRI DELLA CISL CON I SINDACI<\/h3>\n<\/blockquote>\n<p><strong><a class=\"dt-pswp-item\" href=\"https:\/\/www.radiopiu.net\/wordpress\/wp-content\/uploads\/2023\/07\/incontro-Feltre.jpeg\" data-dt-img-description=\"\" data-large_image_width=\"1600\" data-large_image_height=\"1200\"><img loading=\"lazy\" decoding=\"async\" class=\" wp-image-345667 alignleft\" src=\"https:\/\/www.radiopiu.net\/wordpress\/wp-content\/uploads\/2023\/07\/incontro-Feltre-300x225.jpeg\" alt=\"\" width=\"171\" height=\"128\" srcset=\"https:\/\/www.radiopiu.net\/wordpress\/wp-content\/uploads\/2023\/07\/incontro-Feltre-300x225.jpeg 300w, https:\/\/www.radiopiu.net\/wordpress\/wp-content\/uploads\/2023\/07\/incontro-Feltre-1024x768.jpeg 1024w, https:\/\/www.radiopiu.net\/wordpress\/wp-content\/uploads\/2023\/07\/incontro-Feltre-768x576.jpeg 768w, https:\/\/www.radiopiu.net\/wordpress\/wp-content\/uploads\/2023\/07\/incontro-Feltre-1536x1152.jpeg 1536w, https:\/\/www.radiopiu.net\/wordpress\/wp-content\/uploads\/2023\/07\/incontro-Feltre.jpeg 1600w\" sizes=\"auto, (max-width: 171px) 100vw, 171px\" \/><\/a>BELLUNO<\/strong> <span style=\"color: #000000; font-family: Helvetica;\">Entra nel vivo anche nelle province di Treviso e di Belluno la campagna di raccolta firme a sostegno della \u201cPartecipazione al lavoro\u201d, proposta di legge di iniziativa popolare promossa dalla Cisl che disciplina in ogni dettaglio la partecipazione attiva dei lavoratori alla gestione delle imprese. La Cisl territoriale ha avviato un ciclo di incontri con i primi cittadini per illustrare la proposta. Il primo incontro per la provincia di Belluno ieri a Feltre<b>.<em>\u201c <\/em><\/b><em>Al nostro Paese &#8211; spiega il segretario generale della Cisl Belluno Treviso Massimiliano Paglini &#8211; serve una nuova stagione dei diritti e della giustizia sociale che pu\u00f2 trovare nel compimento dell\u2019applicazione dell\u2019art. 46 della Magna Carta la strada maestra per cambiare il modello di sviluppo e renderlo sostenibile e distributivo&#8221;. <\/em><\/span><em>\u00a0<\/em><\/p>\n<h3><em>\u00a0\u00a0<\/em><\/h3>\n<hr \/>\n<p>&nbsp;<\/p>\n<blockquote>\n<h3>NASCE IL CONSIGLIO GIOVANILE A BELLUNO<\/h3>\n<\/blockquote>\n<p><strong><a class=\"dt-pswp-item\" href=\"https:\/\/www.radiopiu.net\/wordpress\/wp-content\/uploads\/2023\/07\/e018a768-74d7-4834-bfde-148816557a6c.jpg\" data-dt-img-description=\"\" data-large_image_width=\"320\" data-large_image_height=\"180\"><img loading=\"lazy\" decoding=\"async\" class=\" wp-image-345659 alignleft\" src=\"https:\/\/www.radiopiu.net\/wordpress\/wp-content\/uploads\/2023\/07\/e018a768-74d7-4834-bfde-148816557a6c-300x169.jpg\" alt=\"\" width=\"185\" height=\"104\" srcset=\"https:\/\/www.radiopiu.net\/wordpress\/wp-content\/uploads\/2023\/07\/e018a768-74d7-4834-bfde-148816557a6c-300x169.jpg 300w, https:\/\/www.radiopiu.net\/wordpress\/wp-content\/uploads\/2023\/07\/e018a768-74d7-4834-bfde-148816557a6c.jpg 320w\" sizes=\"auto, (max-width: 185px) 100vw, 185px\" \/><\/a>BELLUNO<\/strong> Si \u00e8 costituito a Belluno il Consiglio giovanile, una realt\u00e0 che vuole proporsi come strumento di proposta e di dialogo tra il mondo dei ragazzi e l&#8217;amministrazione comunale.<\/p>\n<p><strong>di Daniele Dalvit<\/strong><\/p>\n<audio class=\"wp-audio-shortcode\" id=\"audio-345498-3\" preload=\"none\" style=\"width: 100%;\" controls=\"controls\"><source type=\"audio\/mpeg\" src=\"https:\/\/www.radiopiu.net\/wordpress\/wp-content\/uploads\/2023\/07\/Radio-Piu-Servizio-Consiglio-giovani-Belluno.mp3?_=3\" \/><a href=\"https:\/\/www.radiopiu.net\/wordpress\/wp-content\/uploads\/2023\/07\/Radio-Piu-Servizio-Consiglio-giovani-Belluno.mp3\">https:\/\/www.radiopiu.net\/wordpress\/wp-content\/uploads\/2023\/07\/Radio-Piu-Servizio-Consiglio-giovani-Belluno.mp3<\/a><\/audio>\n<p>&nbsp;<\/p>\n<hr \/>\n<p>&nbsp;<\/p>\n<blockquote>\n<h2><strong>TURISMO. CANER, \u201cI TURISTI SONO SODDISFATTI <a class=\"dt-pswp-item\" href=\"https:\/\/www.radiopiu.net\/wordpress\/wp-content\/uploads\/2021\/03\/FEDERICO-CANER.jpg\" data-dt-img-description=\"\" data-large_image_width=\"1490\" data-large_image_height=\"1122\"><img loading=\"lazy\" decoding=\"async\" class=\"wp-image-195491 alignleft\" src=\"https:\/\/www.radiopiu.net\/wordpress\/wp-content\/uploads\/2021\/03\/FEDERICO-CANER-300x226.jpg\" alt=\"\" width=\"168\" height=\"126\" srcset=\"https:\/\/www.radiopiu.net\/wordpress\/wp-content\/uploads\/2021\/03\/FEDERICO-CANER-300x226.jpg 300w, https:\/\/www.radiopiu.net\/wordpress\/wp-content\/uploads\/2021\/03\/FEDERICO-CANER-1024x771.jpg 1024w, https:\/\/www.radiopiu.net\/wordpress\/wp-content\/uploads\/2021\/03\/FEDERICO-CANER-768x578.jpg 768w, https:\/\/www.radiopiu.net\/wordpress\/wp-content\/uploads\/2021\/03\/FEDERICO-CANER.jpg 1490w\" sizes=\"auto, (max-width: 168px) 100vw, 168px\" \/><\/a>DELLE DESTINAZIONI VENETE\u201d<\/strong><\/h2>\n<\/blockquote>\n<p><em>\u00a0<\/em><strong>VENEZIA<\/strong> <em>\u201cCon i dati qualitativi messi a disposizione nella piattaforma dell\u2019Osservatorio del Turismo Regionale Veneto, frutto della collaborazione con The Data Appeal Company, sappiamo che nei primi mesi dell\u2019estate 2023 (inizio maggio-met\u00e0 luglio) le destinazioni venete godono di un\u2019ottima reputazione online. La valutazione dei turisti oscilla, infatti, tra l\u201985\/100 e l\u201988\/100\u201d. <\/em>Lo dice l\u2019assessore al Turismo della Regione del Veneto, Federico Caner, riferendosi ai dati che emergono dalle elaborazioni presenti nella sezione del Turismo Regionale,\u00a0 oltre al tasso di occupazione delle strutture ricettive in Veneto si ha un quadro sul grado di soddisfazione degli ospiti.<\/p>\n<p>&nbsp;<\/p>\n<hr \/>\n<p>&nbsp;<\/p>\n<blockquote>\n<h3>RILEVAZIONE DELLA QUALITA&#8217; DEI SERVIZI COMUNALI<\/h3>\n<\/blockquote>\n<p><strong><a class=\"dt-pswp-item\" href=\"https:\/\/www.radiopiu.net\/wordpress\/wp-content\/uploads\/2023\/04\/Municipio_di_Ponte_nelle_Alpi-1.jpg\" data-dt-img-description=\"\" data-large_image_width=\"1024\" data-large_image_height=\"768\"><img loading=\"lazy\" decoding=\"async\" class=\" wp-image-331602 alignleft\" src=\"https:\/\/www.radiopiu.net\/wordpress\/wp-content\/uploads\/2023\/04\/Municipio_di_Ponte_nelle_Alpi-1-300x225.jpg\" alt=\"\" width=\"151\" height=\"113\" srcset=\"https:\/\/www.radiopiu.net\/wordpress\/wp-content\/uploads\/2023\/04\/Municipio_di_Ponte_nelle_Alpi-1-300x225.jpg 300w, https:\/\/www.radiopiu.net\/wordpress\/wp-content\/uploads\/2023\/04\/Municipio_di_Ponte_nelle_Alpi-1-768x576.jpg 768w, https:\/\/www.radiopiu.net\/wordpress\/wp-content\/uploads\/2023\/04\/Municipio_di_Ponte_nelle_Alpi-1.jpg 1024w\" sizes=\"auto, (max-width: 151px) 100vw, 151px\" \/><\/a>PONTE NELLE ALPI <\/strong>Il Comune di Ponte nelle Alpi ha promosso una rilevazione della soddisfazione dei cittadini riguardo ai servizi comunali, con lo slogan &#8220;Diamo valore ai nostri concittadini con l&#8217;ascolto&#8221;. L&#8217;obiettivo \u00e8 rafforzare il dialogo e la fiducia dei cittadini, coinvolgendoli nel processo di valutazione della qualit\u00e0 dei servizi, utilizzando un approccio moderno e partecipativo. La consigliera comunale Sabrina Dassi\u00e8 ha sottolineato l&#8217;importanza di confrontare l&#8217;erogazione dei servizi con il grado di soddisfazione percepito dai cittadini, soprattutto alla luce delle trasformazioni digitali che coinvolgono le pubbliche amministrazioni. La rilevazione \u00e8 avviata dalla fine di giugno e proseguir\u00e0 fino al 31 dicembre 2023. I cittadini possono compilare i questionari in forma anonima, sia in modalit\u00e0 cartacea che digitale, tramite il sito istituzionale del Comune o utilizzando il QR code presente negli uffici comunali. La partecipazione della cittadinanza sar\u00e0 fondamentale per valutare gli esiti dei servizi e l&#8217;impegno del Comune nel raggiungimento dell&#8217;obiettivo di migliorare la qualit\u00e0 dei servizi offerti.<\/p>\n<p>&nbsp;<\/p>\n<p>&nbsp;<\/p>\n<hr \/>\n<p>&nbsp;<\/p>\n<blockquote>\n<h3>LAVORI NOTTURNI ALL&#8217;ACQUEDOTTO DI VISOME<\/h3>\n<\/blockquote>\n<p><strong><a class=\"dt-pswp-item\" href=\"https:\/\/www.radiopiu.net\/wordpress\/wp-content\/uploads\/2021\/06\/th-12.jpg\" data-dt-img-description=\"\" data-large_image_width=\"282\" data-large_image_height=\"188\"><img loading=\"lazy\" decoding=\"async\" class=\" wp-image-216172 alignleft\" src=\"https:\/\/www.radiopiu.net\/wordpress\/wp-content\/uploads\/2021\/06\/th-12.jpg\" alt=\"\" width=\"152\" height=\"101\" \/><\/a>BELLUNO <\/strong><span style=\"font-family: 'Arial',sans-serif; color: windowtext;\">Si svolger\u00e0 domani l\u2019intervento di Bim Gsp per la posa di nuove valvole di linea in localit\u00e0 Cavessago, lungo la dorsale idrica <\/span><span style=\"font-family: 'Arial',sans-serif;\">principale che serve l\u2019abitato di Visome.\u00a0 <\/span><span style=\"font-family: 'Arial',sans-serif;\">Il cantiere comporter\u00e0 la sospensione della fornitura idrica, dalle ore 20:00 di domani alle ore 06:00 del giorno successivo, nelle localit\u00e0 Anconetta, Castoi, Cavessago, Ceresera, Col Cavalier, Col Tisson, Cor, Pittanzella e nelle vie Delle Valli, Mandon e Sanfor.\u00a0 <\/span><span style=\"font-family: 'Arial',sans-serif;\">L\u2019intervento rientra in una progettualit\u00e0 molto pi\u00f9 ampia a cui sta lavorando la societ\u00e0 e che prevede la distrettualizzazione, vale a dire la creazione di piccoli distretti, della rete idrica bellunese. Distretti che, <\/span><span style=\"font-family: 'Arial',sans-serif; color: windowtext;\">in caso di future riparazioni o attivit\u00e0 localizzate<\/span><span style=\"font-family: 'Arial',sans-serif;\">, permetteranno di <\/span><span style=\"font-family: 'Arial',sans-serif; color: windowtext;\">circoscrivere al meglio il numero di utenze interessate da eventuale mancanza d\u2019acqua.\u00a0 <\/span><span style=\"font-family: 'Arial',sans-serif;\">I lavori si sposteranno, mercoled\u00ec 2 agosto, a Cet in Via delle Valli, dove \u00e8 programmata l\u2019installazione di ulteriori saracinesche e di <\/span><span style=\"font-family: 'Arial',sans-serif; color: windowtext;\">misuratori di portata e di pressione<\/span><span style=\"font-family: 'Arial',sans-serif;\">. Contestualmente, verranno sostituite anche alcune valvole ormai obsolete in via Tisson a Madeago e in altri punti dell\u2019acquedotto locale.<\/span><\/p>\n<p>&nbsp;<\/p>\n<p>&nbsp;<\/p>\n<hr \/>\n<p>&nbsp;<\/p>\n<blockquote>\n<h3>IN 15 MILA PER IL FAMILY DAY ESSILORLUXOTTICA DI AGORDO<\/h3>\n<\/blockquote>\n<p><strong>AGORDO <\/strong>EssilorLuxottica ha organizzato sabato scorso il Family Day, una giornata di festa dedicata ai dipendenti e alle loro famiglie presso lo storico stabilimento di Agordo. L&#8217;evento ha visto la partecipazione del Presidente e Amministratore Delegato, Francesco Milleri, il Presidente Onorario di Luxottica, Cavaliere Luigi Francavilla, il Chief Operating Officer Giorgio Striano e le principali figure del management dell\u2019azienda. Durante la giornata, sono stati organizzati tour guidati negli stabilimenti, ora pi\u00f9 moderni e sicuri, dove vengono realizzate le collezioni di occhiali indossati in tutto il mondo. L&#8217;azienda ha anche offerto centinaia di visite oculistiche gratuite grazie alla Fondazione OneSight Italia. L&#8217;area antistante il PalaLuxottica \u00e8 stata allestita come Luna Park con giochi e giostre per grandi e bambini. La giornata \u00e8 proseguita con uno spettacolo musicale dei DJ del programma radiofonico Deejay Time, Albertino, Fargetta, Prezioso e Molella, che hanno intrattenuto tutti con musica dance dagli anni &#8217;90 a oggi. Il Family Day di EssilorLuxottica \u00e8 stato anche un&#8217;occasione di solidariet\u00e0, con il cibo in eccedenza donato alle associazioni locali operanti sul territorio di Belluno. In questo modo, l&#8217;azienda ha voluto condividere la gioia dell&#8217;evento con l&#8217;intera comunit\u00e0.<\/p>\n<p><strong>IL VIDEO DELLA GIORNATA<\/strong><\/p>\n<div style=\"width: 1200px;\" class=\"wp-video\"><video class=\"wp-video-shortcode\" id=\"video-345498-1\" width=\"1200\" height=\"675\" preload=\"metadata\" controls=\"controls\"><source type=\"video\/mp4\" src=\"https:\/\/www.radiopiu.net\/wordpress\/wp-content\/uploads\/2023\/07\/LUXOTTICA_2min_NOloghi.mp4?_=1\" \/><a href=\"https:\/\/www.radiopiu.net\/wordpress\/wp-content\/uploads\/2023\/07\/LUXOTTICA_2min_NOloghi.mp4\">https:\/\/www.radiopiu.net\/wordpress\/wp-content\/uploads\/2023\/07\/LUXOTTICA_2min_NOloghi.mp4<\/a><\/video><\/div>\n<p>&nbsp;<\/p>\n<hr \/>\n<p>&nbsp;<\/p>\n<blockquote>\n<h3>UN NUOVO DEFIBRILLATORE PUBBLICO A SARASIN DI GOSALDO<\/h3>\n<\/blockquote>\n<p><strong>GOSALDO<\/strong><\/p>\n<p>di Gianni Santomaso<\/p>\n<audio class=\"wp-audio-shortcode\" id=\"audio-345498-4\" preload=\"none\" style=\"width: 100%;\" controls=\"controls\"><source type=\"audio\/mpeg\" src=\"https:\/\/www.radiopiu.net\/wordpress\/wp-content\/uploads\/2023\/07\/GIANNI-UN-NUOVO-DEFIBRILLATORE-PUBBLICO-A-SARESIN-DI-GOSALDO.mp3?_=4\" \/><a href=\"https:\/\/www.radiopiu.net\/wordpress\/wp-content\/uploads\/2023\/07\/GIANNI-UN-NUOVO-DEFIBRILLATORE-PUBBLICO-A-SARESIN-DI-GOSALDO.mp3\">https:\/\/www.radiopiu.net\/wordpress\/wp-content\/uploads\/2023\/07\/GIANNI-UN-NUOVO-DEFIBRILLATORE-PUBBLICO-A-SARESIN-DI-GOSALDO.mp3<\/a><\/audio>\n<p>&nbsp;<\/p>\n\n\t\t\t<style type='text\/css'>\n\t\t\t\t#gallery-3 {\n\t\t\t\t\tmargin: auto;\n\t\t\t\t}\n\t\t\t\t#gallery-3 .gallery-item {\n\t\t\t\t\tfloat: left;\n\t\t\t\t\tmargin-top: 10px;\n\t\t\t\t\ttext-align: center;\n\t\t\t\t\twidth: 33%;\n\t\t\t\t}\n\t\t\t\t#gallery-3 img {\n\t\t\t\t\tborder: 2px solid #cfcfcf;\n\t\t\t\t}\n\t\t\t\t#gallery-3 .gallery-caption {\n\t\t\t\t\tmargin-left: 0;\n\t\t\t\t}\n\t\t\t\t\/* see gallery_shortcode() in wp-includes\/media.php *\/\n\t\t\t<\/style>\n\t\t<div id='gallery-3' class='dt-gallery-container gallery galleryid-345498 gallery-columns-3 gallery-size-medium'><dl class='gallery-item'>\n\t\t\t\t<dt class='gallery-icon landscape'>\n\t\t\t\t\t<a class=\"rollover rollover-zoom dt-pswp-item\" title=\"9f7050ac-a35f-460e-a4a7-07c484f4409e\" data-dt-img-description=\"\" data-large_image_width=\"1600\" data-large_image_height=\"901\"href='https:\/\/www.radiopiu.net\/wordpress\/wp-content\/uploads\/2023\/07\/9f7050ac-a35f-460e-a4a7-07c484f4409e.jpg'><img loading=\"lazy\" decoding=\"async\" width=\"300\" height=\"169\" src=\"https:\/\/www.radiopiu.net\/wordpress\/wp-content\/uploads\/2023\/07\/9f7050ac-a35f-460e-a4a7-07c484f4409e-300x169.jpg\" class=\"attachment-medium size-medium\" alt=\"\" srcset=\"https:\/\/www.radiopiu.net\/wordpress\/wp-content\/uploads\/2023\/07\/9f7050ac-a35f-460e-a4a7-07c484f4409e-300x169.jpg 300w, https:\/\/www.radiopiu.net\/wordpress\/wp-content\/uploads\/2023\/07\/9f7050ac-a35f-460e-a4a7-07c484f4409e-1024x577.jpg 1024w, https:\/\/www.radiopiu.net\/wordpress\/wp-content\/uploads\/2023\/07\/9f7050ac-a35f-460e-a4a7-07c484f4409e-768x432.jpg 768w, https:\/\/www.radiopiu.net\/wordpress\/wp-content\/uploads\/2023\/07\/9f7050ac-a35f-460e-a4a7-07c484f4409e-1536x865.jpg 1536w, https:\/\/www.radiopiu.net\/wordpress\/wp-content\/uploads\/2023\/07\/9f7050ac-a35f-460e-a4a7-07c484f4409e.jpg 1600w\" sizes=\"auto, (max-width: 300px) 100vw, 300px\" \/><\/a>\n\t\t\t\t<\/dt><\/dl><dl class='gallery-item'>\n\t\t\t\t<dt class='gallery-icon landscape'>\n\t\t\t\t\t<a class=\"rollover rollover-zoom dt-pswp-item\" title=\"8b6e95fa-daa6-4368-8d03-c7513d18674d\" data-dt-img-description=\"\" data-large_image_width=\"1600\" data-large_image_height=\"901\"href='https:\/\/www.radiopiu.net\/wordpress\/wp-content\/uploads\/2023\/07\/8b6e95fa-daa6-4368-8d03-c7513d18674d.jpg'><img loading=\"lazy\" decoding=\"async\" width=\"300\" height=\"169\" src=\"https:\/\/www.radiopiu.net\/wordpress\/wp-content\/uploads\/2023\/07\/8b6e95fa-daa6-4368-8d03-c7513d18674d-300x169.jpg\" class=\"attachment-medium size-medium\" alt=\"\" srcset=\"https:\/\/www.radiopiu.net\/wordpress\/wp-content\/uploads\/2023\/07\/8b6e95fa-daa6-4368-8d03-c7513d18674d-300x169.jpg 300w, https:\/\/www.radiopiu.net\/wordpress\/wp-content\/uploads\/2023\/07\/8b6e95fa-daa6-4368-8d03-c7513d18674d-1024x577.jpg 1024w, https:\/\/www.radiopiu.net\/wordpress\/wp-content\/uploads\/2023\/07\/8b6e95fa-daa6-4368-8d03-c7513d18674d-768x432.jpg 768w, https:\/\/www.radiopiu.net\/wordpress\/wp-content\/uploads\/2023\/07\/8b6e95fa-daa6-4368-8d03-c7513d18674d-1536x865.jpg 1536w, https:\/\/www.radiopiu.net\/wordpress\/wp-content\/uploads\/2023\/07\/8b6e95fa-daa6-4368-8d03-c7513d18674d.jpg 1600w\" sizes=\"auto, (max-width: 300px) 100vw, 300px\" \/><\/a>\n\t\t\t\t<\/dt><\/dl><dl class='gallery-item'>\n\t\t\t\t<dt class='gallery-icon landscape'>\n\t\t\t\t\t<a class=\"rollover rollover-zoom dt-pswp-item\" title=\"c6346c0d-7891-4715-a270-83766a355261\" data-dt-img-description=\"\" data-large_image_width=\"1600\" data-large_image_height=\"901\"href='https:\/\/www.radiopiu.net\/wordpress\/wp-content\/uploads\/2023\/07\/c6346c0d-7891-4715-a270-83766a355261.jpg'><img loading=\"lazy\" decoding=\"async\" width=\"300\" height=\"169\" src=\"https:\/\/www.radiopiu.net\/wordpress\/wp-content\/uploads\/2023\/07\/c6346c0d-7891-4715-a270-83766a355261-300x169.jpg\" class=\"attachment-medium size-medium\" alt=\"\" srcset=\"https:\/\/www.radiopiu.net\/wordpress\/wp-content\/uploads\/2023\/07\/c6346c0d-7891-4715-a270-83766a355261-300x169.jpg 300w, https:\/\/www.radiopiu.net\/wordpress\/wp-content\/uploads\/2023\/07\/c6346c0d-7891-4715-a270-83766a355261-1024x577.jpg 1024w, https:\/\/www.radiopiu.net\/wordpress\/wp-content\/uploads\/2023\/07\/c6346c0d-7891-4715-a270-83766a355261-768x432.jpg 768w, https:\/\/www.radiopiu.net\/wordpress\/wp-content\/uploads\/2023\/07\/c6346c0d-7891-4715-a270-83766a355261-1536x865.jpg 1536w, https:\/\/www.radiopiu.net\/wordpress\/wp-content\/uploads\/2023\/07\/c6346c0d-7891-4715-a270-83766a355261.jpg 1600w\" sizes=\"auto, (max-width: 300px) 100vw, 300px\" \/><\/a>\n\t\t\t\t<\/dt><\/dl><br style=\"clear: both\" \/>\n\t\t\t<\/div>\n\n<p>&nbsp;<\/p>\n<hr \/>\n<p>&nbsp;<\/p>\n<blockquote>\n<h3>OGGI IL RICONOSCIMENTO DEI DEBITI FUORI BILANCIO<\/h3>\n<\/blockquote>\n<p><strong>ROCCA PIETORE<\/strong> Oggi alle 18.30 consiglio comunale, all&#8217;ordine del giorno il programma triennale delle opere pubbliche, variazioni al bilancio, riconoscimento debiti fuori bilancio, assestamento di bilancio, approvazione schema di concessione d&#8217;uso a titolo gratuito degli immobili destinati ad ecocentro all&#8217;unione montana;\u00a0 approvazione progetto ampliamento ecentro Le Pale. Approvazione bilancio Asca.<\/p>\n<p>&nbsp;<\/p>\n<blockquote>\n<h3>CONSIGLIO COMUNALE A SAN TOMASO<\/h3>\n<\/blockquote>\n<p><strong>di GIANNI SANTOMASO<\/strong><\/p>\n<audio class=\"wp-audio-shortcode\" id=\"audio-345498-5\" preload=\"none\" style=\"width: 100%;\" controls=\"controls\"><source type=\"audio\/mpeg\" src=\"https:\/\/www.radiopiu.net\/wordpress\/wp-content\/uploads\/2023\/07\/CONSIGLIO-SANTOMASO-ALLEGHE.mp3?_=5\" \/><a href=\"https:\/\/www.radiopiu.net\/wordpress\/wp-content\/uploads\/2023\/07\/CONSIGLIO-SANTOMASO-ALLEGHE.mp3\">https:\/\/www.radiopiu.net\/wordpress\/wp-content\/uploads\/2023\/07\/CONSIGLIO-SANTOMASO-ALLEGHE.mp3<\/a><\/audio>\n<p><strong>SAN TOMASO<\/strong> Il sindaco Moreno De Val ha chiamato a rapporto i consiglieri per domani alle 20 e saranno 4 i punti da discutere. Tra questi la salvaguardia degli equilibri di bilancio e la presa d&#8217;atto del Documento unico di Programmazione 2024-2026. Per il cosiglio di domani in aggiunta un punto all&#8217;ordine del giorno circa la variazione al bilancio di previsione, variazione urgente.<\/p>\n<blockquote>\n<h3><\/h3>\n<h3>VARIAZIONE A BILANCIO E DUP NEL CONSIGLIO DI ALLEGHE<\/h3>\n<\/blockquote>\n<p><strong>di GIANNI SANTOMASO\u00a0<\/strong><\/p>\n<audio class=\"wp-audio-shortcode\" id=\"audio-345498-6\" preload=\"none\" style=\"width: 100%;\" controls=\"controls\"><source type=\"audio\/mpeg\" src=\"https:\/\/www.radiopiu.net\/wordpress\/wp-content\/uploads\/2023\/07\/consigio-alleghe-gianni.mp3?_=6\" \/><a href=\"https:\/\/www.radiopiu.net\/wordpress\/wp-content\/uploads\/2023\/07\/consigio-alleghe-gianni.mp3\">https:\/\/www.radiopiu.net\/wordpress\/wp-content\/uploads\/2023\/07\/consigio-alleghe-gianni.mp3<\/a><\/audio>\n<p><strong>ALLEGHE <\/strong>Il sindaco di Alleghe Danilo De Toni ha convocato il consiglio comunale per gioved\u00ec alle 20. quattro punti da trattare tra cui una variazione a bilancio, la salvaguardia degli equilibri di bilancio e la presa d&#8217;atto del Documento unico di Programmazione 2024-2026<\/p>\n<p>&nbsp;<\/p>\n<blockquote>\n<h3>GIOVEDI A RIVAMONTE<\/h3>\n<\/blockquote>\n<p><strong>RIVAMONTE<\/strong> Il consiglio comunale \u00e8 convocato per giovedi alle 18.30. All&#8217;ordine del giorno un unico punto, circa la variazione di assestamento al bilancio<\/p>\n<p>&nbsp;<\/p>\n<p>&nbsp;<\/p>\n<blockquote>\n<h3>A COLLE SANTA LUCIA CONSIGLIO COMUNALE AL MATTINO<\/h3>\n<\/blockquote>\n<p><strong>COLLE SANTA LUCIA <\/strong>Sar\u00e0 un lungo consiglio comunale quello di Colle Santa Lucia in programma sabato prossimo. Il sindaco Paolo Frena ha convocato i consiglieri per trattare 9 punti. Tra questi una variazione a bilancio, lo scioglimento della convenzione associata con i comuni di Veggiano, Fonzaso, Facade e Vallada per la gestione associata dell&#8217;uffico di segreteria comunale e l&#8217;approvazione del passaggio con il comune di Cortina, la composizione della commissione edilizia e delle variazioni al programma triennale 2023-25.<\/p>\n<p>&nbsp;<\/p>\n<blockquote>\n<h3>IL CONSIGLIO DELL&#8217;UNIONE MONTANA AGORDINA<\/h3>\n<\/blockquote>\n<p><strong>AGORDO\u00a0<\/strong>Il presidente dell&#8217;Unione Montana Agordina Paolo Frena ha convocato il consiglio per luned\u00ec alle 20:30 in sala Don Tamis ad Agordo. Quattro punti da discutere tra cui il bilancio di previsione 2023-25 e l&#8217;approvazione dello schema di convenzione relativo al supporto nella stesura di negozi giuridici<\/p>\n<p>&nbsp;<\/p>\n<p>&nbsp;<\/p>\n<hr \/>\n<p>&nbsp;<\/p>\n<blockquote>\n<h3>DILLO A RADIO PIU . . . EPPURE UN TEMPO ERO FIERO DI ESSERE BELLUNESE<\/h3>\n<\/blockquote>\n<p><strong><img decoding=\"async\" class=\"alignleft\" src=\"https:\/\/www.radiopiu.net\/wordpress\/wp-content\/uploads\/2023\/07\/th-11.jpg\" \/>REDAZIONE<\/strong> Una vecchia filastrocca in dialetto, nella quale si elencavano le varie province venete e attigue con le loro peculiarit\u00e0, terminava mestamente con &#8220;..e Belun? Pore Belun te se proprio de nisun!&#8221; sottolineando come la nostra \u00a0provincia si trovi distante, non solo geograficamente, dal resto della Regione. Ma c&#8217;\u00e8 una buona notizia! Qualcuno ha deciso di prenderci sotto la sua ala e di portarci con se come &#8220;fioi de anima&#8221;! Purtroppo per noi, si tratta di genitori fin troppo amorevoli, terrorizzati dal fatto che possa accaderci qualcosa! Eh gi\u00e0, perch\u00e9 nel tempo la nostra bella provincia \u00e8 diventata campo fertile per burocrati intransigenti, colletti bianchi dalle decisioni ineluttabili, scribacchini in cerca di facile carriera. Siamo diventati il regno del divieto, la patria del &#8220;NO SE POL&#8221;. La mannaia si \u00e8 abbassata su manifestazioni, sagre, eventi. Ultimo, in ordine di tempo, il Dolomiti Rally. In pochi si sono salvati. E gli organizzatori sono allo stremo perch\u00e9 ogni norma deve essere messa in atto fino all&#8217;ultimo, estenuante cavillo. Tutto per poi magari vedersi distruggere il proprio lavoro dall&#8217;ennesimo occupante di scrivania, che in vita sua non ha mai organizzato nemmeno una grigliata, che con un colpo di penna cancella mesi di lavoro senza possibilit\u00e0 di appello. \u00c8 un amaro sfogo il mio, ma \u00e8 ci\u00f2 che vedo. E mi raccomando: continuiamo a lamentarci che la gente fugge dal territorio. Forse, anzi molto probabilmente, \u00e8 anche grazie a questa mentalit\u00e0 che molti cercano fortuna altrove. Ma a Belluno abbiamo la sicurezza: la sicurezza di annoiarci a morte.<\/p>\n<p>&nbsp;<\/p>\n<hr \/>\n<p>&nbsp;<\/p>\n<blockquote>\n<h3>DILLO A RADIO PIU&#8217;&#8230; DOLOMITIBUS CRITICATA DALL&#8217;EDICOLANTE<\/h3>\n<\/blockquote>\n<p style=\"text-align: left;\"><a class=\"dt-pswp-item\" href=\"https:\/\/www.radiopiu.net\/wordpress\/wp-content\/uploads\/2023\/07\/358856197_711681554101596_7357885386371513025_n.jpg\" data-dt-img-description=\"\" data-large_image_width=\"1200\" data-large_image_height=\"1600\"><img loading=\"lazy\" decoding=\"async\" class=\"size-medium wp-image-345593 alignleft\" src=\"https:\/\/www.radiopiu.net\/wordpress\/wp-content\/uploads\/2023\/07\/358856197_711681554101596_7357885386371513025_n-225x300.jpg\" alt=\"\" width=\"225\" height=\"300\" srcset=\"https:\/\/www.radiopiu.net\/wordpress\/wp-content\/uploads\/2023\/07\/358856197_711681554101596_7357885386371513025_n-225x300.jpg 225w, https:\/\/www.radiopiu.net\/wordpress\/wp-content\/uploads\/2023\/07\/358856197_711681554101596_7357885386371513025_n-768x1024.jpg 768w, https:\/\/www.radiopiu.net\/wordpress\/wp-content\/uploads\/2023\/07\/358856197_711681554101596_7357885386371513025_n-1152x1536.jpg 1152w, https:\/\/www.radiopiu.net\/wordpress\/wp-content\/uploads\/2023\/07\/358856197_711681554101596_7357885386371513025_n.jpg 1200w\" sizes=\"auto, (max-width: 225px) 100vw, 225px\" \/><\/a>Da Roberto, da Belluno, riceviamo e pubblichiamo una segnalazione<\/p>\n<p>&nbsp;<\/p>\n<p><strong>BELLUNO\u00a0<\/strong> La foto polemica di un cartello esposto in edicola in Piazza dei Martiri, l\u2019edicolante vuole sensibilizzare Dolomiti Bus a garantire un servizio degno in un paese civile, l\u2019edicolante\u00a0 non manca di contestualizzare come Dolomiti Bus non comunichi in tempo o affatto lo svolgersi di manifestazioni che richiedono la soppressione o la deviazione di una o alcune tratte del servizio urbano. In estate\u00a0 la linea urbana viene servita con cadenza oraria tra le incognite di corse saltate. Nel mentre sono aumentati i costi di biglietti e abbonamenti in un contesto di una qualit\u00e0\u00a0 discutibile (vedi le recenti e continue critiche degli studenti che frequentano non Luxottica, ma le scuole dell&#8217;Agordino.\u00a0 Da capire se in autunno con la ripresa delle scuole verr\u00e0 rifinanziato l\u2019abbonamento \u201c Unico Studenti\u201d o tutto sia destinato a ripercuotesti sulle famiglie gi\u00e0 in difficolt\u00e0 per l\u2019inflazione che ha contestualizzato aumenti a carattere generale in tutti i settori.<\/p>\n<p>&nbsp;<\/p>\n<hr \/>\n<p>&nbsp;<\/p>\n<p>&nbsp;<\/p>\n<blockquote><p><a class=\"dt-pswp-item\" href=\"https:\/\/www.radiopiu.net\/wordpress\/wp-content\/uploads\/2023\/07\/Senza-nome-67.png\" data-dt-img-description=\"\" data-large_image_width=\"826\" data-large_image_height=\"176\"><img loading=\"lazy\" decoding=\"async\" class=\"size-medium wp-image-345614 alignleft\" src=\"https:\/\/www.radiopiu.net\/wordpress\/wp-content\/uploads\/2023\/07\/Senza-nome-67-300x64.png\" alt=\"\" width=\"300\" height=\"64\" srcset=\"https:\/\/www.radiopiu.net\/wordpress\/wp-content\/uploads\/2023\/07\/Senza-nome-67-300x64.png 300w, https:\/\/www.radiopiu.net\/wordpress\/wp-content\/uploads\/2023\/07\/Senza-nome-67-768x164.png 768w, https:\/\/www.radiopiu.net\/wordpress\/wp-content\/uploads\/2023\/07\/Senza-nome-67.png 826w\" sizes=\"auto, (max-width: 300px) 100vw, 300px\" \/><\/a><\/p>\n<p><strong>DALLA ULSS1 BELLUNO:<\/strong> sabato 19 luglio e sabato 5 agosto al punto prelievi di Lamon l&#8217;attivit\u00e0 \u00e8 sospesa per consentire la realizzazione di alcuni lavori.<\/p>\n<p>Nelle giornate di veneri 28 luglio e venerdi 4 agosto, il punto prelievi sar\u00e0 aperto dalle 7 alle 10, \u00a0\u00e8 possibile accedere al punto prelievi di Lamon sia prenotando dal sito <a href=\"http:\/\/www.aulss1.veneto.it\/\">www.aulss1.veneto.it<\/a> sia senza prenotazione.<\/p><\/blockquote>\n<p>&nbsp;<\/p>\n<p>&nbsp;<\/p>\n<hr \/>\n<blockquote>\n<h3><strong>\u00a0<\/strong><\/h3>\n<h3><strong>Coppie che si separano, genitori che restano: incontro per la cittadinanza<\/strong><\/h3>\n<\/blockquote>\n<p><strong><a class=\"dt-pswp-item\" href=\"https:\/\/www.radiopiu.net\/wordpress\/wp-content\/uploads\/2023\/07\/Senza-nome-68.png\" data-dt-img-description=\"\" data-large_image_width=\"473\" data-large_image_height=\"311\"><img loading=\"lazy\" decoding=\"async\" class=\" wp-image-345615 alignleft\" src=\"https:\/\/www.radiopiu.net\/wordpress\/wp-content\/uploads\/2023\/07\/Senza-nome-68-300x197.png\" alt=\"\" width=\"260\" height=\"171\" srcset=\"https:\/\/www.radiopiu.net\/wordpress\/wp-content\/uploads\/2023\/07\/Senza-nome-68-300x197.png 300w, https:\/\/www.radiopiu.net\/wordpress\/wp-content\/uploads\/2023\/07\/Senza-nome-68.png 473w\" sizes=\"auto, (max-width: 260px) 100vw, 260px\" \/><\/a>BELLUNO<\/strong>\u00a0 L\u2019Ulss Dolomiti, con il Consultorio Familiare di Belluno, organizza un incontro dal titolo \u201cCoppie che si separano, genitori che restano\u201d che si terr\u00e0 gioved\u00ec 27 luglio 2023 dalle 17.30 alle 19.30 presso la Sala Cucchini dell\u2019Ospedale San Martino di Belluno. L\u2019incontro, tenuto da Manola Reato \u2013 psicoterapeuta del Consultorio Familare di Belluno, vuole promuovere uno spazio di riflessione e confronto sul tema della separazione portando l\u2019attenzione sulla riorganizzazione della vita familiare e della quotidianit\u00e0 dei figli, trovando strategie per affrontare le difficolt\u00e0 in modo rassicurante e costruttivo. \u00a0Per informazioni e iscrizioni \u00e8 possibile chiamare\u00a0 lo 0437 514975 oppure inviare una mail a <a href=\"mailto:consultoriofamiliare.bl@aulss1.veneto.it\">consultoriofamiliare.bl@aulss1.veneto.it<\/a><\/p>\n<p>&nbsp;<\/p>\n<p>&nbsp;<\/p>\n<hr \/>\n<p>&nbsp;<\/p>\n<blockquote>\n<h3><strong>PREMIO \u201cCAMBIAMENTI\u201d: OPPORTUNIT\u00c0 DI CRESCITA E SUPPORTO<\/strong><\/h3>\n<\/blockquote>\n<p><strong><a class=\"dt-pswp-item\" href=\"https:\/\/www.radiopiu.net\/wordpress\/wp-content\/uploads\/2022\/11\/th-4.jpg\" data-dt-img-description=\"\" data-large_image_width=\"474\" data-large_image_height=\"181\"><img loading=\"lazy\" decoding=\"async\" class=\"size-medium wp-image-304587 alignleft\" src=\"https:\/\/www.radiopiu.net\/wordpress\/wp-content\/uploads\/2022\/11\/th-4-300x115.jpg\" alt=\"\" width=\"300\" height=\"115\" srcset=\"https:\/\/www.radiopiu.net\/wordpress\/wp-content\/uploads\/2022\/11\/th-4-300x115.jpg 300w, https:\/\/www.radiopiu.net\/wordpress\/wp-content\/uploads\/2022\/11\/th-4.jpg 474w\" sizes=\"auto, (max-width: 300px) 100vw, 300px\" \/><\/a>BELLUNO<\/strong> Un\u2019opportunit\u00e0 per le imprese bellunesi nate dopo il 1\u00b0 gennaio 2019: si tratta di \u201cCambiamenti\u201d, premio assegnato al pensiero innovativo delle neo imprese italiane, indetto dalla CNA del Veneto e giunto alla settima edizione, che solo l\u2019anno scorso ha registrato le candidature di ben 1.080 imprese su territorio nazionale, di cui 10 venete. La spinta a partecipare arriva da Appia CNA Belluno che invita le realt\u00e0 bellunesi a cogliere la possibilit\u00e0 di mettere in pratica nuove idee e progettualit\u00e0 e trasformarle \u201cin impresa\u201d sulla scorta delle precedenti edizioni del premio<em>.\u00abObiettivo del premio \u00e8 far emergere e raccontare il coraggio dei nuovi imprenditori italiani \u2013 spiega Massimo Sposato, presidente Appia CNA Belluno \u2013 Innovazione e cambiamento costruttivo sono la ragion d\u2019essere di molte delle piccole-medie imprese bellunesi&#8221;. <\/em>Le candidature sono aperte su https:\/\/premiocambiamenti.it\/ fino al 15 settembre.<\/p>\n<p>&nbsp;<\/p>\n<hr \/>\n<p>&nbsp;<\/p>\n<blockquote>\n<h3>LA DEMOGRAFIA DELLE IMPRESE DELLA CAMERA DI COMMERCIO DI TREVISO-BELLUNO<\/h3>\n<\/blockquote>\n<p><strong><a class=\"dt-pswp-item\" href=\"https:\/\/www.radiopiu.net\/wordpress\/wp-content\/uploads\/2021\/10\/th-16.jpg\" data-dt-img-description=\"\" data-large_image_width=\"251\" data-large_image_height=\"184\"><img loading=\"lazy\" decoding=\"async\" class=\" wp-image-237607 alignleft\" src=\"https:\/\/www.radiopiu.net\/wordpress\/wp-content\/uploads\/2021\/10\/th-16.jpg\" alt=\"\" width=\"132\" height=\"97\" \/><\/a>BELLUNO <\/strong>I dati sulla demografia d&#8217;impresa del secondo trimestre mostrano un rallentamento della crescita nella provincia di Treviso, con +62 nuove sedi d&#8217;impresa rispetto alle +422 dell&#8217;anno scorso. A Belluno, invece, si registra una contrazione con -63 sedi d&#8217;impresa rispetto alle -47 dell&#8217;anno precedente. Le tendenze rilevate mostrano una contrapposizione tra la contrazione delle sedi d&#8217;impresa e l&#8217;aumento delle filiali dipendenti, soprattutto nel settore manifatturiero. Le attivit\u00e0 edili e i servizi alle imprese continuano a sostenere la demografia d&#8217;impresa nella Marca, ma il commercio al dettaglio mostra una perdita di -142 sedi a Treviso e -60 sedi a Belluno, mettendo in evidenza il problema della vivacit\u00e0 urbana. Il settore della ristorazione mostra una contrazione di -100 sedi d&#8217;impresa, con -78 a Treviso e -12 a Belluno. Altre tendenze includono la flessione delle attivit\u00e0 legate alla ristorazione, la diminuzione delle attivit\u00e0 legate al manifatturiero, l&#8217;aumento delle attivit\u00e0 professionali scientifiche e tecniche, e la crescita lieve nel comparto edile. Complessivamente, al 30 giugno 2023, ci sono 13.730 sedi d&#8217;impresa attive in provincia di Belluno e 4.596 unit\u00e0 locali dipendenti. Le imprese artigiane sono 4.617, con un aumento di +22 rispetto a marzo 2023, ma una diminuzione di -36 rispetto a giugno 2022.<\/p>\n<p>&nbsp;<\/p>\n<p>&nbsp;<\/p>\n<hr \/>\n<p>&nbsp;<\/p>\n<blockquote>\n<h3>LA FESTA DEGLI ALPINI IN VALLE DI SAN LUCANO<\/h3>\n<\/blockquote>\n<p><strong><a class=\"dt-pswp-item\" href=\"https:\/\/www.radiopiu.net\/wordpress\/wp-content\/uploads\/2023\/03\/ALPINI.png\" data-dt-img-description=\"\" data-large_image_width=\"245\" data-large_image_height=\"208\"><img loading=\"lazy\" decoding=\"async\" class=\" wp-image-326487 alignleft\" src=\"https:\/\/www.radiopiu.net\/wordpress\/wp-content\/uploads\/2023\/03\/ALPINI.png\" alt=\"\" width=\"133\" height=\"113\" \/><\/a>AGORDO<\/strong><\/p>\n<p>di Gianni Santomaso<\/p>\n<audio class=\"wp-audio-shortcode\" id=\"audio-345498-7\" preload=\"none\" style=\"width: 100%;\" controls=\"controls\"><source type=\"audio\/mpeg\" src=\"https:\/\/www.radiopiu.net\/wordpress\/wp-content\/uploads\/2023\/07\/GIANNI-LA-FESTA-DEGLI-ALPINI-IN-VALLE-DI-SAN-LUCANO.mp3?_=7\" \/><a href=\"https:\/\/www.radiopiu.net\/wordpress\/wp-content\/uploads\/2023\/07\/GIANNI-LA-FESTA-DEGLI-ALPINI-IN-VALLE-DI-SAN-LUCANO.mp3\">https:\/\/www.radiopiu.net\/wordpress\/wp-content\/uploads\/2023\/07\/GIANNI-LA-FESTA-DEGLI-ALPINI-IN-VALLE-DI-SAN-LUCANO.mp3<\/a><\/audio>\n<p>&nbsp;<\/p>\n<hr \/>\n<p>&nbsp;<\/p>\n<blockquote>\n<h3>SIGNORE DELLE CIME, IL CONCERTO PER DON STEFANO GORZEGNO<\/h3>\n<\/blockquote>\n<p><strong><a class=\"dt-pswp-item\" href=\"https:\/\/www.radiopiu.net\/wordpress\/wp-content\/uploads\/2023\/07\/343b71f2-682e-484c-b292-51ea68576c34.jpg\" data-dt-img-description=\"\" data-large_image_width=\"458\" data-large_image_height=\"676\"><img loading=\"lazy\" decoding=\"async\" class=\" wp-image-345691 alignleft\" src=\"https:\/\/www.radiopiu.net\/wordpress\/wp-content\/uploads\/2023\/07\/343b71f2-682e-484c-b292-51ea68576c34-203x300.jpg\" alt=\"\" width=\"118\" height=\"174\" srcset=\"https:\/\/www.radiopiu.net\/wordpress\/wp-content\/uploads\/2023\/07\/343b71f2-682e-484c-b292-51ea68576c34-203x300.jpg 203w, https:\/\/www.radiopiu.net\/wordpress\/wp-content\/uploads\/2023\/07\/343b71f2-682e-484c-b292-51ea68576c34.jpg 458w\" sizes=\"auto, (max-width: 118px) 100vw, 118px\" \/><\/a>VOLTAGO<\/strong><\/p>\n<p>di Gianni Santomaso<\/p>\n<audio class=\"wp-audio-shortcode\" id=\"audio-345498-8\" preload=\"none\" style=\"width: 100%;\" controls=\"controls\"><source type=\"audio\/mpeg\" src=\"https:\/\/www.radiopiu.net\/wordpress\/wp-content\/uploads\/2023\/07\/GIANNI-SIGNORE-DELLE-CIME-IL-CONCERTO-PER-DON-STEFANO-GORZEGNO.mp3?_=8\" \/><a href=\"https:\/\/www.radiopiu.net\/wordpress\/wp-content\/uploads\/2023\/07\/GIANNI-SIGNORE-DELLE-CIME-IL-CONCERTO-PER-DON-STEFANO-GORZEGNO.mp3\">https:\/\/www.radiopiu.net\/wordpress\/wp-content\/uploads\/2023\/07\/GIANNI-SIGNORE-DELLE-CIME-IL-CONCERTO-PER-DON-STEFANO-GORZEGNO.mp3<\/a><\/audio>\n<p>&nbsp;<\/p>\n<hr \/>\n<p>&nbsp;<\/p>\n<blockquote>\n<h3>IERI ALLA RADIO&#8230; SALUTE E SOCIETA&#8217; CON IL DOTTOR MARCO CARACCIOLO<\/h3>\n<\/blockquote>\n<p><a class=\"dt-pswp-item\" style=\"font-family: 'normal Arial', Helvetica, sans-serif; font-size: 14px;\" href=\"https:\/\/www.radiopiu.net\/wordpress\/wp-content\/uploads\/2023\/07\/b1617e15-5c26-a373-a70d-ba230f0be59a.jpg\" data-dt-img-description=\"Medical team do CPR cardiopulmonary resuscitation to seriously injured patient with oxygen mask while push gurney stretcher bed to operating Room\" data-large_image_width=\"1000\" data-large_image_height=\"667\"><img loading=\"lazy\" decoding=\"async\" class=\"size-medium wp-image-345570 alignleft\" src=\"https:\/\/www.radiopiu.net\/wordpress\/wp-content\/uploads\/2023\/07\/b1617e15-5c26-a373-a70d-ba230f0be59a-300x200.jpg\" alt=\"\" width=\"300\" height=\"200\" srcset=\"https:\/\/www.radiopiu.net\/wordpress\/wp-content\/uploads\/2023\/07\/b1617e15-5c26-a373-a70d-ba230f0be59a-300x200.jpg 300w, https:\/\/www.radiopiu.net\/wordpress\/wp-content\/uploads\/2023\/07\/b1617e15-5c26-a373-a70d-ba230f0be59a-768x512.jpg 768w, https:\/\/www.radiopiu.net\/wordpress\/wp-content\/uploads\/2023\/07\/b1617e15-5c26-a373-a70d-ba230f0be59a.jpg 1000w\" sizes=\"auto, (max-width: 300px) 100vw, 300px\" \/><\/a><\/p>\n<h3>Diabetici in pronto soccorso Le principali cause di accesso in pronto soccorso per diabete sono ipoglicemia, iperglicemia, chetoacidosi e piede diabetico. I dati emergono da una ricerca condotta dall\u2019istituto di ricerca Bhave.<\/h3>\n<h3>Medicina di Laboratorio\u00a0 Oggi la Medicina di Laboratorio \u00e8 sempre pi\u00f9 centrale ed indispensabile in tutte le fasi del processo assistenziale, dalla prevenzione, al monitoraggio di malattia e terapia<\/h3>\n<p>audio<\/p>\n<audio class=\"wp-audio-shortcode\" id=\"audio-345498-9\" preload=\"none\" style=\"width: 100%;\" controls=\"controls\"><source type=\"audio\/mpeg\" src=\"https:\/\/www.radiopiu.net\/wordpress\/wp-content\/uploads\/2023\/07\/SALUTE-3.mp3?_=9\" \/><a href=\"https:\/\/www.radiopiu.net\/wordpress\/wp-content\/uploads\/2023\/07\/SALUTE-3.mp3\">https:\/\/www.radiopiu.net\/wordpress\/wp-content\/uploads\/2023\/07\/SALUTE-3.mp3<\/a><\/audio>\n<p>&nbsp;<\/p>\n<p>LA RACCOLTA COMPLETA<\/p>\n<blockquote class=\"wp-embedded-content\" data-secret=\"A65TDd9hxX\"><p><a href=\"https:\/\/www.radiopiu.net\/wordpress\/saluteesocieta\/\">Salute e Societ\u00e0<\/a><\/p><\/blockquote>\n<p><iframe loading=\"lazy\" class=\"wp-embedded-content\" sandbox=\"allow-scripts\" security=\"restricted\" style=\"position: absolute; clip: rect(1px, 1px, 1px, 1px);\" title=\"&#8220;Salute e Societ\u00e0&#8221; &#8212; Radio Pi\u00f9\" src=\"https:\/\/www.radiopiu.net\/wordpress\/saluteesocieta\/embed\/#?secret=EJtoNypYgO#?secret=A65TDd9hxX\" data-secret=\"A65TDd9hxX\" width=\"600\" height=\"338\" frameborder=\"0\" marginwidth=\"0\" marginheight=\"0\" scrolling=\"no\"><\/iframe><\/p>\n<hr \/>\n<p>&nbsp;<\/p>\n<blockquote class=\"wp-embedded-content\" data-secret=\"RhkYczSITk\"><p><a href=\"https:\/\/www.radiopiu.net\/wordpress\/sentimental-le-storie-damore-di-paola-lanciato\/\">SENTIMENTAL,\u00a0 &#8220;le storie d&#8217;amore&#8221; DI PAOLA LANCIATO<\/a><\/p><\/blockquote>\n<p><iframe loading=\"lazy\" class=\"wp-embedded-content\" sandbox=\"allow-scripts\" security=\"restricted\" style=\"position: absolute; clip: rect(1px, 1px, 1px, 1px);\" title=\"&#8220;SENTIMENTAL,\u00a0 &#8220;le storie d&#8217;amore&#8221; DI PAOLA LANCIATO&#8221; &#8212; Radio Pi\u00f9\" src=\"https:\/\/www.radiopiu.net\/wordpress\/sentimental-le-storie-damore-di-paola-lanciato\/embed\/#?secret=xVZbOPTbQa#?secret=RhkYczSITk\" data-secret=\"RhkYczSITk\" width=\"600\" height=\"338\" frameborder=\"0\" marginwidth=\"0\" marginheight=\"0\" scrolling=\"no\"><\/iframe><\/p>\n<p>&nbsp;<\/p>\n<p><a class=\"dt-pswp-item\" href=\"https:\/\/www.radiopiu.net\/wordpress\/wp-content\/uploads\/2023\/07\/4e8aaff0-2dd1-4dd7-9a0a-1206a154c860.jpg\" data-dt-img-description=\"\" data-large_image_width=\"690\" data-large_image_height=\"1024\"><img loading=\"lazy\" decoding=\"async\" class=\"size-medium wp-image-345702 aligncenter\" src=\"https:\/\/www.radiopiu.net\/wordpress\/wp-content\/uploads\/2023\/07\/4e8aaff0-2dd1-4dd7-9a0a-1206a154c860-202x300.jpg\" alt=\"\" width=\"202\" height=\"300\" srcset=\"https:\/\/www.radiopiu.net\/wordpress\/wp-content\/uploads\/2023\/07\/4e8aaff0-2dd1-4dd7-9a0a-1206a154c860-202x300.jpg 202w, https:\/\/www.radiopiu.net\/wordpress\/wp-content\/uploads\/2023\/07\/4e8aaff0-2dd1-4dd7-9a0a-1206a154c860.jpg 690w\" sizes=\"auto, (max-width: 202px) 100vw, 202px\" \/><\/a><\/p>\n<p>&nbsp;<\/p>\n<hr \/>\n<p>&nbsp;<\/p>\n<blockquote>\n<h3>CONTINUANO I POMERIGGI CULTURALI CON LA BIBLIOTECA DI AGORDO E IL CIRCOLO CULTURALE AGORDINO<\/h3>\n<\/blockquote>\n<p><strong><a class=\"dt-pswp-item\" href=\"https:\/\/www.radiopiu.net\/wordpress\/wp-content\/uploads\/2021\/07\/SALA-DON-TAMIS.png\" data-dt-img-description=\"\" data-large_image_width=\"1354\" data-large_image_height=\"920\"><img loading=\"lazy\" decoding=\"async\" class=\" wp-image-220859 alignleft\" src=\"https:\/\/www.radiopiu.net\/wordpress\/wp-content\/uploads\/2021\/07\/SALA-DON-TAMIS-300x204.png\" alt=\"\" width=\"162\" height=\"110\" srcset=\"https:\/\/www.radiopiu.net\/wordpress\/wp-content\/uploads\/2021\/07\/SALA-DON-TAMIS-300x204.png 300w, https:\/\/www.radiopiu.net\/wordpress\/wp-content\/uploads\/2021\/07\/SALA-DON-TAMIS-1024x696.png 1024w, https:\/\/www.radiopiu.net\/wordpress\/wp-content\/uploads\/2021\/07\/SALA-DON-TAMIS-768x522.png 768w, https:\/\/www.radiopiu.net\/wordpress\/wp-content\/uploads\/2021\/07\/SALA-DON-TAMIS.png 1354w\" sizes=\"auto, (max-width: 162px) 100vw, 162px\" \/><\/a>AGORDO<\/strong><\/p>\n<p>di Gianni Santomaso<\/p>\n<audio class=\"wp-audio-shortcode\" id=\"audio-345498-10\" preload=\"none\" style=\"width: 100%;\" controls=\"controls\"><source type=\"audio\/mpeg\" src=\"https:\/\/www.radiopiu.net\/wordpress\/wp-content\/uploads\/2023\/07\/GIANNI-CONTINUNANO-I-POMERIGGI-CULTURALI-CON-LA-BIBLIOTECA-DI-AGORDO-E-IL-CIRCOLO-CULTURALE-AGORDINO.mp3?_=10\" \/><a href=\"https:\/\/www.radiopiu.net\/wordpress\/wp-content\/uploads\/2023\/07\/GIANNI-CONTINUNANO-I-POMERIGGI-CULTURALI-CON-LA-BIBLIOTECA-DI-AGORDO-E-IL-CIRCOLO-CULTURALE-AGORDINO.mp3\">https:\/\/www.radiopiu.net\/wordpress\/wp-content\/uploads\/2023\/07\/GIANNI-CONTINUNANO-I-POMERIGGI-CULTURALI-CON-LA-BIBLIOTECA-DI-AGORDO-E-IL-CIRCOLO-CULTURALE-AGORDINO.mp3<\/a><\/audio>\n<p>&nbsp;<\/p>\n<hr \/>\n<p>&nbsp;<\/p>\n<blockquote>\n<h3>LA MOSTRA DI COSETTA VEDANA<\/h3>\n<\/blockquote>\n<p><strong>SOSPIROLO<\/strong><\/p>\n<p>di Roberto Bona<\/p>\n<audio class=\"wp-audio-shortcode\" id=\"audio-345498-11\" preload=\"none\" style=\"width: 100%;\" controls=\"controls\"><source type=\"audio\/mpeg\" src=\"https:\/\/www.radiopiu.net\/wordpress\/wp-content\/uploads\/2023\/07\/gr-25-mostra-cosetta-vedana-BONA-29-LUGLIO.mp3?_=11\" \/><a href=\"https:\/\/www.radiopiu.net\/wordpress\/wp-content\/uploads\/2023\/07\/gr-25-mostra-cosetta-vedana-BONA-29-LUGLIO.mp3\">https:\/\/www.radiopiu.net\/wordpress\/wp-content\/uploads\/2023\/07\/gr-25-mostra-cosetta-vedana-BONA-29-LUGLIO.mp3<\/a><\/audio>\n<p>&nbsp;<\/p>\n<hr \/>\n<p>&nbsp;<\/p>\n<blockquote>\n<h3>LA SAGRA DEI PER A BRIBANO DI SEDICO<\/h3>\n<\/blockquote>\n<p><strong>SEDICO<\/strong> Dal 21 al 30 luglio grande festa a Bribano di Sedico con la Sagra dei Per. Musica, Luna Park, cibo, sport, cultura e altro.<\/p>\n<p><strong>IL PROGRAMMA (2 PAGINE)<\/strong><\/p>\n<a href=\"https:\/\/www.radiopiu.net\/wordpress\/wp-content\/uploads\/2023\/07\/FLYER-sagra-dei-per-2023-STAMPA.pdf\" class=\"pdfemb-viewer\" style=\"\" data-width=\"max\" data-height=\"max\" data-toolbar=\"top\" data-toolbar-fixed=\"on\">FLYER sagra dei per 2023 STAMPA<\/a>\n<p>&nbsp;<\/p>\n<hr \/>\n<p>&nbsp;<\/p>\n<blockquote>\n<h3>IL CIRCO PATUF A TAIBON<\/h3>\n<\/blockquote>\n<p>&nbsp;<\/p>\n<p><iframe loading=\"lazy\" title=\"YouCut 20230719 122524272\" width=\"1200\" height=\"675\" src=\"https:\/\/www.youtube.com\/embed\/hl4YfcrwLo0?feature=oembed\" frameborder=\"0\" allow=\"accelerometer; autoplay; clipboard-write; encrypted-media; gyroscope; picture-in-picture; web-share\" allowfullscreen><\/iframe><\/p>\n<p>&nbsp;<\/p>\n<p><strong>TAIBON<\/strong> Gli artisti del circo Patuf sono pronti per lo spettacolo, nuovo, per la prima volta in provincia con artisti internazionali. In riva al Tegnas (zona sagra de Pasca) appuntamento fino a al 30 luglio, ogni sera alle 20.30, la domenica spettacolo anticipato alle 18.<\/p>\n<p><strong>LE ANTICIPAZIONI CON LIDIA&#8230; ABBIAMO SCONFITTO ANCHE IL VENTO CHE HA PROVATO A DISTURBARCI&#8230;<\/strong><\/p>\n<p>https:\/\/www.facebook.com\/marco.baghy.1\/videos\/244165395083331<\/p>\n<p>&nbsp;<\/p>\n<p>&nbsp;<\/p>\n<p>&nbsp;<\/p>\n<p>&nbsp;<\/p>\n<hr \/>\n<p>&nbsp;<\/p>\n<h2><span style=\"color: #ff0000;\">GLI APPUNTAMENTI DELLA SETTIMANA\u00a0<\/span><\/h2>\n<blockquote>\n<h3>CONCERTI IN ALTA QUOTA CON &#8220;MELODIE NEL BOSCO, SUSSURRI TRA LE DOLOMITI&#8221;<\/h3>\n<\/blockquote>\n<p><strong><a class=\"dt-pswp-item\" href=\"https:\/\/www.radiopiu.net\/wordpress\/wp-content\/uploads\/2018\/07\/Pota-l_Orso_Bosco-degli-Artisti.png\" data-dt-img-description=\"\" data-large_image_width=\"750\" data-large_image_height=\"534\"><img loading=\"lazy\" decoding=\"async\" class=\" wp-image-55065 alignleft\" src=\"https:\/\/www.radiopiu.net\/wordpress\/wp-content\/uploads\/2018\/07\/Pota-l_Orso_Bosco-degli-Artisti-300x214.png\" alt=\"\" width=\"199\" height=\"142\" srcset=\"https:\/\/www.radiopiu.net\/wordpress\/wp-content\/uploads\/2018\/07\/Pota-l_Orso_Bosco-degli-Artisti-300x214.png 300w, https:\/\/www.radiopiu.net\/wordpress\/wp-content\/uploads\/2018\/07\/Pota-l_Orso_Bosco-degli-Artisti.png 750w\" sizes=\"auto, (max-width: 199px) 100vw, 199px\" \/><\/a>FALCADE<\/strong>\u00a0 &#8220;Melodie nel Bosco, sussurri tra le Dolomiti&#8221;. Si chiama cos\u00ec il festival che porter\u00e0 quattro concerti a 2.000 metri di altitudine per far incontrare musica e natura al cospetto di vette come Mulaz e Focobon.\u00a0 A fare da teatro sar\u00e0 il Bosco degli Artisti di Falcade, galleria d\u2019arte a cielo aperto che sorge in localit\u00e0 Le Buse, nella Ski Area San Pellegrino. Concerti in programma alle 10:30. Sabato 29 luglio si esibir\u00e0 il Coro Val Biois con intermezzo di Nina &amp; Nena duo. Sabato 12 agosto spazio a Fourback con un tributo ai Beatles. Sabato 26 agosto toccher\u00e0 a Emanuele Bastanzetti, da Bach a Kreisler &#8211; sinfonie di violino.<\/p>\n<p>&nbsp;<\/p>\n<blockquote>\n<h3>LA PASTASCIUTTA ANTIFASCISTA A BUSCHE<\/h3>\n<\/blockquote>\n<p><strong>CESIOMAGGIORE<\/strong> Sar\u00e0 Busche ad ospitare la pastasciutta antifascista 2023. Oggi a partire dalle 14:30 inizia la festa. Alle 15 lo spettacolo di burattini, alle 16 Fast Fashion con gli studenti di Rete Studenti Medi, a seguire il convegno dal titolo &#8220;Democratica, Artificiale e Intelligente?&#8221;. Alle 19:15 si pranza con la pastasciutta gratuita per tutti e musica con Sandro Del Luca e Nelson Salton. Organizzano SPI CGIL, Comune di Cesiomaggiore e Ulss 1 Dolomiti.<\/p>\n<p>&nbsp;<\/p>\n<blockquote>\n<h3>UN CHIACCHIERATA CON TONI CAPUOZZO<\/h3>\n<\/blockquote>\n<p><strong>FONZASO<\/strong> Domani alle 20 al britot del Dolomiti Hub sar\u00e0 ospite il giornalista Mediaset Toni Capuozzo. Racconter\u00e0 la sua esperienza di inviato di guerra e di scrittore.<\/p>\n<p>&nbsp;<\/p>\n<blockquote>\n<h3>IL CONCERTO ALLA BIBLIOTECA DI LIMANA<\/h3>\n<\/blockquote>\n<p><strong>LIMANA<\/strong> Domani alle 20:15 alla biblioteca di Limana si terr\u00e0 un concerto dal titolo &#8220;Leggende&#8221;. Musicisti Pina Sabatini e Nelso Salton con interventi letterari a cura di Paola Favero<\/p>\n<p>&nbsp;<\/p>\n<p><strong><img loading=\"lazy\" decoding=\"async\" class=\"img-responsive alignleft\" src=\"https:\/\/www.cartacarbonefestival.it\/wp-content\/uploads\/2021\/09\/annibale-salsa-458x458.jpg\" alt=\"Annibale Salsa\" width=\"155\" height=\"155\" data-pagespeed-url-hash=\"770813655\" \/>GIOVEDI A COLLE SANTA LUCIA IL SECONDO APPUNTAMENTO CON L&#8217;ASSOCIAZIONE TURISTICA COLLE SANTA LUCIA.\u00a0 MATTEO RIGHETTO DIALOGA CON ANNIBALE SALSA, ANTROPOLOGO E CONOSCITORE DELLE ALPI (FOTO).\u00a0<\/strong><\/p>\n<p><span style=\"color: #ff0000;\">LO SPOT ALLA RADIO<\/span><\/p>\n<audio class=\"wp-audio-shortcode\" id=\"audio-345498-12\" preload=\"none\" style=\"width: 100%;\" controls=\"controls\"><source type=\"audio\/mpeg\" src=\"https:\/\/www.radiopiu.net\/wordpress\/wp-content\/uploads\/2023\/07\/SECONDO-APPUNTAMENTO-COLLE.mp3?_=12\" \/><a href=\"https:\/\/www.radiopiu.net\/wordpress\/wp-content\/uploads\/2023\/07\/SECONDO-APPUNTAMENTO-COLLE.mp3\">https:\/\/www.radiopiu.net\/wordpress\/wp-content\/uploads\/2023\/07\/SECONDO-APPUNTAMENTO-COLLE.mp3<\/a><\/audio>\n<div class=\"col-sm-5\"><\/div>\n<div><\/div>\n<div><\/div>\n<div>\n<hr \/>\n<\/div>\n<div>\n<blockquote>\n<h3><a class=\"dt-pswp-item\" href=\"https:\/\/www.radiopiu.net\/wordpress\/wp-content\/uploads\/2023\/07\/invito-mostra-ex-voto.jpg\" data-dt-img-description=\"\" data-large_image_width=\"1123\" data-large_image_height=\"794\"><img loading=\"lazy\" decoding=\"async\" class=\" wp-image-345603 alignleft\" src=\"https:\/\/www.radiopiu.net\/wordpress\/wp-content\/uploads\/2023\/07\/invito-mostra-ex-voto-300x212.jpg\" alt=\"\" width=\"276\" height=\"195\" srcset=\"https:\/\/www.radiopiu.net\/wordpress\/wp-content\/uploads\/2023\/07\/invito-mostra-ex-voto-300x212.jpg 300w, https:\/\/www.radiopiu.net\/wordpress\/wp-content\/uploads\/2023\/07\/invito-mostra-ex-voto-1024x724.jpg 1024w, https:\/\/www.radiopiu.net\/wordpress\/wp-content\/uploads\/2023\/07\/invito-mostra-ex-voto-768x543.jpg 768w, https:\/\/www.radiopiu.net\/wordpress\/wp-content\/uploads\/2023\/07\/invito-mostra-ex-voto.jpg 1123w\" sizes=\"auto, (max-width: 276px) 100vw, 276px\" \/><\/a>LA MOSTRA IN CONCATTEDRALE<\/h3>\n<\/blockquote>\n<p><strong>FELTRE<\/strong>\u00a0 Gioved\u00ec 27 luglio, alle 20.30, si terr\u00e0 l\u2019inaugurazione della mostra \u201cEx voto della Concattedrale di Feltre tra Sette e Ottocento\u201d, insieme alle tavole originali de \u201cI Miracoli di Val Canzoi\u201d, realizzate da Gian Antonio Cecchin per il testo scritto da Giovanni Trimeri. La mostra sar\u00e0 aperta dall\u20191 al 20 agosto, tutti i giorni. Per informazioni e prenotazioni e visite guidate: scrivere a\u00a0<a href=\"mailto:concattedralefeltre@libero.it\">concattedralefeltre@libero.it<\/a>\u00a0 TELEFONO 0439.2312.<\/p>\n<\/div>\n<div><\/div>\n<div>\n<hr \/>\n<\/div>\n<div><\/div>\n<p>&nbsp;<\/p>\n<blockquote>\n<h3>CONCERTO DI MUSICA LIRICA A VALLADA<\/h3>\n<\/blockquote>\n<p><strong>VALLADA<\/strong> Sar\u00e0 la chiesa di San Simon a Vallada ad ospitare venerd\u00ec sera alle 21 il concerto di musica lirica delle Muse e Le Dolomiti. Concerto dedicato al Beato Papa Luciani<\/p>\n<p>&nbsp;<\/p>\n<blockquote>\n<h3>INCONTRO CON MATTEO MELCHIORRE<\/h3>\n<\/blockquote>\n<p><strong>CANALE D&#8217;AGORDO<\/strong> Per gli appuntamenti estivi dedicati a Beato Papa Luciani, sabato alle 21 in Sala Emigranti di Canale D&#8217;Agordo viene organizzato un incontro con lo scrittore Matteo Melchiorre<\/p>\n<p>&nbsp;<\/p>\n<blockquote>\n<h3>FESTA IN PINETA A CENCENIGHE<\/h3>\n<\/blockquote>\n<p><strong>CENCENIGHE<\/strong> Gli alpini di Cencenighe organizzano la festa in pineta sabato 29 e domenica 30 luglio. Sabato apertitivo e DJ set dalle 17. Domenica ritrovo in pineta e santa messa alle 10:30, alle 12 apertura cucine e nel pomeriggio musica folk<\/p>\n<p>&nbsp;<\/p>\n<blockquote>\n<h3>TALK CRISTIANO AD AGORDO<\/h3>\n<p><strong>L&#8217;INVITO DI CRISTINA<\/strong><\/p>\n<audio class=\"wp-audio-shortcode\" id=\"audio-345498-13\" preload=\"none\" style=\"width: 100%;\" controls=\"controls\"><source type=\"audio\/mpeg\" src=\"https:\/\/www.radiopiu.net\/wordpress\/wp-content\/uploads\/2023\/07\/CRISTINA.mp3?_=13\" \/><a href=\"https:\/\/www.radiopiu.net\/wordpress\/wp-content\/uploads\/2023\/07\/CRISTINA.mp3\">https:\/\/www.radiopiu.net\/wordpress\/wp-content\/uploads\/2023\/07\/CRISTINA.mp3<\/a><\/audio><\/blockquote>\n<p><strong>AGORDO<\/strong> Domenica 30 luglio alle 18 al Centro Parrocchiale di Agordo un incontro dal titolo &#8220;Talk Cristiano, il significato della crocifissione di Ges\u00f9 Cristo<\/p>\n<p>&nbsp;<\/p>\n<p>&nbsp;<\/p>\n<p>&nbsp;<\/p>\n<hr \/>\n<p>&nbsp;<\/p>\n<blockquote>\n<h3>APERITIVO ? MA MAI SENZA MUSICA<\/h3>\n<\/blockquote>\n<p><a class=\"dt-pswp-item\" href=\"https:\/\/www.radiopiu.net\/wordpress\/wp-content\/uploads\/2023\/07\/d86dbc06-7161-49d4-b544-90770e85269f.jpg\" data-dt-img-description=\"\" data-large_image_width=\"1448\" data-large_image_height=\"2048\"><img loading=\"lazy\" decoding=\"async\" class=\" wp-image-342766 alignleft\" src=\"https:\/\/www.radiopiu.net\/wordpress\/wp-content\/uploads\/2023\/07\/d86dbc06-7161-49d4-b544-90770e85269f-212x300.jpg\" alt=\"\" width=\"133\" height=\"189\" srcset=\"https:\/\/www.radiopiu.net\/wordpress\/wp-content\/uploads\/2023\/07\/d86dbc06-7161-49d4-b544-90770e85269f-212x300.jpg 212w, https:\/\/www.radiopiu.net\/wordpress\/wp-content\/uploads\/2023\/07\/d86dbc06-7161-49d4-b544-90770e85269f-724x1024.jpg 724w, https:\/\/www.radiopiu.net\/wordpress\/wp-content\/uploads\/2023\/07\/d86dbc06-7161-49d4-b544-90770e85269f-768x1086.jpg 768w, https:\/\/www.radiopiu.net\/wordpress\/wp-content\/uploads\/2023\/07\/d86dbc06-7161-49d4-b544-90770e85269f-1086x1536.jpg 1086w, https:\/\/www.radiopiu.net\/wordpress\/wp-content\/uploads\/2023\/07\/d86dbc06-7161-49d4-b544-90770e85269f.jpg 1448w\" sizes=\"auto, (max-width: 133px) 100vw, 133px\" \/><\/a>Dimentica la routine, concediti un momento di relax e divertimento con amici e familiari. L&#8217;aperitivo in musica all&#8217;Hotel Stella Alpina in piazza a Falcade \u00e8 l&#8217;occasione perfetta per socializzare e creare ricordi preziosi.Ogni venerd\u00ec di luglio ed agosto, l&#8217;Hotel Stella Alpina vi accoglie per una serata di puro divertimento, dalle 18 alle 21. I\u00a0venerdi di luglio ed agosto allo Stella alpina, appuntamento con la buona musica e le specialit\u00e0 che sapranno deliziarvi il palato. INFO 0437 599046. <a class=\"moz-txt-link-abbreviated\" href=\"http:\/\/WWW.HOTEL\">WWW.HOTEL<\/a> STELLA ALPINA . COM<\/p>\n<p><strong>VENERDI 28 LUGLIO<\/strong> GLI OROPURO IN CONCERTO e piatto misto di pesce<\/p>\n<p><strong>VENERDI 4 AGOSTO<\/strong> SMILE IN CONCERTO\u00a0 e tacos con pulled pork fatti in casa<\/p>\n<p>&nbsp;<\/p>\n<p>&nbsp;<\/p>\n<hr \/>\n<blockquote>\n<h3><a class=\"dt-pswp-item\" href=\"https:\/\/www.radiopiu.net\/wordpress\/wp-content\/uploads\/2023\/07\/ae6f5a62-22bb-46f1-8ed1-244c23f0236e.jpg\" data-dt-img-description=\"\" data-large_image_width=\"1131\" data-large_image_height=\"1600\"><img loading=\"lazy\" decoding=\"async\" class=\" wp-image-345601 alignleft\" src=\"https:\/\/www.radiopiu.net\/wordpress\/wp-content\/uploads\/2023\/07\/ae6f5a62-22bb-46f1-8ed1-244c23f0236e-212x300.jpg\" alt=\"\" width=\"181\" height=\"256\" srcset=\"https:\/\/www.radiopiu.net\/wordpress\/wp-content\/uploads\/2023\/07\/ae6f5a62-22bb-46f1-8ed1-244c23f0236e-212x300.jpg 212w, https:\/\/www.radiopiu.net\/wordpress\/wp-content\/uploads\/2023\/07\/ae6f5a62-22bb-46f1-8ed1-244c23f0236e-724x1024.jpg 724w, https:\/\/www.radiopiu.net\/wordpress\/wp-content\/uploads\/2023\/07\/ae6f5a62-22bb-46f1-8ed1-244c23f0236e-768x1086.jpg 768w, https:\/\/www.radiopiu.net\/wordpress\/wp-content\/uploads\/2023\/07\/ae6f5a62-22bb-46f1-8ed1-244c23f0236e-1086x1536.jpg 1086w, https:\/\/www.radiopiu.net\/wordpress\/wp-content\/uploads\/2023\/07\/ae6f5a62-22bb-46f1-8ed1-244c23f0236e.jpg 1131w\" sizes=\"auto, (max-width: 181px) 100vw, 181px\" \/><\/a>ESTATE DELLE BIBLIOTECHE<\/h3>\n<\/blockquote>\n<p>&nbsp;<\/p>\n<p><strong>CANALE D&#8217;AGORDO<\/strong> Sabato alle 21 in sala emigranti presentazione del libro &#8220;Il Duca&#8221; di Matteo Melchiorre, ricercatore e scrittore feltrino.<\/p>\n<p>&nbsp;<\/p>\n<p>&nbsp;<\/p>\n<p>&nbsp;<\/p>\n<p>&nbsp;<\/p>\n<p>&nbsp;<\/p>\n<p>&nbsp;<\/p>\n<hr \/>\n<p>&nbsp;<\/p>\n<p>&nbsp;<\/p>\n<blockquote>\n<h3><a class=\"dt-pswp-item\" href=\"https:\/\/www.radiopiu.net\/wordpress\/wp-content\/uploads\/2023\/07\/f3b253e6-70dc-4b6a-9b64-d312475aa1a1.jpg\" data-dt-img-description=\"\" data-large_image_width=\"1463\" data-large_image_height=\"2048\"><img loading=\"lazy\" decoding=\"async\" class=\"size-medium wp-image-345602 alignleft\" src=\"https:\/\/www.radiopiu.net\/wordpress\/wp-content\/uploads\/2023\/07\/f3b253e6-70dc-4b6a-9b64-d312475aa1a1-214x300.jpg\" alt=\"\" width=\"214\" height=\"300\" srcset=\"https:\/\/www.radiopiu.net\/wordpress\/wp-content\/uploads\/2023\/07\/f3b253e6-70dc-4b6a-9b64-d312475aa1a1-214x300.jpg 214w, https:\/\/www.radiopiu.net\/wordpress\/wp-content\/uploads\/2023\/07\/f3b253e6-70dc-4b6a-9b64-d312475aa1a1-732x1024.jpg 732w, https:\/\/www.radiopiu.net\/wordpress\/wp-content\/uploads\/2023\/07\/f3b253e6-70dc-4b6a-9b64-d312475aa1a1-768x1075.jpg 768w, https:\/\/www.radiopiu.net\/wordpress\/wp-content\/uploads\/2023\/07\/f3b253e6-70dc-4b6a-9b64-d312475aa1a1-1097x1536.jpg 1097w, https:\/\/www.radiopiu.net\/wordpress\/wp-content\/uploads\/2023\/07\/f3b253e6-70dc-4b6a-9b64-d312475aa1a1.jpg 1463w\" sizes=\"auto, (max-width: 214px) 100vw, 214px\" \/><\/a>MADONA DE LA NEIF, AD AGOSTO A LA VALLE AGORDINA<\/h3>\n<\/blockquote>\n<p>MADONA DE LA NEIF! LA FESTA A LA VALLE AGORDINA DAL 4 AL 6 AGOSTO: TRE SERATE CON STAND GASTRONOMICO, APERITIVO E BALLO SERALE. MADONA DE LA NEIF SPORT: SABATO 5 EL GIRO DE LE BURELE, GARA PODISTICA A COPPIE 41 ESIMA EDIZIONE E DOMENICA INDESFIDA DE LE VILE, GIOCHI E SFIDE DELLA TRADIZIONE. MADONA DE LA NEIF! E&#8217; MOSTRA FOTOGRAFICA LA VAL DA INCORNISA&#8217; NELLE BURELE DI FADES, FINO<br \/>\nAL 31 AGOSTO. E&#8217; MOSTRA MERCATO, SABATO 5 EL MERCA&#8217; DE L&#8217;ISTA&#8217; E POI&#8230; LA VAL A CAVAL, BATTESIMO IN SELLA PER GRANDI E PICCINI, APERTURA DEL MUSEO ETNOGRAFICO E VENERDI 4 CONCERTO DEGLI RH NEGATIVO. TRE GIORNI DI BALLI DISCO&#8230;E DISCO TEK CON RDJ MADONA DE LA NEIF&#8230;ORIGINAL IN TEK VALLEY, CON LE ASSOCIAZIONI LAVALLESI. MADONNA DE LA NEIF&#8230;SOTTO IL CIELO LAVALLESE&#8230;PARDON SOTTO AL TENDONE CON LE ASSOCIAZIONI LAVALLESI<\/p>\n<p>&nbsp;<\/p>\n<p>&nbsp;<\/p>\n<div class=\"message spoilers-container\" dir=\"auto\">\n<div class=\"column\">\n<div class=\"message spoilers-container\" dir=\"auto\">\n<div class=\"column\">\n<hr \/>\n<p>&nbsp;<\/p>\n<h2><span style=\"color: #33cccc;\">I RACCONTI DI PAOLO SOPPELSA<\/span><\/h2>\n<p><strong>LE DONNE DI MONTAGNA<\/strong><\/p>\n<p><strong>AUDIO<\/strong><\/p>\n<audio class=\"wp-audio-shortcode\" id=\"audio-345498-14\" preload=\"none\" style=\"width: 100%;\" controls=\"controls\"><source type=\"audio\/mpeg\" src=\"https:\/\/www.radiopiu.net\/wordpress\/wp-content\/uploads\/2023\/07\/PAOLO-SOPPELSA-LE-DONNE-DI-MONTAGNA.mp3?_=14\" \/><a href=\"https:\/\/www.radiopiu.net\/wordpress\/wp-content\/uploads\/2023\/07\/PAOLO-SOPPELSA-LE-DONNE-DI-MONTAGNA.mp3\">https:\/\/www.radiopiu.net\/wordpress\/wp-content\/uploads\/2023\/07\/PAOLO-SOPPELSA-LE-DONNE-DI-MONTAGNA.mp3<\/a><\/audio>\n<p>&nbsp;<\/p>\n<p><a class=\"dt-pswp-item\" href=\"https:\/\/www.radiopiu.net\/wordpress\/wp-content\/uploads\/2023\/07\/0d295b61-95ea-47ca-84f8-3e5dacb144bd.jpg\" data-dt-img-description=\"\" data-large_image_width=\"1080\" data-large_image_height=\"810\"><img loading=\"lazy\" decoding=\"async\" class=\" wp-image-345621 alignleft\" src=\"https:\/\/www.radiopiu.net\/wordpress\/wp-content\/uploads\/2023\/07\/0d295b61-95ea-47ca-84f8-3e5dacb144bd-300x225.jpg\" alt=\"\" width=\"159\" height=\"119\" srcset=\"https:\/\/www.radiopiu.net\/wordpress\/wp-content\/uploads\/2023\/07\/0d295b61-95ea-47ca-84f8-3e5dacb144bd-300x225.jpg 300w, https:\/\/www.radiopiu.net\/wordpress\/wp-content\/uploads\/2023\/07\/0d295b61-95ea-47ca-84f8-3e5dacb144bd-1024x768.jpg 1024w, https:\/\/www.radiopiu.net\/wordpress\/wp-content\/uploads\/2023\/07\/0d295b61-95ea-47ca-84f8-3e5dacb144bd-768x576.jpg 768w, https:\/\/www.radiopiu.net\/wordpress\/wp-content\/uploads\/2023\/07\/0d295b61-95ea-47ca-84f8-3e5dacb144bd.jpg 1080w\" sizes=\"auto, (max-width: 159px) 100vw, 159px\" \/><\/a>Le ricordo quelle donne di montagna che vivevano a mezza costa, rammento i loro volti e i loro sguardi che incrociavo quotidianamente mentre vivevo quel tempo lungo di un&#8217;altra estate passata ad ammirare il Pelsa. Erano donne nate negli anni della Grande Guerra, qualcuna addirittura durante il famigerato &#8220;an dela fam&#8221;, ovvero quel triste periodo successivo alla rotta di Caporetto. Padri e forse fratelli al fronte e le loro madri che non avevano avuto nemmeno il tempo di rimettersi dal parto in casa in quel tempo buio di fame paura e miseria. Era iniziata cos\u00ec la loro vita in quella terra dura di montagna dove gli inverni erano lunghi e i campi e gli animali garantivano la sopravvivenza. Al tempo dell&#8217;inizio della scuola erano gi\u00e0 utili in casa, magari accudendo un fratello o una sorella arrivati nel frattempo e poi portando le capre o la vacca al pascolo. Bambine che a dodici anni erano gi\u00e0 adulte nei gesti e nei lineamenti dei visi abbronzati dal sole che picchiava sui prati mentre erano intente a rastrellare il fieno di luglio. Le osservavo quelle donne durante le infinite vacanze estive vissute lass\u00f9 dove il sole scavalca il Mont&#8217;Alt qualche minuto dopo le otto, e mi chiedevo se fossero state mai bambine, se pure loro avessero posseduto dei giochi con cui passare il tempo e quali sogni potessero avere avuto per il loro futuro. Erano donne venute al mondo durante un conflitto mondiale e che poi avevano vissuto gli anni migliori durante un&#8217;altra guerra. Nell&#8217;intervallo fra i due assurdi massacri erano cresciute in fretta, qualcuna era andata a &#8220;serv\u00ec via par calche citt\u00e0&#8221; e poi era ritornata fra i monti, altre, invece, erano rimaste tenacemente aggrappate ai ripidi pendii che caratterizzavano il loro paese. Osservavo il loro passo lento ma sempre agile e sicuro, guardavo quelle mani allo stesso tempo forti e gentili che sapevano fare tutto. Possedevano mani in grado di ricamare un centrino e maneggiare una roncola, rammendare i calzini e mungere una vacca e far sibilare una falce. Avevano dovuto svolgere molti di quei lavori &#8220;da uomo&#8221; durante gli anni in cui i giovani mariti erano al fronte in Albania e qualcuno in Russia, e successivamente, in tempo di pace, all&#8217;estero a rovinarsi i polmoni in qualche miniera del Belgio o della Francia. Avevano dovuto mandare avanti la casa, allevare i figli e le bestie, coltivare i campi e fare la legna, e le loro schiene ora incurvate erano le testimoni di quelle loro storie di fatiche e sacrifici. Quelle donne di montagna le ricordo al tempo della mia infanzia; avevano i capelli grigi e d&#8217;estate indossavano scamiciati a fiori e ancora lavoravano su quei prati che lentamente si stavano tramutando in bosco. Ora che le vacche in stalla erano sempre meno loro erano nonne premurose che passavano i mesi estivi badando ai nipoti e dedicandosi con pi\u00f9 calma a quei lavori che erano stati la loro vita. Le rammento a &#8220;spontiz\u00e0 scarpet&#8221; durante quei pomeriggi di temporale, le ricordo ad agosto a raccogliere i susini e poi i fagioli al tempo in cui l&#8217;estate lentamente iniziava a scemare. Era alla sera che vedevo quegli sguardi soddisfatti per un&#8217;altra giornata trascorsa senza &#8220;sta de bant&#8221;, era all&#8217;accendersi delle stelle che potevo ascoltarle mentre chiacchieravano sedute sulla cordonata della provinciale. Ricordi narrati a bassa voce, storie che raccontavano le loro vite dure e avventurose vissute lass\u00f9 dove nulla \u00e8 semplice e niente \u00e8 regalato. Poi i dialoghi sfumavano lenti quando la luna iniziava il suo ennesimo cammino in quel tiepido cielo d&#8217;estate; di notte sarebbe stato il canto d&#8217;acqua della fontana ad accompagnare il meritato sonno di quelle donne di montagna che mai ho scordato.<\/p>\n<p>&nbsp;<\/p>\n<p>&nbsp;<\/p>\n<hr \/>\n<p>&nbsp;<\/p>\n<p><img loading=\"lazy\" decoding=\"async\" class=\"aligncenter wp-image-61954 size-full\" src=\"https:\/\/www.radiopiu.net\/wordpress\/wp-content\/uploads\/2018\/09\/viabilita.jpeg\" sizes=\"auto, (max-width: 800px) 100vw, 800px\" srcset=\"https:\/\/www.radiopiu.net\/wordpress\/wp-content\/uploads\/2018\/09\/viabilita.jpeg 800w, https:\/\/www.radiopiu.net\/wordpress\/wp-content\/uploads\/2018\/09\/viabilita-300x38.jpeg 300w, https:\/\/www.radiopiu.net\/wordpress\/wp-content\/uploads\/2018\/09\/viabilita-768x96.jpeg 768w\" alt=\"\" width=\"800\" height=\"100\" \/><\/p>\n<\/div>\n<\/div>\n<div class=\"message spoilers-container\" dir=\"auto\">\n<div class=\"column\">\n<p>&nbsp;<\/p>\n<\/div>\n<\/div>\n<\/div>\n<\/div>\n<blockquote class=\"wp-embedded-content\" data-secret=\"Cq1LmgCB3i\"><p><a href=\"https:\/\/www.radiopiu.net\/wordpress\/viabilita\/\">viabilita<\/a><\/p><\/blockquote>\n<p><iframe loading=\"lazy\" class=\"wp-embedded-content\" sandbox=\"allow-scripts\" security=\"restricted\" style=\"position: absolute; clip: rect(1px, 1px, 1px, 1px);\" title=\"&#8220;viabilita&#8221; &#8212; Radio Pi\u00f9\" src=\"https:\/\/www.radiopiu.net\/wordpress\/viabilita\/embed\/#?secret=EThNdTGvJj#?secret=Cq1LmgCB3i\" data-secret=\"Cq1LmgCB3i\" width=\"600\" height=\"338\" frameborder=\"0\" marginwidth=\"0\" marginheight=\"0\" scrolling=\"no\"><\/iframe><\/p>\n<div class=\"message spoilers-container\" dir=\"auto\">\n<div class=\"column\">\n<div class=\"message spoilers-container\" dir=\"auto\">\n<div class=\"column\">\n<div>\n<div dir=\"ltr\">\n<div class=\"gmail_quote\">\n<div dir=\"ltr\">\n<div><\/div>\n<div><\/div>\n<div><\/div>\n<\/div>\n<\/div>\n<\/div>\n<\/div>\n<hr \/>\n<p>&nbsp;<\/p>\n<p><a class=\"dt-pswp-item\" href=\"https:\/\/www.radiopiu.net\/wordpress\/wp-content\/uploads\/2018\/09\/WhatsApp-Image-2018-09-20-at-16.04.06.jpeg\" data-dt-img-description=\"\" data-large_image_width=\"800\" data-large_image_height=\"100\"><img loading=\"lazy\" decoding=\"async\" class=\"wp-image-61378 size-full aligncenter\" src=\"https:\/\/www.radiopiu.net\/wordpress\/wp-content\/uploads\/2018\/09\/WhatsApp-Image-2018-09-20-at-16.04.06.jpeg\" alt=\"\" width=\"800\" height=\"100\" srcset=\"https:\/\/www.radiopiu.net\/wordpress\/wp-content\/uploads\/2018\/09\/WhatsApp-Image-2018-09-20-at-16.04.06.jpeg 800w, https:\/\/www.radiopiu.net\/wordpress\/wp-content\/uploads\/2018\/09\/WhatsApp-Image-2018-09-20-at-16.04.06-300x38.jpeg 300w, https:\/\/www.radiopiu.net\/wordpress\/wp-content\/uploads\/2018\/09\/WhatsApp-Image-2018-09-20-at-16.04.06-768x96.jpeg 768w\" sizes=\"auto, (max-width: 800px) 100vw, 800px\" \/><\/a><\/p>\n<\/div>\n<\/div>\n<div class=\"message spoilers-container\" dir=\"auto\">\n<p>&nbsp;<\/p>\n<p><center><b>OGGI<\/b><\/center>Tempo instabile, con frequenti addensamenti nuvolosi a fronte di qualche schiarita.<br \/>\n<b>Precipitazioni: <\/b>Fasi di fenomeni sparsi, a tratti anche piuttosto diffusi, in alcuni casi intensi.<br \/>\n<b>Temperature: <\/b>Le minime subiranno contenute variazioni di carattere locale, raggiunte comunque di sera in quota; massime in diminuzione<\/p>\n<hr \/>\n<p><center><b>DOMANI<\/b><\/center>Variabilit\u00e0, con addensamenti nuvolosi alternati a spazi di sereno anche ampi.<br \/>\n<b>Precipitazioni: <\/b>Qualche fase di fenomeni da locali a sparsi, generalmente modesti ma con possibilit\u00e0 di qualche rovescio o temporale.<br \/>\n<b>Temperature: <\/b>In diminuzione<\/p>\n<hr \/>\n<p><center><b>GIOVEDI<\/b><\/center>Cielo in genere poco nuvoloso, con ampi spazi di sereno e temporanei addensamenti cumuliformi nel pomeriggio soprattutto sulle Prealpi, associati alla possibilit\u00e0 al pi\u00f9 di locali piovaschi o rovesci; temperature minime in lieve calo; le temperature massime nelle valli subiranno contenute variazioni di carattere locale, in quota aumenteranno.<\/p>\n<hr \/>\n<p><center><b>VENERDI<\/b><\/center>Cielo da parzialmente nuvoloso a nuvoloso, con crescente probabilit\u00e0 di precipitazioni anche a carattere di rovescio o temporale nella seconda parte della giornata a partire dalle Dolomiti; temperature in aumento.<\/p>\n<p>&nbsp;<\/p>\n<\/div>\n<div class=\"message spoilers-container\" dir=\"auto\">\n<hr \/>\n<p>&nbsp;<\/p>\n<p><img loading=\"lazy\" decoding=\"async\" class=\"wp-image-60761 size-full aligncenter\" src=\"https:\/\/www.radiopiu.net\/wordpress\/wp-content\/uploads\/2018\/09\/sport.jpg\" alt=\"\" width=\"800\" height=\"100\" srcset=\"https:\/\/www.radiopiu.net\/wordpress\/wp-content\/uploads\/2018\/09\/sport.jpg 800w, https:\/\/www.radiopiu.net\/wordpress\/wp-content\/uploads\/2018\/09\/sport-300x38.jpg 300w, https:\/\/www.radiopiu.net\/wordpress\/wp-content\/uploads\/2018\/09\/sport-768x96.jpg 768w\" sizes=\"auto, (max-width: 800px) 100vw, 800px\" \/><\/p>\n<p>&nbsp;<\/p>\n<\/div>\n\n\t\t\t<style type='text\/css'>\n\t\t\t\t#gallery-4 {\n\t\t\t\t\tmargin: auto;\n\t\t\t\t}\n\t\t\t\t#gallery-4 .gallery-item {\n\t\t\t\t\tfloat: left;\n\t\t\t\t\tmargin-top: 10px;\n\t\t\t\t\ttext-align: center;\n\t\t\t\t\twidth: 50%;\n\t\t\t\t}\n\t\t\t\t#gallery-4 img {\n\t\t\t\t\tborder: 2px solid #cfcfcf;\n\t\t\t\t}\n\t\t\t\t#gallery-4 .gallery-caption {\n\t\t\t\t\tmargin-left: 0;\n\t\t\t\t}\n\t\t\t\t\/* see gallery_shortcode() in wp-includes\/media.php *\/\n\t\t\t<\/style>\n\t\t<div id='gallery-4' class='dt-gallery-container gallery galleryid-345498 gallery-columns-2 gallery-size-medium'><dl class='gallery-item'>\n\t\t\t\t<dt class='gallery-icon portrait'>\n\t\t\t\t\t<a class=\"rollover rollover-zoom dt-pswp-item\" title=\"cb3e84c7-6b7b-4086-b96b-e2b820cc0e41\" data-dt-img-description=\"\" data-large_image_width=\"1132\" data-large_image_height=\"1600\"href='https:\/\/www.radiopiu.net\/wordpress\/wp-content\/uploads\/2023\/07\/cb3e84c7-6b7b-4086-b96b-e2b820cc0e41.jpg'><img loading=\"lazy\" decoding=\"async\" width=\"212\" height=\"300\" src=\"https:\/\/www.radiopiu.net\/wordpress\/wp-content\/uploads\/2023\/07\/cb3e84c7-6b7b-4086-b96b-e2b820cc0e41-212x300.jpg\" class=\"attachment-medium size-medium\" alt=\"\" aria-describedby=\"gallery-4-345600\" srcset=\"https:\/\/www.radiopiu.net\/wordpress\/wp-content\/uploads\/2023\/07\/cb3e84c7-6b7b-4086-b96b-e2b820cc0e41-212x300.jpg 212w, https:\/\/www.radiopiu.net\/wordpress\/wp-content\/uploads\/2023\/07\/cb3e84c7-6b7b-4086-b96b-e2b820cc0e41-724x1024.jpg 724w, https:\/\/www.radiopiu.net\/wordpress\/wp-content\/uploads\/2023\/07\/cb3e84c7-6b7b-4086-b96b-e2b820cc0e41-768x1086.jpg 768w, https:\/\/www.radiopiu.net\/wordpress\/wp-content\/uploads\/2023\/07\/cb3e84c7-6b7b-4086-b96b-e2b820cc0e41-1087x1536.jpg 1087w, https:\/\/www.radiopiu.net\/wordpress\/wp-content\/uploads\/2023\/07\/cb3e84c7-6b7b-4086-b96b-e2b820cc0e41.jpg 1132w\" sizes=\"auto, (max-width: 212px) 100vw, 212px\" \/><\/a>\n\t\t\t\t<\/dt>\n\t\t\t\t\t<dd class='wp-caption-text gallery-caption' id='gallery-4-345600'>\n\t\t\t\t\tVOLTAGO\n\t\t\t\t\t<\/dd><\/dl><dl class='gallery-item'>\n\t\t\t\t<dt class='gallery-icon portrait'>\n\t\t\t\t\t<a class=\"rollover rollover-zoom dt-pswp-item\" title=\"d5f98bf7-9da7-4dbe-906c-c01079ace3e8\" data-dt-img-description=\"\" data-large_image_width=\"1131\" data-large_image_height=\"1600\"href='https:\/\/www.radiopiu.net\/wordpress\/wp-content\/uploads\/2023\/07\/d5f98bf7-9da7-4dbe-906c-c01079ace3e8.jpg'><img loading=\"lazy\" decoding=\"async\" width=\"212\" height=\"300\" src=\"https:\/\/www.radiopiu.net\/wordpress\/wp-content\/uploads\/2023\/07\/d5f98bf7-9da7-4dbe-906c-c01079ace3e8-212x300.jpg\" class=\"attachment-medium size-medium\" alt=\"\" srcset=\"https:\/\/www.radiopiu.net\/wordpress\/wp-content\/uploads\/2023\/07\/d5f98bf7-9da7-4dbe-906c-c01079ace3e8-212x300.jpg 212w, https:\/\/www.radiopiu.net\/wordpress\/wp-content\/uploads\/2023\/07\/d5f98bf7-9da7-4dbe-906c-c01079ace3e8-724x1024.jpg 724w, https:\/\/www.radiopiu.net\/wordpress\/wp-content\/uploads\/2023\/07\/d5f98bf7-9da7-4dbe-906c-c01079ace3e8-768x1086.jpg 768w, https:\/\/www.radiopiu.net\/wordpress\/wp-content\/uploads\/2023\/07\/d5f98bf7-9da7-4dbe-906c-c01079ace3e8-1086x1536.jpg 1086w, https:\/\/www.radiopiu.net\/wordpress\/wp-content\/uploads\/2023\/07\/d5f98bf7-9da7-4dbe-906c-c01079ace3e8.jpg 1131w\" sizes=\"auto, (max-width: 212px) 100vw, 212px\" \/><\/a>\n\t\t\t\t<\/dt><\/dl><br style=\"clear: both\" \/>\n\t\t\t<\/div>\n\n<p><span style=\"color: #0000ff;\"><strong>HOCKEY SU GHIACCIO<\/strong><\/span><\/p>\n<blockquote>\n<h3 class=\"entry-title\">SARA\u2019 IHL PER L\u2019ALLEGHE HOCKEY. CONFERMATO CAPITAN MILOS GANZ<\/h3>\n<\/blockquote>\n<p><strong class=\"photoswipe-wrapper\"><a class=\"dt-pswp-item pspw-wrap-ready\" href=\"https:\/\/www.radiopiu.net\/wordpress\/wp-content\/uploads\/2023\/07\/MILOS-GANZ.jpg\" data-dt-img-description=\"\" data-large_image_width=\"682\" data-large_image_height=\"1024\"><img loading=\"lazy\" decoding=\"async\" class=\" wp-image-345611 alignleft\" src=\"https:\/\/www.radiopiu.net\/wordpress\/wp-content\/uploads\/2023\/07\/MILOS-GANZ-200x300.jpg\" sizes=\"auto, (max-width: 109px) 100vw, 109px\" srcset=\"https:\/\/www.radiopiu.net\/wordpress\/wp-content\/uploads\/2023\/07\/MILOS-GANZ-200x300.jpg 200w, https:\/\/www.radiopiu.net\/wordpress\/wp-content\/uploads\/2023\/07\/MILOS-GANZ.jpg 682w\" alt=\"\" width=\"109\" height=\"164\" \/><\/a>di Roberto Miana, portavoce dell\u2019Alleghe Hockey<\/strong><\/p>\n<p><strong>ALLEGHE<\/strong>\u00a0La societ\u00e0 Alleghe Hockey con grandissima soddisfazione conferma la propria partecipazione al campionato di Italian Hockey League 2023\/2024 e annuncia la conferma di un pilastro italiano: il capitano MILOS GANZ, importantissimo veterano nell\u2019economia della squadra. Milos \u00e8 il difensore biancorosso di maggiore esperienza. Classe 1990 di Falcade, colonna portante della retroguardia Alleghese, \u00e8 dotato anche di un buon tiro che ne fa un giocatore completo. Pu\u00f2 vantare dieci stagioni in serie A con 280 gare disputate, suddivise in 185 con la maglia dell\u2019Alleghe e 95 con quella del Fassa. Dal suo esordio in prima squadra nella stagione 2006\/2007 ha collezionato in biancorosso un totale di 407 presenze, impreziosite da 36 reti e 62 assist. Cos\u00ec ci ha raccontato Milos: \u201cQuest\u2019anno si riparte in primis con la voglia di riscattare la deludente stagione scorsa, sia per noi ma soprattutto per il nostro pubblico che, nonostante le difficolt\u00e0 avute, ci ha comunque seguiti e merita in questo 90\u00b0 anniversario della Societ\u00e0 un campionato all\u2019altezza del nome di Alleghe e della sua storia. Dopo la fine del campionato ci siamo trovati tra giocatori e Societ\u00e0 per capire e cercare di risolvere assieme le problematiche incontrate. Da ci\u00f2 \u00e8 emerso che non potevamo permetterci di fare ancora un campionato come quello scorso e sarebbero serviti rinforzi. Grazie all\u2019ottimo lavoro svolto dalla dirigenza sul mercato ci saremo anche quest\u2019anno pi\u00f9 carichi che mai, per onorare al meglio il 90\u00b0. Presto si conosceranno le novit\u00e0, ma per ora non vi dico nulla. Per quanto mi riguarda credo che sar\u00f2 ancora capitano, ma attendiamo l\u2019arrivo del nuovo allenatore, perch\u00e9 \u00e8 una decisione che spetta anche a lui e che verr\u00e0 presa assieme alla squadra\u201d<\/p>\n<p>&nbsp;<\/p>\n<p><iframe loading=\"lazy\" title=\"CAMPIONATO AGORDINO SHOW - 8\" width=\"1200\" height=\"675\" src=\"https:\/\/www.youtube.com\/embed\/sjdwmkk9T5o?feature=oembed\" frameborder=\"0\" allow=\"accelerometer; autoplay; clipboard-write; encrypted-media; gyroscope; picture-in-picture; web-share\" allowfullscreen><\/iframe><\/p>\n<\/div>\n<p>&nbsp;<\/p>\n<div class=\"column\">\n<div class=\"message spoilers-container\" dir=\"auto\">\n<p><span style=\"color: #0000ff;\"><strong>MOTORI<\/strong><\/span><\/p>\n<\/div>\n<\/div>\n<\/div>\n<div class=\"message spoilers-container\" dir=\"auto\">\n<div class=\"column\">\n<div class=\"message spoilers-container\" dir=\"auto\">\n<blockquote>\n<h3>CLAMORE PER L&#8217;ANNULLAMENTO DEL DOLOMITI RALLY<\/h3>\n<\/blockquote>\n<p><strong><a class=\"dt-pswp-item\" href=\"https:\/\/www.radiopiu.net\/wordpress\/wp-content\/uploads\/2023\/07\/80fc669e-318e-4d38-a0d1-c0f277dec310.jpg\" data-dt-img-description=\"\" data-large_image_width=\"1600\" data-large_image_height=\"1066\"><img loading=\"lazy\" decoding=\"async\" class=\" wp-image-345647 alignleft\" src=\"https:\/\/www.radiopiu.net\/wordpress\/wp-content\/uploads\/2023\/07\/80fc669e-318e-4d38-a0d1-c0f277dec310-300x200.jpg\" alt=\"\" width=\"176\" height=\"117\" srcset=\"https:\/\/www.radiopiu.net\/wordpress\/wp-content\/uploads\/2023\/07\/80fc669e-318e-4d38-a0d1-c0f277dec310-300x200.jpg 300w, https:\/\/www.radiopiu.net\/wordpress\/wp-content\/uploads\/2023\/07\/80fc669e-318e-4d38-a0d1-c0f277dec310-1024x682.jpg 1024w, https:\/\/www.radiopiu.net\/wordpress\/wp-content\/uploads\/2023\/07\/80fc669e-318e-4d38-a0d1-c0f277dec310-768x512.jpg 768w, https:\/\/www.radiopiu.net\/wordpress\/wp-content\/uploads\/2023\/07\/80fc669e-318e-4d38-a0d1-c0f277dec310-1536x1023.jpg 1536w, https:\/\/www.radiopiu.net\/wordpress\/wp-content\/uploads\/2023\/07\/80fc669e-318e-4d38-a0d1-c0f277dec310.jpg 1600w\" sizes=\"auto, (max-width: 176px) 100vw, 176px\" \/><\/a>AGORDO<\/strong><\/p>\n<p>di Roberto Bona<\/p>\n<audio class=\"wp-audio-shortcode\" id=\"audio-345498-15\" preload=\"none\" style=\"width: 100%;\" controls=\"controls\"><source type=\"audio\/mpeg\" src=\"https:\/\/www.radiopiu.net\/wordpress\/wp-content\/uploads\/2023\/07\/gr-25-sport-dolomiti-rally-bona.mp3?_=15\" \/><a href=\"https:\/\/www.radiopiu.net\/wordpress\/wp-content\/uploads\/2023\/07\/gr-25-sport-dolomiti-rally-bona.mp3\">https:\/\/www.radiopiu.net\/wordpress\/wp-content\/uploads\/2023\/07\/gr-25-sport-dolomiti-rally-bona.mp3<\/a><\/audio>\n<p>&nbsp;<\/p>\n<blockquote>\n<h3>A GUBBIO DENIS MEZZACASA FA BELLA FIGURA<\/h3>\n<\/blockquote>\n<p><strong><a class=\"dt-pswp-item\" href=\"https:\/\/www.radiopiu.net\/wordpress\/wp-content\/uploads\/2023\/07\/79389c4d-87d7-4231-9873-aa79fa62f4eb.jpg\" data-dt-img-description=\"\" data-large_image_width=\"1024\" data-large_image_height=\"683\"><img loading=\"lazy\" decoding=\"async\" class=\" wp-image-345652 alignleft\" src=\"https:\/\/www.radiopiu.net\/wordpress\/wp-content\/uploads\/2023\/07\/79389c4d-87d7-4231-9873-aa79fa62f4eb-300x200.jpg\" alt=\"\" width=\"164\" height=\"109\" srcset=\"https:\/\/www.radiopiu.net\/wordpress\/wp-content\/uploads\/2023\/07\/79389c4d-87d7-4231-9873-aa79fa62f4eb-300x200.jpg 300w, https:\/\/www.radiopiu.net\/wordpress\/wp-content\/uploads\/2023\/07\/79389c4d-87d7-4231-9873-aa79fa62f4eb-768x512.jpg 768w, https:\/\/www.radiopiu.net\/wordpress\/wp-content\/uploads\/2023\/07\/79389c4d-87d7-4231-9873-aa79fa62f4eb.jpg 1024w\" sizes=\"auto, (max-width: 164px) 100vw, 164px\" \/><\/a>MASER<\/strong><\/p>\n<p>di Roberto Bona<\/p>\n<audio class=\"wp-audio-shortcode\" id=\"audio-345498-16\" preload=\"none\" style=\"width: 100%;\" controls=\"controls\"><source type=\"audio\/mpeg\" src=\"https:\/\/www.radiopiu.net\/wordpress\/wp-content\/uploads\/2023\/07\/gr-25-sport-denis-mezzacasa-bona.mp3?_=16\" \/><a href=\"https:\/\/www.radiopiu.net\/wordpress\/wp-content\/uploads\/2023\/07\/gr-25-sport-denis-mezzacasa-bona.mp3\">https:\/\/www.radiopiu.net\/wordpress\/wp-content\/uploads\/2023\/07\/gr-25-sport-denis-mezzacasa-bona.mp3<\/a><\/audio>\n<p>&nbsp;<\/p>\n<p>&nbsp;<\/p>\n<\/div>\n<\/div>\n<\/div>\n","protected":false},"excerpt":{"rendered":"<p>40esimo di RADIOPIU\u2026. LA VOCE DELL\u2019EMOZIONE ISCRIVITI AL NOSTRO CANALE\u00a0\u00a0YOUTUBE PER SEGUIRE IN DIRETTA I PRINCIPALI PROGRAMMI DI RADIO PIU\u2019 E LE FUTURE DIRETTE IN ESTERNA. PER ISCRIVERTI\u00a0CLICCA QUI\u00a0E PREMI\u00a0 \u201cIscriviti\u201d &nbsp; &nbsp; VIAGGIARE SULL&#8217;AGORDINA&#8230; PER ESSERE SEMPRE INFORMATI CON AMPIO ANTICIPO ASCOLTA Radio Pi\u00f9 E SEGUI TELEGRAM viabilita provincia di belluno&#8230; E NON AVRAI&hellip;<\/p>\n","protected":false},"author":4,"featured_media":345540,"comment_status":"closed","ping_status":"closed","sticky":false,"template":"","format":"standard","meta":{"_monsterinsights_skip_tracking":false,"_monsterinsights_sitenote_active":false,"_monsterinsights_sitenote_note":"","_monsterinsights_sitenote_category":0,"footnotes":""},"categories":[51,86,49],"tags":[],"class_list":["post-345498","post","type-post","status-publish","format-standard","has-post-thumbnail","hentry","category-evidenza-top","category-gr","category-news-18","category-51","category-86","category-49","description-off"],"img_url":"https:\/\/www.radiopiu.net\/wordpress\/wp-content\/uploads\/2023\/07\/378f61d0-01d0-4eda-b7b6-77185c76ca82-1.jpg","_links":{"self":[{"href":"https:\/\/www.radiopiu.net\/wordpress\/wp-json\/wp\/v2\/posts\/345498","targetHints":{"allow":["GET"]}}],"collection":[{"href":"https:\/\/www.radiopiu.net\/wordpress\/wp-json\/wp\/v2\/posts"}],"about":[{"href":"https:\/\/www.radiopiu.net\/wordpress\/wp-json\/wp\/v2\/types\/post"}],"author":[{"embeddable":true,"href":"https:\/\/www.radiopiu.net\/wordpress\/wp-json\/wp\/v2\/users\/4"}],"replies":[{"embeddable":true,"href":"https:\/\/www.radiopiu.net\/wordpress\/wp-json\/wp\/v2\/comments?post=345498"}],"version-history":[{"count":0,"href":"https:\/\/www.radiopiu.net\/wordpress\/wp-json\/wp\/v2\/posts\/345498\/revisions"}],"wp:featuredmedia":[{"embeddable":true,"href":"https:\/\/www.radiopiu.net\/wordpress\/wp-json\/wp\/v2\/media\/345540"}],"wp:attachment":[{"href":"https:\/\/www.radiopiu.net\/wordpress\/wp-json\/wp\/v2\/media?parent=345498"}],"wp:term":[{"taxonomy":"category","embeddable":true,"href":"https:\/\/www.radiopiu.net\/wordpress\/wp-json\/wp\/v2\/categories?post=345498"},{"taxonomy":"post_tag","embeddable":true,"href":"https:\/\/www.radiopiu.net\/wordpress\/wp-json\/wp\/v2\/tags?post=345498"}],"curies":[{"name":"wp","href":"https:\/\/api.w.org\/{rel}","templated":true}]}}