{"id":345539,"date":"2023-07-24T07:55:34","date_gmt":"2023-07-24T05:55:34","guid":{"rendered":"https:\/\/www.radiopiu.net\/wordpress\/?p=345539"},"modified":"2023-07-24T07:58:22","modified_gmt":"2023-07-24T05:58:22","slug":"la-rassegna-stampa-dal-1983-di-mirko-mezzacasa-6","status":"publish","type":"post","link":"https:\/\/www.radiopiu.net\/wordpress\/la-rassegna-stampa-dal-1983-di-mirko-mezzacasa-6\/","title":{"rendered":"LA RASSEGNA STAMPA&#8230;DAL 1983 DI MIRKO MEZZACASA"},"content":{"rendered":"<p>&nbsp;<\/p>\n<p><iframe loading=\"lazy\" title=\"RASSEGNA STAMPA LOCALE\" width=\"1200\" height=\"675\" src=\"https:\/\/www.youtube.com\/embed\/BV0ffpeJtuY?feature=oembed\" frameborder=\"0\" allow=\"accelerometer; autoplay; clipboard-write; encrypted-media; gyroscope; picture-in-picture; web-share\" allowfullscreen><\/iframe><\/p>\n<p>&nbsp;<\/p>\n<p><a class=\"dt-pswp-item\" href=\"https:\/\/www.radiopiu.net\/wordpress\/wp-content\/uploads\/2023\/07\/378f61d0-01d0-4eda-b7b6-77185c76ca82-1.jpg\" data-dt-img-description=\"\" data-large_image_width=\"679\" data-large_image_height=\"552\"><img loading=\"lazy\" decoding=\"async\" class=\"size-medium wp-image-345540 alignleft\" src=\"https:\/\/www.radiopiu.net\/wordpress\/wp-content\/uploads\/2023\/07\/378f61d0-01d0-4eda-b7b6-77185c76ca82-1-300x244.jpg\" alt=\"\" width=\"300\" height=\"244\" srcset=\"https:\/\/www.radiopiu.net\/wordpress\/wp-content\/uploads\/2023\/07\/378f61d0-01d0-4eda-b7b6-77185c76ca82-1-300x244.jpg 300w, https:\/\/www.radiopiu.net\/wordpress\/wp-content\/uploads\/2023\/07\/378f61d0-01d0-4eda-b7b6-77185c76ca82-1.jpg 679w\" sizes=\"auto, (max-width: 300px) 100vw, 300px\" \/><\/a>SEDICO Riprendono i lavori sulla SR 203 Agordina in localit\u00e0 La Pissa. Fino al 4 agosto, esclusi sabati e domeniche, la strada verr\u00e0 chiusa a fasce orarie: dalle 8 alle 9:35, dalle 9:50 alle 11:10, Dalle 11:25 alle 12:20 e dalle 14:25 alle 15:55.<br \/>\nVENEZIA Il Centro Funzionale Decentrato della Protezione Civile della Regione del Veneto ha emesso un avviso in cui dichiara condizioni di instabilit\u00e0 a partire da OGGI pomeriggio con probabilit\u00e0 in aumento di rovesci e temporali, a partire dalle zone montane\/pedemontane in successiva estensione dalla serata anche<br \/>\nROCCA PIETORE Ieri mattina alle 9.30 una motocicletta, condotta da un uomo di 60 anni proveniente da Ravenna, \u00e8 entrata in collisione con un\u2019auto sulla Sp 641. Il motociclista, ferito gravemente, \u00e8 stato trasportato in ambulanza verso valle, in localit\u00e0 Boscoverde, da dove \u00e8 stato elitrasportato all\u2019ospedale di Belluno. Nell\u2019incidente sono stati coinvolti anche tre bambini che viaggiavano sugli altri due mezzi. Fortunatamente, nonostante lo choc per l\u2019accaduto, nessuna ferita.<br \/>\nCOLLE SANTA LUCIA Falco nel pomeriggio di ieri \u00e8 intervenuto sul Passo Giau per una caduta in bicicletta: \u00e8 rimasto ferito un 36enne tedesco che \u00e8 stato trasportato al San Martino di Belluno.<br \/>\nCORTINA Bloccati senza casco, imbrago e pile sulla Ferrata Tomaselli alla Punta Fanes Sud: recuperati nella notte due escursionisti. \u2018Ferrata verticale, impegnativa, con passaggi esposti e tecnicamente difficili\u2019 si legge sulla relazione dell\u2019itinerario attrezzato affrontato ieri da due 25enni di Verona che, attorno alle 21 di sabato, hanno chiesto aiuto incapaci di proseguire. Sotto la minaccia del temporale<br \/>\nAGORDO Situazione \u201cscandalosa\u201d e se lo dice un addetto ai lavori e s\u2019alza il coro di protesta dei \u201cpostini\u201d la situazione \u00e8 davvero preoccupante. In tutta la provincia certo, ma soprattutto nell\u2019Agordino dove pacchi, raccomandate, atti giudiziari, sono tutti fermi in \u201cmagazzino\u201d in attesa che il personale (quale personale?) lo porti a destinazione.<br \/>\nCANALE D\u2019AGORDO Oggi alle 20 in sala Zando\u2019 si riunisce il consiglio comunale. All\u2019ordine del giorno il bilancio di previsione e l\u2019autorizzazione alla costituzione di garanzia<br \/>\nALLEGHE Una folla al taglio del nastro del nuovo studio di Laura Ballis a Masar\u00e8 di Alleghe, dove l\u2019artista \u00e8 nata e dove negli anni \u201970 \u201cla Stua\u201d era il punto di ritrovo per turisti e valligiani\u2026 Claudio Baglioni . All\u2019inaugurazione con il sindaco Danilo De Toni in fascia tricolore i maestri Vico #Calabr\u00f2 e Giovanni Sogne.<br \/>\nMOTORI ANNULLATO IL SETTIMO RALLY DOLOMITI<br \/>\nCALCIO TAIBON E VOLTAGO LE FINALISTE DEL MEMORIAL ATTILIO MORETTI<br \/>\nTAIBON E LA VALLE SONO LE FINALISTE DEL CAMPIONATO AGORDINO GIOVANILE<br \/>\nCORSA CAMPESTRE ARMIN LARCH E ALBA DE SILVESTRO SONO IL RE E LA REGINA DELLA VERTICAL COL DI LANA<br \/>\nMIHAIL SIRBU SI AGGIUDICA LA SALI E SCENDI DI FORCELLA AURINE. FRANCESCA DE COLO\u2019 VINCE NEL FEMMINILE<br \/>\nLA CORRINVALLE 2023 PARLA TAIBONER. VALENTINO COSTA E FRANCESCA DE COLO\u2019 SI AGGIUDICANO LA VITTORIA<br \/>\nPALLAVOLO SOMMAVILLA, IL MEDICO DELLA BELLUNO VOLLEY<br \/>\nNUOTO TREDICI ATLETI DELLA SPORTIVAMENTE BELLUNO AI CAMPIONATI REGIONALI ESORDIENTI A<\/p>\n<p>&nbsp;<\/p>\n<p>&nbsp;<\/p>\n<p>&nbsp;<\/p>\n<p>&nbsp;<\/p>\n","protected":false},"excerpt":{"rendered":"<p>&nbsp; &nbsp; SEDICO Riprendono i lavori sulla SR 203 Agordina in localit\u00e0 La Pissa. Fino al 4 agosto, esclusi sabati e domeniche, la strada verr\u00e0 chiusa a fasce orarie: dalle 8 alle 9:35, dalle 9:50 alle 11:10, Dalle 11:25 alle 12:20 e dalle 14:25 alle 15:55. VENEZIA Il Centro Funzionale Decentrato della Protezione Civile della&hellip;<\/p>\n","protected":false},"author":4,"featured_media":345541,"comment_status":"closed","ping_status":"closed","sticky":false,"template":"","format":"standard","meta":{"_monsterinsights_skip_tracking":false,"_monsterinsights_sitenote_active":false,"_monsterinsights_sitenote_note":"","_monsterinsights_sitenote_category":0,"footnotes":""},"categories":[104,49,142],"tags":[],"class_list":["post-345539","post","type-post","status-publish","format-standard","has-post-thumbnail","hentry","category-evidenza_3","category-news-18","category-rassegna-stampa","category-104","category-49","category-142","description-off"],"img_url":"https:\/\/www.radiopiu.net\/wordpress\/wp-content\/uploads\/2023\/07\/COPE1.png","_links":{"self":[{"href":"https:\/\/www.radiopiu.net\/wordpress\/wp-json\/wp\/v2\/posts\/345539","targetHints":{"allow":["GET"]}}],"collection":[{"href":"https:\/\/www.radiopiu.net\/wordpress\/wp-json\/wp\/v2\/posts"}],"about":[{"href":"https:\/\/www.radiopiu.net\/wordpress\/wp-json\/wp\/v2\/types\/post"}],"author":[{"embeddable":true,"href":"https:\/\/www.radiopiu.net\/wordpress\/wp-json\/wp\/v2\/users\/4"}],"replies":[{"embeddable":true,"href":"https:\/\/www.radiopiu.net\/wordpress\/wp-json\/wp\/v2\/comments?post=345539"}],"version-history":[{"count":0,"href":"https:\/\/www.radiopiu.net\/wordpress\/wp-json\/wp\/v2\/posts\/345539\/revisions"}],"wp:featuredmedia":[{"embeddable":true,"href":"https:\/\/www.radiopiu.net\/wordpress\/wp-json\/wp\/v2\/media\/345541"}],"wp:attachment":[{"href":"https:\/\/www.radiopiu.net\/wordpress\/wp-json\/wp\/v2\/media?parent=345539"}],"wp:term":[{"taxonomy":"category","embeddable":true,"href":"https:\/\/www.radiopiu.net\/wordpress\/wp-json\/wp\/v2\/categories?post=345539"},{"taxonomy":"post_tag","embeddable":true,"href":"https:\/\/www.radiopiu.net\/wordpress\/wp-json\/wp\/v2\/tags?post=345539"}],"curies":[{"name":"wp","href":"https:\/\/api.w.org\/{rel}","templated":true}]}}