{"id":345610,"date":"2023-07-25T05:16:38","date_gmt":"2023-07-25T03:16:38","guid":{"rendered":"https:\/\/www.radiopiu.net\/wordpress\/?p=345610"},"modified":"2023-07-25T05:48:50","modified_gmt":"2023-07-25T03:48:50","slug":"sara-ihl-per-lalleghe-hockey-confermato-capitan-milos-ganz","status":"publish","type":"post","link":"https:\/\/www.radiopiu.net\/wordpress\/sara-ihl-per-lalleghe-hockey-confermato-capitan-milos-ganz\/","title":{"rendered":"SARA&#8217; IHL PER L&#8217;ALLEGHE HOCKEY. CONFERMATO CAPITAN MILOS GANZ"},"content":{"rendered":"<p><strong><a class=\"dt-pswp-item\" href=\"https:\/\/www.radiopiu.net\/wordpress\/wp-content\/uploads\/2023\/07\/MILOS-GANZ.jpg\" data-dt-img-description=\"\" data-large_image_width=\"682\" data-large_image_height=\"1024\"><img loading=\"lazy\" decoding=\"async\" class=\" wp-image-345611 alignleft\" src=\"https:\/\/www.radiopiu.net\/wordpress\/wp-content\/uploads\/2023\/07\/MILOS-GANZ-200x300.jpg\" alt=\"\" width=\"109\" height=\"164\" srcset=\"https:\/\/www.radiopiu.net\/wordpress\/wp-content\/uploads\/2023\/07\/MILOS-GANZ-200x300.jpg 200w, https:\/\/www.radiopiu.net\/wordpress\/wp-content\/uploads\/2023\/07\/MILOS-GANZ.jpg 682w\" sizes=\"auto, (max-width: 109px) 100vw, 109px\" \/><\/a>di Roberto Miana, portavoce dell&#8217;Alleghe Hockey<\/strong><\/p>\n<p><strong>ALLEGHE<\/strong> La societ\u00e0 Alleghe Hockey con grandissima soddisfazione conferma la propria partecipazione al campionato di Italian Hockey League 2023\/2024 e annuncia la conferma di un pilastro italiano: il capitano MILOS GANZ, importantissimo veterano nell\u2019economia della squadra. Milos \u00e8 il difensore biancorosso di maggiore esperienza. Classe 1990 di Falcade, colonna portante della retroguardia Alleghese, \u00e8 dotato anche di un buon tiro che ne fa un giocatore completo. Pu\u00f2 vantare dieci stagioni in serie A con 280 gare disputate, suddivise in 185 con la maglia dell\u2019Alleghe e 95 con quella del Fassa. Dal suo esordio in prima squadra nella stagione 2006\/2007 ha collezionato in biancorosso un totale di 407 presenze, impreziosite da 36 reti e 62 assist. Cos\u00ec ci ha raccontato Milos: \u201cQuest\u2019anno si riparte in primis con la voglia di riscattare la deludente stagione scorsa, sia per noi ma soprattutto per il nostro pubblico che, nonostante le difficolt\u00e0 avute, ci ha comunque seguiti e merita in questo 90\u00b0 anniversario della Societ\u00e0 un campionato all&#8217;altezza del nome di Alleghe e della sua storia. Dopo la fine del campionato ci siamo trovati tra giocatori e Societ\u00e0 per capire e cercare di risolvere assieme le problematiche incontrate. Da ci\u00f2 \u00e8 emerso che non potevamo permetterci di fare ancora un campionato come quello scorso e sarebbero serviti rinforzi. Grazie all\u2019ottimo lavoro svolto dalla dirigenza sul mercato ci saremo anche quest&#8217;anno pi\u00f9 carichi che mai, per onorare al meglio il 90\u00b0. Presto si conosceranno le novit\u00e0, ma per ora non vi dico nulla. Per quanto mi riguarda credo che sar\u00f2 ancora capitano, ma attendiamo l\u2019arrivo del nuovo allenatore, perch\u00e9 \u00e8 una decisione che spetta anche a lui e che verr\u00e0 presa assieme alla squadra\u201d<\/p>\n<p>&nbsp;<\/p>\n<p>&nbsp;<\/p>\n<p>********<\/p>\n","protected":false},"excerpt":{"rendered":"<p>di Roberto Miana, portavoce dell&#8217;Alleghe Hockey ALLEGHE La societ\u00e0 Alleghe Hockey con grandissima soddisfazione conferma la propria partecipazione al campionato di Italian Hockey League 2023\/2024 e annuncia la conferma di un pilastro italiano: il capitano MILOS GANZ, importantissimo veterano nell\u2019economia della squadra. Milos \u00e8 il difensore biancorosso di maggiore esperienza. Classe 1990 di Falcade, colonna&hellip;<\/p>\n","protected":false},"author":4,"featured_media":345612,"comment_status":"closed","ping_status":"closed","sticky":false,"template":"","format":"standard","meta":{"_monsterinsights_skip_tracking":false,"_monsterinsights_sitenote_active":false,"_monsterinsights_sitenote_note":"","_monsterinsights_sitenote_category":0,"footnotes":""},"categories":[104,49],"tags":[],"class_list":["post-345610","post","type-post","status-publish","format-standard","has-post-thumbnail","hentry","category-evidenza_3","category-news-18","category-104","category-49","description-off"],"img_url":"https:\/\/www.radiopiu.net\/wordpress\/wp-content\/uploads\/2023\/07\/SCR-20230724-nihp.jpeg","_links":{"self":[{"href":"https:\/\/www.radiopiu.net\/wordpress\/wp-json\/wp\/v2\/posts\/345610","targetHints":{"allow":["GET"]}}],"collection":[{"href":"https:\/\/www.radiopiu.net\/wordpress\/wp-json\/wp\/v2\/posts"}],"about":[{"href":"https:\/\/www.radiopiu.net\/wordpress\/wp-json\/wp\/v2\/types\/post"}],"author":[{"embeddable":true,"href":"https:\/\/www.radiopiu.net\/wordpress\/wp-json\/wp\/v2\/users\/4"}],"replies":[{"embeddable":true,"href":"https:\/\/www.radiopiu.net\/wordpress\/wp-json\/wp\/v2\/comments?post=345610"}],"version-history":[{"count":0,"href":"https:\/\/www.radiopiu.net\/wordpress\/wp-json\/wp\/v2\/posts\/345610\/revisions"}],"wp:featuredmedia":[{"embeddable":true,"href":"https:\/\/www.radiopiu.net\/wordpress\/wp-json\/wp\/v2\/media\/345612"}],"wp:attachment":[{"href":"https:\/\/www.radiopiu.net\/wordpress\/wp-json\/wp\/v2\/media?parent=345610"}],"wp:term":[{"taxonomy":"category","embeddable":true,"href":"https:\/\/www.radiopiu.net\/wordpress\/wp-json\/wp\/v2\/categories?post=345610"},{"taxonomy":"post_tag","embeddable":true,"href":"https:\/\/www.radiopiu.net\/wordpress\/wp-json\/wp\/v2\/tags?post=345610"}],"curies":[{"name":"wp","href":"https:\/\/api.w.org\/{rel}","templated":true}]}}