{"id":345696,"date":"2023-07-25T05:27:39","date_gmt":"2023-07-25T03:27:39","guid":{"rendered":"https:\/\/www.radiopiu.net\/wordpress\/?p=345696"},"modified":"2023-07-25T05:44:57","modified_gmt":"2023-07-25T03:44:57","slug":"345696-2","status":"publish","type":"post","link":"https:\/\/www.radiopiu.net\/wordpress\/345696-2\/","title":{"rendered":"INCIDENTI SULLE DOLOMITI, L&#8217;ECO ARRIVA FINO A TERAMO IN ABRUZZO"},"content":{"rendered":"<p>REDAZIONE Pubblichiamo la lettera di\u00a0 Paolo De Luca,\u00a0 lettore da Pietracamela, piccolo borgo situato sul versante orientale del Gran Sasso d&#8217;Italia &#8211;\u00a0 provincia di Teramo in Abruzzo. Paolo ci scrive dopo aver letto i precedenti articoli sui soccorsi in montagna. Interessanti spunti quelli di De Luca, anche con riferimento alla necessit\u00e0 di un&#8217;assicurazione. In realt\u00e0 quello che succede da qualche anno con Dolomti Emergency, pagando la quota associativa infatti si ha diritto anche\u00a0 al \u201cRIMBORSO SPESE PER SOCCORSO E TRASPORTO\u201d copre i costi per la ricerca di persone disperse, il soccorso, il recupero ed il trasporto effettuati con qualsiasi mezzo, compreso l\u2019utilizzo dell\u2019elicottero, avvenuti nei territorio dell\u2019Europa Geografica&#8230; Molto spesso l&#8217;assicurato si sente in diretti di chiamare l&#8217;eli\u00a0 taxy&#8230; anche per una semplice stanchezza o distorsione della caviglia.<\/p>\n<p>LA LETTERA<\/p>\n<p class=\"default-style\"><a class=\"dt-pswp-item\" href=\"https:\/\/www.radiopiu.net\/wordpress\/wp-content\/uploads\/2023\/07\/F.-Guido-date-a-Paolo-De-Luca-29-Mag.-15-58-scaled.jpg\" data-dt-img-description=\"\" data-large_image_width=\"2560\" data-large_image_height=\"1920\"><img loading=\"lazy\" decoding=\"async\" class=\"size-medium wp-image-345697 alignleft\" src=\"https:\/\/www.radiopiu.net\/wordpress\/wp-content\/uploads\/2023\/07\/F.-Guido-date-a-Paolo-De-Luca-29-Mag.-15-58-300x225.jpg\" alt=\"\" width=\"300\" height=\"225\" srcset=\"https:\/\/www.radiopiu.net\/wordpress\/wp-content\/uploads\/2023\/07\/F.-Guido-date-a-Paolo-De-Luca-29-Mag.-15-58-300x225.jpg 300w, https:\/\/www.radiopiu.net\/wordpress\/wp-content\/uploads\/2023\/07\/F.-Guido-date-a-Paolo-De-Luca-29-Mag.-15-58-1024x768.jpg 1024w, https:\/\/www.radiopiu.net\/wordpress\/wp-content\/uploads\/2023\/07\/F.-Guido-date-a-Paolo-De-Luca-29-Mag.-15-58-768x576.jpg 768w, https:\/\/www.radiopiu.net\/wordpress\/wp-content\/uploads\/2023\/07\/F.-Guido-date-a-Paolo-De-Luca-29-Mag.-15-58-1536x1152.jpg 1536w, https:\/\/www.radiopiu.net\/wordpress\/wp-content\/uploads\/2023\/07\/F.-Guido-date-a-Paolo-De-Luca-29-Mag.-15-58-2048x1536.jpg 2048w\" sizes=\"auto, (max-width: 300px) 100vw, 300px\" \/><\/a>Personalmente sono convinto che gli appelli alla prudenza non vengono rispettati da chi frequenta la montagna in qualsiasi periodo dell&#8217;anno. A mio avviso si deve creare un deterrente per scoraggiare chi si avventura in quota senza la necessaria preparazione fisica tecnica e mentale con l&#8217;obiettivo di salvare giovani vite umane.\u00a0 Da pi\u00f9 fronti si invoca una legge in grado di arginare l&#8217;impennata degli incidenti in montagna. Attualmente, infatti, non esiste una normativa con regole specifiche per la sicurezza dell&#8217;alpinista, dell&#8217;escursionista, dello scialpinista, del ciaspolatore, del cercatore di funghi e pi\u00f9 precisamente per chi pratica\u00a0 sport di avventura.\u00a0 A mio avviso, si potrebbe modificare il decreto legislativo n. 40 del 28 febbraio 2021 in materia di sicurezza nelle discipline sportive invernali estendendolo anche all&#8217;alpinismo, all&#8217;escursionismo, allo scialpinismo al torrentismo. Cos\u00ec come nell&#8217;attuale decreto legislativo si stabiliscono precise regole sulle piste da sci, anche nel caso di escursioni e arrampicate in montagna \u00e8 necessario fissare regole pi\u00f9 stringenti. Una soluzione potrebbe essere quella di stipulare una polizza assicurativa per le attivit\u00e0 sportive: credo ci siano formule che coprono escursioni impegnative, discese fuori dalle piste battute e probabilmente anche salite su vie ferrate ( sicuramente non arrampicate di alto livello ). Nella maggior parte dei Paesi europei \u00e8 prevista un&#8217;assicurazione per questo genere di attivit\u00e0: con circa 50 euro l&#8217;anno si \u00e8 coperti in caso di infortunio. Un valido deterrente sarebbe quello di far pagare per intero al cittadino imprudente in emergenza le costose operazioni di salvataggio in montagna, comprese quelle effettuate sulle piste da sci, perch\u00e9 la comunit\u00e0 non pu\u00f2 e non deve pi\u00f9 farsi carico delle leggerezze degli irresponsabili. <img loading=\"lazy\" decoding=\"async\" class=\"alignright\" src=\"https:\/\/www.radiopiu.net\/wordpress\/wp-content\/uploads\/2023\/07\/F-Guido-a-Paolo-De-Luca8-Dic.-13-7-Poster-scaled.jpg\" width=\"216\" height=\"162\" \/>Per riflettere, basti pensare che un minuto di volo di un elicottero medicalizzato del servizio di emergenza 118\u00a0 pu\u00f2 arrivare a costare 300 euro; cifre inferiori ma di tutto rispetto, per le operazioni di soccorso con elicottero pubblico non medicalizzato o a piedi. In Austria, Francia, Svizzera e Slovenia, che dal confine Italiano distano pochi chilometri in linea d&#8217;aria, il costo del soccorso in montagna \u00e8 a totale carico del cittadino in emergenza. Cos\u00ec facendo si cerca di responsabilizzare coloro che decidono di avventurarsi in montagna senza una preliminare valutazione del percorso e delle proprie capacit\u00e0. E&#8217; solo in questo modo che gli incidenti in montagna potranno diminuire e tante giovani vite umane potranno essere risparmiate; il tutto accompagnato, ovviamente, da un risparmio di soldi pubblici che potrebbero essere investiti nell&#8217;acquisto di nuove apparecchiature elettromedicali da destinare agli ospedali italiani. Non nascondo una particolare sensibilit\u00e0 a questi temi: in parte legata alla mia esperienza come Maestro di Sci e Accompagnatore di media Montagna; in parte, o forse soprattutto, legata al fatto che a mio padre fu negata l&#8217;eliambulanza del 118 per il suo trasferimento da un ospedale ad un altro e non gli furono somministrati farmaci perch\u00e9 l&#8217;ospedale, dove era ricoverato, ne era privo.<\/p>\n<p>Paolo De Luca<\/p>\n<p>&nbsp;<\/p>\n<hr \/>\n<p>&nbsp;<\/p>\n","protected":false},"excerpt":{"rendered":"<p>REDAZIONE Pubblichiamo la lettera di\u00a0 Paolo De Luca,\u00a0 lettore da Pietracamela, piccolo borgo situato sul versante orientale del Gran Sasso d&#8217;Italia &#8211;\u00a0 provincia di Teramo in Abruzzo. Paolo ci scrive dopo aver letto i precedenti articoli sui soccorsi in montagna. Interessanti spunti quelli di De Luca, anche con riferimento alla necessit\u00e0 di un&#8217;assicurazione. In realt\u00e0&hellip;<\/p>\n","protected":false},"author":4,"featured_media":345698,"comment_status":"closed","ping_status":"closed","sticky":false,"template":"","format":"standard","meta":{"_monsterinsights_skip_tracking":false,"_monsterinsights_sitenote_active":false,"_monsterinsights_sitenote_note":"","_monsterinsights_sitenote_category":0,"footnotes":""},"categories":[51,49],"tags":[],"class_list":["post-345696","post","type-post","status-publish","format-standard","has-post-thumbnail","hentry","category-evidenza-top","category-news-18","category-51","category-49","description-off"],"img_url":"https:\/\/www.radiopiu.net\/wordpress\/wp-content\/uploads\/2023\/07\/F-Guido-a-Paolo-De-Luca8-Dic.-13-7-Poster-scaled.jpg","_links":{"self":[{"href":"https:\/\/www.radiopiu.net\/wordpress\/wp-json\/wp\/v2\/posts\/345696","targetHints":{"allow":["GET"]}}],"collection":[{"href":"https:\/\/www.radiopiu.net\/wordpress\/wp-json\/wp\/v2\/posts"}],"about":[{"href":"https:\/\/www.radiopiu.net\/wordpress\/wp-json\/wp\/v2\/types\/post"}],"author":[{"embeddable":true,"href":"https:\/\/www.radiopiu.net\/wordpress\/wp-json\/wp\/v2\/users\/4"}],"replies":[{"embeddable":true,"href":"https:\/\/www.radiopiu.net\/wordpress\/wp-json\/wp\/v2\/comments?post=345696"}],"version-history":[{"count":0,"href":"https:\/\/www.radiopiu.net\/wordpress\/wp-json\/wp\/v2\/posts\/345696\/revisions"}],"wp:featuredmedia":[{"embeddable":true,"href":"https:\/\/www.radiopiu.net\/wordpress\/wp-json\/wp\/v2\/media\/345698"}],"wp:attachment":[{"href":"https:\/\/www.radiopiu.net\/wordpress\/wp-json\/wp\/v2\/media?parent=345696"}],"wp:term":[{"taxonomy":"category","embeddable":true,"href":"https:\/\/www.radiopiu.net\/wordpress\/wp-json\/wp\/v2\/categories?post=345696"},{"taxonomy":"post_tag","embeddable":true,"href":"https:\/\/www.radiopiu.net\/wordpress\/wp-json\/wp\/v2\/tags?post=345696"}],"curies":[{"name":"wp","href":"https:\/\/api.w.org\/{rel}","templated":true}]}}