{"id":345744,"date":"2023-07-25T08:32:24","date_gmt":"2023-07-25T06:32:24","guid":{"rendered":"https:\/\/www.radiopiu.net\/wordpress\/?p=345744"},"modified":"2023-07-25T08:41:07","modified_gmt":"2023-07-25T06:41:07","slug":"maltempo-nuova-ondata-nella","status":"publish","type":"post","link":"https:\/\/www.radiopiu.net\/wordpress\/maltempo-nuova-ondata-nella\/","title":{"rendered":"MALTEMPO, NUOVA ONDATA NELLA NOTTE. ZAIA: \u201cPERSONE FERITE, DANNI INGENTI."},"content":{"rendered":"<p style=\"text-align: left;\" align=\"CENTER\"><span style=\"color: #002060;\"><span style=\"font-family: Segoe Condensed, serif;\"><span style=\"font-size: x-large;\"><b><em>AGGIORNATO LO STATO DI EMERGENZA, <\/em><\/b><\/span><\/span><\/span><em><span style=\"color: #002060;\"><span style=\"font-family: Segoe Condensed, serif;\"><span style=\"font-size: x-large;\"><span lang=\"de-DE\"><b>CHIEDIAMO INDENNIZZI PER I VENETI<\/b><\/span><\/span><\/span><\/span><span style=\"color: #002060;\"><span style=\"font-family: Segoe Condensed, serif;\"><span style=\"font-size: x-large;\"><b>\u201d <\/b><\/span><\/span><\/span><\/em><\/p>\n<p align=\"JUSTIFY\"><span style=\"color: #000000;\"><img loading=\"lazy\" decoding=\"async\" class=\"alignleft\" src=\"https:\/\/www.radiopiu.net\/wordpress\/wp-content\/uploads\/2023\/07\/d22f2bcd-7187-4aa5-8f9d-8d1b463106fb.jpg\" width=\"467\" height=\"233\" \/>\u201c<span style=\"font-family: Helvetica Neue, serif;\"><span style=\"font-size: small;\"><span style=\"font-family: Arial, serif;\"><span style=\"font-size: medium;\">Il Veneto \u00e8 stato colpito duro, per l\u2019ennesima volta in pochi giorni. Questa notte, a pi\u00f9 riprese, una serie di tempeste si sono scatenate sulla nostra Regione. Non si tratta certo di manifestazioni ordinarie del maltempo. Nel veronese abbiamo diversi feriti: un paziente in codice rosso (un ragazzo di 16 anni colpito da un ramo a Zimella), 7 in codice giallo, 27 in codice verde soccorsi dal SUEM, a cui vanno a sommarsi alcuni accesi autonomi presso i Pronto Soccorso. La grandine ha distrutto tetti, automobili, impianti industriali e artigiani. In campagna ha azzerato coltivazioni, vigneti, frutteti e serre. Le linee ferroviarie sono ora interrotte lungo la tratta fra Brescia e Padova: la mole di persone da trasportare \u00e8 elevatissima, secondo le ferrovie non sar\u00e0 possibile compensare con servizi bus per tutti i passeggeri. Il Veneto questa notte e nelle prime ore della mattina \u00e8 stato \u2018bombardato\u2019. Non si dica che si tratta di fenomeni estivi, da mettere in conto: ho numerose testimonianze di pezzi di ghiaccio grandi come mele, pesanti oltre 150g, con una potenza distruttiva estrema. Siamo di fronte, per violenza e frequenza del maltempo, a qualcosa di fuori dal comune. Questa per la nostra terra \u00e8 stata ancora una notte di passione.\u201d<\/span><\/span><\/span><\/span><\/span><\/p>\n<p align=\"JUSTIFY\"><span style=\"color: #000000;\"><span style=\"font-family: Helvetica Neue, serif;\"><span style=\"font-size: small;\"><span style=\"font-family: Arial, serif;\"><span style=\"font-size: medium;\">Sono le parole del Presidente della Regione Veneto, Luca Zaia, commentando i violenti episodi di maltempo registrati in ampie zone del Veneto questa notte e nella prima mattina, colpendo in particolare il trevigiano ed il veronese. <\/span><\/span><\/span><\/span><\/span><\/p>\n<p align=\"JUSTIFY\"><span style=\"color: #000000;\">\u201c<span style=\"font-family: Helvetica Neue, serif;\"><span style=\"font-size: small;\"><span style=\"font-family: Arial, serif;\"><span style=\"font-size: medium;\">Devo ringraziare nuovamente la Protezione Civile, i Vigili del Fuoco e tutti coloro che sono impegnati nell\u2019emergenza. Dalle prime luci dell\u2019alba sono in corso i censimenti dei danni: serve capire esattamente i perimetri delle zone colpite, che mi aspetto essere estese. I rilievi verranno aggiunti ai report gi\u00e0 inviati, nei giorni scorsi, al Governo. Lo Stato di Emergenza Regionale sar\u00e0 aggiornato nelle prossime ore alla luce delle nuove perturbazioni. Servono ristori economici per i territori del Veneto colpiti: \u00e8 quello che chiederemo allo Stato\u201d, termina il Presidente.<\/span><\/span><\/span><\/span><\/span><\/p>\n<hr \/>\n<p align=\"JUSTIFY\">\n","protected":false},"excerpt":{"rendered":"<p>AGGIORNATO LO STATO DI EMERGENZA, CHIEDIAMO INDENNIZZI PER I VENETI\u201d \u201cIl Veneto \u00e8 stato colpito duro, per l\u2019ennesima volta in pochi giorni. Questa notte, a pi\u00f9 riprese, una serie di tempeste si sono scatenate sulla nostra Regione. Non si tratta certo di manifestazioni ordinarie del maltempo. Nel veronese abbiamo diversi feriti: un paziente in codice&hellip;<\/p>\n","protected":false},"author":4,"featured_media":345281,"comment_status":"closed","ping_status":"closed","sticky":false,"template":"","format":"standard","meta":{"_monsterinsights_skip_tracking":false,"_monsterinsights_sitenote_active":false,"_monsterinsights_sitenote_note":"","_monsterinsights_sitenote_category":0,"footnotes":""},"categories":[49],"tags":[],"class_list":["post-345744","post","type-post","status-publish","format-standard","has-post-thumbnail","hentry","category-news-18","category-49","description-off"],"img_url":"https:\/\/www.radiopiu.net\/wordpress\/wp-content\/uploads\/2023\/07\/d22f2bcd-7187-4aa5-8f9d-8d1b463106fb.jpg","_links":{"self":[{"href":"https:\/\/www.radiopiu.net\/wordpress\/wp-json\/wp\/v2\/posts\/345744","targetHints":{"allow":["GET"]}}],"collection":[{"href":"https:\/\/www.radiopiu.net\/wordpress\/wp-json\/wp\/v2\/posts"}],"about":[{"href":"https:\/\/www.radiopiu.net\/wordpress\/wp-json\/wp\/v2\/types\/post"}],"author":[{"embeddable":true,"href":"https:\/\/www.radiopiu.net\/wordpress\/wp-json\/wp\/v2\/users\/4"}],"replies":[{"embeddable":true,"href":"https:\/\/www.radiopiu.net\/wordpress\/wp-json\/wp\/v2\/comments?post=345744"}],"version-history":[{"count":0,"href":"https:\/\/www.radiopiu.net\/wordpress\/wp-json\/wp\/v2\/posts\/345744\/revisions"}],"wp:featuredmedia":[{"embeddable":true,"href":"https:\/\/www.radiopiu.net\/wordpress\/wp-json\/wp\/v2\/media\/345281"}],"wp:attachment":[{"href":"https:\/\/www.radiopiu.net\/wordpress\/wp-json\/wp\/v2\/media?parent=345744"}],"wp:term":[{"taxonomy":"category","embeddable":true,"href":"https:\/\/www.radiopiu.net\/wordpress\/wp-json\/wp\/v2\/categories?post=345744"},{"taxonomy":"post_tag","embeddable":true,"href":"https:\/\/www.radiopiu.net\/wordpress\/wp-json\/wp\/v2\/tags?post=345744"}],"curies":[{"name":"wp","href":"https:\/\/api.w.org\/{rel}","templated":true}]}}