{"id":345836,"date":"2023-07-25T17:31:03","date_gmt":"2023-07-25T15:31:03","guid":{"rendered":"https:\/\/www.radiopiu.net\/wordpress\/?p=345836"},"modified":"2023-07-26T08:21:21","modified_gmt":"2023-07-26T06:21:21","slug":"il-generale-spina-saluta-il-territorio-bellunese-prima-del-trasferimento-in-sicilia","status":"publish","type":"post","link":"https:\/\/www.radiopiu.net\/wordpress\/il-generale-spina-saluta-il-territorio-bellunese-prima-del-trasferimento-in-sicilia\/","title":{"rendered":"IL GENERALE SPINA SALUTA IL TERRITORIO BELLUNESE PRIMA DEL TRASFERIMENTO IN SICILIA"},"content":{"rendered":"<p><strong>BELLUNO <\/strong>Il Generale di Divisione Giuseppe Spina, Comandante della Legione Carabinieri \u201cVeneto\u201d, \u00e8 arrivato questa mattina a Belluno per salutare le autorit\u00e0 cittadine, prima del suo trasferimento. Il Generale infatti andr\u00e0 a breve ad assumere il nuovo incarico di Comandante della Legione Carabinieri \u201cSicilia\u201d a Palermo. Apprezzamento per il lavoro svolto dai Carabinieri e un esame puntuale sulla positiva situazione della sicurezza nella provincia sono stati al centro dei molto cordiali incontri che il Generale ha avuto col Prefetto dott. Mariano Savastano, col Sindaco Oscar De Pellegrin e con la Presidente del Tribunale dott.sa Antonella Coniglio. Il Comandante ha evidenziato le peculiarit\u00e0 della provincia bellunese e confermato l\u2019impegno dell\u2019Arma ad ascoltare le esigenze del territorio, cogliendone le sensibilit\u00e0 e aspettative, per individuare le migliori risposte istituzionali possibili. Nel corso della sua permanenza a Belluno c\u2019\u00e8 stato anche l\u2019incontro e il saluto ai suoi Carabinieri, riuniti alla Caserma di Viale Europa, dove \u00e8 stato accolto dal Comandante Provinciale e da tutti gli Ufficiali e Comandanti di Stazione della Provincia. Il Generale Spina, che molto si \u00e8 speso per rinforzare i presidi dell\u2019Arma nella provincia, inviando molti Carabinieri in questi anni per incrementare le attivit\u00e0 di prevenzione generale, ha voluto esprimere il suo apprezzamento ai militari dell\u2019Arma per l\u2019impegno profuso sul territorio e per la costante opera di rassicurazione sociale che, attraverso le varie articolazioni della Benemerita, e in primo luogo le Stazioni Carabinieri, viene svolta in favore delle comunit\u00e0. Il Comandante della Legione Veneto, che ora dovr\u00e0 affrontare le sfide di un molto impegnativo incarico in una realt\u00e0 complessa come quella siciliana, ha voluto sottolineare come le genti del Veneto siano persone oneste e laboriose che, insieme alle Amministrazioni Comunali e alle diverse realt\u00e0 sociali ed economiche, lavorano in stretta sinergia con le Istituzioni dello Stato, esprimendo sempre un grande attaccamento al loro territorio e un sincero desiderio di contribuire alla sua crescita. E in questo obiettivo i Carabinieri, parte integrante delle comunit\u00e0 che sono loro affidate, intendono continuare, in uno sforzo comune, nella loro opera di protezione e rassicurazione, offrendo sempre il loro servizio con impegno e generosit\u00e0. I Carabinieri di Belluno hanno voluto regalare al loro Comandante di Legione un quadro del noto artista bellunese Franco Murer, raffigurante i territori delle Compagnie di Belluno, Feltre e Cortina d\u2019Ampezzo, apprezzate in una unica composizione, nella certezza che l\u2019opera potr\u00e0 ricordare al Generale la bella realt\u00e0 bellunese anche quando raggiunger\u00e0 la terra di Sicilia.<\/p>\n<p>&nbsp;<\/p>\n\n\t\t\t<style type='text\/css'>\n\t\t\t\t#gallery-1 {\n\t\t\t\t\tmargin: auto;\n\t\t\t\t}\n\t\t\t\t#gallery-1 .gallery-item {\n\t\t\t\t\tfloat: left;\n\t\t\t\t\tmargin-top: 10px;\n\t\t\t\t\ttext-align: center;\n\t\t\t\t\twidth: 50%;\n\t\t\t\t}\n\t\t\t\t#gallery-1 img {\n\t\t\t\t\tborder: 2px solid #cfcfcf;\n\t\t\t\t}\n\t\t\t\t#gallery-1 .gallery-caption {\n\t\t\t\t\tmargin-left: 0;\n\t\t\t\t}\n\t\t\t\t\/* see gallery_shortcode() in wp-includes\/media.php *\/\n\t\t\t<\/style>\n\t\t<div id='gallery-1' class='dt-gallery-container gallery galleryid-345836 gallery-columns-2 gallery-size-medium'><dl class='gallery-item'>\n\t\t\t\t<dt class='gallery-icon landscape'>\n\t\t\t\t\t<a class=\"rollover rollover-zoom dt-pswp-item\" title=\"cdcc615f-a0f2-43f1-a96d-a1d2c770f242\" data-dt-img-description=\"\" data-large_image_width=\"2048\" data-large_image_height=\"1418\"href='https:\/\/www.radiopiu.net\/wordpress\/wp-content\/uploads\/2023\/07\/cdcc615f-a0f2-43f1-a96d-a1d2c770f242.jpg'><img loading=\"lazy\" decoding=\"async\" width=\"300\" height=\"208\" src=\"https:\/\/www.radiopiu.net\/wordpress\/wp-content\/uploads\/2023\/07\/cdcc615f-a0f2-43f1-a96d-a1d2c770f242-300x208.jpg\" class=\"attachment-medium size-medium\" alt=\"\" srcset=\"https:\/\/www.radiopiu.net\/wordpress\/wp-content\/uploads\/2023\/07\/cdcc615f-a0f2-43f1-a96d-a1d2c770f242-300x208.jpg 300w, https:\/\/www.radiopiu.net\/wordpress\/wp-content\/uploads\/2023\/07\/cdcc615f-a0f2-43f1-a96d-a1d2c770f242-1024x709.jpg 1024w, https:\/\/www.radiopiu.net\/wordpress\/wp-content\/uploads\/2023\/07\/cdcc615f-a0f2-43f1-a96d-a1d2c770f242-768x532.jpg 768w, https:\/\/www.radiopiu.net\/wordpress\/wp-content\/uploads\/2023\/07\/cdcc615f-a0f2-43f1-a96d-a1d2c770f242-1536x1064.jpg 1536w, https:\/\/www.radiopiu.net\/wordpress\/wp-content\/uploads\/2023\/07\/cdcc615f-a0f2-43f1-a96d-a1d2c770f242.jpg 2048w\" sizes=\"auto, (max-width: 300px) 100vw, 300px\" \/><\/a>\n\t\t\t\t<\/dt><\/dl><dl class='gallery-item'>\n\t\t\t\t<dt class='gallery-icon landscape'>\n\t\t\t\t\t<a class=\"rollover rollover-zoom dt-pswp-item\" title=\"6c3bc41e-39d3-4363-b423-3f927fc1f885\" data-dt-img-description=\"\" data-large_image_width=\"2048\" data-large_image_height=\"1365\"href='https:\/\/www.radiopiu.net\/wordpress\/wp-content\/uploads\/2023\/07\/6c3bc41e-39d3-4363-b423-3f927fc1f885.jpg'><img loading=\"lazy\" decoding=\"async\" width=\"300\" height=\"200\" src=\"https:\/\/www.radiopiu.net\/wordpress\/wp-content\/uploads\/2023\/07\/6c3bc41e-39d3-4363-b423-3f927fc1f885-300x200.jpg\" class=\"attachment-medium size-medium\" alt=\"\" srcset=\"https:\/\/www.radiopiu.net\/wordpress\/wp-content\/uploads\/2023\/07\/6c3bc41e-39d3-4363-b423-3f927fc1f885-300x200.jpg 300w, https:\/\/www.radiopiu.net\/wordpress\/wp-content\/uploads\/2023\/07\/6c3bc41e-39d3-4363-b423-3f927fc1f885-1024x683.jpg 1024w, https:\/\/www.radiopiu.net\/wordpress\/wp-content\/uploads\/2023\/07\/6c3bc41e-39d3-4363-b423-3f927fc1f885-768x512.jpg 768w, https:\/\/www.radiopiu.net\/wordpress\/wp-content\/uploads\/2023\/07\/6c3bc41e-39d3-4363-b423-3f927fc1f885-1536x1024.jpg 1536w, https:\/\/www.radiopiu.net\/wordpress\/wp-content\/uploads\/2023\/07\/6c3bc41e-39d3-4363-b423-3f927fc1f885.jpg 2048w\" sizes=\"auto, (max-width: 300px) 100vw, 300px\" \/><\/a>\n\t\t\t\t<\/dt><\/dl><br style=\"clear: both\" \/><dl class='gallery-item'>\n\t\t\t\t<dt class='gallery-icon landscape'>\n\t\t\t\t\t<a class=\"rollover rollover-zoom dt-pswp-item\" title=\"15796c6a-a3f8-4fd4-91d0-f9e3af15ab2e\" data-dt-img-description=\"\" data-large_image_width=\"2048\" data-large_image_height=\"1365\"href='https:\/\/www.radiopiu.net\/wordpress\/wp-content\/uploads\/2023\/07\/15796c6a-a3f8-4fd4-91d0-f9e3af15ab2e.jpg'><img loading=\"lazy\" decoding=\"async\" width=\"300\" height=\"200\" src=\"https:\/\/www.radiopiu.net\/wordpress\/wp-content\/uploads\/2023\/07\/15796c6a-a3f8-4fd4-91d0-f9e3af15ab2e-300x200.jpg\" class=\"attachment-medium size-medium\" alt=\"\" srcset=\"https:\/\/www.radiopiu.net\/wordpress\/wp-content\/uploads\/2023\/07\/15796c6a-a3f8-4fd4-91d0-f9e3af15ab2e-300x200.jpg 300w, https:\/\/www.radiopiu.net\/wordpress\/wp-content\/uploads\/2023\/07\/15796c6a-a3f8-4fd4-91d0-f9e3af15ab2e-1024x683.jpg 1024w, https:\/\/www.radiopiu.net\/wordpress\/wp-content\/uploads\/2023\/07\/15796c6a-a3f8-4fd4-91d0-f9e3af15ab2e-768x512.jpg 768w, https:\/\/www.radiopiu.net\/wordpress\/wp-content\/uploads\/2023\/07\/15796c6a-a3f8-4fd4-91d0-f9e3af15ab2e-1536x1024.jpg 1536w, https:\/\/www.radiopiu.net\/wordpress\/wp-content\/uploads\/2023\/07\/15796c6a-a3f8-4fd4-91d0-f9e3af15ab2e.jpg 2048w\" sizes=\"auto, (max-width: 300px) 100vw, 300px\" \/><\/a>\n\t\t\t\t<\/dt><\/dl><dl class='gallery-item'>\n\t\t\t\t<dt class='gallery-icon landscape'>\n\t\t\t\t\t<a class=\"rollover rollover-zoom dt-pswp-item\" title=\"0b1d78f0-84b0-4f62-a152-584ee38a41ec\" data-dt-img-description=\"\" data-large_image_width=\"1848\" data-large_image_height=\"1224\"href='https:\/\/www.radiopiu.net\/wordpress\/wp-content\/uploads\/2023\/07\/0b1d78f0-84b0-4f62-a152-584ee38a41ec.jpg'><img loading=\"lazy\" decoding=\"async\" width=\"300\" height=\"199\" src=\"https:\/\/www.radiopiu.net\/wordpress\/wp-content\/uploads\/2023\/07\/0b1d78f0-84b0-4f62-a152-584ee38a41ec-300x199.jpg\" class=\"attachment-medium size-medium\" alt=\"\" srcset=\"https:\/\/www.radiopiu.net\/wordpress\/wp-content\/uploads\/2023\/07\/0b1d78f0-84b0-4f62-a152-584ee38a41ec-300x199.jpg 300w, https:\/\/www.radiopiu.net\/wordpress\/wp-content\/uploads\/2023\/07\/0b1d78f0-84b0-4f62-a152-584ee38a41ec-1024x678.jpg 1024w, https:\/\/www.radiopiu.net\/wordpress\/wp-content\/uploads\/2023\/07\/0b1d78f0-84b0-4f62-a152-584ee38a41ec-768x509.jpg 768w, https:\/\/www.radiopiu.net\/wordpress\/wp-content\/uploads\/2023\/07\/0b1d78f0-84b0-4f62-a152-584ee38a41ec-1536x1017.jpg 1536w, https:\/\/www.radiopiu.net\/wordpress\/wp-content\/uploads\/2023\/07\/0b1d78f0-84b0-4f62-a152-584ee38a41ec.jpg 1848w\" sizes=\"auto, (max-width: 300px) 100vw, 300px\" \/><\/a>\n\t\t\t\t<\/dt><\/dl><br style=\"clear: both\" \/>\n\t\t\t<\/div>\n\n<p>&nbsp;<\/p>\n<p>&nbsp;<\/p>\n<p>*******<\/p>\n","protected":false},"excerpt":{"rendered":"<p>BELLUNO Il Generale di Divisione Giuseppe Spina, Comandante della Legione Carabinieri \u201cVeneto\u201d, \u00e8 arrivato questa mattina a Belluno per salutare le autorit\u00e0 cittadine, prima del suo trasferimento. Il Generale infatti andr\u00e0 a breve ad assumere il nuovo incarico di Comandante della Legione Carabinieri \u201cSicilia\u201d a Palermo. Apprezzamento per il lavoro svolto dai Carabinieri e un&hellip;<\/p>\n","protected":false},"author":4,"featured_media":345837,"comment_status":"closed","ping_status":"closed","sticky":false,"template":"","format":"standard","meta":{"_monsterinsights_skip_tracking":false,"_monsterinsights_sitenote_active":false,"_monsterinsights_sitenote_note":"","_monsterinsights_sitenote_category":0,"footnotes":""},"categories":[51,49],"tags":[],"class_list":["post-345836","post","type-post","status-publish","format-standard","has-post-thumbnail","hentry","category-evidenza-top","category-news-18","category-51","category-49","description-off"],"img_url":"https:\/\/www.radiopiu.net\/wordpress\/wp-content\/uploads\/2023\/07\/cdcc615f-a0f2-43f1-a96d-a1d2c770f242.jpg","_links":{"self":[{"href":"https:\/\/www.radiopiu.net\/wordpress\/wp-json\/wp\/v2\/posts\/345836","targetHints":{"allow":["GET"]}}],"collection":[{"href":"https:\/\/www.radiopiu.net\/wordpress\/wp-json\/wp\/v2\/posts"}],"about":[{"href":"https:\/\/www.radiopiu.net\/wordpress\/wp-json\/wp\/v2\/types\/post"}],"author":[{"embeddable":true,"href":"https:\/\/www.radiopiu.net\/wordpress\/wp-json\/wp\/v2\/users\/4"}],"replies":[{"embeddable":true,"href":"https:\/\/www.radiopiu.net\/wordpress\/wp-json\/wp\/v2\/comments?post=345836"}],"version-history":[{"count":0,"href":"https:\/\/www.radiopiu.net\/wordpress\/wp-json\/wp\/v2\/posts\/345836\/revisions"}],"wp:featuredmedia":[{"embeddable":true,"href":"https:\/\/www.radiopiu.net\/wordpress\/wp-json\/wp\/v2\/media\/345837"}],"wp:attachment":[{"href":"https:\/\/www.radiopiu.net\/wordpress\/wp-json\/wp\/v2\/media?parent=345836"}],"wp:term":[{"taxonomy":"category","embeddable":true,"href":"https:\/\/www.radiopiu.net\/wordpress\/wp-json\/wp\/v2\/categories?post=345836"},{"taxonomy":"post_tag","embeddable":true,"href":"https:\/\/www.radiopiu.net\/wordpress\/wp-json\/wp\/v2\/tags?post=345836"}],"curies":[{"name":"wp","href":"https:\/\/api.w.org\/{rel}","templated":true}]}}