{"id":345871,"date":"2023-07-27T05:48:13","date_gmt":"2023-07-27T03:48:13","guid":{"rendered":"https:\/\/www.radiopiu.net\/wordpress\/?p=345871"},"modified":"2023-07-27T09:12:37","modified_gmt":"2023-07-27T07:12:37","slug":"giornale-radiopiu-27-luglio-2023-direttore-mirko-mezzacasada-40-anni-25-giugno-1983-25-giugno-2023","status":"publish","type":"post","link":"https:\/\/www.radiopiu.net\/wordpress\/giornale-radiopiu-27-luglio-2023-direttore-mirko-mezzacasada-40-anni-25-giugno-1983-25-giugno-2023\/","title":{"rendered":"GIORNALE RADIOPIU 27 LUGLIO 2023 DIRETTORE MIRKO MEZZACASA\u2026DA 40 ANNI 25 GIUGNO 1983-25 GIUGNO 2023"},"content":{"rendered":"<h2 style=\"text-align: left;\"><span style=\"color: #ff0000;\"><span style=\"vertical-align: inherit;\"><a class=\"dt-pswp-item\" href=\"https:\/\/www.radiopiu.net\/wordpress\/wp-content\/uploads\/2023\/04\/e0aad41d-951e-47b9-9fae-1a879a9bcb7e-1.jpg\" data-dt-img-description=\"\" data-large_image_width=\"1200\" data-large_image_height=\"1200\"><img loading=\"lazy\" decoding=\"async\" class=\"wp-image-333205 alignleft\" src=\"https:\/\/www.radiopiu.net\/wordpress\/wp-content\/uploads\/2023\/04\/e0aad41d-951e-47b9-9fae-1a879a9bcb7e-1-300x300.jpg\" alt=\"\" width=\"110\" height=\"110\" srcset=\"https:\/\/www.radiopiu.net\/wordpress\/wp-content\/uploads\/2023\/04\/e0aad41d-951e-47b9-9fae-1a879a9bcb7e-1-300x300.jpg 300w, https:\/\/www.radiopiu.net\/wordpress\/wp-content\/uploads\/2023\/04\/e0aad41d-951e-47b9-9fae-1a879a9bcb7e-1-1024x1024.jpg 1024w, https:\/\/www.radiopiu.net\/wordpress\/wp-content\/uploads\/2023\/04\/e0aad41d-951e-47b9-9fae-1a879a9bcb7e-1-150x150.jpg 150w, https:\/\/www.radiopiu.net\/wordpress\/wp-content\/uploads\/2023\/04\/e0aad41d-951e-47b9-9fae-1a879a9bcb7e-1-768x768.jpg 768w, https:\/\/www.radiopiu.net\/wordpress\/wp-content\/uploads\/2023\/04\/e0aad41d-951e-47b9-9fae-1a879a9bcb7e-1.jpg 1200w\" sizes=\"auto, (max-width: 110px) 100vw, 110px\" \/><\/a><\/span><\/span><\/h2>\n<h1 class=\"entry-title\">40esimo di RADIOPIU\u2026. LA VOCE DELL\u2019EMOZIONE<\/h1>\n<h2><span style=\"color: #ff0000;\">ISCRIVITI AL NOSTRO CANALE\u00a0\u00a0YOUTUBE PER SEGUIRE IN DIRETTA I PRINCIPALI PROGRAMMI DI RADIO PIU\u2019 E LE FUTURE DIRETTE IN ESTERNA. PER ISCRIVERTI\u00a0<a style=\"color: #ff0000;\" href=\"https:\/\/youtube.com\/@radiopiu1527\">CLICCA QUI\u00a0<\/a>E PREMI\u00a0 \u201cIscriviti\u201d<\/span><\/h2>\n<blockquote>\n<h3><strong>\u00a0<\/strong><\/h3>\n<h3><strong>Addio a Sin\u00e9ad O&#8217;Connor: La voce ribelle che ha segnato un&#8217;epoca<\/strong><\/h3>\n<p>Oggi, celebriamo il suo straordinario contributo musicale e il suo spirito indomito, ricordando una figura che ha lasciato un&#8217;impronta indelebile nella storia della musica e nei cuori di coloro che l&#8217;hanno amata.<\/p><\/blockquote>\n<div class=\"flex-1 overflow-hidden\">\n<div class=\"react-scroll-to-bottom--css-qkqcb-79elbk h-full dark:bg-gray-800\">\n<div class=\"react-scroll-to-bottom--css-qkqcb-1n7m0yu\">\n<div class=\"flex flex-col text-sm dark:bg-gray-800\">\n<div class=\"group w-full text-gray-800 dark:text-gray-100 border-b border-black\/10 dark:border-gray-900\/50 bg-gray-50 dark:bg-[#444654]\">\n<div class=\"flex p-4 gap-4 text-base md:gap-6 md:max-w-2xl lg:max-w-[38rem] xl:max-w-3xl md:py-6 lg:px-0 m-auto\">\n<div class=\"relative flex w-[calc(100%-50px)] flex-col gap-1 md:gap-3 lg:w-[calc(100%-115px)]\">\n<div class=\"flex flex-grow flex-col gap-3\">\n<div class=\"min-h-[20px] flex items-start overflow-x-auto whitespace-pre-wrap break-words flex-col gap-4\">\n<div class=\"markdown prose w-full break-words dark:prose-invert light\">\n<p><a class=\"dt-pswp-item\" href=\"https:\/\/www.radiopiu.net\/wordpress\/wp-content\/uploads\/2023\/07\/7542664_26204149_sinead_o_connor.jpg\" data-dt-img-description=\"\" data-large_image_width=\"1280\" data-large_image_height=\"441\"><img loading=\"lazy\" decoding=\"async\" class=\"size-medium wp-image-346041 alignleft\" src=\"https:\/\/www.radiopiu.net\/wordpress\/wp-content\/uploads\/2023\/07\/7542664_26204149_sinead_o_connor-300x103.jpg\" alt=\"\" width=\"300\" height=\"103\" srcset=\"https:\/\/www.radiopiu.net\/wordpress\/wp-content\/uploads\/2023\/07\/7542664_26204149_sinead_o_connor-300x103.jpg 300w, https:\/\/www.radiopiu.net\/wordpress\/wp-content\/uploads\/2023\/07\/7542664_26204149_sinead_o_connor-1024x353.jpg 1024w, https:\/\/www.radiopiu.net\/wordpress\/wp-content\/uploads\/2023\/07\/7542664_26204149_sinead_o_connor-768x265.jpg 768w, https:\/\/www.radiopiu.net\/wordpress\/wp-content\/uploads\/2023\/07\/7542664_26204149_sinead_o_connor.jpg 1280w\" sizes=\"auto, (max-width: 300px) 100vw, 300px\" \/><\/a>Il mondo della musica si stringe intorno a un&#8217;immensa perdita: Sin\u00e9ad O&#8217;Connor ci ha lasciati all&#8217;et\u00e0 di soli 56 anni.\u00a0 Sin\u00e9ad O&#8217;Connor \u00e8 stata una cantautrice irlandese dal talento ineguagliabile e dalla voce potente, famosa per il suo coraggio e la sua ribellione nei confronti dell&#8217;establishment. Durante la sua carriera, ha affrontato numerose battaglie personali e artistiche, ma ha sempre dimostrato di essere una figura autentica e sincera, tanto amata quanto controversa. Il suo ultimo tweet, apparso solo una settimana fa, era un tributo struggente al figlio Shane, che ci ha lasciati un anno prima, tragicamente vittima del suicidio a soli diciassette anni.\u00a0 \u00a0Addio, Sin\u00e9ad O&#8217;Connor. La tua musica e il tuo messaggio vivranno per sempre. (MM)<\/p>\n<p>&nbsp;<\/p>\n<\/div>\n<\/div>\n<\/div>\n<\/div>\n<\/div>\n<\/div>\n<\/div>\n<\/div>\n<\/div>\n<\/div>\n<p>&nbsp;<\/p>\n<hr \/>\n<p>&nbsp;<\/p>\n<blockquote>\n<h3><a class=\"dt-pswp-item\" href=\"https:\/\/www.radiopiu.net\/wordpress\/wp-content\/uploads\/2023\/07\/378f61d0-01d0-4eda-b7b6-77185c76ca82.jpg\" data-dt-img-description=\"\" data-large_image_width=\"679\" data-large_image_height=\"552\"><img loading=\"lazy\" decoding=\"async\" class=\" wp-image-345091 alignleft\" src=\"https:\/\/www.radiopiu.net\/wordpress\/wp-content\/uploads\/2023\/07\/378f61d0-01d0-4eda-b7b6-77185c76ca82-300x244.jpg\" alt=\"\" width=\"193\" height=\"157\" srcset=\"https:\/\/www.radiopiu.net\/wordpress\/wp-content\/uploads\/2023\/07\/378f61d0-01d0-4eda-b7b6-77185c76ca82-300x244.jpg 300w, https:\/\/www.radiopiu.net\/wordpress\/wp-content\/uploads\/2023\/07\/378f61d0-01d0-4eda-b7b6-77185c76ca82.jpg 679w\" sizes=\"auto, (max-width: 193px) 100vw, 193px\" \/><\/a>203 AGORDINA, CHIUSURE A FASCE ORARIE<\/h3>\n<\/blockquote>\n<p><strong>SEDICO <\/strong>SR 203 Agordina in localit\u00e0 La Pissa. Fino al 4 agosto, esclusi sabati e domeniche, la strada verr\u00e0 chiusa a fasce orarie: dalle 8 alle 9:35, dalle 9:50 alle 11:10, Dalle 11:25 alle 12:20 e dalle 14:25 alle 15:55.<\/p>\n<p>In contemporanea con questo cantiere oggi sono previsti lavori anche a La Stanga per una demolizione delle linee elettriche. Vengono rispettate le stesse chiusure previste in localit\u00e0 La Pissa.<\/p>\n<p>&nbsp;<\/p>\n<p>&nbsp;<\/p>\n<hr \/>\n<blockquote>\n<h3><\/h3>\n<h3>FRANE: CHIUSA LA 355<\/h3>\n<\/blockquote>\n<div>\n<div class=\"x1cy8zhl x78zum5 x1q0g3np xod5an3 x1pi30zi x1swvt13 xz9dl7a\">\n<div class=\"x1iyjqo2\">\n<div class=\"x78zum5 xdt5ytf xz62fqu x16ldp7u\">\n<div class=\"xu06os2 x1ok221b\">\n<h2 id=\":rol:\" class=\"x1heor9g x1qlqyl8 x1pd3egz x1a2a7pz x1gslohp x1yc453h\"><span style=\"font-size: 14px; font-weight: normal;\">Resta chiusa la SR355 &#8220;di Val Degano&#8221;dal km 39+800 localit\u00e0 Acquatona al km 42+700 localit\u00e0 Salafossa per caduta materiale detritico. Dopo l\u2019intervento dei rocciatori serve pi\u00f9 tempo per liberare le reti paramassi. <\/span><strong style=\"font-size: 14px;\"><span dir=\"ltr\" role=\"presentation\">\u00a0DolomitiBus informa che fino a diversa comunicazione, le corse della linea n. 33 Calalzo \u2013 S. Stefano \u2013 Cima Sappada di Dolomiti Bus non effettueranno la tratta Presenaio \u2013 Cima Sappada.<\/span><\/strong><\/h2>\n<p><strong>FOTO VENETO STRADE<\/strong><\/p>\n\n\t\t\t<style type='text\/css'>\n\t\t\t\t#gallery-1 {\n\t\t\t\t\tmargin: auto;\n\t\t\t\t}\n\t\t\t\t#gallery-1 .gallery-item {\n\t\t\t\t\tfloat: left;\n\t\t\t\t\tmargin-top: 10px;\n\t\t\t\t\ttext-align: center;\n\t\t\t\t\twidth: 33%;\n\t\t\t\t}\n\t\t\t\t#gallery-1 img {\n\t\t\t\t\tborder: 2px solid #cfcfcf;\n\t\t\t\t}\n\t\t\t\t#gallery-1 .gallery-caption {\n\t\t\t\t\tmargin-left: 0;\n\t\t\t\t}\n\t\t\t\t\/* see gallery_shortcode() in wp-includes\/media.php *\/\n\t\t\t<\/style>\n\t\t<div id='gallery-1' class='dt-gallery-container gallery galleryid-345871 gallery-columns-3 gallery-size-thumbnail'><dl class='gallery-item'>\n\t\t\t\t<dt class='gallery-icon landscape'>\n\t\t\t\t\t<a class=\"rollover rollover-zoom dt-pswp-item\" title=\"363790395_678625774306098_5626528217587341652_n\" data-dt-img-description=\"\" data-large_image_width=\"2048\" data-large_image_height=\"1536\"href='https:\/\/www.radiopiu.net\/wordpress\/wp-content\/uploads\/2023\/07\/363790395_678625774306098_5626528217587341652_n.jpg'><img loading=\"lazy\" decoding=\"async\" width=\"150\" height=\"150\" src=\"https:\/\/www.radiopiu.net\/wordpress\/wp-content\/uploads\/2023\/07\/363790395_678625774306098_5626528217587341652_n-150x150.jpg\" class=\"attachment-thumbnail size-thumbnail\" alt=\"\" \/><\/a>\n\t\t\t\t<\/dt><\/dl><dl class='gallery-item'>\n\t\t\t\t<dt class='gallery-icon landscape'>\n\t\t\t\t\t<a class=\"rollover rollover-zoom dt-pswp-item\" title=\"362956190_678625574306118_4092476058055961498_n\" data-dt-img-description=\"\" data-large_image_width=\"2048\" data-large_image_height=\"1536\"href='https:\/\/www.radiopiu.net\/wordpress\/wp-content\/uploads\/2023\/07\/362956190_678625574306118_4092476058055961498_n.jpg'><img loading=\"lazy\" decoding=\"async\" width=\"150\" height=\"150\" src=\"https:\/\/www.radiopiu.net\/wordpress\/wp-content\/uploads\/2023\/07\/362956190_678625574306118_4092476058055961498_n-150x150.jpg\" class=\"attachment-thumbnail size-thumbnail\" alt=\"\" \/><\/a>\n\t\t\t\t<\/dt><\/dl><dl class='gallery-item'>\n\t\t\t\t<dt class='gallery-icon landscape'>\n\t\t\t\t\t<a class=\"rollover rollover-zoom dt-pswp-item\" title=\"363411876_678625564306119_2820422600317877258_n\" data-dt-img-description=\"\" data-large_image_width=\"2048\" data-large_image_height=\"1536\"href='https:\/\/www.radiopiu.net\/wordpress\/wp-content\/uploads\/2023\/07\/363411876_678625564306119_2820422600317877258_n.jpg'><img loading=\"lazy\" decoding=\"async\" width=\"150\" height=\"150\" src=\"https:\/\/www.radiopiu.net\/wordpress\/wp-content\/uploads\/2023\/07\/363411876_678625564306119_2820422600317877258_n-150x150.jpg\" class=\"attachment-thumbnail size-thumbnail\" alt=\"\" \/><\/a>\n\t\t\t\t<\/dt><\/dl><br style=\"clear: both\" \/>\n\t\t\t<\/div>\n\n<p>&nbsp;<\/p>\n<p>&nbsp;<\/p>\n<hr \/>\n<p>&nbsp;<\/p>\n<\/div>\n<\/div>\n<\/div>\n<\/div>\n<\/div>\n<p><strong><span id=\"page3R_mcid6\" class=\"markedContent\"><span dir=\"ltr\" role=\"presentation\">chius<\/span><span dir=\"ltr\" role=\"presentation\">ura<\/span> <span dir=\"ltr\" role=\"presentation\">al transito della <\/span><\/span><span id=\"page3R_mcid8\" class=\"markedContent\"><span dir=\"ltr\" role=\"presentation\">&#8211;<\/span> <span dir=\"ltr\" role=\"presentation\">S.P. 33 \u201c<\/span><span dir=\"ltr\" role=\"presentation\">di Sauris\u201d<\/span> <span dir=\"ltr\" role=\"presentation\">dal km 0+000<\/span> <span dir=\"ltr\" role=\"presentation\">(loc.<\/span> <span dir=\"ltr\" role=\"presentation\">innesto S<\/span><span dir=\"ltr\" role=\"presentation\">.<\/span><span dir=\"ltr\" role=\"presentation\">P<\/span><span dir=\"ltr\" role=\"presentation\">.<\/span> <span dir=\"ltr\" role=\"presentation\">619 Casera Razzo<\/span><span dir=\"ltr\" role=\"presentation\">)<\/span> <span dir=\"ltr\" role=\"presentation\">al km 6+800<\/span> <span dir=\"ltr\" role=\"presentation\">(loc. confine <\/span><span dir=\"ltr\" role=\"presentation\">con<\/span> <span dir=\"ltr\" role=\"presentation\">Provincia<\/span> <span dir=\"ltr\" role=\"presentation\">di Udine)<\/span><span dir=\"ltr\" role=\"presentation\">.\u00a0<\/span><\/span><\/strong><\/p>\n<p>&nbsp;<\/p>\n<hr \/>\n<p>&nbsp;<\/p>\n<blockquote>\n<h3><a class=\"dt-pswp-item\" href=\"https:\/\/www.radiopiu.net\/wordpress\/wp-content\/uploads\/2023\/07\/Senza-nome-82.png\" data-dt-img-description=\"\" data-large_image_width=\"782\" data-large_image_height=\"485\"><img loading=\"lazy\" decoding=\"async\" class=\"wp-image-345957 alignleft\" src=\"https:\/\/www.radiopiu.net\/wordpress\/wp-content\/uploads\/2023\/07\/Senza-nome-82-300x186.png\" alt=\"\" width=\"206\" height=\"128\" srcset=\"https:\/\/www.radiopiu.net\/wordpress\/wp-content\/uploads\/2023\/07\/Senza-nome-82-300x186.png 300w, https:\/\/www.radiopiu.net\/wordpress\/wp-content\/uploads\/2023\/07\/Senza-nome-82-768x476.png 768w, https:\/\/www.radiopiu.net\/wordpress\/wp-content\/uploads\/2023\/07\/Senza-nome-82.png 782w\" sizes=\"auto, (max-width: 206px) 100vw, 206px\" \/><\/a>IERI: SASSI IN STRADA SULLA COMUNALE<\/h3>\n<\/blockquote>\n<p><strong>CENCENIGHE<\/strong> Ancora sassi in strada, sulla comunale ristrutturata di recente. Effetti del maltempo, caduta sassi ed ennesimo impegno per gli operai del Comune sulla viabilit\u00e0 comunale. La strada va dal campo di calcio verso il cimitero.<\/p>\n<p><strong>IL SINDACO MAURO SOPPELSA\u00a0<\/strong><\/p>\n<audio class=\"wp-audio-shortcode\" id=\"audio-345871-1\" preload=\"none\" style=\"width: 100%;\" controls=\"controls\"><source type=\"audio\/mpeg\" src=\"https:\/\/www.radiopiu.net\/wordpress\/wp-content\/uploads\/2023\/07\/mauro2.mp3?_=1\" \/><a href=\"https:\/\/www.radiopiu.net\/wordpress\/wp-content\/uploads\/2023\/07\/mauro2.mp3\">https:\/\/www.radiopiu.net\/wordpress\/wp-content\/uploads\/2023\/07\/mauro2.mp3<\/a><\/audio>\n<p>&nbsp;<\/p>\n<p>&nbsp;<\/p>\n<hr \/>\n<p>&nbsp;<\/p>\n<blockquote>\n<h3>IN DUE FRAZIONI L&#8217;ACQUA NECESSITA DI BOLLITURA<\/h3>\n<\/blockquote>\n<p><strong><img loading=\"lazy\" decoding=\"async\" class=\"alignleft\" src=\"https:\/\/www.radiopiu.net\/wordpress\/wp-content\/uploads\/2018\/08\/ACQUA.jpeg\" width=\"138\" height=\"83\" \/>SAN TOMASO AGORDINO<\/strong> nelle localit\u00e0 RONCH E CANACEDE l&#8217;acqua erogata dall&#8217;acquedotto non \u00e8 potabile e pu\u00f2 essere usata per scopi alimentari SOLO PREVIA bollitura. GSP ha, comunque, gi\u00e0 adottato le necessarie misure per la disinfezione dell&#8217;acqua presente nei serbatoi e nella rete idrica con l&#8217;aggiunta di cloro.<\/p>\n<p>&nbsp;<\/p>\n<hr \/>\n<p>&nbsp;<\/p>\n<p>&nbsp;<\/p>\n<blockquote>\n<h3>ALLARME LEGIONELLA, UOMO IN RIANIMAZIONE<\/h3>\n<\/blockquote>\n<p><a class=\"dt-pswp-item\" href=\"https:\/\/www.radiopiu.net\/wordpress\/wp-content\/uploads\/2023\/07\/th-14.jpg\" data-dt-img-description=\"\" data-large_image_width=\"320\" data-large_image_height=\"180\"><img loading=\"lazy\" decoding=\"async\" class=\"size-medium wp-image-346044 alignleft\" src=\"https:\/\/www.radiopiu.net\/wordpress\/wp-content\/uploads\/2023\/07\/th-14-300x169.jpg\" alt=\"\" width=\"300\" height=\"169\" srcset=\"https:\/\/www.radiopiu.net\/wordpress\/wp-content\/uploads\/2023\/07\/th-14-300x169.jpg 300w, https:\/\/www.radiopiu.net\/wordpress\/wp-content\/uploads\/2023\/07\/th-14.jpg 320w\" sizes=\"auto, (max-width: 300px) 100vw, 300px\" \/><\/a><strong>BELLUNO<\/strong> Un bellunese che si occupa di sfalci \u00e8 in gravi condizioni all&#8217;ospedale di Padova. Colpito da legionella anche un turista veneziano ad Auronzo e un bellunese di ritorno da una vacanza a Bibione.\u00a0 La malattia \u00e8 un&#8217;infezione polmonare causata dal batterio Legionella\u00a0 che si trova soprattutto in acqua. Il germe pu\u00f2 sopravvivere a lungo nelle tubature e nei rubinetti, mentre i luoghi di diffusione sono spesso quelli di aggregazione. La malattia infettiva\u00a0 si pu\u00f2 manifestare come polmonite con tasso di mortalit\u00e0 variabile tra 10-15%, o in forma simil-influenzale a decorso benigno.<br \/>\nOggi sul Corriere delle Alpi una pagina dedicata all&#8217;argomento di Gigi Sosso e Paola Dall&#8217;Anese che riporta anche il pensiero della Ulss1: <em>&#8220;Sono state effettuate le comunicazioni di rito anche alle altre aziende sanitarie interessate. Ad oggi si sono verificati casi sporadici&#8221; <\/em>hanno detto \u00a0I tecnici\u00a0 del dipartimento di prevenzione\u00a0 che gi\u00e0 hanno pianificato prelievi nelle strutture a rischio.<\/p>\n<h3>Febbre di Pontiac<\/h3>\n<p>In alcuni casi, l&#8217;infezione da\u00a0<em>Legionella<\/em>\u00a0si manifesta come una sindrome simil-influenzale in forma acuta, senza\u00a0<a title=\"Malattia Polmonare\" href=\"https:\/\/www.my-personaltrainer.it\/salute-benessere\/malattia-polmonare.html\">pneumopatia<\/a>, a risoluzione spontanea entro 2-5 giorni. Questo quadro clinico, detto febbre di Pontiac, \u00e8 spesso\u00a0<strong>preceduto da una fase<\/strong>, detta\u00a0<strong>prodromica<\/strong>, in cui la sintomatologia \u00e8 di carattere generale e non particolarmente preoccupante<\/p>\n<p>&nbsp;<\/p>\n<p>&nbsp;<\/p>\n<hr \/>\n<p>&nbsp;<\/p>\n<p>&nbsp;<\/p>\n<blockquote>\n<h3 class=\"articlePlainSubHead\">SEMPRE GRAVI LE CONDIZIONI DI CRISTIAN<\/h3>\n<\/blockquote>\n<div class=\"articlePlainSubHead\"><strong>FELTRE<\/strong> Restano gravi le condizioni di Cristian Dalla Palma, ricoverato all&#8217;ospedale di Treviso dopo il malore accusato nella mattinata di marted\u00ec all&#8217;interno della stalla dell&#8217;azienda agricola di cui \u00e8 titolare a Vellai. Nel Feltrino s non solo Dalla Palma \u00e8 molto conosciuto. L&#8217;agricoltore \u00e8 stato colto da malore all&#8217;interno della stalla, traovato a terra da un rappresentante che ha chiamato il 118.<\/div>\n<div><\/div>\n<div><\/div>\n<hr \/>\n<p>&nbsp;<\/p>\n<blockquote>\n<h3><a class=\"dt-pswp-item\" href=\"https:\/\/www.radiopiu.net\/wordpress\/wp-content\/uploads\/2023\/04\/CUCCIOLI-LUPO.jpeg\" data-dt-img-description=\"\" data-large_image_width=\"916\" data-large_image_height=\"714\"><img loading=\"lazy\" decoding=\"async\" class=\"wp-image-333449 alignleft\" src=\"https:\/\/www.radiopiu.net\/wordpress\/wp-content\/uploads\/2023\/04\/CUCCIOLI-LUPO-300x234.jpeg\" alt=\"\" width=\"162\" height=\"126\" srcset=\"https:\/\/www.radiopiu.net\/wordpress\/wp-content\/uploads\/2023\/04\/CUCCIOLI-LUPO-300x234.jpeg 300w, https:\/\/www.radiopiu.net\/wordpress\/wp-content\/uploads\/2023\/04\/CUCCIOLI-LUPO-768x599.jpeg 768w, https:\/\/www.radiopiu.net\/wordpress\/wp-content\/uploads\/2023\/04\/CUCCIOLI-LUPO.jpeg 916w\" sizes=\"auto, (max-width: 162px) 100vw, 162px\" \/><\/a>FUGATTI IMBRACCIA IL FUCILE: MORTE AL LUPO<\/h3>\n<\/blockquote>\n<p><strong>TRENTO<\/strong> Prima le ordinanze di abbattimento degli orsi problematici (sospese dal consiglio di Stato) ed ora il provvedimento per la soppressione di due lupi dei Monti Lessini. Il Presidente della Provincia Maurizio Fugatti\u00a0 con il via libera dell&#8217;Ispra firma il decreto di abbattimento e gli animalisti provano ad alzare la voce.<\/p>\n<p><strong>IN CANSIGLIO<\/strong>\u00a0 Pap\u00e0, bimbo di due anni nello zaino e il labrador al guinzaglio passeggiano nel bosco. All&#8217;improvviso ecco due due lupi a pochi metri, che li osservano e decidono di lasciarli in pace. <em>\u00abLo ammetto, mi sono venuti i brividi\u00bb, dice Mirco De Conti, 34 anni, trevigiano di Godega Sant&#8217;Urbano. &#8220;Mi sono sentito il sangue raggelare,\u00a0 il cane \u00e8 rimasto immobile, fortunatamente non era libero&#8221;.<\/em><\/p>\n<div class=\"articlePlainText\"><\/div>\n<hr \/>\n<p>&nbsp;<\/p>\n<blockquote>\n<h3>CENTAURO FERITO LUNGO LA PROVINCIALE 31, TAMPONAMENTO A SALCE<\/h3>\n<\/blockquote>\n<div class=\"articlePlainText\"><strong>BELLUNO<\/strong>\u00a0 L&#8217;incidente ieri alle 13 tra \u00a0un furgone e una moto all&#8217;incrocio di Caleipo. Ferita la motociclista, che \u00e8 stata trasportata all&#8217;ospedale San Martino con traumi di media gravit\u00e0.\u00a0 Oltre all&#8217;ambulanza, sul posto si sono portati i vigili del fuoco per la bonifica della Sp 31 e la Polizia locale per i rilievi.<\/div>\n<div><strong>A Salce<\/strong> tamponamento davanti al centro commerciale. Nessun ferito, immancabili disagi al traffico.<\/div>\n<div><\/div>\n<p>&nbsp;<\/p>\n<hr \/>\n<p>&nbsp;<\/p>\n<blockquote>\n<h3>MALTEMPO: ZAIA TRASMETTE A ROMA LA RICHIESTA DI STATO DI EMERGENZA NAZIONALE<\/h3>\n<\/blockquote>\n<p><strong><a class=\"dt-pswp-item\" href=\"https:\/\/www.radiopiu.net\/wordpress\/wp-content\/uploads\/2022\/12\/ZAIA.jpg\" data-dt-img-description=\"\" data-large_image_width=\"1024\" data-large_image_height=\"765\"><img loading=\"lazy\" decoding=\"async\" class=\" wp-image-314057 alignleft\" src=\"https:\/\/www.radiopiu.net\/wordpress\/wp-content\/uploads\/2022\/12\/ZAIA-300x224.jpg\" alt=\"\" width=\"159\" height=\"119\" srcset=\"https:\/\/www.radiopiu.net\/wordpress\/wp-content\/uploads\/2022\/12\/ZAIA-300x224.jpg 300w, https:\/\/www.radiopiu.net\/wordpress\/wp-content\/uploads\/2022\/12\/ZAIA-768x574.jpg 768w, https:\/\/www.radiopiu.net\/wordpress\/wp-content\/uploads\/2022\/12\/ZAIA.jpg 1024w\" sizes=\"auto, (max-width: 159px) 100vw, 159px\" \/><\/a>VENEZIA <\/strong>\u201cHo trasmesso alla Presidente del Consiglio Meloni la richiesta dell\u2019attivazione dello Stato di Emergenza Nazionale: il maltempo che ha flagellato in questi giorni la Regione Veneto e l\u2019intero Nord Italia ha provocato danni gravi e diffusi, oltre il ferimento di numerose persone. Nei giorni scorsi avevo gi\u00e0 firmato lo Stato di Emergenza Regionale, pi\u00f9 volte aggiornato per far fronte agli eventi che sono successi dal 13 al 25 luglio; con questo ulteriore documento chiediamo al Governo il riconoscimento di un\u2019emergenza che per gravit\u00e0, estensione e durata, ha assunto un rilievo di carattere nazionale e la possibilit\u00e0 di accesso al Fondo di Solidariet\u00e0 previsto per i danni catastrofali. Con l\u2019occasione ringrazio nuovamente l\u2019intero Esecutivo per la vicinanza dimostrata al Veneto in queste difficili giornate\u201d. Sono le parole del Presidente della Regione Veneto, che accompagnano l\u2019invio della Richiesta del riconoscimento dello Stato di Emergenza di rilievo Nazionale e la contestuale richiesta di attivazione del Fondo di Solidariet\u00e0 Nazionale, per lo stato di calamit\u00e0 che ha colpito anche il comparto agricolo. Il documento \u00e8 stato trasmesso nelle scorse ore agli uffici di Governo.<\/p>\n<p>&nbsp;<\/p>\n<p>&nbsp;<\/p>\n<hr \/>\n<p>&nbsp;<\/p>\n<blockquote>\n<h3>TRE GLI INTERVENTI DEL SOCCORSO ALPINO NELLE PRIME ORE DI IERI<\/h3>\n<\/blockquote>\n<p><strong><a class=\"dt-pswp-item\" href=\"https:\/\/www.radiopiu.net\/wordpress\/wp-content\/uploads\/2023\/07\/Watermark_20230726_151031_240.jpg\" data-dt-img-description=\"\" data-large_image_width=\"1773\" data-large_image_height=\"2364\"><img loading=\"lazy\" decoding=\"async\" class=\" wp-image-346017 alignleft\" src=\"https:\/\/www.radiopiu.net\/wordpress\/wp-content\/uploads\/2023\/07\/Watermark_20230726_151031_240-225x300.jpg\" alt=\"\" width=\"125\" height=\"167\" srcset=\"https:\/\/www.radiopiu.net\/wordpress\/wp-content\/uploads\/2023\/07\/Watermark_20230726_151031_240-225x300.jpg 225w, https:\/\/www.radiopiu.net\/wordpress\/wp-content\/uploads\/2023\/07\/Watermark_20230726_151031_240-768x1024.jpg 768w, https:\/\/www.radiopiu.net\/wordpress\/wp-content\/uploads\/2023\/07\/Watermark_20230726_151031_240-1152x1536.jpg 1152w, https:\/\/www.radiopiu.net\/wordpress\/wp-content\/uploads\/2023\/07\/Watermark_20230726_151031_240-1536x2048.jpg 1536w, https:\/\/www.radiopiu.net\/wordpress\/wp-content\/uploads\/2023\/07\/Watermark_20230726_151031_240.jpg 1773w\" sizes=\"auto, (max-width: 125px) 100vw, 125px\" \/><\/a>BELLUNO<\/strong> Ieri attorno alle 11.15 la Centrale del Suem \u00e8 stata allertata per due escursioniste in difficolt\u00e0 sul Sorapis: madre e figlia inglesi, di 54 e 25 anni partite dal Rifugio Vandelli. Le escursioniste sono state trasportate a Pieve di Cadore.<\/p>\n<p>L&#8217;eliambulanza \u00e8 poi volata sotto la Tofana di Rozes dove un escursionista tedesco di 54 anni si era sentito poco bene, recuperato e accompagnato per accertamenti all&#8217;ospedale di Agordo.<\/p>\n<p>Una 59enne romana ha perso l&#8217;orientamento, finendo pi\u00f9 in basso rispetto all&#8217;itinerario corretto. I soccorritori l&#8217;hanno recuperata.<\/p>\n<p>&nbsp;<\/p>\n<p>&nbsp;<\/p>\n<hr \/>\n<p>&nbsp;<\/p>\n<blockquote>\n<h3>NEL CONSIGLIO COMUNALE DI CANALE APPROVATA LA VARIAZIONE DI ASSESTAMENTO A BILANCIO<\/h3>\n<\/blockquote>\n<p><strong><a class=\"dt-pswp-item\" href=\"https:\/\/www.radiopiu.net\/wordpress\/wp-content\/uploads\/2023\/04\/massimo-murer.jpeg\" data-dt-img-description=\"\" data-large_image_width=\"1440\" data-large_image_height=\"1248\"><img loading=\"lazy\" decoding=\"async\" class=\" wp-image-331593 alignleft\" src=\"https:\/\/www.radiopiu.net\/wordpress\/wp-content\/uploads\/2023\/04\/massimo-murer-300x260.jpeg\" alt=\"\" width=\"137\" height=\"119\" srcset=\"https:\/\/www.radiopiu.net\/wordpress\/wp-content\/uploads\/2023\/04\/massimo-murer-300x260.jpeg 300w, https:\/\/www.radiopiu.net\/wordpress\/wp-content\/uploads\/2023\/04\/massimo-murer-1024x887.jpeg 1024w, https:\/\/www.radiopiu.net\/wordpress\/wp-content\/uploads\/2023\/04\/massimo-murer-768x666.jpeg 768w, https:\/\/www.radiopiu.net\/wordpress\/wp-content\/uploads\/2023\/04\/massimo-murer.jpeg 1440w\" sizes=\"auto, (max-width: 137px) 100vw, 137px\" \/><\/a>CANALE D&#8217;AGORDO<\/strong><\/p>\n<p>di Gianni Santomaso<\/p>\n<audio class=\"wp-audio-shortcode\" id=\"audio-345871-2\" preload=\"none\" style=\"width: 100%;\" controls=\"controls\"><source type=\"audio\/mpeg\" src=\"https:\/\/www.radiopiu.net\/wordpress\/wp-content\/uploads\/2023\/07\/GIANNI-NEL-CONSIGLIO-COMUNALE-DI-CANALE-APPROVATA-LA-VARIAZIONE-DI-ASSESTAMENTO-A-BILANCIO.mp3?_=2\" \/><a href=\"https:\/\/www.radiopiu.net\/wordpress\/wp-content\/uploads\/2023\/07\/GIANNI-NEL-CONSIGLIO-COMUNALE-DI-CANALE-APPROVATA-LA-VARIAZIONE-DI-ASSESTAMENTO-A-BILANCIO.mp3\">https:\/\/www.radiopiu.net\/wordpress\/wp-content\/uploads\/2023\/07\/GIANNI-NEL-CONSIGLIO-COMUNALE-DI-CANALE-APPROVATA-LA-VARIAZIONE-DI-ASSESTAMENTO-A-BILANCIO.mp3<\/a><\/audio>\n<p>&nbsp;<\/p>\n<p>&nbsp;<\/p>\n<hr \/>\n<p>&nbsp;<\/p>\n<blockquote>\n<h3>SHOPPING ESSILORLUXOTTICA, SUL BANCO LE PROPRIE AZIONI<\/h3>\n<\/blockquote>\n<p><strong><img loading=\"lazy\" decoding=\"async\" class=\"alignleft\" src=\"https:\/\/www.radiopiu.net\/wordpress\/wp-content\/uploads\/2022\/06\/Luxottica-firmato-il-contratto-aziendale-per-lo-stabilimento-di-Pederobba_articleimage.jpg\" width=\"207\" height=\"127\" \/>AGORDO<\/strong> EssilorLuxottica annuncia il lancio di un programma di acquisto di azioni proprie per\u00a0 un massimo di 3.500.000 azioni EssilorLuxottica, da effettuare, a seconda delle condizioni di mercato da oggi al 31 marzo. Le azioni cos\u00ec acquisite sono destinate ad essere assegnate o trasferite ai dipendenti e ai dirigenti di EssilorLuxottica e di societ\u00e0 controllate<\/p>\n<p>&nbsp;<\/p>\n<p>&nbsp;<\/p>\n<p>&nbsp;<\/p>\n<hr \/>\n<p>&nbsp;<\/p>\n<blockquote>\n<h3>I SEGRETI DELL&#8217;ORTO DI MARINA E GIANFRANCO<\/h3>\n<\/blockquote>\n<p><strong>VOLTAGO <\/strong>Marina Miana nell&#8217;orto di casa quest&#8217;anno non ha raccolto solo pomodori ma anche una moneta. Un pezzo di 156 anni fa, del 1856.<em> \u00a0<\/em><\/p>\n\n\t\t\t<style type='text\/css'>\n\t\t\t\t#gallery-2 {\n\t\t\t\t\tmargin: auto;\n\t\t\t\t}\n\t\t\t\t#gallery-2 .gallery-item {\n\t\t\t\t\tfloat: left;\n\t\t\t\t\tmargin-top: 10px;\n\t\t\t\t\ttext-align: center;\n\t\t\t\t\twidth: 50%;\n\t\t\t\t}\n\t\t\t\t#gallery-2 img {\n\t\t\t\t\tborder: 2px solid #cfcfcf;\n\t\t\t\t}\n\t\t\t\t#gallery-2 .gallery-caption {\n\t\t\t\t\tmargin-left: 0;\n\t\t\t\t}\n\t\t\t\t\/* see gallery_shortcode() in wp-includes\/media.php *\/\n\t\t\t<\/style>\n\t\t<div id='gallery-2' class='dt-gallery-container gallery galleryid-345871 gallery-columns-2 gallery-size-thumbnail'><dl class='gallery-item'>\n\t\t\t\t<dt class='gallery-icon landscape'>\n\t\t\t\t\t<a class=\"rollover rollover-zoom dt-pswp-item\" title=\"Senza nome\" data-dt-img-description=\"\" data-large_image_width=\"465\" data-large_image_height=\"393\"href='https:\/\/www.radiopiu.net\/wordpress\/wp-content\/uploads\/2023\/07\/Senza-nome-76.png'><img loading=\"lazy\" decoding=\"async\" width=\"150\" height=\"150\" src=\"https:\/\/www.radiopiu.net\/wordpress\/wp-content\/uploads\/2023\/07\/Senza-nome-76-150x150.png\" class=\"attachment-thumbnail size-thumbnail\" alt=\"\" \/><\/a>\n\t\t\t\t<\/dt><\/dl><dl class='gallery-item'>\n\t\t\t\t<dt class='gallery-icon portrait'>\n\t\t\t\t\t<a class=\"rollover rollover-zoom dt-pswp-item\" title=\"358262298_3215275578770057_1237258009836608644_n\" data-dt-img-description=\"\" data-large_image_width=\"1536\" data-large_image_height=\"2048\"href='https:\/\/www.radiopiu.net\/wordpress\/wp-content\/uploads\/2023\/07\/358262298_3215275578770057_1237258009836608644_n.jpg'><img loading=\"lazy\" decoding=\"async\" width=\"150\" height=\"150\" src=\"https:\/\/www.radiopiu.net\/wordpress\/wp-content\/uploads\/2023\/07\/358262298_3215275578770057_1237258009836608644_n-150x150.jpg\" class=\"attachment-thumbnail size-thumbnail\" alt=\"\" \/><\/a>\n\t\t\t\t<\/dt><\/dl><br style=\"clear: both\" \/>\n\t\t\t<\/div>\n\n<p><strong>TAIBON<\/strong> Il messaggio di Gianfranco Redigonda che ci racconta del ritrovamento della moneta emersa dalla terra nell\u2019orto di Villanova, \u00e8 probabilmente del 1942<\/p>\n<p>&nbsp;<\/p>\n\n\t\t\t<style type='text\/css'>\n\t\t\t\t#gallery-3 {\n\t\t\t\t\tmargin: auto;\n\t\t\t\t}\n\t\t\t\t#gallery-3 .gallery-item {\n\t\t\t\t\tfloat: left;\n\t\t\t\t\tmargin-top: 10px;\n\t\t\t\t\ttext-align: center;\n\t\t\t\t\twidth: 33%;\n\t\t\t\t}\n\t\t\t\t#gallery-3 img {\n\t\t\t\t\tborder: 2px solid #cfcfcf;\n\t\t\t\t}\n\t\t\t\t#gallery-3 .gallery-caption {\n\t\t\t\t\tmargin-left: 0;\n\t\t\t\t}\n\t\t\t\t\/* see gallery_shortcode() in wp-includes\/media.php *\/\n\t\t\t<\/style>\n\t\t<div id='gallery-3' class='dt-gallery-container gallery galleryid-345871 gallery-columns-3 gallery-size-thumbnail'><dl class='gallery-item'>\n\t\t\t\t<dt class='gallery-icon landscape'>\n\t\t\t\t\t<a class=\"rollover rollover-zoom dt-pswp-item\" title=\"a6440054-a10f-4452-a9b6-57f9d51fc20b\" data-dt-img-description=\"\" data-large_image_width=\"1599\" data-large_image_height=\"899\"href='https:\/\/www.radiopiu.net\/wordpress\/wp-content\/uploads\/2023\/07\/a6440054-a10f-4452-a9b6-57f9d51fc20b.jpg'><img loading=\"lazy\" decoding=\"async\" width=\"150\" height=\"150\" src=\"https:\/\/www.radiopiu.net\/wordpress\/wp-content\/uploads\/2023\/07\/a6440054-a10f-4452-a9b6-57f9d51fc20b-150x150.jpg\" class=\"attachment-thumbnail size-thumbnail\" alt=\"\" \/><\/a>\n\t\t\t\t<\/dt><\/dl><dl class='gallery-item'>\n\t\t\t\t<dt class='gallery-icon portrait'>\n\t\t\t\t\t<a class=\"rollover rollover-zoom dt-pswp-item\" title=\"Senza no3me\" data-dt-img-description=\"\" data-large_image_width=\"202\" data-large_image_height=\"204\"href='https:\/\/www.radiopiu.net\/wordpress\/wp-content\/uploads\/2023\/07\/Senza-no3me.png'><img loading=\"lazy\" decoding=\"async\" width=\"150\" height=\"150\" src=\"https:\/\/www.radiopiu.net\/wordpress\/wp-content\/uploads\/2023\/07\/Senza-no3me-150x150.png\" class=\"attachment-thumbnail size-thumbnail\" alt=\"\" srcset=\"https:\/\/www.radiopiu.net\/wordpress\/wp-content\/uploads\/2023\/07\/Senza-no3me-150x150.png 150w, https:\/\/www.radiopiu.net\/wordpress\/wp-content\/uploads\/2023\/07\/Senza-no3me.png 202w\" sizes=\"auto, (max-width: 150px) 100vw, 150px\" \/><\/a>\n\t\t\t\t<\/dt><\/dl><dl class='gallery-item'>\n\t\t\t\t<dt class='gallery-icon portrait'>\n\t\t\t\t\t<a class=\"rollover rollover-zoom dt-pswp-item\" title=\"Senza nome\" data-dt-img-description=\"\" data-large_image_width=\"182\" data-large_image_height=\"202\"href='https:\/\/www.radiopiu.net\/wordpress\/wp-content\/uploads\/2023\/07\/Senza-nome-81.png'><img loading=\"lazy\" decoding=\"async\" width=\"150\" height=\"150\" src=\"https:\/\/www.radiopiu.net\/wordpress\/wp-content\/uploads\/2023\/07\/Senza-nome-81-150x150.png\" class=\"attachment-thumbnail size-thumbnail\" alt=\"\" \/><\/a>\n\t\t\t\t<\/dt><\/dl><br style=\"clear: both\" \/>\n\t\t\t<\/div>\n\n<p>&nbsp;<\/p>\n<p>&nbsp;<\/p>\n<hr \/>\n<p>&nbsp;<\/p>\n<blockquote>\n<h3>PRESENTATA LA LINEA DI TRASPORTO BELLUNO-NEVEGAL E LA RIAPERTURA DELL&#8217;UFFICIO TURISTICO SUL COLLE<\/h3>\n<\/blockquote>\n<p><strong>BELLUNO<\/strong> Nella mattinata di Ieri il sindaco di Belluno Oscar De Pellegrin e l&#8217;assessore al turismo Paolo Luciani hanno presentato la nuova linea di trasporto pubblico che collega la citt\u00e0 al Nevegal e la riapertura dell&#8217;ufficio turistico sul piazzale degli impianti di risalita.<\/p>\n<p><iframe loading=\"lazy\" title=\"DE PELLEGRIN NEVEGAL\" width=\"1200\" height=\"675\" src=\"https:\/\/www.youtube.com\/embed\/7Utgb_CrvpE?feature=oembed\" frameborder=\"0\" allow=\"accelerometer; autoplay; clipboard-write; encrypted-media; gyroscope; picture-in-picture; web-share\" allowfullscreen><\/iframe><\/p>\n<p>&nbsp;<\/p>\n<hr \/>\n<p>&nbsp;<\/p>\n<blockquote>\n<h3>RICETTE ELETTRONICHE, POSSIBILI DISSERVIZI TEMPORANEI PER AGGIORNAMENTO SISTEMI INFORMATICI<\/h3>\n<\/blockquote>\n<p><strong><a class=\"dt-pswp-item\" href=\"https:\/\/www.radiopiu.net\/wordpress\/wp-content\/uploads\/2021\/06\/MEDICO.jpg\" data-dt-img-description=\"\" data-large_image_width=\"1920\" data-large_image_height=\"1440\"><img loading=\"lazy\" decoding=\"async\" class=\" wp-image-216887 alignleft\" src=\"https:\/\/www.radiopiu.net\/wordpress\/wp-content\/uploads\/2021\/06\/MEDICO-300x225.jpg\" alt=\"\" width=\"147\" height=\"110\" srcset=\"https:\/\/www.radiopiu.net\/wordpress\/wp-content\/uploads\/2021\/06\/MEDICO-300x225.jpg 300w, https:\/\/www.radiopiu.net\/wordpress\/wp-content\/uploads\/2021\/06\/MEDICO-1024x768.jpg 1024w, https:\/\/www.radiopiu.net\/wordpress\/wp-content\/uploads\/2021\/06\/MEDICO-768x576.jpg 768w, https:\/\/www.radiopiu.net\/wordpress\/wp-content\/uploads\/2021\/06\/MEDICO-1536x1152.jpg 1536w, https:\/\/www.radiopiu.net\/wordpress\/wp-content\/uploads\/2021\/06\/MEDICO.jpg 1920w\" sizes=\"auto, (max-width: 147px) 100vw, 147px\" \/><\/a>VENEZIA <\/strong>Sono in corso da parte di Azienda Zero una serie di interventi finalizzati al miglioramento delle funzioni di prescrizione e fruizione delle ricette dematerializzate (c.d. ricette elettroniche). \u00c8 possibile che questo comporti transitori blocchi informatici con disagi per gli utenti. In caso di blocco dell\u2019applicazione o della singola ricetta dematerializzata il sistema provvede di norma a un riavvio in tempi brevi e comunque entro massimo un\u2019ora dall\u2019insorgere della problematica informatica, dopo la quale sar\u00e0 possibile per il cittadino accedere alle prestazioni richieste. Gli interventi informatici di sviluppo verranno completati nell\u2019arco di alcune giornate, terminate le quali il sistema torner\u00e0 pienamente operativo.<\/p>\n<p>&nbsp;<\/p>\n<hr \/>\n<p>&nbsp;<\/p>\n<blockquote>\n<h3>INVESTI SCUOLA, SI INTERESSA ANCHE IL PD PROVINCIALE<\/h3>\n<\/blockquote>\n<p><strong>BELLUNO <\/strong><span id=\"page7R_mcid27\" class=\"markedContent\"><span dir=\"ltr\" role=\"presentation\">Se<\/span> <span dir=\"ltr\" role=\"presentation\">non<\/span> <span dir=\"ltr\" role=\"presentation\">si<\/span> <span dir=\"ltr\" role=\"presentation\">recuperano<\/span> <span dir=\"ltr\" role=\"presentation\">i<\/span> <span dir=\"ltr\" role=\"presentation\">fondi<\/span> <span dir=\"ltr\" role=\"presentation\">entro<\/span> <span dir=\"ltr\" role=\"presentation\">settembre<\/span> <span dir=\"ltr\" role=\"presentation\">ci<\/span> <span dir=\"ltr\" role=\"presentation\">saranno<\/span> <span dir=\"ltr\" role=\"presentation\">aumenti<\/span> <span dir=\"ltr\" role=\"presentation\">importanti, <\/span><span dir=\"ltr\" role=\"presentation\">qualunque<\/span> <span dir=\"ltr\" role=\"presentation\">sia<\/span> <span dir=\"ltr\" role=\"presentation\">la <\/span><\/span><span id=\"page7R_mcid28\" class=\"markedContent\"><span dir=\"ltr\" role=\"presentation\">rimodulazione della provincia. In questi giorni diversi Comuni hanno adottato<\/span><\/span><span id=\"page7R_mcid29\" class=\"markedContent\"> <span dir=\"ltr\" role=\"presentation\">il documento proposto dal <\/span><\/span><span id=\"page7R_mcid30\" class=\"markedContent\"><span dir=\"ltr\" role=\"presentation\">PD Belluno Dolomiti che prevede di chiedere alla Regione del Veneto di intervenire direttamente nel <\/span><\/span><span id=\"page7R_mcid31\" class=\"markedContent\"><span dir=\"ltr\" role=\"presentation\">finanziamento del fondo.<\/span><\/span><span id=\"page7R_mcid32\" class=\"markedContent\"> <\/span><span id=\"page7R_mcid39\" class=\"markedContent\"><span dir=\"ltr\" role=\"presentation\">Il PD porter\u00e0 il tema all&#8217;attenzione del Consiglio Regionale <\/span><\/span><span id=\"page7R_mcid40\" class=\"markedContent\"><span dir=\"ltr\" role=\"presentation\">del Veneto. Sulla vicenda,<\/span><\/span><span id=\"page7R_mcid41\" class=\"markedContent\"> <span dir=\"ltr\" role=\"presentation\">il vicepresidente della commissione trasporti, il Consigliere Montanariello <\/span><\/span><span id=\"page7R_mcid42\" class=\"markedContent\"><span dir=\"ltr\" role=\"presentation\">presenter\u00e0 un emendamento\u00a0<\/span><\/span><\/p>\n<p>&nbsp;<\/p>\n<hr \/>\n<p>&nbsp;<\/p>\n<blockquote>\n<h3>OSTETRICIA E GINECOLOGIA FELTRE: SALUTO ALLA DOTTORESSA FAVRETTI PROSSIMA ALLA PENSIONE<\/h3>\n<\/blockquote>\n<p><strong><a class=\"dt-pswp-item\" href=\"https:\/\/www.radiopiu.net\/wordpress\/wp-content\/uploads\/2023\/07\/WhatsApp-Image-2023-07-26-at-14.29.21.jpeg\" data-dt-img-description=\"\" data-large_image_width=\"2040\" data-large_image_height=\"1530\"><img loading=\"lazy\" decoding=\"async\" class=\" wp-image-345994 alignleft\" src=\"https:\/\/www.radiopiu.net\/wordpress\/wp-content\/uploads\/2023\/07\/WhatsApp-Image-2023-07-26-at-14.29.21-300x225.jpeg\" alt=\"\" width=\"160\" height=\"120\" srcset=\"https:\/\/www.radiopiu.net\/wordpress\/wp-content\/uploads\/2023\/07\/WhatsApp-Image-2023-07-26-at-14.29.21-300x225.jpeg 300w, https:\/\/www.radiopiu.net\/wordpress\/wp-content\/uploads\/2023\/07\/WhatsApp-Image-2023-07-26-at-14.29.21-1024x768.jpeg 1024w, https:\/\/www.radiopiu.net\/wordpress\/wp-content\/uploads\/2023\/07\/WhatsApp-Image-2023-07-26-at-14.29.21-768x576.jpeg 768w, https:\/\/www.radiopiu.net\/wordpress\/wp-content\/uploads\/2023\/07\/WhatsApp-Image-2023-07-26-at-14.29.21-1536x1152.jpeg 1536w, https:\/\/www.radiopiu.net\/wordpress\/wp-content\/uploads\/2023\/07\/WhatsApp-Image-2023-07-26-at-14.29.21.jpeg 2040w\" sizes=\"auto, (max-width: 160px) 100vw, 160px\" \/><\/a>FELTRE <\/strong>Il Commissario Giuseppe Dal Ben ha salutato oggi la dottoressa Laura Favretti, primario della Ginecologia di Feltre, che dal primo settembre andr\u00e0 in pensione ma rester\u00e0 a far parte della squadra dell\u2019Ulss Dolomiti con altri incarichi. La dottoressa Favretti lascia un reparto molto apprezzato dalle donne sia come attivit\u00e0 di ostetricia, con un numero di parti maggiore rispetto allo scorso anno, sia come attivit\u00e0 di ginecologia ed in particolare per la parte oncologica. L\u2019unit\u00e0 operativa di Feltre, infatti, \u00e8 centro di riferimento per il tumore all\u2019ovaio, in rete con la Marca Trevigiana. Importante il numero di interventi ginecologici eseguiti (gi\u00e0 369 da gennaio a maggio 2023 con un incremento del 22,6% rispetto a pari periodo dello scorso anno) e dei ricoveri (+2,7% rispetto al 2022). L\u2019unit\u00e0 operativa, infatti \u00e8 scelta da donne provenienti da altre zone del Veneto e dal Trentino. Circa un terzo dei ricoveri e dei parti proviene da fuori provincia. In questi anni \u00e8 stata consolidata l\u2019attivit\u00e0 del punto nascita offrendo alle famiglie una presa in carico a tutto tondo anche con diverse metodiche di gestione del dolore sia farmacologiche che non e con una percentuale di cesarei pi\u00f9 bassa dell\u2019indicatore target. <a class=\"dt-pswp-item\" href=\"https:\/\/www.radiopiu.net\/wordpress\/wp-content\/uploads\/2023\/07\/WhatsApp-Image-2023-07-26-at-14.29.23.jpeg\" data-dt-img-description=\"\" data-large_image_width=\"2040\" data-large_image_height=\"1530\"><img loading=\"lazy\" decoding=\"async\" class=\" wp-image-345995 alignright\" src=\"https:\/\/www.radiopiu.net\/wordpress\/wp-content\/uploads\/2023\/07\/WhatsApp-Image-2023-07-26-at-14.29.23-300x225.jpeg\" alt=\"\" width=\"169\" height=\"127\" srcset=\"https:\/\/www.radiopiu.net\/wordpress\/wp-content\/uploads\/2023\/07\/WhatsApp-Image-2023-07-26-at-14.29.23-300x225.jpeg 300w, https:\/\/www.radiopiu.net\/wordpress\/wp-content\/uploads\/2023\/07\/WhatsApp-Image-2023-07-26-at-14.29.23-1024x768.jpeg 1024w, https:\/\/www.radiopiu.net\/wordpress\/wp-content\/uploads\/2023\/07\/WhatsApp-Image-2023-07-26-at-14.29.23-768x576.jpeg 768w, https:\/\/www.radiopiu.net\/wordpress\/wp-content\/uploads\/2023\/07\/WhatsApp-Image-2023-07-26-at-14.29.23-1536x1152.jpeg 1536w, https:\/\/www.radiopiu.net\/wordpress\/wp-content\/uploads\/2023\/07\/WhatsApp-Image-2023-07-26-at-14.29.23.jpeg 2040w\" sizes=\"auto, (max-width: 169px) 100vw, 169px\" \/><\/a>Tra le novit\u00e0, c\u2019\u00e8 anche la collaborazione con il Centro di Procreazione Medicalmente assistita di Pieve di Cadore per un\u2019attivit\u00e0 di rete a favore delle famiglie che cercano una bambino. Fondamentale il lavoro di \u00e9quipe sviluppato in questi anni, con un ruolo sempre pi\u00f9 centrale delle ostetriche e con un team di medici che si \u00e8 consolidato con nuovi inserimenti negli ultimi anni. Il concorso per il nuovo primario, gi\u00e0 bandito, scade il 14 agosto. Nelle more del suo espletamento il reparto sar\u00e0 retto da Giorgio Guazzelli. Grazie alla dottoressa Favretti e buona nuova vita.<\/p>\n<p>&nbsp;<\/p>\n<p>&nbsp;<\/p>\n<hr \/>\n<p>&nbsp;<\/p>\n<blockquote>\n<h3>I CAMPI SCUOLA ESTIVI DI GOSALDO<\/h3>\n<\/blockquote>\n<p><strong>GOSALDO<\/strong><\/p>\n<p>di Gianni Santomaso<\/p>\n<audio class=\"wp-audio-shortcode\" id=\"audio-345871-3\" preload=\"none\" style=\"width: 100%;\" controls=\"controls\"><source type=\"audio\/mpeg\" src=\"https:\/\/www.radiopiu.net\/wordpress\/wp-content\/uploads\/2023\/07\/GIANNI-I-CAMPI-SCUOLA-ESTIVI-DI-GOSALDO.mp3?_=3\" \/><a href=\"https:\/\/www.radiopiu.net\/wordpress\/wp-content\/uploads\/2023\/07\/GIANNI-I-CAMPI-SCUOLA-ESTIVI-DI-GOSALDO.mp3\">https:\/\/www.radiopiu.net\/wordpress\/wp-content\/uploads\/2023\/07\/GIANNI-I-CAMPI-SCUOLA-ESTIVI-DI-GOSALDO.mp3<\/a><\/audio>\n<p>&nbsp;<\/p>\n\n\t\t\t<style type='text\/css'>\n\t\t\t\t#gallery-4 {\n\t\t\t\t\tmargin: auto;\n\t\t\t\t}\n\t\t\t\t#gallery-4 .gallery-item {\n\t\t\t\t\tfloat: left;\n\t\t\t\t\tmargin-top: 10px;\n\t\t\t\t\ttext-align: center;\n\t\t\t\t\twidth: 25%;\n\t\t\t\t}\n\t\t\t\t#gallery-4 img {\n\t\t\t\t\tborder: 2px solid #cfcfcf;\n\t\t\t\t}\n\t\t\t\t#gallery-4 .gallery-caption {\n\t\t\t\t\tmargin-left: 0;\n\t\t\t\t}\n\t\t\t\t\/* see gallery_shortcode() in wp-includes\/media.php *\/\n\t\t\t<\/style>\n\t\t<div id='gallery-4' class='dt-gallery-container gallery galleryid-345871 gallery-columns-4 gallery-size-thumbnail'><dl class='gallery-item'>\n\t\t\t\t<dt class='gallery-icon portrait'>\n\t\t\t\t\t<a class=\"rollover rollover-zoom dt-pswp-item\" title=\"8da4a247-028d-4572-a7e7-b9d944c30303\" data-dt-img-description=\"\" data-large_image_width=\"1200\" data-large_image_height=\"1600\"href='https:\/\/www.radiopiu.net\/wordpress\/wp-content\/uploads\/2023\/07\/8da4a247-028d-4572-a7e7-b9d944c30303.jpg'><img loading=\"lazy\" decoding=\"async\" width=\"150\" height=\"150\" src=\"https:\/\/www.radiopiu.net\/wordpress\/wp-content\/uploads\/2023\/07\/8da4a247-028d-4572-a7e7-b9d944c30303-150x150.jpg\" class=\"attachment-thumbnail size-thumbnail\" alt=\"\" \/><\/a>\n\t\t\t\t<\/dt><\/dl><dl class='gallery-item'>\n\t\t\t\t<dt class='gallery-icon landscape'>\n\t\t\t\t\t<a class=\"rollover rollover-zoom dt-pswp-item\" title=\"0d017200-86a7-4f36-b2ab-6097afbed186\" data-dt-img-description=\"\" data-large_image_width=\"1259\" data-large_image_height=\"1074\"href='https:\/\/www.radiopiu.net\/wordpress\/wp-content\/uploads\/2023\/07\/0d017200-86a7-4f36-b2ab-6097afbed186.jpg'><img loading=\"lazy\" decoding=\"async\" width=\"150\" height=\"150\" src=\"https:\/\/www.radiopiu.net\/wordpress\/wp-content\/uploads\/2023\/07\/0d017200-86a7-4f36-b2ab-6097afbed186-150x150.jpg\" class=\"attachment-thumbnail size-thumbnail\" alt=\"\" \/><\/a>\n\t\t\t\t<\/dt><\/dl><dl class='gallery-item'>\n\t\t\t\t<dt class='gallery-icon landscape'>\n\t\t\t\t\t<a class=\"rollover rollover-zoom dt-pswp-item\" title=\"6058dc6c-fc36-44f4-9978-20259305fcd8\" data-dt-img-description=\"\" data-large_image_width=\"2048\" data-large_image_height=\"1429\"href='https:\/\/www.radiopiu.net\/wordpress\/wp-content\/uploads\/2023\/07\/6058dc6c-fc36-44f4-9978-20259305fcd8.jpg'><img loading=\"lazy\" decoding=\"async\" width=\"150\" height=\"150\" src=\"https:\/\/www.radiopiu.net\/wordpress\/wp-content\/uploads\/2023\/07\/6058dc6c-fc36-44f4-9978-20259305fcd8-150x150.jpg\" class=\"attachment-thumbnail size-thumbnail\" alt=\"\" \/><\/a>\n\t\t\t\t<\/dt><\/dl><dl class='gallery-item'>\n\t\t\t\t<dt class='gallery-icon landscape'>\n\t\t\t\t\t<a class=\"rollover rollover-zoom dt-pswp-item\" title=\"f651b980-352a-410b-9b76-a88766381058\" data-dt-img-description=\"\" data-large_image_width=\"1024\" data-large_image_height=\"769\"href='https:\/\/www.radiopiu.net\/wordpress\/wp-content\/uploads\/2023\/07\/f651b980-352a-410b-9b76-a88766381058.jpg'><img loading=\"lazy\" decoding=\"async\" width=\"150\" height=\"150\" src=\"https:\/\/www.radiopiu.net\/wordpress\/wp-content\/uploads\/2023\/07\/f651b980-352a-410b-9b76-a88766381058-150x150.jpg\" class=\"attachment-thumbnail size-thumbnail\" alt=\"\" \/><\/a>\n\t\t\t\t<\/dt><\/dl><br style=\"clear: both\" \/>\n\t\t\t<\/div>\n\n<p>&nbsp;<\/p>\n<hr \/>\n<p>&nbsp;<\/p>\n<div class=\"page-title-head hgroup\">\n<blockquote>\n<h3 class=\"entry-title\">DILLO A RADIO PIU\u2019\u2026MANCATO RISARCIMENTO PER INVESTIMENTO DI UNGULATO \u201cSONO BASITO E SENZA PAROLE\u201d<\/h3>\n<\/blockquote>\n<\/div>\n<div class=\"page-title-breadcrumbs\">\n<div>\n<div class=\"x78zum5\" role=\"none\">\n<div class=\"x78zum5 x1iyjqo2 xs83m0k xeuugli\" role=\"none\">\n<div class=\"x1h91t0o xkh2ocl x78zum5 xdt5ytf x13a6bvl xcrg951 x1r145dm\" role=\"none\">\n<div class=\"x78zum5 xh8yej3\" role=\"none\">\n<div class=\"x1cy8zhl x78zum5 xdt5ytf x193iq5w x1n2onr6\">\n<div class=\"x78zum5 xh8yej3\" role=\"none\">\n<div class=\"x1tlxs6b x1g8br2z x1gn5b1j x230xth x14ctfv x1okitfd x6ikm8r x10wlt62 x1mzt3pk x1y1aw1k xn6708d xwib8y2 x1ye3gou x1n2onr6 x13faqbe x1vjfegm\" role=\"none\">\n<div class=\"x9f619 x1n2onr6 x1ja2u2z __fb-light-mode\" role=\"none\">\n<blockquote>\n<div dir=\"auto\" role=\"none\"><strong>Alex Gerometta \u00e8 finito delle fauci della burocrazia, soprattutto del mancato riconoscimento del danno subito da parte della Regione. Pubblichiamo il suo sfogo.<\/strong><\/div>\n<\/blockquote>\n<div dir=\"auto\" role=\"none\"><\/div>\n<div dir=\"auto\" role=\"none\"><a class=\"dt-pswp-item\" href=\"https:\/\/www.radiopiu.net\/wordpress\/wp-content\/uploads\/2023\/07\/331529205_570771098338881_4847122093086745709_n.jpg\" data-dt-img-description=\"\" data-large_image_width=\"1080\" data-large_image_height=\"1080\"><img loading=\"lazy\" decoding=\"async\" class=\"wp-image-346053 alignleft\" src=\"https:\/\/www.radiopiu.net\/wordpress\/wp-content\/uploads\/2023\/07\/331529205_570771098338881_4847122093086745709_n-300x300.jpg\" alt=\"\" width=\"190\" height=\"190\" srcset=\"https:\/\/www.radiopiu.net\/wordpress\/wp-content\/uploads\/2023\/07\/331529205_570771098338881_4847122093086745709_n-300x300.jpg 300w, https:\/\/www.radiopiu.net\/wordpress\/wp-content\/uploads\/2023\/07\/331529205_570771098338881_4847122093086745709_n-1024x1024.jpg 1024w, https:\/\/www.radiopiu.net\/wordpress\/wp-content\/uploads\/2023\/07\/331529205_570771098338881_4847122093086745709_n-150x150.jpg 150w, https:\/\/www.radiopiu.net\/wordpress\/wp-content\/uploads\/2023\/07\/331529205_570771098338881_4847122093086745709_n-768x768.jpg 768w, https:\/\/www.radiopiu.net\/wordpress\/wp-content\/uploads\/2023\/07\/331529205_570771098338881_4847122093086745709_n.jpg 1080w\" sizes=\"auto, (max-width: 190px) 100vw, 190px\" \/><\/a>&#8220;Un fatto a dir poco increscioso. Un mancato riconoscimento di risarcimento danni per un malaugurato caso di investimento di un cucciolo di capriolo, in localit\u00e0 Sagrogna avvenuto il 17 luglio di quest&#8217;anno. L&#8217;agenzia che si occupa del risarcimento dice che non ci sono le prove tangibili (allegate con tanto di video della dash cam e foto del danno all&#8217;auto) per poter procedere al rimborso dei danni. Allora partiamo dal presupposto che io non ho potuto assicurare l&#8217;auto per danni da investimento di animali selvatici perch\u00e9 la compagnia assicurativa non aveva questo tipo di copertura. La Regione Veneto non si ritiene responsabile dell&#8217;accaduto in quella data. Sono stato per caso io a tagliare la strada al povero capriolo per poter andare ad abbeverarsi e tornare beatamente a pascolare nei monti? Credo che la risposta sia ovvia. Dal momento in cui le strade non sono in sicurezza, devo rimetterci io i danni, o ancor peggio, ci devono rimettere le vite questi poveri ed innocenti animali? . I fondi stanziati per coperture danni (pagati con le tasse e con le sanzioni dei contribuenti) dove vanno se non per questi casi?<\/div>\n<\/div>\n<\/div>\n<\/div>\n<\/div>\n<\/div>\n<\/div>\n<\/div>\n<\/div>\n<\/div>\n<div dir=\"auto\" role=\"none\"><\/div>\n<div dir=\"auto\" role=\"none\"><\/div>\n<div dir=\"auto\" role=\"none\">\n<hr \/>\n<\/div>\n<blockquote>\n<h2 dir=\"auto\" role=\"none\"><\/h2>\n<h2 dir=\"auto\" role=\"none\">Luca Magro 110 e lode in filosofia a Venezia<\/h2>\n<\/blockquote>\n<\/div>\n<blockquote><p><em>Un risultato straordinario per il giovane Luca, che si aggiudica il massimo dei voti nel campo della filosofia.<\/em><\/p><\/blockquote>\n<p><img loading=\"lazy\" decoding=\"async\" class=\"alignleft\" src=\"https:\/\/www.radiopiu.net\/wordpress\/wp-content\/uploads\/2023\/07\/Senza-nome-85.png\" width=\"264\" height=\"205\" \/>VENEZIA-VOLTAGO Luca\u00a0 Magro, orgoglio di mamma Valentina Ampezzan,\u00a0 ha ottenuto un risultato eccezionale nel campo della filosofia. Il brillante studente si \u00e8 distinto per il suo impegno e la dedizione, conquistando il massimo dei voti, 110 e lode, durante gli esami di laurea. Luca Magro, un giovane con una passione per il pensiero critico e la riflessione filosofica, ha dimostrato fin da giovane di avere una spiccata predisposizione per le materie umanistiche. Il suo percorso accademico \u00e8 stato caratterizzato da un costante impegno nello studio e da una curiosit\u00e0 intellettuale che lo hanno spinto a indagare sempre pi\u00f9 a fondo le tematiche filosofiche. Valentina non nasconde la sua emozione e il suo orgoglio per il successo raggiunto dal figlio. <em>&#8220;Sono felicissima e commossa nel vedere Luca realizzare i suoi sogni e raggiungere risultati cos\u00ec straordinari. Ha sempre dimostrato una passione autentica per la filosofia, e questo traguardo \u00e8 il frutto del suo impegno costante e della sua dedizione&#8221;,<\/em> ha dichiarato con un sorriso radioso. Il rettore dell&#8217;Universit\u00e0 di Venezia ha elogiato le capacit\u00e0 di Luca e ha sottolineato l&#8217;importanza di tali successi nell&#8217;ambito accademico. Auguriamo a Luca Magro un futuro brillante e ricco di successi, certi che il suo talento e la sua passione per la filosofia possano essere un faro per le generazioni future. La famiglia e gli amici continueranno a sostenerlo nella sua crescita personale e professionale, consapevoli che il suo contributo alla societ\u00e0 sar\u00e0 prezioso e significativo.<\/p>\n<p>&nbsp;<\/p>\n<p>&nbsp;<\/p>\n<hr \/>\n<blockquote>\n<h3><\/h3>\n<h3>DILLO A RADIO PIU&#8217;&#8230;L&#8217;EVASIONE FISCALE<\/h3>\n<\/blockquote>\n<p><a class=\"dt-pswp-item\" href=\"https:\/\/www.radiopiu.net\/wordpress\/wp-content\/uploads\/2020\/01\/uomo-disteso-che-conta-soldi-con-il-calcolatore_23-2148230056.jpg\" data-dt-img-description=\"\" data-large_image_width=\"626\" data-large_image_height=\"417\"><img loading=\"lazy\" decoding=\"async\" class=\"size-medium wp-image-115054 alignleft\" src=\"https:\/\/www.radiopiu.net\/wordpress\/wp-content\/uploads\/2020\/01\/uomo-disteso-che-conta-soldi-con-il-calcolatore_23-2148230056-300x200.jpg\" alt=\"\" width=\"300\" height=\"200\" srcset=\"https:\/\/www.radiopiu.net\/wordpress\/wp-content\/uploads\/2020\/01\/uomo-disteso-che-conta-soldi-con-il-calcolatore_23-2148230056-300x200.jpg 300w, https:\/\/www.radiopiu.net\/wordpress\/wp-content\/uploads\/2020\/01\/uomo-disteso-che-conta-soldi-con-il-calcolatore_23-2148230056.jpg 626w\" sizes=\"auto, (max-width: 300px) 100vw, 300px\" \/><\/a>Riceviamo e pubblichiamo<\/p>\n<blockquote><p><em>IRPEF \u2013 IVA ma anche IMU e CANONE RAI. L\u2019evasione Fiscale in Italia \u00e9 oggi pari a 1.672 Euro pro-capite. A trionfare \u00e9 sempre l\u2019IVA con un buco da 25 miliardi di Euro poi ci sono i debitori cronici: sono 7 milioni di contribuenti che ogni anno ricevono una nuova cartella esattoriale senza ancora aver pagato le precedenti. Oltre all\u2019 IRPEF e IVA cresce soprattutto l\u2019evasione contributiva ( 12,7 miliardi di Euro di contributi non versati a danno dei lavoratori). Stando ai dati a evadere l\u2019IRPEF \u00e9 il 70% degli autonomi ( 32,5 miliardi di Euro). Lavoratori dipendenti e pensionati sono ininfluenti in quanto, a queste categorie, vengono detratte dal dovuto tutte le tasse mensilmente dai datori di lavoro e Enti pensionistici. Questi dati sono stati evidenziati sulla relazione del MEF \u2013 2022. Risulta chiaro che l\u2019evasione fiscale \u00e9 ancora ben radicata nel nostro paese. Se tutti, o almeno parte, di questa massa di evasori incalliti pagassero le tasse, il Governo avrebbe a disposizione enormi\u00a0 risorse che gli consentirebbero coperture non di poco conto per i vari interventi necessari.<\/em><\/p>\n<p><em>Rodolfo Pellegrinon<\/em><\/p><\/blockquote>\n<p>&nbsp;<\/p>\n<hr \/>\n<p>&nbsp;<\/p>\n<p>&nbsp;<\/p>\n<blockquote>\n<h3>LA MAGIA DEL CIRCO PATUF, A TAIBON AGORDINO IN RIVA AL TEGNAS<\/h3>\n<\/blockquote>\n\n\t\t\t<style type='text\/css'>\n\t\t\t\t#gallery-5 {\n\t\t\t\t\tmargin: auto;\n\t\t\t\t}\n\t\t\t\t#gallery-5 .gallery-item {\n\t\t\t\t\tfloat: left;\n\t\t\t\t\tmargin-top: 10px;\n\t\t\t\t\ttext-align: center;\n\t\t\t\t\twidth: 33%;\n\t\t\t\t}\n\t\t\t\t#gallery-5 img {\n\t\t\t\t\tborder: 2px solid #cfcfcf;\n\t\t\t\t}\n\t\t\t\t#gallery-5 .gallery-caption {\n\t\t\t\t\tmargin-left: 0;\n\t\t\t\t}\n\t\t\t\t\/* see gallery_shortcode() in wp-includes\/media.php *\/\n\t\t\t<\/style>\n\t\t<div id='gallery-5' class='dt-gallery-container gallery galleryid-345871 gallery-columns-3 gallery-size-thumbnail'><dl class='gallery-item'>\n\t\t\t\t<dt class='gallery-icon portrait'>\n\t\t\t\t\t<a class=\"rollover rollover-zoom dt-pswp-item\" title=\"2985fbab-365d-42f1-af6f-7c2f7e8a32e2\" data-dt-img-description=\"\" data-large_image_width=\"750\" data-large_image_height=\"769\"href='https:\/\/www.radiopiu.net\/wordpress\/wp-content\/uploads\/2023\/07\/2985fbab-365d-42f1-af6f-7c2f7e8a32e2.jpg'><img loading=\"lazy\" decoding=\"async\" width=\"150\" height=\"150\" src=\"https:\/\/www.radiopiu.net\/wordpress\/wp-content\/uploads\/2023\/07\/2985fbab-365d-42f1-af6f-7c2f7e8a32e2-150x150.jpg\" class=\"attachment-thumbnail size-thumbnail\" alt=\"\" \/><\/a>\n\t\t\t\t<\/dt><\/dl><dl class='gallery-item'>\n\t\t\t\t<dt class='gallery-icon portrait'>\n\t\t\t\t\t<a class=\"rollover rollover-zoom dt-pswp-item\" title=\"e7ec6df5-51c1-4891-a0ce-8c983f0397c3\" data-dt-img-description=\"\" data-large_image_width=\"559\" data-large_image_height=\"1024\"href='https:\/\/www.radiopiu.net\/wordpress\/wp-content\/uploads\/2023\/07\/e7ec6df5-51c1-4891-a0ce-8c983f0397c3.jpg'><img loading=\"lazy\" decoding=\"async\" width=\"150\" height=\"150\" src=\"https:\/\/www.radiopiu.net\/wordpress\/wp-content\/uploads\/2023\/07\/e7ec6df5-51c1-4891-a0ce-8c983f0397c3-150x150.jpg\" class=\"attachment-thumbnail size-thumbnail\" alt=\"\" \/><\/a>\n\t\t\t\t<\/dt><\/dl><dl class='gallery-item'>\n\t\t\t\t<dt class='gallery-icon portrait'>\n\t\t\t\t\t<a class=\"rollover rollover-zoom dt-pswp-item\" title=\"df0971fb-dbfc-4194-a7f0-daffe1291286\" data-dt-img-description=\"\" data-large_image_width=\"540\" data-large_image_height=\"1024\"href='https:\/\/www.radiopiu.net\/wordpress\/wp-content\/uploads\/2023\/07\/df0971fb-dbfc-4194-a7f0-daffe1291286.jpg'><img loading=\"lazy\" decoding=\"async\" width=\"150\" height=\"150\" src=\"https:\/\/www.radiopiu.net\/wordpress\/wp-content\/uploads\/2023\/07\/df0971fb-dbfc-4194-a7f0-daffe1291286-150x150.jpg\" class=\"attachment-thumbnail size-thumbnail\" alt=\"\" \/><\/a>\n\t\t\t\t<\/dt><\/dl><br style=\"clear: both\" \/>\n\t\t\t<\/div>\n\n<p>&nbsp;<\/p>\n<p>&nbsp;<\/p>\n<hr \/>\n<p>&nbsp;<\/p>\n<blockquote>\n<h3>I CONSIGLI COMUNALI AGORDINI ENTRO FINE MESE<\/h3>\n<\/blockquote>\n<p><strong>AGORDINO<\/strong><\/p>\n<p>di Gianni Santomaso<\/p>\n<audio class=\"wp-audio-shortcode\" id=\"audio-345871-4\" preload=\"none\" style=\"width: 100%;\" controls=\"controls\"><source type=\"audio\/mpeg\" src=\"https:\/\/www.radiopiu.net\/wordpress\/wp-content\/uploads\/2023\/07\/GIANNI-I-CONSIGLI-COMUNALI-AGORDINI-ENTRO-FINE-MESE.mp3?_=4\" \/><a href=\"https:\/\/www.radiopiu.net\/wordpress\/wp-content\/uploads\/2023\/07\/GIANNI-I-CONSIGLI-COMUNALI-AGORDINI-ENTRO-FINE-MESE.mp3\">https:\/\/www.radiopiu.net\/wordpress\/wp-content\/uploads\/2023\/07\/GIANNI-I-CONSIGLI-COMUNALI-AGORDINI-ENTRO-FINE-MESE.mp3<\/a><\/audio>\n<blockquote>\n<h3><\/h3>\n<h3>VARIAZIONE A BILANCIO E DUP NEL CONSIGLIO DI ALLEGHE<\/h3>\n<\/blockquote>\n<p><strong>di GIANNI SANTOMASO\u00a0<\/strong><\/p>\n<audio class=\"wp-audio-shortcode\" id=\"audio-345871-5\" preload=\"none\" style=\"width: 100%;\" controls=\"controls\"><source type=\"audio\/mpeg\" src=\"https:\/\/www.radiopiu.net\/wordpress\/wp-content\/uploads\/2023\/07\/consigio-alleghe-gianni.mp3?_=5\" \/><a href=\"https:\/\/www.radiopiu.net\/wordpress\/wp-content\/uploads\/2023\/07\/consigio-alleghe-gianni.mp3\">https:\/\/www.radiopiu.net\/wordpress\/wp-content\/uploads\/2023\/07\/consigio-alleghe-gianni.mp3<\/a><\/audio>\n<p><strong>ALLEGHE <\/strong>Il sindaco di Alleghe Danilo De Toni ha convocato il consiglio comunale per oggi alle 20. quattro punti da trattare tra cui una variazione a bilancio, la salvaguardia degli equilibri di bilancio e la presa d&#8217;atto del Documento unico di Programmazione 2024-2026<\/p>\n<p>&nbsp;<\/p>\n<blockquote>\n<h3>OGGI A RIVAMONTE<\/h3>\n<\/blockquote>\n<p><strong>RIVAMONTE<\/strong> Il consiglio comunale \u00e8 convocato per oggi alle 18.30. All&#8217;ordine del giorno un unico punto, circa la variazione di assestamento al bilancio<\/p>\n<p>&nbsp;<\/p>\n<blockquote>\n<h3>A COLLE SANTA LUCIA CONSIGLIO COMUNALE AL MATTINO<\/h3>\n<\/blockquote>\n<p><strong>COLLE SANTA LUCIA <\/strong>Sar\u00e0 un lungo consiglio comunale quello di Colle Santa Lucia in programma sabato prossimo. Il sindaco Paolo Frena ha convocato i consiglieri per trattare 9 punti. Tra questi una variazione a bilancio, lo scioglimento della convenzione associata con i comuni di Veggiano, Fonzaso, Facade e Vallada per la gestione associata dell&#8217;uffico di segreteria comunale e l&#8217;approvazione del passaggio con il comune di Cortina, la composizione della commissione edilizia e delle variazioni al programma triennale 2023-25.<\/p>\n<p>&nbsp;<\/p>\n<blockquote>\n<h3>CONSIGLIO NELL&#8217;ULTIMO GIORNO DEL MESE<\/h3>\n<\/blockquote>\n<p><strong>CENCENIGHE<\/strong> Lunedi alle 19 consiglio comunale convocato dal sindaco Mauro Soppelsa. All&#8217;ordine del giorno: approvazione DUP, bilancio di previsione e salvaguardia degli equilibri, servizio associato segreteria generale.<\/p>\n<p>&nbsp;<\/p>\n<blockquote>\n<h3>DUE PUNTI NEL CONSIGLIO DI SELVA DI CADORE<\/h3>\n<\/blockquote>\n<p><strong>SELVA DI CADORE<\/strong> Il sindaco di Selva di Cadore Luca Lorenzini ha convocato il consiglio comunale per luned\u00ec alle 18:30. Si parler\u00e0 dell&#8217;adozione primo piano di interventi e l&#8217;assestamento di bilancio per l&#8217;esercizio 2023.<\/p>\n<p>&nbsp;<\/p>\n<blockquote>\n<h3>LUNEDI&#8217; CONSIGLIO COMUNALE AD AGORDO<\/h3>\n<\/blockquote>\n<p><strong>AGORDO<\/strong> Il sindaco di Agordo Roberto Chissal\u00e8 ha convocato i consiglieri comunali per luned\u00ec alle 19. Tre i punti da trattare: una variazione a bilancio, una variazione di assestamento al bilancio e l&#8217;approvazione della convenzione per l&#8217;affidamento del servizio di tesoreria.<\/p>\n<p>&nbsp;<\/p>\n<blockquote>\n<h3>IL CONSIGLIO DELL&#8217;UNIONE MONTANA AGORDINA<\/h3>\n<\/blockquote>\n<p><strong>AGORDO\u00a0<\/strong>Il presidente dell&#8217;Unione Montana Agordina Paolo Frena ha convocato il consiglio per luned\u00ec alle 20:30 in sala Don Tamis ad Agordo. Quattro punti da discutere tra cui il bilancio di previsione 2023-25 e l&#8217;approvazione dello schema di convenzione relativo al supporto nella stesura di negozi giuridici<\/p>\n<p>&nbsp;<\/p>\n<hr \/>\n<p>&nbsp;<\/p>\n<p>&nbsp;<\/p>\n<blockquote>\n<h3>CRONACA GIUDIZIARIA DAL CORRIERE DELLE ALPI<\/h3>\n<\/blockquote>\n<p><strong>DI GIGI SOSSO<\/strong><\/p>\n<blockquote>\n<h3>Picchiarono un cadorino al bar a processo per tentato omicidio<\/h3>\n<\/blockquote>\n<h3><a class=\"dt-pswp-item\" href=\"https:\/\/www.radiopiu.net\/wordpress\/wp-content\/uploads\/2023\/07\/Senza-nome-84.png\" data-dt-img-description=\"\" data-large_image_width=\"493\" data-large_image_height=\"688\"><img loading=\"lazy\" decoding=\"async\" class=\"wp-image-346055 alignleft\" src=\"https:\/\/www.radiopiu.net\/wordpress\/wp-content\/uploads\/2023\/07\/Senza-nome-84-215x300.png\" alt=\"\" width=\"85\" height=\"119\" srcset=\"https:\/\/www.radiopiu.net\/wordpress\/wp-content\/uploads\/2023\/07\/Senza-nome-84-215x300.png 215w, https:\/\/www.radiopiu.net\/wordpress\/wp-content\/uploads\/2023\/07\/Senza-nome-84.png 493w\" sizes=\"auto, (max-width: 85px) 100vw, 85px\" \/><\/a><\/h3>\n<p><strong>MACERATA<\/strong> Massacrarono di botte un cadorino. Con l&#8217;accusa di tentato omicidio, il Tribunale di Macerata ha rinviato a giudizio i due cittadini albanesi Orges Falli e Nazmir Jashari. La vittima Daniele Vecellio si \u00e8 costituito parte civile con l&#8217;avvocato Barbara Recanati e, nell&#8217;udienza fissata per il 23 ottobre, sar\u00e0 il primo a salire sul banco dei testimoni, per ricostruire i fatti del 16 gennaio 2021. L&#8217;uomo, che \u00e8 originario di Auronzo, ha sempre detto di non ricordare nulla di quello che \u00e8 accaduto prima e dopo il brutale pestaggio.<\/p>\n<p>&nbsp;<\/p>\n<p>&nbsp;<\/p>\n<blockquote>\n<h3 class=\"articlePlainTitle\">Botte e soprusi per il velo: condannato a 4 anni e mezzo<\/h3>\n<p><strong>Il pubblico ministero Alberto Primavera di anni ne aveva chiesti sei.<\/strong><\/p><\/blockquote>\n<div class=\"addthis_sharing_toolbox\" data-url=\"http:\/\/sfoglio.corrierealpi.gelocal.it\/share_article.php?article_id=12674725\" data-title=\"Picchiarono un cadorino al bar a processo per tentato omicidioBotte e soprusi per il velo: condannat...\"><strong><a class=\"dt-pswp-item\" href=\"https:\/\/www.radiopiu.net\/wordpress\/wp-content\/uploads\/2023\/07\/th-15.jpg\" data-dt-img-description=\"\" data-large_image_width=\"218\" data-large_image_height=\"180\"><img loading=\"lazy\" decoding=\"async\" class=\" wp-image-346056 alignleft\" src=\"https:\/\/www.radiopiu.net\/wordpress\/wp-content\/uploads\/2023\/07\/th-15.jpg\" alt=\"\" width=\"160\" height=\"132\" \/><\/a>BELLUNO<\/strong> Maltrattava e violentava la moglie perch\u00e9 senza il velo. In una casa di Feltre, si \u00e8 vissuto per anni in un regime di terrore a sfondo religioso: il 35enne capofamiglia di nazionalit\u00e0 marocchina \u00e8 stato condannato in abbreviato a quattro anni e sei mesi. Il giudice per le udienze preliminari Enrica Marson ha escluso la recidiva &#8211; nel 2013 l&#8217;uomo aveva patteggiato due anni per gli stessi reati, nei confronti di un&#8217;altra donna, davanti al Tribunale di Venezia &#8211; e concesso le generiche prevalenti sulle aggravanti.<\/div>\n<div class=\"articlePlainText\"><\/div>\n<div><\/div>\n<div>\n<blockquote>\n<h3 class=\"articlePlainTitle\">Molestate dall&#8217;amico di famiglia: diciotto mesi<\/h3>\n<\/blockquote>\n<div class=\"articlePlainText\"><strong><a class=\"dt-pswp-item\" href=\"https:\/\/www.radiopiu.net\/wordpress\/wp-content\/uploads\/2023\/07\/th-16.jpg\" data-dt-img-description=\"\" data-large_image_width=\"351\" data-large_image_height=\"180\"><img loading=\"lazy\" decoding=\"async\" class=\" wp-image-346057 alignleft\" src=\"https:\/\/www.radiopiu.net\/wordpress\/wp-content\/uploads\/2023\/07\/th-16-300x154.jpg\" alt=\"\" width=\"132\" height=\"68\" srcset=\"https:\/\/www.radiopiu.net\/wordpress\/wp-content\/uploads\/2023\/07\/th-16-300x154.jpg 300w, https:\/\/www.radiopiu.net\/wordpress\/wp-content\/uploads\/2023\/07\/th-16.jpg 351w\" sizes=\"auto, (max-width: 132px) 100vw, 132px\" \/><\/a>BELLUNO<\/strong> \u00a0Un amico di famiglia \u00e8 stato condannato a un anno e sei mesi per violenza sessuale aggravata. Il giudice per le udienze preliminari Enrica Marson ha accolto la richiesta del pubblico ministero Simone Marcon, dopo che nella discussione dell&#8217;abbreviato il difensore di fiducia Giorgio Gasperin era riuscito a dimostrare l&#8217;insussistenza di uno dei tre episodi contestati dalla Procura della Repubblica (quello nell&#8217;abitazione dell&#8217;imputato). La mamma si era costituita parte civile con Cristiana Riccitiello e le due donne hanno ottenuto 5 mila euro di risarcimento.<\/div>\n<\/div>\n<div><\/div>\n<div><\/div>\n<p>&nbsp;<\/p>\n<hr \/>\n<h2><\/h2>\n<blockquote>\n<h3>STUDIO HAIR, STORIA DI PASSIONE E AFFETTI FAMIGLIARI<\/h3>\n<\/blockquote>\n<p><strong>AGORDO<\/strong> Lo studio Hair, invenzione di Sarita Fontanive a met\u00e0 degli anni Ottanta, ha quasi 40 anni di storia, la bionda parrucchiera nata e cresciuta ad Agordo tra il &#8220;Follador&#8221; e via Carrera, a pochi metri da dove ha fatto lievitare la sua &#8220;creatura&#8221;, ha infatti raggiunto l&#8217;et\u00e0 della pensione, capita di raggiungerla &#8220;presto&#8221; quando s&#8217;inizia a lavorare da adolescenti. Perch\u00e9 Sarita a 17 anni, dopo la meritata qualifica al centro di formazione professionale Arrida Barelli di Levico,\u00a0 era gi\u00e0 al mare, non pancia al sole, ma a farsi la gavetta in uno studio per parrucchiera, dove ha iniziato a coltivare il suo sogno. <em>&#8220;La prima stagione &#8211; dice Sarita &#8211; tipica del &#8220;garzone&#8221;, impegnativa anche perch\u00e9 mi sono ritrovata a fare di tutto&#8230;ero diventata esperta anche nel servire i cappuccini&#8221;<\/em> Gavetta durata poco perch\u00e9 nel 1986 a soli 25 anni, Sarita aveva gi\u00e0 fatto il suo <a class=\"dt-pswp-item\" href=\"https:\/\/www.radiopiu.net\/wordpress\/wp-content\/uploads\/2023\/07\/a8976e10-ecc8-4d58-8d8b-d3d61b9c9632.jpg\" data-dt-img-description=\"\" data-large_image_width=\"2048\" data-large_image_height=\"1152\"><img loading=\"lazy\" decoding=\"async\" class=\"size-medium wp-image-345846 alignleft\" src=\"https:\/\/www.radiopiu.net\/wordpress\/wp-content\/uploads\/2023\/07\/a8976e10-ecc8-4d58-8d8b-d3d61b9c9632-300x169.jpg\" alt=\"\" width=\"300\" height=\"169\" srcset=\"https:\/\/www.radiopiu.net\/wordpress\/wp-content\/uploads\/2023\/07\/a8976e10-ecc8-4d58-8d8b-d3d61b9c9632-300x169.jpg 300w, https:\/\/www.radiopiu.net\/wordpress\/wp-content\/uploads\/2023\/07\/a8976e10-ecc8-4d58-8d8b-d3d61b9c9632-1024x576.jpg 1024w, https:\/\/www.radiopiu.net\/wordpress\/wp-content\/uploads\/2023\/07\/a8976e10-ecc8-4d58-8d8b-d3d61b9c9632-768x432.jpg 768w, https:\/\/www.radiopiu.net\/wordpress\/wp-content\/uploads\/2023\/07\/a8976e10-ecc8-4d58-8d8b-d3d61b9c9632-1536x864.jpg 1536w, https:\/\/www.radiopiu.net\/wordpress\/wp-content\/uploads\/2023\/07\/a8976e10-ecc8-4d58-8d8b-d3d61b9c9632.jpg 2048w\" sizes=\"auto, (max-width: 300px) 100vw, 300px\" \/><\/a>incontro con la partita iva. Sarita, figlia dello stimato orefice Eraldo Fontanive e di mamma Ivette. <em>&#8220;Non ho mai pensato di vendere anelli e collane &#8211; dice Sarita &#8211; ho seguito la vena creativa che mi piaceva di pi\u00f9, come piaceva a mia mamma Ivette,\u00a0 che per\u00f2 pur provando,\u00a0 non \u00e8 mai riuscita a fare la parrucchiera, il sogno lei lo ha solo cullato, nel mio caso mi ha avvolto, ha fatto e fa parte di me&#8221;.<\/em> Nel 1986\u00a0 Sarita avvia l&#8217;attivit\u00e0 importante, storica, in via Cesare Battisti, con quel primo marchio &#8220;Studio Hair di Sarita&#8221;. <em>&#8220;Non potevo chiamarlo in modo diverso &#8211; dice la parrucchiera di Agordo &#8211; tanto era l&#8217;amore per i capelli e lo studio dei capelli proprio negli anni in cui iniziava la crescita tecnologica e innovativa anche per il nostro settore&#8221;. <\/em>Vent&#8217;anni dopo, nel 2006, il trasferimento in centro, nell&#8217;isola pedonale in locali di <a class=\"dt-pswp-item\" href=\"https:\/\/www.radiopiu.net\/wordpress\/wp-content\/uploads\/2023\/07\/Senza-nome-74.png\" data-dt-img-description=\"\" data-large_image_width=\"1158\" data-large_image_height=\"724\"><img loading=\"lazy\" decoding=\"async\" class=\"wp-image-345844 alignright\" src=\"https:\/\/www.radiopiu.net\/wordpress\/wp-content\/uploads\/2023\/07\/Senza-nome-74-300x188.png\" alt=\"\" width=\"231\" height=\"145\" srcset=\"https:\/\/www.radiopiu.net\/wordpress\/wp-content\/uploads\/2023\/07\/Senza-nome-74-300x188.png 300w, https:\/\/www.radiopiu.net\/wordpress\/wp-content\/uploads\/2023\/07\/Senza-nome-74-1024x640.png 1024w, https:\/\/www.radiopiu.net\/wordpress\/wp-content\/uploads\/2023\/07\/Senza-nome-74-768x480.png 768w, https:\/\/www.radiopiu.net\/wordpress\/wp-content\/uploads\/2023\/07\/Senza-nome-74.png 1158w\" sizes=\"auto, (max-width: 231px) 100vw, 231px\" \/><\/a>propriet\u00e0, che tra qualche giorno saranno caratterizzati dal nuovo marchio <strong>&#8220;Studio Hair Beauty Vittoria&#8221;.<\/strong> E questa \u00e8 la bella notizia, da giovedi 27 luglio, infatti, Sarita non abbasser\u00e0 la serranda in via definitiva,\u00a0 come purtroppo \u00e8 accaduto spesso nel capoluogo di vallata, ma\u00a0 ceder\u00e0 il timone&#8230;alla nipote:\u00a0 Vittoria Somma, 35 anni, un figlio bellissimo, super tifosa del Napoli e una passione infinita per quel lavoro che la zia Sarita ha iniziato a fargli conoscere quando aveva 14 anni. Erano i tempi in cui Vittoria si divideva tra la scuola di Levico e nei fine settimana osservava la zia<a class=\"dt-pswp-item\" href=\"https:\/\/www.radiopiu.net\/wordpress\/wp-content\/uploads\/2023\/07\/Senza-nome-74.png\" data-dt-img-description=\"\" data-large_image_width=\"1158\" data-large_image_height=\"724\"><br \/>\n<\/a>al lavoro e non disdegnava di dare una mano a mamma Mara e pap\u00e0 Antonio alla Pizzeria Quattro Stagioni.<em> &#8220;Allora si poteva lavorare d&#8217;estate anche a 14 anni &#8211; dice Vittoria &#8211; e io non vedevo l&#8217;ora di poter dare il mio contributo allo studio Hair, come passare i bigodini alle ragazze, oppure raccogliere i capelli&#8221;.<\/em> Prima di mettere le mani in testa alle amiche dello Studio Hair sono infatti passati alcuni anni, Prima Vittoria si \u00e8 qualificata alla scuola di Levico gi\u00e0 frequentata da Sarita, aggiungendoci anche la specializzazione in estetista. <em>&#8220;Infatti &#8211; dice Sarita &#8211; nel 2010 ecco il valore aggiunto, il punto benessere Venere che con Vittoria abbiamo fatto crescere, conoscere ed apprezzare&#8221;. <\/em>Vittoria \u00e8 pronta, piena di entusiasmo per dare <a class=\"dt-pswp-item\" href=\"https:\/\/www.radiopiu.net\/wordpress\/wp-content\/uploads\/2023\/07\/Senza-nome-73.png\" data-dt-img-description=\"\" data-large_image_width=\"632\" data-large_image_height=\"512\"><img loading=\"lazy\" decoding=\"async\" class=\"wp-image-345843 alignleft\" src=\"https:\/\/www.radiopiu.net\/wordpress\/wp-content\/uploads\/2023\/07\/Senza-nome-73-300x243.png\" alt=\"\" width=\"131\" height=\"106\" srcset=\"https:\/\/www.radiopiu.net\/wordpress\/wp-content\/uploads\/2023\/07\/Senza-nome-73-300x243.png 300w, https:\/\/www.radiopiu.net\/wordpress\/wp-content\/uploads\/2023\/07\/Senza-nome-73.png 632w\" sizes=\"auto, (max-width: 131px) 100vw, 131px\" \/><\/a>continuit\u00e0 a una storia fatta di passione e affetti famigliari. In bocca al lupo ragazza, per la passione, la voglia e il coraggio, che sia di stimolo anche per le nuove generazioni.<\/p>\n<p><strong>L&#8217;INTERVISTA DI MIRKO MEZZACASA <em>&#8220;Quel momento che tanto aspettavo, volevo qualche cosa di mio, per realizzarmi meglio&#8221;<\/em><\/strong><\/p>\n<audio class=\"wp-audio-shortcode\" id=\"audio-345871-6\" preload=\"none\" style=\"width: 100%;\" controls=\"controls\"><source type=\"audio\/mpeg\" src=\"https:\/\/www.radiopiu.net\/wordpress\/wp-content\/uploads\/2023\/07\/VITTORIA-1.mp3?_=6\" \/><a href=\"https:\/\/www.radiopiu.net\/wordpress\/wp-content\/uploads\/2023\/07\/VITTORIA-1.mp3\">https:\/\/www.radiopiu.net\/wordpress\/wp-content\/uploads\/2023\/07\/VITTORIA-1.mp3<\/a><\/audio>\n<p>&nbsp;<\/p>\n<p>&nbsp;<\/p>\n<hr \/>\n<p>&nbsp;<\/p>\n<blockquote>\n<h3>AL CINEMA CON LUCIA ZANETTIN: LA REGISTA<\/h3>\n<\/blockquote>\n<p>&nbsp;<\/p>\n<p>Il film Malacarne \u00e8 finalmente online nella piattaforma https:\/\/www.itacaondemand.it\/. alla sezione novit\u00e0\u00a0<a class=\"dt-pswp-item\" href=\"https:\/\/www.radiopiu.net\/wordpress\/wp-content\/uploads\/2023\/07\/Senza-nome-86.png\" data-dt-img-description=\"\" data-large_image_width=\"531\" data-large_image_height=\"689\"><img loading=\"lazy\" decoding=\"async\" class=\"size-medium wp-image-346074 aligncenter\" src=\"https:\/\/www.radiopiu.net\/wordpress\/wp-content\/uploads\/2023\/07\/Senza-nome-86-231x300.png\" alt=\"\" width=\"231\" height=\"300\" srcset=\"https:\/\/www.radiopiu.net\/wordpress\/wp-content\/uploads\/2023\/07\/Senza-nome-86-231x300.png 231w, https:\/\/www.radiopiu.net\/wordpress\/wp-content\/uploads\/2023\/07\/Senza-nome-86.png 531w\" sizes=\"auto, (max-width: 231px) 100vw, 231px\" \/>\u00a0<\/a><\/p>\n<p>&nbsp;<\/p>\n<hr \/>\n<p>&nbsp;<\/p>\n<blockquote>\n<h3>PELMO D&#8217;ORO A SAN TOMASO RICORDANDO PEZZEI E CON LE OPERE DI MEZZACASA<\/h3>\n<\/blockquote>\n<p><strong><a class=\"dt-pswp-item\" href=\"https:\/\/www.radiopiu.net\/wordpress\/wp-content\/uploads\/2023\/05\/gli-impianti-sportivi-di-San-Tomaso-in-una-delle-due-giornate-dello-sport-scaled.jpg\" data-dt-img-description=\"\" data-large_image_width=\"2560\" data-large_image_height=\"1440\"><img loading=\"lazy\" decoding=\"async\" class=\"size-medium wp-image-336794 alignleft\" src=\"https:\/\/www.radiopiu.net\/wordpress\/wp-content\/uploads\/2023\/05\/gli-impianti-sportivi-di-San-Tomaso-in-una-delle-due-giornate-dello-sport-300x169.jpg\" alt=\"\" width=\"300\" height=\"169\" srcset=\"https:\/\/www.radiopiu.net\/wordpress\/wp-content\/uploads\/2023\/05\/gli-impianti-sportivi-di-San-Tomaso-in-una-delle-due-giornate-dello-sport-300x169.jpg 300w, https:\/\/www.radiopiu.net\/wordpress\/wp-content\/uploads\/2023\/05\/gli-impianti-sportivi-di-San-Tomaso-in-una-delle-due-giornate-dello-sport-1024x576.jpg 1024w, https:\/\/www.radiopiu.net\/wordpress\/wp-content\/uploads\/2023\/05\/gli-impianti-sportivi-di-San-Tomaso-in-una-delle-due-giornate-dello-sport-768x432.jpg 768w, https:\/\/www.radiopiu.net\/wordpress\/wp-content\/uploads\/2023\/05\/gli-impianti-sportivi-di-San-Tomaso-in-una-delle-due-giornate-dello-sport-1536x864.jpg 1536w, https:\/\/www.radiopiu.net\/wordpress\/wp-content\/uploads\/2023\/05\/gli-impianti-sportivi-di-San-Tomaso-in-una-delle-due-giornate-dello-sport-2048x1152.jpg 2048w\" sizes=\"auto, (max-width: 300px) 100vw, 300px\" \/><\/a>SAN TOMASO <\/strong><span style=\"color: #000000;\"><span style=\"font-family: Times New Roman, serif;\"><span style=\"font-size: medium;\"><span lang=\"it-IT\">Sar\u00e0 San Tomaso Agordino a ospitare la 25^ edizione del Premio Pelmo d\u2019Oro. <\/span><\/span><\/span><\/span><span style=\"color: #000000;\"><span style=\"font-family: Times New Roman, serif;\"><span style=\"font-size: medium;\"><span lang=\"it-IT\">L\u2019appuntamento con l\u2019attesa cerimonia \u00e8 per <\/span><span lang=\"it-IT\">sabato 29 luglio 2023 alle ore 10,15 nella struttura polifunzionale \u201cArena 1082\u201d posta in localit\u00e0 Al Pian<\/span><span lang=\"it-IT\">. <\/span><\/span><\/span><\/span><span style=\"color: #000000;\"><span style=\"font-family: Times New Roman, serif;\"><span style=\"font-size: medium;\"><span lang=\"it-IT\">La cerimonia<\/span><span lang=\"it-IT\"> del Premio si aprir\u00e0 con il simbolico passaggio di consegne tra il Comune di Vigo di Cadore, che ne ospit\u00f2 la precedente edizione, e il Comune di San Tomaso Agordino; e proseguir\u00e0, quindi, con la consegna dei premi 2023. <\/span><\/span><\/span><\/span><span style=\"color: #000000;\"><span style=\"font-family: Times New Roman, serif;\"><span style=\"font-size: medium;\"><span lang=\"it-IT\">A rendere speciale questa 25^ edizione contribuiranno l\u2019esibizione del Gruppo Folk \u201cBati Orz\u201d di San Tomaso Agordino e i brani proposti da Domenico Menini. <\/span><\/span><\/span><\/span><span style=\"color: #000000;\"><span style=\"font-family: Times New Roman, serif;\"><span style=\"font-size: medium;\"><span lang=\"it-IT\">Durante la cerimonia sar\u00e0 consegnato anche il Premio letterario \u201cAntonio Berti\u201d. <\/span><\/span><\/span><\/span><span lang=\"it-IT\">I premiati <\/span><span style=\"color: #000000;\"><span lang=\"it-IT\">Pelmo d\u2019Oro 2023 <\/span><\/span><span style=\"color: #000000;\"><span lang=\"it-IT\">sono: <\/span><\/span><span style=\"color: #000000;\"><span lang=\"it-IT\">Santiago (Santi) Padr\u00f2s<\/span><\/span><span style=\"color: #000000;\"><span lang=\"it-IT\"> per l\u2019alpinismo in attivit\u00e0, <\/span><\/span><span style=\"color: #000000;\"><span lang=\"it-IT\">Alessandro Masucci <\/span><\/span><span style=\"color: #000000;\"><span lang=\"it-IT\">per la carriera alpinistica, <\/span><\/span><span style=\"color: #000000;\"><span lang=\"it-IT\">Italo Zandonella Callegher<\/span><\/span><span style=\"color: #000000;\"><span lang=\"it-IT\"> per la cultura alpina. <\/span><\/span><span style=\"color: #000000;\"><span lang=\"it-IT\">Il Premio Speciale Dolomiti UNESCO sar\u00e0 assegnato all\u2019inglese <\/span><\/span><span style=\"color: #000000;\"><span lang=\"it-IT\">Alpine Club<\/span><\/span><span style=\"color: #000000;\"><span lang=\"it-IT\">, primo club alpino del mondo,<\/span><\/span> <span style=\"color: #000000;\"><span lang=\"it-IT\">e il Premio Speciale della Provincia di Belluno andr\u00e0 a <\/span><\/span><span style=\"color: #000000;\"><span lang=\"it-IT\">Oscar De Bona <\/span><\/span><span style=\"color: #000000;\"><span lang=\"it-IT\">e<\/span><\/span><span style=\"color: #000000;\"><span lang=\"it-IT\"> Roberto De Martin<\/span><\/span><span style=\"color: #000000;\"><span lang=\"it-IT\">, \u201cideatori\u201d del Premio stesso. Per finire il Premio Speciale \u201cGiuliano De Marchi\u201d viene assegnato alla memoria di <\/span><\/span><span style=\"color: #000000;\"><span lang=\"it-IT\">Silvana Rovis. <\/span><\/span><span lang=\"it-IT\">Oltre alla consueta scultura del Monte Pelmo, opera del maestro Gianni Pezzei, <\/span><span style=\"color: #000000;\"><span lang=\"it-IT\">vi saranno tre opere realizzate dallo scultore Albino Mezzacasa di La Valle Agordina.<\/span><\/span><\/p>\n<p><strong>SABATO DALLE 10 DIRETTA SUI CANALI DI RADIO PIU: FREQUENZE FM (SINTESI), FACEBOOK, TELEGRAM E SITO INTERNET WWW.RADIOPIU.NET. IN STREAMING IN TUTTO IL MONDO.\u00a0<\/strong><\/p>\n<p>&nbsp;<\/p>\n<p>&nbsp;<\/p>\n<hr \/>\n<p>&nbsp;<\/p>\n<blockquote>\n<h3>DUE GIORNI DI CONVEGNI MOSTRE E CONCERTI A POLPET<\/h3>\n<\/blockquote>\n<p><strong><a class=\"dt-pswp-item\" href=\"https:\/\/www.radiopiu.net\/wordpress\/wp-content\/uploads\/2023\/07\/Casa_Boito_2.jpg\" data-dt-img-description=\"\" data-large_image_width=\"1024\" data-large_image_height=\"961\"><img loading=\"lazy\" decoding=\"async\" class=\" wp-image-346011 alignleft\" src=\"https:\/\/www.radiopiu.net\/wordpress\/wp-content\/uploads\/2023\/07\/Casa_Boito_2-300x282.jpg\" alt=\"\" width=\"124\" height=\"117\" srcset=\"https:\/\/www.radiopiu.net\/wordpress\/wp-content\/uploads\/2023\/07\/Casa_Boito_2-300x282.jpg 300w, https:\/\/www.radiopiu.net\/wordpress\/wp-content\/uploads\/2023\/07\/Casa_Boito_2-768x721.jpg 768w, https:\/\/www.radiopiu.net\/wordpress\/wp-content\/uploads\/2023\/07\/Casa_Boito_2.jpg 1024w\" sizes=\"auto, (max-width: 124px) 100vw, 124px\" \/><\/a>PONTE NELLE ALPI<\/strong> A Polpet si terr\u00e0 una due giorni dedicata ai Boito, famiglia di artisti protagonisti del Risorgimento e dell&#8217;Unit\u00e0 d&#8217;Italia, con convegni, mostre e concerti. Silvestro Boito, pittore nato nel 1802, e i suoi figli, Camillo e Arrigo, compositore e poeta, hanno avuto un impatto significativo nell&#8217;Ottocento italiano. Le manifestazioni inizieranno domani alle 21 con un concerto inedito a cura dell&#8217;Ensamble Arte Nova e un convegno sulla famiglia di artisti. Saranno allestite mostre all&#8217;aperto, concerti della Banda Valcantuna e un&#8217;iniziativa culinaria &#8220;Cicchetti Scapigliati&#8221; organizzata dai locali e bar di Polpet.<\/p>\n<p>&nbsp;<\/p>\n<p>&nbsp;<\/p>\n<hr \/>\n<p>&nbsp;<\/p>\n<blockquote>\n<h3>UNA CAMMINATA CON AIDO<\/h3>\n<\/blockquote>\n<p><strong><a class=\"dt-pswp-item\" href=\"https:\/\/www.radiopiu.net\/wordpress\/wp-content\/uploads\/2022\/06\/AIDO.png\" data-dt-img-description=\"\" data-large_image_width=\"233\" data-large_image_height=\"233\"><img loading=\"lazy\" decoding=\"async\" class=\" wp-image-279760 alignleft\" src=\"https:\/\/www.radiopiu.net\/wordpress\/wp-content\/uploads\/2022\/06\/AIDO.png\" alt=\"\" width=\"98\" height=\"98\" srcset=\"https:\/\/www.radiopiu.net\/wordpress\/wp-content\/uploads\/2022\/06\/AIDO.png 233w, https:\/\/www.radiopiu.net\/wordpress\/wp-content\/uploads\/2022\/06\/AIDO-150x150.png 150w\" sizes=\"auto, (max-width: 98px) 100vw, 98px\" \/><\/a>LIMANA\u00a0<\/strong>Aido Belluno organizzer\u00e0 una camminata nel pomeriggio di sabato, in occasione dell&#8217;ultima tappa della Magnalonga di Limana. Il percorso di 7,5 chilometri si svolger\u00e0 in mezzo alla natura. Le partenze saranno scaglionate per motivi organizzativi. I partecipanti possono iscriversi pagando trentacinque euro, con sconti per gli associati e tariffe ridotte per bambini. Sar\u00e0 possibile pernottare a &#8220;Le Scole&#8221; e al Rifugio Pranolz con prenotazione. L&#8217;evento mira a promuovere la cultura della donazione di organi, tessuti e cellule. La Magnalonga servir\u00e0 anche per celebrare i cinquant&#8217;anni di Aido a livello nazionale e promuovere la donazione di organi e tessuti.<\/p>\n<p>&nbsp;<\/p>\n<p>&nbsp;<\/p>\n<hr \/>\n<p>&nbsp;<\/p>\n<blockquote>\n<h3>LA FESTA DEGLI ALPINI IN VALLE DI SAN LUCANO<\/h3>\n<\/blockquote>\n<p><strong><a class=\"dt-pswp-item\" href=\"https:\/\/www.radiopiu.net\/wordpress\/wp-content\/uploads\/2023\/03\/ALPINI.png\" data-dt-img-description=\"\" data-large_image_width=\"245\" data-large_image_height=\"208\"><img loading=\"lazy\" decoding=\"async\" class=\" wp-image-326487 alignleft\" src=\"https:\/\/www.radiopiu.net\/wordpress\/wp-content\/uploads\/2023\/03\/ALPINI.png\" alt=\"\" width=\"133\" height=\"113\" \/><\/a>AGORDO<\/strong><\/p>\n<p>di Gianni Santomaso<\/p>\n<audio class=\"wp-audio-shortcode\" id=\"audio-345871-7\" preload=\"none\" style=\"width: 100%;\" controls=\"controls\"><source type=\"audio\/mpeg\" src=\"https:\/\/www.radiopiu.net\/wordpress\/wp-content\/uploads\/2023\/07\/GIANNI-LA-FESTA-DEGLI-ALPINI-IN-VALLE-DI-SAN-LUCANO.mp3?_=7\" \/><a href=\"https:\/\/www.radiopiu.net\/wordpress\/wp-content\/uploads\/2023\/07\/GIANNI-LA-FESTA-DEGLI-ALPINI-IN-VALLE-DI-SAN-LUCANO.mp3\">https:\/\/www.radiopiu.net\/wordpress\/wp-content\/uploads\/2023\/07\/GIANNI-LA-FESTA-DEGLI-ALPINI-IN-VALLE-DI-SAN-LUCANO.mp3<\/a><\/audio>\n<p>&nbsp;<\/p>\n<hr \/>\n<p>&nbsp;<\/p>\n<blockquote>\n<h3>SIGNORE DELLE CIME, IL CONCERTO PER DON STEFANO GORZEGNO<\/h3>\n<\/blockquote>\n<p><strong><a class=\"dt-pswp-item\" href=\"https:\/\/www.radiopiu.net\/wordpress\/wp-content\/uploads\/2023\/07\/343b71f2-682e-484c-b292-51ea68576c34.jpg\" data-dt-img-description=\"\" data-large_image_width=\"458\" data-large_image_height=\"676\"><img loading=\"lazy\" decoding=\"async\" class=\" wp-image-345691 alignleft\" src=\"https:\/\/www.radiopiu.net\/wordpress\/wp-content\/uploads\/2023\/07\/343b71f2-682e-484c-b292-51ea68576c34-203x300.jpg\" alt=\"\" width=\"118\" height=\"174\" srcset=\"https:\/\/www.radiopiu.net\/wordpress\/wp-content\/uploads\/2023\/07\/343b71f2-682e-484c-b292-51ea68576c34-203x300.jpg 203w, https:\/\/www.radiopiu.net\/wordpress\/wp-content\/uploads\/2023\/07\/343b71f2-682e-484c-b292-51ea68576c34.jpg 458w\" sizes=\"auto, (max-width: 118px) 100vw, 118px\" \/><\/a>VOLTAGO<\/strong><\/p>\n<p>di Gianni Santomaso<\/p>\n<audio class=\"wp-audio-shortcode\" id=\"audio-345871-8\" preload=\"none\" style=\"width: 100%;\" controls=\"controls\"><source type=\"audio\/mpeg\" src=\"https:\/\/www.radiopiu.net\/wordpress\/wp-content\/uploads\/2023\/07\/GIANNI-SIGNORE-DELLE-CIME-IL-CONCERTO-PER-DON-STEFANO-GORZEGNO.mp3?_=8\" \/><a href=\"https:\/\/www.radiopiu.net\/wordpress\/wp-content\/uploads\/2023\/07\/GIANNI-SIGNORE-DELLE-CIME-IL-CONCERTO-PER-DON-STEFANO-GORZEGNO.mp3\">https:\/\/www.radiopiu.net\/wordpress\/wp-content\/uploads\/2023\/07\/GIANNI-SIGNORE-DELLE-CIME-IL-CONCERTO-PER-DON-STEFANO-GORZEGNO.mp3<\/a><\/audio>\n<p>&nbsp;<\/p>\n<hr \/>\n<p>&nbsp;<\/p>\n<p>&nbsp;<\/p>\n<p><strong>\u201cSCAVANDO NELLA STORIA. DIALOGHI TRA TERRA, ROCCIA E GHIACCIO\u201d: <\/strong><\/p>\n<p><strong>SELVA DI CADORE<\/strong> Il Museo Vittorino Cazzetta, a partire da venerd\u00ec avvia un ciclo di tre incontri per approfondire le tematiche legate ai ritrovamenti avvenuti in Val Fiorentina e alla \u201clettura\u201d del paesaggio montano in ottica storica ma anche futura: si inizier\u00e0 con gli archeologi Federica Fontana e Davide Visentin, protagonisti dell\u2019appuntamento intitolato \u201cI cacciatori raccoglitori di Pr\u00e0 Comun\u201d, che illustreranno i risultati delle prime campagne di scavo 2019 \u2013 2023.<\/p>\n<p><strong>\u00a0<\/strong><\/p>\n<p>&nbsp;<\/p>\n<p>&nbsp;<\/p>\n<hr \/>\n<p>&nbsp;<\/p>\n<h2><span style=\"color: #008000;\">LA TECNOLOGIA ALLA RADIO,\u00a0 MANUTENZIONI E SICUREZZA, PRIMA DI DUE PUNTATE CON FRANCESCO ZILLIO_EPCENTER.SRL<\/span><\/h2>\n<p><iframe loading=\"lazy\" title=\"IN STUDIO, CON FRANCESCO ZILLIO DI EPCENTER\" width=\"1200\" height=\"675\" src=\"https:\/\/www.youtube.com\/embed\/b40UeqiwqHE?feature=oembed\" frameborder=\"0\" allow=\"accelerometer; autoplay; clipboard-write; encrypted-media; gyroscope; picture-in-picture; web-share\" allowfullscreen><\/iframe><\/p>\n<h3><\/h3>\n<hr \/>\n<p>&nbsp;<\/p>\n<h3><span style=\"color: #ff0000;\"><strong>PROLOCO NELL&#8217;AGORDINO: EVENTI E VOLONTARI<\/strong><\/span><\/h3>\n<blockquote>\n<h3>L&#8217;INTERVISTA AD ANTONELLA DE NARDIN PROLOCO CENCENIGHE<\/h3>\n<\/blockquote>\n<p>&nbsp;<\/p>\n<p><strong><a class=\"dt-pswp-item\" href=\"https:\/\/www.radiopiu.net\/wordpress\/wp-content\/uploads\/2023\/07\/463318_444486455593939_481628483_o.jpg\" data-dt-img-description=\"\" data-large_image_width=\"2048\" data-large_image_height=\"1360\"><img loading=\"lazy\" decoding=\"async\" class=\"wp-image-345959 alignleft\" src=\"https:\/\/www.radiopiu.net\/wordpress\/wp-content\/uploads\/2023\/07\/463318_444486455593939_481628483_o-300x199.jpg\" alt=\"\" width=\"194\" height=\"129\" srcset=\"https:\/\/www.radiopiu.net\/wordpress\/wp-content\/uploads\/2023\/07\/463318_444486455593939_481628483_o-300x199.jpg 300w, https:\/\/www.radiopiu.net\/wordpress\/wp-content\/uploads\/2023\/07\/463318_444486455593939_481628483_o-1024x680.jpg 1024w, https:\/\/www.radiopiu.net\/wordpress\/wp-content\/uploads\/2023\/07\/463318_444486455593939_481628483_o-768x510.jpg 768w, https:\/\/www.radiopiu.net\/wordpress\/wp-content\/uploads\/2023\/07\/463318_444486455593939_481628483_o-1536x1020.jpg 1536w, https:\/\/www.radiopiu.net\/wordpress\/wp-content\/uploads\/2023\/07\/463318_444486455593939_481628483_o.jpg 2048w\" sizes=\"auto, (max-width: 194px) 100vw, 194px\" \/><\/a>PUNTATA 26 LUGLIO Antonella De Nardin Proloco Cencenighe<\/strong><\/p>\n<p>&nbsp;<\/p>\n<audio class=\"wp-audio-shortcode\" id=\"audio-345871-9\" preload=\"none\" style=\"width: 100%;\" controls=\"controls\"><source type=\"audio\/mpeg\" src=\"https:\/\/www.radiopiu.net\/wordpress\/wp-content\/uploads\/2023\/07\/ANTONELLA-DE-NARDIN.mp3?_=9\" \/><a href=\"https:\/\/www.radiopiu.net\/wordpress\/wp-content\/uploads\/2023\/07\/ANTONELLA-DE-NARDIN.mp3\">https:\/\/www.radiopiu.net\/wordpress\/wp-content\/uploads\/2023\/07\/ANTONELLA-DE-NARDIN.mp3<\/a><\/audio>\n<p>la raccolta completa<\/p>\n<blockquote class=\"wp-embedded-content\" data-secret=\"Aoow7CaVTk\"><p><a href=\"https:\/\/www.radiopiu.net\/wordpress\/proloco-nellagordino-eventi-e-volontari\/\">PROLOCO NELL&#8217;AGORDINO: EVENTI E VOLONTARI<\/a><\/p><\/blockquote>\n<p><iframe loading=\"lazy\" class=\"wp-embedded-content\" sandbox=\"allow-scripts\" security=\"restricted\" style=\"position: absolute; clip: rect(1px, 1px, 1px, 1px);\" title=\"&#8220;PROLOCO NELL&#8217;AGORDINO: EVENTI E VOLONTARI&#8221; &#8212; Radio Pi\u00f9\" src=\"https:\/\/www.radiopiu.net\/wordpress\/proloco-nellagordino-eventi-e-volontari\/embed\/#?secret=oOlEXdihB7#?secret=Aoow7CaVTk\" data-secret=\"Aoow7CaVTk\" width=\"600\" height=\"338\" frameborder=\"0\" marginwidth=\"0\" marginheight=\"0\" scrolling=\"no\"><\/iframe><\/p>\n<p>&nbsp;<\/p>\n<p>&nbsp;<\/p>\n<hr \/>\n<p>&nbsp;<\/p>\n<blockquote>\n<h3>CISL E FEMCA CISL LA VOCE PER I LAVORATORI<\/h3>\n<\/blockquote>\n<p><a class=\"dt-pswp-item\" href=\"https:\/\/www.radiopiu.net\/wordpress\/wp-content\/uploads\/2023\/07\/Senza-nome-83.png\" data-dt-img-description=\"\" data-large_image_width=\"94\" data-large_image_height=\"150\"><img loading=\"lazy\" decoding=\"async\" class=\"size-full wp-image-345965 alignleft\" src=\"https:\/\/www.radiopiu.net\/wordpress\/wp-content\/uploads\/2023\/07\/Senza-nome-83.png\" alt=\"\" width=\"94\" height=\"150\" \/><\/a>24 LUGLIO 2023<\/p>\n<h3>PUNTATA 39<\/h3>\n<audio class=\"wp-audio-shortcode\" id=\"audio-345871-10\" preload=\"none\" style=\"width: 100%;\" controls=\"controls\"><source type=\"audio\/mpeg\" src=\"https:\/\/www.radiopiu.net\/wordpress\/wp-content\/uploads\/2023\/07\/FEMCA-CISL-3.mp3?_=10\" \/><a href=\"https:\/\/www.radiopiu.net\/wordpress\/wp-content\/uploads\/2023\/07\/FEMCA-CISL-3.mp3\">https:\/\/www.radiopiu.net\/wordpress\/wp-content\/uploads\/2023\/07\/FEMCA-CISL-3.mp3<\/a><\/audio>\n<p>LA RACCOLTA COMPLETA<\/p>\n<blockquote class=\"wp-embedded-content\" data-secret=\"umnGQIo2tp\"><p><a href=\"https:\/\/www.radiopiu.net\/wordpress\/cisl-e-femca-cisl-la-vocef\/\">CISL E FEMCA CISL  LA VOCE PER I LAVORATORI<\/a><\/p><\/blockquote>\n<p><iframe loading=\"lazy\" class=\"wp-embedded-content\" sandbox=\"allow-scripts\" security=\"restricted\" style=\"position: absolute; clip: rect(1px, 1px, 1px, 1px);\" title=\"&#8220;CISL E FEMCA CISL  LA VOCE PER I LAVORATORI&#8221; &#8212; Radio Pi\u00f9\" src=\"https:\/\/www.radiopiu.net\/wordpress\/cisl-e-femca-cisl-la-vocef\/embed\/#?secret=Xfsos0RmBi#?secret=umnGQIo2tp\" data-secret=\"umnGQIo2tp\" width=\"600\" height=\"338\" frameborder=\"0\" marginwidth=\"0\" marginheight=\"0\" scrolling=\"no\"><\/iframe><\/p>\n<p>&nbsp;<\/p>\n<hr \/>\n<p>&nbsp;<\/p>\n<p>&nbsp;<\/p>\n<p><a class=\"dt-pswp-item\" href=\"https:\/\/www.radiopiu.net\/wordpress\/wp-content\/uploads\/2023\/07\/WhatsApp-Image-2023-07-25-at-10.59.17.jpeg\" data-dt-img-description=\"\" data-large_image_width=\"972\" data-large_image_height=\"543\"><img loading=\"lazy\" decoding=\"async\" class=\"wp-image-345961 alignleft\" src=\"https:\/\/www.radiopiu.net\/wordpress\/wp-content\/uploads\/2023\/07\/WhatsApp-Image-2023-07-25-at-10.59.17-300x168.jpeg\" alt=\"\" width=\"146\" height=\"82\" srcset=\"https:\/\/www.radiopiu.net\/wordpress\/wp-content\/uploads\/2023\/07\/WhatsApp-Image-2023-07-25-at-10.59.17-300x168.jpeg 300w, https:\/\/www.radiopiu.net\/wordpress\/wp-content\/uploads\/2023\/07\/WhatsApp-Image-2023-07-25-at-10.59.17-768x429.jpeg 768w, https:\/\/www.radiopiu.net\/wordpress\/wp-content\/uploads\/2023\/07\/WhatsApp-Image-2023-07-25-at-10.59.17.jpeg 972w\" sizes=\"auto, (max-width: 146px) 100vw, 146px\" \/><\/a><strong>L&#8217;ALTA VIA CHE NON C&#8217;E&#8217;, SESTA\u00a0 PUNTATA CON LUCA GANZ\u00a0<\/strong><\/p>\n<audio class=\"wp-audio-shortcode\" id=\"audio-345871-11\" preload=\"none\" style=\"width: 100%;\" controls=\"controls\"><source type=\"audio\/mpeg\" src=\"https:\/\/www.radiopiu.net\/wordpress\/wp-content\/uploads\/2023\/07\/LA-REFA-SETTE.mp3?_=11\" \/><a href=\"https:\/\/www.radiopiu.net\/wordpress\/wp-content\/uploads\/2023\/07\/LA-REFA-SETTE.mp3\">https:\/\/www.radiopiu.net\/wordpress\/wp-content\/uploads\/2023\/07\/LA-REFA-SETTE.mp3<\/a><\/audio>\n<p>LA RACCOLTA COMPLETA<\/p>\n<blockquote class=\"wp-embedded-content\" data-secret=\"pxYPzjPSsx\"><p><a href=\"https:\/\/www.radiopiu.net\/wordpress\/punt-ta-ta-03\/\">LA REFA &#8211; IL PROGRAMMA ALLA RADIO. ESCURSIONI IN MONTAGNA ED ALTRO CON LUCA GANZ<\/a><\/p><\/blockquote>\n<p><iframe loading=\"lazy\" class=\"wp-embedded-content\" sandbox=\"allow-scripts\" security=\"restricted\" style=\"position: absolute; clip: rect(1px, 1px, 1px, 1px);\" title=\"&#8220;LA REFA &#8211; IL PROGRAMMA ALLA RADIO. ESCURSIONI IN MONTAGNA ED ALTRO CON LUCA GANZ&#8221; &#8212; Radio Pi\u00f9\" src=\"https:\/\/www.radiopiu.net\/wordpress\/punt-ta-ta-03\/embed\/#?secret=kHnQss9riE#?secret=pxYPzjPSsx\" data-secret=\"pxYPzjPSsx\" width=\"600\" height=\"338\" frameborder=\"0\" marginwidth=\"0\" marginheight=\"0\" scrolling=\"no\"><\/iframe><\/p>\n<p>&nbsp;<\/p>\n<blockquote class=\"wp-embedded-content\" data-secret=\"LiDrMftYZ6\"><p><a href=\"https:\/\/www.radiopiu.net\/wordpress\/rimasti-piu-avanti-p9\/\">&#8220;RIMASTI PIU&#8217; AVANTI&#8221;, ALLA SCOPERTA DELLA MUSICA BELLUNESE CON MARCO V. DAL FARRA<\/a><\/p><\/blockquote>\n<p><iframe loading=\"lazy\" class=\"wp-embedded-content\" sandbox=\"allow-scripts\" security=\"restricted\" style=\"position: absolute; clip: rect(1px, 1px, 1px, 1px);\" title=\"&#8220;&#8220;RIMASTI PIU&#8217; AVANTI&#8221;, ALLA SCOPERTA DELLA MUSICA BELLUNESE CON MARCO V. DAL FARRA&#8221; &#8212; Radio Pi\u00f9\" src=\"https:\/\/www.radiopiu.net\/wordpress\/rimasti-piu-avanti-p9\/embed\/#?secret=gW2dSf1LWm#?secret=LiDrMftYZ6\" data-secret=\"LiDrMftYZ6\" width=\"600\" height=\"338\" frameborder=\"0\" marginwidth=\"0\" marginheight=\"0\" scrolling=\"no\"><\/iframe><\/p>\n<p>&nbsp;<\/p>\n<hr \/>\n<p>&nbsp;<\/p>\n<blockquote>\n<h3>LA MOSTRA DI COSETTA VEDANA<\/h3>\n<\/blockquote>\n<p><strong>SOSPIROLO<\/strong><\/p>\n<p>di Roberto Bona<\/p>\n<audio class=\"wp-audio-shortcode\" id=\"audio-345871-12\" preload=\"none\" style=\"width: 100%;\" controls=\"controls\"><source type=\"audio\/mpeg\" src=\"https:\/\/www.radiopiu.net\/wordpress\/wp-content\/uploads\/2023\/07\/gr-25-mostra-cosetta-vedana-BONA-29-LUGLIO.mp3?_=12\" \/><a href=\"https:\/\/www.radiopiu.net\/wordpress\/wp-content\/uploads\/2023\/07\/gr-25-mostra-cosetta-vedana-BONA-29-LUGLIO.mp3\">https:\/\/www.radiopiu.net\/wordpress\/wp-content\/uploads\/2023\/07\/gr-25-mostra-cosetta-vedana-BONA-29-LUGLIO.mp3<\/a><\/audio>\n<p>&nbsp;<\/p>\n<hr \/>\n<p>&nbsp;<\/p>\n<blockquote>\n<h3>LA SAGRA DEI PER A BRIBANO DI SEDICO<\/h3>\n<\/blockquote>\n<p><strong>SEDICO<\/strong> Dal 21 al 30 luglio grande festa a Bribano di Sedico con la Sagra dei Per. Musica, Luna Park, cibo, sport, cultura e altro.<\/p>\n<p><strong>IL PROGRAMMA (2 PAGINE)<\/strong><\/p>\n<a href=\"https:\/\/www.radiopiu.net\/wordpress\/wp-content\/uploads\/2023\/07\/FLYER-sagra-dei-per-2023-STAMPA.pdf\" class=\"pdfemb-viewer\" style=\"\" data-width=\"max\" data-height=\"max\" data-toolbar=\"top\" data-toolbar-fixed=\"on\">FLYER sagra dei per 2023 STAMPA<\/a>\n<p>&nbsp;<\/p>\n<hr \/>\n<p>&nbsp;<\/p>\n<blockquote>\n<h3>IL CIRCO PATUF A TAIBON<\/h3>\n<\/blockquote>\n<p>&nbsp;<\/p>\n<p><iframe loading=\"lazy\" title=\"YouCut 20230719 122524272\" width=\"1200\" height=\"675\" src=\"https:\/\/www.youtube.com\/embed\/hl4YfcrwLo0?feature=oembed\" frameborder=\"0\" allow=\"accelerometer; autoplay; clipboard-write; encrypted-media; gyroscope; picture-in-picture; web-share\" allowfullscreen><\/iframe><\/p>\n<p>&nbsp;<\/p>\n<p><strong>TAIBON<\/strong> Gli artisti del circo Patuf sono pronti per lo spettacolo, nuovo, per la prima volta in provincia con artisti internazionali. In riva al Tegnas (zona sagra de Pasca) appuntamento fino a al 30 luglio, ogni sera alle 20.30, la domenica spettacolo anticipato alle 18.<\/p>\n<p><strong>LE ANTICIPAZIONI CON LIDIA&#8230; ABBIAMO SCONFITTO ANCHE IL VENTO CHE HA PROVATO A DISTURBARCI&#8230;<\/strong><\/p>\n<p>https:\/\/www.facebook.com\/marco.baghy.1\/videos\/244165395083331<\/p>\n<p>&nbsp;<\/p>\n<hr \/>\n<p><a class=\"dt-pswp-item\" href=\"https:\/\/www.radiopiu.net\/wordpress\/wp-content\/uploads\/2023\/07\/4e8aaff0-2dd1-4dd7-9a0a-1206a154c860.jpg\" data-dt-img-description=\"\" data-large_image_width=\"690\" data-large_image_height=\"1024\"><img loading=\"lazy\" decoding=\"async\" class=\"size-medium wp-image-345702 aligncenter\" src=\"https:\/\/www.radiopiu.net\/wordpress\/wp-content\/uploads\/2023\/07\/4e8aaff0-2dd1-4dd7-9a0a-1206a154c860-202x300.jpg\" alt=\"\" width=\"202\" height=\"300\" srcset=\"https:\/\/www.radiopiu.net\/wordpress\/wp-content\/uploads\/2023\/07\/4e8aaff0-2dd1-4dd7-9a0a-1206a154c860-202x300.jpg 202w, https:\/\/www.radiopiu.net\/wordpress\/wp-content\/uploads\/2023\/07\/4e8aaff0-2dd1-4dd7-9a0a-1206a154c860.jpg 690w\" sizes=\"auto, (max-width: 202px) 100vw, 202px\" \/><\/a><\/p>\n<p>&nbsp;<\/p>\n<hr \/>\n<p>&nbsp;<\/p>\n<h2><span style=\"color: #ff0000;\">GLI APPUNTAMENTI DELLA SETTIMANA\u00a0<\/span><\/h2>\n<blockquote>\n<h3><a class=\"dt-pswp-item\" href=\"https:\/\/www.radiopiu.net\/wordpress\/wp-content\/uploads\/2023\/04\/ADA.jpg\" data-dt-img-description=\"\" data-large_image_width=\"1186\" data-large_image_height=\"843\"><img loading=\"lazy\" decoding=\"async\" class=\"wp-image-331710 alignleft\" src=\"https:\/\/www.radiopiu.net\/wordpress\/wp-content\/uploads\/2023\/04\/ADA-300x213.jpg\" alt=\"\" width=\"183\" height=\"130\" srcset=\"https:\/\/www.radiopiu.net\/wordpress\/wp-content\/uploads\/2023\/04\/ADA-300x213.jpg 300w, https:\/\/www.radiopiu.net\/wordpress\/wp-content\/uploads\/2023\/04\/ADA-1024x728.jpg 1024w, https:\/\/www.radiopiu.net\/wordpress\/wp-content\/uploads\/2023\/04\/ADA-768x546.jpg 768w, https:\/\/www.radiopiu.net\/wordpress\/wp-content\/uploads\/2023\/04\/ADA.jpg 1186w\" sizes=\"auto, (max-width: 183px) 100vw, 183px\" \/><\/a>ADA DANZA AL BOCCIODROMO DI AGORDO<\/h3>\n<\/blockquote>\n<p><strong>AGORDO<\/strong> Oggi dalle 16.30 alle 18.30\u00a0 al bar delle bocce al bocciodromo di Agordo ( in viale Lungorova- parco giochi di Agordo) l&#8217;Associazione Danza Agordina propone dell&#8217;animazione per bambini e ragazzi con danza moderna e hip hop. Accesso libero. L&#8217;evento si svolger\u00e0 al coperto sotto l&#8217;ampia tettoia del bocciodromo.<\/p>\n<p>&nbsp;<\/p>\n<p>&nbsp;<\/p>\n<hr \/>\n<p><a class=\"dt-pswp-item\" href=\"https:\/\/www.radiopiu.net\/wordpress\/wp-content\/uploads\/2023\/07\/Senza-nome-77.png\" data-dt-img-description=\"\" data-large_image_width=\"423\" data-large_image_height=\"411\"><img loading=\"lazy\" decoding=\"async\" class=\"wp-image-345894 alignleft\" src=\"https:\/\/www.radiopiu.net\/wordpress\/wp-content\/uploads\/2023\/07\/Senza-nome-77-300x291.png\" alt=\"\" width=\"116\" height=\"113\" srcset=\"https:\/\/www.radiopiu.net\/wordpress\/wp-content\/uploads\/2023\/07\/Senza-nome-77-300x291.png 300w, https:\/\/www.radiopiu.net\/wordpress\/wp-content\/uploads\/2023\/07\/Senza-nome-77.png 423w\" sizes=\"auto, (max-width: 116px) 100vw, 116px\" \/><\/a><\/p>\n<p><strong>\u00a0<\/strong><strong>LA MOSTRA A\u00a0 <\/strong><strong>LA VALLE AGORDINA\u00a0<\/strong><\/p>\n<p><strong>ANIMALI DELLE DOLOMITI, LA MOSTRA FOTOGRAFICA DI ADONE COLLE FINO AL 6 AGOSTO, TUTTI I GIORNI DALLE 10 ALLE 12 E DALLE 20 ALLE 22 NELLA SALA DELLA BIBLIOTECA DEL MUNICIPIO DI LA VALLE AGORDINA ANIMALI DELLE DOLOMITI, DI ADONE COLLE, CON L&#8217;ORGANIZZAZIONE DELLE ASSOCAZIONI LAVALLESI<\/strong><\/p>\n<p>&nbsp;<\/p>\n<hr \/>\n<blockquote>\n<h3><\/h3>\n<h3>CONCERTI IN ALTA QUOTA CON &#8220;MELODIE NEL BOSCO, SUSSURRI TRA LE DOLOMITI&#8221;. SABATO IL CONCERTO DEL CORO VAL BIOIS SARA&#8217; DEDICATO A FABIO DE VENTURA, SCOMPARSO LO SCORSO 10 LUGLIO A 63 ANNI. ABITAVA A CARFON DI CANALE D&#8217;AGORDO, FABIO E&#8217; STATO UNO DEGLI IDEATORE DEL BOSCO DEGLI ARTISTI, NE HA SEGUITO LA SUA NASCITA E CRESCITA NEI GIORNI IN CUI ERA VICE CAPO DELLA SOCIETA&#8217; IMPIANTI FALCADE-COL MARGHERITA.<\/h3>\n<\/blockquote>\n<p><strong><a class=\"dt-pswp-item\" href=\"https:\/\/www.radiopiu.net\/wordpress\/wp-content\/uploads\/2018\/07\/Pota-l_Orso_Bosco-degli-Artisti.png\" data-dt-img-description=\"\" data-large_image_width=\"750\" data-large_image_height=\"534\"><img loading=\"lazy\" decoding=\"async\" class=\" wp-image-55065 alignleft\" src=\"https:\/\/www.radiopiu.net\/wordpress\/wp-content\/uploads\/2018\/07\/Pota-l_Orso_Bosco-degli-Artisti-300x214.png\" alt=\"\" width=\"199\" height=\"142\" srcset=\"https:\/\/www.radiopiu.net\/wordpress\/wp-content\/uploads\/2018\/07\/Pota-l_Orso_Bosco-degli-Artisti-300x214.png 300w, https:\/\/www.radiopiu.net\/wordpress\/wp-content\/uploads\/2018\/07\/Pota-l_Orso_Bosco-degli-Artisti.png 750w\" sizes=\"auto, (max-width: 199px) 100vw, 199px\" \/><\/a>FALCADE<\/strong>\u00a0 &#8220;Melodie nel Bosco, sussurri tra le Dolomiti&#8221;. Si chiama cos\u00ec il festival che porter\u00e0 quattro concerti a 2.000 metri di altitudine per far incontrare musica e natura al cospetto di vette come Mulaz e Focobon.\u00a0 A fare da teatro sar\u00e0 il Bosco degli Artisti di Falcade, galleria d\u2019arte a cielo aperto che sorge in localit\u00e0 Le Buse, nella Ski Area San Pellegrino. Concerti in programma alle 10:30. Sabato 29 luglio si esibir\u00e0 il Coro Val Biois con intermezzo di Nina &amp; Nena duo. Sabato 12 agosto spazio a Fourback con un tributo ai Beatles. Sabato 26 agosto toccher\u00e0 a Emanuele Bastanzetti, da Bach a Kreisler &#8211; sinfonie di violino.<\/p>\n<p>&nbsp;<\/p>\n<p>&nbsp;<\/p>\n<p><a class=\"dt-pswp-item\" href=\"https:\/\/www.radiopiu.net\/wordpress\/wp-content\/uploads\/2023\/07\/Senza-nome-79.png\" data-dt-img-description=\"\" data-large_image_width=\"230\" data-large_image_height=\"242\"><strong><img loading=\"lazy\" decoding=\"async\" class=\"wp-image-345913 alignleft\" src=\"https:\/\/www.radiopiu.net\/wordpress\/wp-content\/uploads\/2023\/07\/Senza-nome-79.png\" alt=\"\" width=\"111\" height=\"117\" \/><\/strong><\/a><strong>OGGI alle 21, dopo il successo dell&#8217;anno scorso, torner\u00e0 nella suggestiva piazzetta Tancon a Canale d&#8217;Agordo Benito Madon\u00eca con la sua chitarra per il concerto &#8220;C&#8217;\u00e8 musica per te&#8221;. <\/strong><\/p>\n<p>&nbsp;<\/p>\n<p>&nbsp;<\/p>\n<p>&nbsp;<\/p>\n<p><strong><img loading=\"lazy\" decoding=\"async\" class=\"img-responsive alignleft\" src=\"https:\/\/www.cartacarbonefestival.it\/wp-content\/uploads\/2021\/09\/annibale-salsa-458x458.jpg\" alt=\"Annibale Salsa\" width=\"155\" height=\"155\" data-pagespeed-url-hash=\"770813655\" \/>OGGI A COLLE SANTA LUCIA IL SECONDO APPUNTAMENTO CON L&#8217;ASSOCIAZIONE TURISTICA COLLE SANTA LUCIA.\u00a0 MATTEO RIGHETTO DIALOGA CON ANNIBALE SALSA, ANTROPOLOGO E CONOSCITORE DELLE ALPI (FOTO).\u00a0<\/strong><\/p>\n<p><span style=\"color: #ff0000;\">LO SPOT ALLA RADIO<\/span><\/p>\n<audio class=\"wp-audio-shortcode\" id=\"audio-345871-13\" preload=\"none\" style=\"width: 100%;\" controls=\"controls\"><source type=\"audio\/mpeg\" src=\"https:\/\/www.radiopiu.net\/wordpress\/wp-content\/uploads\/2023\/07\/SECONDO-APPUNTAMENTO-COLLE.mp3?_=13\" \/><a href=\"https:\/\/www.radiopiu.net\/wordpress\/wp-content\/uploads\/2023\/07\/SECONDO-APPUNTAMENTO-COLLE.mp3\">https:\/\/www.radiopiu.net\/wordpress\/wp-content\/uploads\/2023\/07\/SECONDO-APPUNTAMENTO-COLLE.mp3<\/a><\/audio>\n<div class=\"col-sm-5\"><\/div>\n<div><\/div>\n<div><\/div>\n<div>\n<hr \/>\n<\/div>\n<div>\n<blockquote>\n<h3><a class=\"dt-pswp-item\" href=\"https:\/\/www.radiopiu.net\/wordpress\/wp-content\/uploads\/2023\/07\/invito-mostra-ex-voto.jpg\" data-dt-img-description=\"\" data-large_image_width=\"1123\" data-large_image_height=\"794\"><img loading=\"lazy\" decoding=\"async\" class=\" wp-image-345603 alignleft\" src=\"https:\/\/www.radiopiu.net\/wordpress\/wp-content\/uploads\/2023\/07\/invito-mostra-ex-voto-300x212.jpg\" alt=\"\" width=\"276\" height=\"195\" srcset=\"https:\/\/www.radiopiu.net\/wordpress\/wp-content\/uploads\/2023\/07\/invito-mostra-ex-voto-300x212.jpg 300w, https:\/\/www.radiopiu.net\/wordpress\/wp-content\/uploads\/2023\/07\/invito-mostra-ex-voto-1024x724.jpg 1024w, https:\/\/www.radiopiu.net\/wordpress\/wp-content\/uploads\/2023\/07\/invito-mostra-ex-voto-768x543.jpg 768w, https:\/\/www.radiopiu.net\/wordpress\/wp-content\/uploads\/2023\/07\/invito-mostra-ex-voto.jpg 1123w\" sizes=\"auto, (max-width: 276px) 100vw, 276px\" \/><\/a>LA MOSTRA IN CONCATTEDRALE<\/h3>\n<\/blockquote>\n<p><strong>FELTRE<\/strong>\u00a0 Oggi, alle 20.30, si terr\u00e0 l\u2019inaugurazione della mostra \u201cEx voto della Concattedrale di Feltre tra Sette e Ottocento\u201d, insieme alle tavole originali de \u201cI Miracoli di Val Canzoi\u201d, realizzate da Gian Antonio Cecchin per il testo scritto da Giovanni Trimeri. La mostra sar\u00e0 aperta dall\u20191 al 20 agosto, tutti i giorni. Per informazioni e prenotazioni e visite guidate: scrivere a <a href=\"mailto:concattedralefeltre@libero.it\">concattedralefeltre@libero.it<\/a>\u00a0 TELEFONO 0439.2312.<\/p>\n<\/div>\n<div><\/div>\n<div>\n<hr \/>\n<\/div>\n<div><\/div>\n<p>&nbsp;<\/p>\n<blockquote>\n<h3>CONCERTO DI MUSICA LIRICA A VALLADA<\/h3>\n<\/blockquote>\n<p><strong>VALLADA<\/strong> Sar\u00e0 la chiesa di San Simon a Vallada ad ospitare domani sera alle 21 il concerto di musica lirica delle Muse e Le Dolomiti. Concerto dedicato al Beato Papa Luciani<\/p>\n<p>&nbsp;<\/p>\n<blockquote>\n<h3>L&#8217;INAUGURAZIONE DELLA MOSTRA AL CASTELLO DI ANDRAZ<\/h3>\n<\/blockquote>\n<p><strong>LIVINALLONGO<\/strong> Sar\u00e0 inaugurata sabato alle 17 al Castello di Andraz la mostra dal titolo &#8220;Castello ad orologeria&#8221;.<\/p>\n<p>&nbsp;<\/p>\n<blockquote>\n<h3>LA FESTA DE RIVIDELA<\/h3>\n<\/blockquote>\n<p><strong>CANALE D&#8217;AGORDO<\/strong> Sabato dalle 16 in via Rividela un pomeriggio di festa organizzata dall&#8217;Hockey Club Canale. Alle 16 merenda e giochi per bambini, dalle 19 degustazione di prodotti fatti in casa.<\/p>\n<p>&nbsp;<\/p>\n<blockquote>\n<h3>INCONTRO CON MATTEO MELCHIORRE<\/h3>\n<\/blockquote>\n<p><strong>CANALE D&#8217;AGORDO<\/strong> Per gli appuntamenti estivi dedicati a Beato Papa Luciani, sabato alle 21 in Sala Emigranti di Canale D&#8217;Agordo viene organizzato un incontro con lo scrittore Matteo Melchiorre<\/p>\n<p>&nbsp;<\/p>\n<blockquote>\n<h3>FESTA IN PINETA A CENCENIGHE<\/h3>\n<\/blockquote>\n<p><strong>CENCENIGHE<\/strong> Gli alpini di Cencenighe organizzano la festa in pineta sabato 29 e domenica 30 luglio. Sabato apertitivo e DJ set dalle 17. Domenica ritrovo in pineta e santa messa alle 10:30, alle 12 apertura cucine e nel pomeriggio musica folk<\/p>\n<p>&nbsp;<\/p>\n<blockquote>\n<h3>ESCURSIONE IN ZOLDO CON IL CAI DI AGORDO<\/h3>\n<\/blockquote>\n<p><strong>AGORDO<\/strong> Domenica il Cai di Agordo organizza un&#8217;escursione ai Gendarmi degli Sfornioi sul gruppo delle Dolomiti di Zoldo. Per info e prenotazioni 380 6983040<\/p>\n<p>&nbsp;<\/p>\n<blockquote>\n<h3>TALK CRISTIANO AD AGORDO<\/h3>\n<p><strong>L&#8217;INVITO DI CRISTINA<\/strong><\/p>\n<audio class=\"wp-audio-shortcode\" id=\"audio-345871-14\" preload=\"none\" style=\"width: 100%;\" controls=\"controls\"><source type=\"audio\/mpeg\" src=\"https:\/\/www.radiopiu.net\/wordpress\/wp-content\/uploads\/2023\/07\/CRISTINA.mp3?_=14\" \/><a href=\"https:\/\/www.radiopiu.net\/wordpress\/wp-content\/uploads\/2023\/07\/CRISTINA.mp3\">https:\/\/www.radiopiu.net\/wordpress\/wp-content\/uploads\/2023\/07\/CRISTINA.mp3<\/a><\/audio><\/blockquote>\n<p><strong>AGORDO<\/strong> Domenica 30 luglio alle 18 al Centro Parrocchiale di Agordo un incontro dal titolo &#8220;Talk Cristiano, il significato della crocifissione di Ges\u00f9 Cristo<\/p>\n<p>&nbsp;<\/p>\n<h2><span style=\"color: #ff0000;\">PROSSIMAMENTE&#8230;<\/span><\/h2>\n<blockquote>\n<h3>LA MOSTRA SALUTI DALLE DOLOMITI<\/h3>\n<\/blockquote>\n<p><strong>COLLE SANTA LUCIA <\/strong>Gioved\u00ec 3 agosto alle 18 in piazza Villagrande a Colle Santa Lucia l&#8217;inaugurazione della mostra &#8220;Saluti dalle Dolomiti &#8211; Grusse aus den Dolomiten&#8221; (in caso di maltempo il tutto si trasferir\u00e0 nella sala delle ex scuole elementari). La mostra sar\u00e0 dedicata a cartoline e fotografie storiche realizzate in tempo di pace prima e in guerra poi, durante la prima guerra mondiale. La presentazione avverr\u00e0 a cura della guida storica Franz Brunner Pozzi e rimarr\u00e0 aperta e visitabile fino a sabato 12 agosto con ingresso gratuito dall&#8217;ufficio turistico in piazza a Colle Santa Lucia nei suoi orari d&#8217;apertura.<\/p>\n<p>&nbsp;<\/p>\n<blockquote>\n<h3>LA SAGRA DI GARES<\/h3>\n<\/blockquote>\n<p><strong>CANALE D&#8217;AGORDO<\/strong> Si svolger\u00e0 il 5 agosto la Sagra di Gares a Canale D&#8217;Agordo. Santa messa nelle chiesetta alle 10:30 e a seguire chiosco con panini, bibite e birra nella piazza della frazione.<\/p>\n<p>&nbsp;<\/p>\n<hr \/>\n<p><a class=\"dt-pswp-item\" href=\"https:\/\/www.radiopiu.net\/wordpress\/wp-content\/uploads\/2023\/07\/4e8aaff0-2dd1-4dd7-9a0a-1206a154c860.jpg\" data-dt-img-description=\"\" data-large_image_width=\"690\" data-large_image_height=\"1024\"><img loading=\"lazy\" decoding=\"async\" class=\"size-medium wp-image-345702 aligncenter\" src=\"https:\/\/www.radiopiu.net\/wordpress\/wp-content\/uploads\/2023\/07\/4e8aaff0-2dd1-4dd7-9a0a-1206a154c860-202x300.jpg\" alt=\"\" width=\"202\" height=\"300\" srcset=\"https:\/\/www.radiopiu.net\/wordpress\/wp-content\/uploads\/2023\/07\/4e8aaff0-2dd1-4dd7-9a0a-1206a154c860-202x300.jpg 202w, https:\/\/www.radiopiu.net\/wordpress\/wp-content\/uploads\/2023\/07\/4e8aaff0-2dd1-4dd7-9a0a-1206a154c860.jpg 690w\" sizes=\"auto, (max-width: 202px) 100vw, 202px\" \/><\/a><\/p>\n<p>&nbsp;<\/p>\n<hr \/>\n<p>&nbsp;<\/p>\n<blockquote>\n<h3>APERITIVO ? MA MAI SENZA MUSICA<\/h3>\n<\/blockquote>\n<p><a class=\"dt-pswp-item\" href=\"https:\/\/www.radiopiu.net\/wordpress\/wp-content\/uploads\/2023\/07\/d86dbc06-7161-49d4-b544-90770e85269f.jpg\" data-dt-img-description=\"\" data-large_image_width=\"1448\" data-large_image_height=\"2048\"><img loading=\"lazy\" decoding=\"async\" class=\" wp-image-342766 alignleft\" src=\"https:\/\/www.radiopiu.net\/wordpress\/wp-content\/uploads\/2023\/07\/d86dbc06-7161-49d4-b544-90770e85269f-212x300.jpg\" alt=\"\" width=\"133\" height=\"189\" srcset=\"https:\/\/www.radiopiu.net\/wordpress\/wp-content\/uploads\/2023\/07\/d86dbc06-7161-49d4-b544-90770e85269f-212x300.jpg 212w, https:\/\/www.radiopiu.net\/wordpress\/wp-content\/uploads\/2023\/07\/d86dbc06-7161-49d4-b544-90770e85269f-724x1024.jpg 724w, https:\/\/www.radiopiu.net\/wordpress\/wp-content\/uploads\/2023\/07\/d86dbc06-7161-49d4-b544-90770e85269f-768x1086.jpg 768w, https:\/\/www.radiopiu.net\/wordpress\/wp-content\/uploads\/2023\/07\/d86dbc06-7161-49d4-b544-90770e85269f-1086x1536.jpg 1086w, https:\/\/www.radiopiu.net\/wordpress\/wp-content\/uploads\/2023\/07\/d86dbc06-7161-49d4-b544-90770e85269f.jpg 1448w\" sizes=\"auto, (max-width: 133px) 100vw, 133px\" \/><\/a>Dimentica la routine, concediti un momento di relax e divertimento con amici e familiari. L&#8217;aperitivo in musica all&#8217;Hotel Stella Alpina in piazza a Falcade \u00e8 l&#8217;occasione perfetta per socializzare e creare ricordi preziosi.Ogni venerd\u00ec di luglio ed agosto, l&#8217;Hotel Stella Alpina vi accoglie per una serata di puro divertimento, dalle 18 alle 21. I\u00a0venerdi di luglio ed agosto allo Stella alpina, appuntamento con la buona musica e le specialit\u00e0 che sapranno deliziarvi il palato. INFO 0437 599046. <a class=\"moz-txt-link-abbreviated\" href=\"http:\/\/WWW.HOTEL\">WWW.HOTEL<\/a> STELLA ALPINA . COM<\/p>\n<p><strong>DOMANI<\/strong> GLI OROPURO IN CONCERTO e piatto misto di pesce<\/p>\n<p><strong>VENERDI 4 AGOSTO<\/strong> SMILE IN CONCERTO\u00a0 e tacos con pulled pork fatti in casa<\/p>\n<p>&nbsp;<\/p>\n<p>&nbsp;<\/p>\n<hr \/>\n<blockquote>\n<h3><a class=\"dt-pswp-item\" href=\"https:\/\/www.radiopiu.net\/wordpress\/wp-content\/uploads\/2023\/07\/ae6f5a62-22bb-46f1-8ed1-244c23f0236e.jpg\" data-dt-img-description=\"\" data-large_image_width=\"1131\" data-large_image_height=\"1600\"><img loading=\"lazy\" decoding=\"async\" class=\" wp-image-345601 alignleft\" src=\"https:\/\/www.radiopiu.net\/wordpress\/wp-content\/uploads\/2023\/07\/ae6f5a62-22bb-46f1-8ed1-244c23f0236e-212x300.jpg\" alt=\"\" width=\"181\" height=\"256\" srcset=\"https:\/\/www.radiopiu.net\/wordpress\/wp-content\/uploads\/2023\/07\/ae6f5a62-22bb-46f1-8ed1-244c23f0236e-212x300.jpg 212w, https:\/\/www.radiopiu.net\/wordpress\/wp-content\/uploads\/2023\/07\/ae6f5a62-22bb-46f1-8ed1-244c23f0236e-724x1024.jpg 724w, https:\/\/www.radiopiu.net\/wordpress\/wp-content\/uploads\/2023\/07\/ae6f5a62-22bb-46f1-8ed1-244c23f0236e-768x1086.jpg 768w, https:\/\/www.radiopiu.net\/wordpress\/wp-content\/uploads\/2023\/07\/ae6f5a62-22bb-46f1-8ed1-244c23f0236e-1086x1536.jpg 1086w, https:\/\/www.radiopiu.net\/wordpress\/wp-content\/uploads\/2023\/07\/ae6f5a62-22bb-46f1-8ed1-244c23f0236e.jpg 1131w\" sizes=\"auto, (max-width: 181px) 100vw, 181px\" \/><\/a>ESTATE DELLE BIBLIOTECHE<\/h3>\n<\/blockquote>\n<p>&nbsp;<\/p>\n<p><strong>CANALE D&#8217;AGORDO<\/strong> Sabato alle 21 in sala emigranti presentazione del libro &#8220;Il Duca&#8221; di Matteo Melchiorre, ricercatore e scrittore feltrino.<\/p>\n<p>&nbsp;<\/p>\n<p>&nbsp;<\/p>\n<p>&nbsp;<\/p>\n<p>&nbsp;<\/p>\n<p>&nbsp;<\/p>\n<p>&nbsp;<\/p>\n<hr \/>\n<p>&nbsp;<\/p>\n<p>&nbsp;<\/p>\n<blockquote>\n<h3><a class=\"dt-pswp-item\" href=\"https:\/\/www.radiopiu.net\/wordpress\/wp-content\/uploads\/2023\/07\/f3b253e6-70dc-4b6a-9b64-d312475aa1a1.jpg\" data-dt-img-description=\"\" data-large_image_width=\"1463\" data-large_image_height=\"2048\"><img loading=\"lazy\" decoding=\"async\" class=\"size-medium wp-image-345602 alignleft\" src=\"https:\/\/www.radiopiu.net\/wordpress\/wp-content\/uploads\/2023\/07\/f3b253e6-70dc-4b6a-9b64-d312475aa1a1-214x300.jpg\" alt=\"\" width=\"214\" height=\"300\" srcset=\"https:\/\/www.radiopiu.net\/wordpress\/wp-content\/uploads\/2023\/07\/f3b253e6-70dc-4b6a-9b64-d312475aa1a1-214x300.jpg 214w, https:\/\/www.radiopiu.net\/wordpress\/wp-content\/uploads\/2023\/07\/f3b253e6-70dc-4b6a-9b64-d312475aa1a1-732x1024.jpg 732w, https:\/\/www.radiopiu.net\/wordpress\/wp-content\/uploads\/2023\/07\/f3b253e6-70dc-4b6a-9b64-d312475aa1a1-768x1075.jpg 768w, https:\/\/www.radiopiu.net\/wordpress\/wp-content\/uploads\/2023\/07\/f3b253e6-70dc-4b6a-9b64-d312475aa1a1-1097x1536.jpg 1097w, https:\/\/www.radiopiu.net\/wordpress\/wp-content\/uploads\/2023\/07\/f3b253e6-70dc-4b6a-9b64-d312475aa1a1.jpg 1463w\" sizes=\"auto, (max-width: 214px) 100vw, 214px\" \/><\/a>MADONA DE LA NEIF, AD AGOSTO A LA VALLE AGORDINA<\/h3>\n<\/blockquote>\n<p>MADONA DE LA NEIF! LA FESTA A LA VALLE AGORDINA DAL 4 AL 6 AGOSTO: TRE SERATE CON STAND GASTRONOMICO, APERITIVO E BALLO SERALE. MADONA DE LA NEIF SPORT: SABATO 5 EL GIRO DE LE BURELE, GARA PODISTICA A COPPIE 41 ESIMA EDIZIONE E DOMENICA INDESFIDA DE LE VILE, GIOCHI E SFIDE DELLA TRADIZIONE. MADONA DE LA NEIF! E&#8217; MOSTRA FOTOGRAFICA LA VAL DA INCORNISA&#8217; NELLE BURELE DI FADES, FINO<br \/>\nAL 31 AGOSTO. E&#8217; MOSTRA MERCATO, SABATO 5 EL MERCA&#8217; DE L&#8217;ISTA&#8217; E POI&#8230; LA VAL A CAVAL, BATTESIMO IN SELLA PER GRANDI E PICCINI, APERTURA DEL MUSEO ETNOGRAFICO E VENERDI 4 CONCERTO DEGLI RH NEGATIVO. TRE GIORNI DI BALLI DISCO&#8230;E DISCO TEK CON RDJ MADONA DE LA NEIF&#8230;ORIGINAL IN TEK VALLEY, CON LE ASSOCIAZIONI LAVALLESI. MADONNA DE LA NEIF&#8230;SOTTO IL CIELO LAVALLESE&#8230;PARDON SOTTO AL TENDONE CON LE ASSOCIAZIONI LAVALLESI<\/p>\n<p>&nbsp;<\/p>\n<p>&nbsp;<\/p>\n<hr \/>\n<p>&nbsp;<\/p>\n<div class=\"message spoilers-container\" dir=\"auto\">\n<div class=\"column\">\n<div class=\"message spoilers-container\" dir=\"auto\">\n<div class=\"column\">\n<p>&nbsp;<\/p>\n<p><img loading=\"lazy\" decoding=\"async\" class=\"aligncenter wp-image-61954 size-full\" src=\"https:\/\/www.radiopiu.net\/wordpress\/wp-content\/uploads\/2018\/09\/viabilita.jpeg\" sizes=\"auto, (max-width: 800px) 100vw, 800px\" srcset=\"https:\/\/www.radiopiu.net\/wordpress\/wp-content\/uploads\/2018\/09\/viabilita.jpeg 800w, https:\/\/www.radiopiu.net\/wordpress\/wp-content\/uploads\/2018\/09\/viabilita-300x38.jpeg 300w, https:\/\/www.radiopiu.net\/wordpress\/wp-content\/uploads\/2018\/09\/viabilita-768x96.jpeg 768w\" alt=\"\" width=\"800\" height=\"100\" \/><\/p>\n<\/div>\n<\/div>\n<div class=\"message spoilers-container\" dir=\"auto\">\n<div class=\"column\">\n<p>&nbsp;<\/p>\n<\/div>\n<\/div>\n<\/div>\n<\/div>\n<blockquote class=\"wp-embedded-content\" data-secret=\"uHCFboXSnf\"><p><a href=\"https:\/\/www.radiopiu.net\/wordpress\/viabilita\/\">viabilita<\/a><\/p><\/blockquote>\n<p><iframe loading=\"lazy\" class=\"wp-embedded-content\" sandbox=\"allow-scripts\" security=\"restricted\" style=\"position: absolute; clip: rect(1px, 1px, 1px, 1px);\" title=\"&#8220;viabilita&#8221; &#8212; Radio Pi\u00f9\" src=\"https:\/\/www.radiopiu.net\/wordpress\/viabilita\/embed\/#?secret=MUUcgtsWn5#?secret=uHCFboXSnf\" data-secret=\"uHCFboXSnf\" width=\"600\" height=\"338\" frameborder=\"0\" marginwidth=\"0\" marginheight=\"0\" scrolling=\"no\"><\/iframe><\/p>\n<div class=\"message spoilers-container\" dir=\"auto\">\n<div class=\"column\">\n<div class=\"message spoilers-container\" dir=\"auto\">\n<div class=\"column\">\n<div>\n<div dir=\"ltr\">\n<div class=\"gmail_quote\">\n<div dir=\"ltr\">\n<div><\/div>\n<div><\/div>\n<div><\/div>\n<\/div>\n<\/div>\n<\/div>\n<\/div>\n<hr \/>\n<p>&nbsp;<\/p>\n<p><a class=\"dt-pswp-item\" href=\"https:\/\/www.radiopiu.net\/wordpress\/wp-content\/uploads\/2018\/09\/WhatsApp-Image-2018-09-20-at-16.04.06.jpeg\" data-dt-img-description=\"\" data-large_image_width=\"800\" data-large_image_height=\"100\"><img loading=\"lazy\" decoding=\"async\" class=\"wp-image-61378 size-full aligncenter\" src=\"https:\/\/www.radiopiu.net\/wordpress\/wp-content\/uploads\/2018\/09\/WhatsApp-Image-2018-09-20-at-16.04.06.jpeg\" alt=\"\" width=\"800\" height=\"100\" srcset=\"https:\/\/www.radiopiu.net\/wordpress\/wp-content\/uploads\/2018\/09\/WhatsApp-Image-2018-09-20-at-16.04.06.jpeg 800w, https:\/\/www.radiopiu.net\/wordpress\/wp-content\/uploads\/2018\/09\/WhatsApp-Image-2018-09-20-at-16.04.06-300x38.jpeg 300w, https:\/\/www.radiopiu.net\/wordpress\/wp-content\/uploads\/2018\/09\/WhatsApp-Image-2018-09-20-at-16.04.06-768x96.jpeg 768w\" sizes=\"auto, (max-width: 800px) 100vw, 800px\" \/><\/a><\/p>\n<\/div>\n<\/div>\n<div class=\"message spoilers-container\" dir=\"auto\">\n<p>&nbsp;<\/p>\n<p><center><\/center><center><b>OGGI<\/b><\/center>Al mattino sole e cielo sereno o poco nuvoloso per qualche banco di cirri. Al pomeriggio parziale riduzione del soleggiamento per modesta attivit\u00e0 cumuliforme e soprattutto per formazione di stratocumuli, via via pi\u00f9 estesi da met\u00e0 pomeriggio in poi. Nubi stratiformi legate ad un&#8217;avvezione di aria assai pi\u00f9 mite e in parte umida in quota, ma senza fenomeni.<br \/>\n<b>Precipitazioni: <\/b>Assenti (0%).<br \/>\n<b>Temperature: <\/b>Minime in ulteriore diminuzione con contesto fresco nelle valli. Massime in aumento, specie in alta quota.<\/p>\n<hr \/>\n<p><center><b>DOMANI<\/b><\/center>Al mattino cirri e banchi di nubi basse, entrambi in diradamento con ritorno di tratti soleggiati, anche ampi tra la tarda mattinata e il primo pomeriggio, prima che l&#8217;attivit\u00e0 cumuliforme determini un aumento della nuvolosit\u00e0 e il ritorno di qualche piovasco o rovescio, pi\u00f9 probabile sulle Dolomiti rispetto alle Prealpi.<br \/>\n<b>Precipitazioni: <\/b>Al mattino assenti (0%). Al pomeriggio rovesci sparsi (20-30%) e qualora il soleggiamento del mattino fosse sufficiente all&#8217;innesco di forti moti convettivi, l&#8217;insidia temporalesca potrebbe esserci, ma sar\u00e0 comunque bassa (10%).<br \/>\n<b>Temperature: <\/b>In generale aumento e di nuovo estive nei fondovalle.<\/p>\n<hr \/>\n<p><center><b>SABATO<\/b><\/center>Schiarite, pi\u00f9 ampie al mattino, e nuvolosit\u00e0 irregolare stratiforme, a tratti anche intensa e cumuliforme al pomeriggio, quando potranno verificarsi rovesci sparsi. Temperature senza notevoli variazioni, salvo aumento delle minime.<\/p>\n<hr \/>\n<p><center><b>DOMENICA<\/b><\/center>Tratti soleggiati iniziali, in rapida riduzione per crescente e irregolare nuvolosit\u00e0 cumuliforme, il cui sviluppo sar\u00e0 gi\u00e0 sufficiente a generare i primi rovesci e temporali entro le ore centrali del giorno. Instabilit\u00e0 che aumenter\u00e0 ulteriormente al pomeriggio con fenomeni pi\u00f9 frequenti, prima di esaurirsi in serata. Temperature minime in aumento; massime in calo, pi\u00f9 avvertito nei settori maggiormente interessati dall&#8217;instabilit\u00e0.<\/p>\n<p>&nbsp;<\/p>\n<\/div>\n<div class=\"message spoilers-container\" dir=\"auto\">\n<hr \/>\n<p>&nbsp;<\/p>\n<p><img loading=\"lazy\" decoding=\"async\" class=\"wp-image-60761 size-full aligncenter\" src=\"https:\/\/www.radiopiu.net\/wordpress\/wp-content\/uploads\/2018\/09\/sport.jpg\" alt=\"\" width=\"800\" height=\"100\" srcset=\"https:\/\/www.radiopiu.net\/wordpress\/wp-content\/uploads\/2018\/09\/sport.jpg 800w, https:\/\/www.radiopiu.net\/wordpress\/wp-content\/uploads\/2018\/09\/sport-300x38.jpg 300w, https:\/\/www.radiopiu.net\/wordpress\/wp-content\/uploads\/2018\/09\/sport-768x96.jpg 768w\" sizes=\"auto, (max-width: 800px) 100vw, 800px\" \/><\/p>\n<p>&nbsp;<\/p>\n<blockquote>\n<h2>16 COMUNI&#8230; A SETTEMBRE A CANALE D&#8217;AGORDO<\/h2>\n<\/blockquote>\n<div style=\"width: 848px;\" class=\"wp-video\"><video class=\"wp-video-shortcode\" id=\"video-345871-1\" width=\"848\" height=\"432\" preload=\"metadata\" controls=\"controls\"><source type=\"video\/mp4\" src=\"https:\/\/www.radiopiu.net\/wordpress\/wp-content\/uploads\/2023\/07\/WhatsApp-Video-2023-07-26-at-19.15.41-1.mp4?_=1\" \/><a href=\"https:\/\/www.radiopiu.net\/wordpress\/wp-content\/uploads\/2023\/07\/WhatsApp-Video-2023-07-26-at-19.15.41-1.mp4\">https:\/\/www.radiopiu.net\/wordpress\/wp-content\/uploads\/2023\/07\/WhatsApp-Video-2023-07-26-at-19.15.41-1.mp4<\/a><\/video><\/div>\n<p>&nbsp;<\/p>\n<p>&nbsp;<\/p>\n<\/div>\n\n\t\t\t<style type='text\/css'>\n\t\t\t\t#gallery-6 {\n\t\t\t\t\tmargin: auto;\n\t\t\t\t}\n\t\t\t\t#gallery-6 .gallery-item {\n\t\t\t\t\tfloat: left;\n\t\t\t\t\tmargin-top: 10px;\n\t\t\t\t\ttext-align: center;\n\t\t\t\t\twidth: 50%;\n\t\t\t\t}\n\t\t\t\t#gallery-6 img {\n\t\t\t\t\tborder: 2px solid #cfcfcf;\n\t\t\t\t}\n\t\t\t\t#gallery-6 .gallery-caption {\n\t\t\t\t\tmargin-left: 0;\n\t\t\t\t}\n\t\t\t\t\/* see gallery_shortcode() in wp-includes\/media.php *\/\n\t\t\t<\/style>\n\t\t<div id='gallery-6' class='dt-gallery-container gallery galleryid-345871 gallery-columns-2 gallery-size-medium'><dl class='gallery-item'>\n\t\t\t\t<dt class='gallery-icon portrait'>\n\t\t\t\t\t<a class=\"rollover rollover-zoom dt-pswp-item\" title=\"cb3e84c7-6b7b-4086-b96b-e2b820cc0e41\" data-dt-img-description=\"\" data-large_image_width=\"1132\" data-large_image_height=\"1600\"href='https:\/\/www.radiopiu.net\/wordpress\/wp-content\/uploads\/2023\/07\/cb3e84c7-6b7b-4086-b96b-e2b820cc0e41.jpg'><img loading=\"lazy\" decoding=\"async\" width=\"212\" height=\"300\" src=\"https:\/\/www.radiopiu.net\/wordpress\/wp-content\/uploads\/2023\/07\/cb3e84c7-6b7b-4086-b96b-e2b820cc0e41-212x300.jpg\" class=\"attachment-medium size-medium\" alt=\"\" aria-describedby=\"gallery-6-345600\" srcset=\"https:\/\/www.radiopiu.net\/wordpress\/wp-content\/uploads\/2023\/07\/cb3e84c7-6b7b-4086-b96b-e2b820cc0e41-212x300.jpg 212w, https:\/\/www.radiopiu.net\/wordpress\/wp-content\/uploads\/2023\/07\/cb3e84c7-6b7b-4086-b96b-e2b820cc0e41-724x1024.jpg 724w, https:\/\/www.radiopiu.net\/wordpress\/wp-content\/uploads\/2023\/07\/cb3e84c7-6b7b-4086-b96b-e2b820cc0e41-768x1086.jpg 768w, https:\/\/www.radiopiu.net\/wordpress\/wp-content\/uploads\/2023\/07\/cb3e84c7-6b7b-4086-b96b-e2b820cc0e41-1087x1536.jpg 1087w, https:\/\/www.radiopiu.net\/wordpress\/wp-content\/uploads\/2023\/07\/cb3e84c7-6b7b-4086-b96b-e2b820cc0e41.jpg 1132w\" sizes=\"auto, (max-width: 212px) 100vw, 212px\" \/><\/a>\n\t\t\t\t<\/dt>\n\t\t\t\t\t<dd class='wp-caption-text gallery-caption' id='gallery-6-345600'>\n\t\t\t\t\tVOLTAGO\n\t\t\t\t\t<\/dd><\/dl><dl class='gallery-item'>\n\t\t\t\t<dt class='gallery-icon portrait'>\n\t\t\t\t\t<a class=\"rollover rollover-zoom dt-pswp-item\" title=\"d5f98bf7-9da7-4dbe-906c-c01079ace3e8\" data-dt-img-description=\"\" data-large_image_width=\"1131\" data-large_image_height=\"1600\"href='https:\/\/www.radiopiu.net\/wordpress\/wp-content\/uploads\/2023\/07\/d5f98bf7-9da7-4dbe-906c-c01079ace3e8.jpg'><img loading=\"lazy\" decoding=\"async\" width=\"212\" height=\"300\" src=\"https:\/\/www.radiopiu.net\/wordpress\/wp-content\/uploads\/2023\/07\/d5f98bf7-9da7-4dbe-906c-c01079ace3e8-212x300.jpg\" class=\"attachment-medium size-medium\" alt=\"\" srcset=\"https:\/\/www.radiopiu.net\/wordpress\/wp-content\/uploads\/2023\/07\/d5f98bf7-9da7-4dbe-906c-c01079ace3e8-212x300.jpg 212w, https:\/\/www.radiopiu.net\/wordpress\/wp-content\/uploads\/2023\/07\/d5f98bf7-9da7-4dbe-906c-c01079ace3e8-724x1024.jpg 724w, https:\/\/www.radiopiu.net\/wordpress\/wp-content\/uploads\/2023\/07\/d5f98bf7-9da7-4dbe-906c-c01079ace3e8-768x1086.jpg 768w, https:\/\/www.radiopiu.net\/wordpress\/wp-content\/uploads\/2023\/07\/d5f98bf7-9da7-4dbe-906c-c01079ace3e8-1086x1536.jpg 1086w, https:\/\/www.radiopiu.net\/wordpress\/wp-content\/uploads\/2023\/07\/d5f98bf7-9da7-4dbe-906c-c01079ace3e8.jpg 1131w\" sizes=\"auto, (max-width: 212px) 100vw, 212px\" \/><\/a>\n\t\t\t\t<\/dt><\/dl><br style=\"clear: both\" \/>\n\t\t\t<\/div>\n\n<p>&nbsp;<\/p>\n<p><span style=\"color: #0000ff;\"><strong>HOCKEY SU GHIACCIO<\/strong><\/span><\/p>\n<blockquote>\n<h3>ANCHE LORIS DE VAL NEL ROSTER DEL NUOVO ALLEGHE HOCKEY<\/h3>\n<\/blockquote>\n<p><strong><a class=\"dt-pswp-item\" href=\"https:\/\/www.radiopiu.net\/wordpress\/wp-content\/uploads\/2023\/07\/944f96cb-3849-451e-b68e-9def492919ff.jpg\" data-dt-img-description=\"\" data-large_image_width=\"1024\" data-large_image_height=\"682\"><img loading=\"lazy\" decoding=\"async\" class=\" wp-image-345969 alignleft\" src=\"https:\/\/www.radiopiu.net\/wordpress\/wp-content\/uploads\/2023\/07\/944f96cb-3849-451e-b68e-9def492919ff-300x200.jpg\" alt=\"\" width=\"158\" height=\"105\" srcset=\"https:\/\/www.radiopiu.net\/wordpress\/wp-content\/uploads\/2023\/07\/944f96cb-3849-451e-b68e-9def492919ff-300x200.jpg 300w, https:\/\/www.radiopiu.net\/wordpress\/wp-content\/uploads\/2023\/07\/944f96cb-3849-451e-b68e-9def492919ff-768x512.jpg 768w, https:\/\/www.radiopiu.net\/wordpress\/wp-content\/uploads\/2023\/07\/944f96cb-3849-451e-b68e-9def492919ff.jpg 1024w\" sizes=\"auto, (max-width: 158px) 100vw, 158px\" \/><\/a>di Roberto Miana, portavoce dell&#8217;Alleghe Hockey<\/strong><\/p>\n<p>L\u2019Alleghe Hockey conferma meritatamente LORIS DE VAL, un altro totem italiano che disputer\u00e0 la sua sedicesima stagione in riva al lago. Loris, classe 1984 di San Tomaso, \u00e8 un attaccante di esperienza con grande fiuto del gol. Dal suo esordio in prima squadra nella stagione 2013\/2014 in 271 gare disputate, sempre con la casacca delle Civette, ha messo a referto 149 marcature e 157 assist. Le parole di Loris: \u201cQuando a fine febbraio abbiamo finito la stagione, che per noi \u00e8 stata molto travagliata, ci siamo trovati per capire i progetti futuri. Sotto questo punto di vista i nostri dirigenti si sono subito attivati per colmare i vuoti lasciati da alcuni giocatori che non avrebbero pi\u00f9 fatto parte del gruppo la prossima stagione, impegnandosi anche ad alzare il livello qualitativo della squadra. So delle difficolt\u00e0 incontrate e ringrazio la Societ\u00e0 che con perseveranza ha continuato a cercare la disponibilit\u00e0 di giocatori provenienti da altre localit\u00e0. Per questo sono fiducioso sulla stagione che ci apprestiamo ad affrontare. Personalmente non \u00e8 stato semplice, dopo il campionato passato, trovare nuove motivazioni per continuare ancora un altro anno, per\u00f2 i grossi sforzi della dirigenza mi hanno convinto nella validit\u00e0 del progetto. Poi toccher\u00e0 a noi rispondere sul ghiaccio&#8230;\u201d<\/p>\n<p>(foto: Annalisa Dal Mas)<\/p>\n<p>&nbsp;<\/p>\n<p><span style=\"color: #0000ff;\"><strong>PALLAVOLO<\/strong><\/span><\/p>\n<blockquote>\n<h3>MALAGUTI RESTA NELLO STAFF DEL BELLUNO VOLLEY<\/h3>\n<\/blockquote>\n<p><strong><a class=\"dt-pswp-item\" href=\"https:\/\/www.radiopiu.net\/wordpress\/wp-content\/uploads\/2023\/07\/Malaguti_durante_un_timeout.jpg\" data-dt-img-description=\"\" data-large_image_width=\"856\" data-large_image_height=\"542\"><img loading=\"lazy\" decoding=\"async\" class=\" wp-image-345971 alignleft\" src=\"https:\/\/www.radiopiu.net\/wordpress\/wp-content\/uploads\/2023\/07\/Malaguti_durante_un_timeout-300x190.jpg\" alt=\"\" width=\"136\" height=\"86\" srcset=\"https:\/\/www.radiopiu.net\/wordpress\/wp-content\/uploads\/2023\/07\/Malaguti_durante_un_timeout-300x190.jpg 300w, https:\/\/www.radiopiu.net\/wordpress\/wp-content\/uploads\/2023\/07\/Malaguti_durante_un_timeout-768x486.jpg 768w, https:\/\/www.radiopiu.net\/wordpress\/wp-content\/uploads\/2023\/07\/Malaguti_durante_un_timeout.jpg 856w\" sizes=\"auto, (max-width: 136px) 100vw, 136px\" \/><\/a>BELLUNO <\/strong>Si \u00e8 fatto apprezzare per garbo e competenza, professionalit\u00e0 e conoscenza della materia. Senza considerare quella capacit\u00e0 innata di dare sempre un consiglio appropriato, un suggerimento, una parola ai giocatori, a seconda del momento o della situazione tattica. Capacit\u00e0 che hanno solo i tecnici, e le persone, di alto profilo. Come Roberto Malaguti.<span class=\"gmail-Apple-converted-space\">\u00a0<\/span>Dopo aver vissuto la prima stagione in Serie A3, in qualit\u00e0 di vice allenatore, il coach \u00e8 pronto a riprendere posto in panchina, nel ruolo di assistente. E, insieme a Gian Luca Colussi e a Matteo De Cecco, former\u00e0 uno staff tecnico su cui il Belluno Volley ripone assoluta fiducia<\/p>\n<p>&nbsp;<\/p>\n<\/div>\n<\/div>\n","protected":false},"excerpt":{"rendered":"<p>40esimo di RADIOPIU\u2026. LA VOCE DELL\u2019EMOZIONE ISCRIVITI AL NOSTRO CANALE\u00a0\u00a0YOUTUBE PER SEGUIRE IN DIRETTA I PRINCIPALI PROGRAMMI DI RADIO PIU\u2019 E LE FUTURE DIRETTE IN ESTERNA. PER ISCRIVERTI\u00a0CLICCA QUI\u00a0E PREMI\u00a0 \u201cIscriviti\u201d \u00a0 Addio a Sin\u00e9ad O&#8217;Connor: La voce ribelle che ha segnato un&#8217;epoca Oggi, celebriamo il suo straordinario contributo musicale e il suo spirito indomito,&hellip;<\/p>\n","protected":false},"author":4,"featured_media":346058,"comment_status":"closed","ping_status":"closed","sticky":false,"template":"","format":"standard","meta":{"_monsterinsights_skip_tracking":false,"_monsterinsights_sitenote_active":false,"_monsterinsights_sitenote_note":"","_monsterinsights_sitenote_category":0,"footnotes":""},"categories":[51,86,49],"tags":[],"class_list":["post-345871","post","type-post","status-publish","format-standard","has-post-thumbnail","hentry","category-evidenza-top","category-gr","category-news-18","category-51","category-86","category-49","description-off"],"img_url":"https:\/\/www.radiopiu.net\/wordpress\/wp-content\/uploads\/2023\/07\/363790395_678625774306098_5626528217587341652_n.jpg","_links":{"self":[{"href":"https:\/\/www.radiopiu.net\/wordpress\/wp-json\/wp\/v2\/posts\/345871","targetHints":{"allow":["GET"]}}],"collection":[{"href":"https:\/\/www.radiopiu.net\/wordpress\/wp-json\/wp\/v2\/posts"}],"about":[{"href":"https:\/\/www.radiopiu.net\/wordpress\/wp-json\/wp\/v2\/types\/post"}],"author":[{"embeddable":true,"href":"https:\/\/www.radiopiu.net\/wordpress\/wp-json\/wp\/v2\/users\/4"}],"replies":[{"embeddable":true,"href":"https:\/\/www.radiopiu.net\/wordpress\/wp-json\/wp\/v2\/comments?post=345871"}],"version-history":[{"count":0,"href":"https:\/\/www.radiopiu.net\/wordpress\/wp-json\/wp\/v2\/posts\/345871\/revisions"}],"wp:featuredmedia":[{"embeddable":true,"href":"https:\/\/www.radiopiu.net\/wordpress\/wp-json\/wp\/v2\/media\/346058"}],"wp:attachment":[{"href":"https:\/\/www.radiopiu.net\/wordpress\/wp-json\/wp\/v2\/media?parent=345871"}],"wp:term":[{"taxonomy":"category","embeddable":true,"href":"https:\/\/www.radiopiu.net\/wordpress\/wp-json\/wp\/v2\/categories?post=345871"},{"taxonomy":"post_tag","embeddable":true,"href":"https:\/\/www.radiopiu.net\/wordpress\/wp-json\/wp\/v2\/tags?post=345871"}],"curies":[{"name":"wp","href":"https:\/\/api.w.org\/{rel}","templated":true}]}}