{"id":345897,"date":"2024-02-05T05:51:49","date_gmt":"2024-02-05T04:51:49","guid":{"rendered":"https:\/\/www.radiopiu.net\/wordpress\/?p=345897"},"modified":"2024-02-05T05:56:12","modified_gmt":"2024-02-05T04:56:12","slug":"addio-a-cristian-dalla-palma-lutto-a-vellai-per-lallevatore-dai-cuori-coraggiosi","status":"publish","type":"post","link":"https:\/\/www.radiopiu.net\/wordpress\/addio-a-cristian-dalla-palma-lutto-a-vellai-per-lallevatore-dai-cuori-coraggiosi\/","title":{"rendered":"Addio a Cristian Dalla Palma: Lutto a Vellai per l&#8217;allevatore dai Cuori Coraggiosi"},"content":{"rendered":"<p>***<\/p>\n<p>&nbsp;<\/p>\n<p><img loading=\"lazy\" decoding=\"async\" class=\"alignleft\" src=\"https:\/\/www.radiopiu.net\/wordpress\/wp-content\/uploads\/2023\/07\/Senza-nome-104.png\" width=\"166\" height=\"123\" \/><strong>\u00a0FELTRE<\/strong> A oltre sei mesi dall&#8217;insorgenza di un grave malore mentre lavorava nella sua stalla di Vellai, Cristian Dalla Palma, 47 anni, si \u00e8 spento ieri mattina presso il centro di riabilitazione di Motta di Livenza. L&#8217;allevatore, colto da malore lo scorso luglio, era stato ricoverato d&#8217;urgenza al Ca&#8217; Foncello di Treviso, e successivamente trasferito al centro specializzato per il recupero delle funzioni motorie. Le sue condizioni erano seguite con apprensione dalla comunit\u00e0 di Vellai, dove Cristian era conosciuto e stimato per il suo impegno professionale e associativo. Un lutto che colpisce profondamente una famiglia gi\u00e0 segnata da altre dolorose perdite, tra cui quella del padre Pietro Dalla Palma nel febbraio 2023. La comunit\u00e0 di Vellai esprime solidariet\u00e0 e affetto alla famiglia colpita dalla tragedia. Il funerale di Cristian Dalla Palma si terr\u00e0 gioved\u00ec pomeriggio nella chiesa parrocchiale di Vellai.<\/p>\n<p>FOTO\u00a0 CORRIERE ALPI.<\/p>\n<p>&nbsp;<\/p>\n<p><strong>27 LUGLIO 2023<\/strong><\/p>\n<blockquote>\n<h3 class=\"articlePlainSubHead\">SEMPRE GRAVI LE CONDIZIONI DI CRISTIAN<\/h3>\n<\/blockquote>\n<div class=\"articlePlainSubHead\"><strong>FELTRE<\/strong> Restano gravi le condizioni di Cristian Dalla Palma, ricoverato all&#8217;ospedale di Treviso dopo il malore accusato nella mattinata di marted\u00ec all&#8217;interno della stalla dell&#8217;azienda agricola di cui \u00e8 titolare a Vellai. Nel Feltrino s non solo Dalla Palma \u00e8 molto conosciuto. L&#8217;agricoltore \u00e8 stato colto da malore all&#8217;interno della stalla, traovato a terra da un rappresentante che ha <img loading=\"lazy\" decoding=\"async\" class=\"alignleft\" src=\"https:\/\/www.radiopiu.net\/wordpress\/wp-content\/uploads\/2023\/07\/eli-1.jpg\" width=\"269\" height=\"131\" \/>chiamato il 118.<\/div>\n<div><\/div>\n<p>&nbsp;<\/p>\n<p>PRIMA EDIZIONE 26 LUGLIO<\/p>\n<p><strong>FELTRE I<\/strong>eri mattina, Cristian Dalla Palma, un uomo di 45 anni, ha avuto un malore improvviso. Il tragico episodio \u00e8 avvenuto alle 10 del mattino, l&#8217;uomo \u00e8 stata trovato riverso a terra da un rappresentante con il quale aveva un appuntamento. Dalla Palma \u00e8 stato soccorso dall&#8217;elicottero del Suem e portato in gravi condizioni all&#8217;ospedale di Treviso dove \u00e8 ricoverato in prognosi riservata.<\/p>\n<p>&nbsp;<\/p>\n<p>___<\/p>\n<p>&nbsp;<\/p>\n","protected":false},"excerpt":{"rendered":"<p>*** &nbsp; \u00a0FELTRE A oltre sei mesi dall&#8217;insorgenza di un grave malore mentre lavorava nella sua stalla di Vellai, Cristian Dalla Palma, 47 anni, si \u00e8 spento ieri mattina presso il centro di riabilitazione di Motta di Livenza. L&#8217;allevatore, colto da malore lo scorso luglio, era stato ricoverato d&#8217;urgenza al Ca&#8217; Foncello di Treviso, e&hellip;<\/p>\n","protected":false},"author":4,"featured_media":373198,"comment_status":"closed","ping_status":"closed","sticky":false,"template":"","format":"standard","meta":{"_monsterinsights_skip_tracking":false,"_monsterinsights_sitenote_active":false,"_monsterinsights_sitenote_note":"","_monsterinsights_sitenote_category":0,"footnotes":""},"categories":[51,49],"tags":[],"class_list":["post-345897","post","type-post","status-publish","format-standard","has-post-thumbnail","hentry","category-evidenza-top","category-news-18","category-51","category-49","description-off"],"img_url":"https:\/\/www.radiopiu.net\/wordpress\/wp-content\/uploads\/2023\/07\/Senza-nome-104.png","_links":{"self":[{"href":"https:\/\/www.radiopiu.net\/wordpress\/wp-json\/wp\/v2\/posts\/345897","targetHints":{"allow":["GET"]}}],"collection":[{"href":"https:\/\/www.radiopiu.net\/wordpress\/wp-json\/wp\/v2\/posts"}],"about":[{"href":"https:\/\/www.radiopiu.net\/wordpress\/wp-json\/wp\/v2\/types\/post"}],"author":[{"embeddable":true,"href":"https:\/\/www.radiopiu.net\/wordpress\/wp-json\/wp\/v2\/users\/4"}],"replies":[{"embeddable":true,"href":"https:\/\/www.radiopiu.net\/wordpress\/wp-json\/wp\/v2\/comments?post=345897"}],"version-history":[{"count":0,"href":"https:\/\/www.radiopiu.net\/wordpress\/wp-json\/wp\/v2\/posts\/345897\/revisions"}],"wp:featuredmedia":[{"embeddable":true,"href":"https:\/\/www.radiopiu.net\/wordpress\/wp-json\/wp\/v2\/media\/373198"}],"wp:attachment":[{"href":"https:\/\/www.radiopiu.net\/wordpress\/wp-json\/wp\/v2\/media?parent=345897"}],"wp:term":[{"taxonomy":"category","embeddable":true,"href":"https:\/\/www.radiopiu.net\/wordpress\/wp-json\/wp\/v2\/categories?post=345897"},{"taxonomy":"post_tag","embeddable":true,"href":"https:\/\/www.radiopiu.net\/wordpress\/wp-json\/wp\/v2\/tags?post=345897"}],"curies":[{"name":"wp","href":"https:\/\/api.w.org\/{rel}","templated":true}]}}