{"id":345968,"date":"2023-07-26T15:30:07","date_gmt":"2023-07-26T13:30:07","guid":{"rendered":"https:\/\/www.radiopiu.net\/wordpress\/?p=345968"},"modified":"2023-07-26T14:55:02","modified_gmt":"2023-07-26T12:55:02","slug":"anche-loris-de-val-nel-roster-del-nuovo-alleghe-hockey","status":"publish","type":"post","link":"https:\/\/www.radiopiu.net\/wordpress\/anche-loris-de-val-nel-roster-del-nuovo-alleghe-hockey\/","title":{"rendered":"ANCHE LORIS DE VAL NEL ROSTER DEL NUOVO ALLEGHE HOCKEY"},"content":{"rendered":"<p><strong><a class=\"dt-pswp-item\" href=\"https:\/\/www.radiopiu.net\/wordpress\/wp-content\/uploads\/2023\/07\/944f96cb-3849-451e-b68e-9def492919ff.jpg\" data-dt-img-description=\"\" data-large_image_width=\"1024\" data-large_image_height=\"682\"><img loading=\"lazy\" decoding=\"async\" class=\" wp-image-345969 alignleft\" src=\"https:\/\/www.radiopiu.net\/wordpress\/wp-content\/uploads\/2023\/07\/944f96cb-3849-451e-b68e-9def492919ff-300x200.jpg\" alt=\"\" width=\"158\" height=\"105\" srcset=\"https:\/\/www.radiopiu.net\/wordpress\/wp-content\/uploads\/2023\/07\/944f96cb-3849-451e-b68e-9def492919ff-300x200.jpg 300w, https:\/\/www.radiopiu.net\/wordpress\/wp-content\/uploads\/2023\/07\/944f96cb-3849-451e-b68e-9def492919ff-768x512.jpg 768w, https:\/\/www.radiopiu.net\/wordpress\/wp-content\/uploads\/2023\/07\/944f96cb-3849-451e-b68e-9def492919ff.jpg 1024w\" sizes=\"auto, (max-width: 158px) 100vw, 158px\" \/><\/a>di Roberto Miana, portavoce dell&#8217;Alleghe Hockey<\/strong><\/p>\n<p>L\u2019Alleghe Hockey conferma meritatamente LORIS DE VAL, un altro totem italiano che disputer\u00e0 la sua sedicesima stagione in riva al lago. Loris, classe 1984 di San Tomaso, \u00e8 un attaccante di esperienza con grande fiuto del gol. Dal suo esordio in prima squadra nella stagione 2013\/2014 in 271 gare disputate, sempre con la casacca delle Civette, ha messo a referto 149 marcature e 157 assist. Le parole di Loris: \u201cQuando a fine febbraio abbiamo finito la stagione, che per noi \u00e8 stata molto travagliata, ci siamo trovati per capire i progetti futuri. Sotto questo punto di vista i nostri dirigenti si sono subito attivati per colmare i vuoti lasciati da alcuni giocatori che non avrebbero pi\u00f9 fatto parte del gruppo la prossima stagione, impegnandosi anche ad alzare il livello qualitativo della squadra. So delle difficolt\u00e0 incontrate e ringrazio la Societ\u00e0 che con perseveranza ha continuato a cercare la disponibilit\u00e0 di giocatori provenienti da altre localit\u00e0. Per questo sono fiducioso sulla stagione che ci apprestiamo ad affrontare. Personalmente non \u00e8 stato semplice, dopo il campionato passato, trovare nuove motivazioni per continuare ancora un altro anno, per\u00f2 i grossi sforzi della dirigenza mi hanno convinto nella validit\u00e0 del progetto. Poi toccher\u00e0 a noi rispondere sul ghiaccio&#8230;\u201d<\/p>\n<p>(foto: Annalisa Dal Mas)<\/p>\n<p>&nbsp;<\/p>\n<p>&nbsp;<\/p>\n<p>******<\/p>\n","protected":false},"excerpt":{"rendered":"<p>di Roberto Miana, portavoce dell&#8217;Alleghe Hockey L\u2019Alleghe Hockey conferma meritatamente LORIS DE VAL, un altro totem italiano che disputer\u00e0 la sua sedicesima stagione in riva al lago. Loris, classe 1984 di San Tomaso, \u00e8 un attaccante di esperienza con grande fiuto del gol. Dal suo esordio in prima squadra nella stagione 2013\/2014 in 271 gare&hellip;<\/p>\n","protected":false},"author":4,"featured_media":345969,"comment_status":"closed","ping_status":"closed","sticky":false,"template":"","format":"standard","meta":{"_monsterinsights_skip_tracking":false,"_monsterinsights_sitenote_active":false,"_monsterinsights_sitenote_note":"","_monsterinsights_sitenote_category":0,"footnotes":""},"categories":[49],"tags":[],"class_list":["post-345968","post","type-post","status-publish","format-standard","has-post-thumbnail","hentry","category-news-18","category-49","description-off"],"img_url":"https:\/\/www.radiopiu.net\/wordpress\/wp-content\/uploads\/2023\/07\/944f96cb-3849-451e-b68e-9def492919ff.jpg","_links":{"self":[{"href":"https:\/\/www.radiopiu.net\/wordpress\/wp-json\/wp\/v2\/posts\/345968","targetHints":{"allow":["GET"]}}],"collection":[{"href":"https:\/\/www.radiopiu.net\/wordpress\/wp-json\/wp\/v2\/posts"}],"about":[{"href":"https:\/\/www.radiopiu.net\/wordpress\/wp-json\/wp\/v2\/types\/post"}],"author":[{"embeddable":true,"href":"https:\/\/www.radiopiu.net\/wordpress\/wp-json\/wp\/v2\/users\/4"}],"replies":[{"embeddable":true,"href":"https:\/\/www.radiopiu.net\/wordpress\/wp-json\/wp\/v2\/comments?post=345968"}],"version-history":[{"count":0,"href":"https:\/\/www.radiopiu.net\/wordpress\/wp-json\/wp\/v2\/posts\/345968\/revisions"}],"wp:featuredmedia":[{"embeddable":true,"href":"https:\/\/www.radiopiu.net\/wordpress\/wp-json\/wp\/v2\/media\/345969"}],"wp:attachment":[{"href":"https:\/\/www.radiopiu.net\/wordpress\/wp-json\/wp\/v2\/media?parent=345968"}],"wp:term":[{"taxonomy":"category","embeddable":true,"href":"https:\/\/www.radiopiu.net\/wordpress\/wp-json\/wp\/v2\/categories?post=345968"},{"taxonomy":"post_tag","embeddable":true,"href":"https:\/\/www.radiopiu.net\/wordpress\/wp-json\/wp\/v2\/tags?post=345968"}],"curies":[{"name":"wp","href":"https:\/\/api.w.org\/{rel}","templated":true}]}}