{"id":345976,"date":"2023-07-27T05:39:25","date_gmt":"2023-07-27T03:39:25","guid":{"rendered":"https:\/\/www.radiopiu.net\/wordpress\/?p=345976"},"modified":"2023-07-27T05:51:26","modified_gmt":"2023-07-27T03:51:26","slug":"maltempo-zaia-trasmette-a-roma-la-richiesta-di-stato-di-emergenza-nazionale","status":"publish","type":"post","link":"https:\/\/www.radiopiu.net\/wordpress\/maltempo-zaia-trasmette-a-roma-la-richiesta-di-stato-di-emergenza-nazionale\/","title":{"rendered":"MALTEMPO: ZAIA TRASMETTE A ROMA LA RICHIESTA DI STATO DI EMERGENZA NAZIONALE"},"content":{"rendered":"<p><strong><a class=\"dt-pswp-item\" href=\"https:\/\/www.radiopiu.net\/wordpress\/wp-content\/uploads\/2022\/12\/ZAIA.jpg\" data-dt-img-description=\"\" data-large_image_width=\"1024\" data-large_image_height=\"765\"><img loading=\"lazy\" decoding=\"async\" class=\" wp-image-314057 alignleft\" src=\"https:\/\/www.radiopiu.net\/wordpress\/wp-content\/uploads\/2022\/12\/ZAIA-300x224.jpg\" alt=\"\" width=\"159\" height=\"119\" srcset=\"https:\/\/www.radiopiu.net\/wordpress\/wp-content\/uploads\/2022\/12\/ZAIA-300x224.jpg 300w, https:\/\/www.radiopiu.net\/wordpress\/wp-content\/uploads\/2022\/12\/ZAIA-768x574.jpg 768w, https:\/\/www.radiopiu.net\/wordpress\/wp-content\/uploads\/2022\/12\/ZAIA.jpg 1024w\" sizes=\"auto, (max-width: 159px) 100vw, 159px\" \/><\/a>VENEZIA <\/strong>\u201cHo trasmesso oggi alla Presidente del Consiglio Meloni la richiesta dell\u2019attivazione dello Stato di Emergenza Nazionale: il maltempo che ha flagellato in questi giorni la Regione Veneto e l\u2019intero Nord Italia ha provocato danni gravi e diffusi, oltre il ferimento di numerose persone. Nei giorni scorsi avevo gi\u00e0 firmato lo Stato di Emergenza Regionale, pi\u00f9 volte aggiornato per far fronte agli eventi che sono successi dal 13 al 25 luglio; con questo ulteriore documento chiediamo al Governo il riconoscimento di un\u2019emergenza che per gravit\u00e0, estensione e durata, ha assunto un rilievo di carattere nazionale e la possibilit\u00e0 di accesso al Fondo di Solidariet\u00e0 previsto per i danni catastrofali. Con l\u2019occasione ringrazio nuovamente l\u2019intero Esecutivo per la vicinanza dimostrata al Veneto in queste difficili giornate\u201d. Sono le parole del Presidente della Regione Veneto, che accompagnano l\u2019invio della Richiesta del riconoscimento dello Stato di Emergenza di rilievo Nazionale e la contestuale richiesta di attivazione del Fondo di Solidariet\u00e0 Nazionale, per lo stato di calamit\u00e0 che ha colpito anche il comparto agricolo. Il documento \u00e8 stato trasmesso nelle scorse ore agli uffici di Governo.<\/p>\n<p>&nbsp;<\/p>\n<p>&nbsp;<\/p>\n<p>********<\/p>\n","protected":false},"excerpt":{"rendered":"<p>VENEZIA \u201cHo trasmesso oggi alla Presidente del Consiglio Meloni la richiesta dell\u2019attivazione dello Stato di Emergenza Nazionale: il maltempo che ha flagellato in questi giorni la Regione Veneto e l\u2019intero Nord Italia ha provocato danni gravi e diffusi, oltre il ferimento di numerose persone. Nei giorni scorsi avevo gi\u00e0 firmato lo Stato di Emergenza Regionale,&hellip;<\/p>\n","protected":false},"author":4,"featured_media":314057,"comment_status":"closed","ping_status":"closed","sticky":false,"template":"","format":"standard","meta":{"_monsterinsights_skip_tracking":false,"_monsterinsights_sitenote_active":false,"_monsterinsights_sitenote_note":"","_monsterinsights_sitenote_category":0,"footnotes":""},"categories":[51,49],"tags":[],"class_list":["post-345976","post","type-post","status-publish","format-standard","has-post-thumbnail","hentry","category-evidenza-top","category-news-18","category-51","category-49","description-off"],"img_url":"https:\/\/www.radiopiu.net\/wordpress\/wp-content\/uploads\/2022\/12\/ZAIA.jpg","_links":{"self":[{"href":"https:\/\/www.radiopiu.net\/wordpress\/wp-json\/wp\/v2\/posts\/345976","targetHints":{"allow":["GET"]}}],"collection":[{"href":"https:\/\/www.radiopiu.net\/wordpress\/wp-json\/wp\/v2\/posts"}],"about":[{"href":"https:\/\/www.radiopiu.net\/wordpress\/wp-json\/wp\/v2\/types\/post"}],"author":[{"embeddable":true,"href":"https:\/\/www.radiopiu.net\/wordpress\/wp-json\/wp\/v2\/users\/4"}],"replies":[{"embeddable":true,"href":"https:\/\/www.radiopiu.net\/wordpress\/wp-json\/wp\/v2\/comments?post=345976"}],"version-history":[{"count":0,"href":"https:\/\/www.radiopiu.net\/wordpress\/wp-json\/wp\/v2\/posts\/345976\/revisions"}],"wp:featuredmedia":[{"embeddable":true,"href":"https:\/\/www.radiopiu.net\/wordpress\/wp-json\/wp\/v2\/media\/314057"}],"wp:attachment":[{"href":"https:\/\/www.radiopiu.net\/wordpress\/wp-json\/wp\/v2\/media?parent=345976"}],"wp:term":[{"taxonomy":"category","embeddable":true,"href":"https:\/\/www.radiopiu.net\/wordpress\/wp-json\/wp\/v2\/categories?post=345976"},{"taxonomy":"post_tag","embeddable":true,"href":"https:\/\/www.radiopiu.net\/wordpress\/wp-json\/wp\/v2\/tags?post=345976"}],"curies":[{"name":"wp","href":"https:\/\/api.w.org\/{rel}","templated":true}]}}