{"id":345993,"date":"2023-07-27T05:38:52","date_gmt":"2023-07-27T03:38:52","guid":{"rendered":"https:\/\/www.radiopiu.net\/wordpress\/?p=345993"},"modified":"2023-07-27T05:51:49","modified_gmt":"2023-07-27T03:51:49","slug":"ostetricia-e-ginecologia-feltre-saluto-alla-dottoressa-favretti-prossima-alla-pensione","status":"publish","type":"post","link":"https:\/\/www.radiopiu.net\/wordpress\/ostetricia-e-ginecologia-feltre-saluto-alla-dottoressa-favretti-prossima-alla-pensione\/","title":{"rendered":"OSTETRICIA E GINECOLOGIA FELTRE: SALUTO ALLA DOTTORESSA FAVRETTI PROSSIMA ALLA PENSIONE"},"content":{"rendered":"<p><strong><a class=\"dt-pswp-item\" href=\"https:\/\/www.radiopiu.net\/wordpress\/wp-content\/uploads\/2023\/07\/WhatsApp-Image-2023-07-26-at-14.29.21.jpeg\" data-dt-img-description=\"\" data-large_image_width=\"2040\" data-large_image_height=\"1530\"><img loading=\"lazy\" decoding=\"async\" class=\" wp-image-345994 alignleft\" src=\"https:\/\/www.radiopiu.net\/wordpress\/wp-content\/uploads\/2023\/07\/WhatsApp-Image-2023-07-26-at-14.29.21-300x225.jpeg\" alt=\"\" width=\"160\" height=\"120\" srcset=\"https:\/\/www.radiopiu.net\/wordpress\/wp-content\/uploads\/2023\/07\/WhatsApp-Image-2023-07-26-at-14.29.21-300x225.jpeg 300w, https:\/\/www.radiopiu.net\/wordpress\/wp-content\/uploads\/2023\/07\/WhatsApp-Image-2023-07-26-at-14.29.21-1024x768.jpeg 1024w, https:\/\/www.radiopiu.net\/wordpress\/wp-content\/uploads\/2023\/07\/WhatsApp-Image-2023-07-26-at-14.29.21-768x576.jpeg 768w, https:\/\/www.radiopiu.net\/wordpress\/wp-content\/uploads\/2023\/07\/WhatsApp-Image-2023-07-26-at-14.29.21-1536x1152.jpeg 1536w, https:\/\/www.radiopiu.net\/wordpress\/wp-content\/uploads\/2023\/07\/WhatsApp-Image-2023-07-26-at-14.29.21.jpeg 2040w\" sizes=\"auto, (max-width: 160px) 100vw, 160px\" \/><\/a>FELTRE <\/strong>Il Commissario Giuseppe Dal Ben ha salutato oggi la dottoressa Laura Favretti, primario della Ginecologia di Feltre, che dal primo settembre andr\u00e0 in pensione ma rester\u00e0 a far parte della squadra dell\u2019Ulss Dolomiti con altri incarichi. La dottoressa Favretti lascia un reparto molto apprezzato dalle donne sia come attivit\u00e0 di ostetricia, con un numero di parti maggiore rispetto allo scorso anno, sia come attivit\u00e0 di ginecologia ed in particolare per la parte oncologica. L\u2019unit\u00e0 operativa di Feltre, infatti, \u00e8 centro di riferimento per il tumore all\u2019ovaio, in rete con la Marca Trevigiana. Importante il numero di interventi ginecologici eseguiti (gi\u00e0 369 da gennaio a maggio 2023 con un incremento del 22,6% rispetto a pari periodo dello scorso anno) e dei ricoveri (+2,7% rispetto al 2022). L\u2019unit\u00e0 operativa, infatti \u00e8 scelta da donne provenienti da altre zone del Veneto e dal Trentino. Circa un terzo dei ricoveri e dei parti proviene da fuori provincia. In questi anni \u00e8 stata consolidata l\u2019attivit\u00e0 del punto nascita offrendo alle famiglie una presa in carico a tutto tondo anche con diverse metodiche di gestione del dolore sia farmacologiche che non e con una percentuale di cesarei pi\u00f9 bassa dell\u2019indicatore target. <a class=\"dt-pswp-item\" href=\"https:\/\/www.radiopiu.net\/wordpress\/wp-content\/uploads\/2023\/07\/WhatsApp-Image-2023-07-26-at-14.29.23.jpeg\" data-dt-img-description=\"\" data-large_image_width=\"2040\" data-large_image_height=\"1530\"><img loading=\"lazy\" decoding=\"async\" class=\" wp-image-345995 alignright\" src=\"https:\/\/www.radiopiu.net\/wordpress\/wp-content\/uploads\/2023\/07\/WhatsApp-Image-2023-07-26-at-14.29.23-300x225.jpeg\" alt=\"\" width=\"169\" height=\"127\" srcset=\"https:\/\/www.radiopiu.net\/wordpress\/wp-content\/uploads\/2023\/07\/WhatsApp-Image-2023-07-26-at-14.29.23-300x225.jpeg 300w, https:\/\/www.radiopiu.net\/wordpress\/wp-content\/uploads\/2023\/07\/WhatsApp-Image-2023-07-26-at-14.29.23-1024x768.jpeg 1024w, https:\/\/www.radiopiu.net\/wordpress\/wp-content\/uploads\/2023\/07\/WhatsApp-Image-2023-07-26-at-14.29.23-768x576.jpeg 768w, https:\/\/www.radiopiu.net\/wordpress\/wp-content\/uploads\/2023\/07\/WhatsApp-Image-2023-07-26-at-14.29.23-1536x1152.jpeg 1536w, https:\/\/www.radiopiu.net\/wordpress\/wp-content\/uploads\/2023\/07\/WhatsApp-Image-2023-07-26-at-14.29.23.jpeg 2040w\" sizes=\"auto, (max-width: 169px) 100vw, 169px\" \/><\/a>Tra le novit\u00e0, c\u2019\u00e8 anche la collaborazione con il Centro di Procreazione Medicalmente assistita di Pieve di Cadore per un\u2019attivit\u00e0 di rete a favore delle famiglie che cercano una bambino. Fondamentale il lavoro di \u00e9quipe sviluppato in questi anni, con un ruolo sempre pi\u00f9 centrale delle ostetriche e con un team di medici che si \u00e8 consolidato con nuovi inserimenti negli ultimi anni. Il concorso per il nuovo primario, gi\u00e0 bandito, scade il 14 agosto. Nelle more del suo espletamento il reparto sar\u00e0 retto da Giorgio Guazzelli. Grazie alla dottoressa Favretti e buona nuova vita.<\/p>\n<p>&nbsp;<\/p>\n<p>&nbsp;<\/p>\n<p>*******<\/p>\n","protected":false},"excerpt":{"rendered":"<p>FELTRE Il Commissario Giuseppe Dal Ben ha salutato oggi la dottoressa Laura Favretti, primario della Ginecologia di Feltre, che dal primo settembre andr\u00e0 in pensione ma rester\u00e0 a far parte della squadra dell\u2019Ulss Dolomiti con altri incarichi. La dottoressa Favretti lascia un reparto molto apprezzato dalle donne sia come attivit\u00e0 di ostetricia, con un numero&hellip;<\/p>\n","protected":false},"author":4,"featured_media":345994,"comment_status":"closed","ping_status":"closed","sticky":false,"template":"","format":"standard","meta":{"_monsterinsights_skip_tracking":false,"_monsterinsights_sitenote_active":false,"_monsterinsights_sitenote_note":"","_monsterinsights_sitenote_category":0,"footnotes":""},"categories":[51,49],"tags":[],"class_list":["post-345993","post","type-post","status-publish","format-standard","has-post-thumbnail","hentry","category-evidenza-top","category-news-18","category-51","category-49","description-off"],"img_url":"https:\/\/www.radiopiu.net\/wordpress\/wp-content\/uploads\/2023\/07\/WhatsApp-Image-2023-07-26-at-14.29.21.jpeg","_links":{"self":[{"href":"https:\/\/www.radiopiu.net\/wordpress\/wp-json\/wp\/v2\/posts\/345993","targetHints":{"allow":["GET"]}}],"collection":[{"href":"https:\/\/www.radiopiu.net\/wordpress\/wp-json\/wp\/v2\/posts"}],"about":[{"href":"https:\/\/www.radiopiu.net\/wordpress\/wp-json\/wp\/v2\/types\/post"}],"author":[{"embeddable":true,"href":"https:\/\/www.radiopiu.net\/wordpress\/wp-json\/wp\/v2\/users\/4"}],"replies":[{"embeddable":true,"href":"https:\/\/www.radiopiu.net\/wordpress\/wp-json\/wp\/v2\/comments?post=345993"}],"version-history":[{"count":0,"href":"https:\/\/www.radiopiu.net\/wordpress\/wp-json\/wp\/v2\/posts\/345993\/revisions"}],"wp:featuredmedia":[{"embeddable":true,"href":"https:\/\/www.radiopiu.net\/wordpress\/wp-json\/wp\/v2\/media\/345994"}],"wp:attachment":[{"href":"https:\/\/www.radiopiu.net\/wordpress\/wp-json\/wp\/v2\/media?parent=345993"}],"wp:term":[{"taxonomy":"category","embeddable":true,"href":"https:\/\/www.radiopiu.net\/wordpress\/wp-json\/wp\/v2\/categories?post=345993"},{"taxonomy":"post_tag","embeddable":true,"href":"https:\/\/www.radiopiu.net\/wordpress\/wp-json\/wp\/v2\/tags?post=345993"}],"curies":[{"name":"wp","href":"https:\/\/api.w.org\/{rel}","templated":true}]}}