{"id":346064,"date":"2023-07-27T05:25:43","date_gmt":"2023-07-27T03:25:43","guid":{"rendered":"https:\/\/www.radiopiu.net\/wordpress\/?p=346064"},"modified":"2023-07-27T05:58:06","modified_gmt":"2023-07-27T03:58:06","slug":"luca-magro-110-e-lode-in-filosofia-a-venezia","status":"publish","type":"post","link":"https:\/\/www.radiopiu.net\/wordpress\/luca-magro-110-e-lode-in-filosofia-a-venezia\/","title":{"rendered":"Luca Magro 110 e lode in filosofia a Venezia"},"content":{"rendered":"<blockquote><p><em>Un risultato straordinario per il giovane Luca, che si aggiudica il massimo dei voti nel campo della filosofia.<\/em><\/p><\/blockquote>\n<p><img loading=\"lazy\" decoding=\"async\" class=\"alignleft\" src=\"https:\/\/www.radiopiu.net\/wordpress\/wp-content\/uploads\/2023\/07\/Senza-nome-85.png\" width=\"264\" height=\"205\" \/>VENEZIA-VOLTAGO Luca\u00a0 Magro, orgoglio di mamma Valentina Ampezzan,\u00a0 ha ottenuto un risultato eccezionale nel campo della filosofia. Il brillante studente si \u00e8 distinto per il suo impegno e la dedizione, conquistando il massimo dei voti, 110 e lode, durante gli esami di laurea. Luca Magro, un giovane con una passione per il pensiero critico e la riflessione filosofica, ha dimostrato fin da giovane di avere una spiccata predisposizione per le materie umanistiche. Il suo percorso accademico \u00e8 stato caratterizzato da un costante impegno nello studio e da una curiosit\u00e0 intellettuale che lo hanno spinto a indagare sempre pi\u00f9 a fondo le tematiche filosofiche. Valentina non nasconde la sua emozione e il suo orgoglio per il successo raggiunto dal figlio. <em>&#8220;Sono felicissima e commossa nel vedere Luca realizzare i suoi sogni e raggiungere risultati cos\u00ec straordinari. Ha sempre dimostrato una passione autentica per la filosofia, e questo traguardo \u00e8 il frutto del suo impegno costante e della sua dedizione&#8221;,<\/em> ha dichiarato con un sorriso radioso. Il rettore dell&#8217;Universit\u00e0 di Venezia ha elogiato le capacit\u00e0 di Luca e ha sottolineato l&#8217;importanza di tali successi nell&#8217;ambito accademico. Auguriamo a Luca Magro un futuro brillante e ricco di successi, certi che il suo talento e la sua passione per la filosofia possano essere un faro per le generazioni future. La famiglia e gli amici continueranno a sostenerlo nella sua crescita personale e professionale, consapevoli che il suo contributo alla societ\u00e0 sar\u00e0 prezioso e significativo.<\/p>\n<p>&nbsp;<\/p>\n<div class=\"flex-1 overflow-hidden\">\n<div class=\"react-scroll-to-bottom--css-qjziz-79elbk h-full dark:bg-gray-800\">\n<div class=\"react-scroll-to-bottom--css-qjziz-1n7m0yu\">\n<div class=\"flex flex-col text-sm dark:bg-gray-800\">\n<div class=\"group w-full text-gray-800 dark:text-gray-100 border-b border-black\/10 dark:border-gray-900\/50 bg-gray-50 dark:bg-[#444654]\">\n<div class=\"flex p-4 gap-4 text-base md:gap-6 md:max-w-2xl lg:max-w-[38rem] xl:max-w-3xl md:py-6 lg:px-0 m-auto\">\n<div class=\"relative flex w-[calc(100%-50px)] flex-col gap-1 md:gap-3 lg:w-[calc(100%-115px)]\">\n<div class=\"flex flex-grow flex-col gap-3\">\n<div class=\"min-h-[20px] flex items-start overflow-x-auto whitespace-pre-wrap break-words flex-col gap-4\">\n<div class=\"markdown prose w-full break-words dark:prose-invert light\"><\/div>\n<\/div>\n<\/div>\n<\/div>\n<\/div>\n<\/div>\n<\/div>\n<\/div>\n<\/div>\n<\/div>\n<div class=\"absolute bottom-0 left-0 w-full border-t md:border-t-0 dark:border-white\/20 md:border-transparent md:dark:border-transparent md:bg-vert-light-gradient bg-white dark:bg-gray-800 md:!bg-transparent dark:md:bg-vert-dark-gradient pt-2 md:pl-2 md:w-[calc(100%-.5rem)]\">\n<form class=\"stretch mx-2 flex flex-row gap-3 last:mb-2 md:mx-4 md:last:mb-6 lg:mx-auto lg:max-w-2xl xl:max-w-3xl\">\n<div class=\"relative flex h-full flex-1 items-stretch md:flex-col\" role=\"presentation\">\n<div class=\"flex w-full gap-2 items-center justify-center\">\n<hr \/>\n<\/div>\n<\/div>\n<\/form>\n<\/div>\n","protected":false},"excerpt":{"rendered":"<p>Un risultato straordinario per il giovane Luca, che si aggiudica il massimo dei voti nel campo della filosofia. VENEZIA-VOLTAGO Luca\u00a0 Magro, orgoglio di mamma Valentina Ampezzan,\u00a0 ha ottenuto un risultato eccezionale nel campo della filosofia. Il brillante studente si \u00e8 distinto per il suo impegno e la dedizione, conquistando il massimo dei voti, 110 e&hellip;<\/p>\n","protected":false},"author":4,"featured_media":346066,"comment_status":"closed","ping_status":"closed","sticky":false,"template":"","format":"standard","meta":{"_monsterinsights_skip_tracking":false,"_monsterinsights_sitenote_active":false,"_monsterinsights_sitenote_note":"","_monsterinsights_sitenote_category":0,"footnotes":""},"categories":[104,49],"tags":[],"class_list":["post-346064","post","type-post","status-publish","format-standard","has-post-thumbnail","hentry","category-evidenza_3","category-news-18","category-104","category-49","description-off"],"img_url":"https:\/\/www.radiopiu.net\/wordpress\/wp-content\/uploads\/2023\/07\/Senza-nome-85.png","_links":{"self":[{"href":"https:\/\/www.radiopiu.net\/wordpress\/wp-json\/wp\/v2\/posts\/346064","targetHints":{"allow":["GET"]}}],"collection":[{"href":"https:\/\/www.radiopiu.net\/wordpress\/wp-json\/wp\/v2\/posts"}],"about":[{"href":"https:\/\/www.radiopiu.net\/wordpress\/wp-json\/wp\/v2\/types\/post"}],"author":[{"embeddable":true,"href":"https:\/\/www.radiopiu.net\/wordpress\/wp-json\/wp\/v2\/users\/4"}],"replies":[{"embeddable":true,"href":"https:\/\/www.radiopiu.net\/wordpress\/wp-json\/wp\/v2\/comments?post=346064"}],"version-history":[{"count":0,"href":"https:\/\/www.radiopiu.net\/wordpress\/wp-json\/wp\/v2\/posts\/346064\/revisions"}],"wp:featuredmedia":[{"embeddable":true,"href":"https:\/\/www.radiopiu.net\/wordpress\/wp-json\/wp\/v2\/media\/346066"}],"wp:attachment":[{"href":"https:\/\/www.radiopiu.net\/wordpress\/wp-json\/wp\/v2\/media?parent=346064"}],"wp:term":[{"taxonomy":"category","embeddable":true,"href":"https:\/\/www.radiopiu.net\/wordpress\/wp-json\/wp\/v2\/categories?post=346064"},{"taxonomy":"post_tag","embeddable":true,"href":"https:\/\/www.radiopiu.net\/wordpress\/wp-json\/wp\/v2\/tags?post=346064"}],"curies":[{"name":"wp","href":"https:\/\/api.w.org\/{rel}","templated":true}]}}