{"id":346126,"date":"2023-07-27T15:30:31","date_gmt":"2023-07-27T13:30:31","guid":{"rendered":"https:\/\/www.radiopiu.net\/wordpress\/?p=346126"},"modified":"2023-07-27T15:18:24","modified_gmt":"2023-07-27T13:18:24","slug":"colpaccio-dellalleghe-hockey-i-tre-fratelli-vinatzer-sono-in-biancorosso","status":"publish","type":"post","link":"https:\/\/www.radiopiu.net\/wordpress\/colpaccio-dellalleghe-hockey-i-tre-fratelli-vinatzer-sono-in-biancorosso\/","title":{"rendered":"COLPACCIO DELL&#8217;ALLEGHE HOCKEY: I TRE FRATELLI VINATZER SONO IN BIANCOROSSO"},"content":{"rendered":"<p><strong>di Roberto Miana, portavoce dell&#8217;Alleghe Hockey<\/strong><\/p>\n<p>L&#8217;Alleghe Hockey cala il tris d\u2019assi, annunciando con immenso piacere l\u2019ingaggio di GABRIEL VINATZER, ANDREAS VINATZER e SIMON VINATZER. Erano alcuni giorni che nella sede di via Lungolago si percepiva grande fermento per portare a termine questo triplice colpo di mercato. Un ottima notizia per la gioia di tutti i tifosi ed appassionati biancorossi. I fratelli Gabriel, Andreas e Simon arrivano dall\u2019ottima stagione disputata con la maglia del Caldaro. Importanti pedine nello scacchiere della squadra vicecampione d\u2019Italia IHL, battuta solo negli ultimi secondi di gara 7, in una serie di finale equilibratissima, per mano di uno straordinario Varese. Dalle loro prime parole da biancorossi fanno trasparire che arrivano sotto il Civetta carichi di motivazioni e con le idee ben chiare di lottare su ogni disco e in ogni gara, fino all\u2019ultima goccia di sudore. Conosciamo meglio le nostre nuove Civette altoatesine:<\/p>\n<p><strong><a class=\"dt-pswp-item\" href=\"https:\/\/www.radiopiu.net\/wordpress\/wp-content\/uploads\/2023\/07\/7def3d23-13e6-4eb5-853b-401c65159ba8.jpg\" data-dt-img-description=\"\" data-large_image_width=\"828\" data-large_image_height=\"831\"><img loading=\"lazy\" decoding=\"async\" class=\" wp-image-346128 alignleft\" src=\"https:\/\/www.radiopiu.net\/wordpress\/wp-content\/uploads\/2023\/07\/7def3d23-13e6-4eb5-853b-401c65159ba8-300x300.jpg\" alt=\"\" width=\"156\" height=\"156\" srcset=\"https:\/\/www.radiopiu.net\/wordpress\/wp-content\/uploads\/2023\/07\/7def3d23-13e6-4eb5-853b-401c65159ba8-300x300.jpg 300w, https:\/\/www.radiopiu.net\/wordpress\/wp-content\/uploads\/2023\/07\/7def3d23-13e6-4eb5-853b-401c65159ba8-150x150.jpg 150w, https:\/\/www.radiopiu.net\/wordpress\/wp-content\/uploads\/2023\/07\/7def3d23-13e6-4eb5-853b-401c65159ba8-768x771.jpg 768w, https:\/\/www.radiopiu.net\/wordpress\/wp-content\/uploads\/2023\/07\/7def3d23-13e6-4eb5-853b-401c65159ba8.jpg 828w\" sizes=\"auto, (max-width: 156px) 100vw, 156px\" \/><\/a>GABRIEL VINATZER<\/strong> arriva dal Caldaro, \u00e8 il pi\u00f9 grande dei fratelli, classe 1992 nato a Bressanone. Attaccante di 175 cm per 84 kg con grandi capacit\u00e0 realizzative e di assist-man, \u00e8 cresciuto hockeisticamente nel Gardena dove in prima squadra ha giocato per dodici anni, due stagioni al Fiemme e l\u2019ultima con lo scudetto sfiorato a Caldaro danno l\u2019idea della sua esperienza nel mondo dell\u2019hockey. Miglior realizzatore tra gol e assist nella stagione con i Lucci dove ha realizzato 61 punti (20+42) in 43 partite. In carriera in 483 gare ha messo a segno 143 gol + 244 assist, tra AHL, serie A, IHL e coppa Italia. Le parole di Gabriel: \u201cHo scelto l\u2019Alleghe perch\u00e9 ha una grande storia e mi piace giocare per squadre cos\u00ec. Poi quest\u2019anno festeggiate anche i 90 anni della Societ\u00e0, ed \u00e8 bello far parte di questo evento. Inoltre ho parlato con qualche ex giocatore ed allenatore e ne ho solo sentito parlare bene. Penso che la dirigenza stia facendo un ottimo lavoro per costruire una buona squadra e sono convinto che avremo un bel gruppo per poterci togliere delle soddisfazioni. Mi aspetto di combattere e vincere contro ogni squadra. Personalmente far\u00f2 il possibile per essere un grande realizzatore come negli anni passati e cercher\u00f2 di aiutare la squadra con la mia esperienza. Lottando uniti tutto \u00e8 possibile, perch\u00e9 un paese e una Societ\u00e0 come Alleghe se lo merita. La Civetta \u00e8 un simbolo che mi ricorda sempre Alleghe e anche lo stadio sul lago \u00e8 sicuramente una cosa unica, pieno di cultura dell\u2019hockey che ha ospitato tante battaglie del passato. Conoscevo alcuni ex giocatori come Veggiato, Monferone, De Biasio poi ho anche giocato contro Nicola Fontanive quando era a Cortina, Lino de Toni quando era a Pergine e Manuel Da Tos quando era al Fassa e 2 anni fa ad Alleghe. Dei ragazzi della squadra attuale non conosco nessuno bene, abbiamo giocato contro gli ultimi due anni, ma nulla di pi\u00f9. Spero per questo di conoscerci presto. Concludo con un \u201cCiao\u201d a tutti i tifosi Alleghesi, sperando di vedervi numerosi allo stadio per sostenerci nei momenti belli della stagione e speriamo di no ma anche in quelli meno belli. Non vedo l\u2019ora di cominciare questa nuova avventura con voi, a presto e Forza Alleghe\u201d<\/p>\n<p><strong><a class=\"dt-pswp-item\" href=\"https:\/\/www.radiopiu.net\/wordpress\/wp-content\/uploads\/2023\/07\/8964587d-a6b0-4288-b86e-457727517e55.jpg\" data-dt-img-description=\"\" data-large_image_width=\"629\" data-large_image_height=\"682\"><img loading=\"lazy\" decoding=\"async\" class=\" wp-image-346129 alignright\" src=\"https:\/\/www.radiopiu.net\/wordpress\/wp-content\/uploads\/2023\/07\/8964587d-a6b0-4288-b86e-457727517e55-277x300.jpg\" alt=\"\" width=\"139\" height=\"151\" srcset=\"https:\/\/www.radiopiu.net\/wordpress\/wp-content\/uploads\/2023\/07\/8964587d-a6b0-4288-b86e-457727517e55-277x300.jpg 277w, https:\/\/www.radiopiu.net\/wordpress\/wp-content\/uploads\/2023\/07\/8964587d-a6b0-4288-b86e-457727517e55.jpg 629w\" sizes=\"auto, (max-width: 139px) 100vw, 139px\" \/><\/a>ANDREAS VINATZER<\/strong> ex Caldaro, il pi\u00f9 giovane dei fratelli, classe 1998 nato a Bressanone. Attaccante di 184 cm per 73 kg con buone doti realizzative e un ottima pattinata, suo punto di forza. Ha giocato sette stagioni nella prima squadra del Gardena e le ultime tre a Caldaro. Uno dei primi quattro realizzatori tra gol e assist nella passata stagione con la maglia dei Lucci: 16 gol e 22 assist in 41 gare per lui. In carriera in 213 gare ha messo a referto 47 gol + 64 assist, tra AHL, serie A, IHL e coppa Italia. Le parole di Andreas: \u201cHo scelto di venire a giocare ad Alleghe in primis perch\u00e9 ho sentito parlare molto bene della Societ\u00e0 e dei suoi giocatori e come seconda motivazione perch\u00e9 mi \u00e8 piaciuto il progetto della dirigenza, che \u00e8 quello di costruire un gruppo in grado di essere competitivo con tutte le squadre del campionato! Penso che l\u2019Alleghe sia una squadra che gioca sempre con il cuore per dare il meglio in ogni partita. Giocano con tanta grinta ed \u00e8 sempre stato difficile giocarci contro, soprattutto ad Alleghe! Mi aspetto di giocare alla pari contro ogni avversario e stare nelle zone alte della classifica per raggiungere l\u2019obiettivo play off. Quando arrivavo ad Alleghe per giocarci da avversario ero sempre colpito dal lago; infatti, per il riscaldamento prepartita sceglievo la passeggiata sul lungolago per prepararmi al meglio. Personalmente non conosco nessun giocatore della squadra attuale. Per me sar\u00e0 tutto nuovo e non vedo l\u2019ora di conoscere i miei nuovi compagni. Ai miei nuovi tifosi mando un grande saluto, non vedo l\u2019ora di conoscervi e di cominciare la nuova stagione. Spero che sarete in tanti a sostenerci e ci vediamo a settembre. Forza Alleghe\u201d<\/p>\n<p><strong><a class=\"dt-pswp-item\" href=\"https:\/\/www.radiopiu.net\/wordpress\/wp-content\/uploads\/2023\/07\/48504378-13ea-4bd1-9738-976191a1a3d0.jpg\" data-dt-img-description=\"\" data-large_image_width=\"730\" data-large_image_height=\"1024\"><img loading=\"lazy\" decoding=\"async\" class=\" wp-image-346130 alignleft\" src=\"https:\/\/www.radiopiu.net\/wordpress\/wp-content\/uploads\/2023\/07\/48504378-13ea-4bd1-9738-976191a1a3d0-214x300.jpg\" alt=\"\" width=\"108\" height=\"151\" srcset=\"https:\/\/www.radiopiu.net\/wordpress\/wp-content\/uploads\/2023\/07\/48504378-13ea-4bd1-9738-976191a1a3d0-214x300.jpg 214w, https:\/\/www.radiopiu.net\/wordpress\/wp-content\/uploads\/2023\/07\/48504378-13ea-4bd1-9738-976191a1a3d0.jpg 730w\" sizes=\"auto, (max-width: 108px) 100vw, 108px\" \/><\/a>SIMON VINATZER<\/strong> anche lui ex Caldaro, classe 1994 nato a Bressanone. Difensore di 185 cm per 87 kg, la tenacia nelle lotte in balaustra \u00e8 uno dei suoi punti di forza. Cresciuto nel Gardena, dove ha giocato in prima squadra per sei anni, ha poi disputato due stagioni al Fiemme, una a Bressanone e le ultime tre a Caldaro. Da difensore, la passata stagione con i Lucci ha fatto registrare 3 gol e 11 assist in 38 gare. In carriera ha collezionato 357 presenze con 22 gol e 56 assist, tra AHL, serie A, IHL e coppa Italia. Le parole di Simon: \u201cHo deciso per Alleghe perch\u00e9 avevo voglia di cambiare dopo 3 anni a Caldaro. Inoltre, continuare a giocare con i miei due fratelli nella stessa squadra mi fa molto piacere. Sono contento anche di farmi nuovi amici. Non ultimo mi \u00e8 piaciuto il progetto proposto dalla Societ\u00e0. Ogni volta che ho giocato contro l\u2019Alleghe non \u00e8 mai stato facile e mi aspetto che lo possano dire gli avversari di noi anche quest\u2019anno. Dovremo giocare e combattere uno per l\u2019altro come una vera squadra, per raggiungere i nostri obiettivi. Mi aspetto di disputare ad Alleghe una stagione ricca di soddisfazioni e di poterci giocare fino all\u2019ultimo il campionato. Sicuramente lo stadio vicino al lago ha un fascino particolare, attira tanti turisti e spero che venga tanta gente a sostenere la squadra. In passato ho giocato nelle giovanili con Gianni Scola, quando il Gardena aveva il farm team con il Fassa. In pi\u00f9 ho giocato con Veggiato e Monferone nella squadra senior del Gardena. Ai tifosi dico che mi piacerebbe conoscervi e vedervi numerosi allo stadio, sentirvi dagli spalti e spingerci tutta la stagione come sesto giocatore sul ghiaccio. Non vedo l\u2019ora di incominciare a lottare per i colori biancorossi. Ci vediamo presto. Forza Alleghe\u201d<\/p>\n<p>Gabriel, Andreas e Simon B\u00ebnuni a Alleghe<\/p>\n<p>&nbsp;<\/p>\n<p>&nbsp;<\/p>\n<p>********<\/p>\n","protected":false},"excerpt":{"rendered":"<p>di Roberto Miana, portavoce dell&#8217;Alleghe Hockey L&#8217;Alleghe Hockey cala il tris d\u2019assi, annunciando con immenso piacere l\u2019ingaggio di GABRIEL VINATZER, ANDREAS VINATZER e SIMON VINATZER. Erano alcuni giorni che nella sede di via Lungolago si percepiva grande fermento per portare a termine questo triplice colpo di mercato. Un ottima notizia per la gioia di tutti&hellip;<\/p>\n","protected":false},"author":4,"featured_media":95699,"comment_status":"closed","ping_status":"closed","sticky":false,"template":"","format":"standard","meta":{"_monsterinsights_skip_tracking":false,"_monsterinsights_sitenote_active":false,"_monsterinsights_sitenote_note":"","_monsterinsights_sitenote_category":0,"footnotes":""},"categories":[49],"tags":[],"class_list":["post-346126","post","type-post","status-publish","format-standard","has-post-thumbnail","hentry","category-news-18","category-49","description-off"],"img_url":"https:\/\/www.radiopiu.net\/wordpress\/wp-content\/uploads\/2019\/08\/logo-alleghe-hockey.png","_links":{"self":[{"href":"https:\/\/www.radiopiu.net\/wordpress\/wp-json\/wp\/v2\/posts\/346126","targetHints":{"allow":["GET"]}}],"collection":[{"href":"https:\/\/www.radiopiu.net\/wordpress\/wp-json\/wp\/v2\/posts"}],"about":[{"href":"https:\/\/www.radiopiu.net\/wordpress\/wp-json\/wp\/v2\/types\/post"}],"author":[{"embeddable":true,"href":"https:\/\/www.radiopiu.net\/wordpress\/wp-json\/wp\/v2\/users\/4"}],"replies":[{"embeddable":true,"href":"https:\/\/www.radiopiu.net\/wordpress\/wp-json\/wp\/v2\/comments?post=346126"}],"version-history":[{"count":0,"href":"https:\/\/www.radiopiu.net\/wordpress\/wp-json\/wp\/v2\/posts\/346126\/revisions"}],"wp:featuredmedia":[{"embeddable":true,"href":"https:\/\/www.radiopiu.net\/wordpress\/wp-json\/wp\/v2\/media\/95699"}],"wp:attachment":[{"href":"https:\/\/www.radiopiu.net\/wordpress\/wp-json\/wp\/v2\/media?parent=346126"}],"wp:term":[{"taxonomy":"category","embeddable":true,"href":"https:\/\/www.radiopiu.net\/wordpress\/wp-json\/wp\/v2\/categories?post=346126"},{"taxonomy":"post_tag","embeddable":true,"href":"https:\/\/www.radiopiu.net\/wordpress\/wp-json\/wp\/v2\/tags?post=346126"}],"curies":[{"name":"wp","href":"https:\/\/api.w.org\/{rel}","templated":true}]}}