{"id":346203,"date":"2023-07-28T05:36:08","date_gmt":"2023-07-28T03:36:08","guid":{"rendered":"https:\/\/www.radiopiu.net\/wordpress\/?p=346203"},"modified":"2023-07-28T05:57:57","modified_gmt":"2023-07-28T03:57:57","slug":"a-ventanni-dalla-scomparsa-di-don-stefano","status":"publish","type":"post","link":"https:\/\/www.radiopiu.net\/wordpress\/a-ventanni-dalla-scomparsa-di-don-stefano\/","title":{"rendered":"A VENT&#8217;ANNI DALLA SCOMPARSA DI DON STEFANO"},"content":{"rendered":"<p><strong>DI LORIS SANTOMASO<\/strong><\/p>\n<p><strong><a class=\"dt-pswp-item\" href=\"https:\/\/www.radiopiu.net\/wordpress\/wp-content\/uploads\/2023\/07\/FRASSENE-Don-Stefano-Gorzegno-parroco-di-Voltago-e-Frassene.jpg\" data-dt-img-description=\"\" data-large_image_width=\"458\" data-large_image_height=\"676\"><img loading=\"lazy\" decoding=\"async\" class=\"size-medium wp-image-346204 alignleft\" src=\"https:\/\/www.radiopiu.net\/wordpress\/wp-content\/uploads\/2023\/07\/FRASSENE-Don-Stefano-Gorzegno-parroco-di-Voltago-e-Frassene-203x300.jpg\" alt=\"\" width=\"203\" height=\"300\" srcset=\"https:\/\/www.radiopiu.net\/wordpress\/wp-content\/uploads\/2023\/07\/FRASSENE-Don-Stefano-Gorzegno-parroco-di-Voltago-e-Frassene-203x300.jpg 203w, https:\/\/www.radiopiu.net\/wordpress\/wp-content\/uploads\/2023\/07\/FRASSENE-Don-Stefano-Gorzegno-parroco-di-Voltago-e-Frassene.jpg 458w\" sizes=\"auto, (max-width: 203px) 100vw, 203px\" \/><\/a>FRASSEN\u00c9 di VOLTAGO<\/strong> Il 30 luglio 2003, sulla spiaggia di Termoli (Campobasso), moriva, a soli 44 anni, don Stefano Gorzegno, il sacerdote veronese, medaglia d\u2019oro al valor civile\/alla memoria, conferitagli dal presidente della Repubblica l\u201911 novembre successivo. Come si ricorder\u00e0, egli aveva sacrificato la vita, riuscendo con generoso slancio, sprezzo del pericolo e grandi sforzi a portare in salvo sette giovani parrocchiani di Boiano, che rischiavano l\u2019annegamento, tuffandosi nel mare mosso e insidioso, per accasciarsi infine esanime sulla battigia sfinito e colpito da malore. Nel 20\u00b0 anniversario della morte di don Stefano, la sua luminosa testimonianza di coraggio e di amore profondo per il prossimo, fino all\u2019estremo sacrificio, sar\u00e0 ricordata con particolare affetto dalla comunit\u00e0 di Frassen\u00e9 dove svolse un apprezzato e mai dimenticato servizio pastorale per quattro intensi anni dall\u2019autunno 1997 al 2001 (a Voltago anche dal 1996). E&#8217; intitolato \u201cSignore delle cime\u201d, l\u2019omaggio del concerto corale che in sua memoria si terr\u00e0 sabato 29 luglio nella chiesa antica di San Nicol\u00f2 di Frassen\u00e9 Agordino dove, alle 20.45, si esibiranno il Coro Rio Bianco di Panchi\u00e0 (Val di Fiemme) diretto da Ivo Brigadoi e il Coro Agordo, alla prima apparizione pubblica sotto la guida della nuova direttrice Anna Devich. <a class=\"dt-pswp-item\" href=\"https:\/\/www.radiopiu.net\/wordpress\/wp-content\/uploads\/2023\/07\/FRASSENE-La-stele-a-ricordo-di-don-Stefano-Gorzegno.jpg\" data-dt-img-description=\"\" data-large_image_width=\"520\" data-large_image_height=\"925\"><img loading=\"lazy\" decoding=\"async\" class=\"size-medium wp-image-346205 alignright\" src=\"https:\/\/www.radiopiu.net\/wordpress\/wp-content\/uploads\/2023\/07\/FRASSENE-La-stele-a-ricordo-di-don-Stefano-Gorzegno-169x300.jpg\" alt=\"\" width=\"169\" height=\"300\" srcset=\"https:\/\/www.radiopiu.net\/wordpress\/wp-content\/uploads\/2023\/07\/FRASSENE-La-stele-a-ricordo-di-don-Stefano-Gorzegno-169x300.jpg 169w, https:\/\/www.radiopiu.net\/wordpress\/wp-content\/uploads\/2023\/07\/FRASSENE-La-stele-a-ricordo-di-don-Stefano-Gorzegno.jpg 520w\" sizes=\"auto, (max-width: 169px) 100vw, 169px\" \/><\/a>Don Stefano Gorzegno, nato a Verona nel 1959, fu parroco di Voltago e Frassen\u00e9 dal 1996 al 2001, proveniente da una prima esperienza (1987) in Molise, nella parrocchia di Roccamandolfi (Isernia) e poi a Bojano (Campobasso), dove ritorn\u00f2 nel settembre 2001, per continuare ad essere prete dei poveri, con autentico spirito missionario. Il 30 luglio 2003 la tragica eroica fine nel mare di Termoli, in una giornata che doveva essere un momento di svago con un gruppo di giovani parrocchiani. Le comunit\u00e0 di Voltago e Frassen\u00e9 non hanno mai dimenticato il tempo vissuto da don Stefano fra loro e spesso, in questi 20 anni, hanno organizzato momenti di commemorazione. Il concerto, promosso dall\u2019associazione \u201cAmici di don Stefano\u201d e dalla parrocchia di Frassen\u00e9 con il sostegno dei gruppi del volontariato voltaghese e il patrocinio del Comune, intende riproporre, dopo l\u2019interruzione causa Covid, l\u2019iniziativa di \u201cCanta Frassen\u00e9\u201d, cominciata nel 2011 e proseguita con la partecipazione di vari gruppi corali fino al 2019. La manifestazione sar\u00e0 seguita domenica 30 luglio, alle 18, nella chiesa nuova di Frassen\u00e9 dalla messa in suffragio di don Stefano, accompagnata dai canti dei cori delle parrocchie del P\u00f3i.<\/p>\n<p><b>Foto<\/b>: Don Stefano Gorzegno (1959-2003), quand\u2019era parroco di Voltago e Frassen\u00e9.\u00a0 \u00a0La stele con il ritratto di don Stefano nella piazza del paese a lui intitolata.<\/p>\n<p>&nbsp;<\/p>\n<p>__<\/p>\n","protected":false},"excerpt":{"rendered":"<p>DI LORIS SANTOMASO FRASSEN\u00c9 di VOLTAGO Il 30 luglio 2003, sulla spiaggia di Termoli (Campobasso), moriva, a soli 44 anni, don Stefano Gorzegno, il sacerdote veronese, medaglia d\u2019oro al valor civile\/alla memoria, conferitagli dal presidente della Repubblica l\u201911 novembre successivo. Come si ricorder\u00e0, egli aveva sacrificato la vita, riuscendo con generoso slancio, sprezzo del pericolo&hellip;<\/p>\n","protected":false},"author":4,"featured_media":346206,"comment_status":"closed","ping_status":"closed","sticky":false,"template":"","format":"standard","meta":{"_monsterinsights_skip_tracking":false,"_monsterinsights_sitenote_active":false,"_monsterinsights_sitenote_note":"","_monsterinsights_sitenote_category":0,"footnotes":""},"categories":[51,49],"tags":[],"class_list":["post-346203","post","type-post","status-publish","format-standard","has-post-thumbnail","hentry","category-evidenza-top","category-news-18","category-51","category-49","description-off"],"img_url":"https:\/\/www.radiopiu.net\/wordpress\/wp-content\/uploads\/2023\/07\/Senza-nome-88.png","_links":{"self":[{"href":"https:\/\/www.radiopiu.net\/wordpress\/wp-json\/wp\/v2\/posts\/346203","targetHints":{"allow":["GET"]}}],"collection":[{"href":"https:\/\/www.radiopiu.net\/wordpress\/wp-json\/wp\/v2\/posts"}],"about":[{"href":"https:\/\/www.radiopiu.net\/wordpress\/wp-json\/wp\/v2\/types\/post"}],"author":[{"embeddable":true,"href":"https:\/\/www.radiopiu.net\/wordpress\/wp-json\/wp\/v2\/users\/4"}],"replies":[{"embeddable":true,"href":"https:\/\/www.radiopiu.net\/wordpress\/wp-json\/wp\/v2\/comments?post=346203"}],"version-history":[{"count":0,"href":"https:\/\/www.radiopiu.net\/wordpress\/wp-json\/wp\/v2\/posts\/346203\/revisions"}],"wp:featuredmedia":[{"embeddable":true,"href":"https:\/\/www.radiopiu.net\/wordpress\/wp-json\/wp\/v2\/media\/346206"}],"wp:attachment":[{"href":"https:\/\/www.radiopiu.net\/wordpress\/wp-json\/wp\/v2\/media?parent=346203"}],"wp:term":[{"taxonomy":"category","embeddable":true,"href":"https:\/\/www.radiopiu.net\/wordpress\/wp-json\/wp\/v2\/categories?post=346203"},{"taxonomy":"post_tag","embeddable":true,"href":"https:\/\/www.radiopiu.net\/wordpress\/wp-json\/wp\/v2\/tags?post=346203"}],"curies":[{"name":"wp","href":"https:\/\/api.w.org\/{rel}","templated":true}]}}