{"id":346229,"date":"2023-07-28T05:47:38","date_gmt":"2023-07-28T03:47:38","guid":{"rendered":"https:\/\/www.radiopiu.net\/wordpress\/?p=346229"},"modified":"2023-07-28T05:52:45","modified_gmt":"2023-07-28T03:52:45","slug":"dillo-a-radio-piu-lattacco-dei-lupi","status":"publish","type":"post","link":"https:\/\/www.radiopiu.net\/wordpress\/dillo-a-radio-piu-lattacco-dei-lupi\/","title":{"rendered":"DILLO A RADIO PIU&#8217;&#8230;. L&#8217;ATTACCO DEI LUPI\u00a0"},"content":{"rendered":"<blockquote>\n<h3><strong>ALLEGHE<\/strong> Ci scrive Cristian Pianezze &#8220;Ecco i I risultati del progetto lupi e della convivenza&#8221; foto allegate dell&#8217;attacco in Val Fiorentina<\/h3>\n<\/blockquote>\n\n\t\t\t<style type='text\/css'>\n\t\t\t\t#gallery-1 {\n\t\t\t\t\tmargin: auto;\n\t\t\t\t}\n\t\t\t\t#gallery-1 .gallery-item {\n\t\t\t\t\tfloat: left;\n\t\t\t\t\tmargin-top: 10px;\n\t\t\t\t\ttext-align: center;\n\t\t\t\t\twidth: 50%;\n\t\t\t\t}\n\t\t\t\t#gallery-1 img {\n\t\t\t\t\tborder: 2px solid #cfcfcf;\n\t\t\t\t}\n\t\t\t\t#gallery-1 .gallery-caption {\n\t\t\t\t\tmargin-left: 0;\n\t\t\t\t}\n\t\t\t\t\/* see gallery_shortcode() in wp-includes\/media.php *\/\n\t\t\t<\/style>\n\t\t<div id='gallery-1' class='dt-gallery-container gallery galleryid-346229 gallery-columns-2 gallery-size-thumbnail'><dl class='gallery-item'>\n\t\t\t\t<dt class='gallery-icon portrait'>\n\t\t\t\t\t<a class=\"rollover rollover-zoom dt-pswp-item\" title=\"358602821_6159480354164347_6902088143657331593_n\" data-dt-img-description=\"\" data-large_image_width=\"280\" data-large_image_height=\"387\"href='https:\/\/www.radiopiu.net\/wordpress\/wp-content\/uploads\/2023\/07\/358602821_6159480354164347_6902088143657331593_n.jpg'><img loading=\"lazy\" decoding=\"async\" width=\"150\" height=\"150\" src=\"https:\/\/www.radiopiu.net\/wordpress\/wp-content\/uploads\/2023\/07\/358602821_6159480354164347_6902088143657331593_n-150x150.jpg\" class=\"attachment-thumbnail size-thumbnail\" alt=\"\" \/><\/a>\n\t\t\t\t<\/dt><\/dl><dl class='gallery-item'>\n\t\t\t\t<dt class='gallery-icon portrait'>\n\t\t\t\t\t<a class=\"rollover rollover-zoom dt-pswp-item\" title=\"358822065_303374242081816_7909159746506657266_n\" data-dt-img-description=\"\" data-large_image_width=\"280\" data-large_image_height=\"551\"href='https:\/\/www.radiopiu.net\/wordpress\/wp-content\/uploads\/2023\/07\/358822065_303374242081816_7909159746506657266_n.jpg'><img loading=\"lazy\" decoding=\"async\" width=\"150\" height=\"150\" src=\"https:\/\/www.radiopiu.net\/wordpress\/wp-content\/uploads\/2023\/07\/358822065_303374242081816_7909159746506657266_n-150x150.jpg\" class=\"attachment-thumbnail size-thumbnail\" alt=\"\" \/><\/a>\n\t\t\t\t<\/dt><\/dl><br style=\"clear: both\" \/>\n\t\t\t<\/div>\n\n<p><strong>BELLUNO<\/strong>\u00a0 Mattia da Vignole : &#8220;Sono di Vignole e questo \u00e9 il terzo attacco a cani domestici in tre giorni da parte dei lupi. Il mio \u00e8 stato ucciso. Stessa situazione in\u00a0 zona Torbe e alle Rosse\u00a0 dove un cane \u00e8 stato\u00a0 gravemente ferito<\/p>\n<p>&nbsp;<\/p>\n<p class=\"x1heor9g x1qlqyl8 x1pd3egz x1a2a7pz x1gslohp x1yc453h\"><span class=\"x193iq5w xeuugli x13faqbe x1vvkbs x1xmvt09 x6prxxf xvq8zen xo1l8bm xi81zsa\"><strong><a class=\"dt-pswp-item\" href=\"https:\/\/www.radiopiu.net\/wordpress\/wp-content\/uploads\/2023\/07\/363445267_3614049212248586_2516579295578367059_n.jpg\" data-dt-img-description=\"\" data-large_image_width=\"450\" data-large_image_height=\"600\"><img loading=\"lazy\" decoding=\"async\" class=\" wp-image-346235 alignleft\" src=\"https:\/\/www.radiopiu.net\/wordpress\/wp-content\/uploads\/2023\/07\/363445267_3614049212248586_2516579295578367059_n-225x300.jpg\" alt=\"\" width=\"135\" height=\"180\" srcset=\"https:\/\/www.radiopiu.net\/wordpress\/wp-content\/uploads\/2023\/07\/363445267_3614049212248586_2516579295578367059_n-225x300.jpg 225w, https:\/\/www.radiopiu.net\/wordpress\/wp-content\/uploads\/2023\/07\/363445267_3614049212248586_2516579295578367059_n.jpg 450w\" sizes=\"auto, (max-width: 135px) 100vw, 135px\" \/><\/a>Agriturismo Baita Col Indes<\/strong><\/span><\/p>\n<p class=\"x1heor9g x1qlqyl8 x1pd3egz x1a2a7pz x1gslohp x1yc453h\">A mente un po&#8217; pi\u00f9 lucida, ma sempre con un grande nodo alla gola, facciamo vedere i nostri animali attaccati dal lupo. Il danno morale \u00e8 elevatissimo, gli sforzi e le fatiche svaniscono nella notte&#8230;.Non serve a niente dire che siamo stanchi e amareggiati, perch\u00e9 alla fine veniamo solo derisi; e cos\u00ec noi decidiamo di non portare pi\u00f9 le bestie al pascolo&#8230;. lasciando via libera ad erbacce e cespugli e abbandonando le tradizioni dei nostri familiari.Purtroppo si dice ancora che il lupo non sia un animale pericoloso; chiss\u00e0 se un giorno attaccher\u00e0 un umano?&#8230;ma forse quel giorno, sar\u00e0 colpa dell&#8217;umano!A ognuno la propria riflessione.Riporto solo le parole di un sindaco che dice : &#8221; se i lupi mangiassero l&#8217;uva del prosecco, la politica avrebbe gi\u00e0 risolto il problema&#8221;.<\/p>\n<p>&nbsp;<\/p>\n<p>&nbsp;<\/p>\n<p><strong>VENEZIA<\/strong> La presa di posizione dell&#8217;assessore Gianpaolo Bottacin\u00a0\u00a0<em> \u00abPer ogni specie di animale selvatico, quando vengono superati numeri tali da mettere in discussione la sua convivenza con le altre specie animali e vegetali, vengono previsti piani di selezione. Lo si fa per cervi, caprioli, cinghiali. Non vedo perch\u00e9 con il lupo ci\u00f2 non sia possibile. Credo sia una questione di buon senso. Il lupo, che non fa altro che fare il lupo, mangiando altre specie animali, sta crescendo in termini numerici tali da compromettere gli equilibri naturali\u00bb.<\/em><\/p>\n<p>&nbsp;<\/p>\n<p>&nbsp;<\/p>\n<hr \/>\n<p>&nbsp;<\/p>\n","protected":false},"excerpt":{"rendered":"<p>ALLEGHE Ci scrive Cristian Pianezze &#8220;Ecco i I risultati del progetto lupi e della convivenza&#8221; foto allegate dell&#8217;attacco in Val Fiorentina BELLUNO\u00a0 Mattia da Vignole : &#8220;Sono di Vignole e questo \u00e9 il terzo attacco a cani domestici in tre giorni da parte dei lupi. Il mio \u00e8 stato ucciso. Stessa situazione in\u00a0 zona Torbe&hellip;<\/p>\n","protected":false},"author":4,"featured_media":346227,"comment_status":"closed","ping_status":"closed","sticky":false,"template":"","format":"standard","meta":{"_monsterinsights_skip_tracking":false,"_monsterinsights_sitenote_active":false,"_monsterinsights_sitenote_note":"","_monsterinsights_sitenote_category":0,"footnotes":""},"categories":[104,49],"tags":[],"class_list":["post-346229","post","type-post","status-publish","format-standard","has-post-thumbnail","hentry","category-evidenza_3","category-news-18","category-104","category-49","description-off"],"img_url":"https:\/\/www.radiopiu.net\/wordpress\/wp-content\/uploads\/2023\/07\/358602821_6159480354164347_6902088143657331593_n.jpg","_links":{"self":[{"href":"https:\/\/www.radiopiu.net\/wordpress\/wp-json\/wp\/v2\/posts\/346229","targetHints":{"allow":["GET"]}}],"collection":[{"href":"https:\/\/www.radiopiu.net\/wordpress\/wp-json\/wp\/v2\/posts"}],"about":[{"href":"https:\/\/www.radiopiu.net\/wordpress\/wp-json\/wp\/v2\/types\/post"}],"author":[{"embeddable":true,"href":"https:\/\/www.radiopiu.net\/wordpress\/wp-json\/wp\/v2\/users\/4"}],"replies":[{"embeddable":true,"href":"https:\/\/www.radiopiu.net\/wordpress\/wp-json\/wp\/v2\/comments?post=346229"}],"version-history":[{"count":0,"href":"https:\/\/www.radiopiu.net\/wordpress\/wp-json\/wp\/v2\/posts\/346229\/revisions"}],"wp:featuredmedia":[{"embeddable":true,"href":"https:\/\/www.radiopiu.net\/wordpress\/wp-json\/wp\/v2\/media\/346227"}],"wp:attachment":[{"href":"https:\/\/www.radiopiu.net\/wordpress\/wp-json\/wp\/v2\/media?parent=346229"}],"wp:term":[{"taxonomy":"category","embeddable":true,"href":"https:\/\/www.radiopiu.net\/wordpress\/wp-json\/wp\/v2\/categories?post=346229"},{"taxonomy":"post_tag","embeddable":true,"href":"https:\/\/www.radiopiu.net\/wordpress\/wp-json\/wp\/v2\/tags?post=346229"}],"curies":[{"name":"wp","href":"https:\/\/api.w.org\/{rel}","templated":true}]}}