{"id":346247,"date":"2023-07-28T07:55:24","date_gmt":"2023-07-28T05:55:24","guid":{"rendered":"https:\/\/www.radiopiu.net\/wordpress\/?p=346247"},"modified":"2023-07-28T08:01:41","modified_gmt":"2023-07-28T06:01:41","slug":"dal-1983-loriginale-rassegna-stampa-locale-di-mirko-mezzacasa","status":"publish","type":"post","link":"https:\/\/www.radiopiu.net\/wordpress\/dal-1983-loriginale-rassegna-stampa-locale-di-mirko-mezzacasa\/","title":{"rendered":"DAL 1983: L&#8217;ORIGINALE. RASSEGNA STAMPA LOCALE DI MIRKO MEZZACASA"},"content":{"rendered":"<p>&nbsp;<\/p>\n<p><iframe loading=\"lazy\" title=\"RASSEGNA STAMPA LOCALE\" width=\"1200\" height=\"675\" src=\"https:\/\/www.youtube.com\/embed\/WDOHjaN3HlU?feature=oembed\" frameborder=\"0\" allow=\"accelerometer; autoplay; clipboard-write; encrypted-media; gyroscope; picture-in-picture; web-share\" allowfullscreen><\/iframe><\/p>\n<p>OGGI ALLE 16.30, DOMANI ALLE 13.10, DOMENICA ALLE 8.05, LO SPECIALE ESTIVO IN COLLABORAZIONE CON IL COMITATO PROLOCO DELL\u2019AGORDINO. OGNI SETTIMANA GLI APPUNTAMENTI CON IL DIVERTIMENTO, LA CULTURA E LO SPORT. SEGUICI E SARAI SEMPRE INFORMATO\u2026 ANCHE AD AGOSTO<\/p>\n<p>SEDICO SR 203 Agordina localit\u00e0 La Pissa. Fino al 4 agosto, esclusi sabati e domeniche, la strada verr\u00e0 chiusa a fasce orarie: dalle 8 alle 9:35, dalle 9:50 alle 11:10, Dalle 11:25 alle 12:20 e dalle 14:25 alle 15:55. RIAPERTA la S.P. 355 \u201cdi Val Degano\u201d tra Acquatona eSalafossa. CHIUSURA al transito della \u2013 S.P. 33 \u201cdi Sauris\u201d da Casera Razzo al confine con Provincia di Udine.<br \/>\nA TAIBON AGORDINO in localit\u00e0 SOCCOL l&#8217;acqua erogata dall&#8217;acquedotto \u00e8 di nuovo potabile<br \/>\nSAN TOMASO AGORDINO nelle localit\u00e0 RONCH E CANACEDE l&#8217;acqua erogata dall&#8217;acquedotto non \u00e8 potabile e pu\u00f2 essere usata per scopi alimentari solo previa bollitura<\/p>\n<p>BELLUNO In merito ai quattro casi di legionellosi segnalati al Dipartimento di Prevenzione dell\u2019Ulss Dolomiti nell\u2019ultima settimana, si conferma che non sono stati riscontrati collegamenti epidemiologici tra i pazienti, tutti provenienti da contesti abitativi privati. La casistica segnalata, peraltro, \u00e8 compatibile con i dati di incidenza in altri territori ed \u00e8 in linea a quella registrata in Ulss Dolomiti lo scorso anno.<br \/>\nLAMON\u00a0 Due incidenti,\u00a0 una caduta con il motorino a Lamon per una ragazzo lombardo\u00a0 e un incidente in bicicletta a Pedavena per un 15enne feltrino.\u00a0 Coinvolgi degli adolescenti, fortunatamente portati al pronto soccorso dell&#8217;ospedale di Feltre con ferite lievi e rientrati a casa gi\u00e0 in serata.<br \/>\nCORTINA Soccorso un 26enne tedesco all&#8217;uscita della Ferrata Fusetti, sul Sass de Stria. Il giovane colto da malore \u00e8 stato\u00a0 trasportato all&#8217;ospedale di Pieve<br \/>\nAURONZO Una turista spagnola, si \u00e8 fatta male all&#8217;esterno del Rifugio Citt\u00e0 di Carpi. La 44enne, che si trovava con il marito, si \u00e8 tagliata su un chiodo, riportando una profonda ferita. Una squadra del Soccorso alpino della Guardia di finanza ha raggiunto la donna in jeep, per poi accompagnarla alla macchina, con la quale si \u00e8 allontanata autonomamente.<br \/>\nBELLUNO Gli amministratori Paolo Perenzin, Giovanni Piccoli e Bruno Zanolla sono stati assolti dall&#8217;ipotizzato reato di turbativa d&#8217;asta nell&#8217;ambito dela gara per l&#8217;affidamento della rete del gas bellunese, la sentenza \u00e8 definitiva poich\u00e9 sono trascorsi i termini nei quali la Procura della Repubblica avrebbe dovuto eventualmente impugnare la sentenza di febbraio.<br \/>\nBELLUNO Bagni pubblici obiettivo dei vandali, porte\u00a0 prese a sassate\u00a0 cos\u00ec come il grande container autopulente. Una consigliera comunale di minoranza\u00a0 ha presentato l&#8217;interrogazione a risposta scritta &#8220;Atti di vandalismo sui bagni del parco Citt\u00e0 di Bologna&#8221;.\u00a0La consigliera chiede \u00abse sia stata presentata una denuncia<br \/>\nBELLUNO\u00a0 Mattia da Vignole : &#8220;Sono di Vignole e questo \u00e9 il terzo attacco a cani domestici in tre giorni da parte dei lupi. Il mio \u00e8 stato ucciso. Stessa situazione in\u00a0 zona Torbe e alle Rosse\u00a0 dove un cane \u00e8 stato\u00a0 gravemente ferito&#8221;<br \/>\nVENEZIA La presa di posizione dell&#8217;assessore Gianpaolo Bottacin\u00a0\u00a0 \u00abPer ogni specie di animale selvatico, quando vengono superati numeri tali da mettere in discussione la sua convivenza con le altre specie animali e vegetali, vengono previsti piani di selezione. Lo si fa per cervi, caprioli, cinghiali. Non vedo perch\u00e9 con il lupo ci\u00f2 non sia possibile.<br \/>\nREDAZIONE\u00a0 Il Movimento BARD &#8211; Belluno Autonoma Regione Dolomiti si oppone fermamente alla costruzione di una diga sul torrente Vanoi, tra Trentino e Bellunese.<br \/>\nVENEZIA Con l&#8217;approvazione della Conferenza Unificata, il nuovo piano di riparto del Fondo per lo sviluppo montano comporta il raddoppio delle risorse per le aree montane. Complessivamente, per il 2023<br \/>\nVICENZA\u00a0 Per tre giorni sui tetti di Tezze sul Brenta. I\u00a0 tecnici del Soccorso alpino veneto, intervenuti in aiuto della popolazione della cittadina colpita da una violentissima grandinata che ha danneggiato oltre novanta edifici. Tra di loro anche la squadra di Feltre<br \/>\nPELMO D&#8217;ORO: DOMANI DALLE 10 DIRETTA SUI CANALI DI RADIO PIU: FREQUENZE FM (SINTESI), FACEBOOK, TELEGRAM E SITO INTERNET WWW.RADIOPIU.NET. IN STREAMING IN TUTTO IL MONDO.<br \/>\nAGORDO OGGI LA PRESENTAZIONE DEL LIBRO DI MARIA VITTORIA VITTORI<br \/>\nDOMENICA 30 LUGLIO A FALCADE (BL)<br \/>\nFINALE REGIONALE \u2013 ELEZIONE \u201cMISS MILUNA VENETO\u201d si elegger\u00e0 \u201cMiss Miluna Veneto\u201d titolo che offrir\u00e0 alla vincitrice l\u2019ammissione alle prefinali nazionali dell\u2019ottantaquattresima edizione del concorso di bellezza pi\u00f9 popolare del nostro Paese.<br \/>\nCONCERTI IN ALTA QUOTA CON &#8220;MELODIE NEL BOSCO, SUSSURRI TRA LE DOLOMITI&#8221;. DOMANI IL CONCERTO DEL CORO VAL BIOIS SARA&#8217; DEDICATO A FABIO DE VENTURA, SCOMPARSO LO SCORSO 10 LUGLIO A 63 ANNI. ABITAVA A CARFON DI CANALE D&#8217;AGORDO, FABIO E&#8217; STATO UNO DEGLI IDEATORE DEL BOSCO DEGLI ARTISTI, NE HA SEGUITO LA SUA NASCITA E CRESCITA NEI GIORNI IN CUI ERA VICE CAPO DELLA SOCIETA&#8217; IMPIANTI FALCADE-COL MARGHERITA.<br \/>\nCONCERTO DI MUSICA LIRICA A VALLADA Un concerto dedicato al Papa del Sorriso per ricordare e celebrare beato Giovanni Paolo I. Questa sera \u00a0alle\u00a0 21, nella chiesa monumentale di San Simon.<\/p>\n<p>CALCIO DOMENICA L&#8217;ATTO CONCLUSIVO DEL CAMPIONATO AGORDINO DI CALCIO<br \/>\nHOCKEY SU GHIACCIO COLPACCIO DELL&#8217;ALLEGHE HOCKEY: I TRE FRATELLI VINATZER SONO IN BIANCOROSSO<br \/>\nEQUITAZIONE IL PR RANCH DIFENDE I COLORI DEL VENETO AD AREZZO<\/p>\n<p>&nbsp;<\/p>\n<p>&nbsp;<\/p>\n<p>&nbsp;<\/p>\n<p>&nbsp;<\/p>\n<p>&nbsp;<\/p>\n<p>&nbsp;<\/p>\n","protected":false},"excerpt":{"rendered":"<p>&nbsp; OGGI ALLE 16.30, DOMANI ALLE 13.10, DOMENICA ALLE 8.05, LO SPECIALE ESTIVO IN COLLABORAZIONE CON IL COMITATO PROLOCO DELL\u2019AGORDINO. OGNI SETTIMANA GLI APPUNTAMENTI CON IL DIVERTIMENTO, LA CULTURA E LO SPORT. SEGUICI E SARAI SEMPRE INFORMATO\u2026 ANCHE AD AGOSTO SEDICO SR 203 Agordina localit\u00e0 La Pissa. Fino al 4 agosto, esclusi sabati e domeniche,&hellip;<\/p>\n","protected":false},"author":4,"featured_media":346210,"comment_status":"closed","ping_status":"closed","sticky":false,"template":"","format":"standard","meta":{"_monsterinsights_skip_tracking":false,"_monsterinsights_sitenote_active":false,"_monsterinsights_sitenote_note":"","_monsterinsights_sitenote_category":0,"footnotes":""},"categories":[104,49,142],"tags":[],"class_list":["post-346247","post","type-post","status-publish","format-standard","has-post-thumbnail","hentry","category-evidenza_3","category-news-18","category-rassegna-stampa","category-104","category-49","category-142","description-off"],"img_url":"https:\/\/www.radiopiu.net\/wordpress\/wp-content\/uploads\/2023\/07\/Senza-nome-89.png","_links":{"self":[{"href":"https:\/\/www.radiopiu.net\/wordpress\/wp-json\/wp\/v2\/posts\/346247","targetHints":{"allow":["GET"]}}],"collection":[{"href":"https:\/\/www.radiopiu.net\/wordpress\/wp-json\/wp\/v2\/posts"}],"about":[{"href":"https:\/\/www.radiopiu.net\/wordpress\/wp-json\/wp\/v2\/types\/post"}],"author":[{"embeddable":true,"href":"https:\/\/www.radiopiu.net\/wordpress\/wp-json\/wp\/v2\/users\/4"}],"replies":[{"embeddable":true,"href":"https:\/\/www.radiopiu.net\/wordpress\/wp-json\/wp\/v2\/comments?post=346247"}],"version-history":[{"count":0,"href":"https:\/\/www.radiopiu.net\/wordpress\/wp-json\/wp\/v2\/posts\/346247\/revisions"}],"wp:featuredmedia":[{"embeddable":true,"href":"https:\/\/www.radiopiu.net\/wordpress\/wp-json\/wp\/v2\/media\/346210"}],"wp:attachment":[{"href":"https:\/\/www.radiopiu.net\/wordpress\/wp-json\/wp\/v2\/media?parent=346247"}],"wp:term":[{"taxonomy":"category","embeddable":true,"href":"https:\/\/www.radiopiu.net\/wordpress\/wp-json\/wp\/v2\/categories?post=346247"},{"taxonomy":"post_tag","embeddable":true,"href":"https:\/\/www.radiopiu.net\/wordpress\/wp-json\/wp\/v2\/tags?post=346247"}],"curies":[{"name":"wp","href":"https:\/\/api.w.org\/{rel}","templated":true}]}}