{"id":346259,"date":"2023-07-28T09:53:26","date_gmt":"2023-07-28T07:53:26","guid":{"rendered":"https:\/\/www.radiopiu.net\/wordpress\/?p=346259"},"modified":"2023-07-28T09:53:26","modified_gmt":"2023-07-28T07:53:26","slug":"recuperato-nella-notte-alpinista-sulle-pale-di-san-lucano","status":"publish","type":"post","link":"https:\/\/www.radiopiu.net\/wordpress\/recuperato-nella-notte-alpinista-sulle-pale-di-san-lucano\/","title":{"rendered":"RECUPERATO NELLA NOTTE ALPINISTA SULLE PALE DI SAN LUCANO"},"content":{"rendered":"<p><img loading=\"lazy\" decoding=\"async\" class=\"alignleft\" src=\"https:\/\/www.radiopiu.net\/wordpress\/wp-content\/uploads\/2023\/07\/Watermark_20230728_085305_887.jpg\" width=\"232\" height=\"174\" \/>TAIBON Ieri sera attorno alle 21 il Soccorso alpino di Agordo e stato allertato per una cordata in difficolt\u00e0 sul Diedro Casarotto, Spiz Lagunaz, Terza Pala di San Lucano. Quando i due alpinisti si trovavano ormai all&#8217;uscita, un sasso smosso dalle corde, aveva colpito a un fianco lo scalatore pi\u00f9 in basso. Una squadra di 8 soccorritori si \u00e8 preparata con l&#8217;attrezzatura per un eventuale calata dall&#8217;alto, ma poi \u00e8 potuto intervenire l&#8217;elicottero dell&#8217;Aiut Alpin Dolomites di Bolzano. Dopo aver individuato i due rocciatori in una prima ricognizione a circa 2.500 metri di quota, l&#8217;eliambulanza ha provveduto al recupero di entrambi gli alpinisti, che si trovavano su una cengetta, dove il compagno aveva fatto scendere l&#8217;amico infortunato, trasportato poi all&#8217;ospedale di Agordo. I soccorritori hanno quindi accompagnato l&#8217;altro rocciatore a riprendere la macchina.<\/p>\n<p>&nbsp;<\/p>\n<p>&nbsp;<\/p>\n<p>&nbsp;<\/p>\n","protected":false},"excerpt":{"rendered":"<p>TAIBON Ieri sera attorno alle 21 il Soccorso alpino di Agordo e stato allertato per una cordata in difficolt\u00e0 sul Diedro Casarotto, Spiz Lagunaz, Terza Pala di San Lucano. Quando i due alpinisti si trovavano ormai all&#8217;uscita, un sasso smosso dalle corde, aveva colpito a un fianco lo scalatore pi\u00f9 in basso. Una squadra di&hellip;<\/p>\n","protected":false},"author":4,"featured_media":346260,"comment_status":"closed","ping_status":"closed","sticky":false,"template":"","format":"standard","meta":{"_monsterinsights_skip_tracking":false,"_monsterinsights_sitenote_active":false,"_monsterinsights_sitenote_note":"","_monsterinsights_sitenote_category":0,"footnotes":""},"categories":[51,49],"tags":[],"class_list":["post-346259","post","type-post","status-publish","format-standard","has-post-thumbnail","hentry","category-evidenza-top","category-news-18","category-51","category-49","description-off"],"img_url":"https:\/\/www.radiopiu.net\/wordpress\/wp-content\/uploads\/2023\/07\/Watermark_20230728_085305_887.jpg","_links":{"self":[{"href":"https:\/\/www.radiopiu.net\/wordpress\/wp-json\/wp\/v2\/posts\/346259","targetHints":{"allow":["GET"]}}],"collection":[{"href":"https:\/\/www.radiopiu.net\/wordpress\/wp-json\/wp\/v2\/posts"}],"about":[{"href":"https:\/\/www.radiopiu.net\/wordpress\/wp-json\/wp\/v2\/types\/post"}],"author":[{"embeddable":true,"href":"https:\/\/www.radiopiu.net\/wordpress\/wp-json\/wp\/v2\/users\/4"}],"replies":[{"embeddable":true,"href":"https:\/\/www.radiopiu.net\/wordpress\/wp-json\/wp\/v2\/comments?post=346259"}],"version-history":[{"count":0,"href":"https:\/\/www.radiopiu.net\/wordpress\/wp-json\/wp\/v2\/posts\/346259\/revisions"}],"wp:featuredmedia":[{"embeddable":true,"href":"https:\/\/www.radiopiu.net\/wordpress\/wp-json\/wp\/v2\/media\/346260"}],"wp:attachment":[{"href":"https:\/\/www.radiopiu.net\/wordpress\/wp-json\/wp\/v2\/media?parent=346259"}],"wp:term":[{"taxonomy":"category","embeddable":true,"href":"https:\/\/www.radiopiu.net\/wordpress\/wp-json\/wp\/v2\/categories?post=346259"},{"taxonomy":"post_tag","embeddable":true,"href":"https:\/\/www.radiopiu.net\/wordpress\/wp-json\/wp\/v2\/tags?post=346259"}],"curies":[{"name":"wp","href":"https:\/\/api.w.org\/{rel}","templated":true}]}}