{"id":346359,"date":"2023-07-31T05:35:13","date_gmt":"2023-07-31T03:35:13","guid":{"rendered":"https:\/\/www.radiopiu.net\/wordpress\/?p=346359"},"modified":"2023-07-31T09:59:22","modified_gmt":"2023-07-31T07:59:22","slug":"giornale-radiopiu-31-luglio-2023-direttore-mirko-mezzacasada-40-anni-25-giugno-1983-25-giugno-2023","status":"publish","type":"post","link":"https:\/\/www.radiopiu.net\/wordpress\/giornale-radiopiu-31-luglio-2023-direttore-mirko-mezzacasada-40-anni-25-giugno-1983-25-giugno-2023\/","title":{"rendered":"GIORNALE RADIOPIU 31 LUGLIO 2023 DIRETTORE MIRKO MEZZACASA\u2026DA 40 ANNI 25 GIUGNO 1983-25 GIUGNO 2023"},"content":{"rendered":"<h2 style=\"text-align: left;\"><span style=\"color: #ff0000;\"><span style=\"vertical-align: inherit;\"><a class=\"dt-pswp-item\" href=\"https:\/\/www.radiopiu.net\/wordpress\/wp-content\/uploads\/2023\/04\/e0aad41d-951e-47b9-9fae-1a879a9bcb7e-1.jpg\" data-dt-img-description=\"\" data-large_image_width=\"1200\" data-large_image_height=\"1200\"><img loading=\"lazy\" decoding=\"async\" class=\"wp-image-333205 alignleft\" src=\"https:\/\/www.radiopiu.net\/wordpress\/wp-content\/uploads\/2023\/04\/e0aad41d-951e-47b9-9fae-1a879a9bcb7e-1-300x300.jpg\" alt=\"\" width=\"110\" height=\"110\" srcset=\"https:\/\/www.radiopiu.net\/wordpress\/wp-content\/uploads\/2023\/04\/e0aad41d-951e-47b9-9fae-1a879a9bcb7e-1-300x300.jpg 300w, https:\/\/www.radiopiu.net\/wordpress\/wp-content\/uploads\/2023\/04\/e0aad41d-951e-47b9-9fae-1a879a9bcb7e-1-1024x1024.jpg 1024w, https:\/\/www.radiopiu.net\/wordpress\/wp-content\/uploads\/2023\/04\/e0aad41d-951e-47b9-9fae-1a879a9bcb7e-1-150x150.jpg 150w, https:\/\/www.radiopiu.net\/wordpress\/wp-content\/uploads\/2023\/04\/e0aad41d-951e-47b9-9fae-1a879a9bcb7e-1-768x768.jpg 768w, https:\/\/www.radiopiu.net\/wordpress\/wp-content\/uploads\/2023\/04\/e0aad41d-951e-47b9-9fae-1a879a9bcb7e-1.jpg 1200w\" sizes=\"auto, (max-width: 110px) 100vw, 110px\" \/><\/a><\/span><\/span><\/h2>\n<h1 class=\"entry-title\">40esimo di RADIOPIU\u2026. LA VOCE DELL\u2019EMOZIONE<\/h1>\n<h2><span style=\"color: #ff0000;\">ISCRIVITI AL NOSTRO CANALE\u00a0\u00a0YOUTUBE PER SEGUIRE IN DIRETTA I PRINCIPALI PROGRAMMI DI RADIO PIU\u2019 E LE FUTURE DIRETTE IN ESTERNA. PER ISCRIVERTI\u00a0<a style=\"color: #ff0000;\" href=\"https:\/\/youtube.com\/@radiopiu1527\">CLICCA QUI\u00a0<\/a>E PREMI\u00a0 \u201cIscriviti\u201d<\/span><\/h2>\n<p>&nbsp;<\/p>\n<p><a class=\"dt-pswp-item\" href=\"https:\/\/www.radiopiu.net\/wordpress\/wp-content\/uploads\/2023\/07\/3efcd760-b0fa-4f47-b371-1531c8b43bd7.jpg\" data-dt-img-description=\"\" data-large_image_width=\"720\" data-large_image_height=\"621\"><img loading=\"lazy\" decoding=\"async\" class=\"alignnone wp-image-346697 size-full\" src=\"https:\/\/www.radiopiu.net\/wordpress\/wp-content\/uploads\/2023\/07\/3efcd760-b0fa-4f47-b371-1531c8b43bd7.jpg\" alt=\"\" width=\"720\" height=\"621\" srcset=\"https:\/\/www.radiopiu.net\/wordpress\/wp-content\/uploads\/2023\/07\/3efcd760-b0fa-4f47-b371-1531c8b43bd7.jpg 720w, https:\/\/www.radiopiu.net\/wordpress\/wp-content\/uploads\/2023\/07\/3efcd760-b0fa-4f47-b371-1531c8b43bd7-300x259.jpg 300w\" sizes=\"auto, (max-width: 720px) 100vw, 720px\" \/><\/a><\/p>\n<p>&nbsp;<\/p>\n<p>&nbsp;<\/p>\n<hr \/>\n<blockquote>\n<h3><\/h3>\n<h3>ACQUA POTABILE A SAN TOMASO<\/h3>\n<\/blockquote>\n<p><strong>SAN TOMASO AGORDINO<\/strong> Gestione Servizi Pubblici informa che a SAN TOMASO AGORDINO nelle localit\u00e0 RONCH E CANACEDE l&#8217;acqua erogata dall&#8217;acquedotto \u00e8 di nuovo potabile e pu\u00f2 essere usata, quindi, per scopi alimentari.<\/p>\n<p>&nbsp;<\/p>\n<p>&nbsp;<\/p>\n<hr \/>\n<p>&nbsp;<\/p>\n<blockquote>\n<h3 class=\"entry-title\">LA VALLE, PAESE TRAMORTITO E INCREDULO PER LA MORTE DI DARIO<\/h3>\n<\/blockquote>\n<p><strong>LA VALLE AGORDINA<\/strong>\u00a0 Dario Lena, 57 anni, marito e padre di tre figli, noto imprenditore di Noach\u00a0 di La Valle Agordina (con il fratello ha fondato la Ecologica Lena con sede a Noach e Belluno), ha perso la vita nel pomeriggio di sabato precipitando per decine di metri sopra la frazione di Noach dove Dario \u00e8 nato e cresciuto. Al belvedere alle pendici del Monte Celo era salito con un&#8217;amica di famiglia. Stavano godendo il panorama splendido da lass\u00f9, seduti su una panchina ricavata da un tronco d&#8217;albero. Dario si \u00e8 sbilanciato cadendo\u00a0 nel vuoto,\u00a0 una ventina di metri da un salto di roccia e poi il ruzzolone nel bosco ripido altri 30 metri<\/p>\n<p>&nbsp;<\/p>\n<hr \/>\n<div class=\"page-title-head hgroup\">\n<blockquote>\n<h3><\/h3>\n<h3 class=\"entry-title\">LA FORZA DI DARIO: UNA VITA DI OSTACOLI E VALORI<\/h3>\n<\/blockquote>\n<\/div>\n<p><strong>REDAZIONE<\/strong><\/p>\n<div class=\"flex-1 overflow-hidden\">\n<div class=\"react-scroll-to-bottom--css-rjtgx-79elbk h-full dark:bg-gray-800\">\n<div class=\"react-scroll-to-bottom--css-rjtgx-1n7m0yu\">\n<div class=\"flex flex-col text-sm dark:bg-gray-800\">\n<div class=\"group w-full text-gray-800 dark:text-gray-100 border-b border-black\/10 dark:border-gray-900\/50 bg-gray-50 dark:bg-[#444654]\">\n<div class=\"flex p-4 gap-4 text-base md:gap-6 md:max-w-2xl lg:max-w-[38rem] xl:max-w-3xl md:py-6 lg:px-0 m-auto\">\n<div class=\"relative flex w-[calc(100%-50px)] flex-col gap-1 md:gap-3 lg:w-[calc(100%-115px)]\">\n<div class=\"flex flex-grow flex-col gap-3\">\n<div class=\"min-h-[20px] flex items-start overflow-x-auto whitespace-pre-wrap break-words flex-col gap-4\">\n<div class=\"markdown prose w-full break-words dark:prose-invert light\">\n<p><a class=\"dt-pswp-item\" href=\"https:\/\/www.radiopiu.net\/wordpress\/wp-content\/uploads\/2023\/07\/Senza-nome-93.png\" data-dt-img-description=\"\" data-large_image_width=\"65\" data-large_image_height=\"95\"><img loading=\"lazy\" decoding=\"async\" class=\"size-full wp-image-346532 alignleft\" src=\"https:\/\/www.radiopiu.net\/wordpress\/wp-content\/uploads\/2023\/07\/Senza-nome-93.png\" alt=\"\" width=\"65\" height=\"95\" \/><\/a>Caro Dario ci hai appena lasciati ma, che vita difficile hai affrontato con un percorso segnato da ostacoli e dolori. Hai dovuto rinunciare alle spensieratezze dei giochi di bambino, crescendo in fretta e inventandoti il meglio per la tua esistenza. La tua determinazione e volont\u00e0 hanno dimostrato di essere inarrestabili, affrontando ogni sfida che la vita ti ha presentato. Col passare degli anni, hai coltivato un forte attaccamento al lavoro e alla famiglia, abbracciando valori importanti che hanno ispirato stima e affetto in chiunque ti abbia conosciuto. Guardando da fuori, non possiamo fare a meno di ammirare la tua tenacia e dedizione verso il <a class=\"dt-pswp-item\" href=\"https:\/\/www.radiopiu.net\/wordpress\/wp-content\/uploads\/2023\/07\/ff137535-efba-42fb-9eb9-0401b31136b9.jpg\" data-dt-img-description=\"\" data-large_image_width=\"720\" data-large_image_height=\"1600\"><img loading=\"lazy\" decoding=\"async\" class=\" wp-image-346592 alignright\" src=\"https:\/\/www.radiopiu.net\/wordpress\/wp-content\/uploads\/2023\/07\/ff137535-efba-42fb-9eb9-0401b31136b9-135x300.jpg\" alt=\"\" width=\"108\" height=\"240\" srcset=\"https:\/\/www.radiopiu.net\/wordpress\/wp-content\/uploads\/2023\/07\/ff137535-efba-42fb-9eb9-0401b31136b9-135x300.jpg 135w, https:\/\/www.radiopiu.net\/wordpress\/wp-content\/uploads\/2023\/07\/ff137535-efba-42fb-9eb9-0401b31136b9-461x1024.jpg 461w, https:\/\/www.radiopiu.net\/wordpress\/wp-content\/uploads\/2023\/07\/ff137535-efba-42fb-9eb9-0401b31136b9-691x1536.jpg 691w, https:\/\/www.radiopiu.net\/wordpress\/wp-content\/uploads\/2023\/07\/ff137535-efba-42fb-9eb9-0401b31136b9.jpg 720w\" sizes=\"auto, (max-width: 108px) 100vw, 108px\" \/><\/a>raggiungimento dei tuoi obiettivi. Tuttavia, la tua vita \u00e8 stata percossa duramente dalla perdita di pap\u00e0 Vittorio &#8220;Fritol&#8221; fondatore dell&#8217;azienda diventata oggi esempio di imprenditorialit\u00e0 agordina,\u00a0 del tuo fratellino, dolori immensi che nessuno dovrebbe mai dover affrontare e non\u00a0 mi addentro\u00a0 ulteriormente nei tuoi sentimenti pi\u00f9 privati e vicende di vita, poich\u00e9 la sofferenza \u00e8 una ferita intima che\u00a0 \u00e8 difficile da condividere.\u00a0 Che tu possa trovare la pace interiore, che la vita ti ridia ci\u00f2 che ti ha tolto.\u00a0 Ai tuoi cari, alla tua preziosa famiglia a tua moglie Ivana, ai tuoi figli Martina, Gabriele e Nicole, a tuo fratello Angelo, alla sorella Anna e a tutti i parenti, desideriamo inviare un messaggio commosso e carico di emozioni. La solidariet\u00e0 e l&#8217;amore possono essere un faro nella bufera, certo che troverete conforto l&#8217;uno nell&#8217;altro. Caro Dario, la tua storia rimane ad\u00a0 esempio di forza e resilienza.<\/p>\n<p><strong>mirko mezzacasa\u00a0\u00a0<\/strong><\/p>\n<p>Il sindaco Ezio Zuanel, l&#8217;amministrazione comunale sono vicini alla famiglia Lena in un commosso e solidale abbraccio<\/p>\n<p>&nbsp;<\/p>\n<hr \/>\n<p>&nbsp;<\/p>\n<blockquote>\n<h3>PRECIPITA E PERDE LA VITA SULLE TOFANE<\/h3>\n<\/blockquote>\n<p><strong><img loading=\"lazy\" decoding=\"async\" class=\"alignleft\" src=\"https:\/\/www.radiopiu.net\/wordpress\/wp-content\/uploads\/2022\/09\/309142707_771246390814523_5693451179006834112_n.jpg\" width=\"145\" height=\"86\" \/>CORTINA\u00a0<\/strong> Ieri sera il Soccorso alpino \u00e8 intervenuto sulle Tofane per un alpinista precipitato durante l&#8217;arrampicata insieme ad altri compagni. Un brutto volo per l&#8217;uomo per il quale non c&#8217;\u00e8 stato nulla da fare: \u00e8 morto sul colpo. Purtroppo i soccorritori non hanno avuto la possibilit\u00e0 di recuperare il corpo, le operazioni\u00a0 riprenderanno stamane.\u00a0L&#8217;alpinista stava arrampicando lungo la via Eotvos Dimai insieme ad altre persone quando qualcosa gli ha fatto perdere gli appigli ed \u00e8 volato gi\u00f9. Si sono mossi sia il Soccorso alpino di Cortina con le squadre, sia il Sagf della guardia di Finanza ampezzana, quindi l&#8217;elicottero del Suem.<\/p>\n<div id=\"articleContent\" class=\"mercuryWrapper\">\n<div class=\"mercuryScroller\">\n<div class=\"mercuryElement\">\n<div class=\"mercuryBox\">\n<div id=\"articlePlain\"><strong>notizia della notte, aggiornamenti in mattinata<\/strong><\/div>\n<\/div>\n<\/div>\n<\/div>\n<\/div>\n<\/div>\n<\/div>\n<\/div>\n<\/div>\n<\/div>\n<\/div>\n<\/div>\n<\/div>\n<\/div>\n<\/div>\n<p>&nbsp;<\/p>\n<hr \/>\n<p>&nbsp;<\/p>\n<p><strong>\u00a0 OGGI I FUNERALI DI ANGELO, IL VOLTO NOTO DEL &#8220;PIACERE&#8221;<\/strong><\/p>\n<p><a class=\"dt-pswp-item\" href=\"https:\/\/www.radiopiu.net\/wordpress\/wp-content\/uploads\/2023\/07\/Senza-nome-97.png\" data-dt-img-description=\"\" data-large_image_width=\"216\" data-large_image_height=\"136\"><img loading=\"lazy\" decoding=\"async\" class=\"size-full wp-image-346647 alignleft\" src=\"https:\/\/www.radiopiu.net\/wordpress\/wp-content\/uploads\/2023\/07\/Senza-nome-97.png\" alt=\"\" width=\"216\" height=\"136\" \/><\/a>BELLUNO \u00a0Angelo Orzes era stato tra i fondatori dell&#8217;enoteca Il Piacere negli anni Ottanta. Lo si \u00e8 trovato per diverso tempo, nello storico locale in fondo a via Mezzaterra, prima che passasse la mano e cambiasse la gestione. Orzes \u00e8 morto venerd\u00ec. Aveva 85 anni e lascia il figlio Alessandro con Federica, oltre ai nipoti Edoardo e Guglielmo, Marisa e i fratelli. I funerali si svolgono stamattina, alle 11, nella chiesa arcipretale di Cadola.<\/p>\n<p>&nbsp;<\/p>\n<hr \/>\n<p>&nbsp;<\/p>\n<blockquote>\n<h3>IL CORPO RITROVATO IN RIVA AL PIAVE HA UN NOME<\/h3>\n<\/blockquote>\n<p><strong>BELLUNO <\/strong>Il corpo dell&#8221;uomo ritrovato morto in riva al piave ha un nome: Giovanni Zagonel,\u00a0 pensionato di 71 anni residente a Belluno, originario del Primiero di Transacqua. E&#8217; stato recuperato dai vigili del fuoco. La magistratura ha disposto l&#8217;autopsia per scoprire con certezza le cause della morte.\u00a0 Le ipotesi sulle cause della morte rimangono apertee. Era conosciuto come una persona solitaria, ma appassionata di biciclette che spesso si vedeva in giro per la citt\u00e0. Il corpo \u00e8 stato rinvenuto da un passante vicino al campo sportivo dell&#8217;Unione sportiva Piave, che ha allertato i soccorsi.<\/p>\n<p>&nbsp;<\/p>\n<hr \/>\n<blockquote>\n<h2><strong>\u00a0<\/strong><\/h2>\n<h2><strong>FIBRA OPENFIBER IN BLACKOUT\u00a0<\/strong><\/h2>\n<\/blockquote>\n<p><strong>\u00a0<\/strong><strong>REDAZIONE<\/strong> Da sabato sera sera alle 19:45 gli utenti collegati alla fibra ottica OpenFiber non hanno segnale. Da Gosaldo a Canale D&#8217;Agordo fino a Falcade internet non funziona. Un guasto causato dalla rete di trasporto dell&#8217;operatore. Al momento non si hanno tempistiche sulla riparazione. <strong>LIVINALLONGO<\/strong> Tutti i numeri fissi di telecom di arabba Down da ieri mattina.<\/p>\n<p>&nbsp;<\/p>\n<hr \/>\n<p>&nbsp;<\/p>\n<div class=\"page-title-head hgroup\">\n<blockquote>\n<h3 class=\"entry-title\">GRAVE MALORE AL RIFUGIO PADOVA, DONNA VICENTINA RITROVATA A LAMON<\/h3>\n<\/blockquote>\n<\/div>\n<div class=\"page-title-breadcrumbs\">\n<p><strong>DOMEGGE DI CADORE<\/strong>\u00a0 Un uomo colto da malore sulla strada non distante dal Rifugio Padova. Il 55enne di Cordignano (TV), stava rientrando da un&#8217;escursione quando si \u00e8 accasciato al suolo, \u00e8 stato trasportato in gravi condizioni all&#8217;ospedale di Belluno.<\/p>\n<div dir=\"auto\"><strong>LAMON<\/strong> \u00c8 fortunatamente cessata\u00a0 nel pomeriggio di ieri la preoccupazione per una donna vicentina persa di vista dal compagno di gita in localit\u00e0 Arina, \u00e8 stata rintracciata mentre stava rientrando.<\/div>\n<div dir=\"auto\"><\/div>\n<div dir=\"auto\"><strong>ALLEGHE<\/strong> Due volontari del Soccorso alpino di Alleghe casualmente sul posto hanno infine dato\u00a0 supporto al personale dell&#8217;ambulanza ai Piani di Pezz\u00e8, dove un turista francese di 77 anni si era procurato un probabile trauma alla caviglia. Stesso trauma per un un 53enne di Volpago del Montello (TV) a Cortina e per un 66enne di Ravenna a Pian de la Bela Freina a Livinallongo.<\/div>\n<div dir=\"auto\"><\/div>\n<\/div>\n<p><strong>COMELICO SUPERIORE <\/strong>Una 47enne austriaca\u00a0 \u00e8 caduta con la mountain bike sul sentiero 148. Imbarcata in elicottero \u00e8 stata trasportata all&#8217;ospedale di San Candido.<\/p>\n<p><strong>CORTINA<\/strong> Malore al Rifugio Vandelli per\u00a0 un turista della Repubblica Ceca di 42 anni, trasportato per accertamenti a Cortina.<\/p>\n<p>&nbsp;<\/p>\n<p>&nbsp;<\/p>\n<hr \/>\n<p>&nbsp;<\/p>\n<blockquote>\n<h3>CANE CADE IN UNA SCARPATA. SALVATO DAI VIGILI DEL FUOCO<\/h3>\n<\/blockquote>\n<p><strong>CASTELLAVAZZO<\/strong> Chicco, un cane pinscher caduto in una scarpata in localit\u00e0 Codissago nel comune di Castellavazzo, \u00e8 stato salvato nel pomeriggio dai Vigili del Fuoco. L\u2019animale forse per rincorrere un animaletto era caduto in una impervia scarpata non riuscendo pi\u00f9 risalire. I vigili del fuoco di Belluno e i volontari di Longarone hanno predisposto una calata e il recupero di un operatore che ha portato in salvo l\u2019animale sano e salvo. Chicco \u00e8 stato subito riconsegnato al felice padrone.<\/p>\n\n\t\t\t<style type='text\/css'>\n\t\t\t\t#gallery-1 {\n\t\t\t\t\tmargin: auto;\n\t\t\t\t}\n\t\t\t\t#gallery-1 .gallery-item {\n\t\t\t\t\tfloat: left;\n\t\t\t\t\tmargin-top: 10px;\n\t\t\t\t\ttext-align: center;\n\t\t\t\t\twidth: 33%;\n\t\t\t\t}\n\t\t\t\t#gallery-1 img {\n\t\t\t\t\tborder: 2px solid #cfcfcf;\n\t\t\t\t}\n\t\t\t\t#gallery-1 .gallery-caption {\n\t\t\t\t\tmargin-left: 0;\n\t\t\t\t}\n\t\t\t\t\/* see gallery_shortcode() in wp-includes\/media.php *\/\n\t\t\t<\/style>\n\t\t<div id='gallery-1' class='dt-gallery-container gallery galleryid-346359 gallery-columns-3 gallery-size-thumbnail'><dl class='gallery-item'>\n\t\t\t\t<dt class='gallery-icon portrait'>\n\t\t\t\t\t<a class=\"rollover rollover-zoom dt-pswp-item\" title=\"0d2eb733-bb22-4958-95b7-17ee4913efec\" data-dt-img-description=\"\" data-large_image_width=\"960\" data-large_image_height=\"1280\"href='https:\/\/www.radiopiu.net\/wordpress\/wp-content\/uploads\/2023\/07\/0d2eb733-bb22-4958-95b7-17ee4913efec.jpg'><img loading=\"lazy\" decoding=\"async\" width=\"150\" height=\"150\" src=\"https:\/\/www.radiopiu.net\/wordpress\/wp-content\/uploads\/2023\/07\/0d2eb733-bb22-4958-95b7-17ee4913efec-150x150.jpg\" class=\"attachment-thumbnail size-thumbnail\" alt=\"\" \/><\/a>\n\t\t\t\t<\/dt><\/dl><dl class='gallery-item'>\n\t\t\t\t<dt class='gallery-icon portrait'>\n\t\t\t\t\t<a class=\"rollover rollover-zoom dt-pswp-item\" title=\"ba406ba7-5731-4a65-9d94-03a01e3a73b4\" data-dt-img-description=\"\" data-large_image_width=\"960\" data-large_image_height=\"1280\"href='https:\/\/www.radiopiu.net\/wordpress\/wp-content\/uploads\/2023\/07\/ba406ba7-5731-4a65-9d94-03a01e3a73b4.jpg'><img loading=\"lazy\" decoding=\"async\" width=\"150\" height=\"150\" src=\"https:\/\/www.radiopiu.net\/wordpress\/wp-content\/uploads\/2023\/07\/ba406ba7-5731-4a65-9d94-03a01e3a73b4-150x150.jpg\" class=\"attachment-thumbnail size-thumbnail\" alt=\"\" \/><\/a>\n\t\t\t\t<\/dt><\/dl><dl class='gallery-item'>\n\t\t\t\t<dt class='gallery-icon portrait'>\n\t\t\t\t\t<a class=\"rollover rollover-zoom dt-pswp-item\" title=\"e2eeeca9-e9ae-418c-8c80-16b5c3a24960\" data-dt-img-description=\"\" data-large_image_width=\"961\" data-large_image_height=\"1280\"href='https:\/\/www.radiopiu.net\/wordpress\/wp-content\/uploads\/2023\/07\/e2eeeca9-e9ae-418c-8c80-16b5c3a24960.jpg'><img loading=\"lazy\" decoding=\"async\" width=\"150\" height=\"150\" src=\"https:\/\/www.radiopiu.net\/wordpress\/wp-content\/uploads\/2023\/07\/e2eeeca9-e9ae-418c-8c80-16b5c3a24960-150x150.jpg\" class=\"attachment-thumbnail size-thumbnail\" alt=\"\" \/><\/a>\n\t\t\t\t<\/dt><\/dl><br style=\"clear: both\" \/>\n\t\t\t<\/div>\n\n<p>&nbsp;<\/p>\n<p>&nbsp;<\/p>\n<p>&nbsp;<\/p>\n<hr \/>\n<p>&nbsp;<\/p>\n<blockquote>\n<h3>CENTRALE SUL LIERA: UNA STORIA INFINITA<\/h3>\n<\/blockquote>\n<p><strong><a class=\"dt-pswp-item\" href=\"https:\/\/www.radiopiu.net\/wordpress\/wp-content\/uploads\/2020\/07\/LIERA.jpg\" data-dt-img-description=\"\" data-large_image_width=\"960\" data-large_image_height=\"540\"><img loading=\"lazy\" decoding=\"async\" class=\" wp-image-149645 alignleft\" src=\"https:\/\/www.radiopiu.net\/wordpress\/wp-content\/uploads\/2020\/07\/LIERA-300x169.jpg\" alt=\"\" width=\"202\" height=\"114\" srcset=\"https:\/\/www.radiopiu.net\/wordpress\/wp-content\/uploads\/2020\/07\/LIERA-300x169.jpg 300w, https:\/\/www.radiopiu.net\/wordpress\/wp-content\/uploads\/2020\/07\/LIERA-768x432.jpg 768w, https:\/\/www.radiopiu.net\/wordpress\/wp-content\/uploads\/2020\/07\/LIERA.jpg 960w\" sizes=\"auto, (max-width: 202px) 100vw, 202px\" \/><\/a>CANALE D&#8217;AGORDO<\/strong><\/p>\n<p>di Gianni Santomaso<\/p>\n<audio class=\"wp-audio-shortcode\" id=\"audio-346359-1\" preload=\"none\" style=\"width: 100%;\" controls=\"controls\"><source type=\"audio\/mpeg\" src=\"https:\/\/www.radiopiu.net\/wordpress\/wp-content\/uploads\/2023\/07\/GIANNI-CENTRALINA-LIERA.mp3?_=1\" \/><a href=\"https:\/\/www.radiopiu.net\/wordpress\/wp-content\/uploads\/2023\/07\/GIANNI-CENTRALINA-LIERA.mp3\">https:\/\/www.radiopiu.net\/wordpress\/wp-content\/uploads\/2023\/07\/GIANNI-CENTRALINA-LIERA.mp3<\/a><\/audio>\n<p>&nbsp;<\/p>\n<p>&nbsp;<\/p>\n<p>&nbsp;<\/p>\n<hr \/>\n<p>&nbsp;<\/p>\n<p>&nbsp;<\/p>\n<h2><span style=\"color: #ff00ff;\">LA RASSEGNA STAMPA DA L&#8217;AMICO DEL POPOLO<\/span><\/h2>\n<p><strong><a class=\"dt-pswp-item\" href=\"https:\/\/www.radiopiu.net\/wordpress\/wp-content\/uploads\/2023\/07\/SCR-20230729-qytp.jpeg\" data-dt-img-description=\"\" data-large_image_width=\"780\" data-large_image_height=\"564\"><img loading=\"lazy\" decoding=\"async\" class=\" wp-image-346477 alignleft\" src=\"https:\/\/www.radiopiu.net\/wordpress\/wp-content\/uploads\/2023\/07\/SCR-20230729-qytp-300x217.jpeg\" alt=\"\" width=\"178\" height=\"129\" srcset=\"https:\/\/www.radiopiu.net\/wordpress\/wp-content\/uploads\/2023\/07\/SCR-20230729-qytp-300x217.jpeg 300w, https:\/\/www.radiopiu.net\/wordpress\/wp-content\/uploads\/2023\/07\/SCR-20230729-qytp-768x555.jpeg 768w, https:\/\/www.radiopiu.net\/wordpress\/wp-content\/uploads\/2023\/07\/SCR-20230729-qytp.jpeg 780w\" sizes=\"auto, (max-width: 178px) 100vw, 178px\" \/><\/a>DI GIANNI SANTOMASO<\/strong><\/p>\n<p>OSPITE: Maria Vittoria Vittori<\/p>\n<audio class=\"wp-audio-shortcode\" id=\"audio-346359-2\" preload=\"none\" style=\"width: 100%;\" controls=\"controls\"><source type=\"audio\/mpeg\" src=\"https:\/\/www.radiopiu.net\/wordpress\/wp-content\/uploads\/2023\/07\/RASSEGNA-GIANNI-4.mp3?_=2\" \/><a href=\"https:\/\/www.radiopiu.net\/wordpress\/wp-content\/uploads\/2023\/07\/RASSEGNA-GIANNI-4.mp3\">https:\/\/www.radiopiu.net\/wordpress\/wp-content\/uploads\/2023\/07\/RASSEGNA-GIANNI-4.mp3<\/a><\/audio>\n<p>&nbsp;<\/p>\n<p>&nbsp;<\/p>\n<p>&nbsp;<\/p>\n<hr \/>\n<p>&nbsp;<\/p>\n<blockquote>\n<h3>OSCAR DE BONA: &#8220;ZAIA MEGLIO FACEVA SE VENIVA IN MONTAGNA&#8221;<\/h3>\n<\/blockquote>\n<p><strong>REDAZIONE<\/strong> Si \u00e8 svolta a San Tomaso la premiazione del 25\u00b0 Pelmo D&#8217;Oro. Tra i premiati anche il presidente dell&#8217;Associazione Bellunesi nel Mondo Osca De Bona che ne suo discorso di ringraziamento non ha esitato a criticare il Presidente della Regione Veneto Luca Zaia che non si \u00e8 presentato all&#8217;Arena 1082 lasciando il testimone a Silvia Cestaro, consigliera regionale.<\/p>\n<p><strong>OSCAR DE BONA<\/strong><\/p>\n<audio class=\"wp-audio-shortcode\" id=\"audio-346359-3\" preload=\"none\" style=\"width: 100%;\" controls=\"controls\"><source type=\"audio\/mpeg\" src=\"https:\/\/www.radiopiu.net\/wordpress\/wp-content\/uploads\/2023\/07\/OSCAR-DE-BONA.mp3?_=3\" \/><a href=\"https:\/\/www.radiopiu.net\/wordpress\/wp-content\/uploads\/2023\/07\/OSCAR-DE-BONA.mp3\">https:\/\/www.radiopiu.net\/wordpress\/wp-content\/uploads\/2023\/07\/OSCAR-DE-BONA.mp3<\/a><\/audio>\n<p>&nbsp;<\/p>\n<blockquote>\n<h3>IL 25\u00b0 PELMO D&#8217;ORO A SAN TOMASO<\/h3>\n<\/blockquote>\n<p><span style=\"color: #ff0000;\"><strong>LA DIRETTA RADIO PIU&#8217;<\/strong><\/span><\/p>\n<p><iframe loading=\"lazy\" title=\"25\u00b0 Premio Pelmo d&#039;Oro - San Tomaso Agordino - Arena 1082\" width=\"1200\" height=\"675\" src=\"https:\/\/www.youtube.com\/embed\/RTuJ6ZbYVMg?feature=oembed\" frameborder=\"0\" allow=\"accelerometer; autoplay; clipboard-write; encrypted-media; gyroscope; picture-in-picture; web-share\" allowfullscreen><\/iframe><\/p>\n<p>&nbsp;<\/p>\n<hr \/>\n<p>&nbsp;<\/p>\n<blockquote>\n<h3>ATTIVATO UN CORSO DI LAUREA INFORMATICA A BELLUNO<\/h3>\n<\/blockquote>\n<p><strong>BELLUNO<\/strong> Il rettore dell&#8217;Universit\u00e0 di Verona, Pier Francesco Nocini, si \u00e8 incontrato con rappresentanti di Confindustria Dolomiti Belluno, la Fondazione Centro Studi Tiziano e Cadore, la Consigliera regionale del Veneto e l&#8217;assessora alla scuola del Comune di Belluno per discutere del calo demografico e dell&#8217;invecchiamento della popolazione nel territorio bellunese. Al fine di affrontare questa sfida, l&#8217;Universit\u00e0 di Verona sta progettando un nuovo corso di laurea triennale per fornire competenze informatiche e sostenere lo sviluppo del territorio. Il corso punta a formare professionisti capaci di operare in vari settori, tra cui la progettazione e gestione di sistemi informatici, contribuendo cos\u00ec a promuovere lo sviluppo locale e internazionale.<\/p>\n<p><strong>IL SINDACO DI BELLUNO OSCAR DE PELLEGRIN<\/strong><\/p>\n<p><iframe loading=\"lazy\" title=\"DE PELLEGRIN UNIVERSITA VERONA\" width=\"1200\" height=\"675\" src=\"https:\/\/www.youtube.com\/embed\/hnCDKi-H1Lc?feature=oembed\" frameborder=\"0\" allow=\"accelerometer; autoplay; clipboard-write; encrypted-media; gyroscope; picture-in-picture; web-share\" allowfullscreen><\/iframe><\/p>\n<p>&nbsp;<\/p>\n<hr \/>\n<p>&nbsp;<\/p>\n<div class=\"page-title-head hgroup\">\n<blockquote>\n<h3 class=\"entry-title\">SILVANO SAVIO \u201cMI SONO INTERESSATO DELLA PULIZIA DELL\u2019ALVEO DEL ROVA.<\/h3>\n<\/blockquote>\n<\/div>\n<div class=\"page-title-breadcrumbs\">\n<div dir=\"auto\"><strong>AGORDO\u00a0<\/strong> Il Torrente Rova nel passato \u00e8 stato interessato da operazioni di pulizia, limitatamente nell&#8217;ultimo tratto dal ponte all&#8217;altezza della piscina fino alla foce, per ben due volte, su mio suggerimento e da privato cittadino. Nel 2010 l&#8217;alveo era interessato da una fitta vegetazione con piante che superavano l&#8217;altezza di 15 metri e costituivano un pericolo idrogeologico, oltre ad una degradante visione paesaggistica. Mi sono personalmente interessato presso la locale Protezione Civile per suggerire un intervento, operazione che \u00e8 stata eseguita in breve tempo, in collaborazione con altre sezioni della Protezione Civile della Sinistra Piave che era stata programmata da tempo. Dopo due anni, nel 2012, la vegetazione aveva gi\u00e0 preso il sopravvento ed era evidente la necessit\u00e0 di un&#8217;operazione pi\u00f9 incisiva attraverso non solo la rimozione della vegetazione ma anche delle ceppaie. Cos\u00ec ho provveduto a scrivere ai Servizi Forestali Regionali ed all&#8217;amministrazione Comunale.<\/div>\n<div dir=\"auto\">Di l\u00ec a qualche mese sono iniziati i lavori da me suggeriti, con un investimento di 200mila euro. Poi ci ha pensato Vaia a dare un bella ripulita.<\/div>\n<div dir=\"auto\"><strong>Silvano Savio<\/strong><\/div>\n<div dir=\"auto\"><\/div>\n<\/div>\n<p>&nbsp;<\/p>\n<p>&nbsp;<\/p>\n<hr \/>\n<blockquote>\n<h3>DILLO A RADIO PIU&#8217;&#8230;ANDARE ALL&#8217;ECOCENTRO MA RIENTRARE SENZA POTER SCARICARE<\/h3>\n<\/blockquote>\n<p><strong>REDAZIONE<\/strong> Ecocentro di Agordo con i container carichi di spazzatura. Riceviamo e pubblichiamo alcune considerazioni di un nostro ascoltatore.<\/p>\n<blockquote><p><em>Bello il nuovo ecocentro ma almeno oggi inutilizzabile e si torna a casa a meno che non ci si comporti all&#8217;italiana&#8230;quasi quasi obbligati. Plastica e legno, ingombranti, e tutte e due i contenitori del cartone carichi.<\/em><\/p><\/blockquote>\n\n\t\t\t<style type='text\/css'>\n\t\t\t\t#gallery-2 {\n\t\t\t\t\tmargin: auto;\n\t\t\t\t}\n\t\t\t\t#gallery-2 .gallery-item {\n\t\t\t\t\tfloat: left;\n\t\t\t\t\tmargin-top: 10px;\n\t\t\t\t\ttext-align: center;\n\t\t\t\t\twidth: 33%;\n\t\t\t\t}\n\t\t\t\t#gallery-2 img {\n\t\t\t\t\tborder: 2px solid #cfcfcf;\n\t\t\t\t}\n\t\t\t\t#gallery-2 .gallery-caption {\n\t\t\t\t\tmargin-left: 0;\n\t\t\t\t}\n\t\t\t\t\/* see gallery_shortcode() in wp-includes\/media.php *\/\n\t\t\t<\/style>\n\t\t<div id='gallery-2' class='dt-gallery-container gallery galleryid-346359 gallery-columns-3 gallery-size-medium'><dl class='gallery-item'>\n\t\t\t\t<dt class='gallery-icon landscape'>\n\t\t\t\t\t<a class=\"rollover rollover-zoom dt-pswp-item\" title=\"5978097a-5d39-4675-91dc-34b6f75636d5\" data-dt-img-description=\"\" data-large_image_width=\"2000\" data-large_image_height=\"900\"href='https:\/\/www.radiopiu.net\/wordpress\/wp-content\/uploads\/2023\/07\/5978097a-5d39-4675-91dc-34b6f75636d5.jpg'><img loading=\"lazy\" decoding=\"async\" width=\"300\" height=\"135\" src=\"https:\/\/www.radiopiu.net\/wordpress\/wp-content\/uploads\/2023\/07\/5978097a-5d39-4675-91dc-34b6f75636d5-300x135.jpg\" class=\"attachment-medium size-medium\" alt=\"\" srcset=\"https:\/\/www.radiopiu.net\/wordpress\/wp-content\/uploads\/2023\/07\/5978097a-5d39-4675-91dc-34b6f75636d5-300x135.jpg 300w, https:\/\/www.radiopiu.net\/wordpress\/wp-content\/uploads\/2023\/07\/5978097a-5d39-4675-91dc-34b6f75636d5-1024x461.jpg 1024w, https:\/\/www.radiopiu.net\/wordpress\/wp-content\/uploads\/2023\/07\/5978097a-5d39-4675-91dc-34b6f75636d5-768x346.jpg 768w, https:\/\/www.radiopiu.net\/wordpress\/wp-content\/uploads\/2023\/07\/5978097a-5d39-4675-91dc-34b6f75636d5-1536x691.jpg 1536w, https:\/\/www.radiopiu.net\/wordpress\/wp-content\/uploads\/2023\/07\/5978097a-5d39-4675-91dc-34b6f75636d5.jpg 2000w\" sizes=\"auto, (max-width: 300px) 100vw, 300px\" \/><\/a>\n\t\t\t\t<\/dt><\/dl><dl class='gallery-item'>\n\t\t\t\t<dt class='gallery-icon landscape'>\n\t\t\t\t\t<a class=\"rollover rollover-zoom dt-pswp-item\" title=\"2535caa1-ed88-4c26-b50f-09db6262dc90\" data-dt-img-description=\"\" data-large_image_width=\"2000\" data-large_image_height=\"900\"href='https:\/\/www.radiopiu.net\/wordpress\/wp-content\/uploads\/2023\/07\/2535caa1-ed88-4c26-b50f-09db6262dc90.jpg'><img loading=\"lazy\" decoding=\"async\" width=\"300\" height=\"135\" src=\"https:\/\/www.radiopiu.net\/wordpress\/wp-content\/uploads\/2023\/07\/2535caa1-ed88-4c26-b50f-09db6262dc90-300x135.jpg\" class=\"attachment-medium size-medium\" alt=\"\" srcset=\"https:\/\/www.radiopiu.net\/wordpress\/wp-content\/uploads\/2023\/07\/2535caa1-ed88-4c26-b50f-09db6262dc90-300x135.jpg 300w, https:\/\/www.radiopiu.net\/wordpress\/wp-content\/uploads\/2023\/07\/2535caa1-ed88-4c26-b50f-09db6262dc90-1024x461.jpg 1024w, https:\/\/www.radiopiu.net\/wordpress\/wp-content\/uploads\/2023\/07\/2535caa1-ed88-4c26-b50f-09db6262dc90-768x346.jpg 768w, https:\/\/www.radiopiu.net\/wordpress\/wp-content\/uploads\/2023\/07\/2535caa1-ed88-4c26-b50f-09db6262dc90-1536x691.jpg 1536w, https:\/\/www.radiopiu.net\/wordpress\/wp-content\/uploads\/2023\/07\/2535caa1-ed88-4c26-b50f-09db6262dc90.jpg 2000w\" sizes=\"auto, (max-width: 300px) 100vw, 300px\" \/><\/a>\n\t\t\t\t<\/dt><\/dl><dl class='gallery-item'>\n\t\t\t\t<dt class='gallery-icon landscape'>\n\t\t\t\t\t<a class=\"rollover rollover-zoom dt-pswp-item\" title=\"3a900f74-dea2-4ded-b6e7-b37b1de1d330\" data-dt-img-description=\"\" data-large_image_width=\"2000\" data-large_image_height=\"900\"href='https:\/\/www.radiopiu.net\/wordpress\/wp-content\/uploads\/2023\/07\/3a900f74-dea2-4ded-b6e7-b37b1de1d330.jpg'><img loading=\"lazy\" decoding=\"async\" width=\"300\" height=\"135\" src=\"https:\/\/www.radiopiu.net\/wordpress\/wp-content\/uploads\/2023\/07\/3a900f74-dea2-4ded-b6e7-b37b1de1d330-300x135.jpg\" class=\"attachment-medium size-medium\" alt=\"\" srcset=\"https:\/\/www.radiopiu.net\/wordpress\/wp-content\/uploads\/2023\/07\/3a900f74-dea2-4ded-b6e7-b37b1de1d330-300x135.jpg 300w, https:\/\/www.radiopiu.net\/wordpress\/wp-content\/uploads\/2023\/07\/3a900f74-dea2-4ded-b6e7-b37b1de1d330-1024x461.jpg 1024w, https:\/\/www.radiopiu.net\/wordpress\/wp-content\/uploads\/2023\/07\/3a900f74-dea2-4ded-b6e7-b37b1de1d330-768x346.jpg 768w, https:\/\/www.radiopiu.net\/wordpress\/wp-content\/uploads\/2023\/07\/3a900f74-dea2-4ded-b6e7-b37b1de1d330-1536x691.jpg 1536w, https:\/\/www.radiopiu.net\/wordpress\/wp-content\/uploads\/2023\/07\/3a900f74-dea2-4ded-b6e7-b37b1de1d330.jpg 2000w\" sizes=\"auto, (max-width: 300px) 100vw, 300px\" \/><\/a>\n\t\t\t\t<\/dt><\/dl><br style=\"clear: both\" \/>\n\t\t\t<\/div>\n\n<p>&nbsp;<\/p>\n<hr \/>\n<p>&nbsp;<\/p>\n<blockquote>\n<h3>PUBBLICATO IL BANDO PER IL BONUS CENTRI ESTIVI<\/h3>\n<\/blockquote>\n<p><strong>CALALZO\u00a0 <\/strong>\u00c8 online il bando del Comune di Calalzo di Cadore per il \u201cbonus centri estivi\u201d:l&#8217;iniziativa pu\u00f2 contare su un fondo complessivo da 9500 euro ed andr\u00e0 a coprire in maniera parziale le spese sostenute dalle famiglie per l&#8217;iscrizione dei ragazzi a centri estivi e campi sportivi nel periodo tra giugno e agosto 2023. Possono partecipare al bando le famiglie residenti nel territorio del comune di Calalzo di Cadore; i minori interessati devono avere tra i 3 e i 16 anni di et\u00e0; priorit\u00e0 verr\u00e0 data alle richieste di contributo per iscrizione a centri e campi organizzati nel territorio calaltino. Il contributo sar\u00e0 pari a 35 euro a settimana, per un massimo di sei settimane, e permetter\u00e0 di affrontare la spesa sostenuta per l\u2019iscrizione, la quota di frequenza e il costo del pasto<\/p>\n<p>&nbsp;<\/p>\n<p>&nbsp;<\/p>\n<hr \/>\n<p>&nbsp;<\/p>\n<blockquote>\n<h3>CONSIGLI COMUNALI<\/h3>\n<\/blockquote>\n<p><strong>CENCENIGHE<\/strong> Oggi alle 19\u00a0 il consiglio comunale approva il\u00a0 DUP <strong>SELVA DI CADORE<\/strong> Oggi alle 18:30. Si parler\u00e0 dell&#8217;adozione primo piano di interventi <strong>AGORDO<\/strong> Oggi alle 19 approvazione della convenzione per l&#8217;affidamento del servizio di tesoreria.\u00a0 <strong>AGORDO\u00a0<\/strong>Il presidente dell&#8217;Unione Montana Agordina Paolo Frena ha convocato il consiglio per oggi alle 20:30 in sala Don Tamis anche per\u00a0 l&#8217;approvazione dello schema di convenzione relativo al supporto nella stesura di negozi giuridici <strong>FALCADE<\/strong> Giovedi 3 agosto alle 20 nel consiglio convocato dal sindaco Mauro Salvaterra variazioni al bilancio, dup, convenzioni <strong>TAIBON<\/strong> Giovedi consiglio comunale alle 18, all&#8217;ordine del giorno anche l&#8217;individuazione zona di degrado per il recupero del patrimonio edilizio in localit\u00e0 Col Carrera.<\/p>\n<p>&nbsp;<\/p>\n<blockquote>\n<h3>CONSIGLI COMUNALI DI TAIBON E FALCADE<\/h3>\n<\/blockquote>\n<p><strong>DI GIANNI SANTOMASO<\/strong><\/p>\n<audio class=\"wp-audio-shortcode\" id=\"audio-346359-4\" preload=\"none\" style=\"width: 100%;\" controls=\"controls\"><source type=\"audio\/mpeg\" src=\"https:\/\/www.radiopiu.net\/wordpress\/wp-content\/uploads\/2023\/07\/GIANNI-CONSIGLIO-TAIBON-E-FALCADE.mp3?_=4\" \/><a href=\"https:\/\/www.radiopiu.net\/wordpress\/wp-content\/uploads\/2023\/07\/GIANNI-CONSIGLIO-TAIBON-E-FALCADE.mp3\">https:\/\/www.radiopiu.net\/wordpress\/wp-content\/uploads\/2023\/07\/GIANNI-CONSIGLIO-TAIBON-E-FALCADE.mp3<\/a><\/audio>\n<p>&nbsp;<\/p>\n<hr \/>\n<p>&nbsp;<\/p>\n<blockquote>\n<h3 class=\"entry-title\">LO STATO CENTRALE COMPRA, MA IN UN CASO SU TRE NON PAGA<\/h3>\n<\/blockquote>\n<p><strong class=\"photoswipe-wrapper\"><a class=\"dt-pswp-item pspw-wrap-ready\" href=\"https:\/\/www.radiopiu.net\/wordpress\/wp-content\/uploads\/2023\/07\/Schermata-2023-07-29-alle-10.00.16.png\" data-dt-img-description=\"\" data-large_image_width=\"1276\" data-large_image_height=\"1070\"><img loading=\"lazy\" decoding=\"async\" class=\"size-medium wp-image-346414 alignleft\" src=\"https:\/\/www.radiopiu.net\/wordpress\/wp-content\/uploads\/2023\/07\/Schermata-2023-07-29-alle-10.00.16-300x252.png\" sizes=\"auto, (max-width: 300px) 100vw, 300px\" srcset=\"https:\/\/www.radiopiu.net\/wordpress\/wp-content\/uploads\/2023\/07\/Schermata-2023-07-29-alle-10.00.16-300x252.png 300w, https:\/\/www.radiopiu.net\/wordpress\/wp-content\/uploads\/2023\/07\/Schermata-2023-07-29-alle-10.00.16-1024x859.png 1024w, https:\/\/www.radiopiu.net\/wordpress\/wp-content\/uploads\/2023\/07\/Schermata-2023-07-29-alle-10.00.16-768x644.png 768w, https:\/\/www.radiopiu.net\/wordpress\/wp-content\/uploads\/2023\/07\/Schermata-2023-07-29-alle-10.00.16.png 1276w\" alt=\"\" width=\"300\" height=\"252\" \/><\/a>NEL 2022 MANCATI PAGAMENTI ALLE IMPRESE VENETE PER 400 MILIONI DI EURO<\/strong><\/p>\n<p>A fronte di 20,2 miliardi di fatture ricevute nel 2022, l\u2019Amministrazione centrale dello Stato non ha pagato 5,4 miliardi di euro ai fornitori italiani. Di questo importo, stima la CGIA, almeno 400 milioni di euro potrebbero aver interessato le imprese venete che dopo aver emesso la fattura elettronica \u2013 per aver fornito del materiale, aver eseguito una manutenzione o realizzato un\u2019opera pubblica \u2013 non sono state saldate entro l\u2019anno.<\/p>\n<p>In altre parole, lo Stato centrale ha acquistato beni, servizi ed ha realizzato degli interventi infrastrutturali, ma poi non ha pagato in quasi un caso su tre. Con questa condotta ingiustificabile, l\u2019Amministrazione statale ha messo in difficolt\u00e0 moltissime imprese, soprattutto di piccola dimensione.<\/p>\n<p>In generale, comunque, va segnalato che nel Veneto, l\u2019Amministrazione regionale, le ASL e i nostri Comuni sono tra i pi\u00f9 virtuosi d\u2019Italia (vedi Tab.1). Purtroppo, i ritardi o mancati pagamenti penalizzano, in particolar modo, le nostre aziende che lavorano per lo Stato centrale e\/o per le realt\u00e0 periferiche del Mezzogiorno.<\/p>\n<p><strong>La denuncia \u00e8 sollevata dall\u2019Ufficio studi CGIA che ha elaborato i dati della Corte dei Conti.<\/strong><\/p>\n<p>Altres\u00ec, come ha sottolineato nella sua relazione la Corte dei Conti, nelle transazioni commerciali con le aziende private da qualche tempo la nostra Pubblica Amministrazione (PA) sta adottando una prassi che definire \u201cdiabolica\u201d \u00e8 forse riduttivo; liquida le fatture di importo maggiore entro i termini di legge, mantenendo cos\u00ec l\u2019Indice di Tempestivit\u00e0 dei Pagamenti (ITP) entro i limiti previsti dalla norma, ma ritarda intenzionalmente il saldo di quelle con importi minori, penalizzando, cos\u00ec, le imprese fornitrici di prestazioni di beni e servizi con volumi bassi; cio\u00e8 le piccole imprese.<\/p>\n<p>In Veneto lo stock dei debiti di parte corrente sfiora i 5 miliardi<br \/>\nTutta la nostra PA presenta un debito commerciale di parte corrente nei confronti dei propri fornitori, in gran parte Pmi, che nel 2022 ha toccato i 49,6 miliardi di euro; praticamente lo stesso livello che avevamo nel 2019, anno pre-pandemia (vedi Graf. 1). Di questo importo, almeno 5 miliardi potrebbero interessare le imprese del Veneto. Insomma, nonostante gli sforzi, la nostra PA continua a essere la peggiore pagatrice d\u2019Europa. Secondo Eurostat, infatti, nessun altro Paese in UE presenta uno score peggiore del nostro.<\/p>\n<p><strong class=\"photoswipe-wrapper\"><a class=\"dt-pswp-item pspw-wrap-ready\" href=\"https:\/\/www.radiopiu.net\/wordpress\/wp-content\/uploads\/2023\/07\/Schermata-2023-07-29-alle-10.00.29.png\" data-dt-img-description=\"\" data-large_image_width=\"1168\" data-large_image_height=\"954\"><img loading=\"lazy\" decoding=\"async\" class=\"size-medium wp-image-346413 alignleft\" src=\"https:\/\/www.radiopiu.net\/wordpress\/wp-content\/uploads\/2023\/07\/Schermata-2023-07-29-alle-10.00.29-300x245.png\" sizes=\"auto, (max-width: 300px) 100vw, 300px\" srcset=\"https:\/\/www.radiopiu.net\/wordpress\/wp-content\/uploads\/2023\/07\/Schermata-2023-07-29-alle-10.00.29-300x245.png 300w, https:\/\/www.radiopiu.net\/wordpress\/wp-content\/uploads\/2023\/07\/Schermata-2023-07-29-alle-10.00.29-1024x836.png 1024w, https:\/\/www.radiopiu.net\/wordpress\/wp-content\/uploads\/2023\/07\/Schermata-2023-07-29-alle-10.00.29-768x627.png 768w, https:\/\/www.radiopiu.net\/wordpress\/wp-content\/uploads\/2023\/07\/Schermata-2023-07-29-alle-10.00.29.png 1168w\" alt=\"\" width=\"300\" height=\"245\" \/><\/a>Siamo sempre pi\u00f9 nel mirino dell\u2019UE<\/strong><br \/>\nCon la sentenza pubblicata il 28 gennaio 2020, la Corte di Giustizia Europea ha affermato che l\u2019Italia ha violato l\u2019art. 4 della direttiva UE 2011\/7 sui tempi di pagamento nelle transazioni commerciali tra amministrazioni pubbliche e imprese private. Sebbene in questi ultimi anni i ritardi medi con cui vengono saldate le fatture in Italia siano in leggero calo, il 9 giugno 2021 la Commissione Europea ha avviato nei confronti del nostro Paese una nuova procedura di infrazione, sempre per la violazione della direttiva richiamata pi\u00f9 sopra, in relazione al noleggio di apparecchiature per le intercettazioni telefoniche e ambientali nel quadro delle indagini penali. Il 29 settembre 2022, invece, la Commissione ha aggravato la procedura di infrazione nei confronti dell\u2019Italia e, infine, ad aprile di quest\u2019anno, in relazione a una presunta violazione della Direttiva sui pagamenti a carico del sistema sanitario della regione Calabria, ci ha fatto pervenire una lettera di messa in mora.<\/p>\n<p><strong>Le imprese devono compensare i debiti fiscali con i crediti commerciali. Ora c\u2019\u00e8 una proposta di legge di iniziativa popolare<\/strong><br \/>\n<strong>Per risolvere questa annosa questione che sta mettendo a dura prova tantissime Pmi, per l\u2019Ufficio studi della CGIA c\u2019\u00e8 solo una cosa da fare: prevedere per legge la compensazione secca, diretta e universale tra i crediti certi liquidi ed esigibili maturati da una impresa nei confronti della PA e i debiti fiscali e contributivi che la stessa deve onorare all\u2019erario. Grazie a questo automatismo risolveremmo un problema che ci trasciniamo appresso da decenni. E finalmente, c\u2019\u00e8 la possibilit\u00e0 di arrivare a una definizione normativa in tempi, si spera, ragionevolmente brevi. I Radicali Italiani, infatti, da qualche giorno stanno raccogliendo le firme (anche on line) in tutto il Paese per proporre al Parlamento italiano una proposta di legge di iniziativa popolare che ricalca quanto suggerito dalla CGIA. Per saperne di pi\u00f9 sul sito dei Radicali Italiani e firmare la petizione:\u00a0<a href=\"https:\/\/raccoltafirme.cloud\/app\/user.html?codice=RADICALI_IMPRESE\">CLICCA QUI<\/a><\/strong><\/p>\n<p>&nbsp;<\/p>\n<p>&nbsp;<\/p>\n<hr \/>\n<p>&nbsp;<\/p>\n<div class=\"page-title-head hgroup\">\n<blockquote>\n<h3 class=\"entry-title\">L\u2019AMMINISTRAZIONE DI ALLEGHE PREMIA I TURISTI \u201cFEDELI\u201d<\/h3>\n<\/blockquote>\n<\/div>\n<div class=\"page-title-breadcrumbs\"><\/div>\n<p><a class=\"dt-pswp-item\" href=\"https:\/\/www.radiopiu.net\/wordpress\/wp-content\/uploads\/2023\/07\/91cbe9ba-059d-458a-9dbd-db4c8dcd0e45.jpg\" data-dt-img-description=\"\" data-large_image_width=\"1600\" data-large_image_height=\"1066\"><img loading=\"lazy\" decoding=\"async\" class=\"size-medium wp-image-346545 alignleft\" src=\"https:\/\/www.radiopiu.net\/wordpress\/wp-content\/uploads\/2023\/07\/91cbe9ba-059d-458a-9dbd-db4c8dcd0e45-300x200.jpg\" alt=\"\" width=\"300\" height=\"200\" srcset=\"https:\/\/www.radiopiu.net\/wordpress\/wp-content\/uploads\/2023\/07\/91cbe9ba-059d-458a-9dbd-db4c8dcd0e45-300x200.jpg 300w, https:\/\/www.radiopiu.net\/wordpress\/wp-content\/uploads\/2023\/07\/91cbe9ba-059d-458a-9dbd-db4c8dcd0e45-1024x682.jpg 1024w, https:\/\/www.radiopiu.net\/wordpress\/wp-content\/uploads\/2023\/07\/91cbe9ba-059d-458a-9dbd-db4c8dcd0e45-768x512.jpg 768w, https:\/\/www.radiopiu.net\/wordpress\/wp-content\/uploads\/2023\/07\/91cbe9ba-059d-458a-9dbd-db4c8dcd0e45-1536x1023.jpg 1536w, https:\/\/www.radiopiu.net\/wordpress\/wp-content\/uploads\/2023\/07\/91cbe9ba-059d-458a-9dbd-db4c8dcd0e45.jpg 1600w\" sizes=\"auto, (max-width: 300px) 100vw, 300px\" \/><\/a>Il record spetta a un turista trevigiano, che da 58 anni non ha mai abbandonato Alleghe per le sue vacanze ed \u00e8 tornato regolarmente in riva al lago per i suoi giorni di relax. Ma c\u2019\u00e8 anche una coppia delle Marche che torna ad Alleghe ogni anno da 56 anni. E poi un\u2019altra coppia della provincia di Verona, ospite fissa da 50 anni. L\u2019amministrazione ha voluto premiare questi turisti legati al territorio con un riconoscimento speciale, il \u201cPremio fedelt\u00e0 Amici di Alleghe\u201d.<br \/>\n\u00ab\u00c8 un orgoglio poter riconoscere in questi turisti dei veri amici di Alleghe\u00bb commenta il sindaco Danilo De Toni. \u00abEd \u00e8 un riconoscimento anche al nostro paese, che in tanti anni ha saputo essere accogliente, se queste persone sono sempre tornate volentieri a trascorrere le loro vacanze tra le bellezze delle nostre montagne\u00bb. La cerimonia del \u201cPremio fedelt\u00e0\u201d si \u00e8 tenuta nei giorni scorsi, nella sala consiliare del municipio. Oltre al sindaco De Toni, hanno partecipato l\u2019assessore Franco Dell\u2019Olivo, la consigliera <a class=\"dt-pswp-item\" href=\"https:\/\/www.radiopiu.net\/wordpress\/wp-content\/uploads\/2023\/07\/029ba15d-d427-42e0-a888-ce8d16da4515.jpg\" data-dt-img-description=\"\" data-large_image_width=\"1600\" data-large_image_height=\"1066\"><img loading=\"lazy\" decoding=\"async\" class=\"size-medium wp-image-346546 alignright\" src=\"https:\/\/www.radiopiu.net\/wordpress\/wp-content\/uploads\/2023\/07\/029ba15d-d427-42e0-a888-ce8d16da4515-300x200.jpg\" alt=\"\" width=\"300\" height=\"200\" srcset=\"https:\/\/www.radiopiu.net\/wordpress\/wp-content\/uploads\/2023\/07\/029ba15d-d427-42e0-a888-ce8d16da4515-300x200.jpg 300w, https:\/\/www.radiopiu.net\/wordpress\/wp-content\/uploads\/2023\/07\/029ba15d-d427-42e0-a888-ce8d16da4515-1024x682.jpg 1024w, https:\/\/www.radiopiu.net\/wordpress\/wp-content\/uploads\/2023\/07\/029ba15d-d427-42e0-a888-ce8d16da4515-768x512.jpg 768w, https:\/\/www.radiopiu.net\/wordpress\/wp-content\/uploads\/2023\/07\/029ba15d-d427-42e0-a888-ce8d16da4515-1536x1023.jpg 1536w, https:\/\/www.radiopiu.net\/wordpress\/wp-content\/uploads\/2023\/07\/029ba15d-d427-42e0-a888-ce8d16da4515.jpg 1600w\" sizes=\"auto, (max-width: 300px) 100vw, 300px\" \/><\/a>comunale Lara De Silvestro, il presidente del Consorzio operatori turistici Michele De Toni e la rappresentante della neo nata Pro loco Nadia Pramaor. Premiato Renato Cocchetto, che 58 anni fa ha conosciuto Alleghe grazie a un soggiorno in casa della signora Emilia Giolai, in localit\u00e0 Frena, e da allora \u00e8 sempre tornato, dicendosi \u00abinnamorato del territorio\u00bb. Lo ha detto espressamente, leggendo una lettera affettuosa nella quale ha raccontato come \u00e8 arrivato ad Alleghe. Premio a Lidia Sabaini e Renzo Zerbato (di Lavagno, Verona) che da mezzo secolo sono ospiti degli hotel Coldai e Montanina. E riconoscimento anche per Rosella Bianchelli e Michelino Benedetto (che non hanno potuto partecipare alla cerimonia), <a class=\"dt-pswp-item\" href=\"https:\/\/www.radiopiu.net\/wordpress\/wp-content\/uploads\/2023\/07\/0230cb68-9028-4d63-88e3-8c9b8b28f246.jpg\" data-dt-img-description=\"\" data-large_image_width=\"1600\" data-large_image_height=\"1066\"><img loading=\"lazy\" decoding=\"async\" class=\"size-medium wp-image-346544 alignleft\" src=\"https:\/\/www.radiopiu.net\/wordpress\/wp-content\/uploads\/2023\/07\/0230cb68-9028-4d63-88e3-8c9b8b28f246-300x200.jpg\" alt=\"\" width=\"300\" height=\"200\" srcset=\"https:\/\/www.radiopiu.net\/wordpress\/wp-content\/uploads\/2023\/07\/0230cb68-9028-4d63-88e3-8c9b8b28f246-300x200.jpg 300w, https:\/\/www.radiopiu.net\/wordpress\/wp-content\/uploads\/2023\/07\/0230cb68-9028-4d63-88e3-8c9b8b28f246-1024x682.jpg 1024w, https:\/\/www.radiopiu.net\/wordpress\/wp-content\/uploads\/2023\/07\/0230cb68-9028-4d63-88e3-8c9b8b28f246-768x512.jpg 768w, https:\/\/www.radiopiu.net\/wordpress\/wp-content\/uploads\/2023\/07\/0230cb68-9028-4d63-88e3-8c9b8b28f246-1536x1023.jpg 1536w, https:\/\/www.radiopiu.net\/wordpress\/wp-content\/uploads\/2023\/07\/0230cb68-9028-4d63-88e3-8c9b8b28f246.jpg 1600w\" sizes=\"auto, (max-width: 300px) 100vw, 300px\" \/><\/a>da 56 anni fissi all\u2019hotel Posta di Caprile, dopo un viaggio dalle Marche. Il&#8221; Premio fedelt\u00e0 Amici di Alleghe\u201d \u00e8 stato voluto dall\u2019amministrazione De Toni gi\u00e0 dal 2019 e sta diventando sempre pi\u00f9 un appuntamento fisso. \u00abNaturalmente le nuove tendenze della vacanza difficilmente consentiranno di raggiungere questo genere di traguardi\u00bb sottolinea il sindaco. \u00abA maggior ragione \u00e8 giusto premiare chi ci sceglie da tanti anni, dimostrando legame e attaccamento al territorio. Per un piccolo comune con la vocazione turistica come il nostro, \u00e8 importante sapere che stiamo lavorando nella giusta direzione. E la fedelt\u00e0 dei turisti \u00e8 sicuramente una buona cartina di tornasole\u00bb. Anche il presidente del Consorzio durante la cerimonia ha evidenziato come il modo di fare vacanza sia cambiato: \u00ab\u00c8 cos\u00ec gi\u00e0 da tempo e la tendenza del turista \u00e8 quella di visitare mete diverse\u00bb ha spiegato Michele De Toni. \u00abDobbiamo essere bravi a proporre sempre cose nuove e fidelizzare i nostri turisti\u00bb. La rappresentante della Pro loco si \u00e8 soffermata invece sull\u2019attivit\u00e0 che il nuovo sodalizio vuole portare avanti: \u00abL\u2019obiettivo, in sinergia con l\u2019amministrazione comunale, \u00e8 quello di far vivere i paesi del nostro Comune con iniziative culturali, musicali e &#8211; perch\u00e9 no &#8211; di folclore, coinvolgendo sia i residenti sia gli ospiti\u00bb.<\/p>\n<p>&nbsp;<\/p>\n<hr \/>\n<p>&nbsp;<\/p>\n<blockquote>\n<h3>GIOIA, MISS MILUNA A FALCADE<\/h3>\n<\/blockquote>\n<p><strong>FALCADE<\/strong> E&#8217; Gioia Sartor la vincitrice tra le 29 bellissime ragazze, del concorso Miss Italia. La ragazza (foto) ha primeggiato nella selezione \u201cMiss Miluna Veneto\u201d titolo che offre a Gioia l\u2019ammissione alle prefinali nazionali dell\u2019ottantaquattresima edizione del concorso di bellezza pi\u00f9 popolare del nostro Paese. Spettacolo organizzato dal Comune di Falcade in collaborazione con PromoFalcade.<\/p>\n<ol>\n<li>GIOIA SARTOR, 2. AURORA ARRIGONI, 3. VERONICA FUREGON<\/li>\n<\/ol>\n<p>FOTO SANDRO BOGO<\/p>\n\n\t\t\t<style type='text\/css'>\n\t\t\t\t#gallery-3 {\n\t\t\t\t\tmargin: auto;\n\t\t\t\t}\n\t\t\t\t#gallery-3 .gallery-item {\n\t\t\t\t\tfloat: left;\n\t\t\t\t\tmargin-top: 10px;\n\t\t\t\t\ttext-align: center;\n\t\t\t\t\twidth: 33%;\n\t\t\t\t}\n\t\t\t\t#gallery-3 img {\n\t\t\t\t\tborder: 2px solid #cfcfcf;\n\t\t\t\t}\n\t\t\t\t#gallery-3 .gallery-caption {\n\t\t\t\t\tmargin-left: 0;\n\t\t\t\t}\n\t\t\t\t\/* see gallery_shortcode() in wp-includes\/media.php *\/\n\t\t\t<\/style>\n\t\t<div id='gallery-3' class='dt-gallery-container gallery galleryid-346359 gallery-columns-3 gallery-size-thumbnail'><dl class='gallery-item'>\n\t\t\t\t<dt class='gallery-icon landscape'>\n\t\t\t\t\t<a class=\"rollover rollover-zoom dt-pswp-item\" title=\"ca852e1e-2892-49fa-91d8-97e0c5eccbcd\" data-dt-img-description=\"\" data-large_image_width=\"2048\" data-large_image_height=\"1365\"href='https:\/\/www.radiopiu.net\/wordpress\/wp-content\/uploads\/2023\/07\/ca852e1e-2892-49fa-91d8-97e0c5eccbcd.jpg'><img loading=\"lazy\" decoding=\"async\" width=\"150\" height=\"150\" src=\"https:\/\/www.radiopiu.net\/wordpress\/wp-content\/uploads\/2023\/07\/ca852e1e-2892-49fa-91d8-97e0c5eccbcd-150x150.jpg\" class=\"attachment-thumbnail size-thumbnail\" alt=\"\" \/><\/a>\n\t\t\t\t<\/dt><\/dl><dl class='gallery-item'>\n\t\t\t\t<dt class='gallery-icon portrait'>\n\t\t\t\t\t<a class=\"rollover rollover-zoom dt-pswp-item\" title=\"Senza nome\" data-dt-img-description=\"\" data-large_image_width=\"380\" data-large_image_height=\"411\"href='https:\/\/www.radiopiu.net\/wordpress\/wp-content\/uploads\/2023\/07\/Senza-nome-96.png'><img loading=\"lazy\" decoding=\"async\" width=\"150\" height=\"150\" src=\"https:\/\/www.radiopiu.net\/wordpress\/wp-content\/uploads\/2023\/07\/Senza-nome-96-150x150.png\" class=\"attachment-thumbnail size-thumbnail\" alt=\"\" \/><\/a>\n\t\t\t\t<\/dt><\/dl><dl class='gallery-item'>\n\t\t\t\t<dt class='gallery-icon portrait'>\n\t\t\t\t\t<a class=\"rollover rollover-zoom dt-pswp-item\" title=\"8d3e547b-1299-470f-8190-60f60aabb866\" data-dt-img-description=\"\" data-large_image_width=\"1365\" data-large_image_height=\"2048\"href='https:\/\/www.radiopiu.net\/wordpress\/wp-content\/uploads\/2023\/07\/8d3e547b-1299-470f-8190-60f60aabb866.jpg'><img loading=\"lazy\" decoding=\"async\" width=\"150\" height=\"150\" src=\"https:\/\/www.radiopiu.net\/wordpress\/wp-content\/uploads\/2023\/07\/8d3e547b-1299-470f-8190-60f60aabb866-150x150.jpg\" class=\"attachment-thumbnail size-thumbnail\" alt=\"\" \/><\/a>\n\t\t\t\t<\/dt><\/dl><br style=\"clear: both\" \/>\n\t\t\t<\/div>\n\n<p>&nbsp;<\/p>\n<p>&nbsp;<\/p>\n<hr \/>\n<p>&nbsp;<\/p>\n<p>&nbsp;<\/p>\n<blockquote class=\"wp-embedded-content\" data-secret=\"Ec7E0zWrH7\"><p><a href=\"https:\/\/www.radiopiu.net\/wordpress\/edificio-ex-latteria-sociale-di-la-valle-agordina\/\">EDIFICIO EX LATTERIA SOCIALE DI LA VALLE AGORDINA<\/a><\/p><\/blockquote>\n<p><iframe loading=\"lazy\" class=\"wp-embedded-content\" sandbox=\"allow-scripts\" security=\"restricted\" style=\"position: absolute; clip: rect(1px, 1px, 1px, 1px);\" title=\"&#8220;EDIFICIO EX LATTERIA SOCIALE DI LA VALLE AGORDINA&#8221; &#8212; Radio Pi\u00f9\" src=\"https:\/\/www.radiopiu.net\/wordpress\/edificio-ex-latteria-sociale-di-la-valle-agordina\/embed\/#?secret=DM6SAqR99k#?secret=Ec7E0zWrH7\" data-secret=\"Ec7E0zWrH7\" width=\"600\" height=\"338\" frameborder=\"0\" marginwidth=\"0\" marginheight=\"0\" scrolling=\"no\"><\/iframe><\/p>\n<p>&nbsp;<\/p>\n<p>&nbsp;<\/p>\n<p>&nbsp;<\/p>\n<hr \/>\n<p>&nbsp;<\/p>\n<blockquote>\n<h3>ALLE BUSE DI FALCADE CON IL CORO VAL BIOIS E NINA &amp; NENA DUO<\/h3>\n<\/blockquote>\n<p><strong class=\"photoswipe-wrapper\"><a class=\"dt-pswp-item pspw-wrap-ready\" href=\"https:\/\/www.radiopiu.net\/wordpress\/wp-content\/uploads\/2018\/07\/Pota-l_Orso_Bosco-degli-Artisti.png\" data-dt-img-description=\"\" data-large_image_width=\"750\" data-large_image_height=\"534\"><img loading=\"lazy\" decoding=\"async\" class=\" wp-image-55065 alignleft\" src=\"https:\/\/www.radiopiu.net\/wordpress\/wp-content\/uploads\/2018\/07\/Pota-l_Orso_Bosco-degli-Artisti-300x214.png\" sizes=\"auto, (max-width: 199px) 100vw, 199px\" srcset=\"https:\/\/www.radiopiu.net\/wordpress\/wp-content\/uploads\/2018\/07\/Pota-l_Orso_Bosco-degli-Artisti-300x214.png 300w, https:\/\/www.radiopiu.net\/wordpress\/wp-content\/uploads\/2018\/07\/Pota-l_Orso_Bosco-degli-Artisti.png 750w\" alt=\"\" width=\"199\" height=\"142\" \/><\/a>FALCADE<\/strong>\u00a0 \u201cMelodie nel Bosco, sussurri tra le Dolomiti\u201d. Si chiama cos\u00ec il festival che propone concerti a 2.000 metri di altitudine per far incontrare musica e natura al cospetto di vette come Mulaz e Focobon.\u00a0 A fare da teatro sar\u00e0 il Bosco degli Artisti di Falcade, galleria d\u2019arte a cielo aperto che sorge in localit\u00e0 Le Buse, nella Ski Area San Pellegrino. Concerti in programma alle 10:30.<\/p>\n<p>Sabato si \u00e8 esibito il Coro Val Biois con intermezzo di Nico &amp; Nena duo<\/p>\n<p>&nbsp;<\/p>\n<p>&nbsp;<\/p>\n<div style=\"width: 848px;\" class=\"wp-video\"><video class=\"wp-video-shortcode\" id=\"video-346359-1\" width=\"848\" height=\"480\" preload=\"metadata\" controls=\"controls\"><source type=\"video\/mp4\" src=\"https:\/\/www.radiopiu.net\/wordpress\/wp-content\/uploads\/2023\/07\/WhatsApp-Video-2023-07-29-at-11.38.18.mp4?_=1\" \/><a href=\"https:\/\/www.radiopiu.net\/wordpress\/wp-content\/uploads\/2023\/07\/WhatsApp-Video-2023-07-29-at-11.38.18.mp4\">https:\/\/www.radiopiu.net\/wordpress\/wp-content\/uploads\/2023\/07\/WhatsApp-Video-2023-07-29-at-11.38.18.mp4<\/a><\/video><\/div>\n<p>&nbsp;<\/p>\n<p>&nbsp;<\/p>\n<hr \/>\n<p>&nbsp;<\/p>\n<p>&nbsp;<\/p>\n<blockquote>\n<h2>&#8220;Emozioni Jazz: Omaggio a Mina e Lucio Battisti nella Sala De Luca a Belluno&#8221;<\/h2>\n<\/blockquote>\n<p><a class=\"dt-pswp-item\" href=\"https:\/\/www.radiopiu.net\/wordpress\/wp-content\/uploads\/2023\/07\/f71a186c-1f73-4d95-94ca-9498436661e5.jpg\" data-dt-img-description=\"\" data-large_image_width=\"760\" data-large_image_height=\"1024\"><img loading=\"lazy\" decoding=\"async\" class=\"size-medium wp-image-346556 alignleft\" src=\"https:\/\/www.radiopiu.net\/wordpress\/wp-content\/uploads\/2023\/07\/f71a186c-1f73-4d95-94ca-9498436661e5-223x300.jpg\" alt=\"\" width=\"223\" height=\"300\" srcset=\"https:\/\/www.radiopiu.net\/wordpress\/wp-content\/uploads\/2023\/07\/f71a186c-1f73-4d95-94ca-9498436661e5-223x300.jpg 223w, https:\/\/www.radiopiu.net\/wordpress\/wp-content\/uploads\/2023\/07\/f71a186c-1f73-4d95-94ca-9498436661e5.jpg 760w\" sizes=\"auto, (max-width: 223px) 100vw, 223px\" \/><\/a>di Brunella Moro<\/p>\n<p><strong>BELLUNO<\/strong> Nel suggestivo ambiente che \u00e8 la sala De Luca a Belluno, \u00a0si \u00e8 conclusa la manifestazione di 5 concerti di Luglio Jazz e dintorni!\u00a0 Un finale in bellezza, protagoniste le canzoni di Mina e Lucio Battisti cantate e suonate da un trio portentoso.\u00a0 Il cuore di questo eccezionale trio \u00e8 Laura Pirri, una cantante dal talento incantevole,\u00a0 brivido puro,\u00a0 cantante pop capace di emozionare il pubblico con la sua voce potente e delicata allo stesso tempo. La sua presenza scenica \u00e8 stata una vera e propria magia, portando brividi di puro piacere a tutti i presenti. Fabiano Maniero, trombettista di grande esperienza con una carriera ventennale presso il celebre teatro La Fenice. La sua maestria con lo strumento ha aggiunto una nota di eleganza e raffinatezza alle esecuzioni, regalando momenti di pura armonia al <a class=\"dt-pswp-item\" href=\"https:\/\/www.radiopiu.net\/wordpress\/wp-content\/uploads\/2023\/07\/509278af-3c5f-49e5-be79-7e3ced18f881.jpg\" data-dt-img-description=\"\" data-large_image_width=\"1024\" data-large_image_height=\"973\"><img loading=\"lazy\" decoding=\"async\" class=\"size-medium wp-image-346564 alignright\" src=\"https:\/\/www.radiopiu.net\/wordpress\/wp-content\/uploads\/2023\/07\/509278af-3c5f-49e5-be79-7e3ced18f881-300x285.jpg\" alt=\"\" width=\"300\" height=\"285\" srcset=\"https:\/\/www.radiopiu.net\/wordpress\/wp-content\/uploads\/2023\/07\/509278af-3c5f-49e5-be79-7e3ced18f881-300x285.jpg 300w, https:\/\/www.radiopiu.net\/wordpress\/wp-content\/uploads\/2023\/07\/509278af-3c5f-49e5-be79-7e3ced18f881-768x730.jpg 768w, https:\/\/www.radiopiu.net\/wordpress\/wp-content\/uploads\/2023\/07\/509278af-3c5f-49e5-be79-7e3ced18f881.jpg 1024w\" sizes=\"auto, (max-width: 300px) 100vw, 300px\" \/><\/a>pubblico affascinato, e Alessandro Modenese, \u00a0chitarrista di talento e grande intrattenitore, ha catturato l&#8217;attenzione di tutti con la sua abilit\u00e0 nel coinvolgere il pubblico. Le sue performance hanno aggiunto un tocco di dinamismo e divertimento all&#8217;intero spettacolo, creando un&#8217;atmosfera coinvolgente e gioiosa. Il pubblico, composto da amanti della musica e nostalgici dei grandi artisti Mina e Lucio Battisti, ha riempito la sala, dimostrando il proprio affetto e apprezzamento per questo trio straordinario. Gli applausi continui hanno sottolineato l&#8217;affetto e l&#8217;ammirazione per le indimenticabili canzoni proposte. Un sentito ringraziamento va al Circolo culturale bellunese, che da 36 anni si adopera con passione e dedizione nell&#8217;organizzazione di concerti estivi in Villa e nelle corti, regalando momenti di autentica bellezza e cultura alla comunit\u00e0 locale. La serata \u00e8 stata una celebrazione della musica e dell&#8217;arte, unendo passato e presente in un connubio unico. L&#8217;emozione e la magia dei brani di Mina e Lucio Battisti, reinterpretati con maestria da Laura Pirri, Fabiano Maniero e Alessandro Modenese, resteranno a lungo nei cuori di tutti coloro che hanno partecipato a questa indimenticabile serata.<\/p>\n<p>&nbsp;<\/p>\n<p>&nbsp;<\/p>\n<hr \/>\n<p>&nbsp;<\/p>\n<blockquote>\n<h3>MASCHERAI A CANALE D&#8217;AGORDO, IL PUNTO CON SIMONE ONGARO<\/h3>\n<\/blockquote>\n<p><a class=\"dt-pswp-item\" href=\"https:\/\/www.radiopiu.net\/wordpress\/wp-content\/uploads\/2023\/07\/\u00a9EchidiAlessandroSogne-FOTO-GRUPPO-MASCHERAI-ALPINI-CANALE-25-LUGLIO.jpg\" data-dt-img-description=\"\" data-large_image_width=\"2000\" data-large_image_height=\"1333\"><img loading=\"lazy\" decoding=\"async\" class=\"size-medium wp-image-344836 alignleft\" src=\"https:\/\/www.radiopiu.net\/wordpress\/wp-content\/uploads\/2023\/07\/\u00a9EchidiAlessandroSogne-FOTO-GRUPPO-MASCHERAI-ALPINI-CANALE-25-LUGLIO-300x200.jpg\" alt=\"\" width=\"300\" height=\"200\" srcset=\"https:\/\/www.radiopiu.net\/wordpress\/wp-content\/uploads\/2023\/07\/\u00a9EchidiAlessandroSogne-FOTO-GRUPPO-MASCHERAI-ALPINI-CANALE-25-LUGLIO-300x200.jpg 300w, https:\/\/www.radiopiu.net\/wordpress\/wp-content\/uploads\/2023\/07\/\u00a9EchidiAlessandroSogne-FOTO-GRUPPO-MASCHERAI-ALPINI-CANALE-25-LUGLIO-1024x682.jpg 1024w, https:\/\/www.radiopiu.net\/wordpress\/wp-content\/uploads\/2023\/07\/\u00a9EchidiAlessandroSogne-FOTO-GRUPPO-MASCHERAI-ALPINI-CANALE-25-LUGLIO-768x512.jpg 768w, https:\/\/www.radiopiu.net\/wordpress\/wp-content\/uploads\/2023\/07\/\u00a9EchidiAlessandroSogne-FOTO-GRUPPO-MASCHERAI-ALPINI-CANALE-25-LUGLIO-1536x1024.jpg 1536w, https:\/\/www.radiopiu.net\/wordpress\/wp-content\/uploads\/2023\/07\/\u00a9EchidiAlessandroSogne-FOTO-GRUPPO-MASCHERAI-ALPINI-CANALE-25-LUGLIO.jpg 2000w\" sizes=\"auto, (max-width: 300px) 100vw, 300px\" \/><\/a><\/p>\n<p>audio<\/p>\n<p>di mirko mezzacasa<\/p>\n<p>foto archivio rpiu<\/p>\n<audio class=\"wp-audio-shortcode\" id=\"audio-346359-5\" preload=\"none\" style=\"width: 100%;\" controls=\"controls\"><source type=\"audio\/mpeg\" src=\"https:\/\/www.radiopiu.net\/wordpress\/wp-content\/uploads\/2023\/07\/SIMONE-ONGARO-MASCHERAI.mp3?_=5\" \/><a href=\"https:\/\/www.radiopiu.net\/wordpress\/wp-content\/uploads\/2023\/07\/SIMONE-ONGARO-MASCHERAI.mp3\">https:\/\/www.radiopiu.net\/wordpress\/wp-content\/uploads\/2023\/07\/SIMONE-ONGARO-MASCHERAI.mp3<\/a><\/audio>\n<p>&nbsp;<\/p>\n<p>&nbsp;<\/p>\n<hr \/>\n<p>&nbsp;<\/p>\n<h2><span style=\"color: #ff0000;\">GLI APPUNTAMENTI DELLA SETTIMANA\u00a0<\/span><\/h2>\n<p><a class=\"dt-pswp-item\" href=\"https:\/\/www.radiopiu.net\/wordpress\/wp-content\/uploads\/2023\/07\/Senza-nome-77.png\" data-dt-img-description=\"\" data-large_image_width=\"423\" data-large_image_height=\"411\"><img loading=\"lazy\" decoding=\"async\" class=\"wp-image-345894 alignleft\" src=\"https:\/\/www.radiopiu.net\/wordpress\/wp-content\/uploads\/2023\/07\/Senza-nome-77-300x291.png\" alt=\"\" width=\"116\" height=\"113\" srcset=\"https:\/\/www.radiopiu.net\/wordpress\/wp-content\/uploads\/2023\/07\/Senza-nome-77-300x291.png 300w, https:\/\/www.radiopiu.net\/wordpress\/wp-content\/uploads\/2023\/07\/Senza-nome-77.png 423w\" sizes=\"auto, (max-width: 116px) 100vw, 116px\" \/><\/a><\/p>\n<p><strong>\u00a0<\/strong><strong>LA MOSTRA A\u00a0 <\/strong><strong>LA VALLE AGORDINA\u00a0<\/strong><\/p>\n<p><strong>ANIMALI DELLE DOLOMITI, LA MOSTRA FOTOGRAFICA DI ADONE COLLE FINO AL 6 AGOSTO, TUTTI I GIORNI DALLE 10 ALLE 12 E DALLE 20 ALLE 22 NELLA SALA DELLA BIBLIOTECA DEL MUNICIPIO DI LA VALLE AGORDINA ANIMALI DELLE DOLOMITI, DI ADONE COLLE, CON L&#8217;ORGANIZZAZIONE DELLE ASSOCAZIONI LAVALLESI<\/strong><\/p>\n<p>&nbsp;<\/p>\n<blockquote>\n<h3>CHICCO CATTADORI ALLA BIBLIOTECA DI VALLADA<\/h3>\n<\/blockquote>\n<p><strong>VALLADA<\/strong> Gioved\u00ec alle 21 alla Biblioteca di Vallada l&#8217;incontro con Chicco Cattadori. &#8220;4 Passi nella storia della Valle del Biois&#8221; il titolo della serata.<\/p>\n<blockquote>\n<h3>LA MOSTRA SALUTI DALLE DOLOMITI<\/h3>\n<\/blockquote>\n<p><strong>COLLE SANTA LUCIA <\/strong>Gioved\u00ec 3 agosto alle 18 in piazza Villagrande a Colle Santa Lucia l&#8217;inaugurazione della mostra &#8220;Saluti dalle Dolomiti &#8211; Grusse aus den Dolomiten&#8221; (in caso di maltempo il tutto si trasferir\u00e0 nella sala delle ex scuole elementari). La mostra sar\u00e0 dedicata a cartoline e fotografie storiche realizzate in tempo di pace prima e in guerra poi, durante la prima guerra mondiale. La presentazione avverr\u00e0 a cura della guida storica Franz Brunner Pozzi e rimarr\u00e0 aperta e visitabile fino a sabato 12 agosto con ingresso gratuito dall&#8217;ufficio turistico in piazza a Colle Santa Lucia nei suoi orari d&#8217;apertura.<\/p>\n<p>&nbsp;<\/p>\n<blockquote>\n<h3>INCONTRO CON ANTONIO BORTOLUZZI<\/h3>\n<\/blockquote>\n<p><strong>CANALE D&#8217;AGORDO<\/strong> Si parla di montagna con Antonio Bortoluzzi. Sabato alle 21 in Sala Emigranti<\/p>\n<p>&nbsp;<\/p>\n<blockquote>\n<h3>DOMENICA I MERCATINI A FORCELLA AURINE<\/h3>\n<\/blockquote>\n<p><strong>GOSALDO<\/strong> Domenica a Forcella Aurine il mercatino dei prodotti locali e dell&#8217;artigianato<\/p>\n<p>&nbsp;<\/p>\n<p>&nbsp;<\/p>\n<h2><span style=\"color: #ff0000;\">PROSSIMAMENTE&#8230;<\/span><\/h2>\n<blockquote>\n<h3>CONCERTI IN ALTA QUOTA CON &#8220;MELODIE NEL BOSCO, SUSSURRI TRA LE DOLOMITI&#8221;.<\/h3>\n<\/blockquote>\n<p><strong><a class=\"dt-pswp-item\" href=\"https:\/\/www.radiopiu.net\/wordpress\/wp-content\/uploads\/2018\/07\/Pota-l_Orso_Bosco-degli-Artisti.png\" data-dt-img-description=\"\" data-large_image_width=\"750\" data-large_image_height=\"534\"><img loading=\"lazy\" decoding=\"async\" class=\" wp-image-55065 alignleft\" src=\"https:\/\/www.radiopiu.net\/wordpress\/wp-content\/uploads\/2018\/07\/Pota-l_Orso_Bosco-degli-Artisti-300x214.png\" alt=\"\" width=\"199\" height=\"142\" srcset=\"https:\/\/www.radiopiu.net\/wordpress\/wp-content\/uploads\/2018\/07\/Pota-l_Orso_Bosco-degli-Artisti-300x214.png 300w, https:\/\/www.radiopiu.net\/wordpress\/wp-content\/uploads\/2018\/07\/Pota-l_Orso_Bosco-degli-Artisti.png 750w\" sizes=\"auto, (max-width: 199px) 100vw, 199px\" \/><\/a>FALCADE<\/strong>\u00a0 &#8220;Melodie nel Bosco, sussurri tra le Dolomiti&#8221;. Si chiama cos\u00ec il festival che porter\u00e0 quattro concerti a 2.000 metri di altitudine per far incontrare musica e natura al cospetto di vette come Mulaz e Focobon.\u00a0 A fare da teatro sar\u00e0 il Bosco degli Artisti di Falcade, galleria d\u2019arte a cielo aperto che sorge in localit\u00e0 Le Buse, nella Ski Area San Pellegrino. Concerti in programma alle 10:30.<\/p>\n<p>Sabato 26 agosto toccher\u00e0 a Emanuele Bastanzetti, da Bach a Kreisler &#8211; sinfonie di violino.<\/p>\n<p>&nbsp;<\/p>\n<p>&nbsp;<\/p>\n<blockquote>\n<h3>MAGNA AN BOCON SU PAR L&#8217;ANDRIA<\/h3>\n<\/blockquote>\n<p><strong>SELVA DI CADORE <\/strong>Il gruppo Folk di Selva di Cadore vi aspetta domenica 13 agosto per la quinta edizione di \u201cMagn\u00e0 an Bocon su par l\u2019Andria\u201d l\u2019evento gastronomico fra i borghi della Val Fiorentina a Selva di Cadore. Assaporerete Deliziosi piatti tipici e prodotti locali ad ogni tappa, attorniati da stupendi scorci panoramici, antichi fienili e case di una volta. Durante il percorso potrete visitare l\u2019eccezionale Molin dei Padre con l\u2019antica falegnameria ad acqua e il museo dei vigili del fuoco volontari di Selva. Al termine del percorso fortaie e musica coi Die D\u00fcrstigen. Numero massimo 100 partecipanti, opportunamente divisi in piccoli gruppi guidati. Prevendite disponibili presso l\u2019ufficio turistico di Selva di Cadore. Novit\u00e0 di quest anno: potrete scegliere l\u2019orario di partenza! Partenza primo gruppo domenica 13 agosto ore 11 presso il campetto Sciovie Santa Fosca. Vendita ultimi ticket dalle ore 10<\/p>\n<p>&nbsp;<\/p>\n<blockquote>\n<h3>L&#8217;ESTATE CON L&#8217;ASSOCIAZIONE BORGO DI SOTTOGUDA<\/h3>\n<\/blockquote>\n<p>APPUNTAMENTI D&#8217;ESTATE CON L&#8217;ASSOCIAZIONE BORGO SOTTOGUDA. GODITI LA NOTTE DI SAN LORENZO IL 10 AGOSTO DALLE 21.30 I DESIDERI S&#8217;ILLUMINANO TRA LE LANTERNE. TRA I MAGICI FIENILI VENERDI 11 CHIACCHIERATA CON ALESSIO SALATA, AUTORE DEL LIBRO &#8220;MORTE A VENEZIA&#8221;. CON VENETO A TAVOLA SABATO 12 AGOSTO IL MERCATO BONTA&#8217; E BENESSERE, DALLE 21 IN PIAZZETTA A SOTTOGUDA IL TRIBUTO A LUCIO BATTISTI INTERPRETATO DA ERA BATTISTI. IL 14 AGOSTO, VIGILIA DI FERRAGOSTO DALLE 21 GLI ARCHI DEL FRIULI E DEL VENETO con il &#8220;SOGNO DI UNA NOTTE DI MEZZ&#8217;ESTATE PARTECIPA LA PIANISTA SILVIA TESSARI. IL MERCATO CONTADINO &#8220;SABEDA ITE VILA&#8221;, SABATO 5 E SABATO 19 AGOSTO CON L&#8217;ASSOCIAZIONE BORGO SOTTOGUDA, IL MERCATO DELLA DELIZIA CONTADINA, DEI LAVORI DI UNA VOLTA. AL SABATO DEL VILLAGGIO IL LABORATORIO COSMETICO E CURATIVO DI ESTER ANDRICH APPASSIONATA DI ERBE SPONTANEE E LORO UTILIZZO, E SOTTO AL TENDONE MEZZOGIORNO E SERA TUTTO PER SOLLETICARE IL PALATO SUL POSTO O PER ASPORTO. Ma voi sapete fare i canederli? TRANQUILLI&#8230; CI PENSA THOMAS A SOTTOGUDA DI ROCCA PIETORE Alle 21 sar\u00e0 ospite Luigi Fontana, figlio di Jmmi Fontana con un viaggio negli anni 60 e &#8217;70 tra grandi canzoni e aneddoti<\/p>\n<p>&nbsp;<\/p>\n<p>&nbsp;<\/p>\n<hr \/>\n<p>&nbsp;<\/p>\n<blockquote>\n<h3>APERITIVO ? MA MAI SENZA MUSICA<\/h3>\n<\/blockquote>\n<p><a class=\"dt-pswp-item\" href=\"https:\/\/www.radiopiu.net\/wordpress\/wp-content\/uploads\/2023\/07\/d86dbc06-7161-49d4-b544-90770e85269f.jpg\" data-dt-img-description=\"\" data-large_image_width=\"1448\" data-large_image_height=\"2048\"><img loading=\"lazy\" decoding=\"async\" class=\" wp-image-342766 alignleft\" src=\"https:\/\/www.radiopiu.net\/wordpress\/wp-content\/uploads\/2023\/07\/d86dbc06-7161-49d4-b544-90770e85269f-212x300.jpg\" alt=\"\" width=\"133\" height=\"189\" srcset=\"https:\/\/www.radiopiu.net\/wordpress\/wp-content\/uploads\/2023\/07\/d86dbc06-7161-49d4-b544-90770e85269f-212x300.jpg 212w, https:\/\/www.radiopiu.net\/wordpress\/wp-content\/uploads\/2023\/07\/d86dbc06-7161-49d4-b544-90770e85269f-724x1024.jpg 724w, https:\/\/www.radiopiu.net\/wordpress\/wp-content\/uploads\/2023\/07\/d86dbc06-7161-49d4-b544-90770e85269f-768x1086.jpg 768w, https:\/\/www.radiopiu.net\/wordpress\/wp-content\/uploads\/2023\/07\/d86dbc06-7161-49d4-b544-90770e85269f-1086x1536.jpg 1086w, https:\/\/www.radiopiu.net\/wordpress\/wp-content\/uploads\/2023\/07\/d86dbc06-7161-49d4-b544-90770e85269f.jpg 1448w\" sizes=\"auto, (max-width: 133px) 100vw, 133px\" \/><\/a>Dimentica la routine, concediti un momento di relax e divertimento con amici e familiari. L&#8217;aperitivo in musica all&#8217;Hotel Stella Alpina in piazza a Falcade \u00e8 l&#8217;occasione perfetta per socializzare e creare ricordi preziosi.Ogni venerd\u00ec di luglio ed agosto, l&#8217;Hotel Stella Alpina vi accoglie per una serata di puro divertimento, dalle 18 alle 21. I\u00a0venerdi di luglio ed agosto allo Stella alpina, appuntamento con la buona musica e le specialit\u00e0 che sapranno deliziarvi il palato. INFO 0437 599046. <a class=\"moz-txt-link-abbreviated\" href=\"http:\/\/WWW.HOTEL\">WWW.HOTEL<\/a> STELLA ALPINA . COM<\/p>\n<p><strong>VENERDI 4 AGOSTO<\/strong> SMILE IN CONCERTO\u00a0 e tacos con pulled pork fatti in casa<\/p>\n<p>&nbsp;<\/p>\n<p>&nbsp;<\/p>\n<p>&nbsp;<\/p>\n<p>&nbsp;<\/p>\n<hr \/>\n<p>&nbsp;<\/p>\n<p>&nbsp;<\/p>\n<blockquote>\n<h3><a class=\"dt-pswp-item\" href=\"https:\/\/www.radiopiu.net\/wordpress\/wp-content\/uploads\/2023\/07\/f3b253e6-70dc-4b6a-9b64-d312475aa1a1.jpg\" data-dt-img-description=\"\" data-large_image_width=\"1463\" data-large_image_height=\"2048\"><img loading=\"lazy\" decoding=\"async\" class=\"size-medium wp-image-345602 alignleft\" src=\"https:\/\/www.radiopiu.net\/wordpress\/wp-content\/uploads\/2023\/07\/f3b253e6-70dc-4b6a-9b64-d312475aa1a1-214x300.jpg\" alt=\"\" width=\"214\" height=\"300\" srcset=\"https:\/\/www.radiopiu.net\/wordpress\/wp-content\/uploads\/2023\/07\/f3b253e6-70dc-4b6a-9b64-d312475aa1a1-214x300.jpg 214w, https:\/\/www.radiopiu.net\/wordpress\/wp-content\/uploads\/2023\/07\/f3b253e6-70dc-4b6a-9b64-d312475aa1a1-732x1024.jpg 732w, https:\/\/www.radiopiu.net\/wordpress\/wp-content\/uploads\/2023\/07\/f3b253e6-70dc-4b6a-9b64-d312475aa1a1-768x1075.jpg 768w, https:\/\/www.radiopiu.net\/wordpress\/wp-content\/uploads\/2023\/07\/f3b253e6-70dc-4b6a-9b64-d312475aa1a1-1097x1536.jpg 1097w, https:\/\/www.radiopiu.net\/wordpress\/wp-content\/uploads\/2023\/07\/f3b253e6-70dc-4b6a-9b64-d312475aa1a1.jpg 1463w\" sizes=\"auto, (max-width: 214px) 100vw, 214px\" \/><\/a>MADONA DE LA NEIF, AD AGOSTO A LA VALLE AGORDINA<\/h3>\n<\/blockquote>\n<p>MADONA DE LA NEIF! LA FESTA A LA VALLE AGORDINA DAL 4 AL 6 AGOSTO: TRE SERATE CON STAND GASTRONOMICO, APERITIVO E BALLO SERALE. MADONA DE LA NEIF SPORT: SABATO 5 EL GIRO DE LE BURELE, GARA PODISTICA A COPPIE 41 ESIMA EDIZIONE E DOMENICA INDESFIDA DE LE VILE, GIOCHI E SFIDE DELLA TRADIZIONE. MADONA DE LA NEIF! E&#8217; MOSTRA FOTOGRAFICA LA VAL DA INCORNISA&#8217; NELLE BURELE DI FADES, FINO<br \/>\nAL 31 AGOSTO. E&#8217; MOSTRA MERCATO, SABATO 5 EL MERCA&#8217; DE L&#8217;ISTA&#8217; E POI&#8230; LA VAL A CAVAL, BATTESIMO IN SELLA PER GRANDI E PICCINI, APERTURA DEL MUSEO ETNOGRAFICO E VENERDI 4 CONCERTO DEGLI RH NEGATIVO. TRE GIORNI DI BALLI DISCO&#8230;E DISCO TEK CON RDJ MADONA DE LA NEIF&#8230;ORIGINAL IN TEK VALLEY, CON LE ASSOCIAZIONI LAVALLESI. MADONNA DE LA NEIF&#8230;SOTTO IL CIELO LAVALLESE&#8230;PARDON SOTTO AL TENDONE CON LE ASSOCIAZIONI LAVALLESI<\/p>\n<p><strong>DI GIANNI SANTOMASO<\/strong><\/p>\n<audio class=\"wp-audio-shortcode\" id=\"audio-346359-6\" preload=\"none\" style=\"width: 100%;\" controls=\"controls\"><source type=\"audio\/mpeg\" src=\"https:\/\/www.radiopiu.net\/wordpress\/wp-content\/uploads\/2023\/07\/GIANNI-TORNA-LA-SAGRA-DE-LA-MADONA-DE-LA-NEIF-A-LA-VALLE.mp3?_=6\" \/><a href=\"https:\/\/www.radiopiu.net\/wordpress\/wp-content\/uploads\/2023\/07\/GIANNI-TORNA-LA-SAGRA-DE-LA-MADONA-DE-LA-NEIF-A-LA-VALLE.mp3\">https:\/\/www.radiopiu.net\/wordpress\/wp-content\/uploads\/2023\/07\/GIANNI-TORNA-LA-SAGRA-DE-LA-MADONA-DE-LA-NEIF-A-LA-VALLE.mp3<\/a><\/audio>\n<p>&nbsp;<\/p>\n<p>&nbsp;<\/p>\n<hr \/>\n<p>&nbsp;<\/p>\n<p>&nbsp;<\/p>\n<p><a class=\"dt-pswp-item\" href=\"https:\/\/www.radiopiu.net\/wordpress\/wp-content\/uploads\/2023\/07\/362238350_780080964121139_3528425822730363745_n.jpg\" data-dt-img-description=\"\" data-large_image_width=\"960\" data-large_image_height=\"540\"><img loading=\"lazy\" decoding=\"async\" class=\"alignnone wp-image-346272 size-full\" src=\"https:\/\/www.radiopiu.net\/wordpress\/wp-content\/uploads\/2023\/07\/362238350_780080964121139_3528425822730363745_n.jpg\" alt=\"\" width=\"960\" height=\"540\" srcset=\"https:\/\/www.radiopiu.net\/wordpress\/wp-content\/uploads\/2023\/07\/362238350_780080964121139_3528425822730363745_n.jpg 960w, https:\/\/www.radiopiu.net\/wordpress\/wp-content\/uploads\/2023\/07\/362238350_780080964121139_3528425822730363745_n-300x169.jpg 300w, https:\/\/www.radiopiu.net\/wordpress\/wp-content\/uploads\/2023\/07\/362238350_780080964121139_3528425822730363745_n-768x432.jpg 768w\" sizes=\"auto, (max-width: 960px) 100vw, 960px\" \/><\/a><\/p>\n<p><strong>ALLA RADIO <\/strong>15 AGOSTO&#8230; A MASARE&#8217; DI ALLEGHE SOTTO AL TENDONE IL FERRAGOSTO BIANCOROSSO edizione anniversario. ALLEGHE HOCKEY, 90 ANNI DOPO, CON LO STESSO ENTUSIASMO E LE STESSE EMOZIONI DI ALLORA. LA FESTA DI FERRAGOSTO DALLE 9.30 DEL MATTINO A NOTTE INOLTRATA.\u00a0 buon cibo con possibilit\u00e0 di asporto, giro del lago, giochi per grandi e piccini, magia ,Happy hour con frittura di calamari e alle 21:30 SUL PALCO IL NUOVO FRONTE DEL VASCO&#8230;.IL GRUPPO COVER DI VASCO ROSSI!!!!! IMPREDIBILE ALLEGHE HOCKEY: tutti insieme con e per le civette<\/p>\n<p><strong>Evento ecosostenibile e pet friendly<\/strong><\/p>\n<audio class=\"wp-audio-shortcode\" id=\"audio-346359-7\" preload=\"none\" style=\"width: 100%;\" controls=\"controls\"><source type=\"audio\/mpeg\" src=\"https:\/\/www.radiopiu.net\/wordpress\/wp-content\/uploads\/2023\/07\/alleghe-hockey-c.mp3?_=7\" \/><a href=\"https:\/\/www.radiopiu.net\/wordpress\/wp-content\/uploads\/2023\/07\/alleghe-hockey-c.mp3\">https:\/\/www.radiopiu.net\/wordpress\/wp-content\/uploads\/2023\/07\/alleghe-hockey-c.mp3<\/a><\/audio>\n<p>&nbsp;<\/p>\n<hr \/>\n<p>&nbsp;<\/p>\n<blockquote>\n<h3>IL RITORNO DI AGORDO ETNO MUSICA SUL BROI<\/h3>\n<\/blockquote>\n<p><a class=\"dt-pswp-item\" href=\"https:\/\/www.radiopiu.net\/wordpress\/wp-content\/uploads\/2023\/07\/Foto2.jpg\" data-dt-img-description=\"\" data-large_image_width=\"2048\" data-large_image_height=\"1536\"><img loading=\"lazy\" decoding=\"async\" class=\"size-medium wp-image-346639 alignleft\" src=\"https:\/\/www.radiopiu.net\/wordpress\/wp-content\/uploads\/2023\/07\/Foto2-300x225.jpg\" alt=\"\" width=\"300\" height=\"225\" srcset=\"https:\/\/www.radiopiu.net\/wordpress\/wp-content\/uploads\/2023\/07\/Foto2-300x225.jpg 300w, https:\/\/www.radiopiu.net\/wordpress\/wp-content\/uploads\/2023\/07\/Foto2-1024x768.jpg 1024w, https:\/\/www.radiopiu.net\/wordpress\/wp-content\/uploads\/2023\/07\/Foto2-768x576.jpg 768w, https:\/\/www.radiopiu.net\/wordpress\/wp-content\/uploads\/2023\/07\/Foto2-1536x1152.jpg 1536w, https:\/\/www.radiopiu.net\/wordpress\/wp-content\/uploads\/2023\/07\/Foto2.jpg 2048w\" sizes=\"auto, (max-width: 300px) 100vw, 300px\" \/><\/a><strong>AGORDO<\/strong> Domenica sul Broi l\u2019evento Agordo ETNO Musica\u00a0dedicata alla cultura veneta. Si comincer\u00e0 alle 11 del mattino con il duo cadorino Na Fuoia, che eseguir\u00e0 un repertorio di danze tradizionali venete; verr\u00e0 offerto anche uno stage di ballo gratuito sulle note del duo. Saranno presenti stand gastronomici di cucina tipica veneta e di birra artigianale, un mercatino dell\u2019artigianato.<\/p>\n<p>La scaletta musicale proseguir\u00e0 nel pomeriggio, a partire dalle 14.30, con il quintetto veneziano Freve che Bruxa, che eseguir\u00e0 musiche originali in dialetto veneziano. Infine, a partire dalle 17.30 sar\u00e0 sul palco il duo veneziano Storie Storte, la cui esibizione ha il titolo di \u201cPersone, destini e viaggi contromano\u201d.<\/p>\n<p>L&#8217;INTERVISTA DI ANDREA BERNARDI<\/p>\n<audio class=\"wp-audio-shortcode\" id=\"audio-346359-8\" preload=\"none\" style=\"width: 100%;\" controls=\"controls\"><source type=\"audio\/mpeg\" src=\"https:\/\/www.radiopiu.net\/wordpress\/wp-content\/uploads\/2023\/07\/Intervista-pro-loco-Agordo-x-EtnoMUSICA-6-agosto.mp3?_=8\" \/><a href=\"https:\/\/www.radiopiu.net\/wordpress\/wp-content\/uploads\/2023\/07\/Intervista-pro-loco-Agordo-x-EtnoMUSICA-6-agosto.mp3\">https:\/\/www.radiopiu.net\/wordpress\/wp-content\/uploads\/2023\/07\/Intervista-pro-loco-Agordo-x-EtnoMUSICA-6-agosto.mp3<\/a><\/audio>\n<p>&nbsp;<\/p>\n<p>&nbsp;<\/p>\n<p>&nbsp;<\/p>\n<hr \/>\n<p>&nbsp;<\/p>\n<blockquote>\n<h3>LO SPLENDIDO VIDEO DI ERIK LENA CON IL SUO DRONE<\/h3>\n<\/blockquote>\n<p><strong>REDAZIONE<\/strong> Riceviamo e pubblichiamo un video di Erik Lena che con il suo drone ha voluto far vedere le nostre bellezze<\/p>\n<blockquote><p><em>Anche in montagna ci sono dei borghi da vedere. Una piccola veduta aerea del paesino. Per gli addetti ai lavori. Drone: DJI MAVIC mini, Risoluzione: 2K 30 FPS, Editing: Final Cut Pro, Export: Compressor H264 2K 30FPS<\/em><\/p><\/blockquote>\n<p><iframe loading=\"lazy\" title=\"Un piccolo Borgo di montagna | Livinallongo del Col di Lana | Drone\" width=\"1200\" height=\"675\" src=\"https:\/\/www.youtube.com\/embed\/GEuGb3WAVBQ?feature=oembed\" frameborder=\"0\" allow=\"accelerometer; autoplay; clipboard-write; encrypted-media; gyroscope; picture-in-picture; web-share\" allowfullscreen><\/iframe><\/p>\n<p>&nbsp;<\/p>\n<div class=\"message spoilers-container\" dir=\"auto\">\n<div class=\"column\">\n<div class=\"message spoilers-container\" dir=\"auto\">\n<div class=\"column\">\n<p>&nbsp;<\/p>\n<hr \/>\n<p>&nbsp;<\/p>\n<p><img loading=\"lazy\" decoding=\"async\" class=\"aligncenter wp-image-61954 size-full\" src=\"https:\/\/www.radiopiu.net\/wordpress\/wp-content\/uploads\/2018\/09\/viabilita.jpeg\" sizes=\"auto, (max-width: 800px) 100vw, 800px\" srcset=\"https:\/\/www.radiopiu.net\/wordpress\/wp-content\/uploads\/2018\/09\/viabilita.jpeg 800w, https:\/\/www.radiopiu.net\/wordpress\/wp-content\/uploads\/2018\/09\/viabilita-300x38.jpeg 300w, https:\/\/www.radiopiu.net\/wordpress\/wp-content\/uploads\/2018\/09\/viabilita-768x96.jpeg 768w\" alt=\"\" width=\"800\" height=\"100\" \/><\/p>\n<\/div>\n<\/div>\n<div class=\"message spoilers-container\" dir=\"auto\">\n<div class=\"column\">\n<p>&nbsp;<\/p>\n<\/div>\n<\/div>\n<\/div>\n<\/div>\n<blockquote class=\"wp-embedded-content\" data-secret=\"dRDn4vm902\"><p><a href=\"https:\/\/www.radiopiu.net\/wordpress\/viabilita\/\">viabilita<\/a><\/p><\/blockquote>\n<p><iframe loading=\"lazy\" class=\"wp-embedded-content\" sandbox=\"allow-scripts\" security=\"restricted\" style=\"position: absolute; clip: rect(1px, 1px, 1px, 1px);\" title=\"&#8220;viabilita&#8221; &#8212; Radio Pi\u00f9\" src=\"https:\/\/www.radiopiu.net\/wordpress\/viabilita\/embed\/#?secret=aL65s1gcbe#?secret=dRDn4vm902\" data-secret=\"dRDn4vm902\" width=\"600\" height=\"338\" frameborder=\"0\" marginwidth=\"0\" marginheight=\"0\" scrolling=\"no\"><\/iframe><\/p>\n<div class=\"message spoilers-container\" dir=\"auto\">\n<div class=\"column\">\n<div class=\"message spoilers-container\" dir=\"auto\">\n<div class=\"column\">\n<div>\n<div dir=\"ltr\">\n<div class=\"gmail_quote\">\n<div dir=\"ltr\">\n<div><\/div>\n<div><\/div>\n<div><\/div>\n<\/div>\n<\/div>\n<\/div>\n<\/div>\n<hr \/>\n<p>&nbsp;<\/p>\n<p><a class=\"dt-pswp-item\" href=\"https:\/\/www.radiopiu.net\/wordpress\/wp-content\/uploads\/2018\/09\/WhatsApp-Image-2018-09-20-at-16.04.06.jpeg\" data-dt-img-description=\"\" data-large_image_width=\"800\" data-large_image_height=\"100\"><img loading=\"lazy\" decoding=\"async\" class=\"wp-image-61378 size-full aligncenter\" src=\"https:\/\/www.radiopiu.net\/wordpress\/wp-content\/uploads\/2018\/09\/WhatsApp-Image-2018-09-20-at-16.04.06.jpeg\" alt=\"\" width=\"800\" height=\"100\" srcset=\"https:\/\/www.radiopiu.net\/wordpress\/wp-content\/uploads\/2018\/09\/WhatsApp-Image-2018-09-20-at-16.04.06.jpeg 800w, https:\/\/www.radiopiu.net\/wordpress\/wp-content\/uploads\/2018\/09\/WhatsApp-Image-2018-09-20-at-16.04.06-300x38.jpeg 300w, https:\/\/www.radiopiu.net\/wordpress\/wp-content\/uploads\/2018\/09\/WhatsApp-Image-2018-09-20-at-16.04.06-768x96.jpeg 768w\" sizes=\"auto, (max-width: 800px) 100vw, 800px\" \/><\/a><\/p>\n<\/div>\n<\/div>\n<div class=\"message spoilers-container\" dir=\"auto\">\n<p>&nbsp;<\/p>\n<p><center><\/center><strong>Lunedi 31<\/strong><\/p>\n<p><strong>Tempo atteso: <\/strong>Tempo di nuovo un po&#8217; pi\u00f9 soleggiato, specie nelle prime ore del giorno, e minore attivit\u00e0 cumuliforme nelle ore pi\u00f9 calde, assieme a un&#8217;insidia di fenomeni convettivi pi\u00f9 limitata nel tempo e nello spazio. Si tratter\u00e0 di una situazione d&#8217;instabilit\u00e0 variabile da un settore all&#8217;altro e in alcuni casi del tutto assente.<br \/>\n<strong>Precipitazioni: <\/strong>Al mattino assenti (0%). Al pomeriggio probabilit\u00e0 contenuta di rovesci e temporali sparsi (20-40%), pi\u00f9 probabile sulle Prealpi. Occorrer\u00e0 considerare che saranno fenomeni locali e passeggeri, quindi brevi fasi d&#8217;instabilit\u00e0 in un contesto pomeridiano tutto sommato discreto.<br \/>\n<strong>Temperature: <\/strong>Minime in lieve diminuzione e massime i leggero aumento grazie al maggiore soleggiamento.<\/p>\n<p><strong>Martedi 1<\/strong><\/p>\n<p><strong>Tempo atteso: <\/strong>Tempo variabile, a tratti instabile, con minore soleggiamento per velature e primi annuvolamenti, gi\u00e0 ben presenti al mattino. In seguito fase instabile con maggiore probabilit\u00e0 di rovesci e temporali rispetto a luned\u00ec. Non escluso che l&#8217;instabilit\u00e0 possa protrarsi anche in serata.<br \/>\n<strong>Precipitazioni: <\/strong>Al mattino pressoch\u00e9 assenti (10%). Al pomeriggio e in serata probabilit\u00e0 di rovesci e temporali pi\u00f9 elevata rispetto a luned\u00ec (60-70%). Sembra che le Dolomiti possano essere pi\u00f9 interessate rispetto alle Prealpi.<br \/>\n<strong>Temperature: <\/strong>Minime in aumento e massime in generale lieve flessione per ridotto soleggiamento<\/p>\n<p><strong>Mercoledi 2<\/strong><\/p>\n<p>In prevalenza soleggiato con riduzione del soleggiamento per modesta attivit\u00e0 cumuliforme durante ore pi\u00f9 calde. Ad oggi sembra che non vi sia insidia convettiva in grado di generare fenomeni d&#8217;instabilit\u00e0. Temperature in ulteriore lieve aumento con ritorno di valori elevati e decisamente superiori alla media, specie nei fondovalle, assieme al ritorno dell&#8217;afa.<\/p>\n<p><strong>Giovedi 3<\/strong><\/p>\n<p>Sole e prime nubi al mattino, poi riduzione soleggiamento per crescente attivit\u00e0 cumuliforme fino a risultare intensa ed associata a rovesci e temporali, dapprima sparsi e pi\u00f9 diffusi nelle ultime ore del giorno. Temperature minime in aumento e massime in generale flessione<\/p>\n<p>&nbsp;<\/p>\n<\/div>\n<div class=\"message spoilers-container\" dir=\"auto\">\n<hr \/>\n<p>&nbsp;<\/p>\n<p><img loading=\"lazy\" decoding=\"async\" class=\"wp-image-60761 size-full aligncenter\" src=\"https:\/\/www.radiopiu.net\/wordpress\/wp-content\/uploads\/2018\/09\/sport.jpg\" alt=\"\" width=\"800\" height=\"100\" srcset=\"https:\/\/www.radiopiu.net\/wordpress\/wp-content\/uploads\/2018\/09\/sport.jpg 800w, https:\/\/www.radiopiu.net\/wordpress\/wp-content\/uploads\/2018\/09\/sport-300x38.jpg 300w, https:\/\/www.radiopiu.net\/wordpress\/wp-content\/uploads\/2018\/09\/sport-768x96.jpg 768w\" sizes=\"auto, (max-width: 800px) 100vw, 800px\" \/><\/p>\n<p>&nbsp;<\/p>\n<p><span style=\"color: #0000ff;\"><strong>CALCIO\u00a0<\/strong><\/span><\/p>\n<blockquote>\n<h1>IL CAMPIONATO AGORDINO, RICORDI ED AMICIZIE INDISSOLUBILI<\/h1>\n<\/blockquote>\n<\/div>\n<p><strong><a class=\"dt-pswp-item\" href=\"https:\/\/www.radiopiu.net\/wordpress\/wp-content\/uploads\/2023\/07\/attilio.png\" data-dt-img-description=\"\" data-large_image_width=\"526\" data-large_image_height=\"619\"><img loading=\"lazy\" decoding=\"async\" class=\"size-medium wp-image-346669 alignleft\" src=\"https:\/\/www.radiopiu.net\/wordpress\/wp-content\/uploads\/2023\/07\/attilio-255x300.png\" alt=\"\" width=\"255\" height=\"300\" srcset=\"https:\/\/www.radiopiu.net\/wordpress\/wp-content\/uploads\/2023\/07\/attilio-255x300.png 255w, https:\/\/www.radiopiu.net\/wordpress\/wp-content\/uploads\/2023\/07\/attilio.png 526w\" sizes=\"auto, (max-width: 255px) 100vw, 255px\" \/><\/a>REDAZIONE<\/strong> Troneggia nello studio2, su quello scaffale dedicato ai ricordi e ai riconoscimenti degli amici. Troneggia, ci guarda dall&#8217;alto con quegli occhi che potevano convincerti che stavi facendo una cosa giusta, o esprimere un giusto richiamo. Caro Attilio&#8230; sei presente. Sempre. Ieri quando Gemma ci ha consegnato la targa lo eri ancora di pi\u00f9, riaffiorando i ricordi, quella prima diretta da Passo Fedaia nel 1986 per la Cronoscalata della Marmolada, e poi le ore trascorse assieme in studio, al telefono, sui campi di gioco.\u00a0 Grazie Gemma e Viva Attilio&#8230; sempre.<\/p>\n<p><strong>REDAZIONE<\/strong> Ad Andrea Baldassi ed a coloro che organizzano il campionato agordino di calcio grazie per le emozioni, perch\u00e9 ci permettete di scrivere pagine di storia.v Evidentemente c&#8217;\u00e8 chi <a class=\"dt-pswp-item\" href=\"https:\/\/www.radiopiu.net\/wordpress\/wp-content\/uploads\/2023\/07\/WhatsApp-Image-2023-07-31-at-06.27.25.jpeg\" data-dt-img-description=\"\" data-large_image_width=\"2048\" data-large_image_height=\"1152\"><img loading=\"lazy\" decoding=\"async\" class=\"size-medium wp-image-346670 alignright\" src=\"https:\/\/www.radiopiu.net\/wordpress\/wp-content\/uploads\/2023\/07\/WhatsApp-Image-2023-07-31-at-06.27.25-300x169.jpeg\" alt=\"\" width=\"300\" height=\"169\" srcset=\"https:\/\/www.radiopiu.net\/wordpress\/wp-content\/uploads\/2023\/07\/WhatsApp-Image-2023-07-31-at-06.27.25-300x169.jpeg 300w, https:\/\/www.radiopiu.net\/wordpress\/wp-content\/uploads\/2023\/07\/WhatsApp-Image-2023-07-31-at-06.27.25-1024x576.jpeg 1024w, https:\/\/www.radiopiu.net\/wordpress\/wp-content\/uploads\/2023\/07\/WhatsApp-Image-2023-07-31-at-06.27.25-768x432.jpeg 768w, https:\/\/www.radiopiu.net\/wordpress\/wp-content\/uploads\/2023\/07\/WhatsApp-Image-2023-07-31-at-06.27.25-1536x864.jpeg 1536w, https:\/\/www.radiopiu.net\/wordpress\/wp-content\/uploads\/2023\/07\/WhatsApp-Image-2023-07-31-at-06.27.25.jpeg 2048w\" sizes=\"auto, (max-width: 300px) 100vw, 300px\" \/><\/a>come il Corriere delle Alpi ha capito come conquistare cuori e menti delle nuove generazioni, le tre pagine dedicate ad uno dei piu&#8217; importanti campionati della provincia, se non il pi\u00f9 importante,\u00a0 ne \u00e8 la conferma. Da chi ama il campionato agordino di calcio da decenni: grazie\u00a0 al Corriere delle Alpi\u00a0 sempre pi\u00f9 quotidiano dei bellunesi ed agordini&#8230; e a RADIOPIU. Grazie a Marco Gaz, per aver ideato e condotto dal primo all&#8217;ultimo minuto il programma della domenica e quello del lunedi.\u00a0 Un gran lavoro quello di Marco, colleghi giornalisti e amici del torneo da sempre grandi collaboratori della testata.<\/p>\n<p>RADIOPIU storia di attaccamento al territorio, alla sua gente, ai giovani che crescono, alle attivit\u00e0 locali che sponsorizzano l&#8217;evento e&#8230;.molto altro<br \/>\nGRAZIE AL COMITATO CALCIO PER AVERLO SOTTOLINEATO NE SIAMO ORGOGLIOSI E UN PO&#8217; COMMOSSI&#8230;<\/p>\n<p>&nbsp;<\/p>\n<p>MIRKO<\/p>\n<p>&nbsp;<\/p>\n<p><span style=\"color: #0000ff;\"><strong>CALCIO\u00a0<\/strong><\/span><\/p>\n<blockquote>\n<h3>TAIBON E VOLTAGO CALANO IL POKER VINCENDO RISPETTIVAMENTE IL CAMPIONATO AGORDINO GIOVANILE E SENIOR<\/h3>\n<\/blockquote>\n<p><strong>di Marco Gaz<\/strong><\/p>\n<p><strong>REDAZIONE<\/strong> Il campo di Boscoverde a Rocca Pietore \u00e8 stato teatro di una memorabile giornata di calcio. Con l\u2019ottima organizzazione dell\u2019Alleghe Calcio, dal mattino a sera i calciatori della vallata hanno calcato il green per la fase finale del Campionato Agordino di Calcio. La giornata \u00e8 iniziata con la finalina terzo quarto posto tra Canale e Caprile con la compagine della Valle del Biois che \u00e8 riuscita a vincere di misura con il risultato di 4 a 3.<\/p>\n<p><strong>TAIBON \u2013 LA VALLE 2-0 FINALE MEMORIAL GABRIELE ORZETTI<\/strong><\/p>\n<p>Per la quarta volta consecutiva il Taibon di Riccardo Broglio si aggiudica il Memorial Gabriele Orzetti. Una partita perfetta quella dei taiboner riusciti a siglare due reti senza subirne una grazie ad un\u2019ottima fase difensiva. Bastano 4\u2019 e il Taibon si porta avanti con Manuel Soccol che scappa in contropiede e batte il portiere con un pallonetto. La Valle che prova a rispondere ma senza trovare la porta. Nella seconda frazione il Taibon raddoppia con Gabriel Marcon, bravo a trovare un diagonale imparabile. I ragazzi di Broglio si difendono al meglio e riescono ad incamerare una vittoria tutta meritata.<\/p>\n<p><strong>VOLTAGO \u2013 TAIBON 3-1 dts MEMORIAL ATTILIO MORETTI<\/strong><\/p>\n<p>Il Voltago di Cristian De Zaiacomo fa poker e si aggiudica la prima edizione del Memoril Attilio Moretti dopo una sfida rimasta in bilico dopo i primi 80\u2019 di gioco. Ci sono voluti i supplementari per incoronare il vincitore del Campionato Agordino 2023. Il Voltago studia gli avversari e alla prima vera occasione colpisce con Casera. Taibon che prova a rispondere senza per\u00f2 trovare la via giusta per arrivare in porta. Nella ripresa si lotta su ogni pallone e sul finire della sfida il Voltago si addormenta lasciando trada libera a Paganin che sigla la rete del pareggio. Si va ai supplementari dove i ragazzi di De Zaiacomo sembrano avere una marcia in pi\u00f9. Tirabeni riporta in vantaggio il Voltago su calcio di rigore e a chiudere la sfida ci pensa De Marco con un tappin vincente.<\/p>\n<p><strong>PREMIAZIONI MEMORIAL GABRIELE ORZETTI<\/strong><\/p>\n\n\t\t\t<style type='text\/css'>\n\t\t\t\t#gallery-4 {\n\t\t\t\t\tmargin: auto;\n\t\t\t\t}\n\t\t\t\t#gallery-4 .gallery-item {\n\t\t\t\t\tfloat: left;\n\t\t\t\t\tmargin-top: 10px;\n\t\t\t\t\ttext-align: center;\n\t\t\t\t\twidth: 14%;\n\t\t\t\t}\n\t\t\t\t#gallery-4 img {\n\t\t\t\t\tborder: 2px solid #cfcfcf;\n\t\t\t\t}\n\t\t\t\t#gallery-4 .gallery-caption {\n\t\t\t\t\tmargin-left: 0;\n\t\t\t\t}\n\t\t\t\t\/* see gallery_shortcode() in wp-includes\/media.php *\/\n\t\t\t<\/style>\n\t\t<div id='gallery-4' class='dt-gallery-container gallery galleryid-346359 gallery-columns-7 gallery-size-thumbnail'><dl class='gallery-item'>\n\t\t\t\t<dt class='gallery-icon landscape'>\n\t\t\t\t\t<a class=\"rollover rollover-zoom dt-pswp-item\" title=\"e4ed40f9-bd6f-422f-9ad6-9bd65864c77a\" data-dt-img-description=\"\" data-large_image_width=\"1024\" data-large_image_height=\"768\"href='https:\/\/www.radiopiu.net\/wordpress\/wp-content\/uploads\/2023\/07\/e4ed40f9-bd6f-422f-9ad6-9bd65864c77a.jpg'><img loading=\"lazy\" decoding=\"async\" width=\"150\" height=\"150\" src=\"https:\/\/www.radiopiu.net\/wordpress\/wp-content\/uploads\/2023\/07\/e4ed40f9-bd6f-422f-9ad6-9bd65864c77a-150x150.jpg\" class=\"attachment-thumbnail size-thumbnail\" alt=\"\" \/><\/a>\n\t\t\t\t<\/dt><\/dl><dl class='gallery-item'>\n\t\t\t\t<dt class='gallery-icon landscape'>\n\t\t\t\t\t<a class=\"rollover rollover-zoom dt-pswp-item\" title=\"addf0719-c80a-48ab-9bfb-d86f62ba6ea1\" data-dt-img-description=\"\" data-large_image_width=\"1024\" data-large_image_height=\"768\"href='https:\/\/www.radiopiu.net\/wordpress\/wp-content\/uploads\/2023\/07\/addf0719-c80a-48ab-9bfb-d86f62ba6ea1.jpg'><img loading=\"lazy\" decoding=\"async\" width=\"150\" height=\"150\" src=\"https:\/\/www.radiopiu.net\/wordpress\/wp-content\/uploads\/2023\/07\/addf0719-c80a-48ab-9bfb-d86f62ba6ea1-150x150.jpg\" class=\"attachment-thumbnail size-thumbnail\" alt=\"\" \/><\/a>\n\t\t\t\t<\/dt><\/dl><dl class='gallery-item'>\n\t\t\t\t<dt class='gallery-icon landscape'>\n\t\t\t\t\t<a class=\"rollover rollover-zoom dt-pswp-item\" title=\"ae085f68-73be-41b8-8018-1b97038d90a6\" data-dt-img-description=\"\" data-large_image_width=\"1024\" data-large_image_height=\"768\"href='https:\/\/www.radiopiu.net\/wordpress\/wp-content\/uploads\/2023\/07\/ae085f68-73be-41b8-8018-1b97038d90a6.jpg'><img loading=\"lazy\" decoding=\"async\" width=\"150\" height=\"150\" src=\"https:\/\/www.radiopiu.net\/wordpress\/wp-content\/uploads\/2023\/07\/ae085f68-73be-41b8-8018-1b97038d90a6-150x150.jpg\" class=\"attachment-thumbnail size-thumbnail\" alt=\"\" \/><\/a>\n\t\t\t\t<\/dt><\/dl><dl class='gallery-item'>\n\t\t\t\t<dt class='gallery-icon landscape'>\n\t\t\t\t\t<a class=\"rollover rollover-zoom dt-pswp-item\" title=\"d7b71f2c-890e-4802-b2d4-bd7c2869a95b\" data-dt-img-description=\"\" data-large_image_width=\"1024\" data-large_image_height=\"768\"href='https:\/\/www.radiopiu.net\/wordpress\/wp-content\/uploads\/2023\/07\/d7b71f2c-890e-4802-b2d4-bd7c2869a95b.jpg'><img loading=\"lazy\" decoding=\"async\" width=\"150\" height=\"150\" src=\"https:\/\/www.radiopiu.net\/wordpress\/wp-content\/uploads\/2023\/07\/d7b71f2c-890e-4802-b2d4-bd7c2869a95b-150x150.jpg\" class=\"attachment-thumbnail size-thumbnail\" alt=\"\" \/><\/a>\n\t\t\t\t<\/dt><\/dl><dl class='gallery-item'>\n\t\t\t\t<dt class='gallery-icon landscape'>\n\t\t\t\t\t<a class=\"rollover rollover-zoom dt-pswp-item\" title=\"670b6943-c498-433c-93bd-28af7caa0831\" data-dt-img-description=\"\" data-large_image_width=\"1024\" data-large_image_height=\"768\"href='https:\/\/www.radiopiu.net\/wordpress\/wp-content\/uploads\/2023\/07\/670b6943-c498-433c-93bd-28af7caa0831.jpg'><img loading=\"lazy\" decoding=\"async\" width=\"150\" height=\"150\" src=\"https:\/\/www.radiopiu.net\/wordpress\/wp-content\/uploads\/2023\/07\/670b6943-c498-433c-93bd-28af7caa0831-150x150.jpg\" class=\"attachment-thumbnail size-thumbnail\" alt=\"\" \/><\/a>\n\t\t\t\t<\/dt><\/dl><dl class='gallery-item'>\n\t\t\t\t<dt class='gallery-icon landscape'>\n\t\t\t\t\t<a class=\"rollover rollover-zoom dt-pswp-item\" title=\"8f8a30f6-b84a-45b7-86a7-a23e3c4ad503\" data-dt-img-description=\"\" data-large_image_width=\"1024\" data-large_image_height=\"768\"href='https:\/\/www.radiopiu.net\/wordpress\/wp-content\/uploads\/2023\/07\/8f8a30f6-b84a-45b7-86a7-a23e3c4ad503.jpg'><img loading=\"lazy\" decoding=\"async\" width=\"150\" height=\"150\" src=\"https:\/\/www.radiopiu.net\/wordpress\/wp-content\/uploads\/2023\/07\/8f8a30f6-b84a-45b7-86a7-a23e3c4ad503-150x150.jpg\" class=\"attachment-thumbnail size-thumbnail\" alt=\"\" \/><\/a>\n\t\t\t\t<\/dt><\/dl><dl class='gallery-item'>\n\t\t\t\t<dt class='gallery-icon landscape'>\n\t\t\t\t\t<a class=\"rollover rollover-zoom dt-pswp-item\" title=\"b2781c9b-bd41-4ae3-bae3-c872a17317a4\" data-dt-img-description=\"\" data-large_image_width=\"1024\" data-large_image_height=\"768\"href='https:\/\/www.radiopiu.net\/wordpress\/wp-content\/uploads\/2023\/07\/b2781c9b-bd41-4ae3-bae3-c872a17317a4.jpg'><img loading=\"lazy\" decoding=\"async\" width=\"150\" height=\"150\" src=\"https:\/\/www.radiopiu.net\/wordpress\/wp-content\/uploads\/2023\/07\/b2781c9b-bd41-4ae3-bae3-c872a17317a4-150x150.jpg\" class=\"attachment-thumbnail size-thumbnail\" alt=\"\" \/><\/a>\n\t\t\t\t<\/dt><\/dl><br style=\"clear: both\" \/><dl class='gallery-item'>\n\t\t\t\t<dt class='gallery-icon landscape'>\n\t\t\t\t\t<a class=\"rollover rollover-zoom dt-pswp-item\" title=\"7305aba9-4e21-4dcd-a665-ec2d45f625b4\" data-dt-img-description=\"\" data-large_image_width=\"1024\" data-large_image_height=\"768\"href='https:\/\/www.radiopiu.net\/wordpress\/wp-content\/uploads\/2023\/07\/7305aba9-4e21-4dcd-a665-ec2d45f625b4.jpg'><img loading=\"lazy\" decoding=\"async\" width=\"150\" height=\"150\" src=\"https:\/\/www.radiopiu.net\/wordpress\/wp-content\/uploads\/2023\/07\/7305aba9-4e21-4dcd-a665-ec2d45f625b4-150x150.jpg\" class=\"attachment-thumbnail size-thumbnail\" alt=\"\" \/><\/a>\n\t\t\t\t<\/dt><\/dl><dl class='gallery-item'>\n\t\t\t\t<dt class='gallery-icon landscape'>\n\t\t\t\t\t<a class=\"rollover rollover-zoom dt-pswp-item\" title=\"1c18e6c7-f5c6-491c-980f-953b7adc5c85\" data-dt-img-description=\"\" data-large_image_width=\"1024\" data-large_image_height=\"768\"href='https:\/\/www.radiopiu.net\/wordpress\/wp-content\/uploads\/2023\/07\/1c18e6c7-f5c6-491c-980f-953b7adc5c85.jpg'><img loading=\"lazy\" decoding=\"async\" width=\"150\" height=\"150\" src=\"https:\/\/www.radiopiu.net\/wordpress\/wp-content\/uploads\/2023\/07\/1c18e6c7-f5c6-491c-980f-953b7adc5c85-150x150.jpg\" class=\"attachment-thumbnail size-thumbnail\" alt=\"\" \/><\/a>\n\t\t\t\t<\/dt><\/dl><dl class='gallery-item'>\n\t\t\t\t<dt class='gallery-icon landscape'>\n\t\t\t\t\t<a class=\"rollover rollover-zoom dt-pswp-item\" title=\"e5a94d6e-8a06-4f50-9499-cd64d80f186f\" data-dt-img-description=\"\" data-large_image_width=\"1024\" data-large_image_height=\"768\"href='https:\/\/www.radiopiu.net\/wordpress\/wp-content\/uploads\/2023\/07\/e5a94d6e-8a06-4f50-9499-cd64d80f186f.jpg'><img loading=\"lazy\" decoding=\"async\" width=\"150\" height=\"150\" src=\"https:\/\/www.radiopiu.net\/wordpress\/wp-content\/uploads\/2023\/07\/e5a94d6e-8a06-4f50-9499-cd64d80f186f-150x150.jpg\" class=\"attachment-thumbnail size-thumbnail\" alt=\"\" \/><\/a>\n\t\t\t\t<\/dt><\/dl><dl class='gallery-item'>\n\t\t\t\t<dt class='gallery-icon landscape'>\n\t\t\t\t\t<a class=\"rollover rollover-zoom dt-pswp-item\" title=\"41952d21-5702-47cf-9e47-96df2a22c963\" data-dt-img-description=\"\" data-large_image_width=\"1024\" data-large_image_height=\"768\"href='https:\/\/www.radiopiu.net\/wordpress\/wp-content\/uploads\/2023\/07\/41952d21-5702-47cf-9e47-96df2a22c963.jpg'><img loading=\"lazy\" decoding=\"async\" width=\"150\" height=\"150\" src=\"https:\/\/www.radiopiu.net\/wordpress\/wp-content\/uploads\/2023\/07\/41952d21-5702-47cf-9e47-96df2a22c963-150x150.jpg\" class=\"attachment-thumbnail size-thumbnail\" alt=\"\" \/><\/a>\n\t\t\t\t<\/dt><\/dl><dl class='gallery-item'>\n\t\t\t\t<dt class='gallery-icon landscape'>\n\t\t\t\t\t<a class=\"rollover rollover-zoom dt-pswp-item\" title=\"5e4b3019-9189-48ad-8e93-155d5a9a0bca\" data-dt-img-description=\"\" data-large_image_width=\"1024\" data-large_image_height=\"768\"href='https:\/\/www.radiopiu.net\/wordpress\/wp-content\/uploads\/2023\/07\/5e4b3019-9189-48ad-8e93-155d5a9a0bca.jpg'><img loading=\"lazy\" decoding=\"async\" width=\"150\" height=\"150\" src=\"https:\/\/www.radiopiu.net\/wordpress\/wp-content\/uploads\/2023\/07\/5e4b3019-9189-48ad-8e93-155d5a9a0bca-150x150.jpg\" class=\"attachment-thumbnail size-thumbnail\" alt=\"\" \/><\/a>\n\t\t\t\t<\/dt><\/dl><dl class='gallery-item'>\n\t\t\t\t<dt class='gallery-icon landscape'>\n\t\t\t\t\t<a class=\"rollover rollover-zoom dt-pswp-item\" title=\"e60d78c4-e124-43f6-a6ca-f0d1793ff017\" data-dt-img-description=\"\" data-large_image_width=\"1024\" data-large_image_height=\"768\"href='https:\/\/www.radiopiu.net\/wordpress\/wp-content\/uploads\/2023\/07\/e60d78c4-e124-43f6-a6ca-f0d1793ff017.jpg'><img loading=\"lazy\" decoding=\"async\" width=\"150\" height=\"150\" src=\"https:\/\/www.radiopiu.net\/wordpress\/wp-content\/uploads\/2023\/07\/e60d78c4-e124-43f6-a6ca-f0d1793ff017-150x150.jpg\" class=\"attachment-thumbnail size-thumbnail\" alt=\"\" \/><\/a>\n\t\t\t\t<\/dt><\/dl>\n\t\t\t\t<br style='clear: both' \/>\n\t\t\t<\/div>\n\n<p>&nbsp;<\/p>\n<p><strong>PREMIAZIONI MEMORIAL ATTILIO MORETTI<\/strong><\/p>\n\n\t\t\t<style type='text\/css'>\n\t\t\t\t#gallery-5 {\n\t\t\t\t\tmargin: auto;\n\t\t\t\t}\n\t\t\t\t#gallery-5 .gallery-item {\n\t\t\t\t\tfloat: left;\n\t\t\t\t\tmargin-top: 10px;\n\t\t\t\t\ttext-align: center;\n\t\t\t\t\twidth: 20%;\n\t\t\t\t}\n\t\t\t\t#gallery-5 img {\n\t\t\t\t\tborder: 2px solid #cfcfcf;\n\t\t\t\t}\n\t\t\t\t#gallery-5 .gallery-caption {\n\t\t\t\t\tmargin-left: 0;\n\t\t\t\t}\n\t\t\t\t\/* see gallery_shortcode() in wp-includes\/media.php *\/\n\t\t\t<\/style>\n\t\t<div id='gallery-5' class='dt-gallery-container gallery galleryid-346359 gallery-columns-5 gallery-size-thumbnail'><dl class='gallery-item'>\n\t\t\t\t<dt class='gallery-icon landscape'>\n\t\t\t\t\t<a class=\"rollover rollover-zoom dt-pswp-item\" title=\"20a3a95e-2d29-4dc9-99f6-46e277a2792d\" data-dt-img-description=\"\" data-large_image_width=\"1024\" data-large_image_height=\"768\"href='https:\/\/www.radiopiu.net\/wordpress\/wp-content\/uploads\/2023\/07\/20a3a95e-2d29-4dc9-99f6-46e277a2792d.jpg'><img loading=\"lazy\" decoding=\"async\" width=\"150\" height=\"150\" src=\"https:\/\/www.radiopiu.net\/wordpress\/wp-content\/uploads\/2023\/07\/20a3a95e-2d29-4dc9-99f6-46e277a2792d-150x150.jpg\" class=\"attachment-thumbnail size-thumbnail\" alt=\"\" \/><\/a>\n\t\t\t\t<\/dt><\/dl><dl class='gallery-item'>\n\t\t\t\t<dt class='gallery-icon landscape'>\n\t\t\t\t\t<a class=\"rollover rollover-zoom dt-pswp-item\" title=\"1bfa3b85-8cd6-4704-9285-f859509863ba\" data-dt-img-description=\"\" data-large_image_width=\"1024\" data-large_image_height=\"768\"href='https:\/\/www.radiopiu.net\/wordpress\/wp-content\/uploads\/2023\/07\/1bfa3b85-8cd6-4704-9285-f859509863ba.jpg'><img loading=\"lazy\" decoding=\"async\" width=\"150\" height=\"150\" src=\"https:\/\/www.radiopiu.net\/wordpress\/wp-content\/uploads\/2023\/07\/1bfa3b85-8cd6-4704-9285-f859509863ba-150x150.jpg\" class=\"attachment-thumbnail size-thumbnail\" alt=\"\" \/><\/a>\n\t\t\t\t<\/dt><\/dl><dl class='gallery-item'>\n\t\t\t\t<dt class='gallery-icon landscape'>\n\t\t\t\t\t<a class=\"rollover rollover-zoom dt-pswp-item\" title=\"4f802651-c898-42a5-964c-c5bed8a09fe3\" data-dt-img-description=\"\" data-large_image_width=\"1024\" data-large_image_height=\"768\"href='https:\/\/www.radiopiu.net\/wordpress\/wp-content\/uploads\/2023\/07\/4f802651-c898-42a5-964c-c5bed8a09fe3.jpg'><img loading=\"lazy\" decoding=\"async\" width=\"150\" height=\"150\" src=\"https:\/\/www.radiopiu.net\/wordpress\/wp-content\/uploads\/2023\/07\/4f802651-c898-42a5-964c-c5bed8a09fe3-150x150.jpg\" class=\"attachment-thumbnail size-thumbnail\" alt=\"\" \/><\/a>\n\t\t\t\t<\/dt><\/dl><dl class='gallery-item'>\n\t\t\t\t<dt class='gallery-icon landscape'>\n\t\t\t\t\t<a class=\"rollover rollover-zoom dt-pswp-item\" title=\"2ac25a10-8c8b-4e04-9957-1d1fcaff9c75\" data-dt-img-description=\"\" data-large_image_width=\"1024\" data-large_image_height=\"768\"href='https:\/\/www.radiopiu.net\/wordpress\/wp-content\/uploads\/2023\/07\/2ac25a10-8c8b-4e04-9957-1d1fcaff9c75.jpg'><img loading=\"lazy\" decoding=\"async\" width=\"150\" height=\"150\" src=\"https:\/\/www.radiopiu.net\/wordpress\/wp-content\/uploads\/2023\/07\/2ac25a10-8c8b-4e04-9957-1d1fcaff9c75-150x150.jpg\" class=\"attachment-thumbnail size-thumbnail\" alt=\"\" \/><\/a>\n\t\t\t\t<\/dt><\/dl><dl class='gallery-item'>\n\t\t\t\t<dt class='gallery-icon landscape'>\n\t\t\t\t\t<a class=\"rollover rollover-zoom dt-pswp-item\" title=\"ad9e8bc8-a2fe-497f-b954-1f3285d953c6\" data-dt-img-description=\"\" data-large_image_width=\"1024\" data-large_image_height=\"768\"href='https:\/\/www.radiopiu.net\/wordpress\/wp-content\/uploads\/2023\/07\/ad9e8bc8-a2fe-497f-b954-1f3285d953c6.jpg'><img loading=\"lazy\" decoding=\"async\" width=\"150\" height=\"150\" src=\"https:\/\/www.radiopiu.net\/wordpress\/wp-content\/uploads\/2023\/07\/ad9e8bc8-a2fe-497f-b954-1f3285d953c6-150x150.jpg\" class=\"attachment-thumbnail size-thumbnail\" alt=\"\" \/><\/a>\n\t\t\t\t<\/dt><\/dl><br style=\"clear: both\" \/><dl class='gallery-item'>\n\t\t\t\t<dt class='gallery-icon landscape'>\n\t\t\t\t\t<a class=\"rollover rollover-zoom dt-pswp-item\" title=\"05a9c715-e9e6-4fe3-a4ae-c88b0dceade2\" data-dt-img-description=\"\" data-large_image_width=\"1024\" data-large_image_height=\"768\"href='https:\/\/www.radiopiu.net\/wordpress\/wp-content\/uploads\/2023\/07\/05a9c715-e9e6-4fe3-a4ae-c88b0dceade2.jpg'><img loading=\"lazy\" decoding=\"async\" width=\"150\" height=\"150\" src=\"https:\/\/www.radiopiu.net\/wordpress\/wp-content\/uploads\/2023\/07\/05a9c715-e9e6-4fe3-a4ae-c88b0dceade2-150x150.jpg\" class=\"attachment-thumbnail size-thumbnail\" alt=\"\" \/><\/a>\n\t\t\t\t<\/dt><\/dl><dl class='gallery-item'>\n\t\t\t\t<dt class='gallery-icon landscape'>\n\t\t\t\t\t<a class=\"rollover rollover-zoom dt-pswp-item\" title=\"6f364595-2d25-4dee-9551-004d268f3b18\" data-dt-img-description=\"\" data-large_image_width=\"1024\" data-large_image_height=\"768\"href='https:\/\/www.radiopiu.net\/wordpress\/wp-content\/uploads\/2023\/07\/6f364595-2d25-4dee-9551-004d268f3b18.jpg'><img loading=\"lazy\" decoding=\"async\" width=\"150\" height=\"150\" src=\"https:\/\/www.radiopiu.net\/wordpress\/wp-content\/uploads\/2023\/07\/6f364595-2d25-4dee-9551-004d268f3b18-150x150.jpg\" class=\"attachment-thumbnail size-thumbnail\" alt=\"\" \/><\/a>\n\t\t\t\t<\/dt><\/dl><dl class='gallery-item'>\n\t\t\t\t<dt class='gallery-icon landscape'>\n\t\t\t\t\t<a class=\"rollover rollover-zoom dt-pswp-item\" title=\"db862a0a-ad8c-42d5-aa70-fd94a4b0d090\" data-dt-img-description=\"\" data-large_image_width=\"1024\" data-large_image_height=\"768\"href='https:\/\/www.radiopiu.net\/wordpress\/wp-content\/uploads\/2023\/07\/db862a0a-ad8c-42d5-aa70-fd94a4b0d090.jpg'><img loading=\"lazy\" decoding=\"async\" width=\"150\" height=\"150\" src=\"https:\/\/www.radiopiu.net\/wordpress\/wp-content\/uploads\/2023\/07\/db862a0a-ad8c-42d5-aa70-fd94a4b0d090-150x150.jpg\" class=\"attachment-thumbnail size-thumbnail\" alt=\"\" \/><\/a>\n\t\t\t\t<\/dt><\/dl><dl class='gallery-item'>\n\t\t\t\t<dt class='gallery-icon landscape'>\n\t\t\t\t\t<a class=\"rollover rollover-zoom dt-pswp-item\" title=\"bad3c500-db89-4a0c-afc3-57a4e4f56515\" data-dt-img-description=\"\" data-large_image_width=\"1024\" data-large_image_height=\"768\"href='https:\/\/www.radiopiu.net\/wordpress\/wp-content\/uploads\/2023\/07\/bad3c500-db89-4a0c-afc3-57a4e4f56515.jpg'><img loading=\"lazy\" decoding=\"async\" width=\"150\" height=\"150\" src=\"https:\/\/www.radiopiu.net\/wordpress\/wp-content\/uploads\/2023\/07\/bad3c500-db89-4a0c-afc3-57a4e4f56515-150x150.jpg\" class=\"attachment-thumbnail size-thumbnail\" alt=\"\" \/><\/a>\n\t\t\t\t<\/dt><\/dl><dl class='gallery-item'>\n\t\t\t\t<dt class='gallery-icon landscape'>\n\t\t\t\t\t<a class=\"rollover rollover-zoom dt-pswp-item\" title=\"4a7c7cf0-43a6-459b-a6ea-d389414f8a94\" data-dt-img-description=\"\" data-large_image_width=\"1024\" data-large_image_height=\"768\"href='https:\/\/www.radiopiu.net\/wordpress\/wp-content\/uploads\/2023\/07\/4a7c7cf0-43a6-459b-a6ea-d389414f8a94.jpg'><img loading=\"lazy\" decoding=\"async\" width=\"150\" height=\"150\" src=\"https:\/\/www.radiopiu.net\/wordpress\/wp-content\/uploads\/2023\/07\/4a7c7cf0-43a6-459b-a6ea-d389414f8a94-150x150.jpg\" class=\"attachment-thumbnail size-thumbnail\" alt=\"\" \/><\/a>\n\t\t\t\t<\/dt><\/dl><br style=\"clear: both\" \/><dl class='gallery-item'>\n\t\t\t\t<dt class='gallery-icon landscape'>\n\t\t\t\t\t<a class=\"rollover rollover-zoom dt-pswp-item\" title=\"7573428e-7918-4e49-a05f-e0322b2ec098\" data-dt-img-description=\"\" data-large_image_width=\"1024\" data-large_image_height=\"768\"href='https:\/\/www.radiopiu.net\/wordpress\/wp-content\/uploads\/2023\/07\/7573428e-7918-4e49-a05f-e0322b2ec098.jpg'><img loading=\"lazy\" decoding=\"async\" width=\"150\" height=\"150\" src=\"https:\/\/www.radiopiu.net\/wordpress\/wp-content\/uploads\/2023\/07\/7573428e-7918-4e49-a05f-e0322b2ec098-150x150.jpg\" class=\"attachment-thumbnail size-thumbnail\" alt=\"\" \/><\/a>\n\t\t\t\t<\/dt><\/dl><dl class='gallery-item'>\n\t\t\t\t<dt class='gallery-icon landscape'>\n\t\t\t\t\t<a class=\"rollover rollover-zoom dt-pswp-item\" title=\"e4905513-c846-40b4-b20f-8e40187d877d\" data-dt-img-description=\"\" data-large_image_width=\"1024\" data-large_image_height=\"768\"href='https:\/\/www.radiopiu.net\/wordpress\/wp-content\/uploads\/2023\/07\/e4905513-c846-40b4-b20f-8e40187d877d.jpg'><img loading=\"lazy\" decoding=\"async\" width=\"150\" height=\"150\" src=\"https:\/\/www.radiopiu.net\/wordpress\/wp-content\/uploads\/2023\/07\/e4905513-c846-40b4-b20f-8e40187d877d-150x150.jpg\" class=\"attachment-thumbnail size-thumbnail\" alt=\"\" \/><\/a>\n\t\t\t\t<\/dt><\/dl><dl class='gallery-item'>\n\t\t\t\t<dt class='gallery-icon landscape'>\n\t\t\t\t\t<a class=\"rollover rollover-zoom dt-pswp-item\" title=\"ded1b762-d9cc-4f1e-b1ed-04054f29af03\" data-dt-img-description=\"\" data-large_image_width=\"1024\" data-large_image_height=\"768\"href='https:\/\/www.radiopiu.net\/wordpress\/wp-content\/uploads\/2023\/07\/ded1b762-d9cc-4f1e-b1ed-04054f29af03.jpg'><img loading=\"lazy\" decoding=\"async\" width=\"150\" height=\"150\" src=\"https:\/\/www.radiopiu.net\/wordpress\/wp-content\/uploads\/2023\/07\/ded1b762-d9cc-4f1e-b1ed-04054f29af03-150x150.jpg\" class=\"attachment-thumbnail size-thumbnail\" alt=\"\" \/><\/a>\n\t\t\t\t<\/dt><\/dl><dl class='gallery-item'>\n\t\t\t\t<dt class='gallery-icon landscape'>\n\t\t\t\t\t<a class=\"rollover rollover-zoom dt-pswp-item\" title=\"2c499ccf-7f7f-4d00-9598-41551d814b73\" data-dt-img-description=\"\" data-large_image_width=\"1024\" data-large_image_height=\"768\"href='https:\/\/www.radiopiu.net\/wordpress\/wp-content\/uploads\/2023\/07\/2c499ccf-7f7f-4d00-9598-41551d814b73.jpg'><img loading=\"lazy\" decoding=\"async\" width=\"150\" height=\"150\" src=\"https:\/\/www.radiopiu.net\/wordpress\/wp-content\/uploads\/2023\/07\/2c499ccf-7f7f-4d00-9598-41551d814b73-150x150.jpg\" class=\"attachment-thumbnail size-thumbnail\" alt=\"\" \/><\/a>\n\t\t\t\t<\/dt><\/dl><dl class='gallery-item'>\n\t\t\t\t<dt class='gallery-icon landscape'>\n\t\t\t\t\t<a class=\"rollover rollover-zoom dt-pswp-item\" title=\"916ecf63-4528-4e54-baa2-fa1079708027\" data-dt-img-description=\"\" data-large_image_width=\"1024\" data-large_image_height=\"768\"href='https:\/\/www.radiopiu.net\/wordpress\/wp-content\/uploads\/2023\/07\/916ecf63-4528-4e54-baa2-fa1079708027.jpg'><img loading=\"lazy\" decoding=\"async\" width=\"150\" height=\"150\" src=\"https:\/\/www.radiopiu.net\/wordpress\/wp-content\/uploads\/2023\/07\/916ecf63-4528-4e54-baa2-fa1079708027-150x150.jpg\" class=\"attachment-thumbnail size-thumbnail\" alt=\"\" \/><\/a>\n\t\t\t\t<\/dt><\/dl><br style=\"clear: both\" \/><dl class='gallery-item'>\n\t\t\t\t<dt class='gallery-icon landscape'>\n\t\t\t\t\t<a class=\"rollover rollover-zoom dt-pswp-item\" title=\"8eb9246d-e0c6-4088-a39f-0640606b1ca3\" data-dt-img-description=\"\" data-large_image_width=\"1024\" data-large_image_height=\"768\"href='https:\/\/www.radiopiu.net\/wordpress\/wp-content\/uploads\/2023\/07\/8eb9246d-e0c6-4088-a39f-0640606b1ca3.jpg'><img loading=\"lazy\" decoding=\"async\" width=\"150\" height=\"150\" src=\"https:\/\/www.radiopiu.net\/wordpress\/wp-content\/uploads\/2023\/07\/8eb9246d-e0c6-4088-a39f-0640606b1ca3-150x150.jpg\" class=\"attachment-thumbnail size-thumbnail\" alt=\"\" \/><\/a>\n\t\t\t\t<\/dt><\/dl><dl class='gallery-item'>\n\t\t\t\t<dt class='gallery-icon landscape'>\n\t\t\t\t\t<a class=\"rollover rollover-zoom dt-pswp-item\" title=\"24227494-3da7-4daa-90bc-e8fcb3fd9d8e\" data-dt-img-description=\"\" data-large_image_width=\"1024\" data-large_image_height=\"768\"href='https:\/\/www.radiopiu.net\/wordpress\/wp-content\/uploads\/2023\/07\/24227494-3da7-4daa-90bc-e8fcb3fd9d8e.jpg'><img loading=\"lazy\" decoding=\"async\" width=\"150\" height=\"150\" src=\"https:\/\/www.radiopiu.net\/wordpress\/wp-content\/uploads\/2023\/07\/24227494-3da7-4daa-90bc-e8fcb3fd9d8e-150x150.jpg\" class=\"attachment-thumbnail size-thumbnail\" alt=\"\" \/><\/a>\n\t\t\t\t<\/dt><\/dl><dl class='gallery-item'>\n\t\t\t\t<dt class='gallery-icon landscape'>\n\t\t\t\t\t<a class=\"rollover rollover-zoom dt-pswp-item\" title=\"d79f5c6f-a197-4bf9-b182-9acd26e86609\" data-dt-img-description=\"\" data-large_image_width=\"1024\" data-large_image_height=\"768\"href='https:\/\/www.radiopiu.net\/wordpress\/wp-content\/uploads\/2023\/07\/d79f5c6f-a197-4bf9-b182-9acd26e86609.jpg'><img loading=\"lazy\" decoding=\"async\" width=\"150\" height=\"150\" src=\"https:\/\/www.radiopiu.net\/wordpress\/wp-content\/uploads\/2023\/07\/d79f5c6f-a197-4bf9-b182-9acd26e86609-150x150.jpg\" class=\"attachment-thumbnail size-thumbnail\" alt=\"\" \/><\/a>\n\t\t\t\t<\/dt><\/dl><dl class='gallery-item'>\n\t\t\t\t<dt class='gallery-icon landscape'>\n\t\t\t\t\t<a class=\"rollover rollover-zoom dt-pswp-item\" title=\"9b760bb9-8025-4aab-8995-106471f02bf0\" data-dt-img-description=\"\" data-large_image_width=\"1024\" data-large_image_height=\"768\"href='https:\/\/www.radiopiu.net\/wordpress\/wp-content\/uploads\/2023\/07\/9b760bb9-8025-4aab-8995-106471f02bf0.jpg'><img loading=\"lazy\" decoding=\"async\" width=\"150\" height=\"150\" src=\"https:\/\/www.radiopiu.net\/wordpress\/wp-content\/uploads\/2023\/07\/9b760bb9-8025-4aab-8995-106471f02bf0-150x150.jpg\" class=\"attachment-thumbnail size-thumbnail\" alt=\"\" \/><\/a>\n\t\t\t\t<\/dt><\/dl><dl class='gallery-item'>\n\t\t\t\t<dt class='gallery-icon landscape'>\n\t\t\t\t\t<a class=\"rollover rollover-zoom dt-pswp-item\" title=\"ac07de43-1a3a-44f4-84c4-15dd3d77a711\" data-dt-img-description=\"\" data-large_image_width=\"1024\" data-large_image_height=\"768\"href='https:\/\/www.radiopiu.net\/wordpress\/wp-content\/uploads\/2023\/07\/ac07de43-1a3a-44f4-84c4-15dd3d77a711.jpg'><img loading=\"lazy\" decoding=\"async\" width=\"150\" height=\"150\" src=\"https:\/\/www.radiopiu.net\/wordpress\/wp-content\/uploads\/2023\/07\/ac07de43-1a3a-44f4-84c4-15dd3d77a711-150x150.jpg\" class=\"attachment-thumbnail size-thumbnail\" alt=\"\" \/><\/a>\n\t\t\t\t<\/dt><\/dl><br style=\"clear: both\" \/>\n\t\t\t<\/div>\n\n<p>&nbsp;<\/p>\n<blockquote>\n<h3>COMPLIMENTI CAMPIONI! VOLTAGO INCORONATO<\/h3>\n<\/blockquote>\n<blockquote><p><strong>DALLA REDAZIONE DI RADIO PIU&#8217; COMPLIMENTI AI CAMPIONI, AI VALIDI AVVERSARI DEL TAIBON E, COMPLIMENTI AI GIOVANI DEL TAIBON PER LA VITTORIA DEL TORNEO DEI PIU&#8217; GIOVANI (LA VALLE VICE CAMPIONI).\u00a0 ATTILIO MORETTI E GABRIELE ORZETTI con DENIS TONIN&#8230;SAREBBERO ONORATI PER COME\u00a0 AVETE\u00a0 SAPUTO RICORDARLI\u00a0 CON QUESTA MEMORABILE STAGIONE E FINALE DI BOSCOVERDE.<\/strong><\/p>\n<p><em><strong>e complimenti agli organizzatori della finale, perfetti in tutto per un bell&#8217;evento con record di partecipazione: impeccabili ragazzi.\u00a0<\/strong><\/em><\/p><\/blockquote>\n<p><a class=\"dt-pswp-item\" href=\"https:\/\/www.radiopiu.net\/wordpress\/wp-content\/uploads\/2023\/07\/dd8629dd-8c14-4205-b500-5262e03dce74.jpg\" data-dt-img-description=\"\" data-large_image_width=\"2000\" data-large_image_height=\"1500\"><img loading=\"lazy\" decoding=\"async\" class=\"alignnone wp-image-346574 size-full\" src=\"https:\/\/www.radiopiu.net\/wordpress\/wp-content\/uploads\/2023\/07\/dd8629dd-8c14-4205-b500-5262e03dce74.jpg\" alt=\"\" width=\"2000\" height=\"1500\" srcset=\"https:\/\/www.radiopiu.net\/wordpress\/wp-content\/uploads\/2023\/07\/dd8629dd-8c14-4205-b500-5262e03dce74.jpg 2000w, https:\/\/www.radiopiu.net\/wordpress\/wp-content\/uploads\/2023\/07\/dd8629dd-8c14-4205-b500-5262e03dce74-300x225.jpg 300w, https:\/\/www.radiopiu.net\/wordpress\/wp-content\/uploads\/2023\/07\/dd8629dd-8c14-4205-b500-5262e03dce74-1024x768.jpg 1024w, https:\/\/www.radiopiu.net\/wordpress\/wp-content\/uploads\/2023\/07\/dd8629dd-8c14-4205-b500-5262e03dce74-768x576.jpg 768w, https:\/\/www.radiopiu.net\/wordpress\/wp-content\/uploads\/2023\/07\/dd8629dd-8c14-4205-b500-5262e03dce74-1536x1152.jpg 1536w\" sizes=\"auto, (max-width: 2000px) 100vw, 2000px\" \/><\/a><\/p>\n<p>&nbsp;<\/p>\n<p>&nbsp;<\/p>\n<hr \/>\n<p>&nbsp;<\/p>\n<blockquote>\n<h3>COSTA E ZAETTA PRIMI AI &#8220;PIE&#8217; DELLA CRODA GRANDA&#8221;<\/h3>\n<\/blockquote>\n<p><a class=\"dt-pswp-item\" href=\"https:\/\/www.radiopiu.net\/wordpress\/wp-content\/uploads\/2023\/07\/Senza-nome-98.png\" data-dt-img-description=\"\" data-large_image_width=\"379\" data-large_image_height=\"261\"><img loading=\"lazy\" decoding=\"async\" class=\"size-medium wp-image-346649 alignleft\" src=\"https:\/\/www.radiopiu.net\/wordpress\/wp-content\/uploads\/2023\/07\/Senza-nome-98-300x207.png\" alt=\"\" width=\"300\" height=\"207\" srcset=\"https:\/\/www.radiopiu.net\/wordpress\/wp-content\/uploads\/2023\/07\/Senza-nome-98-300x207.png 300w, https:\/\/www.radiopiu.net\/wordpress\/wp-content\/uploads\/2023\/07\/Senza-nome-98.png 379w\" sizes=\"auto, (max-width: 300px) 100vw, 300px\" \/><\/a><strong>GOSALDO<\/strong> Isacco Costa ed Emanuela Zaetta conquistano il trofeo nella fara gosaldina giunta alla 13esima edizione. Hanno partecipato in 150 che si sono divisi tra la passeggiata ludico motoria, la prova non competitiva e il percorso riservato ai giovani.<\/p>\n<div class=\"articlePlainText\"><strong>LE CLASSIFICHE<\/strong><\/div>\n<div class=\"articlePlainText\">Maschili. Assoluta (8 chilometri): 1. Isacco Costa 37.08; 2. Elia Costa 37.08; 3. Ruggero Berolo 37.09.\u00a0 Giovani (1,5 chilometri): 1. Mattia Canali 7.15; 2. Lorenzo Veronese 7.21; 3. Amedeo Vigilante 7.22; Femminili. Assoluta (8 chilometri): 1. Emanuela Zaetta 48.03; 2. Giulia Ben 49.12; 3. Monica Todesco 52.50. Giovani (1,5 chilometri): 1. Chiara Biasi 8.36; 2. Rebecca Buxaj 8.37; 3. Joelle Ren 8.47<\/div>\n<p>&nbsp;<\/p>\n<p>&nbsp;<\/p>\n<hr \/>\n<p>&nbsp;<\/p>\n<blockquote>\n<h3>LORENZO BUSIN VINCE IL CARLA SERAFINI A CAVIOLA<\/h3>\n<\/blockquote>\n<p><strong><a class=\"dt-pswp-item\" href=\"https:\/\/www.radiopiu.net\/wordpress\/wp-content\/uploads\/2023\/07\/26c027e9-f926-4276-9fa6-f1f1c045d38b.jpg\" data-dt-img-description=\"\" data-large_image_width=\"2048\" data-large_image_height=\"2048\"><img loading=\"lazy\" decoding=\"async\" class=\" wp-image-346652 alignleft\" src=\"https:\/\/www.radiopiu.net\/wordpress\/wp-content\/uploads\/2023\/07\/26c027e9-f926-4276-9fa6-f1f1c045d38b-300x300.jpg\" alt=\"\" width=\"174\" height=\"174\" srcset=\"https:\/\/www.radiopiu.net\/wordpress\/wp-content\/uploads\/2023\/07\/26c027e9-f926-4276-9fa6-f1f1c045d38b-300x300.jpg 300w, https:\/\/www.radiopiu.net\/wordpress\/wp-content\/uploads\/2023\/07\/26c027e9-f926-4276-9fa6-f1f1c045d38b-1024x1024.jpg 1024w, https:\/\/www.radiopiu.net\/wordpress\/wp-content\/uploads\/2023\/07\/26c027e9-f926-4276-9fa6-f1f1c045d38b-150x150.jpg 150w, https:\/\/www.radiopiu.net\/wordpress\/wp-content\/uploads\/2023\/07\/26c027e9-f926-4276-9fa6-f1f1c045d38b-768x768.jpg 768w, https:\/\/www.radiopiu.net\/wordpress\/wp-content\/uploads\/2023\/07\/26c027e9-f926-4276-9fa6-f1f1c045d38b-1536x1536.jpg 1536w, https:\/\/www.radiopiu.net\/wordpress\/wp-content\/uploads\/2023\/07\/26c027e9-f926-4276-9fa6-f1f1c045d38b.jpg 2048w\" sizes=\"auto, (max-width: 174px) 100vw, 174px\" \/><\/a>FALCADE<\/strong> Ieri la 35esima edizione del Trofeo Carla Serafini, non lo si correva da 4 anni causa covid.\u00a0 LE CLASSIFICHE\u00a0 categoria maschile 2007 e precedenti: 1. Lorenzo Busin (Team Internorma\u00ec) 19&#8217;05; 2. Emanuele Busin (Team Sottozero) 19&#8217;19; 3. Enrico Barp (Ski College) 19&#8217;40. Femminile 2007 e precedenti: 1. Malin Borsjesjo (Team Internorma) 22&#8217;55; 2. Caterina Milan (Val Biois) 24&#8217;43, 3. Sara Bordin (Ski College) 25&#8217;31. Maschile 2008-2010: 1. Federico De Bernardin ( Val Biois) 7&#8217;50, Dylan Andrich (Val Biois) 7&#8217;59, 3. Jacopo Deola 8&#8217;01. Femminile 2008-2010: 1. Lidia Serafini (Val Biois) 9&#8217;42, 2. Matilde Moretti (Val Biois)10&#8217;25, 3. Giovanna Milan (Val Biois) 11&#8217;59. Maschile 2011-2013: 1. Nicolas Chiocchetti (Val Biois) 3&#8217;44, 2. Raffaele Collesei (Club Padova) 3&#8217;51, 3. Alexander Shabi (Val Biois) 3&#8217;55. Maschile 2014-2016: 1. Jgor Basso (Val Biois) 5&#8217;13, 2. Valentino Chiocchetti (Val Biois) 5&#8217;23, 3. Federico Fontanive (Val Biois)5&#8217;26. Femminile 2014-2016: 1. Evi Egitto (Val Biois) 5&#8217;43, 2. Anna Fontanive (Val Biois) 5&#8217;48, 3. Adele Veregnano 6&#8217;12. Assoluta 2017 e successivi: 1. Evan Egitto (Val Biois) 3&#8217;06, Giulio Shabi (Val Biois)3&#8217;18, 3. Aida Sasso 3&#8217;46.<\/p>\n<p>&nbsp;<\/p>\n<p>&nbsp;<\/p>\n<p>&nbsp;<\/p>\n<hr \/>\n<p>&nbsp;<\/p>\n<p><span style=\"color: #0000ff;\"><strong>HOCKEY SU GHIACCIO<\/strong><\/span><\/p>\n<blockquote>\n<h3>FRANCESCO SOPPELSA CONFERMATO NEL ROSTER DELL&#8217;ALLEGHE HOCKEY<\/h3>\n<\/blockquote>\n<p><strong><a class=\"dt-pswp-item\" href=\"https:\/\/www.radiopiu.net\/wordpress\/wp-content\/uploads\/2023\/07\/8f3e741e-ccd4-46f7-92eb-1ff81312ba9e.jpg\" data-dt-img-description=\"\" data-large_image_width=\"1024\" data-large_image_height=\"682\"><img loading=\"lazy\" decoding=\"async\" class=\" wp-image-346400 alignleft\" src=\"https:\/\/www.radiopiu.net\/wordpress\/wp-content\/uploads\/2023\/07\/8f3e741e-ccd4-46f7-92eb-1ff81312ba9e-300x200.jpg\" alt=\"\" width=\"158\" height=\"105\" srcset=\"https:\/\/www.radiopiu.net\/wordpress\/wp-content\/uploads\/2023\/07\/8f3e741e-ccd4-46f7-92eb-1ff81312ba9e-300x200.jpg 300w, https:\/\/www.radiopiu.net\/wordpress\/wp-content\/uploads\/2023\/07\/8f3e741e-ccd4-46f7-92eb-1ff81312ba9e-768x512.jpg 768w, https:\/\/www.radiopiu.net\/wordpress\/wp-content\/uploads\/2023\/07\/8f3e741e-ccd4-46f7-92eb-1ff81312ba9e.jpg 1024w\" sizes=\"auto, (max-width: 158px) 100vw, 158px\" \/><\/a>di Roberto Miana, portavoce dell&#8217;Alleghe Hockey<\/strong><\/p>\n<p>Un\u2019altra buona notizia arriva dalle rive del lago di Alleghe. La Societ\u00e0 Biancorossa annuncia con piacere la conferma nel proprio roster di FRANCESCO SOPPELSA. Francesco, attaccante classe 2002 di Cencenighe, \u00e8 un prodotto del vivaio biancorosso. Ha esordito con la squadra senior delle Civette nella stagione 2018\/2019, facendo registrare 118 presenze impreziosite da 19 gol e 26 assist. Nell\u2019ultima stagione, seppur non brillante a livello di squadra, si \u00e8 comunque dimostrato assist-man: con 13 assist forniti ai compagni in 24 gare disputate, tanti quanti fatti nelle quattro stagioni precedenti con la maglia dell\u2019Alleghe. Questo quanto ci ha detto Francesco: \u201cIn vista della nuova stagione la Societ\u00e0 ha fatto un grandissimo lavoro nel rinforzare il roster e questo ci d\u00e0 la forza per ripartire con entusiasmo per la nuova avventura che ci aspetta. Fortunatamente la mia attivit\u00e0 lavorativa mi permette di conciliare sport e lavoro, potendo essere sempre presente per dare, infortuni permettendo, il mio contributo alla squadra. Visto l\u2019andamento della scorsa stagione avevo un po\u2019 perso l\u2019entusiasmo ma, dopo le riunioni e l\u2019impegno della societ\u00e0 nel soddisfare le nostre richieste, ho deciso di prendere parte a questa nuova stagione. Preferisco non sbilanciarmi troppo ma, viste le premesse, mi aspetto una stagione che ci dia qualche soddisfazione in pi\u00f9 dello scorso campionato\u201d<\/p>\n<p>(foto: Annalisa Dal Mas)<\/p>\n<p>&nbsp;<\/p>\n<p><span style=\"color: #0000ff;\"><strong>NUOTO<\/strong><\/span><\/p>\n<blockquote>\n<h3>LIGNANO OPEN WATER:\u00a0 SOGNE \u00c8 VENTESIMO ASSOLUTO E PRIMO DI CATEGORIA<\/h3>\n<\/blockquote>\n<p><strong><a class=\"dt-pswp-item\" href=\"https:\/\/www.radiopiu.net\/wordpress\/wp-content\/uploads\/2023\/07\/Gruppo_a_Lignano.jpg\" data-dt-img-description=\"\" data-large_image_width=\"1600\" data-large_image_height=\"1201\"><img loading=\"lazy\" decoding=\"async\" class=\" wp-image-346427 alignleft\" src=\"https:\/\/www.radiopiu.net\/wordpress\/wp-content\/uploads\/2023\/07\/Gruppo_a_Lignano-300x225.jpg\" alt=\"\" width=\"161\" height=\"121\" srcset=\"https:\/\/www.radiopiu.net\/wordpress\/wp-content\/uploads\/2023\/07\/Gruppo_a_Lignano-300x225.jpg 300w, https:\/\/www.radiopiu.net\/wordpress\/wp-content\/uploads\/2023\/07\/Gruppo_a_Lignano-1024x769.jpg 1024w, https:\/\/www.radiopiu.net\/wordpress\/wp-content\/uploads\/2023\/07\/Gruppo_a_Lignano-768x576.jpg 768w, https:\/\/www.radiopiu.net\/wordpress\/wp-content\/uploads\/2023\/07\/Gruppo_a_Lignano-1536x1153.jpg 1536w, https:\/\/www.radiopiu.net\/wordpress\/wp-content\/uploads\/2023\/07\/Gruppo_a_Lignano.jpg 1600w\" sizes=\"auto, (max-width: 161px) 100vw, 161px\" \/><\/a>BELLUNO <\/strong>La Sportivamente Belluno lascia un\u2019impronta indelebile anche alla Lignano Open Water Swim Competition, la gara di nuoto in acque libere aperta a tesserati Fin e Finp. Otto i portacolori bellunesi al via: Lucilla Majo, Tommaso De Nicol\u00f2, Nicola Polini, Matteo Sogne, Marco Vaccaro, Sandro Zambito Marsala, Nicola Zeggio e Nicol\u00f2 Guido Pierni. Tutti gli atleti hanno dato vita a buonissime prestazioni, a conferma che il gruppo \u00e8 in rapida e costante ascesa. Come lo \u00e8 il movimento del nuoto in acque libere: una disciplina capace di catturare l\u2019interesse, e l\u2019impegno, di un numero sempre maggiore di praticanti. Cos\u00ec, di riflesso, aumenta pure il livello competitivo delle gare. Nell\u2019appuntamento di Lignano, a risaltare \u00e8 soprattutto la prestazione di Matteo Sogne (M40), abile a completare i tremila metri in 48\u201940\u201d. Un tempo che gli \u00e8 valso il ventesimo posto assoluto e il primato di categoria. Splendida prova anche di Lucilla Majo, seconda nella fascia M60 in 1h16\u201d27.<\/p>\n<p>&nbsp;<\/p>\n<p><span style=\"color: #0000ff;\"><strong>EQUITAZIONE<\/strong><\/span><\/p>\n<blockquote>\n<h3>IL PR RANCH TORNA DALLA TRASFERTA IN TOSCANA CON DUE MEDAGLIE<\/h3>\n<\/blockquote>\n<p>Gli atleti del Pr Ranch\u00a0 ad Arezzo hanno ben figurato nella due giorni dedicata al Volteggio Equestre portando a casa due bronzi e un onorevolissimo quarto posto. La prima squadra ad entrare in campo per la cat.L formata da Alessandro Oldrati Gaia Lucchetti e Gaia Delazer sulle note del musical Chorus Line hanno raggiunto la quarta posizione con solo pochi centesimi di scarto dal terzo posto. Le piccole volteggiatrici Arianna Oldrati ,Alice Stieven e Luce Busana hanno gareggiato in cat.F. Sulla musica di Heidi si sono aggiudicate il terzo posto portando cos\u00ec una bellissima medaglia di bronzo al Veneto. Sabato mattina \u00e8 toccato a Aurora Zuanel tenere alto il nome del Veneto.\u00a0 Nella cat.D agonistica e c&#8217;\u00e8 riuscita perfettamente mettendosi al collo un altro bel Bronzo!<\/p>\n<blockquote><p><em>&#8220;Siamo felici di aver dato un piccolo contributo al Veneto portando 2 medaglie di bronzo&#8221; <\/em>Pr Ranch.<\/p>\n<p>&nbsp;<\/p><\/blockquote>\n\n\t\t\t<style type='text\/css'>\n\t\t\t\t#gallery-6 {\n\t\t\t\t\tmargin: auto;\n\t\t\t\t}\n\t\t\t\t#gallery-6 .gallery-item {\n\t\t\t\t\tfloat: left;\n\t\t\t\t\tmargin-top: 10px;\n\t\t\t\t\ttext-align: center;\n\t\t\t\t\twidth: 14%;\n\t\t\t\t}\n\t\t\t\t#gallery-6 img {\n\t\t\t\t\tborder: 2px solid #cfcfcf;\n\t\t\t\t}\n\t\t\t\t#gallery-6 .gallery-caption {\n\t\t\t\t\tmargin-left: 0;\n\t\t\t\t}\n\t\t\t\t\/* see gallery_shortcode() in wp-includes\/media.php *\/\n\t\t\t<\/style>\n\t\t<div id='gallery-6' class='dt-gallery-container gallery galleryid-346359 gallery-columns-7 gallery-size-thumbnail'><dl class='gallery-item'>\n\t\t\t\t<dt class='gallery-icon portrait'>\n\t\t\t\t\t<a class=\"rollover rollover-zoom dt-pswp-item\" title=\"3f38bbb3-411c-45e9-b7e6-5fde6c0e6d57\" data-dt-img-description=\"\" data-large_image_width=\"1200\" data-large_image_height=\"1599\"href='https:\/\/www.radiopiu.net\/wordpress\/wp-content\/uploads\/2023\/07\/3f38bbb3-411c-45e9-b7e6-5fde6c0e6d57.jpg'><img loading=\"lazy\" decoding=\"async\" width=\"150\" height=\"150\" src=\"https:\/\/www.radiopiu.net\/wordpress\/wp-content\/uploads\/2023\/07\/3f38bbb3-411c-45e9-b7e6-5fde6c0e6d57-150x150.jpg\" class=\"attachment-thumbnail size-thumbnail\" alt=\"\" \/><\/a>\n\t\t\t\t<\/dt><\/dl><dl class='gallery-item'>\n\t\t\t\t<dt class='gallery-icon portrait'>\n\t\t\t\t\t<a class=\"rollover rollover-zoom dt-pswp-item\" title=\"f1bd9410-7ad6-410d-8b5b-c00af64a101a\" data-dt-img-description=\"\" data-large_image_width=\"1200\" data-large_image_height=\"1600\"href='https:\/\/www.radiopiu.net\/wordpress\/wp-content\/uploads\/2023\/07\/f1bd9410-7ad6-410d-8b5b-c00af64a101a.jpg'><img loading=\"lazy\" decoding=\"async\" width=\"150\" height=\"150\" src=\"https:\/\/www.radiopiu.net\/wordpress\/wp-content\/uploads\/2023\/07\/f1bd9410-7ad6-410d-8b5b-c00af64a101a-150x150.jpg\" class=\"attachment-thumbnail size-thumbnail\" alt=\"\" \/><\/a>\n\t\t\t\t<\/dt><\/dl><dl class='gallery-item'>\n\t\t\t\t<dt class='gallery-icon portrait'>\n\t\t\t\t\t<a class=\"rollover rollover-zoom dt-pswp-item\" title=\"af99001c-9084-4f81-a7cb-1895d863345e\" data-dt-img-description=\"\" data-large_image_width=\"576\" data-large_image_height=\"1024\"href='https:\/\/www.radiopiu.net\/wordpress\/wp-content\/uploads\/2023\/07\/af99001c-9084-4f81-a7cb-1895d863345e.jpg'><img loading=\"lazy\" decoding=\"async\" width=\"150\" height=\"150\" src=\"https:\/\/www.radiopiu.net\/wordpress\/wp-content\/uploads\/2023\/07\/af99001c-9084-4f81-a7cb-1895d863345e-150x150.jpg\" class=\"attachment-thumbnail size-thumbnail\" alt=\"\" \/><\/a>\n\t\t\t\t<\/dt><\/dl><dl class='gallery-item'>\n\t\t\t\t<dt class='gallery-icon portrait'>\n\t\t\t\t\t<a class=\"rollover rollover-zoom dt-pswp-item\" title=\"cf455997-a747-4538-8e5f-6e034a8ee805\" data-dt-img-description=\"\" data-large_image_width=\"576\" data-large_image_height=\"1024\"href='https:\/\/www.radiopiu.net\/wordpress\/wp-content\/uploads\/2023\/07\/cf455997-a747-4538-8e5f-6e034a8ee805.jpg'><img loading=\"lazy\" decoding=\"async\" width=\"150\" height=\"150\" src=\"https:\/\/www.radiopiu.net\/wordpress\/wp-content\/uploads\/2023\/07\/cf455997-a747-4538-8e5f-6e034a8ee805-150x150.jpg\" class=\"attachment-thumbnail size-thumbnail\" alt=\"\" \/><\/a>\n\t\t\t\t<\/dt><\/dl><dl class='gallery-item'>\n\t\t\t\t<dt class='gallery-icon landscape'>\n\t\t\t\t\t<a class=\"rollover rollover-zoom dt-pswp-item\" title=\"432165f1-8804-4249-ac40-aecd7de5c17f\" data-dt-img-description=\"\" data-large_image_width=\"2048\" data-large_image_height=\"1536\"href='https:\/\/www.radiopiu.net\/wordpress\/wp-content\/uploads\/2023\/07\/432165f1-8804-4249-ac40-aecd7de5c17f.jpg'><img loading=\"lazy\" decoding=\"async\" width=\"150\" height=\"150\" src=\"https:\/\/www.radiopiu.net\/wordpress\/wp-content\/uploads\/2023\/07\/432165f1-8804-4249-ac40-aecd7de5c17f-150x150.jpg\" class=\"attachment-thumbnail size-thumbnail\" alt=\"\" \/><\/a>\n\t\t\t\t<\/dt><\/dl><dl class='gallery-item'>\n\t\t\t\t<dt class='gallery-icon portrait'>\n\t\t\t\t\t<a class=\"rollover rollover-zoom dt-pswp-item\" title=\"8575857b-c9a7-4a50-bb85-5d4b0039e4d4\" data-dt-img-description=\"\" data-large_image_width=\"1536\" data-large_image_height=\"2048\"href='https:\/\/www.radiopiu.net\/wordpress\/wp-content\/uploads\/2023\/07\/8575857b-c9a7-4a50-bb85-5d4b0039e4d4.jpg'><img loading=\"lazy\" decoding=\"async\" width=\"150\" height=\"150\" src=\"https:\/\/www.radiopiu.net\/wordpress\/wp-content\/uploads\/2023\/07\/8575857b-c9a7-4a50-bb85-5d4b0039e4d4-150x150.jpg\" class=\"attachment-thumbnail size-thumbnail\" alt=\"\" \/><\/a>\n\t\t\t\t<\/dt><\/dl><dl class='gallery-item'>\n\t\t\t\t<dt class='gallery-icon portrait'>\n\t\t\t\t\t<a class=\"rollover rollover-zoom dt-pswp-item\" title=\"3d763307-f3a4-4381-be0a-f2cc8d925f01\" data-dt-img-description=\"\" data-large_image_width=\"1536\" data-large_image_height=\"2048\"href='https:\/\/www.radiopiu.net\/wordpress\/wp-content\/uploads\/2023\/07\/3d763307-f3a4-4381-be0a-f2cc8d925f01.jpg'><img loading=\"lazy\" decoding=\"async\" width=\"150\" height=\"150\" src=\"https:\/\/www.radiopiu.net\/wordpress\/wp-content\/uploads\/2023\/07\/3d763307-f3a4-4381-be0a-f2cc8d925f01-150x150.jpg\" class=\"attachment-thumbnail size-thumbnail\" alt=\"\" \/><\/a>\n\t\t\t\t<\/dt><\/dl><br style=\"clear: both\" \/>\n\t\t\t<\/div>\n\n<p>&nbsp;<\/p>\n<p>&nbsp;<\/p>\n<h3>CORSA IN MONTAGNA, VERSO LA 16 COMUNI<span style=\"color: #ff0000;\"> video<\/span><\/h3>\n<div style=\"width: 848px;\" class=\"wp-video\"><video class=\"wp-video-shortcode\" id=\"video-346359-2\" width=\"848\" height=\"432\" preload=\"metadata\" controls=\"controls\"><source type=\"video\/mp4\" src=\"https:\/\/www.radiopiu.net\/wordpress\/wp-content\/uploads\/2023\/07\/WhatsApp-Video-2023-07-26-at-19.15.41.mp4?_=2\" \/><a href=\"https:\/\/www.radiopiu.net\/wordpress\/wp-content\/uploads\/2023\/07\/WhatsApp-Video-2023-07-26-at-19.15.41.mp4\">https:\/\/www.radiopiu.net\/wordpress\/wp-content\/uploads\/2023\/07\/WhatsApp-Video-2023-07-26-at-19.15.41.mp4<\/a><\/video><\/div>\n<p>&nbsp;<\/p>\n<p>&nbsp;<\/p>\n<p>&nbsp;<\/p>\n<\/div>\n<\/div>\n","protected":false},"excerpt":{"rendered":"<p>40esimo di RADIOPIU\u2026. LA VOCE DELL\u2019EMOZIONE ISCRIVITI AL NOSTRO CANALE\u00a0\u00a0YOUTUBE PER SEGUIRE IN DIRETTA I PRINCIPALI PROGRAMMI DI RADIO PIU\u2019 E LE FUTURE DIRETTE IN ESTERNA. PER ISCRIVERTI\u00a0CLICCA QUI\u00a0E PREMI\u00a0 \u201cIscriviti\u201d &nbsp; &nbsp; &nbsp; ACQUA POTABILE A SAN TOMASO SAN TOMASO AGORDINO Gestione Servizi Pubblici informa che a SAN TOMASO AGORDINO nelle localit\u00e0 RONCH E&hellip;<\/p>\n","protected":false},"author":4,"featured_media":346658,"comment_status":"closed","ping_status":"closed","sticky":false,"template":"","format":"standard","meta":{"_monsterinsights_skip_tracking":false,"_monsterinsights_sitenote_active":false,"_monsterinsights_sitenote_note":"","_monsterinsights_sitenote_category":0,"footnotes":""},"categories":[51,86,49],"tags":[],"class_list":["post-346359","post","type-post","status-publish","format-standard","has-post-thumbnail","hentry","category-evidenza-top","category-gr","category-news-18","category-51","category-86","category-49","description-off"],"img_url":"https:\/\/www.radiopiu.net\/wordpress\/wp-content\/uploads\/2023\/07\/d91d8cb3-eef1-4a43-b5bd-0f2d552ec1df.jpg","_links":{"self":[{"href":"https:\/\/www.radiopiu.net\/wordpress\/wp-json\/wp\/v2\/posts\/346359","targetHints":{"allow":["GET"]}}],"collection":[{"href":"https:\/\/www.radiopiu.net\/wordpress\/wp-json\/wp\/v2\/posts"}],"about":[{"href":"https:\/\/www.radiopiu.net\/wordpress\/wp-json\/wp\/v2\/types\/post"}],"author":[{"embeddable":true,"href":"https:\/\/www.radiopiu.net\/wordpress\/wp-json\/wp\/v2\/users\/4"}],"replies":[{"embeddable":true,"href":"https:\/\/www.radiopiu.net\/wordpress\/wp-json\/wp\/v2\/comments?post=346359"}],"version-history":[{"count":0,"href":"https:\/\/www.radiopiu.net\/wordpress\/wp-json\/wp\/v2\/posts\/346359\/revisions"}],"wp:featuredmedia":[{"embeddable":true,"href":"https:\/\/www.radiopiu.net\/wordpress\/wp-json\/wp\/v2\/media\/346658"}],"wp:attachment":[{"href":"https:\/\/www.radiopiu.net\/wordpress\/wp-json\/wp\/v2\/media?parent=346359"}],"wp:term":[{"taxonomy":"category","embeddable":true,"href":"https:\/\/www.radiopiu.net\/wordpress\/wp-json\/wp\/v2\/categories?post=346359"},{"taxonomy":"post_tag","embeddable":true,"href":"https:\/\/www.radiopiu.net\/wordpress\/wp-json\/wp\/v2\/tags?post=346359"}],"curies":[{"name":"wp","href":"https:\/\/api.w.org\/{rel}","templated":true}]}}