{"id":346373,"date":"2024-10-06T09:45:42","date_gmt":"2024-10-06T07:45:42","guid":{"rendered":"https:\/\/www.radiopiu.net\/wordpress\/?p=346373"},"modified":"2024-10-06T09:51:13","modified_gmt":"2024-10-06T07:51:13","slug":"gabriel-marcon-convocato-con-la-nazionale-under-16-al-torneo-dei-gironi","status":"publish","type":"post","link":"https:\/\/www.radiopiu.net\/wordpress\/gabriel-marcon-convocato-con-la-nazionale-under-16-al-torneo-dei-gironi\/","title":{"rendered":"GABRIEL MARCON CONVOCATO CON LA NAZIONALE UNDER 16 AL TORNEO DEI GIRONI"},"content":{"rendered":"<div class=\"flex-1 overflow-hidden\">\n<div class=\"react-scroll-to-bottom--css-wagyy-79elbk h-full dark:bg-gray-800\">\n<div class=\"react-scroll-to-bottom--css-wagyy-1n7m0yu\">\n<div class=\"flex flex-col text-sm dark:bg-gray-800\">\n<div class=\"group w-full text-gray-800 dark:text-gray-100 border-b border-black\/10 dark:border-gray-900\/50 bg-gray-50 dark:bg-[#444654]\">\n<div class=\"flex p-4 gap-4 text-base md:gap-6 md:max-w-2xl lg:max-w-[38rem] xl:max-w-3xl md:py-6 lg:px-0 m-auto\">\n<div class=\"relative flex w-[calc(100%-50px)] flex-col gap-1 md:gap-3 lg:w-[calc(100%-115px)]\">\n<div class=\"flex flex-grow flex-col gap-3\">\n<div class=\"min-h-[20px] flex items-start overflow-x-auto whitespace-pre-wrap break-words flex-col gap-4\">\n<div class=\"markdown prose w-full break-words dark:prose-invert light\">\n<p>&nbsp;<\/p>\n<blockquote><p>\u00a0per\u00a0 il <strong>Torneo dei Gironi<\/strong>\u00a0con l\u2019<strong>Italia Under 16<\/strong>, campione d\u2019Europa in carica.<\/p><\/blockquote>\n<p><strong>GOSALDO<\/strong> Gabriel Marcon, esterno ex Dolomiti Bellunesi, talentuoso calciatore agordino attualmente all&#8217;Hellas Verona, \u00e8 stato convocato nella Nazionale Under 17, campione d&#8217;Europa in carica. Originario di Gosaldo, avr\u00e0 l\u2019opportunit\u00e0 di partecipare al Torneo dei Gironi a Novarello, dove si confronter\u00e0 con i migliori talenti italiani. L&#8217;ufficialit\u00e0 della convocazione \u00e8 arrivata nelle ultime ore.<\/p>\n<\/div>\n<\/div>\n<\/div>\n<\/div>\n<\/div>\n<\/div>\n<\/div>\n<\/div>\n<\/div>\n<\/div>\n<blockquote><p><em>Il giovane giallobl\u00f9 parteciper\u00e0, dal 4 al 6 ottobre a\u00a0<strong>Novarello<\/strong>, alla competizione a cui prenderanno parte sessanta giocatori convocati dal commissario tecnico\u00a0<strong>Massimiliano Favo<\/strong>. Gli Azzurrini saranno divisi in tre squadre composte da venti elementi e si sfideranno in questo torneo amichevole annuale.<\/em><\/p><\/blockquote>\n<div class=\"code-block code-block-2\">\n<div class=\"gptslot_widget\" data-adunitid=\"50\"><\/div>\n<\/div>\n<p>&nbsp;<\/p>\n<div class=\"flex-1 overflow-hidden\">\n<div class=\"react-scroll-to-bottom--css-wagyy-79elbk h-full dark:bg-gray-800\">\n<div class=\"react-scroll-to-bottom--css-wagyy-1n7m0yu\">\n<div class=\"flex flex-col text-sm dark:bg-gray-800\">\n<div class=\"group w-full text-gray-800 dark:text-gray-100 border-b border-black\/10 dark:border-gray-900\/50 bg-gray-50 dark:bg-[#444654]\">\n<div class=\"flex p-4 gap-4 text-base md:gap-6 md:max-w-2xl lg:max-w-[38rem] xl:max-w-3xl md:py-6 lg:px-0 m-auto\">\n<div class=\"relative flex w-[calc(100%-50px)] flex-col gap-1 md:gap-3 lg:w-[calc(100%-115px)]\">\n<div class=\"flex flex-grow flex-col gap-3\">\n<div class=\"min-h-[20px] flex items-start overflow-x-auto whitespace-pre-wrap break-words flex-col gap-4\">\n<div class=\"markdown prose w-full break-words dark:prose-invert light\">\n<hr \/>\n<p><span style=\"color: #ff0000;\">ARCHIVIO RADIOPIU 29 LUGLIO 2023<\/span><\/p>\n<blockquote>\n<h2>GABRIEL MARCON DALLA PERIFERIA AL CALCIO CHE CONTA<\/h2>\n<\/blockquote>\n<p><strong><img loading=\"lazy\" decoding=\"async\" class=\"alignleft\" src=\"https:\/\/www.radiopiu.net\/wordpress\/wp-content\/uploads\/2023\/07\/Gabriel-Marcon.jpg\" width=\"263\" height=\"148\" \/>BELLUNO<\/strong> Il gosaldino Gabriel Marcon, giovane talento delle Dolomiti Bellunesi, lascia Belluno per Verona. Il quindicenne esterno bellunese ha infatti firmato con l&#8217;Hellas, una vera squadra professionistica che attualmente milita in Serie A. Marcon si mostra felice e soddisfatto della sua scelta, affermando di credere che l&#8217;Hellas possa portarlo ai migliori risultati e apprezzando l&#8217;ottima presentazione della societ\u00e0 veronese. L&#8217;obiettivo del giovane calciatore \u00e8 guadagnarsi la fiducia dell&#8217;Hellas Verona e realizzare il suo desiderio di diventare un calciatore di alto livello. Marcon: un ragazzo molto promettente con la mentalit\u00e0 e l&#8217;atteggiamento giusti per il calcio moderno. Da Gosaldo e da tutto l&#8217;Agordino in bocca al lupo Gabriel!<\/p>\n<p>mm<\/p>\n<\/div>\n<\/div>\n<\/div>\n<div class=\"flex justify-between lg:block\">\n<div class=\"text-xs flex items-center justify-center gap-1 self-center pt-2 !invisible\"><span style=\"color: #ff0000;\">ARCHIVIO RADIOPIU 02 MARZO 2023<\/span><\/div>\n<\/div>\n<\/div>\n<\/div>\n<\/div>\n<\/div>\n<\/div>\n<\/div>\n<\/div>\n<div class=\"absolute bottom-0 left-0 w-full border-t md:border-t-0 dark:border-white\/20 md:border-transparent md:dark:border-transparent md:bg-vert-light-gradient bg-white dark:bg-gray-800 md:!bg-transparent dark:md:bg-vert-dark-gradient pt-2 md:pl-2 md:w-[calc(100%-.5rem)]\">\n<form class=\"stretch mx-2 flex flex-row gap-3 last:mb-2 md:mx-4 md:last:mb-6 lg:mx-auto lg:max-w-2xl xl:max-w-3xl\">\n<div class=\"relative flex h-full flex-1 items-stretch md:flex-col\" role=\"presentation\">\n<div>\n<blockquote>\n<h3 class=\"h-full flex ml-1 md:w-full md:m-auto md:mb-4 gap-0 md:gap-2 justify-center\">GABRIEL MARCON, UN AGORDINO IN PROVA ALLA JUVENTUS<\/h3>\n<\/blockquote>\n<p><strong><a class=\"dt-pswp-item\" href=\"https:\/\/www.radiopiu.net\/wordpress\/wp-content\/uploads\/2023\/03\/SCR-20230301-wks.jpeg\" data-dt-img-description=\"\" data-large_image_width=\"1492\" data-large_image_height=\"996\"><img loading=\"lazy\" decoding=\"async\" class=\" wp-image-324509 alignleft\" src=\"https:\/\/www.radiopiu.net\/wordpress\/wp-content\/uploads\/2023\/03\/SCR-20230301-wks-300x200.jpeg\" alt=\"\" width=\"200\" height=\"133\" srcset=\"https:\/\/www.radiopiu.net\/wordpress\/wp-content\/uploads\/2023\/03\/SCR-20230301-wks-300x200.jpeg 300w, https:\/\/www.radiopiu.net\/wordpress\/wp-content\/uploads\/2023\/03\/SCR-20230301-wks-1024x684.jpeg 1024w, https:\/\/www.radiopiu.net\/wordpress\/wp-content\/uploads\/2023\/03\/SCR-20230301-wks-768x513.jpeg 768w, https:\/\/www.radiopiu.net\/wordpress\/wp-content\/uploads\/2023\/03\/SCR-20230301-wks.jpeg 1492w\" sizes=\"auto, (max-width: 200px) 100vw, 200px\" \/><\/a>REDAZIONE<\/strong> Anche un agordino in prova alla Juventus. Si tratta di Gabriel Marcon (2008), classe 2008, difensore dell&#8217;under 15 della Dolomiti Bellunesi che assieme al suo compagno di squadra, \u00a0Nicol\u00f2 Trevisan (2009).\u00a0 in questi giorni si trova a Vinovo, il centro sportivo della vecchia signora, per dei test assieme a dei suoi pari et\u00e0. Non \u00e8 la prima volta che Marcon viene adocchiato da\u00a0club blasonati. Gi\u00e0 la scorsa estate Gabriel aveva avuto l&#8217;occasione di far parte delle giovanili del Torino ma le cose non erano andate per il verso giusto. Negli ultimi due giorni il ragazzo di Gosaldo ha avuto modo di fare delle sedute di allenamento. Gi\u00e0 poco tempo fa era stato chiamato con la Rappresentativa Nazionale Under 15.<\/p>\n<\/div>\n<\/div>\n<p>&nbsp;<\/p>\n<p><span style=\"color: #ff0000;\">ARCHIVIO RADIOPIU 27\u00a0 FEBBRAIO 2022<\/span><\/p>\n<blockquote>\n<h3><strong>GABRIELE MARCON, DALL&#8217;AGORDINA\u00a0 ALLA DOLOIMITI BELLUNESI ED ORA IN PROVA AL MILAN<\/strong><\/h3>\n<\/blockquote>\n<p><strong><a class=\"dt-pswp-item\" href=\"https:\/\/www.radiopiu.net\/wordpress\/wp-content\/uploads\/2022\/02\/Schermata-2022-02-27-alle-11.45.02.png\" data-dt-img-description=\"\" data-large_image_width=\"910\" data-large_image_height=\"684\"><img loading=\"lazy\" decoding=\"async\" class=\" wp-image-261855 alignleft\" src=\"https:\/\/www.radiopiu.net\/wordpress\/wp-content\/uploads\/2022\/02\/Schermata-2022-02-27-alle-11.45.02-300x225.png\" alt=\"\" width=\"240\" height=\"180\" srcset=\"https:\/\/www.radiopiu.net\/wordpress\/wp-content\/uploads\/2022\/02\/Schermata-2022-02-27-alle-11.45.02-300x225.png 300w, https:\/\/www.radiopiu.net\/wordpress\/wp-content\/uploads\/2022\/02\/Schermata-2022-02-27-alle-11.45.02-768x577.png 768w, https:\/\/www.radiopiu.net\/wordpress\/wp-content\/uploads\/2022\/02\/Schermata-2022-02-27-alle-11.45.02.png 910w\" sizes=\"auto, (max-width: 240px) 100vw, 240px\" \/><\/a>AGORDO<\/strong> Classe 2008, ha giocato nell&#8217;Agordina e ora milita nella Dolomiti Bellunesi, Gabriele Marcon sembra essere un portento del calcio e sembra che il settore giovanile del Milan lo abbia capito. Il giovane giocatore agordino nelle settimane scorse ha avuto l&#8217;occasione di fare due giorni di allenamento con i pari et\u00e0 del Milan e la soddisfazione \u00e8 tanta. Anche in casa Agordina la felicit\u00e0 si fa sentire e a fare da portavoce \u00e8 il Presidente Cosmo Forcella. &#8220;<em>Siamo felici che un altro ragazzo della Valle si stia affermando oltre regione destando l&#8217;interesse di numerosi osservatori. Indirettamente \u00e8 un riconoscimento del lavoro svolto da tutti i componenti della societ\u00e0 e dei tecnici che allenano settimanalmente i ragazzi&#8221;. <\/em>In bocca al lupo dunque a Gabriele e chiss\u00e0 che un indomani anche la Serie A parli Agordino.<\/p>\n<p>&nbsp;<\/p>\n<p>&nbsp;<\/p>\n<\/form>\n<\/div>\n","protected":false},"excerpt":{"rendered":"<p>&nbsp; \u00a0per\u00a0 il Torneo dei Gironi\u00a0con l\u2019Italia Under 16, campione d\u2019Europa in carica. GOSALDO Gabriel Marcon, esterno ex Dolomiti Bellunesi, talentuoso calciatore agordino attualmente all&#8217;Hellas Verona, \u00e8 stato convocato nella Nazionale Under 17, campione d&#8217;Europa in carica. Originario di Gosaldo, avr\u00e0 l\u2019opportunit\u00e0 di partecipare al Torneo dei Gironi a Novarello, dove si confronter\u00e0 con i&hellip;<\/p>\n","protected":false},"author":4,"featured_media":346374,"comment_status":"closed","ping_status":"closed","sticky":false,"template":"","format":"standard","meta":{"_monsterinsights_skip_tracking":false,"_monsterinsights_sitenote_active":false,"_monsterinsights_sitenote_note":"","_monsterinsights_sitenote_category":0,"footnotes":""},"categories":[104,49],"tags":[],"class_list":["post-346373","post","type-post","status-publish","format-standard","has-post-thumbnail","hentry","category-evidenza_3","category-news-18","category-104","category-49","description-off"],"img_url":"https:\/\/www.radiopiu.net\/wordpress\/wp-content\/uploads\/2023\/07\/Gabriel-Marcon.jpg","_links":{"self":[{"href":"https:\/\/www.radiopiu.net\/wordpress\/wp-json\/wp\/v2\/posts\/346373","targetHints":{"allow":["GET"]}}],"collection":[{"href":"https:\/\/www.radiopiu.net\/wordpress\/wp-json\/wp\/v2\/posts"}],"about":[{"href":"https:\/\/www.radiopiu.net\/wordpress\/wp-json\/wp\/v2\/types\/post"}],"author":[{"embeddable":true,"href":"https:\/\/www.radiopiu.net\/wordpress\/wp-json\/wp\/v2\/users\/4"}],"replies":[{"embeddable":true,"href":"https:\/\/www.radiopiu.net\/wordpress\/wp-json\/wp\/v2\/comments?post=346373"}],"version-history":[{"count":10,"href":"https:\/\/www.radiopiu.net\/wordpress\/wp-json\/wp\/v2\/posts\/346373\/revisions"}],"predecessor-version":[{"id":412877,"href":"https:\/\/www.radiopiu.net\/wordpress\/wp-json\/wp\/v2\/posts\/346373\/revisions\/412877"}],"wp:featuredmedia":[{"embeddable":true,"href":"https:\/\/www.radiopiu.net\/wordpress\/wp-json\/wp\/v2\/media\/346374"}],"wp:attachment":[{"href":"https:\/\/www.radiopiu.net\/wordpress\/wp-json\/wp\/v2\/media?parent=346373"}],"wp:term":[{"taxonomy":"category","embeddable":true,"href":"https:\/\/www.radiopiu.net\/wordpress\/wp-json\/wp\/v2\/categories?post=346373"},{"taxonomy":"post_tag","embeddable":true,"href":"https:\/\/www.radiopiu.net\/wordpress\/wp-json\/wp\/v2\/tags?post=346373"}],"curies":[{"name":"wp","href":"https:\/\/api.w.org\/{rel}","templated":true}]}}