{"id":346467,"date":"2023-07-31T13:30:45","date_gmt":"2023-07-31T11:30:45","guid":{"rendered":"https:\/\/www.radiopiu.net\/wordpress\/?p=346467"},"modified":"2023-08-01T05:52:10","modified_gmt":"2023-08-01T03:52:10","slug":"i-racconti-di-paolo-soppelsa-puntata-187","status":"publish","type":"post","link":"https:\/\/www.radiopiu.net\/wordpress\/i-racconti-di-paolo-soppelsa-puntata-187\/","title":{"rendered":"I RACCONTI DI PAOLO SOPPELSA &#8211; PUNTATA 187"},"content":{"rendered":"<p><strong>LE MONTAGNE DI CENCENIGHE<\/strong><\/p>\n<p><strong>AUDIO<\/strong><\/p>\n<audio class=\"wp-audio-shortcode\" id=\"audio-346467-1\" preload=\"none\" style=\"width: 100%;\" controls=\"controls\"><source type=\"audio\/mpeg\" src=\"https:\/\/www.radiopiu.net\/wordpress\/wp-content\/uploads\/2023\/07\/PAOLO-SOPPELSA-LE-MONTAGNE-DI-CENCENIGHE.mp3?_=1\" \/><a href=\"https:\/\/www.radiopiu.net\/wordpress\/wp-content\/uploads\/2023\/07\/PAOLO-SOPPELSA-LE-MONTAGNE-DI-CENCENIGHE.mp3\">https:\/\/www.radiopiu.net\/wordpress\/wp-content\/uploads\/2023\/07\/PAOLO-SOPPELSA-LE-MONTAGNE-DI-CENCENIGHE.mp3<\/a><\/audio>\n<p>&nbsp;<\/p>\n<p><a class=\"dt-pswp-item\" href=\"https:\/\/www.radiopiu.net\/wordpress\/wp-content\/uploads\/2023\/07\/5bddde45-36f0-4706-bc9a-f86fc847d608.jpg\" data-dt-img-description=\"\" data-large_image_width=\"1600\" data-large_image_height=\"1200\"><img loading=\"lazy\" decoding=\"async\" class=\" wp-image-346472 alignleft\" src=\"https:\/\/www.radiopiu.net\/wordpress\/wp-content\/uploads\/2023\/07\/5bddde45-36f0-4706-bc9a-f86fc847d608-300x225.jpg\" alt=\"\" width=\"172\" height=\"129\" srcset=\"https:\/\/www.radiopiu.net\/wordpress\/wp-content\/uploads\/2023\/07\/5bddde45-36f0-4706-bc9a-f86fc847d608-300x225.jpg 300w, https:\/\/www.radiopiu.net\/wordpress\/wp-content\/uploads\/2023\/07\/5bddde45-36f0-4706-bc9a-f86fc847d608-1024x768.jpg 1024w, https:\/\/www.radiopiu.net\/wordpress\/wp-content\/uploads\/2023\/07\/5bddde45-36f0-4706-bc9a-f86fc847d608-768x576.jpg 768w, https:\/\/www.radiopiu.net\/wordpress\/wp-content\/uploads\/2023\/07\/5bddde45-36f0-4706-bc9a-f86fc847d608-1536x1152.jpg 1536w, https:\/\/www.radiopiu.net\/wordpress\/wp-content\/uploads\/2023\/07\/5bddde45-36f0-4706-bc9a-f86fc847d608.jpg 1600w\" sizes=\"auto, (max-width: 172px) 100vw, 172px\" \/><\/a>Quando arrivi a Cencenighe a notte inoltrata le senti incombere le montagne. Puoi scorgere appena i profili scuri, non puoi ammirare le rocce, i boschi, i canaloni e le cime, per\u00f2 ne percepisci chiaramente la presenza. Pare quasi di sentirle respirare in certe sere d&#8217;estate quando ti accolgono illuminate a festa dalla luna piena. Sembrano voler proteggere questo paese situato nel punto dove strade valli e venti si incrociano e dove le acque di due torrenti si uniscono in un matrimonio infinito. Le montagne di Cencenighe si innalzano dal fondovalle con scatto improvviso, quasi violento; sono montagne faticose, dure da camminare, che necessitano di un passo lento almeno all&#8217;inizio dell&#8217;ascesa. Non sono montagne famose, non possiedono l&#8217;eleganza del Civetta oppure la solenne maestosit\u00e0 del Pelmo. Non si innalzano oltre quella quota simbolica dei tremila metri, rimangono abbondantemente sotto, eppure, nonostante ci\u00f2, non hanno nulla da invidiare ai monti pi\u00f9 blasonati e battuti dalla maggior parte degli escursionisti. Sono quattro le montagne di Cencenighe, e sono poste esattamente ai punti cardinali; ad indicare il nord \u00e8 la cima pi\u00f9 modesta, quella che mostra la grande cicatrice della frana che il 23 maggio del 1940 sbarr\u00f2 la strada che sale in Val del Biois. Il Monte delle Anime si protende come la prua di una nave che sembra navigare fra le due principali vallate agordine. Essa le divide, fa da spartiacque al vento che talvolta sale da sud; appena 1100 metri di quota, sufficienti affinch\u00e9 la vista possa spaziare fino all&#8217;ampia conca di Agordo. Il Pelsa \u00e8 l&#8217;est di Cencenighe, \u00e8 la montagna che al mattino viene scavalcata dal sole un bel po&#8217; di tempo dopo il nascere del giorno. Essa si innalza ripida in parte direttamente dal greto del Cordevole e la sua cima non appare ben marcata; la sommit\u00e0, in realt\u00e0, \u00e8 una lunga cresta erbosa che si snoda pressoch\u00e9 alla stessa altitudine sopra quel mondo affascinante e selvaggio delle &#8220;banche de Pelsa&#8221;. Il Pelsa \u00e8 montagna all&#8217;apparenza severa che accoglie nel suo grembo le frazioni della &#8220;banda de l\u00e0&#8221; e custodisce le storie preziose di quel vivere difficile lungo i ripidi costoni solcati dai canaloni lungo i quali scendono fragorose &#8220;levine&#8221;. Bolp e Ghisel sono due testimoni di un vivere che oggi pare impossibile ma che invece era realt\u00e0 fino a circa sei decenni fa; essi sono memoria di com&#8217;era vivere in montagna in un tempo nemmeno troppo distante, e le pietre di quelle case oggi raccontano i sacrifici e le fatiche di chi c&#8217;era prima di noi. Sono le Pale di San Lucano a chiudere l&#8217;orizzonte sud, con le due cime gemelle che, dai primi di dicembre fino al 17 gennaio giorno del Patrono Sant&#8217;Antonio Abate, per circa un&#8217;ora sono di ostacolo al sole. Ogni giorno, dalle undici e un quarto fino al suonare del mezzogiorno della campana grande, una fredda ombra cala sulla piazza del paese; per oltre un mese va in scena una sorta di eclisse giornaliera che regala al centro di Cencenighe un primo precoce tramonto. Poi, quel sole affaticato va a lambire la cima principale del Mul per poi andare a spegnersi definitivamente dietro la Cima di Pape. La montagna intitolata a Papa Luciani \u00e8 formata da rocce scure e &#8220;loppa&#8221; ed \u00e8 lei che va a chiudere l&#8217;ovest di Cencenighe; guardandola dal paese si presenta appuntita e sulla vetta che conclude la lunga catena di cime selvagge \u00e8 installata la grande Croce che veglia Canale d&#8217;Agordo. \u00c8 la montagna del tramonto, quella che, come una sorta di sipario, va a nascondere l&#8217;ultimo sole ponendo cos\u00ec fine al giorno e a volte anche ai miei fine settimana agordini. Sono cos\u00ec, per me, le montagne di Cencenighe; monti che proteggono questo paese situato all&#8217;incrocio di acque e di strade e che rasserenano l&#8217;anima di chi le ama le cura e le racconta.<\/p>\n<p>&nbsp;<\/p>\n<p>&nbsp;<\/p>\n<p>******<\/p>\n","protected":false},"excerpt":{"rendered":"<p>LE MONTAGNE DI CENCENIGHE AUDIO &nbsp; Quando arrivi a Cencenighe a notte inoltrata le senti incombere le montagne. Puoi scorgere appena i profili scuri, non puoi ammirare le rocce, i boschi, i canaloni e le cime, per\u00f2 ne percepisci chiaramente la presenza. Pare quasi di sentirle respirare in certe sere d&#8217;estate quando ti accolgono illuminate&hellip;<\/p>\n","protected":false},"author":4,"featured_media":346472,"comment_status":"closed","ping_status":"closed","sticky":false,"template":"","format":"standard","meta":{"_monsterinsights_skip_tracking":false,"_monsterinsights_sitenote_active":false,"_monsterinsights_sitenote_note":"","_monsterinsights_sitenote_category":0,"footnotes":""},"categories":[104,49,112],"tags":[],"class_list":["post-346467","post","type-post","status-publish","format-standard","has-post-thumbnail","hentry","category-evidenza_3","category-news-18","category-racconti-soppelsa","category-104","category-49","category-112","description-off"],"img_url":"https:\/\/www.radiopiu.net\/wordpress\/wp-content\/uploads\/2023\/07\/5bddde45-36f0-4706-bc9a-f86fc847d608.jpg","_links":{"self":[{"href":"https:\/\/www.radiopiu.net\/wordpress\/wp-json\/wp\/v2\/posts\/346467","targetHints":{"allow":["GET"]}}],"collection":[{"href":"https:\/\/www.radiopiu.net\/wordpress\/wp-json\/wp\/v2\/posts"}],"about":[{"href":"https:\/\/www.radiopiu.net\/wordpress\/wp-json\/wp\/v2\/types\/post"}],"author":[{"embeddable":true,"href":"https:\/\/www.radiopiu.net\/wordpress\/wp-json\/wp\/v2\/users\/4"}],"replies":[{"embeddable":true,"href":"https:\/\/www.radiopiu.net\/wordpress\/wp-json\/wp\/v2\/comments?post=346467"}],"version-history":[{"count":0,"href":"https:\/\/www.radiopiu.net\/wordpress\/wp-json\/wp\/v2\/posts\/346467\/revisions"}],"wp:featuredmedia":[{"embeddable":true,"href":"https:\/\/www.radiopiu.net\/wordpress\/wp-json\/wp\/v2\/media\/346472"}],"wp:attachment":[{"href":"https:\/\/www.radiopiu.net\/wordpress\/wp-json\/wp\/v2\/media?parent=346467"}],"wp:term":[{"taxonomy":"category","embeddable":true,"href":"https:\/\/www.radiopiu.net\/wordpress\/wp-json\/wp\/v2\/categories?post=346467"},{"taxonomy":"post_tag","embeddable":true,"href":"https:\/\/www.radiopiu.net\/wordpress\/wp-json\/wp\/v2\/tags?post=346467"}],"curies":[{"name":"wp","href":"https:\/\/api.w.org\/{rel}","templated":true}]}}