{"id":346494,"date":"2023-07-31T05:32:33","date_gmt":"2023-07-31T03:32:33","guid":{"rendered":"https:\/\/www.radiopiu.net\/wordpress\/?p=346494"},"modified":"2023-07-31T05:39:24","modified_gmt":"2023-07-31T03:39:24","slug":"la-valle-paese-tramortito-e-incredulo-per-la-morte-di-dario","status":"publish","type":"post","link":"https:\/\/www.radiopiu.net\/wordpress\/la-valle-paese-tramortito-e-incredulo-per-la-morte-di-dario\/","title":{"rendered":"LA VALLE, PAESE TRAMORTITO E INCREDULO PER LA MORTE DI DARIO"},"content":{"rendered":"<p><strong><a class=\"dt-pswp-item\" href=\"https:\/\/www.radiopiu.net\/wordpress\/wp-content\/uploads\/2023\/07\/Watermark_20230730_083602_028.jpg\" data-dt-img-description=\"\" data-large_image_width=\"1773\" data-large_image_height=\"2364\"><img loading=\"lazy\" decoding=\"async\" class=\"size-medium wp-image-346516 alignleft\" src=\"https:\/\/www.radiopiu.net\/wordpress\/wp-content\/uploads\/2023\/07\/Watermark_20230730_083602_028-225x300.jpg\" alt=\"\" width=\"225\" height=\"300\" srcset=\"https:\/\/www.radiopiu.net\/wordpress\/wp-content\/uploads\/2023\/07\/Watermark_20230730_083602_028-225x300.jpg 225w, https:\/\/www.radiopiu.net\/wordpress\/wp-content\/uploads\/2023\/07\/Watermark_20230730_083602_028-768x1024.jpg 768w, https:\/\/www.radiopiu.net\/wordpress\/wp-content\/uploads\/2023\/07\/Watermark_20230730_083602_028-1152x1536.jpg 1152w, https:\/\/www.radiopiu.net\/wordpress\/wp-content\/uploads\/2023\/07\/Watermark_20230730_083602_028-1536x2048.jpg 1536w, https:\/\/www.radiopiu.net\/wordpress\/wp-content\/uploads\/2023\/07\/Watermark_20230730_083602_028.jpg 1773w\" sizes=\"auto, (max-width: 225px) 100vw, 225px\" \/><\/a>LA VALLE AGORDINA<\/strong>\u00a0 Dario Lena, 57 anni, marito e padre di tre figli, noto imprenditore di Noach\u00a0 di La Valle Agordina (con il fratello ha fondato la Ecologica Lena con sede a Noach e Belluno), ha perso la vita nel pomeriggio di ieri precipitando per decine di metri sopra la frazione di Noach dove Dario \u00e8 nato e cresciuto. Al belvedere alle pendici del Monte Celo era salito con un&#8217;amica di famiglia. Stavano godendo il panorama splendido da lass\u00f9, seduti su una panchina ricavata da un tronco d&#8217;albero. Dario si \u00e8 sbilanciato cadendo\u00a0 nel vuoto. La donna ha subito chiesto aiuto e, ottenute le coordinate del luogo, a scadenza effemeridi sul posto \u00e8 arrivato l&#8217;elicottero del Suem di Pieve di Cadore, che ha sbarcato con un verricello di 40 metri tecnico di elisoccorso e medico. Purtroppo non \u00e8 stato possibile che constatare il decesso dell&#8217;uomo &#8211; caduto una ventina di metri da un salto di roccia e ruzzolato nel bosco ripido altri 30 &#8211; dovuto ai traumi fatali. Una squadra di nove soccorritori del Soccorso Alpino di Agordo, guidata da Diego Favero \u00e8 quindi scesa tra la vegetazione, ha imbarellato la salma e ha provveduto al suo recupero, sollevandola fino alla strada sterrata con il supporto di un argano, per poi affidarla al carro funebre.<\/p>\n<p>&nbsp;<\/p>\n<p>&nbsp;<\/p>\n<p>&nbsp;<\/p>\n<div class=\"page-title-head hgroup\">\n<blockquote>\n<h3 class=\"entry-title\">LA FORZA DI DARIO: UNA VITA DI OSTACOLI E VALORI<\/h3>\n<\/blockquote>\n<\/div>\n<div class=\"page-title-breadcrumbs\"><\/div>\n<p><strong>REDAZIONE<\/strong><\/p>\n<div class=\"flex-1 overflow-hidden\">\n<div class=\"react-scroll-to-bottom--css-rjtgx-79elbk h-full dark:bg-gray-800\">\n<div class=\"react-scroll-to-bottom--css-rjtgx-1n7m0yu\">\n<div class=\"flex flex-col text-sm dark:bg-gray-800\">\n<div class=\"group w-full text-gray-800 dark:text-gray-100 border-b border-black\/10 dark:border-gray-900\/50 bg-gray-50 dark:bg-[#444654]\">\n<div class=\"flex p-4 gap-4 text-base md:gap-6 md:max-w-2xl lg:max-w-[38rem] xl:max-w-3xl md:py-6 lg:px-0 m-auto\">\n<div class=\"relative flex w-[calc(100%-50px)] flex-col gap-1 md:gap-3 lg:w-[calc(100%-115px)]\">\n<div class=\"flex flex-grow flex-col gap-3\">\n<div class=\"min-h-[20px] flex items-start overflow-x-auto whitespace-pre-wrap break-words flex-col gap-4\">\n<div class=\"markdown prose w-full break-words dark:prose-invert light\">\n<p><a class=\"dt-pswp-item\" href=\"https:\/\/www.radiopiu.net\/wordpress\/wp-content\/uploads\/2023\/07\/Senza-nome-93.png\" data-dt-img-description=\"\" data-large_image_width=\"65\" data-large_image_height=\"95\"><img loading=\"lazy\" decoding=\"async\" class=\"size-full wp-image-346532 alignleft\" src=\"https:\/\/www.radiopiu.net\/wordpress\/wp-content\/uploads\/2023\/07\/Senza-nome-93.png\" alt=\"\" width=\"65\" height=\"95\" \/><\/a>Caro Dario ci hai appena lasciati ma, che vita difficile hai affrontato con un percorso segnato da ostacoli e dolori. Hai dovuto rinunciare alle spensieratezze dei giochi di bambino, crescendo in fretta e inventandoti il meglio per la tua esistenza. La tua determinazione e volont\u00e0 hanno dimostrato di essere inarrestabili, affrontando ogni sfida che la vita ti ha presentato. Col passare degli anni, hai coltivato un forte attaccamento al lavoro e alla famiglia, abbracciando valori importanti che hanno ispirato stima e affetto in chiunque ti abbia conosciuto. Guardando da fuori, non possiamo fare a meno di ammirare la tua tenacia e dedizione verso il raggiungimento dei tuoi obiettivi. Tuttavia, la tua vita \u00e8 stata percossa duramente dalla perdita di pap\u00e0 Vittorio &#8220;Fritol&#8221; fondatore dell&#8217;azienda diventata oggi esempio di imprenditorialit\u00e0 agordina,\u00a0 del tuo fratellino, dolori immensi che nessuno dovrebbe mai dover affrontare e non\u00a0 mi addentro\u00a0 ulteriormente nei tuoi sentimenti pi\u00f9 privati e vicende di vita, poich\u00e9 la sofferenza \u00e8 una ferita intima che\u00a0 \u00e8 difficile da condividere.\u00a0 Che tu possa trovare la pace interiore, che la vita ti ridia ci\u00f2 che ti ha tolto.\u00a0 Ai tuoi cari, alla tua preziosa famiglia a tua moglie Ivana, ai tuoi figli Martina, Gabriele e Nicole, a tuo fratello Angelo, alla sorella Anna e a tutti i parenti, desideriamo inviare un messaggio commosso e carico di emozioni. La solidariet\u00e0 e l&#8217;amore possono essere un faro nella bufera, certo che troverete conforto l&#8217;uno nell&#8217;altro. Caro Dario, la tua storia rimane ad\u00a0 esempio di forza e resilienza.<\/p>\n<p><strong>mirko mezzacasa\u00a0\u00a0<\/strong><\/p>\n<p>Il sindaco Ezio Zuanel, l&#8217;amministrazione comunale sono vicini alla famiglia Lena in un commosso e solidale abbraccio<\/p>\n<p>&nbsp;<\/p>\n<\/div>\n<\/div>\n<\/div>\n<\/div>\n<\/div>\n<\/div>\n<\/div>\n<\/div>\n<\/div>\n<\/div>\n<p>&nbsp;<\/p>\n<hr \/>\n<p>&nbsp;<\/p>\n","protected":false},"excerpt":{"rendered":"<p>LA VALLE AGORDINA\u00a0 Dario Lena, 57 anni, marito e padre di tre figli, noto imprenditore di Noach\u00a0 di La Valle Agordina (con il fratello ha fondato la Ecologica Lena con sede a Noach e Belluno), ha perso la vita nel pomeriggio di ieri precipitando per decine di metri sopra la frazione di Noach dove Dario&hellip;<\/p>\n","protected":false},"author":4,"featured_media":346516,"comment_status":"closed","ping_status":"closed","sticky":false,"template":"","format":"standard","meta":{"_monsterinsights_skip_tracking":false,"_monsterinsights_sitenote_active":false,"_monsterinsights_sitenote_note":"","_monsterinsights_sitenote_category":0,"footnotes":""},"categories":[51,49],"tags":[],"class_list":["post-346494","post","type-post","status-publish","format-standard","has-post-thumbnail","hentry","category-evidenza-top","category-news-18","category-51","category-49","description-off"],"img_url":"https:\/\/www.radiopiu.net\/wordpress\/wp-content\/uploads\/2023\/07\/Watermark_20230730_083602_028.jpg","_links":{"self":[{"href":"https:\/\/www.radiopiu.net\/wordpress\/wp-json\/wp\/v2\/posts\/346494","targetHints":{"allow":["GET"]}}],"collection":[{"href":"https:\/\/www.radiopiu.net\/wordpress\/wp-json\/wp\/v2\/posts"}],"about":[{"href":"https:\/\/www.radiopiu.net\/wordpress\/wp-json\/wp\/v2\/types\/post"}],"author":[{"embeddable":true,"href":"https:\/\/www.radiopiu.net\/wordpress\/wp-json\/wp\/v2\/users\/4"}],"replies":[{"embeddable":true,"href":"https:\/\/www.radiopiu.net\/wordpress\/wp-json\/wp\/v2\/comments?post=346494"}],"version-history":[{"count":0,"href":"https:\/\/www.radiopiu.net\/wordpress\/wp-json\/wp\/v2\/posts\/346494\/revisions"}],"wp:featuredmedia":[{"embeddable":true,"href":"https:\/\/www.radiopiu.net\/wordpress\/wp-json\/wp\/v2\/media\/346516"}],"wp:attachment":[{"href":"https:\/\/www.radiopiu.net\/wordpress\/wp-json\/wp\/v2\/media?parent=346494"}],"wp:term":[{"taxonomy":"category","embeddable":true,"href":"https:\/\/www.radiopiu.net\/wordpress\/wp-json\/wp\/v2\/categories?post=346494"},{"taxonomy":"post_tag","embeddable":true,"href":"https:\/\/www.radiopiu.net\/wordpress\/wp-json\/wp\/v2\/tags?post=346494"}],"curies":[{"name":"wp","href":"https:\/\/api.w.org\/{rel}","templated":true}]}}