{"id":346543,"date":"2023-07-30T13:41:13","date_gmt":"2023-07-30T11:41:13","guid":{"rendered":"https:\/\/www.radiopiu.net\/wordpress\/?p=346543"},"modified":"2023-07-30T15:43:16","modified_gmt":"2023-07-30T13:43:16","slug":"346543-2","status":"publish","type":"post","link":"https:\/\/www.radiopiu.net\/wordpress\/346543-2\/","title":{"rendered":"L&#8217;AMMINISTRAZIONE DI ALLEGHE PREMIA I TURISTI &#8220;FEDELI&#8221;"},"content":{"rendered":"<p><a class=\"dt-pswp-item\" href=\"https:\/\/www.radiopiu.net\/wordpress\/wp-content\/uploads\/2023\/07\/91cbe9ba-059d-458a-9dbd-db4c8dcd0e45.jpg\" data-dt-img-description=\"\" data-large_image_width=\"1600\" data-large_image_height=\"1066\"><img loading=\"lazy\" decoding=\"async\" class=\"size-medium wp-image-346545 alignleft\" src=\"https:\/\/www.radiopiu.net\/wordpress\/wp-content\/uploads\/2023\/07\/91cbe9ba-059d-458a-9dbd-db4c8dcd0e45-300x200.jpg\" alt=\"\" width=\"300\" height=\"200\" srcset=\"https:\/\/www.radiopiu.net\/wordpress\/wp-content\/uploads\/2023\/07\/91cbe9ba-059d-458a-9dbd-db4c8dcd0e45-300x200.jpg 300w, https:\/\/www.radiopiu.net\/wordpress\/wp-content\/uploads\/2023\/07\/91cbe9ba-059d-458a-9dbd-db4c8dcd0e45-1024x682.jpg 1024w, https:\/\/www.radiopiu.net\/wordpress\/wp-content\/uploads\/2023\/07\/91cbe9ba-059d-458a-9dbd-db4c8dcd0e45-768x512.jpg 768w, https:\/\/www.radiopiu.net\/wordpress\/wp-content\/uploads\/2023\/07\/91cbe9ba-059d-458a-9dbd-db4c8dcd0e45-1536x1023.jpg 1536w, https:\/\/www.radiopiu.net\/wordpress\/wp-content\/uploads\/2023\/07\/91cbe9ba-059d-458a-9dbd-db4c8dcd0e45.jpg 1600w\" sizes=\"auto, (max-width: 300px) 100vw, 300px\" \/><\/a>Il record spetta a un turista trevigiano, che da 58 anni non ha mai abbandonato Alleghe per le sue vacanze ed \u00e8 tornato regolarmente in riva al lago per i suoi giorni di relax. Ma c\u2019\u00e8 anche una coppia delle Marche che torna ad Alleghe ogni anno da 56 anni. E poi un\u2019altra coppia della provincia di Verona, ospite fissa da 50 anni. L\u2019amministrazione ha voluto premiare questi turisti legati al territorio con un riconoscimento speciale, il \u201cPremio fedelt\u00e0 Amici di Alleghe\u201d.<br \/>\n\u00ab\u00c8 un orgoglio poter riconoscere in questi turisti dei veri amici di Alleghe\u00bb commenta il sindaco Danilo De Toni. \u00abEd \u00e8 un riconoscimento anche al nostro paese, che in tanti anni ha saputo essere accogliente, se queste persone sono sempre tornate volentieri a trascorrere le loro vacanze tra le bellezze delle nostre montagne\u00bb. La cerimonia del \u201cPremio fedelt\u00e0\u201d si \u00e8 tenuta nei giorni scorsi, nella sala consiliare del municipio. Oltre al sindaco De Toni, hanno partecipato l\u2019assessore Franco Dell\u2019Olivo, la consigliera <a class=\"dt-pswp-item\" href=\"https:\/\/www.radiopiu.net\/wordpress\/wp-content\/uploads\/2023\/07\/029ba15d-d427-42e0-a888-ce8d16da4515.jpg\" data-dt-img-description=\"\" data-large_image_width=\"1600\" data-large_image_height=\"1066\"><img loading=\"lazy\" decoding=\"async\" class=\"size-medium wp-image-346546 alignright\" src=\"https:\/\/www.radiopiu.net\/wordpress\/wp-content\/uploads\/2023\/07\/029ba15d-d427-42e0-a888-ce8d16da4515-300x200.jpg\" alt=\"\" width=\"300\" height=\"200\" srcset=\"https:\/\/www.radiopiu.net\/wordpress\/wp-content\/uploads\/2023\/07\/029ba15d-d427-42e0-a888-ce8d16da4515-300x200.jpg 300w, https:\/\/www.radiopiu.net\/wordpress\/wp-content\/uploads\/2023\/07\/029ba15d-d427-42e0-a888-ce8d16da4515-1024x682.jpg 1024w, https:\/\/www.radiopiu.net\/wordpress\/wp-content\/uploads\/2023\/07\/029ba15d-d427-42e0-a888-ce8d16da4515-768x512.jpg 768w, https:\/\/www.radiopiu.net\/wordpress\/wp-content\/uploads\/2023\/07\/029ba15d-d427-42e0-a888-ce8d16da4515-1536x1023.jpg 1536w, https:\/\/www.radiopiu.net\/wordpress\/wp-content\/uploads\/2023\/07\/029ba15d-d427-42e0-a888-ce8d16da4515.jpg 1600w\" sizes=\"auto, (max-width: 300px) 100vw, 300px\" \/><\/a>comunale Lara De Silvestro, il presidente del Consorzio operatori turistici Michele De Toni e la rappresentante della neo nata Pro loco Nadia Pramaor. Premiato Renato Cocchetto, che 58 anni fa ha conosciuto Alleghe grazie a un soggiorno in casa della signora Emilia Giolai, in localit\u00e0 Frena, e da allora \u00e8 sempre tornato, dicendosi \u00abinnamorato del territorio\u00bb. Lo ha detto espressamente, leggendo una lettera affettuosa nella quale ha raccontato come \u00e8 arrivato ad Alleghe. Premio a Lidia Sabaini e Renzo Zerbato (di Lavagno, Verona) che da mezzo secolo sono ospiti degli hotel Coldai e Montanina. E riconoscimento anche per Rosella Bianchelli e Michelino Benedetto (che non hanno potuto partecipare alla cerimonia), <a class=\"dt-pswp-item\" href=\"https:\/\/www.radiopiu.net\/wordpress\/wp-content\/uploads\/2023\/07\/0230cb68-9028-4d63-88e3-8c9b8b28f246.jpg\" data-dt-img-description=\"\" data-large_image_width=\"1600\" data-large_image_height=\"1066\"><img loading=\"lazy\" decoding=\"async\" class=\"size-medium wp-image-346544 alignleft\" src=\"https:\/\/www.radiopiu.net\/wordpress\/wp-content\/uploads\/2023\/07\/0230cb68-9028-4d63-88e3-8c9b8b28f246-300x200.jpg\" alt=\"\" width=\"300\" height=\"200\" srcset=\"https:\/\/www.radiopiu.net\/wordpress\/wp-content\/uploads\/2023\/07\/0230cb68-9028-4d63-88e3-8c9b8b28f246-300x200.jpg 300w, https:\/\/www.radiopiu.net\/wordpress\/wp-content\/uploads\/2023\/07\/0230cb68-9028-4d63-88e3-8c9b8b28f246-1024x682.jpg 1024w, https:\/\/www.radiopiu.net\/wordpress\/wp-content\/uploads\/2023\/07\/0230cb68-9028-4d63-88e3-8c9b8b28f246-768x512.jpg 768w, https:\/\/www.radiopiu.net\/wordpress\/wp-content\/uploads\/2023\/07\/0230cb68-9028-4d63-88e3-8c9b8b28f246-1536x1023.jpg 1536w, https:\/\/www.radiopiu.net\/wordpress\/wp-content\/uploads\/2023\/07\/0230cb68-9028-4d63-88e3-8c9b8b28f246.jpg 1600w\" sizes=\"auto, (max-width: 300px) 100vw, 300px\" \/><\/a>da 56 anni fissi all\u2019hotel Posta di Caprile, dopo un viaggio dalle Marche. Il&#8221; Premio fedelt\u00e0 Amici di Alleghe\u201d \u00e8 stato voluto dall\u2019amministrazione De Toni gi\u00e0 dal 2019 e sta diventando sempre pi\u00f9 un appuntamento fisso. \u00abNaturalmente le nuove tendenze della vacanza difficilmente consentiranno di raggiungere questo genere di traguardi\u00bb sottolinea il sindaco. \u00abA maggior ragione \u00e8 giusto premiare chi ci sceglie da tanti anni, dimostrando legame e attaccamento al territorio. Per un piccolo comune con la vocazione turistica come il nostro, \u00e8 importante sapere che stiamo lavorando nella giusta direzione. E la fedelt\u00e0 dei turisti \u00e8 sicuramente una buona cartina di tornasole\u00bb. Anche il presidente del Consorzio durante la cerimonia ha evidenziato come il modo di fare vacanza sia cambiato: \u00ab\u00c8 cos\u00ec gi\u00e0 da tempo e la tendenza del turista \u00e8 quella di visitare mete diverse\u00bb ha spiegato Michele De Toni. \u00abDobbiamo essere bravi a proporre sempre cose nuove e fidelizzare i nostri turisti\u00bb. La rappresentante della Pro loco si \u00e8 soffermata invece sull\u2019attivit\u00e0 che il nuovo sodalizio vuole portare avanti: \u00abL\u2019obiettivo, in sinergia con l\u2019amministrazione comunale, \u00e8 quello di far vivere i paesi del nostro Comune con iniziative culturali, musicali e &#8211; perch\u00e9 no &#8211; di folclore, coinvolgendo sia i residenti sia gli ospiti\u00bb.<\/p>\n<p>&nbsp;<\/p>\n<p>&nbsp;<\/p>\n<p>&nbsp;<\/p>\n<p>&#8212;<\/p>\n","protected":false},"excerpt":{"rendered":"<p>Il record spetta a un turista trevigiano, che da 58 anni non ha mai abbandonato Alleghe per le sue vacanze ed \u00e8 tornato regolarmente in riva al lago per i suoi giorni di relax. Ma c\u2019\u00e8 anche una coppia delle Marche che torna ad Alleghe ogni anno da 56 anni. E poi un\u2019altra coppia della&hellip;<\/p>\n","protected":false},"author":4,"featured_media":346546,"comment_status":"closed","ping_status":"closed","sticky":false,"template":"","format":"standard","meta":{"_monsterinsights_skip_tracking":false,"_monsterinsights_sitenote_active":false,"_monsterinsights_sitenote_note":"","_monsterinsights_sitenote_category":0,"footnotes":""},"categories":[49],"tags":[],"class_list":["post-346543","post","type-post","status-publish","format-standard","has-post-thumbnail","hentry","category-news-18","category-49","description-off"],"img_url":"https:\/\/www.radiopiu.net\/wordpress\/wp-content\/uploads\/2023\/07\/029ba15d-d427-42e0-a888-ce8d16da4515.jpg","_links":{"self":[{"href":"https:\/\/www.radiopiu.net\/wordpress\/wp-json\/wp\/v2\/posts\/346543","targetHints":{"allow":["GET"]}}],"collection":[{"href":"https:\/\/www.radiopiu.net\/wordpress\/wp-json\/wp\/v2\/posts"}],"about":[{"href":"https:\/\/www.radiopiu.net\/wordpress\/wp-json\/wp\/v2\/types\/post"}],"author":[{"embeddable":true,"href":"https:\/\/www.radiopiu.net\/wordpress\/wp-json\/wp\/v2\/users\/4"}],"replies":[{"embeddable":true,"href":"https:\/\/www.radiopiu.net\/wordpress\/wp-json\/wp\/v2\/comments?post=346543"}],"version-history":[{"count":0,"href":"https:\/\/www.radiopiu.net\/wordpress\/wp-json\/wp\/v2\/posts\/346543\/revisions"}],"wp:featuredmedia":[{"embeddable":true,"href":"https:\/\/www.radiopiu.net\/wordpress\/wp-json\/wp\/v2\/media\/346546"}],"wp:attachment":[{"href":"https:\/\/www.radiopiu.net\/wordpress\/wp-json\/wp\/v2\/media?parent=346543"}],"wp:term":[{"taxonomy":"category","embeddable":true,"href":"https:\/\/www.radiopiu.net\/wordpress\/wp-json\/wp\/v2\/categories?post=346543"},{"taxonomy":"post_tag","embeddable":true,"href":"https:\/\/www.radiopiu.net\/wordpress\/wp-json\/wp\/v2\/tags?post=346543"}],"curies":[{"name":"wp","href":"https:\/\/api.w.org\/{rel}","templated":true}]}}