{"id":346629,"date":"2023-08-01T05:40:29","date_gmt":"2023-08-01T03:40:29","guid":{"rendered":"https:\/\/www.radiopiu.net\/wordpress\/?p=346629"},"modified":"2023-08-01T08:57:07","modified_gmt":"2023-08-01T06:57:07","slug":"giornale-radiopiu-01-agosto-2023-direttore-mirko-mezzacasada-40-anni-25-giugno-1983-25-giugno-2023","status":"publish","type":"post","link":"https:\/\/www.radiopiu.net\/wordpress\/giornale-radiopiu-01-agosto-2023-direttore-mirko-mezzacasada-40-anni-25-giugno-1983-25-giugno-2023\/","title":{"rendered":"GIORNALE RADIOPIU 01 AGOSTO 2023 DIRETTORE MIRKO MEZZACASA\u2026DA 40 ANNI 25 GIUGNO 1983-25 GIUGNO 2023"},"content":{"rendered":"<h2 style=\"text-align: left;\"><span style=\"color: #ff0000;\"><span style=\"vertical-align: inherit;\"><a class=\"dt-pswp-item\" href=\"https:\/\/www.radiopiu.net\/wordpress\/wp-content\/uploads\/2023\/04\/e0aad41d-951e-47b9-9fae-1a879a9bcb7e-1.jpg\" data-dt-img-description=\"\" data-large_image_width=\"1200\" data-large_image_height=\"1200\"><img loading=\"lazy\" decoding=\"async\" class=\"wp-image-333205 alignleft\" src=\"https:\/\/www.radiopiu.net\/wordpress\/wp-content\/uploads\/2023\/04\/e0aad41d-951e-47b9-9fae-1a879a9bcb7e-1-300x300.jpg\" alt=\"\" width=\"110\" height=\"110\" srcset=\"https:\/\/www.radiopiu.net\/wordpress\/wp-content\/uploads\/2023\/04\/e0aad41d-951e-47b9-9fae-1a879a9bcb7e-1-300x300.jpg 300w, https:\/\/www.radiopiu.net\/wordpress\/wp-content\/uploads\/2023\/04\/e0aad41d-951e-47b9-9fae-1a879a9bcb7e-1-1024x1024.jpg 1024w, https:\/\/www.radiopiu.net\/wordpress\/wp-content\/uploads\/2023\/04\/e0aad41d-951e-47b9-9fae-1a879a9bcb7e-1-150x150.jpg 150w, https:\/\/www.radiopiu.net\/wordpress\/wp-content\/uploads\/2023\/04\/e0aad41d-951e-47b9-9fae-1a879a9bcb7e-1-768x768.jpg 768w, https:\/\/www.radiopiu.net\/wordpress\/wp-content\/uploads\/2023\/04\/e0aad41d-951e-47b9-9fae-1a879a9bcb7e-1.jpg 1200w\" sizes=\"auto, (max-width: 110px) 100vw, 110px\" \/><\/a><\/span><\/span><\/h2>\n<h1 class=\"entry-title\">40esimo di RADIOPIU\u2026. LA VOCE DELL\u2019EMOZIONE<\/h1>\n<h2><span style=\"color: #ff0000;\">ISCRIVITI AL NOSTRO CANALE\u00a0\u00a0YOUTUBE PER SEGUIRE IN DIRETTA I PRINCIPALI PROGRAMMI DI RADIO PIU\u2019 E LE FUTURE DIRETTE IN ESTERNA. PER ISCRIVERTI\u00a0<a style=\"color: #ff0000;\" href=\"https:\/\/youtube.com\/@radiopiu1527\">CLICCA QUI\u00a0<\/a>E PREMI\u00a0 \u201cIscriviti\u201d<\/span><\/h2>\n<p>&nbsp;<\/p>\n<hr \/>\n<p>&nbsp;<\/p>\n<p>&nbsp;<\/p>\n<div class=\"xh8yej3\" aria-hidden=\"true\">\n<div class=\"xlshs6z\">\n<div class=\"x1yx25j4 x13crsa5 x6x52a7 x1rxj1xn xxpdul3\">\n<div class=\"xdj266r x11i5rnm xat24cr x1mh8g0r x1vvkbs\"><\/div>\n<\/div>\n<\/div>\n<\/div>\n<div class=\"x6s0dn4 x78zum5 xdt5ytf x5yr21d xl56j7k x10l6tqk x17qophe x13vifvy xh8yej3\">\n<div id=\":rtn:\" class=\"x1yx25j4 x13crsa5 x6x52a7 x1rxj1xn xxpdul3\">\n<blockquote>\n<div class=\"xdj266r x11i5rnm xat24cr x1mh8g0r x1vvkbs\"><span style=\"color: #ff0000;\"><strong>DA SABATO AGORDINO SENZA FIBRA, LIVINALLONGO SENZA TELEFONO<\/strong><\/span><\/div>\n<\/blockquote>\n<\/div>\n<\/div>\n<blockquote>\n<h3>FIBRA OTTICA KO E TELEFONI MUTI AD ARABBA<\/h3>\n<\/blockquote>\n<p><strong><a class=\"dt-pswp-item\" href=\"https:\/\/www.radiopiu.net\/wordpress\/wp-content\/uploads\/2020\/04\/fibra-ottica.jpg\" data-dt-img-description=\"\" data-large_image_width=\"1920\" data-large_image_height=\"1280\"><img loading=\"lazy\" decoding=\"async\" class=\" wp-image-133161 alignleft\" src=\"https:\/\/www.radiopiu.net\/wordpress\/wp-content\/uploads\/2020\/04\/fibra-ottica-300x200.jpg\" alt=\"\" width=\"189\" height=\"126\" srcset=\"https:\/\/www.radiopiu.net\/wordpress\/wp-content\/uploads\/2020\/04\/fibra-ottica-300x200.jpg 300w, https:\/\/www.radiopiu.net\/wordpress\/wp-content\/uploads\/2020\/04\/fibra-ottica-1024x683.jpg 1024w, https:\/\/www.radiopiu.net\/wordpress\/wp-content\/uploads\/2020\/04\/fibra-ottica-768x512.jpg 768w, https:\/\/www.radiopiu.net\/wordpress\/wp-content\/uploads\/2020\/04\/fibra-ottica-1536x1024.jpg 1536w, https:\/\/www.radiopiu.net\/wordpress\/wp-content\/uploads\/2020\/04\/fibra-ottica.jpg 1920w\" sizes=\"auto, (max-width: 189px) 100vw, 189px\" \/><\/a>AGORDINO<\/strong><\/p>\n<p>di Gianni Santomaso<\/p>\n<audio class=\"wp-audio-shortcode\" id=\"audio-346629-1\" preload=\"none\" style=\"width: 100%;\" controls=\"controls\"><source type=\"audio\/mpeg\" src=\"https:\/\/www.radiopiu.net\/wordpress\/wp-content\/uploads\/2023\/07\/GIANNI-FIBRA-OTTICA-KO-E-TELEFONI-MUTI-AD-ARABBA.mp3?_=1\" \/><a href=\"https:\/\/www.radiopiu.net\/wordpress\/wp-content\/uploads\/2023\/07\/GIANNI-FIBRA-OTTICA-KO-E-TELEFONI-MUTI-AD-ARABBA.mp3\">https:\/\/www.radiopiu.net\/wordpress\/wp-content\/uploads\/2023\/07\/GIANNI-FIBRA-OTTICA-KO-E-TELEFONI-MUTI-AD-ARABBA.mp3<\/a><\/audio>\n<p>&nbsp;<\/p>\n<p>&nbsp;<\/p>\n<hr \/>\n<p>&nbsp;<\/p>\n<p>&nbsp;<\/p>\n<p><a class=\"dt-pswp-item\" href=\"https:\/\/www.radiopiu.net\/wordpress\/wp-content\/uploads\/2023\/07\/3efcd760-b0fa-4f47-b371-1531c8b43bd7.jpg\" data-dt-img-description=\"\" data-large_image_width=\"720\" data-large_image_height=\"621\"><img loading=\"lazy\" decoding=\"async\" class=\"size-medium wp-image-346697 aligncenter\" src=\"https:\/\/www.radiopiu.net\/wordpress\/wp-content\/uploads\/2023\/07\/3efcd760-b0fa-4f47-b371-1531c8b43bd7-300x259.jpg\" alt=\"\" width=\"300\" height=\"259\" srcset=\"https:\/\/www.radiopiu.net\/wordpress\/wp-content\/uploads\/2023\/07\/3efcd760-b0fa-4f47-b371-1531c8b43bd7-300x259.jpg 300w, https:\/\/www.radiopiu.net\/wordpress\/wp-content\/uploads\/2023\/07\/3efcd760-b0fa-4f47-b371-1531c8b43bd7.jpg 720w\" sizes=\"auto, (max-width: 300px) 100vw, 300px\" \/><\/a><\/p>\n<p>&nbsp;<\/p>\n<p>&nbsp;<\/p>\n<hr \/>\n<blockquote>\n<h3><\/h3>\n<h3>ACQUA POTABILE A SAN TOMASO<\/h3>\n<\/blockquote>\n<p><strong>SAN TOMASO AGORDINO<\/strong> Gestione Servizi Pubblici informa che a SAN TOMASO AGORDINO nelle localit\u00e0 RONCH E CANACEDE l&#8217;acqua erogata dall&#8217;acquedotto \u00e8 di nuovo potabile e pu\u00f2 essere usata, quindi, per scopi alimentari.<\/p>\n<p>&nbsp;<\/p>\n<hr \/>\n<p>&nbsp;<\/p>\n<blockquote>\n<h3>DOMANI A LA VALLE AGORDINA L&#8217;ULTIMO SALUTO A DARIO<\/h3>\n<\/blockquote>\n<p><strong>LA VALLE\u00a0<\/strong> Si terranno domani alle 14.30 nella chiesa parrocchiale di La Valle Agordina, i funerali di Dario Lena, 57 anni, improvvisamente mancato all&#8217;affetto dei suoi cari. Il rosario verr\u00e0 celebrato oggi alle 20 nella chiesa di La Valle Agordina.<\/p>\n<p>La famiglia porge un sentito ringraziamento al personale dell&#8217;elisoccorso Suem di Pieve di Cadore e a tutto il personale del soccorso alpino di Agordo.<\/p>\n<p><strong>IL CONSIGLIERE REGIONALE SILVIA CESTARO<\/strong><\/p>\n<audio class=\"wp-audio-shortcode\" id=\"audio-346629-2\" preload=\"none\" style=\"width: 100%;\" controls=\"controls\"><source type=\"audio\/mpeg\" src=\"https:\/\/www.radiopiu.net\/wordpress\/wp-content\/uploads\/2023\/07\/CESTARO.mp3?_=2\" \/><a href=\"https:\/\/www.radiopiu.net\/wordpress\/wp-content\/uploads\/2023\/07\/CESTARO.mp3\">https:\/\/www.radiopiu.net\/wordpress\/wp-content\/uploads\/2023\/07\/CESTARO.mp3<\/a><\/audio>\n<p>&nbsp;<\/p>\n<p><a class=\"dt-pswp-item\" href=\"https:\/\/www.radiopiu.net\/wordpress\/wp-content\/uploads\/2023\/07\/Senza-nome-102.png\" data-dt-img-description=\"\" data-large_image_width=\"304\" data-large_image_height=\"188\"><img loading=\"lazy\" decoding=\"async\" class=\"alignnone size-medium wp-image-346781\" src=\"https:\/\/www.radiopiu.net\/wordpress\/wp-content\/uploads\/2023\/07\/Senza-nome-102-300x186.png\" alt=\"\" width=\"300\" height=\"186\" srcset=\"https:\/\/www.radiopiu.net\/wordpress\/wp-content\/uploads\/2023\/07\/Senza-nome-102-300x186.png 300w, https:\/\/www.radiopiu.net\/wordpress\/wp-content\/uploads\/2023\/07\/Senza-nome-102.png 304w\" sizes=\"auto, (max-width: 300px) 100vw, 300px\" \/><\/a><\/p>\n<p>&nbsp;<\/p>\n<p>&nbsp;<\/p>\n<hr \/>\n<p>&nbsp;<\/p>\n<p><a class=\"dt-pswp-item\" href=\"https:\/\/www.radiopiu.net\/wordpress\/wp-content\/uploads\/2023\/07\/10a890a6-0d86-4fe2-9deb-de3fd9262ecd.jpg\" data-dt-img-description=\"\" data-large_image_width=\"592\" data-large_image_height=\"888\"><img loading=\"lazy\" decoding=\"async\" class=\"size-medium wp-image-346724 alignleft\" src=\"https:\/\/www.radiopiu.net\/wordpress\/wp-content\/uploads\/2023\/07\/10a890a6-0d86-4fe2-9deb-de3fd9262ecd-200x300.jpg\" alt=\"\" width=\"200\" height=\"300\" srcset=\"https:\/\/www.radiopiu.net\/wordpress\/wp-content\/uploads\/2023\/07\/10a890a6-0d86-4fe2-9deb-de3fd9262ecd-200x300.jpg 200w, https:\/\/www.radiopiu.net\/wordpress\/wp-content\/uploads\/2023\/07\/10a890a6-0d86-4fe2-9deb-de3fd9262ecd.jpg 592w\" sizes=\"auto, (max-width: 200px) 100vw, 200px\" \/><\/a><\/p>\n<div class=\"page-title-head hgroup\">\n<blockquote>\n<h3 class=\"entry-title\">SESSANTADUENNE BOLZANINO PERDE LA VITA SULLA TOFANA DI ROZES<\/h3>\n<\/blockquote>\n<\/div>\n<div class=\"page-title-breadcrumbs\">\n<p><strong>CORTINA <\/strong>\u00c8 stato recuperato ieri mattina il corpo senza vita di un alpinista, precipitato domenica pomeriggio dalla Tofana di Rozes che stava scalando in free solo. Per lo scalatore, Diego Zanesco, guida alpina originaria di Villabassa\u00a0 era consueto arrampicarsi da solo senza protezioni, era diretto sulla Rozes, probabilmente su uno degli spigoli.<\/p>\n<\/div>\n<p>&nbsp;<\/p>\n<p>credit foto Photo: https:\/\/www.enrosadira.eu<\/p>\n<p>&nbsp;<\/p>\n<p>&nbsp;<\/p>\n<p>&nbsp;<\/p>\n<p>dal TG DI ANTENNA 3, IN ONDA DAL LUNEDI AL SABATO SUL CANALE 10 DEL DIGITALE TERRESTRE, LE ANTICIPAZIONI ALLE 19.05 ALLA RADIO, TUTTE LE SERE A RADIO PIU&#8217;.<\/p>\n<p>IERI SERA\u00a0 Servizio di\u00a0<a href=\"https:\/\/antennatre.medianordest.it\/redazione\/Stefano-Bozzi\/\">Stefano Bozzi <\/a><\/p>\n<blockquote>\n<h3 class=\"_title post-title entry-title\">CORTINA D\u2019AMPEZZO | PRECIPITA DALLA TOFANA DI ROZES SCALANDO IN LIBERA, MORTA GUIDA ALPINA<\/h3>\n<\/blockquote>\n<p><iframe loading=\"lazy\" title=\"PRECIPITA DALLA TOFANA DI ROZES SCALANDO IN LIBERA, MORTA GUIDA ALPINA | 31\/07\/2023\" width=\"1200\" height=\"675\" src=\"https:\/\/www.youtube.com\/embed\/cwie1l5z_xQ?feature=oembed\" frameborder=\"0\" allow=\"accelerometer; autoplay; clipboard-write; encrypted-media; gyroscope; picture-in-picture; web-share\" allowfullscreen><\/iframe><\/p>\n<p>&nbsp;<\/p>\n<hr \/>\n<p>&nbsp;<\/p>\n<blockquote>\n<h3>TRE INTERVENTI DEL SOCCORSO ALPINO TRA AGORDINO E CADORE<\/h3>\n<\/blockquote>\n<p><strong>ALLEGHE<\/strong> Ieri attorno a mezzogiorno una squadra del Soccorso alpino di Alleghe \u00e8 intervenuta 200 metri sotto la cima del Col dei Baldi, dove, percorrendo la strada pastorale in compagnia, una 64enne di Jesi (AN) si era fatta male a un piede. Caricata a bordo della jeep, la donna \u00e8 stata trasportata alla sede dell&#8217;ambulanza di Alleghe e da l\u00ec all&#8217;ospedale di Agordo.<\/p>\n<p><strong>PIEVE DI CADORE <\/strong>L&#8217;elicottero del Suem di Pieve di Cadore \u00e8 volato non distante dal Bivacco Comici, nelle cui vicinanze si era infortunato un escursionista. Il 26enne di Malnate (VA), che si trovava con due amici all&#8217;altezza del bivio con il sentiero 277 che conduce a Somadida, \u00e8 stato issato a bordo con un verricello di 10 metri e accompagnato a Pieve di Cadore.<\/p>\n<p><strong>CORTINA <\/strong>Una squadra del Soccorso alpino della Guardia di finanza di Cortina \u00e8 stata inviata sul sentiero 439, che collega il Rifugio Scoiattoli all&#8217;Averau. I soccorritori hanno quindi prestato il primo aiuto a una turista livornese di 50 anni a seguito di un possibile trauma alla caviglia. Trasportata a valle, la donna si \u00e8 poi allontanata autonomamente.<\/p>\n<p><strong>AURONZO<\/strong> Al Rifugio Lavaredo\u00a0 una turista romana di 63 anni \u00e8 stata colta da malore. I soccorritori l&#8217;hanno raggiunta e fatta salire sulla jeep per poi accompagnarla al parcheggio del Rifugio Auronzo, da dove si \u00e8 allontanata assieme al marito.<\/p>\n<p>&nbsp;<\/p>\n<hr \/>\n<p>&nbsp;<\/p>\n<p>&nbsp;<\/p>\n<blockquote>\n<h3>MALORE IN PARCHEGGIO, BELLUNESE\u00a0 SOCCORSO E&#8217; IN GRAVI CONDIZIONI<\/h3>\n<\/blockquote>\n<div class=\"addthis_sharing_toolbox\" data-url=\"http:\/\/sfoglio.corrierealpi.gelocal.it\/share_article.php?article_id=12704694\" data-title=\"Malore nel parcheggio gravissimo 48enne bellunese\"><strong>SEGUSINO<\/strong> Un 48enne del Bellunese \u00e8 stato ricoverato in gravi condizioni all&#8217;ospedale di Treviso per un malore che ha accusato mentre stava raggiungendo la sua auto, nel parcheggio di Cimolato, di viale Italia.\u00a0\u00a0Il 48enne era appena uscito dal negozio, dove aveva fatto qualche acquisto quando, all&#8217;improvviso, s&#8217;\u00e8 sentito male ed \u00e8 caduto a terra, probabilmente colto da un infarto.<\/div>\n<div data-url=\"http:\/\/sfoglio.corrierealpi.gelocal.it\/share_article.php?article_id=12704694\" data-title=\"Malore nel parcheggio gravissimo 48enne bellunese\"><\/div>\n<div data-url=\"http:\/\/sfoglio.corrierealpi.gelocal.it\/share_article.php?article_id=12704694\" data-title=\"Malore nel parcheggio gravissimo 48enne bellunese\"><\/div>\n<hr \/>\n<p>&nbsp;<\/p>\n<blockquote>\n<h3>OFFICINA MECCANICA ABUSIVA, BLITZ DELLA POLIZIA IN CADORE<\/h3>\n<\/blockquote>\n<p>&nbsp;<\/p>\n<p><img loading=\"lazy\" decoding=\"async\" class=\"alignleft\" src=\"https:\/\/www.radiopiu.net\/wordpress\/wp-content\/uploads\/2022\/05\/POLIZIA-2.jpg\" width=\"228\" height=\"128\" \/><strong>VODO DI CADORE<\/strong>\u00a0 Individuata un&#8217;officina meccanica abusiva che operava senza alcuna registrazione presso la Camera di Commercio. Grazie a controlli specifici eseguiti dalla Sezione di Polizia Stradale di Belluno, l&#8217;attivit\u00e0 illecita \u00e8 stata scoperta e punita con fermezza.\u00a0 Per quattro dei clienti ascoltati, per i quali \u00e8 stato confermato l&#8217;utilizzo dei servizi di autoriparazione dell&#8217;officina abusiva, sono state comminate sanzioni amministrative di 86 euro,\u00a0 per aver commissionato lavori ad un&#8217;impresa non registrata al registro delle imprese autorizzate. Il titolare dell&#8217;officina meccanica, invece, \u00e8 stato sanzionato\u00a0 per 5164,33 euro, l&#8217;attrezzatura di lavoro utilizzata nell&#8217;officina \u00e8 stata sequestrata.<\/p>\n<p>&nbsp;<\/p>\n<hr \/>\n<p>&nbsp;<\/p>\n<blockquote>\n<h3>MALTRATTA LA MOGLIE, IL GIUDICE LO ALLONTANA DA CASA, DOVRA&#8217; PAGARSI IL B&amp;B<\/h3>\n<\/blockquote>\n<p><strong>BELLUNO<\/strong> Non potr\u00e0 avvicinarsi\u00a0 alla sua abitazione,\u00a0 ma stare ad almeno 300 metri, dalla casa, soprattutto dalla moglie. A.T. accusato di maltrattamenti e lesioni verso la consorte. Il difensore ha chiesto possa rientrare in casa, perch\u00e9 vuota, la donna \u00e8 accolta in una struttura protetta. L&#8217;uomo in questo periodo vive in una B&amp;B<\/p>\n<p>&nbsp;<\/p>\n<hr \/>\n<p>&nbsp;<\/p>\n<blockquote>\n<h3>CON IL MACHETE PER STRADA, RIMANE IN CARCERE<\/h3>\n<\/blockquote>\n<p><strong>BELLUNO\u00a0<\/strong> Resta in carcere il 60enne di Valle che gioved\u00ec scorso ha seminato il panico lungo la via centrale del paese, brandendo machete e accetta e minacciando automobilisti e passanti. Il giudice per le indagini preliminari Elisabetta Scolozzi ha convalidato l&#8217;arresto operato dai carabinieri quel giorno e ha disposto che l&#8217;uomo resti in cella \u00e8 accusato di resistenza a pubblico ufficiale e porto di oggetti atti a offendere in luogo pubblico.<\/p>\n<p>&nbsp;<\/p>\n<hr \/>\n<p>&nbsp;<\/p>\n<blockquote>\n<h3>ANCHE FELTRE VANTA LA PRESENZA DELL&#8217;ORSO<\/h3>\n<\/blockquote>\n<p><a class=\"dt-pswp-item\" href=\"https:\/\/www.radiopiu.net\/wordpress\/wp-content\/uploads\/2023\/08\/Senza-nome-1.png\" data-dt-img-description=\"\" data-large_image_width=\"634\" data-large_image_height=\"363\"><img loading=\"lazy\" decoding=\"async\" class=\"size-medium wp-image-346830 alignleft\" src=\"https:\/\/www.radiopiu.net\/wordpress\/wp-content\/uploads\/2023\/08\/Senza-nome-1-300x172.png\" alt=\"\" width=\"300\" height=\"172\" srcset=\"https:\/\/www.radiopiu.net\/wordpress\/wp-content\/uploads\/2023\/08\/Senza-nome-1-300x172.png 300w, https:\/\/www.radiopiu.net\/wordpress\/wp-content\/uploads\/2023\/08\/Senza-nome-1.png 634w\" sizes=\"auto, (max-width: 300px) 100vw, 300px\" \/><\/a><strong>FELTRE<\/strong> Un giovane orso maschio \u00e8 stato avvistato nei boschi sopra Lasen. L&#8217;animale \u00e8 stato scoperto grazie a una fototrappola installata dai cacciatori della riserva di Feltre, che inizialmente volevano monitorare i cinghiali presenti nella zona. Tuttavia, l&#8217;orso si \u00e8 mostrato interessato alla pastura di mais, ed \u00e8 stato fotografato praticamente tutte le notti dal 26 luglio. Gli esperti ritengono che si tratti di un giovane maschio in dispersione alla ricerca di nuovi territori e possibili femmine. La sua presenza non \u00e8 stata ancora confermata da impronte o escrementi, rendendo difficile identificarne l&#8217;origine. Potrebbe provenire dalla colonia di orsi nel Trentino o dal gruppo di Tarvisio collegato alla popolazione slovena.\u00a0 Gli esperti ritengono che l&#8217;orso fotografato nel feltrino non sia un problema e possa trovare abbastanza cibo in natura. Tuttavia, se diventasse troppo confidente verso gli esseri umani, dovr\u00e0 essere gestito.<\/p>\n<p><strong><span style=\"color: #000000;\">FOTO CORRIERE DELLE ALPI Un giovane orso immortalato nei boschi sopra Feltre. Ecco le foto <\/span><\/strong><span style=\"color: #0000ff;\"><strong><a style=\"color: #0000ff;\" href=\"https:\/\/corrierealpi.gelocal.it\/regione\/2023\/08\/01\/news\/orso_feltre_foto-12975491\/?ref=CALPI-M6-S1-T1\">CLICCA QUI<\/a><\/strong><\/span><\/p>\n<p><strong>SELVA DI CADORE<\/strong>\u00a0 E&#8217; avvilito Simon Declara, pastore alto atesino della Val Badia che con le sue mandrie sconfina verso passo Giau. Giura che in queste condizioni non torner\u00e0 nell&#8217;Agordino, lo ha deciso dopo l&#8217;ennesima predazione del lupo e chiede che chi di competenza intervenga ammazzandoli.<\/p>\n<p>&nbsp;<\/p>\n<p>&nbsp;<\/p>\n<p>&nbsp;<\/p>\n<hr \/>\n<p>&nbsp;<\/p>\n<blockquote>\n<h3>IL CONSIGLIO PROVINCIALE DICE SI AL VILLAGGIO OLIMPICO A BORCA DI CADORE<\/h3>\n<\/blockquote>\n<p><strong><a class=\"dt-pswp-item\" href=\"https:\/\/www.radiopiu.net\/wordpress\/wp-content\/uploads\/2023\/07\/6b28c8b5-af21-4a03-ab79-d05093980d80.jpg\" data-dt-img-description=\"\" data-large_image_width=\"1024\" data-large_image_height=\"768\"><img loading=\"lazy\" decoding=\"async\" class=\" wp-image-346797 alignleft\" src=\"https:\/\/www.radiopiu.net\/wordpress\/wp-content\/uploads\/2023\/07\/6b28c8b5-af21-4a03-ab79-d05093980d80-300x225.jpg\" alt=\"\" width=\"147\" height=\"110\" srcset=\"https:\/\/www.radiopiu.net\/wordpress\/wp-content\/uploads\/2023\/07\/6b28c8b5-af21-4a03-ab79-d05093980d80-300x225.jpg 300w, https:\/\/www.radiopiu.net\/wordpress\/wp-content\/uploads\/2023\/07\/6b28c8b5-af21-4a03-ab79-d05093980d80-768x576.jpg 768w, https:\/\/www.radiopiu.net\/wordpress\/wp-content\/uploads\/2023\/07\/6b28c8b5-af21-4a03-ab79-d05093980d80.jpg 1024w\" sizes=\"auto, (max-width: 147px) 100vw, 147px\" \/><\/a>BORCA DI CADORE<\/strong> Il consiglio provinciale ribadisce la sua posizione: s\u00ec al villaggio olimpico nell&#8217;ex villaggio ENI di Borca di Cadore. Voto unanime nella seduta che per l&#8217;occasione si \u00e8 tenuta proprio a Borca.<\/p>\n<p><strong>di Daniele Dalvit<\/strong><\/p>\n<audio class=\"wp-audio-shortcode\" id=\"audio-346629-3\" preload=\"none\" style=\"width: 100%;\" controls=\"controls\"><source type=\"audio\/mpeg\" src=\"https:\/\/www.radiopiu.net\/wordpress\/wp-content\/uploads\/2023\/07\/DALVIT-Consiglio-provinciale-Villaggio-Borca.mp3?_=3\" \/><a href=\"https:\/\/www.radiopiu.net\/wordpress\/wp-content\/uploads\/2023\/07\/DALVIT-Consiglio-provinciale-Villaggio-Borca.mp3\">https:\/\/www.radiopiu.net\/wordpress\/wp-content\/uploads\/2023\/07\/DALVIT-Consiglio-provinciale-Villaggio-Borca.mp3<\/a><\/audio>\n<p>&nbsp;<\/p>\n<hr \/>\n<p>&nbsp;<\/p>\n<blockquote>\n<h3>PISTA DA BOB A CORTINA, APPALTO DESERTO<\/h3>\n<p><em>Non \u00e8 dato sapere il motivo per cui la cordata di imprese del territorio si \u00e8 ritirata dalla corsa.\u00a0<\/em><\/p><\/blockquote>\n<p><strong>CORTINA\u00a0<\/strong> La cordata di imprese bellunesi ha fatto un passo a lato e\u00a0 la Societ\u00e0 Infrastrutture Milano Cortina ha tempestivamente comunicato che, non essendoci altri concorrenti, sarebbe andata a trattativa privata. Per riqualificare la gloriosa pista di bob &#8220;Eugenio Monti&#8221; sono necessari 807 giorni. Il cantiere, dunque, non pu\u00f2 scattare oltre la fine di settembre, per cui \u00e8 prevedibile che la &#8220;procedura negoziata&#8221; da parte del commissario Luigi Valerio Sant&#8217;Andrea venga esperita al pi\u00f9 tardi entro i primi giorni del prossimo mese.<\/p>\n<p>&nbsp;<\/p>\n<p>&nbsp;<\/p>\n<hr \/>\n<p>&nbsp;<\/p>\n<blockquote>\n<h3>AD AGORDO IL CONSIGLIO COMUNALE<\/h3>\n<\/blockquote>\n<p><strong>AGORDO<\/strong> Consiglio comunale di Agordo. Tra i punti da discutere l&#8217;approvazione della convenzione per l\u2019affidamento del servizio di tesoreria.<\/p>\n<p><strong>LA DIRETTA RADIO PIU&#8217;<\/strong><\/p>\n<p>https:\/\/www.facebook.com\/marco.baghy.1\/videos\/240057182316585\/?<\/p>\n<p>&nbsp;<\/p>\n<hr \/>\n<p>&nbsp;<\/p>\n<blockquote>\n<h3>PRONTI I FONDI PER RENDERE PIU&#8217; SICURA LA SP 347 A CROSTOLIN<\/h3>\n<\/blockquote>\n<p><strong><a class=\"dt-pswp-item\" href=\"https:\/\/www.radiopiu.net\/wordpress\/wp-content\/uploads\/2019\/11\/favretti.jpeg\" data-dt-img-description=\"\" data-large_image_width=\"1599\" data-large_image_height=\"799\"><img loading=\"lazy\" decoding=\"async\" class=\" wp-image-104885 alignleft\" src=\"https:\/\/www.radiopiu.net\/wordpress\/wp-content\/uploads\/2019\/11\/favretti-300x150.jpeg\" alt=\"\" width=\"188\" height=\"94\" srcset=\"https:\/\/www.radiopiu.net\/wordpress\/wp-content\/uploads\/2019\/11\/favretti-300x150.jpeg 300w, https:\/\/www.radiopiu.net\/wordpress\/wp-content\/uploads\/2019\/11\/favretti-768x384.jpeg 768w, https:\/\/www.radiopiu.net\/wordpress\/wp-content\/uploads\/2019\/11\/favretti-1024x512.jpeg 1024w, https:\/\/www.radiopiu.net\/wordpress\/wp-content\/uploads\/2019\/11\/favretti.jpeg 1599w\" sizes=\"auto, (max-width: 188px) 100vw, 188px\" \/><\/a>AGORDO<\/strong> Al termine del consiglio comunale di Agordo il Vicesindaco Giulio Favretti ha voluto specificare ai microfoni di Radio Pi\u00f9 che sono previsti 26 mila euro per rendere pi\u00f9 sicuro il tratto di strada in localit\u00e0 Crostolin. Sulla SP 347 verranno costruiti dei marciapiedi per consentire ai pedoni di camminare in sicurezza a bordo strada.<\/p>\n<p><strong>GIULIO FAVRETTI, VICESINDACO DI AGORDO<\/strong><\/p>\n<audio class=\"wp-audio-shortcode\" id=\"audio-346629-4\" preload=\"none\" style=\"width: 100%;\" controls=\"controls\"><source type=\"audio\/mpeg\" src=\"https:\/\/www.radiopiu.net\/wordpress\/wp-content\/uploads\/2023\/07\/GIULIO-FAVRETTI-CROSTOLIN.mp3?_=4\" \/><a href=\"https:\/\/www.radiopiu.net\/wordpress\/wp-content\/uploads\/2023\/07\/GIULIO-FAVRETTI-CROSTOLIN.mp3\">https:\/\/www.radiopiu.net\/wordpress\/wp-content\/uploads\/2023\/07\/GIULIO-FAVRETTI-CROSTOLIN.mp3<\/a><\/audio>\n<p>&nbsp;<\/p>\n<hr \/>\n<p>&nbsp;<\/p>\n<blockquote>\n<h3>IL CONSIGLIO DELL&#8217;UNIONE MONTANA AGORDINA<\/h3>\n<\/blockquote>\n<p><strong>AGORDO\u00a0<\/strong>Il presidente dell\u2019Unione Montana Agordina Paolo Frena ha convocato il consiglio in sala Don Tamis anche per\u00a0 l\u2019approvazione dello schema di convenzione relativo al supporto nella stesura di negozi giuridici<\/p>\n<p><strong>LA DIRETTA RADIO PIU&#8217;<\/strong><\/p>\n<p>https:\/\/www.facebook.com\/marco.baghy.1\/videos\/251243104402550\/?<\/p>\n<p>&nbsp;<\/p>\n<hr \/>\n<p>&nbsp;<\/p>\n<blockquote>\n<h3>RISPETTO PER IL TERRITORIO LA RICHIESTA DURANTE L&#8217;ADUNANZA DEL CAI A CANALE<\/h3>\n<\/blockquote>\n<p><strong><a class=\"dt-pswp-item\" href=\"https:\/\/www.radiopiu.net\/wordpress\/wp-content\/uploads\/2022\/04\/278113007_364199092386522_5574385202976528726_n.jpg\" data-dt-img-description=\"\" data-large_image_width=\"554\" data-large_image_height=\"540\"><img loading=\"lazy\" decoding=\"async\" class=\" wp-image-272750 alignleft\" src=\"https:\/\/www.radiopiu.net\/wordpress\/wp-content\/uploads\/2022\/04\/278113007_364199092386522_5574385202976528726_n-300x292.jpg\" alt=\"\" width=\"130\" height=\"127\" srcset=\"https:\/\/www.radiopiu.net\/wordpress\/wp-content\/uploads\/2022\/04\/278113007_364199092386522_5574385202976528726_n-300x292.jpg 300w, https:\/\/www.radiopiu.net\/wordpress\/wp-content\/uploads\/2022\/04\/278113007_364199092386522_5574385202976528726_n.jpg 554w\" sizes=\"auto, (max-width: 130px) 100vw, 130px\" \/><\/a>CANALE D&#8217;AGORDO<\/strong><\/p>\n<p>di Gianni Santomaso<\/p>\n<audio class=\"wp-audio-shortcode\" id=\"audio-346629-5\" preload=\"none\" style=\"width: 100%;\" controls=\"controls\"><source type=\"audio\/mpeg\" src=\"https:\/\/www.radiopiu.net\/wordpress\/wp-content\/uploads\/2023\/07\/GIANNI-RISPETTO-PER-IL-TERRITORIO-LA-RICHIESTA-DURANTE-LADUNANZA-DEL-CAI-A-CANALE.mp3?_=5\" \/><a href=\"https:\/\/www.radiopiu.net\/wordpress\/wp-content\/uploads\/2023\/07\/GIANNI-RISPETTO-PER-IL-TERRITORIO-LA-RICHIESTA-DURANTE-LADUNANZA-DEL-CAI-A-CANALE.mp3\">https:\/\/www.radiopiu.net\/wordpress\/wp-content\/uploads\/2023\/07\/GIANNI-RISPETTO-PER-IL-TERRITORIO-LA-RICHIESTA-DURANTE-LADUNANZA-DEL-CAI-A-CANALE.mp3<\/a><\/audio>\n<p>&nbsp;<\/p>\n<hr \/>\n<p>&nbsp;<\/p>\n<blockquote>\n<h3>NEL RICORDO DI DON STEFANO, QUANDO GIUSEPPE &#8211; OGGI SINDACO &#8211; ERA UN BAMBINO<\/h3>\n<\/blockquote>\n<p><strong><a class=\"dt-pswp-item\" href=\"https:\/\/www.radiopiu.net\/wordpress\/wp-content\/uploads\/2023\/07\/a48cc4ed-23f3-4e23-8fc4-a7a6bc950847.jpg\" data-dt-img-description=\"\" data-large_image_width=\"798\" data-large_image_height=\"1280\"><img loading=\"lazy\" decoding=\"async\" class=\" wp-image-346719 alignleft\" src=\"https:\/\/www.radiopiu.net\/wordpress\/wp-content\/uploads\/2023\/07\/a48cc4ed-23f3-4e23-8fc4-a7a6bc950847-187x300.jpg\" alt=\"\" width=\"111\" height=\"178\" srcset=\"https:\/\/www.radiopiu.net\/wordpress\/wp-content\/uploads\/2023\/07\/a48cc4ed-23f3-4e23-8fc4-a7a6bc950847-187x300.jpg 187w, https:\/\/www.radiopiu.net\/wordpress\/wp-content\/uploads\/2023\/07\/a48cc4ed-23f3-4e23-8fc4-a7a6bc950847-638x1024.jpg 638w, https:\/\/www.radiopiu.net\/wordpress\/wp-content\/uploads\/2023\/07\/a48cc4ed-23f3-4e23-8fc4-a7a6bc950847-768x1232.jpg 768w, https:\/\/www.radiopiu.net\/wordpress\/wp-content\/uploads\/2023\/07\/a48cc4ed-23f3-4e23-8fc4-a7a6bc950847.jpg 798w\" sizes=\"auto, (max-width: 111px) 100vw, 111px\" \/><\/a>VOLTAGO\u00a0<\/strong> Frassen\u00e8 di Voltago ricorda Don Stefano Gorzegno a vent&#8217;anni dalla morte, il concerto del Coro Agordo e del Rio Bianco della Val di Fiemme.<\/p>\n<p>&nbsp;<\/p>\n<p><strong>il SINDACO GIUSEPPE SCHENA<\/strong><\/p>\n<p>&nbsp;<\/p>\n<audio class=\"wp-audio-shortcode\" id=\"audio-346629-6\" preload=\"none\" style=\"width: 100%;\" controls=\"controls\"><source type=\"audio\/mpeg\" src=\"https:\/\/www.radiopiu.net\/wordpress\/wp-content\/uploads\/2023\/07\/GIUSEPPE-SCHENA-RICORDI.mp3?_=6\" \/><a href=\"https:\/\/www.radiopiu.net\/wordpress\/wp-content\/uploads\/2023\/07\/GIUSEPPE-SCHENA-RICORDI.mp3\">https:\/\/www.radiopiu.net\/wordpress\/wp-content\/uploads\/2023\/07\/GIUSEPPE-SCHENA-RICORDI.mp3<\/a><\/audio>\n<p>&nbsp;<\/p>\n<p>&nbsp;<\/p>\n<hr \/>\n<p>&nbsp;<\/p>\n<blockquote>\n<h3>LA NONA EDIZIONE DI SCUOLA SICURA<\/h3>\n<\/blockquote>\n<p><strong><a class=\"dt-pswp-item\" href=\"https:\/\/www.radiopiu.net\/wordpress\/wp-content\/uploads\/2022\/11\/scuola-zaino.jpeg\" data-dt-img-description=\"\" data-large_image_width=\"626\" data-large_image_height=\"417\"><img loading=\"lazy\" decoding=\"async\" class=\" wp-image-306830 alignleft\" src=\"https:\/\/www.radiopiu.net\/wordpress\/wp-content\/uploads\/2022\/11\/scuola-zaino-300x200.jpeg\" alt=\"\" width=\"158\" height=\"105\" srcset=\"https:\/\/www.radiopiu.net\/wordpress\/wp-content\/uploads\/2022\/11\/scuola-zaino-300x200.jpeg 300w, https:\/\/www.radiopiu.net\/wordpress\/wp-content\/uploads\/2022\/11\/scuola-zaino.jpeg 626w\" sizes=\"auto, (max-width: 158px) 100vw, 158px\" \/><\/a>VENEZIA <\/strong>Nella sede regionale della Protezione Civile di Marghera si \u00e8 svolta la prima riunione operativa dell\u2019edizione autunnale del progetto \u201cScuola Sicura Veneto\u201d: il format ideato dall\u2019assessorato regionale alla Protezione Civile dedicato alle scuole del territorio. Un incontro con cui l\u2019assessore Gianpaolo Bottacin ha definito il calendario di massima e concordato i dettagli del progetto assieme ai rappresentanti dei Comuni che, uno per provincia, parteciperanno alla nona edizione dell&#8217;iniziativa.<\/p>\n<p>&nbsp;<\/p>\n<p>&nbsp;<\/p>\n<hr \/>\n<p>&nbsp;<\/p>\n<blockquote>\n<h3>DOMANI INIZIANO I LAVORI DI BIM GSP A CASTION<\/h3>\n<\/blockquote>\n<p><strong><a class=\"dt-pswp-item\" href=\"https:\/\/www.radiopiu.net\/wordpress\/wp-content\/uploads\/2021\/06\/th-12.jpg\" data-dt-img-description=\"\" data-large_image_width=\"282\" data-large_image_height=\"188\"><img loading=\"lazy\" decoding=\"async\" class=\" wp-image-216172 alignleft\" src=\"https:\/\/www.radiopiu.net\/wordpress\/wp-content\/uploads\/2021\/06\/th-12.jpg\" alt=\"\" width=\"125\" height=\"83\" \/><\/a>BELLUNO <\/strong>Lavori in corso, mercoled\u00ec 2 agosto, alla rete idrica di Castion, in Comune di Belluno. Bim Gsp, infatti, provveder\u00e0 a posare nuove valvole di linea e misuratori di portata e di pressione in via delle Valli, a Cet. Contestualmente, sostituir\u00e0 anche alcune saracinesche ormai obsolete in via Tisson a Madeago e in altri punti dell\u2019acquedotto locale. Il cantiere, che permetter\u00e0 la separazione delle condotte in pi\u00f9 distretti, comporter\u00e0 la sospensione della fornitura idrica, dalle ore 8 del mattino fino a fine lavori (presumibilmente in serata), nelle localit\u00e0 di Castoi, Cet, Cirvoi, Badilet, Pittanzella, Madeago e nelle vie Ceresera, delle Valli, S. Martino, San Rocco e Rei\u00f9. Potranno verificarsi casi diffusi di temporanea torbidit\u00e0 a Castion, Levego e Sagrogna, che andranno ad esaurirsi a conclusione delle attivit\u00e0. A disposizione dell\u2019utenza vi saranno due autobotti di Gsp in Piazza a Cirvoi e in centro a Madeago.<\/p>\n<p>&nbsp;<\/p>\n<p>&nbsp;<\/p>\n<hr \/>\n<p>&nbsp;<\/p>\n<blockquote>\n<h3>CONSIGLI COMUNALI<\/h3>\n<\/blockquote>\n<p><strong>FALCADE<\/strong> Giovedi 3 agosto alle 20 nel consiglio convocato dal sindaco Mauro Salvaterra variazioni al bilancio, dup, convenzioni <strong>TAIBON<\/strong> Giovedi consiglio comunale alle 18, all&#8217;ordine del giorno anche l&#8217;individuazione zona di degrado per il recupero del patrimonio edilizio in localit\u00e0 Col Carrera.<\/p>\n<p>&nbsp;<\/p>\n<blockquote>\n<h3>CONSIGLI COMUNALI DI TAIBON E FALCADE<\/h3>\n<\/blockquote>\n<p><strong>DI GIANNI SANTOMASO<\/strong><\/p>\n<audio class=\"wp-audio-shortcode\" id=\"audio-346629-7\" preload=\"none\" style=\"width: 100%;\" controls=\"controls\"><source type=\"audio\/mpeg\" src=\"https:\/\/www.radiopiu.net\/wordpress\/wp-content\/uploads\/2023\/07\/GIANNI-CONSIGLIO-TAIBON-E-FALCADE.mp3?_=7\" \/><a href=\"https:\/\/www.radiopiu.net\/wordpress\/wp-content\/uploads\/2023\/07\/GIANNI-CONSIGLIO-TAIBON-E-FALCADE.mp3\">https:\/\/www.radiopiu.net\/wordpress\/wp-content\/uploads\/2023\/07\/GIANNI-CONSIGLIO-TAIBON-E-FALCADE.mp3<\/a><\/audio>\n<p>&nbsp;<\/p>\n<hr \/>\n<p>&nbsp;<\/p>\n<p><span style=\"color: #0000ff;\"><strong>AUSER AGORDO INFORMA<\/strong><\/span><\/p>\n<blockquote>\n<h3>Si sono liberati 2 posti per la gita all&#8217;Arena di Verona di venerd\u00ec 4 agosto per l&#8217;opera &#8220;Rigoletto&#8221;. Chi fosse interessato pu\u00f2 rivolgersi all&#8217; Auser di Agordo.<\/h3>\n<\/blockquote>\n<p>&nbsp;<\/p>\n<hr \/>\n<p>&nbsp;<\/p>\n<p>&nbsp;<\/p>\n<blockquote>\n<h3>A SEREN DEL GRAPPA ARRIVA LA FIBRA OTTICA. DA OGGI VELOCITA&#8217; FINO A 1 GIGABYTE<\/h3>\n<\/blockquote>\n<p><strong>SEREN DEL GRAPPA<\/strong> Fibra ottica da oggi a pieno regime nel territorio comunale di Seren del Grappa: \u00e8 stato infatti attivato il collegamento materiale con la centralina di OpenFiber che eroga il servizio.<\/p>\n<p><strong>IL SINDACO DI SEREN DEL GRAPPA DARIO SCOPEL<\/strong><\/p>\n<div style=\"width: 848px;\" class=\"wp-video\"><video class=\"wp-video-shortcode\" id=\"video-346629-1\" width=\"848\" height=\"480\" preload=\"metadata\" controls=\"controls\"><source type=\"video\/mp4\" src=\"https:\/\/www.radiopiu.net\/wordpress\/wp-content\/uploads\/2023\/07\/WhatsApp-Video-2023-07-31-at-15.50.37.mp4?_=1\" \/><a href=\"https:\/\/www.radiopiu.net\/wordpress\/wp-content\/uploads\/2023\/07\/WhatsApp-Video-2023-07-31-at-15.50.37.mp4\">https:\/\/www.radiopiu.net\/wordpress\/wp-content\/uploads\/2023\/07\/WhatsApp-Video-2023-07-31-at-15.50.37.mp4<\/a><\/video><\/div>\n<p>&nbsp;<\/p>\n<p>&nbsp;<\/p>\n<p>&nbsp;<\/p>\n<hr \/>\n<p>&nbsp;<\/p>\n<blockquote>\n<h3>CAMBIO MEDICI IN PROVINCIA<\/h3>\n<\/blockquote>\n<p><strong><a class=\"dt-pswp-item\" href=\"https:\/\/www.radiopiu.net\/wordpress\/wp-content\/uploads\/2021\/06\/MEDICO.jpg\" data-dt-img-description=\"\" data-large_image_width=\"1920\" data-large_image_height=\"1440\"><img loading=\"lazy\" decoding=\"async\" class=\" wp-image-216887 alignleft\" src=\"https:\/\/www.radiopiu.net\/wordpress\/wp-content\/uploads\/2021\/06\/MEDICO-300x225.jpg\" alt=\"\" width=\"165\" height=\"124\" srcset=\"https:\/\/www.radiopiu.net\/wordpress\/wp-content\/uploads\/2021\/06\/MEDICO-300x225.jpg 300w, https:\/\/www.radiopiu.net\/wordpress\/wp-content\/uploads\/2021\/06\/MEDICO-1024x768.jpg 1024w, https:\/\/www.radiopiu.net\/wordpress\/wp-content\/uploads\/2021\/06\/MEDICO-768x576.jpg 768w, https:\/\/www.radiopiu.net\/wordpress\/wp-content\/uploads\/2021\/06\/MEDICO-1536x1152.jpg 1536w, https:\/\/www.radiopiu.net\/wordpress\/wp-content\/uploads\/2021\/06\/MEDICO.jpg 1920w\" sizes=\"auto, (max-width: 165px) 100vw, 165px\" \/><\/a>BELLUNO <\/strong>Tra agosto e settembre \u00e8 prevista la sostituzione di 7 Medici di Medicina generale del territorio <strong>Cortina <\/strong>Dall\u2019 11 settembre, sar\u00e0 inserita la dottoressa Maria Renata Careri a cui verranno assegnati d\u2019ufficio gli assistiti del dr. Colucci. <strong>Auronzo e Cibiana<\/strong>\u00a0dal 7 settembre, sar\u00e0 inserito a tempo indeterminato il dottor Giovanni Daniele a cui verranno assegnati d\u2019ufficio gli assistiti del dr. Zanella. <strong>Ponte nelle Alpi <\/strong>Il 31 agosto prender\u00e0 servizio la dottoressa Monica Casanova. <strong>Feltre <\/strong>Il 31 agosto cesser\u00e0 l\u2019incarico la dottoressa Zinaida Civic. Gli assistiti potranno scegliere un nuovo medico tra quelli con disponibilit\u00e0 nell\u2019ambito.<\/p>\n<p>&nbsp;<\/p>\n<p>&nbsp;<\/p>\n<hr \/>\n<p>&nbsp;<\/p>\n<blockquote>\n<h3>IL CORO AGORDO CONTINUA A SCRIVERE PAGINE DI STORIA, &#8220;GRAZIE ANNA&#8221;<\/h3>\n<\/blockquote>\n<p><a class=\"dt-pswp-item\" href=\"https:\/\/www.radiopiu.net\/wordpress\/wp-content\/uploads\/2023\/07\/46177f23-6ad4-4de9-9311-12c462cde3c4.jpg\" data-dt-img-description=\"\" data-large_image_width=\"1024\" data-large_image_height=\"610\"><img loading=\"lazy\" decoding=\"async\" class=\"size-medium wp-image-346712 alignleft\" src=\"https:\/\/www.radiopiu.net\/wordpress\/wp-content\/uploads\/2023\/07\/46177f23-6ad4-4de9-9311-12c462cde3c4-300x179.jpg\" alt=\"\" width=\"300\" height=\"179\" srcset=\"https:\/\/www.radiopiu.net\/wordpress\/wp-content\/uploads\/2023\/07\/46177f23-6ad4-4de9-9311-12c462cde3c4-300x179.jpg 300w, https:\/\/www.radiopiu.net\/wordpress\/wp-content\/uploads\/2023\/07\/46177f23-6ad4-4de9-9311-12c462cde3c4-768x458.jpg 768w, https:\/\/www.radiopiu.net\/wordpress\/wp-content\/uploads\/2023\/07\/46177f23-6ad4-4de9-9311-12c462cde3c4.jpg 1024w\" sizes=\"auto, (max-width: 300px) 100vw, 300px\" \/><\/a><strong>REDAZIONE<\/strong> Sabato\u00a0 Frassen\u00e8\u00a0 di Voltago ha visto il glorioso Coro Agordo fondato da Salvatore Santomaso, tornare sulle scene del canto corale, dopo un periodo di pausa e un cambio di bacchetta.<\/p>\n<p>Dopo l&#8217;impegno di Roberta Conedera ha preso in mano i coristi Anna Devich e sabato si \u00e8 visto l&#8217;importanza del nuovo direttore. Serata ben organizzata anche con il\u00a0 Coro \u201cRio Bianco\u201d di Panchi\u00e0 (TN) che ha condiviso la serata con il Coro Agordo<\/p>\n<blockquote><p><em>Il coro Agordo\u00a0 grazie ai cantori e alla nuova maestra Anna\u00a0 Devich\u00a0 con nuova forza ed entusiasmo, ha ripreso l\u2019attivit\u00e0,\u00a0 perch\u00e9 il canto loro\u00a0 \u00e8 come il respiro: \u00e8 vita! (ct. Gabriele Riva)<\/em><\/p><\/blockquote>\n<p>&nbsp;<\/p>\n<div style=\"width: 848px;\" class=\"wp-video\"><video class=\"wp-video-shortcode\" id=\"video-346629-2\" width=\"848\" height=\"480\" preload=\"metadata\" controls=\"controls\"><source type=\"video\/mp4\" src=\"https:\/\/www.radiopiu.net\/wordpress\/wp-content\/uploads\/2023\/07\/WhatsApp-Video-2023-07-30-at-13.07.51.mp4?_=2\" \/><a href=\"https:\/\/www.radiopiu.net\/wordpress\/wp-content\/uploads\/2023\/07\/WhatsApp-Video-2023-07-30-at-13.07.51.mp4\">https:\/\/www.radiopiu.net\/wordpress\/wp-content\/uploads\/2023\/07\/WhatsApp-Video-2023-07-30-at-13.07.51.mp4<\/a><\/video><\/div>\n<div style=\"width: 848px;\" class=\"wp-video\"><video class=\"wp-video-shortcode\" id=\"video-346629-3\" width=\"848\" height=\"480\" preload=\"metadata\" controls=\"controls\"><source type=\"video\/mp4\" src=\"https:\/\/www.radiopiu.net\/wordpress\/wp-content\/uploads\/2023\/07\/WhatsApp-Video-2023-07-30-at-13.11.53.mp4?_=3\" \/><a href=\"https:\/\/www.radiopiu.net\/wordpress\/wp-content\/uploads\/2023\/07\/WhatsApp-Video-2023-07-30-at-13.11.53.mp4\">https:\/\/www.radiopiu.net\/wordpress\/wp-content\/uploads\/2023\/07\/WhatsApp-Video-2023-07-30-at-13.11.53.mp4<\/a><\/video><\/div>\n<p>&nbsp;<\/p>\n<hr \/>\n<p>&nbsp;<\/p>\n<blockquote>\n<h3>GIOIA SARTOR DI MONTEBELLUNA E&#8217; \u201cMISS MILUNA VENETO\u201d AMMESSA ALLE PREFINALI NAZIONALI DI \u201cMISS ITALIA\u201d<\/h3>\n<\/blockquote>\n<p><strong>FALCADE <\/strong>Ventinove concorrenti si sono date appuntamento in Piazza Municipio a Falcade,\u00a0 per la finale regionale dove si \u00e8 eletta \u201cMiss Miluna Veneto\u201d valida per l\u2019ottantaquattresima edizione di \u201cMiss Italia\u201d. Gioia Sartor diciotto anni di Montebelluna (Tv), studentessa al quarto anno Liceo Scientifico Sportivo che ha praticato nuoto a livello agonistico, si \u00e8 aggiudicata il primo titolo in palio conquistando cos\u00ec l\u2019ammissione alle prefinali nazionali di \u201cMiss Italia\u201d. Piacevole lo spettacolo organizzato dal Comune di Falcade in collaborazione con \u201cPromofalcade\u201d, presentato da Michele Cupit\u00f2 con la regia di Paola Rizzotti titolare dell\u2019agenzia \u201cmodashow.it\u201d esclusivista di \u201cMiss Italia\u201d in Veneto dove, oltre alle tradizionali passerelle in abito elegante e body ufficiali \u201cMiluna, le concorrenti hanno sfilato, tra gli applausi del pubblico con i maestri e maestre delle tre scuole di sci di Falcade \u201cin divisa\u201d.<\/p>\n\n\t\t\t<style type='text\/css'>\n\t\t\t\t#gallery-1 {\n\t\t\t\t\tmargin: auto;\n\t\t\t\t}\n\t\t\t\t#gallery-1 .gallery-item {\n\t\t\t\t\tfloat: left;\n\t\t\t\t\tmargin-top: 10px;\n\t\t\t\t\ttext-align: center;\n\t\t\t\t\twidth: 25%;\n\t\t\t\t}\n\t\t\t\t#gallery-1 img {\n\t\t\t\t\tborder: 2px solid #cfcfcf;\n\t\t\t\t}\n\t\t\t\t#gallery-1 .gallery-caption {\n\t\t\t\t\tmargin-left: 0;\n\t\t\t\t}\n\t\t\t\t\/* see gallery_shortcode() in wp-includes\/media.php *\/\n\t\t\t<\/style>\n\t\t<div id='gallery-1' class='dt-gallery-container gallery galleryid-346629 gallery-columns-4 gallery-size-thumbnail'><dl class='gallery-item'>\n\t\t\t\t<dt class='gallery-icon portrait'>\n\t\t\t\t\t<a class=\"rollover rollover-zoom dt-pswp-item\" title=\"Gioia Sartor 1\" data-dt-img-description=\"\" data-large_image_width=\"1707\" data-large_image_height=\"2560\"href='https:\/\/www.radiopiu.net\/wordpress\/wp-content\/uploads\/2023\/07\/Gioia-Sartor-1-scaled.jpg'><img loading=\"lazy\" decoding=\"async\" width=\"150\" height=\"150\" src=\"https:\/\/www.radiopiu.net\/wordpress\/wp-content\/uploads\/2023\/07\/Gioia-Sartor-1-150x150.jpg\" class=\"attachment-thumbnail size-thumbnail\" alt=\"\" \/><\/a>\n\t\t\t\t<\/dt><\/dl><dl class='gallery-item'>\n\t\t\t\t<dt class='gallery-icon landscape'>\n\t\t\t\t\t<a class=\"rollover rollover-zoom dt-pswp-item\" title=\"Gioia Sartor 2\" data-dt-img-description=\"\" data-large_image_width=\"2560\" data-large_image_height=\"1707\"href='https:\/\/www.radiopiu.net\/wordpress\/wp-content\/uploads\/2023\/07\/Gioia-Sartor-2-scaled.jpg'><img loading=\"lazy\" decoding=\"async\" width=\"150\" height=\"150\" src=\"https:\/\/www.radiopiu.net\/wordpress\/wp-content\/uploads\/2023\/07\/Gioia-Sartor-2-150x150.jpg\" class=\"attachment-thumbnail size-thumbnail\" alt=\"\" \/><\/a>\n\t\t\t\t<\/dt><\/dl><dl class='gallery-item'>\n\t\t\t\t<dt class='gallery-icon landscape'>\n\t\t\t\t\t<a class=\"rollover rollover-zoom dt-pswp-item\" title=\"Gioia con una rappresentanza dei maestri di sci di Falcade\" data-dt-img-description=\"\" data-large_image_width=\"2560\" data-large_image_height=\"1707\"href='https:\/\/www.radiopiu.net\/wordpress\/wp-content\/uploads\/2023\/07\/Gioia-con-una-rappresentanza-dei-maestri-di-sci-di-Falcade-scaled.jpg'><img loading=\"lazy\" decoding=\"async\" width=\"150\" height=\"150\" src=\"https:\/\/www.radiopiu.net\/wordpress\/wp-content\/uploads\/2023\/07\/Gioia-con-una-rappresentanza-dei-maestri-di-sci-di-Falcade-150x150.jpg\" class=\"attachment-thumbnail size-thumbnail\" alt=\"\" \/><\/a>\n\t\t\t\t<\/dt><\/dl><dl class='gallery-item'>\n\t\t\t\t<dt class='gallery-icon landscape'>\n\t\t\t\t\t<a class=\"rollover rollover-zoom dt-pswp-item\" title=\"GFS\" data-dt-img-description=\"\" data-large_image_width=\"2560\" data-large_image_height=\"1707\"href='https:\/\/www.radiopiu.net\/wordpress\/wp-content\/uploads\/2023\/07\/GFS-scaled.jpg'><img loading=\"lazy\" decoding=\"async\" width=\"150\" height=\"150\" src=\"https:\/\/www.radiopiu.net\/wordpress\/wp-content\/uploads\/2023\/07\/GFS-150x150.jpg\" class=\"attachment-thumbnail size-thumbnail\" alt=\"\" \/><\/a>\n\t\t\t\t<\/dt><\/dl><br style=\"clear: both\" \/>\n\t\t\t<\/div>\n\n<p><strong>DI GIANNI SANTOMASO<\/strong><\/p>\n<audio class=\"wp-audio-shortcode\" id=\"audio-346629-8\" preload=\"none\" style=\"width: 100%;\" controls=\"controls\"><source type=\"audio\/mpeg\" src=\"https:\/\/www.radiopiu.net\/wordpress\/wp-content\/uploads\/2023\/07\/GIANNI-MISS-MILUNA-VENETO.mp3?_=8\" \/><a href=\"https:\/\/www.radiopiu.net\/wordpress\/wp-content\/uploads\/2023\/07\/GIANNI-MISS-MILUNA-VENETO.mp3\">https:\/\/www.radiopiu.net\/wordpress\/wp-content\/uploads\/2023\/07\/GIANNI-MISS-MILUNA-VENETO.mp3<\/a><\/audio>\n<p>&nbsp;<\/p>\n<hr \/>\n<p>&nbsp;<\/p>\n<blockquote>\n<h3>MARIA ANTONIETTA TOGNETTI, PERCHE&#8217; NON ANDO&#8217; ALL&#8217;EVENTO &#8220;PER NON DIVENTARE MISS ITALIA&#8221;<\/h3>\n<\/blockquote>\n<blockquote><p><strong>DAGLI ARCHIVI E DAI RICORDI DI PIERANTONIO ZANCHETTA, storia di&#8230;famiglia e auguri in anticipo a Maria Antonietta, il 5 agosto 95enne.<\/strong><\/p><\/blockquote>\n<p>&nbsp;<\/p>\n<p><strong>27 agosto 1949_<\/strong> Una signorina che risiede a Roma, nativa di Canale d&#8217;Agordo (5 agosto 1928), passa l&#8217;estate vacanziera dai nonni materni che risiedono a Belluno in piazza Duomo, di fianco all&#8217;Auditorium. In quella data partecipa ad una serata di gala nel corso della quale sar\u00e0 eletta miss Belluno. Partecipa all&#8217;evento, coinvolta da alcuni amici del luogo, quasi per scherzo, senza alcuna velleit\u00e0, n\u00e8 ambizione. \u00c8 figlia di un perito meccanico nativo anche lui di Canale d&#8217;Agordo, che lavora alla Snia Viscosa, e di Ina casalinga. Quella sera Maria Antonietta Tognetti, nipote del pi\u00f9 noto Mariano, uno dei fondatori della birreria (compare nella documentazione fotografica, un signore piccolo con i baffi e il cappello), divent\u00f2 miss Belluno. Ricevette poi l&#8217;invito a partecipare al concorso per l&#8217;elezione di Miss Veneto, che si svolger\u00e0 a Padova l&#8217;8 settembre 1949. Partecip\u00f2 anche a questo evento e divent\u00f2 miss Sorriso del Veneto. Fu poi convocata a Stresa per partecipare al concorso di miss Italia al quale non partecip\u00f2. A distanza di anni racconter\u00e0, scherzosamente ( di spirito non ha mai difettato) non and\u00f2 all&#8217;evento per timore di diventare proprio lei miss Italia. Quella signorina mi mise al mondo il 16 agosto 1954 (aveva 26 anni) e oggi (ne compie 95 il 5 agosto) vive presso la casa di riposo di Meano.<\/p>\n\n\t\t\t<style type='text\/css'>\n\t\t\t\t#gallery-2 {\n\t\t\t\t\tmargin: auto;\n\t\t\t\t}\n\t\t\t\t#gallery-2 .gallery-item {\n\t\t\t\t\tfloat: left;\n\t\t\t\t\tmargin-top: 10px;\n\t\t\t\t\ttext-align: center;\n\t\t\t\t\twidth: 33%;\n\t\t\t\t}\n\t\t\t\t#gallery-2 img {\n\t\t\t\t\tborder: 2px solid #cfcfcf;\n\t\t\t\t}\n\t\t\t\t#gallery-2 .gallery-caption {\n\t\t\t\t\tmargin-left: 0;\n\t\t\t\t}\n\t\t\t\t\/* see gallery_shortcode() in wp-includes\/media.php *\/\n\t\t\t<\/style>\n\t\t<div id='gallery-2' class='dt-gallery-container gallery galleryid-346629 gallery-columns-3 gallery-size-thumbnail'><dl class='gallery-item'>\n\t\t\t\t<dt class='gallery-icon landscape'>\n\t\t\t\t\t<a class=\"rollover rollover-zoom dt-pswp-item\" title=\"a84730ff-2839-493a-bb6d-4e7333767373\" data-dt-img-description=\"\" data-large_image_width=\"1600\" data-large_image_height=\"1070\"href='https:\/\/www.radiopiu.net\/wordpress\/wp-content\/uploads\/2023\/07\/a84730ff-2839-493a-bb6d-4e7333767373.jpg'><img loading=\"lazy\" decoding=\"async\" width=\"150\" height=\"150\" src=\"https:\/\/www.radiopiu.net\/wordpress\/wp-content\/uploads\/2023\/07\/a84730ff-2839-493a-bb6d-4e7333767373-150x150.jpg\" class=\"attachment-thumbnail size-thumbnail\" alt=\"\" \/><\/a>\n\t\t\t\t<\/dt><\/dl><dl class='gallery-item'>\n\t\t\t\t<dt class='gallery-icon portrait'>\n\t\t\t\t\t<a class=\"rollover rollover-zoom dt-pswp-item\" title=\"52e0176a-cf68-4733-be1a-9ca87ff13793\" data-dt-img-description=\"\" data-large_image_width=\"1119\" data-large_image_height=\"1600\"href='https:\/\/www.radiopiu.net\/wordpress\/wp-content\/uploads\/2023\/07\/52e0176a-cf68-4733-be1a-9ca87ff13793.jpg'><img loading=\"lazy\" decoding=\"async\" width=\"150\" height=\"150\" src=\"https:\/\/www.radiopiu.net\/wordpress\/wp-content\/uploads\/2023\/07\/52e0176a-cf68-4733-be1a-9ca87ff13793-150x150.jpg\" class=\"attachment-thumbnail size-thumbnail\" alt=\"\" \/><\/a>\n\t\t\t\t<\/dt><\/dl><dl class='gallery-item'>\n\t\t\t\t<dt class='gallery-icon portrait'>\n\t\t\t\t\t<a class=\"rollover rollover-zoom dt-pswp-item\" title=\"7e837ead-3e87-4b45-84c8-080914e7048c\" data-dt-img-description=\"\" data-large_image_width=\"1154\" data-large_image_height=\"1600\"href='https:\/\/www.radiopiu.net\/wordpress\/wp-content\/uploads\/2023\/07\/7e837ead-3e87-4b45-84c8-080914e7048c.jpg'><img loading=\"lazy\" decoding=\"async\" width=\"150\" height=\"150\" src=\"https:\/\/www.radiopiu.net\/wordpress\/wp-content\/uploads\/2023\/07\/7e837ead-3e87-4b45-84c8-080914e7048c-150x150.jpg\" class=\"attachment-thumbnail size-thumbnail\" alt=\"\" \/><\/a>\n\t\t\t\t<\/dt><\/dl><br style=\"clear: both\" \/><dl class='gallery-item'>\n\t\t\t\t<dt class='gallery-icon portrait'>\n\t\t\t\t\t<a class=\"rollover rollover-zoom dt-pswp-item\" title=\"ef6172be-2d0b-483d-82f7-55a7db8abf74\" data-dt-img-description=\"\" data-large_image_width=\"767\" data-large_image_height=\"1600\"href='https:\/\/www.radiopiu.net\/wordpress\/wp-content\/uploads\/2023\/07\/ef6172be-2d0b-483d-82f7-55a7db8abf74.jpg'><img loading=\"lazy\" decoding=\"async\" width=\"150\" height=\"150\" src=\"https:\/\/www.radiopiu.net\/wordpress\/wp-content\/uploads\/2023\/07\/ef6172be-2d0b-483d-82f7-55a7db8abf74-150x150.jpg\" class=\"attachment-thumbnail size-thumbnail\" alt=\"\" \/><\/a>\n\t\t\t\t<\/dt><\/dl><dl class='gallery-item'>\n\t\t\t\t<dt class='gallery-icon landscape'>\n\t\t\t\t\t<a class=\"rollover rollover-zoom dt-pswp-item\" title=\"La foto storica dello scarico dei barili di birra libro di Bepi Pellegrinon dedicato a Canale d&#039;Agordo\" data-dt-img-description=\"\" data-large_image_width=\"1578\" data-large_image_height=\"1199\"href='https:\/\/www.radiopiu.net\/wordpress\/wp-content\/uploads\/2023\/07\/La-foto-storica-dello-scarico-dei-barili-di-birra-libro-di-Bepi-Pellegrinon-dedicato-a-Canale-dAgordo.jpg'><img loading=\"lazy\" decoding=\"async\" width=\"150\" height=\"150\" src=\"https:\/\/www.radiopiu.net\/wordpress\/wp-content\/uploads\/2023\/07\/La-foto-storica-dello-scarico-dei-barili-di-birra-libro-di-Bepi-Pellegrinon-dedicato-a-Canale-dAgordo-150x150.jpg\" class=\"attachment-thumbnail size-thumbnail\" alt=\"\" \/><\/a>\n\t\t\t\t<\/dt><\/dl>\n\t\t\t\t<br style='clear: both' \/>\n\t\t\t<\/div>\n\n<p>&nbsp;<\/p>\n<p>&nbsp;<\/p>\n<p>&nbsp;<\/p>\n<hr \/>\n<p>&nbsp;<\/p>\n<blockquote>\n<h3>BORSE DI STUDIO RUDY GASPERIN<\/h3>\n<\/blockquote>\n<p><strong>BELLUNO<\/strong> C\u2019\u00e8 tempo fino al 2 ottobre per partecipare al bando indetto dal Rotary Club Belluno della terza edizione delle borse di studio \u201cRudi De Gasperin\u201d. Rudy De Gasperin \u00e8 mancato nel 2020, vinto dal Covid19 a soli 59 anni. Titolare della Digiclima di Sedico, era uno dei soci pi\u00f9 attivi del Rotary Club Belluno e nel 2021 avrebbe dovuto reggerne la presidenza annuale. Per ricordarlo, e soprattutto omaggiare il suo grande impegno a favore dei pi\u00f9 giovani e alla loro formazione, il Rotary Club Belluno ha istituito un bando per la concessione di tre borse di studio triennali per altrettanti studenti bellunesi che intraprendano il percorso universitario. Un impegno globale di 18mila euro.<br \/>\nLe borse di studio (del valore di 6.000 euro l\u2019una per l\u2019intero triennio di studi) sono a favore di altrettanti studenti bisognosi e meritevoli residenti nella provincia di Belluno, che si iscriveranno a corsi di laurea triennali in qualsiasi universit\u00e0 italiana nelle discipline di area tecnico-scientifica. Potranno partecipare al bando i giovani con meno di 25 anni e un Isee inferiore ai 45mila euro, iscritti al primo anno di universit\u00e0 e che abbiano ottenuto un voto di maturit\u00e0 uguale a superiore a 90\/100.<\/p>\n<p>&nbsp;<\/p>\n<p>&nbsp;<\/p>\n<hr \/>\n<p>&nbsp;<\/p>\n<blockquote>\n<h3>CINQUE GIORNI PER PARLARE DI FUTURO<\/h3>\n<\/blockquote>\n<p><strong>BELLUNO <\/strong>Una giornata dedicata alle lettere e al marketing, un&#8217;altra alle scienze mediche e dello sport, un&#8217;altra ancora all&#8217;informatica e alla robotica, una quarta all&#8217;ingegneria, l&#8217;ultima alle scienze sociali. Prende forma il calendario della Dolomiti Summer School, la grande iniziativa di orientamento universitario che si terr\u00e0 tra luned\u00ec 28 agosto e venerd\u00ec 1\u00b0 settembre nelle aule di palazzo Bembo, nel cuore di Belluno. Visto l&#8217;interesse che si sta riscontrando, la proposta viene confermata: nel capoluogo arriveranno quindi docenti e rappresentanti delle Universit\u00e0 di Trento e di Verona e della Luiss Guido Carli che accanto a Confindustria Belluno Dolomiti stanno portando avanti il progetto per il secondo anno consecutivo.<\/p>\n<p>&nbsp;<\/p>\n<p>&nbsp;<\/p>\n<hr \/>\n<p>&nbsp;<\/p>\n<blockquote class=\"wp-embedded-content\" data-secret=\"bMvH3jl7iL\"><p><a href=\"https:\/\/www.radiopiu.net\/wordpress\/gli-alpini-nella-valle-di-san-lucano\/\">GLI ALPINI, NELLA VALLE DI SAN LUCANO<\/a><\/p><\/blockquote>\n<p><iframe loading=\"lazy\" class=\"wp-embedded-content\" sandbox=\"allow-scripts\" security=\"restricted\" style=\"position: absolute; clip: rect(1px, 1px, 1px, 1px);\" title=\"&#8220;GLI ALPINI, NELLA VALLE DI SAN LUCANO&#8221; &#8212; Radio Pi\u00f9\" src=\"https:\/\/www.radiopiu.net\/wordpress\/gli-alpini-nella-valle-di-san-lucano\/embed\/#?secret=Wn3wchluOI#?secret=bMvH3jl7iL\" data-secret=\"bMvH3jl7iL\" width=\"600\" height=\"338\" frameborder=\"0\" marginwidth=\"0\" marginheight=\"0\" scrolling=\"no\"><\/iframe><\/p>\n<p>&nbsp;<\/p>\n<hr \/>\n<p>&nbsp;<\/p>\n<h2><span style=\"color: #00ccff;\">IERI ALLA RADIO<\/span><\/h2>\n<h2><span style=\"color: #808000;\">PERITI MINERARI DALL\u2019AGORDINO AL MONDO<\/span><\/h2>\n<p><strong>REDAZIONE<\/strong> Continua la serie di racconti con i periti minerari agordini. Oggi \u00e8 il turno di Roberto Dal Pont. I racconti dei periti minerari agordini che hanno lavorato nel mondo, ogni luned\u00ec alle 10:30 e alle 19 su Radio Pi\u00f9.<\/p>\n<p><iframe loading=\"lazy\" title=\"ROBERTO DAL PONT\" width=\"1200\" height=\"675\" src=\"https:\/\/www.youtube.com\/embed\/g3zJz5ndmQc?feature=oembed\" frameborder=\"0\" allow=\"accelerometer; autoplay; clipboard-write; encrypted-media; gyroscope; picture-in-picture; web-share\" allowfullscreen><\/iframe><\/p>\n<p>&nbsp;<\/p>\n<p><strong>LA RACOLTA COMPLETA<\/strong><\/p>\n<blockquote class=\"wp-embedded-content\" data-secret=\"jEO0OCQVNU\"><p><a href=\"https:\/\/www.radiopiu.net\/wordpress\/periti-minerari-dallagordino-al-mondo\/\">Periti minerari dall&#8217;agordino al mondo<\/a><\/p><\/blockquote>\n<p><iframe loading=\"lazy\" class=\"wp-embedded-content\" sandbox=\"allow-scripts\" security=\"restricted\" style=\"position: absolute; clip: rect(1px, 1px, 1px, 1px);\" title=\"&#8220;Periti minerari dall&#8217;agordino al mondo&#8221; &#8212; Radio Pi\u00f9\" src=\"https:\/\/www.radiopiu.net\/wordpress\/periti-minerari-dallagordino-al-mondo\/embed\/#?secret=FDUvRzM1ml#?secret=jEO0OCQVNU\" data-secret=\"jEO0OCQVNU\" width=\"600\" height=\"338\" frameborder=\"0\" marginwidth=\"0\" marginheight=\"0\" scrolling=\"no\"><\/iframe><\/p>\n<p>&nbsp;<\/p>\n<p>&nbsp;<\/p>\n<hr \/>\n<p>&nbsp;<\/p>\n<h2><span style=\"color: #ff0000;\">GLI APPUNTAMENTI DELLA SETTIMANA\u00a0<\/span><\/h2>\n<p><a class=\"dt-pswp-item\" href=\"https:\/\/www.radiopiu.net\/wordpress\/wp-content\/uploads\/2023\/07\/Senza-nome-77.png\" data-dt-img-description=\"\" data-large_image_width=\"423\" data-large_image_height=\"411\"><img loading=\"lazy\" decoding=\"async\" class=\"wp-image-345894 alignleft\" src=\"https:\/\/www.radiopiu.net\/wordpress\/wp-content\/uploads\/2023\/07\/Senza-nome-77-300x291.png\" alt=\"\" width=\"116\" height=\"113\" srcset=\"https:\/\/www.radiopiu.net\/wordpress\/wp-content\/uploads\/2023\/07\/Senza-nome-77-300x291.png 300w, https:\/\/www.radiopiu.net\/wordpress\/wp-content\/uploads\/2023\/07\/Senza-nome-77.png 423w\" sizes=\"auto, (max-width: 116px) 100vw, 116px\" \/><\/a><\/p>\n<p><strong>\u00a0<\/strong><strong>LA MOSTRA A\u00a0 <\/strong><strong>LA VALLE AGORDINA\u00a0<\/strong><\/p>\n<p><strong>ANIMALI DELLE DOLOMITI, LA MOSTRA FOTOGRAFICA DI ADONE COLLE FINO AL 6 AGOSTO, TUTTI I GIORNI DALLE 10 ALLE 12 E DALLE 20 ALLE 22 NELLA SALA DELLA BIBLIOTECA DEL MUNICIPIO DI LA VALLE AGORDINA ANIMALI DELLE DOLOMITI, DI ADONE COLLE, CON L&#8217;ORGANIZZAZIONE DELLE ASSOCAZIONI LAVALLESI<\/strong><\/p>\n<p>&nbsp;<\/p>\n<blockquote>\n<h3>CHICCO CATTADORI ALLA BIBLIOTECA DI VALLADA<\/h3>\n<\/blockquote>\n<p><strong>VALLADA<\/strong> Gioved\u00ec alle 21 alla Biblioteca di Vallada l&#8217;incontro con Chicco Cattadori. &#8220;4 Passi nella storia della Valle del Biois&#8221; il titolo della serata.<\/p>\n<p>&nbsp;<\/p>\n<blockquote>\n<h3>LA MOSTRA SALUTI DALLE DOLOMITI<\/h3>\n<\/blockquote>\n<p><strong>COLLE SANTA LUCIA <\/strong>Gioved\u00ec 3 agosto alle 18 in piazza Villagrande a Colle Santa Lucia l&#8217;inaugurazione della mostra &#8220;Saluti dalle Dolomiti &#8211; Grusse aus den Dolomiten&#8221; (in caso di maltempo il tutto si trasferir\u00e0 nella sala delle ex scuole elementari). La mostra sar\u00e0 dedicata a cartoline e fotografie storiche realizzate in tempo di pace prima e in guerra poi, durante la prima guerra mondiale. La presentazione avverr\u00e0 a cura della guida storica Franz Brunner Pozzi e rimarr\u00e0 aperta e visitabile fino a sabato 12 agosto con ingresso gratuito dall&#8217;ufficio turistico in piazza a Colle Santa Lucia nei suoi orari d&#8217;apertura.<\/p>\n<p>&nbsp;<\/p>\n<blockquote>\n<h3>SABATO SUL BROI DANZA ESTATE CON L&#8217;ADA<\/h3>\n<\/blockquote>\n<p><strong>AGORDO<\/strong> ALICE NEL PAESE DELLE MERAVIGLIE, SPETTACOLO COREOGRAFICO LIBERAMENTE TRATTO DAL TESTO DI LEWIS CARROL., E&#8217; IL TEMA DELL&#8217;EVENTO DELL&#8217;ADA. RITORNA ANCHE QUEST&#8217;ANNO: AGORDO DANZA L&#8217;ESTATE. SABATO ALLE 20.45 SUL BROI DI AGORDO in caso di maltempo evento rinviato a domenica sempre alle 20.45. AGORDO DANZA L&#8217;ESTATE, 26esima EDIZIONE. In collaborazione con il Comune di Agordo e L&#8217;Aics comitato provinciale di Belluno<\/p>\n<p>&nbsp;<\/p>\n<blockquote>\n<h3>REUNION E OVERFLOWN ALLA BIRRERIA STELLA DI CENCENIGHE<\/h3>\n<\/blockquote>\n<p><strong>CENCENIGHE<\/strong> Alla Birreria Stella di Cencenighe un sabato di grande musica con i ReUnion e Overflown. Inizio alle 18. Venerdi sera dalle 21 disco music con dj Luca<\/p>\n<p>&nbsp;<\/p>\n<blockquote>\n<h3>INCONTRO CON ANTONIO BORTOLUZZI<\/h3>\n<\/blockquote>\n<p><strong>CANALE D&#8217;AGORDO<\/strong> Si parla di montagna con Antonio Bortoluzzi. Sabato alle 21 in Sala Emigranti<\/p>\n<blockquote>\n<h3><\/h3>\n<h3>UNA GIORNATA PER NO DESMENTEGAR<\/h3>\n<\/blockquote>\n<p><strong>GOSALDO\u00a0<\/strong>Domenica ai campi di bocce di Gosaldo una giornata di festa in memoria di Enzo Masoch. Dalle 12 apertura delle cucine e il Memorial con il torneo di bocce a partire dalle 15. Musica con Eros durante la giornata.<\/p>\n<p>&nbsp;<\/p>\n<blockquote>\n<h3>DOMENICA I MERCATINI A FORCELLA AURINE<\/h3>\n<\/blockquote>\n<p><strong>GOSALDO<\/strong> Domenica a Forcella Aurine il mercatino dei prodotti locali e dell&#8217;artigianato<\/p>\n<p>&nbsp;<\/p>\n<blockquote>\n<h3>LA FESTA ALPINA A PIANDISON<\/h3>\n<\/blockquote>\n<p><strong>VOLTAGO<\/strong> Il gruppo Alpini di Voltago organizza per domenica la Festa Alpina di Piandison. Alle 11 l&#8217;alzabandiera e a seguire la Santa Messa. Dalle 12:30 pranzo alla Casa di Piandison<\/p>\n<p>&nbsp;<\/p>\n<h2><span style=\"color: #ff0000;\">PROSSIMAMENTE&#8230;\u00a0<\/span><\/h2>\n<p>&nbsp;<\/p>\n<blockquote>\n<h2><a class=\"dt-pswp-item\" href=\"https:\/\/www.radiopiu.net\/wordpress\/wp-content\/uploads\/2023\/08\/Senza-nome.png\" data-dt-img-description=\"\" data-large_image_width=\"605\" data-large_image_height=\"188\"><img loading=\"lazy\" decoding=\"async\" class=\"size-medium wp-image-346825 alignleft\" src=\"https:\/\/www.radiopiu.net\/wordpress\/wp-content\/uploads\/2023\/08\/Senza-nome-300x93.png\" alt=\"\" width=\"300\" height=\"93\" srcset=\"https:\/\/www.radiopiu.net\/wordpress\/wp-content\/uploads\/2023\/08\/Senza-nome-300x93.png 300w, https:\/\/www.radiopiu.net\/wordpress\/wp-content\/uploads\/2023\/08\/Senza-nome.png 605w\" sizes=\"auto, (max-width: 300px) 100vw, 300px\" \/><\/a>\u201cCINEMA IN CONTRADA\u201d AD AGORDO<\/h2>\n<\/blockquote>\n<p><strong>AGORDO<\/strong> Tre serate di proiezioni sotto le stelle delle Dolomiti Ad agosto 2023, torna ad Agordo il cinema all\u2019aperto. Gli appuntamenti della rassegna:\u00a0 \u25cf Sabato 12 Agosto: Bohemian Rhapsody, di Bryan Singer\u00a0 \u00a0Luned\u00ec 14 Agosto: Parasite, di Bong Joon-hoo \u25cf Mercoled\u00ec 16 Agosto: Indiana Jones e i predatori dell\u2019arca perduta, di Steven Spielberg. Tutte le proiezioni inizieranno alle ore 21 e saranno ad ingresso gratuito, previa prenotazione raccomandata fino ad esaurimento posti. Le prenotazioni si possono effettuare attraverso il sito http:\/\/agordo.eventbrite.com oppure rivolgendosi all\u2019Ufficio Turistico di Agordo<\/p>\n<p>&nbsp;<\/p>\n<p>&nbsp;<\/p>\n<blockquote>\n<h3>CONCERTI IN ALTA QUOTA CON &#8220;MELODIE NEL BOSCO, SUSSURRI TRA LE DOLOMITI&#8221;.<\/h3>\n<\/blockquote>\n<p><strong><a class=\"dt-pswp-item\" href=\"https:\/\/www.radiopiu.net\/wordpress\/wp-content\/uploads\/2018\/07\/Pota-l_Orso_Bosco-degli-Artisti.png\" data-dt-img-description=\"\" data-large_image_width=\"750\" data-large_image_height=\"534\"><img loading=\"lazy\" decoding=\"async\" class=\" wp-image-55065 alignleft\" src=\"https:\/\/www.radiopiu.net\/wordpress\/wp-content\/uploads\/2018\/07\/Pota-l_Orso_Bosco-degli-Artisti-300x214.png\" alt=\"\" width=\"199\" height=\"142\" srcset=\"https:\/\/www.radiopiu.net\/wordpress\/wp-content\/uploads\/2018\/07\/Pota-l_Orso_Bosco-degli-Artisti-300x214.png 300w, https:\/\/www.radiopiu.net\/wordpress\/wp-content\/uploads\/2018\/07\/Pota-l_Orso_Bosco-degli-Artisti.png 750w\" sizes=\"auto, (max-width: 199px) 100vw, 199px\" \/><\/a>FALCADE<\/strong>\u00a0 &#8220;Melodie nel Bosco, sussurri tra le Dolomiti&#8221;. Si chiama cos\u00ec il festival che porter\u00e0 quattro concerti a 2.000 metri di altitudine per far incontrare musica e natura al cospetto di vette come Mulaz e Focobon.\u00a0 A fare da teatro sar\u00e0 il Bosco degli Artisti di Falcade, galleria d\u2019arte a cielo aperto che sorge in localit\u00e0 Le Buse, nella Ski Area San Pellegrino. Concerti in programma alle 10:30.<\/p>\n<p>Sabato 26 agosto toccher\u00e0 a Emanuele Bastanzetti, da Bach a Kreisler &#8211; sinfonie di violino.<\/p>\n<p>&nbsp;<\/p>\n<hr \/>\n<blockquote>\n<h3><a class=\"dt-pswp-item\" href=\"https:\/\/www.radiopiu.net\/wordpress\/wp-content\/uploads\/2023\/08\/c92c2625-6166-49cf-894c-cb297341c626.jpg\" data-dt-img-description=\"\" data-large_image_width=\"1277\" data-large_image_height=\"1600\"><img loading=\"lazy\" decoding=\"async\" class=\"size-medium wp-image-346844 alignleft\" src=\"https:\/\/www.radiopiu.net\/wordpress\/wp-content\/uploads\/2023\/08\/c92c2625-6166-49cf-894c-cb297341c626-239x300.jpg\" alt=\"\" width=\"239\" height=\"300\" srcset=\"https:\/\/www.radiopiu.net\/wordpress\/wp-content\/uploads\/2023\/08\/c92c2625-6166-49cf-894c-cb297341c626-239x300.jpg 239w, https:\/\/www.radiopiu.net\/wordpress\/wp-content\/uploads\/2023\/08\/c92c2625-6166-49cf-894c-cb297341c626-817x1024.jpg 817w, https:\/\/www.radiopiu.net\/wordpress\/wp-content\/uploads\/2023\/08\/c92c2625-6166-49cf-894c-cb297341c626-768x962.jpg 768w, https:\/\/www.radiopiu.net\/wordpress\/wp-content\/uploads\/2023\/08\/c92c2625-6166-49cf-894c-cb297341c626-1226x1536.jpg 1226w, https:\/\/www.radiopiu.net\/wordpress\/wp-content\/uploads\/2023\/08\/c92c2625-6166-49cf-894c-cb297341c626.jpg 1277w\" sizes=\"auto, (max-width: 239px) 100vw, 239px\" \/><\/a><\/h3>\n<h3><\/h3>\n<h3><\/h3>\n<h3>L&#8217;APERIMALGA A MALGA PIAN DE VACIA<\/h3>\n<\/blockquote>\n<p><strong>SELVA DI CADORE<\/strong> Venerd\u00ec 11 agosto alla Malga Pian de Vacia di Selva di Cadore \u00e8 in programma l&#8217;aperimalga. Alle 18 un convegno sulla sostenibilit\u00e0 ambientale, alle 19 degustazione di vino<\/p>\n<p>&nbsp;<\/p>\n<p>&nbsp;<\/p>\n<p>&nbsp;<\/p>\n<p>&nbsp;<\/p>\n<p>&nbsp;<\/p>\n<p>&nbsp;<\/p>\n<p>&nbsp;<\/p>\n<hr \/>\n<blockquote>\n<h3><\/h3>\n<h3>MAGNA AN BOCON SU PAR L&#8217;ANDRIA<\/h3>\n<\/blockquote>\n<p><strong>SELVA DI CADORE <\/strong>Il gruppo Folk di Selva di Cadore vi aspetta domenica 13 agosto per la quinta edizione di \u201cMagn\u00e0 an Bocon su par l\u2019Andria\u201d l\u2019evento gastronomico fra i borghi della Val Fiorentina a Selva di Cadore. Assaporerete Deliziosi piatti tipici e prodotti locali ad ogni tappa, attorniati da stupendi scorci panoramici, antichi fienili e case di una volta. Durante il percorso potrete visitare l\u2019eccezionale Molin dei Padre con l\u2019antica falegnameria ad acqua e il museo dei vigili del fuoco volontari di Selva. Al termine del percorso fortaie e musica coi Die D\u00fcrstigen. Numero massimo 100 partecipanti, opportunamente divisi in piccoli gruppi guidati. Prevendite disponibili presso l\u2019ufficio turistico di Selva di Cadore. Novit\u00e0 di quest anno: potrete scegliere l\u2019orario di partenza! Partenza primo gruppo domenica 13 agosto ore 11 presso il campetto Sciovie Santa Fosca. Vendita ultimi ticket dalle ore 10<\/p>\n<p>&nbsp;<\/p>\n<blockquote>\n<h3>L&#8217;ESTATE CON L&#8217;ASSOCIAZIONE BORGO DI SOTTOGUDA<\/h3>\n<\/blockquote>\n<p>APPUNTAMENTI D&#8217;ESTATE CON L&#8217;ASSOCIAZIONE BORGO SOTTOGUDA. GODITI LA NOTTE DI SAN LORENZO IL 10 AGOSTO DALLE 21.30 I DESIDERI S&#8217;ILLUMINANO TRA LE LANTERNE. TRA I MAGICI FIENILI VENERDI 11 CHIACCHIERATA CON ALESSIO SALATA, AUTORE DEL LIBRO &#8220;MORTE A VENEZIA&#8221;. CON VENETO A TAVOLA SABATO 12 AGOSTO IL MERCATO BONTA&#8217; E BENESSERE, DALLE 21 IN PIAZZETTA A SOTTOGUDA IL TRIBUTO A LUCIO BATTISTI INTERPRETATO DA ERA BATTISTI. IL 14 AGOSTO, VIGILIA DI FERRAGOSTO DALLE 21 GLI ARCHI DEL FRIULI E DEL VENETO con il &#8220;SOGNO DI UNA NOTTE DI MEZZ&#8217;ESTATE PARTECIPA LA PIANISTA SILVIA TESSARI. IL MERCATO CONTADINO &#8220;SABEDA ITE VILA&#8221;, SABATO 5 E SABATO 19 AGOSTO CON L&#8217;ASSOCIAZIONE BORGO SOTTOGUDA, IL MERCATO DELLA DELIZIA CONTADINA, DEI LAVORI DI UNA VOLTA. AL SABATO DEL VILLAGGIO IL LABORATORIO COSMETICO E CURATIVO DI ESTER ANDRICH APPASSIONATA DI ERBE SPONTANEE E LORO UTILIZZO, E SOTTO AL TENDONE MEZZOGIORNO E SERA TUTTO PER SOLLETICARE IL PALATO SUL POSTO O PER ASPORTO. Ma voi sapete fare i canederli? TRANQUILLI&#8230; CI PENSA THOMAS A SOTTOGUDA DI ROCCA PIETORE Alle 21 sar\u00e0 ospite Luigi Fontana, figlio di Jmmi Fontana con un viaggio negli anni 60 e &#8217;70 tra grandi canzoni e aneddoti<\/p>\n<p>&nbsp;<\/p>\n<p>&nbsp;<\/p>\n<hr \/>\n<p>&nbsp;<\/p>\n<blockquote>\n<h3>APERITIVO ? MA MAI SENZA MUSICA<\/h3>\n<\/blockquote>\n<p><a class=\"dt-pswp-item\" href=\"https:\/\/www.radiopiu.net\/wordpress\/wp-content\/uploads\/2023\/07\/d86dbc06-7161-49d4-b544-90770e85269f.jpg\" data-dt-img-description=\"\" data-large_image_width=\"1448\" data-large_image_height=\"2048\"><img loading=\"lazy\" decoding=\"async\" class=\" wp-image-342766 alignleft\" src=\"https:\/\/www.radiopiu.net\/wordpress\/wp-content\/uploads\/2023\/07\/d86dbc06-7161-49d4-b544-90770e85269f-212x300.jpg\" alt=\"\" width=\"133\" height=\"189\" srcset=\"https:\/\/www.radiopiu.net\/wordpress\/wp-content\/uploads\/2023\/07\/d86dbc06-7161-49d4-b544-90770e85269f-212x300.jpg 212w, https:\/\/www.radiopiu.net\/wordpress\/wp-content\/uploads\/2023\/07\/d86dbc06-7161-49d4-b544-90770e85269f-724x1024.jpg 724w, https:\/\/www.radiopiu.net\/wordpress\/wp-content\/uploads\/2023\/07\/d86dbc06-7161-49d4-b544-90770e85269f-768x1086.jpg 768w, https:\/\/www.radiopiu.net\/wordpress\/wp-content\/uploads\/2023\/07\/d86dbc06-7161-49d4-b544-90770e85269f-1086x1536.jpg 1086w, https:\/\/www.radiopiu.net\/wordpress\/wp-content\/uploads\/2023\/07\/d86dbc06-7161-49d4-b544-90770e85269f.jpg 1448w\" sizes=\"auto, (max-width: 133px) 100vw, 133px\" \/><\/a>Dimentica la routine, concediti un momento di relax e divertimento con amici e familiari. L&#8217;aperitivo in musica all&#8217;Hotel Stella Alpina in piazza a Falcade \u00e8 l&#8217;occasione perfetta per socializzare e creare ricordi preziosi.Ogni venerd\u00ec di luglio ed agosto, l&#8217;Hotel Stella Alpina vi accoglie per una serata di puro divertimento, dalle 18 alle 21. I\u00a0venerdi di luglio ed agosto allo Stella alpina, appuntamento con la buona musica e le specialit\u00e0 che sapranno deliziarvi il palato. INFO 0437 599046. <a class=\"moz-txt-link-abbreviated\" href=\"http:\/\/WWW.HOTEL\">WWW.HOTEL<\/a> STELLA ALPINA . COM<\/p>\n<p><strong>VENERDI 4 AGOSTO<\/strong> SMILE IN CONCERTO\u00a0 e tacos con pulled pork fatti in casa<\/p>\n<p>&nbsp;<\/p>\n<p>&nbsp;<\/p>\n<p>&nbsp;<\/p>\n<p>&nbsp;<\/p>\n<hr \/>\n<p>&nbsp;<\/p>\n<p>&nbsp;<\/p>\n<blockquote>\n<h3><a class=\"dt-pswp-item\" href=\"https:\/\/www.radiopiu.net\/wordpress\/wp-content\/uploads\/2023\/07\/f3b253e6-70dc-4b6a-9b64-d312475aa1a1.jpg\" data-dt-img-description=\"\" data-large_image_width=\"1463\" data-large_image_height=\"2048\"><img loading=\"lazy\" decoding=\"async\" class=\"size-medium wp-image-345602 alignleft\" src=\"https:\/\/www.radiopiu.net\/wordpress\/wp-content\/uploads\/2023\/07\/f3b253e6-70dc-4b6a-9b64-d312475aa1a1-214x300.jpg\" alt=\"\" width=\"214\" height=\"300\" srcset=\"https:\/\/www.radiopiu.net\/wordpress\/wp-content\/uploads\/2023\/07\/f3b253e6-70dc-4b6a-9b64-d312475aa1a1-214x300.jpg 214w, https:\/\/www.radiopiu.net\/wordpress\/wp-content\/uploads\/2023\/07\/f3b253e6-70dc-4b6a-9b64-d312475aa1a1-732x1024.jpg 732w, https:\/\/www.radiopiu.net\/wordpress\/wp-content\/uploads\/2023\/07\/f3b253e6-70dc-4b6a-9b64-d312475aa1a1-768x1075.jpg 768w, https:\/\/www.radiopiu.net\/wordpress\/wp-content\/uploads\/2023\/07\/f3b253e6-70dc-4b6a-9b64-d312475aa1a1-1097x1536.jpg 1097w, https:\/\/www.radiopiu.net\/wordpress\/wp-content\/uploads\/2023\/07\/f3b253e6-70dc-4b6a-9b64-d312475aa1a1.jpg 1463w\" sizes=\"auto, (max-width: 214px) 100vw, 214px\" \/><\/a>MADONA DE LA NEIF, AD AGOSTO A LA VALLE AGORDINA<\/h3>\n<\/blockquote>\n<p>MADONA DE LA NEIF! LA FESTA A LA VALLE AGORDINA DAL 4 AL 6 AGOSTO: TRE SERATE CON STAND GASTRONOMICO, APERITIVO E BALLO SERALE. MADONA DE LA NEIF SPORT: SABATO 5 EL GIRO DE LE BURELE, GARA PODISTICA A COPPIE 41 ESIMA EDIZIONE E DOMENICA INDESFIDA DE LE VILE, GIOCHI E SFIDE DELLA TRADIZIONE. MADONA DE LA NEIF! E&#8217; MOSTRA FOTOGRAFICA LA VAL DA INCORNISA&#8217; NELLE BURELE DI FADES, FINO<br \/>\nAL 31 AGOSTO. E&#8217; MOSTRA MERCATO, SABATO 5 EL MERCA&#8217; DE L&#8217;ISTA&#8217; E POI&#8230; LA VAL A CAVAL, BATTESIMO IN SELLA PER GRANDI E PICCINI, APERTURA DEL MUSEO ETNOGRAFICO E VENERDI 4 CONCERTO DEGLI RH NEGATIVO. TRE GIORNI DI BALLI DISCO&#8230;E DISCO TEK CON RDJ MADONA DE LA NEIF&#8230;ORIGINAL IN TEK VALLEY, CON LE ASSOCIAZIONI LAVALLESI. MADONNA DE LA NEIF&#8230;SOTTO IL CIELO LAVALLESE&#8230;PARDON SOTTO AL TENDONE CON LE ASSOCIAZIONI LAVALLESI<\/p>\n<p><strong>DI GIANNI SANTOMASO<\/strong><\/p>\n<audio class=\"wp-audio-shortcode\" id=\"audio-346629-9\" preload=\"none\" style=\"width: 100%;\" controls=\"controls\"><source type=\"audio\/mpeg\" src=\"https:\/\/www.radiopiu.net\/wordpress\/wp-content\/uploads\/2023\/07\/GIANNI-TORNA-LA-SAGRA-DE-LA-MADONA-DE-LA-NEIF-A-LA-VALLE.mp3?_=9\" \/><a href=\"https:\/\/www.radiopiu.net\/wordpress\/wp-content\/uploads\/2023\/07\/GIANNI-TORNA-LA-SAGRA-DE-LA-MADONA-DE-LA-NEIF-A-LA-VALLE.mp3\">https:\/\/www.radiopiu.net\/wordpress\/wp-content\/uploads\/2023\/07\/GIANNI-TORNA-LA-SAGRA-DE-LA-MADONA-DE-LA-NEIF-A-LA-VALLE.mp3<\/a><\/audio>\n<p>&nbsp;<\/p>\n<p>&nbsp;<\/p>\n<hr \/>\n<p>&nbsp;<\/p>\n<p>&nbsp;<\/p>\n<p><a class=\"dt-pswp-item\" href=\"https:\/\/www.radiopiu.net\/wordpress\/wp-content\/uploads\/2023\/07\/362238350_780080964121139_3528425822730363745_n.jpg\" data-dt-img-description=\"\" data-large_image_width=\"960\" data-large_image_height=\"540\"><img loading=\"lazy\" decoding=\"async\" class=\"alignnone wp-image-346272 size-full\" src=\"https:\/\/www.radiopiu.net\/wordpress\/wp-content\/uploads\/2023\/07\/362238350_780080964121139_3528425822730363745_n.jpg\" alt=\"\" width=\"960\" height=\"540\" srcset=\"https:\/\/www.radiopiu.net\/wordpress\/wp-content\/uploads\/2023\/07\/362238350_780080964121139_3528425822730363745_n.jpg 960w, https:\/\/www.radiopiu.net\/wordpress\/wp-content\/uploads\/2023\/07\/362238350_780080964121139_3528425822730363745_n-300x169.jpg 300w, https:\/\/www.radiopiu.net\/wordpress\/wp-content\/uploads\/2023\/07\/362238350_780080964121139_3528425822730363745_n-768x432.jpg 768w\" sizes=\"auto, (max-width: 960px) 100vw, 960px\" \/><\/a><\/p>\n<p><strong>ALLA RADIO <\/strong>15 AGOSTO&#8230; A MASARE&#8217; DI ALLEGHE SOTTO AL TENDONE IL FERRAGOSTO BIANCOROSSO edizione anniversario. ALLEGHE HOCKEY, 90 ANNI DOPO, CON LO STESSO ENTUSIASMO E LE STESSE EMOZIONI DI ALLORA. LA FESTA DI FERRAGOSTO DALLE 9.30 DEL MATTINO A NOTTE INOLTRATA.\u00a0 buon cibo con possibilit\u00e0 di asporto, giro del lago, giochi per grandi e piccini, magia ,Happy hour con frittura di calamari e alle 21:30 SUL PALCO IL NUOVO FRONTE DEL VASCO&#8230;.IL GRUPPO COVER DI VASCO ROSSI!!!!! IMPREDIBILE ALLEGHE HOCKEY: tutti insieme con e per le civette<\/p>\n<p><strong>Evento ecosostenibile e pet friendly<\/strong><\/p>\n<audio class=\"wp-audio-shortcode\" id=\"audio-346629-10\" preload=\"none\" style=\"width: 100%;\" controls=\"controls\"><source type=\"audio\/mpeg\" src=\"https:\/\/www.radiopiu.net\/wordpress\/wp-content\/uploads\/2023\/07\/alleghe-hockey-c.mp3?_=10\" \/><a href=\"https:\/\/www.radiopiu.net\/wordpress\/wp-content\/uploads\/2023\/07\/alleghe-hockey-c.mp3\">https:\/\/www.radiopiu.net\/wordpress\/wp-content\/uploads\/2023\/07\/alleghe-hockey-c.mp3<\/a><\/audio>\n<p>&nbsp;<\/p>\n<p>&nbsp;<\/p>\n<blockquote class=\"wp-embedded-content\" data-secret=\"qOp1KSDbAb\"><p><a href=\"https:\/\/www.radiopiu.net\/wordpress\/sentimental-le-storie-damore-di-paola-lanciato\/\">SENTIMENTAL,\u00a0 &#8220;le storie d&#8217;amore&#8221; DI PAOLA LANCIATO<\/a><\/p><\/blockquote>\n<p><iframe loading=\"lazy\" class=\"wp-embedded-content\" sandbox=\"allow-scripts\" security=\"restricted\" style=\"position: absolute; clip: rect(1px, 1px, 1px, 1px);\" title=\"&#8220;SENTIMENTAL,\u00a0 &#8220;le storie d&#8217;amore&#8221; DI PAOLA LANCIATO&#8221; &#8212; Radio Pi\u00f9\" src=\"https:\/\/www.radiopiu.net\/wordpress\/sentimental-le-storie-damore-di-paola-lanciato\/embed\/#?secret=KxRks7lEgA#?secret=qOp1KSDbAb\" data-secret=\"qOp1KSDbAb\" width=\"600\" height=\"338\" frameborder=\"0\" marginwidth=\"0\" marginheight=\"0\" scrolling=\"no\"><\/iframe><\/p>\n<p>&nbsp;<\/p>\n<hr \/>\n<p>&nbsp;<\/p>\n<div id=\"dataBlockId-5\" class=\"mceText\">\n<blockquote>\n<h3>DOLOMEETING:<\/h3>\n<h3 class=\"last-child\">a tu per tu con gli special guests delle Dolomiti. <em>Al via, dal 4 al 31 agosto, il nuovo format televisivo Dolomeeting, il primo talk realizzato da Dolomiti Life Tv<\/em><\/h3>\n<\/blockquote>\n<\/div>\n<blockquote><p><em>Dolomeeting, il salotto itinerante a Cortina nato avvalendosi di una portavoce femminile, la giornalista Katia Tafner. Un totale di sette incontri, in programma a partire dai primi di agosto e per tutta la stagione estiva, dedicati a tematiche sempre diverse ma collegate al fil rouge delle Dolomiti con la partecipazione di ospiti d\u2019eccezione e profondi conoscitori del territorio ampezzano. Tra gli special guests le Stelle Michelin Graziano Prest e Chris Oberhammer, l\u2019imprenditrice del lusso Daniela Kraler con Antonio De Matteis, Presidente di Kiton e Pitti Uomo, il giornalista Franco Faggiani, l\u2019imprenditrice di distillati Lisa Tosolini e molti altri ancora.<\/em><\/p><\/blockquote>\n<p>&nbsp;<\/p>\n<p>&nbsp;<\/p>\n<div class=\"message spoilers-container\" dir=\"auto\">\n<div class=\"column\">\n<div class=\"message spoilers-container\" dir=\"auto\">\n<div class=\"column\">\n<hr \/>\n<p>&nbsp;<\/p>\n<h2><span style=\"color: #ff0000;\">I RACCONTI DI PAOLO SOPPELSA<\/span><\/h2>\n<p><strong>LE MONTAGNE DI CENCENIGHE<\/strong><\/p>\n<p><strong>AUDIO<\/strong><\/p>\n<audio class=\"wp-audio-shortcode\" id=\"audio-346629-11\" preload=\"none\" style=\"width: 100%;\" controls=\"controls\"><source type=\"audio\/mpeg\" src=\"https:\/\/www.radiopiu.net\/wordpress\/wp-content\/uploads\/2023\/07\/PAOLO-SOPPELSA-LE-MONTAGNE-DI-CENCENIGHE.mp3?_=11\" \/><a href=\"https:\/\/www.radiopiu.net\/wordpress\/wp-content\/uploads\/2023\/07\/PAOLO-SOPPELSA-LE-MONTAGNE-DI-CENCENIGHE.mp3\">https:\/\/www.radiopiu.net\/wordpress\/wp-content\/uploads\/2023\/07\/PAOLO-SOPPELSA-LE-MONTAGNE-DI-CENCENIGHE.mp3<\/a><\/audio>\n<p>&nbsp;<\/p>\n<p><a class=\"dt-pswp-item\" href=\"https:\/\/www.radiopiu.net\/wordpress\/wp-content\/uploads\/2023\/07\/5bddde45-36f0-4706-bc9a-f86fc847d608.jpg\" data-dt-img-description=\"\" data-large_image_width=\"1600\" data-large_image_height=\"1200\"><img loading=\"lazy\" decoding=\"async\" class=\" wp-image-346472 alignleft\" src=\"https:\/\/www.radiopiu.net\/wordpress\/wp-content\/uploads\/2023\/07\/5bddde45-36f0-4706-bc9a-f86fc847d608-300x225.jpg\" alt=\"\" width=\"172\" height=\"129\" srcset=\"https:\/\/www.radiopiu.net\/wordpress\/wp-content\/uploads\/2023\/07\/5bddde45-36f0-4706-bc9a-f86fc847d608-300x225.jpg 300w, https:\/\/www.radiopiu.net\/wordpress\/wp-content\/uploads\/2023\/07\/5bddde45-36f0-4706-bc9a-f86fc847d608-1024x768.jpg 1024w, https:\/\/www.radiopiu.net\/wordpress\/wp-content\/uploads\/2023\/07\/5bddde45-36f0-4706-bc9a-f86fc847d608-768x576.jpg 768w, https:\/\/www.radiopiu.net\/wordpress\/wp-content\/uploads\/2023\/07\/5bddde45-36f0-4706-bc9a-f86fc847d608-1536x1152.jpg 1536w, https:\/\/www.radiopiu.net\/wordpress\/wp-content\/uploads\/2023\/07\/5bddde45-36f0-4706-bc9a-f86fc847d608.jpg 1600w\" sizes=\"auto, (max-width: 172px) 100vw, 172px\" \/><\/a>Quando arrivi a Cencenighe a notte inoltrata le senti incombere le montagne. Puoi scorgere appena i profili scuri, non puoi ammirare le rocce, i boschi, i canaloni e le cime, per\u00f2 ne percepisci chiaramente la presenza. Pare quasi di sentirle respirare in certe sere d&#8217;estate quando ti accolgono illuminate a festa dalla luna piena. Sembrano voler proteggere questo paese situato nel punto dove strade valli e venti si incrociano e dove le acque di due torrenti si uniscono in un matrimonio infinito. Le montagne di Cencenighe si innalzano dal fondovalle con scatto improvviso, quasi violento; sono montagne faticose, dure da camminare, che necessitano di un passo lento almeno all&#8217;inizio dell&#8217;ascesa. Non sono montagne famose, non possiedono l&#8217;eleganza del Civetta oppure la solenne maestosit\u00e0 del Pelmo. Non si innalzano oltre quella quota simbolica dei tremila metri, rimangono abbondantemente sotto, eppure, nonostante ci\u00f2, non hanno nulla da invidiare ai monti pi\u00f9 blasonati e battuti dalla maggior parte degli escursionisti. Sono quattro le montagne di Cencenighe, e sono poste esattamente ai punti cardinali; ad indicare il nord \u00e8 la cima pi\u00f9 modesta, quella che mostra la grande cicatrice della frana che il 23 maggio del 1940 sbarr\u00f2 la strada che sale in Val del Biois. Il Monte delle Anime si protende come la prua di una nave che sembra navigare fra le due principali vallate agordine. Essa le divide, fa da spartiacque al vento che talvolta sale da sud; appena 1100 metri di quota, sufficienti affinch\u00e9 la vista possa spaziare fino all&#8217;ampia conca di Agordo. Il Pelsa \u00e8 l&#8217;est di Cencenighe, \u00e8 la montagna che al mattino viene scavalcata dal sole un bel po&#8217; di tempo dopo il nascere del giorno. Essa si innalza ripida in parte direttamente dal greto del Cordevole e la sua cima non appare ben marcata; la sommit\u00e0, in realt\u00e0, \u00e8 una lunga cresta erbosa che si snoda pressoch\u00e9 alla stessa altitudine sopra quel mondo affascinante e selvaggio delle &#8220;banche de Pelsa&#8221;. Il Pelsa \u00e8 montagna all&#8217;apparenza severa che accoglie nel suo grembo le frazioni della &#8220;banda de l\u00e0&#8221; e custodisce le storie preziose di quel vivere difficile lungo i ripidi costoni solcati dai canaloni lungo i quali scendono fragorose &#8220;levine&#8221;. Bolp e Ghisel sono due testimoni di un vivere che oggi pare impossibile ma che invece era realt\u00e0 fino a circa sei decenni fa; essi sono memoria di com&#8217;era vivere in montagna in un tempo nemmeno troppo distante, e le pietre di quelle case oggi raccontano i sacrifici e le fatiche di chi c&#8217;era prima di noi. Sono le Pale di San Lucano a chiudere l&#8217;orizzonte sud, con le due cime gemelle che, dai primi di dicembre fino al 17 gennaio giorno del Patrono Sant&#8217;Antonio Abate, per circa un&#8217;ora sono di ostacolo al sole. Ogni giorno, dalle undici e un quarto fino al suonare del mezzogiorno della campana grande, una fredda ombra cala sulla piazza del paese; per oltre un mese va in scena una sorta di eclisse giornaliera che regala al centro di Cencenighe un primo precoce tramonto. Poi, quel sole affaticato va a lambire la cima principale del Mul per poi andare a spegnersi definitivamente dietro la Cima di Pape. La montagna intitolata a Papa Luciani \u00e8 formata da rocce scure e &#8220;loppa&#8221; ed \u00e8 lei che va a chiudere l&#8217;ovest di Cencenighe; guardandola dal paese si presenta appuntita e sulla vetta che conclude la lunga catena di cime selvagge \u00e8 installata la grande Croce che veglia Canale d&#8217;Agordo. \u00c8 la montagna del tramonto, quella che, come una sorta di sipario, va a nascondere l&#8217;ultimo sole ponendo cos\u00ec fine al giorno e a volte anche ai miei fine settimana agordini. Sono cos\u00ec, per me, le montagne di Cencenighe; monti che proteggono questo paese situato all&#8217;incrocio di acque e di strade e che rasserenano l&#8217;anima di chi le ama le cura e le racconta.<\/p>\n<p>&nbsp;<\/p>\n<p>&nbsp;<\/p>\n<hr \/>\n<p>&nbsp;<\/p>\n<p><img loading=\"lazy\" decoding=\"async\" class=\"aligncenter wp-image-61954 size-full\" src=\"https:\/\/www.radiopiu.net\/wordpress\/wp-content\/uploads\/2018\/09\/viabilita.jpeg\" sizes=\"auto, (max-width: 800px) 100vw, 800px\" srcset=\"https:\/\/www.radiopiu.net\/wordpress\/wp-content\/uploads\/2018\/09\/viabilita.jpeg 800w, https:\/\/www.radiopiu.net\/wordpress\/wp-content\/uploads\/2018\/09\/viabilita-300x38.jpeg 300w, https:\/\/www.radiopiu.net\/wordpress\/wp-content\/uploads\/2018\/09\/viabilita-768x96.jpeg 768w\" alt=\"\" width=\"800\" height=\"100\" \/><\/p>\n<\/div>\n<\/div>\n<div class=\"message spoilers-container\" dir=\"auto\">\n<div class=\"column\">\n<p>&nbsp;<\/p>\n<\/div>\n<\/div>\n<\/div>\n<\/div>\n<blockquote class=\"wp-embedded-content\" data-secret=\"iFckM9dwMa\"><p><a href=\"https:\/\/www.radiopiu.net\/wordpress\/viabilita\/\">viabilita<\/a><\/p><\/blockquote>\n<p><iframe loading=\"lazy\" class=\"wp-embedded-content\" sandbox=\"allow-scripts\" security=\"restricted\" style=\"position: absolute; clip: rect(1px, 1px, 1px, 1px);\" title=\"&#8220;viabilita&#8221; &#8212; Radio Pi\u00f9\" src=\"https:\/\/www.radiopiu.net\/wordpress\/viabilita\/embed\/#?secret=3YUYXPiqKW#?secret=iFckM9dwMa\" data-secret=\"iFckM9dwMa\" width=\"600\" height=\"338\" frameborder=\"0\" marginwidth=\"0\" marginheight=\"0\" scrolling=\"no\"><\/iframe><\/p>\n<div class=\"message spoilers-container\" dir=\"auto\">\n<div class=\"column\">\n<div class=\"message spoilers-container\" dir=\"auto\">\n<div class=\"column\">\n<div>\n<div dir=\"ltr\">\n<div class=\"gmail_quote\">\n<div dir=\"ltr\">\n<div><\/div>\n<div><\/div>\n<div><\/div>\n<\/div>\n<\/div>\n<\/div>\n<\/div>\n<hr \/>\n<p>&nbsp;<\/p>\n<p><a class=\"dt-pswp-item\" href=\"https:\/\/www.radiopiu.net\/wordpress\/wp-content\/uploads\/2018\/09\/WhatsApp-Image-2018-09-20-at-16.04.06.jpeg\" data-dt-img-description=\"\" data-large_image_width=\"800\" data-large_image_height=\"100\"><img loading=\"lazy\" decoding=\"async\" class=\"wp-image-61378 size-full aligncenter\" src=\"https:\/\/www.radiopiu.net\/wordpress\/wp-content\/uploads\/2018\/09\/WhatsApp-Image-2018-09-20-at-16.04.06.jpeg\" alt=\"\" width=\"800\" height=\"100\" srcset=\"https:\/\/www.radiopiu.net\/wordpress\/wp-content\/uploads\/2018\/09\/WhatsApp-Image-2018-09-20-at-16.04.06.jpeg 800w, https:\/\/www.radiopiu.net\/wordpress\/wp-content\/uploads\/2018\/09\/WhatsApp-Image-2018-09-20-at-16.04.06-300x38.jpeg 300w, https:\/\/www.radiopiu.net\/wordpress\/wp-content\/uploads\/2018\/09\/WhatsApp-Image-2018-09-20-at-16.04.06-768x96.jpeg 768w\" sizes=\"auto, (max-width: 800px) 100vw, 800px\" \/><\/a><\/p>\n<\/div>\n<\/div>\n<div class=\"message spoilers-container\" dir=\"auto\">\n<p>&nbsp;<\/p>\n<p><center><\/center><center><b>OGGI<\/b><\/center>Tempo variabile, a tratti instabile, con minore soleggiamento per velature e primi annuvolamenti, gi\u00e0 ben presenti al mattino. In seguito fase instabile con maggiore probabilit\u00e0 di rovesci e temporali rispetto a luned\u00ec, pi\u00f9 probabile tra met\u00e0 pomeriggio e prima serata. Fase instabile che sar\u00e0 seguita da un miglioramento del tempo a partire dalle Dolomiti, in successiva estensione alle Prealpi.<br \/>\n<b>Precipitazioni: <\/b>Al mattino pressoch\u00e9 assenti (10%), salvo primi locali rovesci su Prealpi (20-40%). Al pomeriggio probabilit\u00e0 di rovesci e temporali pi\u00f9 elevata rispetto a luned\u00ec (70-80%), singolarmente non esclusi rovesci brevi ma intensi.<br \/>\n<b>Temperature: <\/b>Minime in aumento e massime in generale lieve flessione per ridotto soleggiamento<\/p>\n<hr \/>\n<p><center><b>DOMANI<\/b><\/center>In prevalenza soleggiato con riduzione del soleggiamento per qualche velatura del cielo al mattino. Maggiore nuvolosit\u00e0 al pomeriggio per modesta attivit\u00e0 cumuliforme e sopratutto per la formazione di banchi di stratocumuli, localmente estesi. Ad oggi sembra che non vi sia insidia convettiva.<br \/>\n<b>Precipitazioni: <\/b>Assenti (0%).<br \/>\n<b>Temperature: <\/b>Minime in calo sotto i 1800-2000 m e stazionarie sopra tale quota; massime in generale lieve aumento con valori piuttosto elevati, specie nei fondovalle in caso di buon soleggiamento iniziale.<\/p>\n<hr \/>\n<p><center><b>GIOVEDI<\/b><\/center>iniziali effimeri schiarite, poi rapido aumento della nuvolosit\u00e0 e primi fenomeni, gi\u00e0 entro le ore centrali del giorno. Nuvolosit\u00e0 in intensificazione e maggiore instabilit\u00e0, anche spiccata tra Prealpi e pedemontana, un po&#8217; meno sulle Dolomiti, con diffusi rovesci e temporali al pomeriggio\/sera. Temperature minime notturne in aumento, ma quelle assolute saranno in calo ed osservate alle sera. Massime in generale calo.<\/p>\n<hr \/>\n<p><center><b>VENERDI<\/b><\/center>Tempo ancora in parte instabile tra la notte e il mattino con nuvolosit\u00e0 irregolare, a tratti intensa ed associata a rovesci e temporali sempre pi\u00f9 residui. Al pomeriggio graduale inibizione dell&#8217;instabilit\u00e0 per ingresso di aria pi\u00f9 fredda, ma pi\u00f9 che migliorare, il tempo rimanarr\u00e0 variabile con schiarite e annuvolamenti. Netto calo termico rispetto ai giorni precedenti.<\/p>\n<p>&nbsp;<\/p>\n<\/div>\n<div class=\"message spoilers-container\" dir=\"auto\">\n<hr \/>\n<p>&nbsp;<\/p>\n<p><img loading=\"lazy\" decoding=\"async\" class=\"wp-image-60761 size-full aligncenter\" src=\"https:\/\/www.radiopiu.net\/wordpress\/wp-content\/uploads\/2018\/09\/sport.jpg\" alt=\"\" width=\"800\" height=\"100\" srcset=\"https:\/\/www.radiopiu.net\/wordpress\/wp-content\/uploads\/2018\/09\/sport.jpg 800w, https:\/\/www.radiopiu.net\/wordpress\/wp-content\/uploads\/2018\/09\/sport-300x38.jpg 300w, https:\/\/www.radiopiu.net\/wordpress\/wp-content\/uploads\/2018\/09\/sport-768x96.jpg 768w\" sizes=\"auto, (max-width: 800px) 100vw, 800px\" \/><\/p>\n<p>&nbsp;<\/p>\n<\/div>\n\n\t\t\t<style type='text\/css'>\n\t\t\t\t#gallery-3 {\n\t\t\t\t\tmargin: auto;\n\t\t\t\t}\n\t\t\t\t#gallery-3 .gallery-item {\n\t\t\t\t\tfloat: left;\n\t\t\t\t\tmargin-top: 10px;\n\t\t\t\t\ttext-align: center;\n\t\t\t\t\twidth: 50%;\n\t\t\t\t}\n\t\t\t\t#gallery-3 img {\n\t\t\t\t\tborder: 2px solid #cfcfcf;\n\t\t\t\t}\n\t\t\t\t#gallery-3 .gallery-caption {\n\t\t\t\t\tmargin-left: 0;\n\t\t\t\t}\n\t\t\t\t\/* see gallery_shortcode() in wp-includes\/media.php *\/\n\t\t\t<\/style>\n\t\t<div id='gallery-3' class='dt-gallery-container gallery galleryid-346629 gallery-columns-2 gallery-size-medium'><dl class='gallery-item'>\n\t\t\t\t<dt class='gallery-icon portrait'>\n\t\t\t\t\t<a class=\"rollover rollover-zoom dt-pswp-item\" title=\"cb3e84c7-6b7b-4086-b96b-e2b820cc0e41\" data-dt-img-description=\"\" data-large_image_width=\"1132\" data-large_image_height=\"1600\"href='https:\/\/www.radiopiu.net\/wordpress\/wp-content\/uploads\/2023\/07\/cb3e84c7-6b7b-4086-b96b-e2b820cc0e41.jpg'><img loading=\"lazy\" decoding=\"async\" width=\"212\" height=\"300\" src=\"https:\/\/www.radiopiu.net\/wordpress\/wp-content\/uploads\/2023\/07\/cb3e84c7-6b7b-4086-b96b-e2b820cc0e41-212x300.jpg\" class=\"attachment-medium size-medium\" alt=\"\" aria-describedby=\"gallery-3-345600\" srcset=\"https:\/\/www.radiopiu.net\/wordpress\/wp-content\/uploads\/2023\/07\/cb3e84c7-6b7b-4086-b96b-e2b820cc0e41-212x300.jpg 212w, https:\/\/www.radiopiu.net\/wordpress\/wp-content\/uploads\/2023\/07\/cb3e84c7-6b7b-4086-b96b-e2b820cc0e41-724x1024.jpg 724w, https:\/\/www.radiopiu.net\/wordpress\/wp-content\/uploads\/2023\/07\/cb3e84c7-6b7b-4086-b96b-e2b820cc0e41-768x1086.jpg 768w, https:\/\/www.radiopiu.net\/wordpress\/wp-content\/uploads\/2023\/07\/cb3e84c7-6b7b-4086-b96b-e2b820cc0e41-1087x1536.jpg 1087w, https:\/\/www.radiopiu.net\/wordpress\/wp-content\/uploads\/2023\/07\/cb3e84c7-6b7b-4086-b96b-e2b820cc0e41.jpg 1132w\" sizes=\"auto, (max-width: 212px) 100vw, 212px\" \/><\/a>\n\t\t\t\t<\/dt>\n\t\t\t\t\t<dd class='wp-caption-text gallery-caption' id='gallery-3-345600'>\n\t\t\t\t\tVOLTAGO\n\t\t\t\t\t<\/dd><\/dl><dl class='gallery-item'>\n\t\t\t\t<dt class='gallery-icon portrait'>\n\t\t\t\t\t<a class=\"rollover rollover-zoom dt-pswp-item\" title=\"d5f98bf7-9da7-4dbe-906c-c01079ace3e8\" data-dt-img-description=\"\" data-large_image_width=\"1131\" data-large_image_height=\"1600\"href='https:\/\/www.radiopiu.net\/wordpress\/wp-content\/uploads\/2023\/07\/d5f98bf7-9da7-4dbe-906c-c01079ace3e8.jpg'><img loading=\"lazy\" decoding=\"async\" width=\"212\" height=\"300\" src=\"https:\/\/www.radiopiu.net\/wordpress\/wp-content\/uploads\/2023\/07\/d5f98bf7-9da7-4dbe-906c-c01079ace3e8-212x300.jpg\" class=\"attachment-medium size-medium\" alt=\"\" srcset=\"https:\/\/www.radiopiu.net\/wordpress\/wp-content\/uploads\/2023\/07\/d5f98bf7-9da7-4dbe-906c-c01079ace3e8-212x300.jpg 212w, https:\/\/www.radiopiu.net\/wordpress\/wp-content\/uploads\/2023\/07\/d5f98bf7-9da7-4dbe-906c-c01079ace3e8-724x1024.jpg 724w, https:\/\/www.radiopiu.net\/wordpress\/wp-content\/uploads\/2023\/07\/d5f98bf7-9da7-4dbe-906c-c01079ace3e8-768x1086.jpg 768w, https:\/\/www.radiopiu.net\/wordpress\/wp-content\/uploads\/2023\/07\/d5f98bf7-9da7-4dbe-906c-c01079ace3e8-1086x1536.jpg 1086w, https:\/\/www.radiopiu.net\/wordpress\/wp-content\/uploads\/2023\/07\/d5f98bf7-9da7-4dbe-906c-c01079ace3e8.jpg 1131w\" sizes=\"auto, (max-width: 212px) 100vw, 212px\" \/><\/a>\n\t\t\t\t<\/dt><\/dl><br style=\"clear: both\" \/>\n\t\t\t<\/div>\n\n<p>&nbsp;<\/p>\n<blockquote>\n<h3>GRAZIE RAGAZZI, I COMPLIMENTI DEL SINDACO GIUSEPPE SCHENA<\/h3>\n<\/blockquote>\n<p><strong><img loading=\"lazy\" decoding=\"async\" class=\"alignleft\" src=\"https:\/\/www.radiopiu.net\/wordpress\/wp-content\/uploads\/2023\/07\/ac07de43-1a3a-44f4-84c4-15dd3d77a711.jpg\" width=\"300\" height=\"225\" \/>REDAZIONE<\/strong> Riceviamo e volentieri divulghiamo il pensiero del sindaco di Voltago Giuseppe Schena, i complimenti alla locale squadra di calcio per il quarto anno consecutivo campione dell&#8217;Agordino.<\/p>\n<audio class=\"wp-audio-shortcode\" id=\"audio-346629-12\" preload=\"none\" style=\"width: 100%;\" controls=\"controls\"><source type=\"audio\/mpeg\" src=\"https:\/\/www.radiopiu.net\/wordpress\/wp-content\/uploads\/2023\/07\/GIUSEPPE-VOLTAGO.mp3?_=12\" \/><a href=\"https:\/\/www.radiopiu.net\/wordpress\/wp-content\/uploads\/2023\/07\/GIUSEPPE-VOLTAGO.mp3\">https:\/\/www.radiopiu.net\/wordpress\/wp-content\/uploads\/2023\/07\/GIUSEPPE-VOLTAGO.mp3<\/a><\/audio>\n<p>&nbsp;<\/p>\n<p>&nbsp;<\/p>\n<p>&nbsp;<\/p>\n<p><span style=\"color: #0000ff;\"><b>HOCKEY <\/b><\/span><\/p>\n<div class=\"page-title-head hgroup\">\n<blockquote>\n<h3 class=\"entry-title\">MARCO SCAPINELLO E\u2019 IL NUOVO ALLENATORE DELL\u2019ALLEGHE HOCKEY<\/h3>\n<\/blockquote>\n<\/div>\n<div class=\"page-title-breadcrumbs\">\n<p><strong><a class=\"dt-pswp-item\" href=\"https:\/\/www.radiopiu.net\/wordpress\/wp-content\/uploads\/2023\/07\/SCR-20230731-mguy.jpeg\" data-dt-img-description=\"\" data-large_image_width=\"976\" data-large_image_height=\"778\"><img loading=\"lazy\" decoding=\"async\" class=\" wp-image-346722 alignleft\" src=\"https:\/\/www.radiopiu.net\/wordpress\/wp-content\/uploads\/2023\/07\/SCR-20230731-mguy-300x239.jpeg\" alt=\"\" width=\"161\" height=\"128\" srcset=\"https:\/\/www.radiopiu.net\/wordpress\/wp-content\/uploads\/2023\/07\/SCR-20230731-mguy-300x239.jpeg 300w, https:\/\/www.radiopiu.net\/wordpress\/wp-content\/uploads\/2023\/07\/SCR-20230731-mguy-768x612.jpeg 768w, https:\/\/www.radiopiu.net\/wordpress\/wp-content\/uploads\/2023\/07\/SCR-20230731-mguy.jpeg 976w\" sizes=\"auto, (max-width: 161px) 100vw, 161px\" \/><\/a>di Roberto Miana, portavoce dell&#8217;Alleghe Hockey<\/strong><\/p>\n<p>La dirigenza dell\u2019Alleghe Hockey non si ferma e annuncia con soddisfazione l\u2019ingaggio del nuovo head coach MARCO SCAPINELLO, che per la stagione 2023\/2024 guider\u00e0 la squadra biancorossa nel campionato di Italian Hockey League. Scapinello, ex hockeista classe 1964 di Cortina d\u2019Ampezzo, \u00e8 stato un prolifico attaccante. Ha militato con successo per cinque stagioni nelle file del Cortina, quattro nel CourmAosta e una con Bolzano, Varese e Valpellice. Ha anche vestito la maglia azzurra dal 1989 al 1992, partecipando alle Olimpiadi di Albertville \u201992 con il Blue Team. Dopo aver appeso i pattini al chiodo ha intrapreso la carriera di allenatore dalla stagione 2009\/2010 come assistant coach al Real Torino e dalla stagione successiva come head coach dell\u2019Under 18 del Cortina che ha allenato per tre anni, poi una stagione a Feltre e Bressanone per approdare dal 2019\/2020 al Pieve di Cadore. Queste le prime parole in biancorosso di coach Scapinello: \u201cConosco Alleghe da una vita. Quando giocavo nel Cortina ho fatto tanti derby e ai tempi erano molto sentiti. Alleghe \u00e8 sempre stata una squadra molto importante, con grandi tradizioni hockeistiche ed \u00e8 per me un vero onore venire ad allenare questo team. Quest\u2019anno \u00e8 terminato il mio contratto a Pieve di Cadore e parlando con il vicepresidente Matthias Levis, che conosco, \u00e8 nato un interessamento reciproco. Inizialmente non si sapeva se l\u2019Alleghe avrebbe fatto la squadra, ma quando le incertezze sono diventate certezze i nostri contatti sono diventati pi\u00f9 concreti e abbiamo trovato l\u2019accordo per questa stagione. So che purtroppo l\u2019Alleghe viene da un campionato molto difficile e ho notato tanta delusione sia nei giocatori che nella presidenza. Personalmente mi aspetto di fare una buonissima stagione, non sar\u00e0 certamente facile ma ho visto che finora la Societ\u00e0 ha lavorato molto bene e penso che stia allestendo una squadra competitiva. Qualche indicazione sul mercato l\u2019ho data anch\u2019io, ma devo dire la verit\u00e0 che si erano gi\u00e0 mossi egregiamente con idee molto chiare sulle pedine da prendere, come i tre fratelli Vinatzer che, secondo me, sono stati un colpo eccezionale. Adesso c\u2019\u00e8 ancora qualche tassello da sistemare: il portiere e magari qualche ragazzo di Cortina che io conosco. Ci sar\u00e0 inoltre una collaborazione come farm team con la Societ\u00e0 Ampezzana\u201d. Benvenuto ad \u00c0lie coach Scapinello.<\/p>\n<p>&nbsp;<\/p>\n<p><span style=\"color: #0000ff;\"><strong>MOTORI<\/strong><\/span><\/p>\n<blockquote>\n<h3>TUTTO ESAURITO PER L&#8217;ALPE DEL NEVEGAL<\/h3>\n<\/blockquote>\n<p><strong><a class=\"dt-pswp-item\" href=\"https:\/\/www.radiopiu.net\/wordpress\/wp-content\/uploads\/2023\/07\/97f8c3dc-427a-4111-a253-7ec1c36687db.jpg\" data-dt-img-description=\"\" data-large_image_width=\"1600\" data-large_image_height=\"1066\"><img loading=\"lazy\" decoding=\"async\" class=\" wp-image-346804 alignleft\" src=\"https:\/\/www.radiopiu.net\/wordpress\/wp-content\/uploads\/2023\/07\/97f8c3dc-427a-4111-a253-7ec1c36687db-300x200.jpg\" alt=\"\" width=\"176\" height=\"117\" srcset=\"https:\/\/www.radiopiu.net\/wordpress\/wp-content\/uploads\/2023\/07\/97f8c3dc-427a-4111-a253-7ec1c36687db-300x200.jpg 300w, https:\/\/www.radiopiu.net\/wordpress\/wp-content\/uploads\/2023\/07\/97f8c3dc-427a-4111-a253-7ec1c36687db-1024x682.jpg 1024w, https:\/\/www.radiopiu.net\/wordpress\/wp-content\/uploads\/2023\/07\/97f8c3dc-427a-4111-a253-7ec1c36687db-768x512.jpg 768w, https:\/\/www.radiopiu.net\/wordpress\/wp-content\/uploads\/2023\/07\/97f8c3dc-427a-4111-a253-7ec1c36687db-1536x1023.jpg 1536w, https:\/\/www.radiopiu.net\/wordpress\/wp-content\/uploads\/2023\/07\/97f8c3dc-427a-4111-a253-7ec1c36687db.jpg 1600w\" sizes=\"auto, (max-width: 176px) 100vw, 176px\" \/><\/a>BELLUNO<\/strong><\/p>\n<p>di Roberto Bona<\/p>\n<audio class=\"wp-audio-shortcode\" id=\"audio-346629-13\" preload=\"none\" style=\"width: 100%;\" controls=\"controls\"><source type=\"audio\/mpeg\" src=\"https:\/\/www.radiopiu.net\/wordpress\/wp-content\/uploads\/2023\/07\/gr-01-sport-alpe-nevegal-bona.mp3?_=13\" \/><a href=\"https:\/\/www.radiopiu.net\/wordpress\/wp-content\/uploads\/2023\/07\/gr-01-sport-alpe-nevegal-bona.mp3\">https:\/\/www.radiopiu.net\/wordpress\/wp-content\/uploads\/2023\/07\/gr-01-sport-alpe-nevegal-bona.mp3<\/a><\/audio>\n<p>&nbsp;<\/p>\n<\/div>\n<p>&nbsp;<\/p>\n<\/div>\n<\/div>\n","protected":false},"excerpt":{"rendered":"<p>40esimo di RADIOPIU\u2026. LA VOCE DELL\u2019EMOZIONE ISCRIVITI AL NOSTRO CANALE\u00a0\u00a0YOUTUBE PER SEGUIRE IN DIRETTA I PRINCIPALI PROGRAMMI DI RADIO PIU\u2019 E LE FUTURE DIRETTE IN ESTERNA. PER ISCRIVERTI\u00a0CLICCA QUI\u00a0E PREMI\u00a0 \u201cIscriviti\u201d &nbsp; &nbsp; &nbsp; DA SABATO AGORDINO SENZA FIBRA, LIVINALLONGO SENZA TELEFONO FIBRA OTTICA KO E TELEFONI MUTI AD ARABBA AGORDINO di Gianni Santomaso &nbsp;&hellip;<\/p>\n","protected":false},"author":4,"featured_media":346708,"comment_status":"closed","ping_status":"closed","sticky":false,"template":"","format":"standard","meta":{"_monsterinsights_skip_tracking":false,"_monsterinsights_sitenote_active":false,"_monsterinsights_sitenote_note":"","_monsterinsights_sitenote_category":0,"footnotes":""},"categories":[51,86,49],"tags":[],"class_list":["post-346629","post","type-post","status-publish","format-standard","has-post-thumbnail","hentry","category-evidenza-top","category-gr","category-news-18","category-51","category-86","category-49","description-off"],"img_url":"https:\/\/www.radiopiu.net\/wordpress\/wp-content\/uploads\/2023\/07\/Watermark_20230731_104305_570-1.jpg","_links":{"self":[{"href":"https:\/\/www.radiopiu.net\/wordpress\/wp-json\/wp\/v2\/posts\/346629","targetHints":{"allow":["GET"]}}],"collection":[{"href":"https:\/\/www.radiopiu.net\/wordpress\/wp-json\/wp\/v2\/posts"}],"about":[{"href":"https:\/\/www.radiopiu.net\/wordpress\/wp-json\/wp\/v2\/types\/post"}],"author":[{"embeddable":true,"href":"https:\/\/www.radiopiu.net\/wordpress\/wp-json\/wp\/v2\/users\/4"}],"replies":[{"embeddable":true,"href":"https:\/\/www.radiopiu.net\/wordpress\/wp-json\/wp\/v2\/comments?post=346629"}],"version-history":[{"count":0,"href":"https:\/\/www.radiopiu.net\/wordpress\/wp-json\/wp\/v2\/posts\/346629\/revisions"}],"wp:featuredmedia":[{"embeddable":true,"href":"https:\/\/www.radiopiu.net\/wordpress\/wp-json\/wp\/v2\/media\/346708"}],"wp:attachment":[{"href":"https:\/\/www.radiopiu.net\/wordpress\/wp-json\/wp\/v2\/media?parent=346629"}],"wp:term":[{"taxonomy":"category","embeddable":true,"href":"https:\/\/www.radiopiu.net\/wordpress\/wp-json\/wp\/v2\/categories?post=346629"},{"taxonomy":"post_tag","embeddable":true,"href":"https:\/\/www.radiopiu.net\/wordpress\/wp-json\/wp\/v2\/tags?post=346629"}],"curies":[{"name":"wp","href":"https:\/\/api.w.org\/{rel}","templated":true}]}}