{"id":346638,"date":"2023-07-31T04:58:01","date_gmt":"2023-07-31T02:58:01","guid":{"rendered":"https:\/\/www.radiopiu.net\/wordpress\/?p=346638"},"modified":"2023-07-31T04:58:01","modified_gmt":"2023-07-31T02:58:01","slug":"il-ritorno-di-agordo-etno-musica-sul-broi","status":"publish","type":"post","link":"https:\/\/www.radiopiu.net\/wordpress\/il-ritorno-di-agordo-etno-musica-sul-broi\/","title":{"rendered":"IL RITORNO DI AGORDO ETNO MUSICA SUL BROI"},"content":{"rendered":"<p><a class=\"dt-pswp-item\" href=\"https:\/\/www.radiopiu.net\/wordpress\/wp-content\/uploads\/2023\/07\/Foto2.jpg\" data-dt-img-description=\"\" data-large_image_width=\"2048\" data-large_image_height=\"1536\"><img loading=\"lazy\" decoding=\"async\" class=\"size-medium wp-image-346639 alignleft\" src=\"https:\/\/www.radiopiu.net\/wordpress\/wp-content\/uploads\/2023\/07\/Foto2-300x225.jpg\" alt=\"\" width=\"300\" height=\"225\" srcset=\"https:\/\/www.radiopiu.net\/wordpress\/wp-content\/uploads\/2023\/07\/Foto2-300x225.jpg 300w, https:\/\/www.radiopiu.net\/wordpress\/wp-content\/uploads\/2023\/07\/Foto2-1024x768.jpg 1024w, https:\/\/www.radiopiu.net\/wordpress\/wp-content\/uploads\/2023\/07\/Foto2-768x576.jpg 768w, https:\/\/www.radiopiu.net\/wordpress\/wp-content\/uploads\/2023\/07\/Foto2-1536x1152.jpg 1536w, https:\/\/www.radiopiu.net\/wordpress\/wp-content\/uploads\/2023\/07\/Foto2.jpg 2048w\" sizes=\"auto, (max-width: 300px) 100vw, 300px\" \/><\/a><strong>AGORDO<\/strong> Domenica sul Broi l\u2019evento Agordo ETNO Musica\u00a0dedicata alla cultura veneta. Si comincer\u00e0 alle 11 del mattino con il duo cadorino Na Fuoia, che eseguir\u00e0 un repertorio di danze tradizionali venete; verr\u00e0 offerto anche uno stage di ballo gratuito sulle note del duo. Saranno presenti stand gastronomici di cucina tipica veneta e di birra artigianale, un mercatino dell\u2019artigianato.<\/p>\n<p>La scaletta musicale proseguir\u00e0 nel pomeriggio, a partire dalle 14.30, con il quintetto veneziano Freve che Bruxa, che eseguir\u00e0 musiche originali in dialetto veneziano. Infine, a partire dalle 17.30 sar\u00e0 sul palco il duo veneziano Storie Storte, la cui esibizione ha il titolo di \u201cPersone, destini e viaggi contromano\u201d.<\/p>\n<p>L&#8217;INTERVISTA DI ANDREA BERNARDI<\/p>\n<audio class=\"wp-audio-shortcode\" id=\"audio-346638-1\" preload=\"none\" style=\"width: 100%;\" controls=\"controls\"><source type=\"audio\/mpeg\" src=\"https:\/\/www.radiopiu.net\/wordpress\/wp-content\/uploads\/2023\/07\/Intervista-pro-loco-Agordo-x-EtnoMUSICA-6-agosto.mp3?_=1\" \/><a href=\"https:\/\/www.radiopiu.net\/wordpress\/wp-content\/uploads\/2023\/07\/Intervista-pro-loco-Agordo-x-EtnoMUSICA-6-agosto.mp3\">https:\/\/www.radiopiu.net\/wordpress\/wp-content\/uploads\/2023\/07\/Intervista-pro-loco-Agordo-x-EtnoMUSICA-6-agosto.mp3<\/a><\/audio>\n<p>&nbsp;<\/p>\n<hr \/>\n<p>&nbsp;<\/p>\n","protected":false},"excerpt":{"rendered":"<p>AGORDO Domenica sul Broi l\u2019evento Agordo ETNO Musica\u00a0dedicata alla cultura veneta. Si comincer\u00e0 alle 11 del mattino con il duo cadorino Na Fuoia, che eseguir\u00e0 un repertorio di danze tradizionali venete; verr\u00e0 offerto anche uno stage di ballo gratuito sulle note del duo. Saranno presenti stand gastronomici di cucina tipica veneta e di birra artigianale,&hellip;<\/p>\n","protected":false},"author":4,"featured_media":346640,"comment_status":"closed","ping_status":"closed","sticky":false,"template":"","format":"standard","meta":{"_monsterinsights_skip_tracking":false,"_monsterinsights_sitenote_active":false,"_monsterinsights_sitenote_note":"","_monsterinsights_sitenote_category":0,"footnotes":""},"categories":[104,49],"tags":[],"class_list":["post-346638","post","type-post","status-publish","format-standard","has-post-thumbnail","hentry","category-evidenza_3","category-news-18","category-104","category-49","description-off"],"img_url":"https:\/\/www.radiopiu.net\/wordpress\/wp-content\/uploads\/2023\/07\/Foto1.jpg","_links":{"self":[{"href":"https:\/\/www.radiopiu.net\/wordpress\/wp-json\/wp\/v2\/posts\/346638","targetHints":{"allow":["GET"]}}],"collection":[{"href":"https:\/\/www.radiopiu.net\/wordpress\/wp-json\/wp\/v2\/posts"}],"about":[{"href":"https:\/\/www.radiopiu.net\/wordpress\/wp-json\/wp\/v2\/types\/post"}],"author":[{"embeddable":true,"href":"https:\/\/www.radiopiu.net\/wordpress\/wp-json\/wp\/v2\/users\/4"}],"replies":[{"embeddable":true,"href":"https:\/\/www.radiopiu.net\/wordpress\/wp-json\/wp\/v2\/comments?post=346638"}],"version-history":[{"count":0,"href":"https:\/\/www.radiopiu.net\/wordpress\/wp-json\/wp\/v2\/posts\/346638\/revisions"}],"wp:featuredmedia":[{"embeddable":true,"href":"https:\/\/www.radiopiu.net\/wordpress\/wp-json\/wp\/v2\/media\/346640"}],"wp:attachment":[{"href":"https:\/\/www.radiopiu.net\/wordpress\/wp-json\/wp\/v2\/media?parent=346638"}],"wp:term":[{"taxonomy":"category","embeddable":true,"href":"https:\/\/www.radiopiu.net\/wordpress\/wp-json\/wp\/v2\/categories?post=346638"},{"taxonomy":"post_tag","embeddable":true,"href":"https:\/\/www.radiopiu.net\/wordpress\/wp-json\/wp\/v2\/tags?post=346638"}],"curies":[{"name":"wp","href":"https:\/\/api.w.org\/{rel}","templated":true}]}}