{"id":346665,"date":"2023-07-31T07:55:13","date_gmt":"2023-07-31T05:55:13","guid":{"rendered":"https:\/\/www.radiopiu.net\/wordpress\/?p=346665"},"modified":"2023-07-31T08:01:19","modified_gmt":"2023-07-31T06:01:19","slug":"dal-1983-la-rassegna-stampa-di-radiopiu-di-mirko-mezzacasa-3","status":"publish","type":"post","link":"https:\/\/www.radiopiu.net\/wordpress\/dal-1983-la-rassegna-stampa-di-radiopiu-di-mirko-mezzacasa-3\/","title":{"rendered":"DAL 1983, LA RASSEGNA STAMPA DI RADIOPIU DI MIRKO MEZZACASA"},"content":{"rendered":"<p><iframe loading=\"lazy\" title=\"RASSEGNA STAMPA LOCALE\" width=\"1200\" height=\"675\" src=\"https:\/\/www.youtube.com\/embed\/rl0d28DLUeE?feature=oembed\" frameborder=\"0\" allow=\"accelerometer; autoplay; clipboard-write; encrypted-media; gyroscope; picture-in-picture; web-share\" allowfullscreen><\/iframe><\/p>\n<p>LA VALLE AGORDINA Dario Lena, 57 anni, marito e padre di tre figli, noto imprenditore di Noach di La Valle Agordina (con il fratello ha fondato la Ecologica Lena con sede a Noach e Belluno), ha perso la vita nel pomeriggio di sabato precipitando per decine di metri sopra la frazione di Noach dove Dario \u00e8 nato e cresciuto. Al belvedere alle pendici del Monte Celo era salito con un\u2019amica di famiglia. Stavano godendo il panorama splendido da lass\u00f9, seduti su una panchina ricavata da un tronco d\u2019albero. Dario si \u00e8 sbilanciato cadendo nel vuoto, una ventina di metri da un salto di roccia e poi il ruzzolone nel bosco ripido altri 30 metri<br \/>\nCORTINA Ieri sera il Soccorso alpino \u00e8 intervenuto sulle Tofane per un alpinista precipitato durante l\u2019arrampicata insieme ad altri compagni. Un brutto volo per l\u2019uomo per il quale non c\u2019\u00e8 stato nulla da fare: \u00e8 morto sul colpo. Purtroppo i soccorritori non hanno avuto la possibilit\u00e0 di recuperare il corpo, le operazioni riprenderanno stamane.<br \/>\nBELLUNO Angelo Orzes era stato tra i fondatori dell\u2019enoteca Il Piacere negli anni Ottanta. Lo si \u00e8 trovato per diverso tempo, nello storico locale in fondo a via Mezzaterra. I funerali si svolgono stamattina, alle 11, nella chiesa arcipretale di Cadola.<br \/>\nBELLUNO Il corpo dell\u201duomo ritrovato morto in riva al piave ha un nome: Giovanni Zagonel, pensionato di 71 anni residente a Belluno, originario del Primiero di Transacqua.<br \/>\nREDAZIONE Da sabato sera sera alle 19:45 gli utenti collegati alla fibra ottica OpenFiber non hanno segnale. Da Gosaldo a Canale D\u2019Agordo fino a Falcade internet non funziona. Un guasto causato dalla rete di trasporto dell\u2019operatore. Al momento non si hanno tempistiche sulla riparazione. LIVINALLONGO Tutti i numeri fissi di telecom di arabba Down da ieri mattina.<br \/>\nCONSIGLI COMUNALI, CENCENIGHE Oggi alle 19 il consiglio comunale approva il DUP SELVA DI CADORE Oggi alle 18:30. Si parler\u00e0 dell\u2019adozione primo piano di interventi AGORDO Oggi alle 19 approvazione della convenzione per l\u2019affidamento del servizio di tesoreria. AGORDO Il presidente dell\u2019Unione Montana Agordina Paolo Frena ha convocato il consiglio per oggi alle 20:30 in sala Don Tamis anche per l\u2019approvazione dello schema di convenzione relativo al supporto nella stesura di negozi giuridici<br \/>\nL\u2019AMMINISTRAZIONE DI ALLEGHE PREMIA I TURISTI \u201cFEDELI\u201d record spetta a un turista trevigiano, che da 58 anni non ha mai abbandonato Alleghe per le sue vacanze ed \u00e8 tornato regolarmente in riva al lago per i suoi giorni di relax. Ma c\u2019\u00e8 anche una coppia delle Marche che torna ad Alleghe ogni anno da 56 anni. E poi un\u2019altra coppia della provincia di Verona, ospite fissa da 50 anni.<br \/>\nGIOIA, MISS MILUNA A FALCADE FALCADE E\u2019 Gioia Sartor la vincitrice tra le 29 bellissime ragazze, del concorso Miss Italia. La ragazza (foto) ha primeggiato nella selezione \u201cMiss Miluna Veneto\u201d titolo che offre a Gioia l\u2019ammissione alle prefinali nazionali<br \/>\n&#8220;Emozioni Jazz: Omaggio a Mina e Lucio Battisti nella Sala De Luca a Belluno&#8221;<\/p>\n<p>CALCIO\u00a0 TAIBON E VOLTAGO CALANO IL POKER VINCENDO RISPETTIVAMENTE IL CAMPIONATO AGORDINO GIOVANILE E SENIOR<br \/>\nCOSTA E ZAETTA PRIMI AI &#8220;PIE&#8217; DELLA CRODA GRANDA&#8221;<br \/>\nLORENZO BUSIN VINCE IL CARLA SERAFINI A CAVIOLA<br \/>\nHOCKEY SU GHIACCIO FRANCESCO SOPPELSA CONFERMATO NEL ROSTER DELL&#8217;ALLEGHE HOCKEY<br \/>\nNUOTO LIGNANO OPEN WATER:\u00a0 SOGNE \u00c8 VENTESIMO ASSOLUTO E PRIMO DI CATEGORIA<br \/>\nEQUITAZIONE IL PR RANCH TORNA DALLA TRASFERTA IN TOSCANA CON DUE MEDAGLIE<\/p>\n<p>&nbsp;<\/p>\n<p>&nbsp;<\/p>\n<p>&nbsp;<\/p>\n<p>&nbsp;<\/p>\n<p>&nbsp;<\/p>\n<p>&nbsp;<\/p>\n<p>&nbsp;<\/p>\n<p>&nbsp;<\/p>\n<p>&nbsp;<\/p>\n<p>&nbsp;<\/p>\n","protected":false},"excerpt":{"rendered":"<p>LA VALLE AGORDINA Dario Lena, 57 anni, marito e padre di tre figli, noto imprenditore di Noach di La Valle Agordina (con il fratello ha fondato la Ecologica Lena con sede a Noach e Belluno), ha perso la vita nel pomeriggio di sabato precipitando per decine di metri sopra la frazione di Noach dove Dario&hellip;<\/p>\n","protected":false},"author":4,"featured_media":346662,"comment_status":"closed","ping_status":"closed","sticky":false,"template":"","format":"standard","meta":{"_monsterinsights_skip_tracking":false,"_monsterinsights_sitenote_active":false,"_monsterinsights_sitenote_note":"","_monsterinsights_sitenote_category":0,"footnotes":""},"categories":[104,49],"tags":[],"class_list":["post-346665","post","type-post","status-publish","format-standard","has-post-thumbnail","hentry","category-evidenza_3","category-news-18","category-104","category-49","description-off"],"img_url":"https:\/\/www.radiopiu.net\/wordpress\/wp-content\/uploads\/2023\/07\/coper.png","_links":{"self":[{"href":"https:\/\/www.radiopiu.net\/wordpress\/wp-json\/wp\/v2\/posts\/346665","targetHints":{"allow":["GET"]}}],"collection":[{"href":"https:\/\/www.radiopiu.net\/wordpress\/wp-json\/wp\/v2\/posts"}],"about":[{"href":"https:\/\/www.radiopiu.net\/wordpress\/wp-json\/wp\/v2\/types\/post"}],"author":[{"embeddable":true,"href":"https:\/\/www.radiopiu.net\/wordpress\/wp-json\/wp\/v2\/users\/4"}],"replies":[{"embeddable":true,"href":"https:\/\/www.radiopiu.net\/wordpress\/wp-json\/wp\/v2\/comments?post=346665"}],"version-history":[{"count":0,"href":"https:\/\/www.radiopiu.net\/wordpress\/wp-json\/wp\/v2\/posts\/346665\/revisions"}],"wp:featuredmedia":[{"embeddable":true,"href":"https:\/\/www.radiopiu.net\/wordpress\/wp-json\/wp\/v2\/media\/346662"}],"wp:attachment":[{"href":"https:\/\/www.radiopiu.net\/wordpress\/wp-json\/wp\/v2\/media?parent=346665"}],"wp:term":[{"taxonomy":"category","embeddable":true,"href":"https:\/\/www.radiopiu.net\/wordpress\/wp-json\/wp\/v2\/categories?post=346665"},{"taxonomy":"post_tag","embeddable":true,"href":"https:\/\/www.radiopiu.net\/wordpress\/wp-json\/wp\/v2\/tags?post=346665"}],"curies":[{"name":"wp","href":"https:\/\/api.w.org\/{rel}","templated":true}]}}