{"id":346721,"date":"2023-08-01T15:47:00","date_gmt":"2023-08-01T13:47:00","guid":{"rendered":"https:\/\/www.radiopiu.net\/wordpress\/?p=346721"},"modified":"2023-08-02T06:00:19","modified_gmt":"2023-08-02T04:00:19","slug":"marco-scapinello-e-il-nuovo-allenatore-dellalleghe-hockey","status":"publish","type":"post","link":"https:\/\/www.radiopiu.net\/wordpress\/marco-scapinello-e-il-nuovo-allenatore-dellalleghe-hockey\/","title":{"rendered":"MARCO SCAPINELLO E&#8217; IL NUOVO ALLENATORE DELL&#8217;ALLEGHE HOCKEY"},"content":{"rendered":"<p><strong><a class=\"dt-pswp-item\" href=\"https:\/\/www.radiopiu.net\/wordpress\/wp-content\/uploads\/2023\/07\/SCR-20230731-mguy.jpeg\" data-dt-img-description=\"\" data-large_image_width=\"976\" data-large_image_height=\"778\"><img loading=\"lazy\" decoding=\"async\" class=\" wp-image-346722 alignleft\" src=\"https:\/\/www.radiopiu.net\/wordpress\/wp-content\/uploads\/2023\/07\/SCR-20230731-mguy-300x239.jpeg\" alt=\"\" width=\"161\" height=\"128\" srcset=\"https:\/\/www.radiopiu.net\/wordpress\/wp-content\/uploads\/2023\/07\/SCR-20230731-mguy-300x239.jpeg 300w, https:\/\/www.radiopiu.net\/wordpress\/wp-content\/uploads\/2023\/07\/SCR-20230731-mguy-768x612.jpeg 768w, https:\/\/www.radiopiu.net\/wordpress\/wp-content\/uploads\/2023\/07\/SCR-20230731-mguy.jpeg 976w\" sizes=\"auto, (max-width: 161px) 100vw, 161px\" \/><\/a>di Roberto Miana, portavoce dell&#8217;Alleghe Hockey<\/strong><\/p>\n<p>La dirigenza dell\u2019Alleghe Hockey non si ferma e annuncia con soddisfazione l\u2019ingaggio del nuovo head coach MARCO SCAPINELLO, che per la stagione 2023\/2024 guider\u00e0 la squadra biancorossa nel campionato di Italian Hockey League. Scapinello, ex hockeista classe 1964 di Cortina d\u2019Ampezzo, \u00e8 stato un prolifico attaccante. Ha militato con successo per cinque stagioni nelle file del Cortina, quattro nel CourmAosta e una con Bolzano, Varese e Valpellice. Ha anche vestito la maglia azzurra dal 1989 al 1992, partecipando alle Olimpiadi di Albertville \u201992 con il Blue Team. Dopo aver appeso i pattini al chiodo ha intrapreso la carriera di allenatore dalla stagione 2009\/2010 come assistant coach al Real Torino e dalla stagione successiva come head coach dell\u2019Under 18 del Cortina che ha allenato per tre anni, poi una stagione a Feltre e Bressanone per approdare dal 2019\/2020 al Pieve di Cadore. Queste le prime parole in biancorosso di coach Scapinello: \u201cConosco Alleghe da una vita. Quando giocavo nel Cortina ho fatto tanti derby e ai tempi erano molto sentiti. Alleghe \u00e8 sempre stata una squadra molto importante, con grandi tradizioni hockeistiche ed \u00e8 per me un vero onore venire ad allenare questo team. Quest\u2019anno \u00e8 terminato il mio contratto a Pieve di Cadore e parlando con il vicepresidente Matthias Levis, che conosco, \u00e8 nato un interessamento reciproco. Inizialmente non si sapeva se l\u2019Alleghe avrebbe fatto la squadra, ma quando le incertezze sono diventate certezze i nostri contatti sono diventati pi\u00f9 concreti e abbiamo trovato l\u2019accordo per questa stagione. So che purtroppo l\u2019Alleghe viene da un campionato molto difficile e ho notato tanta delusione sia nei giocatori che nella presidenza. Personalmente mi aspetto di fare una buonissima stagione, non sar\u00e0 certamente facile ma ho visto che finora la Societ\u00e0 ha lavorato molto bene e penso che stia allestendo una squadra competitiva. Qualche indicazione sul mercato l\u2019ho data anch\u2019io, ma devo dire la verit\u00e0 che si erano gi\u00e0 mossi egregiamente con idee molto chiare sulle pedine da prendere, come i tre fratelli Vinatzer che, secondo me, sono stati un colpo eccezionale. Adesso c\u2019\u00e8 ancora qualche tassello da sistemare: il portiere e magari qualche ragazzo di Cortina che io conosco. Ci sar\u00e0 inoltre una collaborazione come farm team con la Societ\u00e0 Ampezzana\u201d. Benvenuto ad \u00c0lie coach Scapinello.<\/p>\n<p>&nbsp;<\/p>\n<p>&nbsp;<\/p>\n<p>*******<\/p>\n","protected":false},"excerpt":{"rendered":"<p>di Roberto Miana, portavoce dell&#8217;Alleghe Hockey La dirigenza dell\u2019Alleghe Hockey non si ferma e annuncia con soddisfazione l\u2019ingaggio del nuovo head coach MARCO SCAPINELLO, che per la stagione 2023\/2024 guider\u00e0 la squadra biancorossa nel campionato di Italian Hockey League. Scapinello, ex hockeista classe 1964 di Cortina d\u2019Ampezzo, \u00e8 stato un prolifico attaccante. Ha militato con&hellip;<\/p>\n","protected":false},"author":4,"featured_media":346722,"comment_status":"closed","ping_status":"closed","sticky":false,"template":"","format":"standard","meta":{"_monsterinsights_skip_tracking":false,"_monsterinsights_sitenote_active":false,"_monsterinsights_sitenote_note":"","_monsterinsights_sitenote_category":0,"footnotes":""},"categories":[104,49],"tags":[],"class_list":["post-346721","post","type-post","status-publish","format-standard","has-post-thumbnail","hentry","category-evidenza_3","category-news-18","category-104","category-49","description-off"],"img_url":"https:\/\/www.radiopiu.net\/wordpress\/wp-content\/uploads\/2023\/07\/SCR-20230731-mguy.jpeg","_links":{"self":[{"href":"https:\/\/www.radiopiu.net\/wordpress\/wp-json\/wp\/v2\/posts\/346721","targetHints":{"allow":["GET"]}}],"collection":[{"href":"https:\/\/www.radiopiu.net\/wordpress\/wp-json\/wp\/v2\/posts"}],"about":[{"href":"https:\/\/www.radiopiu.net\/wordpress\/wp-json\/wp\/v2\/types\/post"}],"author":[{"embeddable":true,"href":"https:\/\/www.radiopiu.net\/wordpress\/wp-json\/wp\/v2\/users\/4"}],"replies":[{"embeddable":true,"href":"https:\/\/www.radiopiu.net\/wordpress\/wp-json\/wp\/v2\/comments?post=346721"}],"version-history":[{"count":0,"href":"https:\/\/www.radiopiu.net\/wordpress\/wp-json\/wp\/v2\/posts\/346721\/revisions"}],"wp:featuredmedia":[{"embeddable":true,"href":"https:\/\/www.radiopiu.net\/wordpress\/wp-json\/wp\/v2\/media\/346722"}],"wp:attachment":[{"href":"https:\/\/www.radiopiu.net\/wordpress\/wp-json\/wp\/v2\/media?parent=346721"}],"wp:term":[{"taxonomy":"category","embeddable":true,"href":"https:\/\/www.radiopiu.net\/wordpress\/wp-json\/wp\/v2\/categories?post=346721"},{"taxonomy":"post_tag","embeddable":true,"href":"https:\/\/www.radiopiu.net\/wordpress\/wp-json\/wp\/v2\/tags?post=346721"}],"curies":[{"name":"wp","href":"https:\/\/api.w.org\/{rel}","templated":true}]}}