{"id":346728,"date":"2023-08-01T04:58:56","date_gmt":"2023-08-01T02:58:56","guid":{"rendered":"https:\/\/www.radiopiu.net\/wordpress\/?p=346728"},"modified":"2023-08-01T05:51:27","modified_gmt":"2023-08-01T03:51:27","slug":"maria-antonietta-tognetti-perche-non-ando-allevento-per-non-diventare-miss-italia","status":"publish","type":"post","link":"https:\/\/www.radiopiu.net\/wordpress\/maria-antonietta-tognetti-perche-non-ando-allevento-per-non-diventare-miss-italia\/","title":{"rendered":"MARIA ANTONIETTA TOGNETTI, PERCHE&#8217; NON ANDO&#8217; ALL&#8217;EVENTO &#8220;PER NON DIVENTARE MISS ITALIA&#8221;"},"content":{"rendered":"<blockquote><p><strong>DAGLI ARCHIVI E DAI RICORDI DI PIERANTONIO ZANCHETTA, storia di&#8230;famiglia e auguri in anticipo a Maria Antonietta, il 5 agosto 95enne.<\/strong><\/p><\/blockquote>\n<p>&nbsp;<\/p>\n<p><strong>27 agosto 1949_<\/strong> Una signorina che risiede a Roma, nativa di Canale d&#8217;Agordo (5 agosto 1928), passa l&#8217;estate vacanziera dai nonni materni che risiedono a Belluno in piazza Duomo, di fianco all&#8217;Auditorium. In quella data partecipa ad una serata di gala nel corso della quale sar\u00e0 eletta miss Belluno. Partecipa all&#8217;evento, coinvolta da alcuni amici del luogo, quasi per scherzo, senza alcuna velleit\u00e0, n\u00e8 ambizione. \u00c8 figlia di un perito meccanico nativo anche lui di Canale d&#8217;Agordo, che lavora alla Snia Viscosa, e di Ina casalinga. Quella sera Maria Antonietta Tognetti, nipote del pi\u00f9 noto Mariano, uno dei fondatori della birreria (compare nella documentazione fotografica, un signore piccolo con i baffi e il cappello), divent\u00f2 miss Belluno. Ricevette poi l&#8217;invito a partecipare al concorso per l&#8217;elezione di Miss Veneto, che si svolger\u00e0 a Padova l&#8217;8 settembre 1949. Partecip\u00f2 anche a questo evento e divent\u00f2 miss Sorriso del Veneto. Fu poi convocata a Stresa per partecipare al concorso di miss Italia al quale non partecip\u00f2. A distanza di anni racconter\u00e0, scherzosamente ( di spirito non ha mai difettato) non and\u00f2 all&#8217;evento per timore di diventare proprio lei miss Italia. Quella signorina mi mise al mondo il 16 agosto 1954 (aveva 26 anni) e oggi (ne compie 95 il 5 agosto) vive presso la casa di riposo di Meano.<\/p>\n\n\t\t\t<style type='text\/css'>\n\t\t\t\t#gallery-1 {\n\t\t\t\t\tmargin: auto;\n\t\t\t\t}\n\t\t\t\t#gallery-1 .gallery-item {\n\t\t\t\t\tfloat: left;\n\t\t\t\t\tmargin-top: 10px;\n\t\t\t\t\ttext-align: center;\n\t\t\t\t\twidth: 33%;\n\t\t\t\t}\n\t\t\t\t#gallery-1 img {\n\t\t\t\t\tborder: 2px solid #cfcfcf;\n\t\t\t\t}\n\t\t\t\t#gallery-1 .gallery-caption {\n\t\t\t\t\tmargin-left: 0;\n\t\t\t\t}\n\t\t\t\t\/* see gallery_shortcode() in wp-includes\/media.php *\/\n\t\t\t<\/style>\n\t\t<div id='gallery-1' class='dt-gallery-container gallery galleryid-346728 gallery-columns-3 gallery-size-thumbnail'><dl class='gallery-item'>\n\t\t\t\t<dt class='gallery-icon landscape'>\n\t\t\t\t\t<a class=\"rollover rollover-zoom dt-pswp-item\" title=\"a84730ff-2839-493a-bb6d-4e7333767373\" data-dt-img-description=\"\" data-large_image_width=\"1600\" data-large_image_height=\"1070\"href='https:\/\/www.radiopiu.net\/wordpress\/wp-content\/uploads\/2023\/07\/a84730ff-2839-493a-bb6d-4e7333767373.jpg'><img loading=\"lazy\" decoding=\"async\" width=\"150\" height=\"150\" src=\"https:\/\/www.radiopiu.net\/wordpress\/wp-content\/uploads\/2023\/07\/a84730ff-2839-493a-bb6d-4e7333767373-150x150.jpg\" class=\"attachment-thumbnail size-thumbnail\" alt=\"\" \/><\/a>\n\t\t\t\t<\/dt><\/dl><dl class='gallery-item'>\n\t\t\t\t<dt class='gallery-icon portrait'>\n\t\t\t\t\t<a class=\"rollover rollover-zoom dt-pswp-item\" title=\"52e0176a-cf68-4733-be1a-9ca87ff13793\" data-dt-img-description=\"\" data-large_image_width=\"1119\" data-large_image_height=\"1600\"href='https:\/\/www.radiopiu.net\/wordpress\/wp-content\/uploads\/2023\/07\/52e0176a-cf68-4733-be1a-9ca87ff13793.jpg'><img loading=\"lazy\" decoding=\"async\" width=\"150\" height=\"150\" src=\"https:\/\/www.radiopiu.net\/wordpress\/wp-content\/uploads\/2023\/07\/52e0176a-cf68-4733-be1a-9ca87ff13793-150x150.jpg\" class=\"attachment-thumbnail size-thumbnail\" alt=\"\" \/><\/a>\n\t\t\t\t<\/dt><\/dl><dl class='gallery-item'>\n\t\t\t\t<dt class='gallery-icon portrait'>\n\t\t\t\t\t<a class=\"rollover rollover-zoom dt-pswp-item\" title=\"7e837ead-3e87-4b45-84c8-080914e7048c\" data-dt-img-description=\"\" data-large_image_width=\"1154\" data-large_image_height=\"1600\"href='https:\/\/www.radiopiu.net\/wordpress\/wp-content\/uploads\/2023\/07\/7e837ead-3e87-4b45-84c8-080914e7048c.jpg'><img loading=\"lazy\" decoding=\"async\" width=\"150\" height=\"150\" src=\"https:\/\/www.radiopiu.net\/wordpress\/wp-content\/uploads\/2023\/07\/7e837ead-3e87-4b45-84c8-080914e7048c-150x150.jpg\" class=\"attachment-thumbnail size-thumbnail\" alt=\"\" \/><\/a>\n\t\t\t\t<\/dt><\/dl><br style=\"clear: both\" \/><dl class='gallery-item'>\n\t\t\t\t<dt class='gallery-icon portrait'>\n\t\t\t\t\t<a class=\"rollover rollover-zoom dt-pswp-item\" title=\"ef6172be-2d0b-483d-82f7-55a7db8abf74\" data-dt-img-description=\"\" data-large_image_width=\"767\" data-large_image_height=\"1600\"href='https:\/\/www.radiopiu.net\/wordpress\/wp-content\/uploads\/2023\/07\/ef6172be-2d0b-483d-82f7-55a7db8abf74.jpg'><img loading=\"lazy\" decoding=\"async\" width=\"150\" height=\"150\" src=\"https:\/\/www.radiopiu.net\/wordpress\/wp-content\/uploads\/2023\/07\/ef6172be-2d0b-483d-82f7-55a7db8abf74-150x150.jpg\" class=\"attachment-thumbnail size-thumbnail\" alt=\"\" \/><\/a>\n\t\t\t\t<\/dt><\/dl><dl class='gallery-item'>\n\t\t\t\t<dt class='gallery-icon landscape'>\n\t\t\t\t\t<a class=\"rollover rollover-zoom dt-pswp-item\" title=\"La foto storica dello scarico dei barili di birra libro di Bepi Pellegrinon dedicato a Canale d&#039;Agordo\" data-dt-img-description=\"\" data-large_image_width=\"1578\" data-large_image_height=\"1199\"href='https:\/\/www.radiopiu.net\/wordpress\/wp-content\/uploads\/2023\/07\/La-foto-storica-dello-scarico-dei-barili-di-birra-libro-di-Bepi-Pellegrinon-dedicato-a-Canale-dAgordo.jpg'><img loading=\"lazy\" decoding=\"async\" width=\"150\" height=\"150\" src=\"https:\/\/www.radiopiu.net\/wordpress\/wp-content\/uploads\/2023\/07\/La-foto-storica-dello-scarico-dei-barili-di-birra-libro-di-Bepi-Pellegrinon-dedicato-a-Canale-dAgordo-150x150.jpg\" class=\"attachment-thumbnail size-thumbnail\" alt=\"\" \/><\/a>\n\t\t\t\t<\/dt><\/dl>\n\t\t\t\t<br style='clear: both' \/>\n\t\t\t<\/div>\n\n<p>&nbsp;<\/p>\n<p>&nbsp;<\/p>\n<p>&nbsp;<\/p>\n<hr \/>\n<p>&nbsp;<\/p>\n","protected":false},"excerpt":{"rendered":"<p>DAGLI ARCHIVI E DAI RICORDI DI PIERANTONIO ZANCHETTA, storia di&#8230;famiglia e auguri in anticipo a Maria Antonietta, il 5 agosto 95enne. &nbsp; 27 agosto 1949_ Una signorina che risiede a Roma, nativa di Canale d&#8217;Agordo (5 agosto 1928), passa l&#8217;estate vacanziera dai nonni materni che risiedono a Belluno in piazza Duomo, di fianco all&#8217;Auditorium. In&hellip;<\/p>\n","protected":false},"author":4,"featured_media":346730,"comment_status":"closed","ping_status":"closed","sticky":false,"template":"","format":"standard","meta":{"_monsterinsights_skip_tracking":false,"_monsterinsights_sitenote_active":false,"_monsterinsights_sitenote_note":"","_monsterinsights_sitenote_category":0,"footnotes":""},"categories":[104,49],"tags":[],"class_list":["post-346728","post","type-post","status-publish","format-standard","has-post-thumbnail","hentry","category-evidenza_3","category-news-18","category-104","category-49","description-off"],"img_url":"https:\/\/www.radiopiu.net\/wordpress\/wp-content\/uploads\/2023\/07\/a84730ff-2839-493a-bb6d-4e7333767373.jpg","_links":{"self":[{"href":"https:\/\/www.radiopiu.net\/wordpress\/wp-json\/wp\/v2\/posts\/346728","targetHints":{"allow":["GET"]}}],"collection":[{"href":"https:\/\/www.radiopiu.net\/wordpress\/wp-json\/wp\/v2\/posts"}],"about":[{"href":"https:\/\/www.radiopiu.net\/wordpress\/wp-json\/wp\/v2\/types\/post"}],"author":[{"embeddable":true,"href":"https:\/\/www.radiopiu.net\/wordpress\/wp-json\/wp\/v2\/users\/4"}],"replies":[{"embeddable":true,"href":"https:\/\/www.radiopiu.net\/wordpress\/wp-json\/wp\/v2\/comments?post=346728"}],"version-history":[{"count":0,"href":"https:\/\/www.radiopiu.net\/wordpress\/wp-json\/wp\/v2\/posts\/346728\/revisions"}],"wp:featuredmedia":[{"embeddable":true,"href":"https:\/\/www.radiopiu.net\/wordpress\/wp-json\/wp\/v2\/media\/346730"}],"wp:attachment":[{"href":"https:\/\/www.radiopiu.net\/wordpress\/wp-json\/wp\/v2\/media?parent=346728"}],"wp:term":[{"taxonomy":"category","embeddable":true,"href":"https:\/\/www.radiopiu.net\/wordpress\/wp-json\/wp\/v2\/categories?post=346728"},{"taxonomy":"post_tag","embeddable":true,"href":"https:\/\/www.radiopiu.net\/wordpress\/wp-json\/wp\/v2\/tags?post=346728"}],"curies":[{"name":"wp","href":"https:\/\/api.w.org\/{rel}","templated":true}]}}