{"id":346776,"date":"2023-07-31T17:20:49","date_gmt":"2023-07-31T15:20:49","guid":{"rendered":"https:\/\/www.radiopiu.net\/wordpress\/?p=346776"},"modified":"2023-07-31T17:20:49","modified_gmt":"2023-07-31T15:20:49","slug":"gli-alpini-nella-valle-di-san-lucano","status":"publish","type":"post","link":"https:\/\/www.radiopiu.net\/wordpress\/gli-alpini-nella-valle-di-san-lucano\/","title":{"rendered":"GLI ALPINI, NELLA VALLE DI SAN LUCANO"},"content":{"rendered":"<p><strong><a class=\"dt-pswp-item\" href=\"https:\/\/www.radiopiu.net\/wordpress\/wp-content\/uploads\/2022\/05\/alpini-647542_960_720.jpg\" data-dt-img-description=\"\" data-large_image_width=\"960\" data-large_image_height=\"640\"><img loading=\"lazy\" decoding=\"async\" class=\" wp-image-275532 alignleft\" src=\"https:\/\/www.radiopiu.net\/wordpress\/wp-content\/uploads\/2022\/05\/alpini-647542_960_720-300x200.jpg\" alt=\"\" width=\"186\" height=\"124\" srcset=\"https:\/\/www.radiopiu.net\/wordpress\/wp-content\/uploads\/2022\/05\/alpini-647542_960_720-300x200.jpg 300w, https:\/\/www.radiopiu.net\/wordpress\/wp-content\/uploads\/2022\/05\/alpini-647542_960_720-768x512.jpg 768w, https:\/\/www.radiopiu.net\/wordpress\/wp-content\/uploads\/2022\/05\/alpini-647542_960_720.jpg 960w\" sizes=\"auto, (max-width: 186px) 100vw, 186px\" \/><\/a>RICEVIAMO E PUBBLICHIAMO<\/strong><\/p>\n<p>Credo che anche la persona pi\u00f9 difficile ed esigente non abbia potuto trovare un \u201cet\u201d da eccepire sulla splendida giornata vissuta, in onore degli Alpini di Agordo, Taibon Agordino e Rivamonte, nella altrettanto splendida Valle di San Lucano nella quale ci siamo trovati in tanti a fare festa, tanto per dirla con una parola sola comprensiva di tutto. Iniziata col raduno delle penne nere ed una Santa Messa celebrata da don Elio Del Favero, in una Chiesetta dedicata a Santa Maria nascente, Santi Cornelio e Cipriano, San Michele Arcangelo, tempietto questo incastonato fra montagne alte oltre 2500 metri che, come mi \u00e8 stato detto da un geologo presente all\u2019incontro, connotano una vallata definita come la pi\u00f9 stretta e bassa forse al mondo. L\u2019occasione, in concomitanza con altri storici eventi provinciali analoghi, ha suggerito allo scrivente di interpretare e portare a tutti i presenti il saluto da parte di Mons. Lino Mottes, conosciuto ed amato ex Arcidiacono di Agordo, ricordando che, proprio di recente, don Lino ha festeggiato a Feltre i suoi 70 anni di sacerdozio concelebrando la Messa con due Vescovi, Mons. Renato Marangoni e l\u2019emerito Giuseppe Andrich. Dopo la cerimonia religiosa ci siamo poi spostati in uno spaziosissimo e bel tendone dietro la Chiesa nel quale, un\u2019orchestra improvvisata composta da una decina di fisarmonicisti, un basso ed una batteria, il tutto diretto da Damiano Soppelsa, ex assessore di Agordo, personaggio questo \u2013 e lo voglio sottolineare &#8211; che\u00a0\u00a0 non smette di stupire sia per il suo eclettico ed imprevedibile estro musicale sia per doti organizzative, aspetto questo che viene evidenziato in tutti i nostri incontri musicali. Poi si \u00e8 dato avvio alla musica che ha tenuto incollati tutti per ore ed ore ai loro posti, ove poco prima si era consumato un ottimo \u201clunch\u201d di tipo locale, Sindaco di Agordo compreso. Non va sottaciuto che le varie performances musicali, tutte molto apprezzate anche per la loro semplicit\u00e0 e, perch\u00e9 no, anche per la bravura di coloro che si sono prodotti nell\u2019esecuzione, come i vari Damiano, Sergio, Ivan, Loris, Giampiero, Mauro, Gigi, Franco, Raul, Yuri, Moreno, Maurizio, lo scrivente Arnaldo, ivi compreso anche il Parroco del Monastero della Certosa di Vedana, don Natale Trevisan, in \u2026rappresentanza del clero provinciale,\u00a0\u00a0 non hanno avuto un solo minuto di \u201ctregua\u201d per oltre 4-5 ore. Va ricordato per i neofiti del luogo che la Valle di San Lucano, sette km di lunghezza, \u00e8 uno dei luoghi simbolo delle Dolomiti Patrimonio dell\u2019Unesco, una perla paesaggistica incontaminata sul conto della quale vengono raccontate molte storie, in particolare sul Santo che ha dato il nome a questo luogo, ovvero su San Lucano, oltre ad essere tramandate leggende popolari dal folklore locale attraverso i secoli. Si tratta ovviamente di fantasticherie sulle quali la gente del luogo ha ricamato per generazioni, ma sono storie interessanti che completano la conoscenza della zona e del folclore locale. <em>Una di queste leggende su San Lucano, <\/em>che riporto da un testo locale<em>, <\/em><em>narra del mitico viaggio che il santo avrebbe intrapreso verso Roma per incontrarsi con Papa Celestino a seguito della minaccia di scomunica ricevuta. San Lucano sarebbe partito da Taibon Agordino in groppa ad un asinello, ma sarebbe giunto a Roma in groppa all\u2019orso che, lungo il cammino, gli avrebbe sbranato l\u2019asino. Giunto in Vaticano, San Lucano sarebbe comparso davanti al Pontefice a cavallo dell\u2019orso e avrebbe appeso il proprio mantello ad un raggio di sole che entrava dalle finestre, donato al pontefice da alcune pernici che riposavano sulle sue spalle. Il pontefice, ammaliato dalla visione, gli avrebbe detto \u201cVai, Lucano, tu sei pi\u00f9 santo di me\u201c. <\/em>La giornata, vissuta in un ambiente montano che, definirlo da \u201cmozzafiato\u201d per la sua inimmaginabile bellezza pare molto riduttivo, ha sottolineato che, al di l\u00e0 della presenza fisica di tutti noi, senza distinzione di ruoli e quant\u2019altro, come il senso della vita sia altra cosa rispetto a ci\u00f2 che succede in questo nostro mondo convulso e che, almeno per qualche volta, sarebbe necessario rendere pi\u00f9 stretto il nostro rapporto di amore ed affetto verso la natura per capire che la felicit\u00e0 sta in questi incontri semplici e genuini e, non certo, nelle forzature propugnate dal business nei vari luoghi definiti alla moda, dai quali spesso si rientra a casa \u201cvuoti dentro\u201d, al contrario di quanto \u00e8 successo infatti oggi in questa valle, di cui le molte foto e video che seguono, non potranno in alcun modo smentirne il senso e la bellezza, ma soprattutto l\u2019arricchimento interiore, riconducibili a poche ore da non dimenticare e, sicuramente, da ripetere.<\/p>\n<p>Un grazie agli organizzatori tutti !!!<\/p>\n<p>Arnaldo De Porti<\/p>\n<p>&nbsp;<\/p>\n<p>&nbsp;<\/p>\n<p>********<\/p>\n","protected":false},"excerpt":{"rendered":"<p>RICEVIAMO E PUBBLICHIAMO Credo che anche la persona pi\u00f9 difficile ed esigente non abbia potuto trovare un \u201cet\u201d da eccepire sulla splendida giornata vissuta, in onore degli Alpini di Agordo, Taibon Agordino e Rivamonte, nella altrettanto splendida Valle di San Lucano nella quale ci siamo trovati in tanti a fare festa, tanto per dirla con&hellip;<\/p>\n","protected":false},"author":4,"featured_media":275532,"comment_status":"closed","ping_status":"closed","sticky":false,"template":"","format":"standard","meta":{"_monsterinsights_skip_tracking":false,"_monsterinsights_sitenote_active":false,"_monsterinsights_sitenote_note":"","_monsterinsights_sitenote_category":0,"footnotes":""},"categories":[49],"tags":[],"class_list":["post-346776","post","type-post","status-publish","format-standard","has-post-thumbnail","hentry","category-news-18","category-49","description-off"],"img_url":"https:\/\/www.radiopiu.net\/wordpress\/wp-content\/uploads\/2022\/05\/alpini-647542_960_720.jpg","_links":{"self":[{"href":"https:\/\/www.radiopiu.net\/wordpress\/wp-json\/wp\/v2\/posts\/346776","targetHints":{"allow":["GET"]}}],"collection":[{"href":"https:\/\/www.radiopiu.net\/wordpress\/wp-json\/wp\/v2\/posts"}],"about":[{"href":"https:\/\/www.radiopiu.net\/wordpress\/wp-json\/wp\/v2\/types\/post"}],"author":[{"embeddable":true,"href":"https:\/\/www.radiopiu.net\/wordpress\/wp-json\/wp\/v2\/users\/4"}],"replies":[{"embeddable":true,"href":"https:\/\/www.radiopiu.net\/wordpress\/wp-json\/wp\/v2\/comments?post=346776"}],"version-history":[{"count":0,"href":"https:\/\/www.radiopiu.net\/wordpress\/wp-json\/wp\/v2\/posts\/346776\/revisions"}],"wp:featuredmedia":[{"embeddable":true,"href":"https:\/\/www.radiopiu.net\/wordpress\/wp-json\/wp\/v2\/media\/275532"}],"wp:attachment":[{"href":"https:\/\/www.radiopiu.net\/wordpress\/wp-json\/wp\/v2\/media?parent=346776"}],"wp:term":[{"taxonomy":"category","embeddable":true,"href":"https:\/\/www.radiopiu.net\/wordpress\/wp-json\/wp\/v2\/categories?post=346776"},{"taxonomy":"post_tag","embeddable":true,"href":"https:\/\/www.radiopiu.net\/wordpress\/wp-json\/wp\/v2\/tags?post=346776"}],"curies":[{"name":"wp","href":"https:\/\/api.w.org\/{rel}","templated":true}]}}