{"id":346816,"date":"2023-08-01T05:35:32","date_gmt":"2023-08-01T03:35:32","guid":{"rendered":"https:\/\/www.radiopiu.net\/wordpress\/?p=346816"},"modified":"2023-08-01T05:41:28","modified_gmt":"2023-08-01T03:41:28","slug":"pronti-i-fondi-per-rendere-piu-sicura-la-sp-347-a-crostolin","status":"publish","type":"post","link":"https:\/\/www.radiopiu.net\/wordpress\/pronti-i-fondi-per-rendere-piu-sicura-la-sp-347-a-crostolin\/","title":{"rendered":"PRONTI I FONDI PER RENDERE PIU&#8217; SICURA LA SP 347 A CROSTOLIN"},"content":{"rendered":"<p><strong><a class=\"dt-pswp-item\" href=\"https:\/\/www.radiopiu.net\/wordpress\/wp-content\/uploads\/2019\/11\/favretti.jpeg\" data-dt-img-description=\"\" data-large_image_width=\"1599\" data-large_image_height=\"799\"><img loading=\"lazy\" decoding=\"async\" class=\" wp-image-104885 alignleft\" src=\"https:\/\/www.radiopiu.net\/wordpress\/wp-content\/uploads\/2019\/11\/favretti-300x150.jpeg\" alt=\"\" width=\"188\" height=\"94\" srcset=\"https:\/\/www.radiopiu.net\/wordpress\/wp-content\/uploads\/2019\/11\/favretti-300x150.jpeg 300w, https:\/\/www.radiopiu.net\/wordpress\/wp-content\/uploads\/2019\/11\/favretti-768x384.jpeg 768w, https:\/\/www.radiopiu.net\/wordpress\/wp-content\/uploads\/2019\/11\/favretti-1024x512.jpeg 1024w, https:\/\/www.radiopiu.net\/wordpress\/wp-content\/uploads\/2019\/11\/favretti.jpeg 1599w\" sizes=\"auto, (max-width: 188px) 100vw, 188px\" \/><\/a>AGORDO<\/strong> Al termine del consiglio comunale di Agordo il Vicesindaco Giulio Favretti ha voluto specificare ai microfoni di Radio Pi\u00f9 che sono previsti 26 mila euro per rendere pi\u00f9 sicuro il tratto di strada in localit\u00e0 Crostolin. Sulla SP 347 verranno costruiti dei marciapiedi per consentire ai pedoni di camminare in sicurezza a bordo strada.<\/p>\n<p><strong>GIULIO FAVRETTI, VICESINDACO DI AGORDO<\/strong><\/p>\n<audio class=\"wp-audio-shortcode\" id=\"audio-346816-1\" preload=\"none\" style=\"width: 100%;\" controls=\"controls\"><source type=\"audio\/mpeg\" src=\"https:\/\/www.radiopiu.net\/wordpress\/wp-content\/uploads\/2023\/07\/GIULIO-FAVRETTI-CROSTOLIN.mp3?_=1\" \/><a href=\"https:\/\/www.radiopiu.net\/wordpress\/wp-content\/uploads\/2023\/07\/GIULIO-FAVRETTI-CROSTOLIN.mp3\">https:\/\/www.radiopiu.net\/wordpress\/wp-content\/uploads\/2023\/07\/GIULIO-FAVRETTI-CROSTOLIN.mp3<\/a><\/audio>\n<p>&nbsp;<\/p>\n<p>&nbsp;<\/p>\n<p>******<\/p>\n","protected":false},"excerpt":{"rendered":"<p>AGORDO Al termine del consiglio comunale di Agordo il Vicesindaco Giulio Favretti ha voluto specificare ai microfoni di Radio Pi\u00f9 che sono previsti 26 mila euro per rendere pi\u00f9 sicuro il tratto di strada in localit\u00e0 Crostolin. Sulla SP 347 verranno costruiti dei marciapiedi per consentire ai pedoni di camminare in sicurezza a bordo strada.&hellip;<\/p>\n","protected":false},"author":4,"featured_media":104885,"comment_status":"closed","ping_status":"closed","sticky":false,"template":"","format":"standard","meta":{"_monsterinsights_skip_tracking":false,"_monsterinsights_sitenote_active":false,"_monsterinsights_sitenote_note":"","_monsterinsights_sitenote_category":0,"footnotes":""},"categories":[49],"tags":[],"class_list":["post-346816","post","type-post","status-publish","format-standard","has-post-thumbnail","hentry","category-news-18","category-49","description-off"],"img_url":"https:\/\/www.radiopiu.net\/wordpress\/wp-content\/uploads\/2019\/11\/favretti.jpeg","_links":{"self":[{"href":"https:\/\/www.radiopiu.net\/wordpress\/wp-json\/wp\/v2\/posts\/346816","targetHints":{"allow":["GET"]}}],"collection":[{"href":"https:\/\/www.radiopiu.net\/wordpress\/wp-json\/wp\/v2\/posts"}],"about":[{"href":"https:\/\/www.radiopiu.net\/wordpress\/wp-json\/wp\/v2\/types\/post"}],"author":[{"embeddable":true,"href":"https:\/\/www.radiopiu.net\/wordpress\/wp-json\/wp\/v2\/users\/4"}],"replies":[{"embeddable":true,"href":"https:\/\/www.radiopiu.net\/wordpress\/wp-json\/wp\/v2\/comments?post=346816"}],"version-history":[{"count":0,"href":"https:\/\/www.radiopiu.net\/wordpress\/wp-json\/wp\/v2\/posts\/346816\/revisions"}],"wp:featuredmedia":[{"embeddable":true,"href":"https:\/\/www.radiopiu.net\/wordpress\/wp-json\/wp\/v2\/media\/104885"}],"wp:attachment":[{"href":"https:\/\/www.radiopiu.net\/wordpress\/wp-json\/wp\/v2\/media?parent=346816"}],"wp:term":[{"taxonomy":"category","embeddable":true,"href":"https:\/\/www.radiopiu.net\/wordpress\/wp-json\/wp\/v2\/categories?post=346816"},{"taxonomy":"post_tag","embeddable":true,"href":"https:\/\/www.radiopiu.net\/wordpress\/wp-json\/wp\/v2\/tags?post=346816"}],"curies":[{"name":"wp","href":"https:\/\/api.w.org\/{rel}","templated":true}]}}