{"id":346822,"date":"2023-08-02T05:44:30","date_gmt":"2023-08-02T03:44:30","guid":{"rendered":"https:\/\/www.radiopiu.net\/wordpress\/?p=346822"},"modified":"2023-08-02T06:43:28","modified_gmt":"2023-08-02T04:43:28","slug":"giornale-radiopiu-02-agosto-2023-direttore-mirko-mezzacasada-40-anni-25-giugno-1983-25-giugno-2023","status":"publish","type":"post","link":"https:\/\/www.radiopiu.net\/wordpress\/giornale-radiopiu-02-agosto-2023-direttore-mirko-mezzacasada-40-anni-25-giugno-1983-25-giugno-2023\/","title":{"rendered":"GIORNALE RADIOPIU 02 AGOSTO 2023 DIRETTORE MIRKO MEZZACASA\u2026DA 40 ANNI 25 GIUGNO 1983-25 GIUGNO 2023"},"content":{"rendered":"<h2 style=\"text-align: left;\"><span style=\"color: #ff0000;\"><span style=\"vertical-align: inherit;\"><a class=\"dt-pswp-item\" href=\"https:\/\/www.radiopiu.net\/wordpress\/wp-content\/uploads\/2023\/04\/e0aad41d-951e-47b9-9fae-1a879a9bcb7e-1.jpg\" data-dt-img-description=\"\" data-large_image_width=\"1200\" data-large_image_height=\"1200\"><img loading=\"lazy\" decoding=\"async\" class=\"wp-image-333205 alignleft\" src=\"https:\/\/www.radiopiu.net\/wordpress\/wp-content\/uploads\/2023\/04\/e0aad41d-951e-47b9-9fae-1a879a9bcb7e-1-300x300.jpg\" alt=\"\" width=\"110\" height=\"110\" srcset=\"https:\/\/www.radiopiu.net\/wordpress\/wp-content\/uploads\/2023\/04\/e0aad41d-951e-47b9-9fae-1a879a9bcb7e-1-300x300.jpg 300w, https:\/\/www.radiopiu.net\/wordpress\/wp-content\/uploads\/2023\/04\/e0aad41d-951e-47b9-9fae-1a879a9bcb7e-1-1024x1024.jpg 1024w, https:\/\/www.radiopiu.net\/wordpress\/wp-content\/uploads\/2023\/04\/e0aad41d-951e-47b9-9fae-1a879a9bcb7e-1-150x150.jpg 150w, https:\/\/www.radiopiu.net\/wordpress\/wp-content\/uploads\/2023\/04\/e0aad41d-951e-47b9-9fae-1a879a9bcb7e-1-768x768.jpg 768w, https:\/\/www.radiopiu.net\/wordpress\/wp-content\/uploads\/2023\/04\/e0aad41d-951e-47b9-9fae-1a879a9bcb7e-1.jpg 1200w\" sizes=\"auto, (max-width: 110px) 100vw, 110px\" \/><\/a><\/span><\/span><\/h2>\n<h1 class=\"entry-title\">40esimo di RADIOPIU\u2026. LA VOCE DELL\u2019EMOZIONE<\/h1>\n<h2><span style=\"color: #ff0000;\">ISCRIVITI AL NOSTRO CANALE\u00a0\u00a0YOUTUBE PER SEGUIRE IN DIRETTA I PRINCIPALI PROGRAMMI DI RADIO PIU\u2019 E LE FUTURE DIRETTE IN ESTERNA. PER ISCRIVERTI\u00a0<a style=\"color: #ff0000;\" href=\"https:\/\/youtube.com\/@radiopiu1527\">CLICCA QUI\u00a0<\/a>E PREMI\u00a0 \u201cIscriviti\u201d<\/span><\/h2>\n<p>&nbsp;<\/p>\n<hr \/>\n<p>&nbsp;<\/p>\n<p><a class=\"dt-pswp-item\" href=\"https:\/\/www.radiopiu.net\/wordpress\/wp-content\/uploads\/2023\/08\/364793722_1421493535360695_7182887361192990590_n.jpg\" data-dt-img-description=\"\" data-large_image_width=\"526\" data-large_image_height=\"526\"><img loading=\"lazy\" decoding=\"async\" class=\"size-medium wp-image-346980 aligncenter\" src=\"https:\/\/www.radiopiu.net\/wordpress\/wp-content\/uploads\/2023\/08\/364793722_1421493535360695_7182887361192990590_n-300x300.jpg\" alt=\"\" width=\"300\" height=\"300\" srcset=\"https:\/\/www.radiopiu.net\/wordpress\/wp-content\/uploads\/2023\/08\/364793722_1421493535360695_7182887361192990590_n-300x300.jpg 300w, https:\/\/www.radiopiu.net\/wordpress\/wp-content\/uploads\/2023\/08\/364793722_1421493535360695_7182887361192990590_n-150x150.jpg 150w, https:\/\/www.radiopiu.net\/wordpress\/wp-content\/uploads\/2023\/08\/364793722_1421493535360695_7182887361192990590_n.jpg 526w\" sizes=\"auto, (max-width: 300px) 100vw, 300px\" \/><\/a><\/p>\n<p><strong>AGORDO, LA SEGNALAZIONE SULLA PAGINA FACEBOOK SEI DI AGORDO SE&#8230;<\/strong><\/p>\n<p><strong>Che non sia il caso di svuotarlo? Anzi svuotarli&#8230; pi\u00f9 di uno.<\/strong><\/p>\n<p>&nbsp;<\/p>\n<hr \/>\n<p>&nbsp;<\/p>\n<p>&nbsp;<\/p>\n<p><a class=\"dt-pswp-item\" href=\"https:\/\/www.radiopiu.net\/wordpress\/wp-content\/uploads\/2023\/07\/3efcd760-b0fa-4f47-b371-1531c8b43bd7.jpg\" data-dt-img-description=\"\" data-large_image_width=\"720\" data-large_image_height=\"621\"><img loading=\"lazy\" decoding=\"async\" class=\"size-medium wp-image-346697 aligncenter\" src=\"https:\/\/www.radiopiu.net\/wordpress\/wp-content\/uploads\/2023\/07\/3efcd760-b0fa-4f47-b371-1531c8b43bd7-300x259.jpg\" alt=\"\" width=\"300\" height=\"259\" srcset=\"https:\/\/www.radiopiu.net\/wordpress\/wp-content\/uploads\/2023\/07\/3efcd760-b0fa-4f47-b371-1531c8b43bd7-300x259.jpg 300w, https:\/\/www.radiopiu.net\/wordpress\/wp-content\/uploads\/2023\/07\/3efcd760-b0fa-4f47-b371-1531c8b43bd7.jpg 720w\" sizes=\"auto, (max-width: 300px) 100vw, 300px\" \/><\/a><\/p>\n<p>&nbsp;<\/p>\n<hr \/>\n<p>&nbsp;<\/p>\n<p>&nbsp;<\/p>\n<blockquote>\n<h3><a class=\"dt-pswp-item\" href=\"https:\/\/www.radiopiu.net\/wordpress\/wp-content\/uploads\/2023\/07\/Senza-nome-102.png\" data-dt-img-description=\"\" data-large_image_width=\"304\" data-large_image_height=\"188\"><img loading=\"lazy\" decoding=\"async\" class=\"wp-image-346781 alignleft\" src=\"https:\/\/www.radiopiu.net\/wordpress\/wp-content\/uploads\/2023\/07\/Senza-nome-102-300x186.png\" alt=\"\" width=\"131\" height=\"81\" srcset=\"https:\/\/www.radiopiu.net\/wordpress\/wp-content\/uploads\/2023\/07\/Senza-nome-102-300x186.png 300w, https:\/\/www.radiopiu.net\/wordpress\/wp-content\/uploads\/2023\/07\/Senza-nome-102.png 304w\" sizes=\"auto, (max-width: 131px) 100vw, 131px\" \/><\/a>OGGI A LA VALLE AGORDINA L&#8217;ULTIMO SALUTO A DARIO<\/h3>\n<\/blockquote>\n<p><strong>LA VALLE\u00a0<\/strong> Si terranno oggi alle 14.30 nella chiesa parrocchiale i funerali di Dario Lena, 57 anni, improvvisamente mancato all&#8217;affetto dei suoi cari.<\/p>\n<p>&nbsp;<\/p>\n<blockquote class=\"wp-embedded-content\" data-secret=\"2cWtaeETv2\"><p><a href=\"https:\/\/www.radiopiu.net\/wordpress\/a-dario-di-john-francis-della-pietra\/\">A DARIO&#8230;DI JOHN FRANCIS DELLA PIETRA<\/a><\/p><\/blockquote>\n<p><iframe loading=\"lazy\" class=\"wp-embedded-content\" sandbox=\"allow-scripts\" security=\"restricted\" style=\"position: absolute; clip: rect(1px, 1px, 1px, 1px);\" title=\"&#8220;A DARIO&#8230;DI JOHN FRANCIS DELLA PIETRA&#8221; &#8212; Radio Pi\u00f9\" src=\"https:\/\/www.radiopiu.net\/wordpress\/a-dario-di-john-francis-della-pietra\/embed\/#?secret=1hzpB6CsP2#?secret=2cWtaeETv2\" data-secret=\"2cWtaeETv2\" width=\"600\" height=\"338\" frameborder=\"0\" marginwidth=\"0\" marginheight=\"0\" scrolling=\"no\"><\/iframe><\/p>\n<hr \/>\n<p>&nbsp;<\/p>\n<blockquote>\n<h3>\u00a0IN MUNICIPIO IL RICORDO DEL TENENTE DEGLI ALPINI PRECIPITATO IN MONTAGNA<\/h3>\n<\/blockquote>\n<p><a class=\"dt-pswp-item\" href=\"https:\/\/www.radiopiu.net\/wordpress\/wp-content\/uploads\/2023\/08\/Senza-nome-4.png\" data-dt-img-description=\"\" data-large_image_width=\"493\" data-large_image_height=\"275\"><img loading=\"lazy\" decoding=\"async\" class=\" wp-image-346959 alignleft\" src=\"https:\/\/www.radiopiu.net\/wordpress\/wp-content\/uploads\/2023\/08\/Senza-nome-4-300x167.png\" alt=\"\" width=\"248\" height=\"138\" srcset=\"https:\/\/www.radiopiu.net\/wordpress\/wp-content\/uploads\/2023\/08\/Senza-nome-4-300x167.png 300w, https:\/\/www.radiopiu.net\/wordpress\/wp-content\/uploads\/2023\/08\/Senza-nome-4.png 493w\" sizes=\"auto, (max-width: 248px) 100vw, 248px\" \/><\/a><strong>BELLUNO<\/strong>\u00a0 Il consiglio comunale di Belluno ha voluto ricordare Mattia Amort, tenente del Settimo alpini (era alla caserma Salsa dal 2020), che domenica 23 luglio \u00e8 precipitato in parete sulla Roda di Vael. A voler dedicare un minuto al venticinquenne di Daiano \u00e8 stato il capogruppo di Fratelli d&#8217;Italia Alessandro Farina, anche lui militare del Settimo. La notizia della scomparsa di Mattia ha suscitato sgomento in Val di Fiemme. Amort era un giovane brillante, sempre pronto a spendersi per gli altri, voleva diventare soccorritore<\/p>\n<p>&nbsp;<\/p>\n<hr \/>\n<p>&nbsp;<\/p>\n<blockquote>\n<h3>INTOSSICATA DAI FARMACI SBAGLIATI, SOCCORSA IN ELICOTTERO<\/h3>\n<\/blockquote>\n<p><strong><a class=\"dt-pswp-item\" href=\"https:\/\/www.radiopiu.net\/wordpress\/wp-content\/uploads\/2023\/07\/eli-2.jpg\" data-dt-img-description=\"\" data-large_image_width=\"1600\" data-large_image_height=\"777\"><img loading=\"lazy\" decoding=\"async\" class=\" wp-image-345298 alignleft\" src=\"https:\/\/www.radiopiu.net\/wordpress\/wp-content\/uploads\/2023\/07\/eli-2-300x146.jpg\" alt=\"\" width=\"265\" height=\"129\" srcset=\"https:\/\/www.radiopiu.net\/wordpress\/wp-content\/uploads\/2023\/07\/eli-2-300x146.jpg 300w, https:\/\/www.radiopiu.net\/wordpress\/wp-content\/uploads\/2023\/07\/eli-2-1024x497.jpg 1024w, https:\/\/www.radiopiu.net\/wordpress\/wp-content\/uploads\/2023\/07\/eli-2-768x373.jpg 768w, https:\/\/www.radiopiu.net\/wordpress\/wp-content\/uploads\/2023\/07\/eli-2-1536x746.jpg 1536w, https:\/\/www.radiopiu.net\/wordpress\/wp-content\/uploads\/2023\/07\/eli-2.jpg 1600w\" sizes=\"auto, (max-width: 265px) 100vw, 265px\" \/><\/a>BELLUNO<\/strong> Non solo alpinisti incrodati,\u00a0 turisti con la caviglia slogata, con il dito mignolo rotto, colti da malore per il troppo caldo. Non solo missioni per riportare all&#8217;auto incauti turisti in infradito. Infatti, Falco ieri s&#8217;\u00e8 alzato anche per soccorrere un&#8217;anziana\u00a0 intossicata dai farmaci sbagliati, la donna padovana di 77 anni presentava intossicazione da farmaci assunti in modo sbagliato. Altri interventi: a San Vito soccorsi quattro lievi feriti dell&#8217;incidente tra auto; un 85enne veneziano cardiopatico \u00e8 stata trasferito per accertamenti al San Martino, un bimbo tedesco di 6 anni con problemi neurologici \u00e8 stato infine trattato all&#8217;ospedale di Belluno.<\/p>\n<p>&nbsp;<\/p>\n<hr \/>\n<p>&nbsp;<\/p>\n<blockquote>\n<h2>&#8220;Accordo storico alla Safilo: Cassa integrazione al 100% per i lavoratori ceduti&#8221;<\/h2>\n<\/blockquote>\n<p><strong><a class=\"dt-pswp-item\" href=\"https:\/\/www.radiopiu.net\/wordpress\/wp-content\/uploads\/2023\/01\/SAFILO.png\" data-dt-img-description=\"\" data-large_image_width=\"766\" data-large_image_height=\"492\"><img loading=\"lazy\" decoding=\"async\" class=\"wp-image-318963 alignleft\" src=\"https:\/\/www.radiopiu.net\/wordpress\/wp-content\/uploads\/2023\/01\/SAFILO-300x193.png\" alt=\"\" width=\"219\" height=\"141\" srcset=\"https:\/\/www.radiopiu.net\/wordpress\/wp-content\/uploads\/2023\/01\/SAFILO-300x193.png 300w, https:\/\/www.radiopiu.net\/wordpress\/wp-content\/uploads\/2023\/01\/SAFILO.png 766w\" sizes=\"auto, (max-width: 219px) 100vw, 219px\" \/><\/a>LONGARONE<\/strong> l La Safilo ha garantito l&#8217;integrazione al 100% della cassa integrazione per i lavoratori ceduti all&#8217;azienda acquirente. L&#8217;accordo \u00e8 stato raggiunto con il sindacato, sebbene le assemblee di fabbrica\u00a0 siano divise sull&#8217;argomento.\u00a0 La Safilo ha accettato l&#8217;impegno di fornire fino a due anni di cassa integrazione a stipendio pieno per i 250 lavoratori assunti da Th\u00e9lios e i 208 da Innovatek, senza le usuali decurtazioni in presenza di cassa integrazione. La Femca Cisl e la Uiltec Uil, che hanno partecipato alla lunga trattativa, sottoporranno l&#8217;accordo alle assemblee nei due stabilimenti di Longarone. Le assemblee di fabbrica decideranno l&#8217;ultima parola sull&#8217;accordo, ma il sindacato si dichiara fiducioso. In caso di voto favorevole, l&#8217;intesa sar\u00e0 applicata anche ai lavoratori della Filtcem Cgil.<\/p>\n<div class=\"flex-1 overflow-hidden\">\n<div class=\"react-scroll-to-bottom--css-wzipo-79elbk h-full dark:bg-gray-800\">\n<div class=\"react-scroll-to-bottom--css-wzipo-1n7m0yu\">\n<div class=\"flex flex-col text-sm dark:bg-gray-800\">\n<div class=\"group w-full text-gray-800 dark:text-gray-100 border-b border-black\/10 dark:border-gray-900\/50 bg-gray-50 dark:bg-[#444654]\">\n<div class=\"flex p-4 gap-4 text-base md:gap-6 md:max-w-2xl lg:max-w-[38rem] xl:max-w-3xl md:py-6 lg:px-0 m-auto\">\n<div class=\"relative flex w-[calc(100%-50px)] flex-col gap-1 md:gap-3 lg:w-[calc(100%-115px)]\">\n<div class=\"flex flex-grow flex-col gap-3\">\n<div class=\"min-h-[20px] flex items-start overflow-x-auto whitespace-pre-wrap break-words\">\n<div class=\"markdown prose w-full break-words dark:prose-invert light\"><\/div>\n<\/div>\n<\/div>\n<\/div>\n<\/div>\n<\/div>\n<\/div>\n<\/div>\n<\/div>\n<\/div>\n<p>&nbsp;<\/p>\n<hr \/>\n<p>&nbsp;<\/p>\n<blockquote>\n<h3>PISTA DA BOB, ASTA DESERTA MA ZAIA E&#8217; FIDUCIOSO<\/h3>\n<\/blockquote>\n<p><strong><a class=\"dt-pswp-item\" href=\"https:\/\/www.radiopiu.net\/wordpress\/wp-content\/uploads\/2021\/04\/cortina_guide_bob-1.jpg\" data-dt-img-description=\"\" data-large_image_width=\"600\" data-large_image_height=\"300\"><img loading=\"lazy\" decoding=\"async\" class=\" wp-image-204667 alignleft\" src=\"https:\/\/www.radiopiu.net\/wordpress\/wp-content\/uploads\/2021\/04\/cortina_guide_bob-1-300x150.jpg\" alt=\"\" width=\"268\" height=\"134\" srcset=\"https:\/\/www.radiopiu.net\/wordpress\/wp-content\/uploads\/2021\/04\/cortina_guide_bob-1-300x150.jpg 300w, https:\/\/www.radiopiu.net\/wordpress\/wp-content\/uploads\/2021\/04\/cortina_guide_bob-1.jpg 600w\" sizes=\"auto, (max-width: 268px) 100vw, 268px\" \/><\/a>VENEZIA<\/strong> Il bando per la costruzione della pista di bob per le Olimpiadi e paralimpiadi a Cortina \u00e8 andato deserto, ma il presidente veneto Luca Zaia e il sindaco Gianluca Lorenzi mantengono fiducia riguardo alla possibilit\u00e0 di trovare una soluzione. La gestione dell&#8217;opera \u00e8 ora affidata alla Societ\u00e0 Infrastrutture Milano Cortina, che cercher\u00e0 di negoziare direttamente con un&#8217;impresa. Il sindaco Lorenzi sottolinea che gi\u00e0 in passato un bando per un&#8217;altra infrastruttura funzionale ai Giochi era andato deserto, ma era stato poi rimodulato e assegnato con successo. Il ministro delle Infrastrutture, Andrea Abodi afferma che una gara deserta \u00e8 uno dei rischi del mercato saturo, ma si ritiene fiducioso nell&#8217;ottenere una soluzione attraverso il rapporto diretto con il mercato. Il ministro del turismo, Daniela Santanch\u00e9, sostiene con ottimismo che gli italiani riusciranno a superare l&#8217;ostacolo<\/p>\n<p>&nbsp;<\/p>\n<hr \/>\n<blockquote>\n<h3><\/h3>\n<h3>CONFCOMMERCIO SOSTIENE IL VILLAGGIO OLIMPICO A BORCA<\/h3>\n<\/blockquote>\n<p><strong><a class=\"dt-pswp-item\" href=\"https:\/\/www.radiopiu.net\/wordpress\/wp-content\/uploads\/2021\/07\/th-21.jpg\" data-dt-img-description=\"\" data-large_image_width=\"286\" data-large_image_height=\"161\"><img loading=\"lazy\" decoding=\"async\" class=\" wp-image-225158 alignleft\" src=\"https:\/\/www.radiopiu.net\/wordpress\/wp-content\/uploads\/2021\/07\/th-21.jpg\" alt=\"\" width=\"172\" height=\"97\" \/><\/a>BELLUNO<\/strong> <span dir=\"ltr\" role=\"presentation\">Confcommercio, per voce del suo presidente Paolo Doglioni, condivide e fa proprie le considerazioni espresse nella <\/span><span dir=\"ltr\" role=\"presentation\">recente delibera del Consiglio provinciale con la quale si chiede di rivalutare la scelta di Fiames quale sede del <\/span><span dir=\"ltr\" role=\"presentation\">Villaggio olimpico a favore del Villaggio ex Eni di Borca. <\/span><span dir=\"ltr\" role=\"presentation\">\u00abLe riflessioni alla base della delibera del Consiglio provinciale di luned\u00ec scorso sono pienamente condivisibili e vanno <\/span><span dir=\"ltr\" role=\"presentation\">sostenute con convinzione. Sul presupposto di un corretto approfondimento sui temi tecnici afferenti la mitigazione <\/span><span dir=\"ltr\" role=\"presentation\">dei rischi idrogeologici e sugli strumenti giuridici per concretizzare la proposta, i temi della sostenibilit\u00e0 e dell&#8217;\u201ceredit\u00e0\u201d <\/span><span dir=\"ltr\" role=\"presentation\">che l&#8217;esperienza olimpica deve lasciare al territorio sono argomenti del tutto pertinenti a una corretta impostazione <\/span><span dir=\"ltr\" role=\"presentation\">del tema in questione\u201d<\/span><\/p>\n<p>&nbsp;<\/p>\n<p>&nbsp;<\/p>\n<p>&nbsp;<\/p>\n<hr \/>\n<p>&nbsp;<\/p>\n<blockquote>\n<h3>UN AUTOBUS SU 4 HA MENO DI 5 ANNI, MA IL 99% VA A GASOLIO<\/h3>\n<\/blockquote>\n<blockquote>\n<p style=\"text-align: left;\" align=\"CENTER\"><span style=\"font-family: Arial, serif;\"><span style=\"font-size: medium;\"><i>Il Bellunese registra un parco circolante con quote significative nelle categorie meno inquinanti Euro 5 ed Euro 6\u00a0<\/i><\/span><\/span><\/p>\n<\/blockquote>\n<p style=\"text-align: left;\" align=\"CENTER\"><strong><a class=\"dt-pswp-item\" href=\"https:\/\/www.radiopiu.net\/wordpress\/wp-content\/uploads\/2023\/08\/pullman.jpg\" data-dt-img-description=\"\" data-large_image_width=\"748\" data-large_image_height=\"498\"><img loading=\"lazy\" decoding=\"async\" class=\" wp-image-346881 alignleft\" src=\"https:\/\/www.radiopiu.net\/wordpress\/wp-content\/uploads\/2023\/08\/pullman-300x200.jpg\" alt=\"\" width=\"185\" height=\"123\" srcset=\"https:\/\/www.radiopiu.net\/wordpress\/wp-content\/uploads\/2023\/08\/pullman-300x200.jpg 300w, https:\/\/www.radiopiu.net\/wordpress\/wp-content\/uploads\/2023\/08\/pullman.jpg 748w\" sizes=\"auto, (max-width: 185px) 100vw, 185px\" \/><\/a>BELLUNO<\/strong>\u00a0 <span style=\"font-family: Arial, serif;\">Continental<\/span><span style=\"color: #000000;\"><span style=\"font-family: Arial, serif;\"> Italia ha realizzato anche quest\u2019anno l\u2019<\/span><\/span><span style=\"color: #000000;\"><span style=\"font-family: Arial, serif;\">Osservatorio sui macro-trend del mercato dei veicoli pesanti per il trasporto di merci e persone<\/span><\/span><span style=\"color: #000000;\"><span style=\"font-family: Arial, serif;\">, giunto alla sua <\/span><\/span><span style=\"color: #000000;\"><span style=\"font-family: Arial, serif;\">terza edizione. <\/span><\/span><span style=\"font-family: Arial, serif;\">Dall\u2019analisi dei dati, nella <\/span><span style=\"font-family: Arial, serif;\">Provincia di Belluno<\/span><span style=\"font-family: Arial, serif;\"> circolano buone quote di mezzi nelle categorie meno inquinanti e sotto i 5 anni d\u2019et\u00e0. Il numero di immatricolazioni degli autobus \u00e8 stabile <\/span><span style=\"font-family: Arial, serif;\">Il <\/span><span style=\"font-family: Arial, serif;\">territorio bellunese<\/span><span style=\"font-family: Arial, serif;\"> segna nel 2022 lo <\/span><span style=\"font-family: Arial, serif;\">stesso numero di nuove immatricolazioni del 2021<\/span><span style=\"font-family: Arial, serif;\"> pari a 23 nuove targhe. <\/span><\/p>\n<p>&nbsp;<\/p>\n<hr \/>\n<p>&nbsp;<\/p>\n<blockquote>\n<h3>DA 72 ORE LA FIBRA OTTICA MANCA IN MEZZO AGORDINO E OPENFIBER NON SI ESPRIME CON I PROVIDER CHE EROGANO IL SERVIZIO<\/h3>\n<\/blockquote>\n<p><strong><a class=\"dt-pswp-item\" href=\"https:\/\/www.radiopiu.net\/wordpress\/wp-content\/uploads\/2020\/05\/FIBRA.jpg\" data-dt-img-description=\"\" data-large_image_width=\"1920\" data-large_image_height=\"1080\"><img loading=\"lazy\" decoding=\"async\" class=\" wp-image-135540 alignleft\" src=\"https:\/\/www.radiopiu.net\/wordpress\/wp-content\/uploads\/2020\/05\/FIBRA-300x169.jpg\" alt=\"\" width=\"185\" height=\"104\" srcset=\"https:\/\/www.radiopiu.net\/wordpress\/wp-content\/uploads\/2020\/05\/FIBRA-300x169.jpg 300w, https:\/\/www.radiopiu.net\/wordpress\/wp-content\/uploads\/2020\/05\/FIBRA-1024x576.jpg 1024w, https:\/\/www.radiopiu.net\/wordpress\/wp-content\/uploads\/2020\/05\/FIBRA-768x432.jpg 768w, https:\/\/www.radiopiu.net\/wordpress\/wp-content\/uploads\/2020\/05\/FIBRA-1536x864.jpg 1536w, https:\/\/www.radiopiu.net\/wordpress\/wp-content\/uploads\/2020\/05\/FIBRA.jpg 1920w\" sizes=\"auto, (max-width: 185px) 100vw, 185px\" \/><\/a>REDAZIONE<\/strong> Iniziano ad essere biblici i tempi per la riparazione del guasto che dalle 19:45 di sabato sta lasciando senza fibra ottica gran parte dell&#8217;Agordino. Comuni cittadini ma soprattutto gli esercizi commerciali e alberghi stanno lamentando la mancanza di una connessione internet per poter lavorare in un periodo dell&#8217;anno cruciale per il turismo. Tutti gli utenti interessati dal disservizio si sono riversati sui call center dei propri provider per capire cosa sta succedendo ma soprattutto per avere delle tempistiche certe per la riparazione del guasto. Purtroppo i fornitori del servizio non hanno risposte nonostante le sollecitazioni ad OpenFiber, il gruppo che gestisce la distribuzione della fibra ottica. I gestori principali si limitano a mandare qualche SMS con la scusante di lavori di manutenzione.\u00a0 &#8220;<em>E&#8217; incomprensibile l&#8217;assenza di aggiornamenti sui tempi di risoluzione del guasto alla fornitura del servizio FTTH, che interessa gran parte dell\u2019 Agordino, da parte di Open Fiber. Il guasto \u00e8 stato segnalato sabato alle 19:45 e ad oggi il fornitore (nel mio caso Springo) lamenta di non poter fornire indicazioni chiare ai propri Clienti pur sollecitando costantemente e insistentemente Open Fiber<\/em>&#8221; ci scrive Fabrizio. C&#8217;\u00e8 per\u00f2 chi ha avuto una risposta al quesito quale sia il problema. Come ad esempio di Tiziano De Col che tramite il suo provider Dimensione srl ha saputo che \u00e8 stato tranciato un cavo e che si sta provvedendo alla riparazione e nel frattempo ha provveduto a trasferire le telefonate da fisso a cellulare. O Alessandro De Zorzi dove il suo gestore \u00e8 stato ancora pi\u00f9 esaustivo dicendo che l&#8217;interruzione riscontrata \u00e8 in provincia di Bolzano, che \u00e8 stato pianificato un nuovo intervento per ulteriori verifiche in quanto l&#8217;intervento precedente non ha portato alla bonifica totale dell&#8217;anomalia. Resta il fatto che al momento la cittadinanza da Gosaldo a Falcade deve optare per usare i dati del cellulare per poter navigare in rete usando il cellulare come modem wifi, utilizzando i propri giga del contratto ed accontentarsi, se si abita in una zona poco coperta, della velocit\u00e0 ridotta del servizio.<\/p>\n<p>&nbsp;<\/p>\n<p>&nbsp;<\/p>\n<hr \/>\n<p>&nbsp;<\/p>\n<blockquote>\n<h3>INTERNET KO IN AGORDINO, QUARTO GIORNO DI DISSERVIZIO<\/h3>\n<\/blockquote>\n<p><strong><a class=\"dt-pswp-item\" href=\"https:\/\/www.radiopiu.net\/wordpress\/wp-content\/uploads\/2020\/04\/computer.jpg\" data-dt-img-description=\"\" data-large_image_width=\"1920\" data-large_image_height=\"1255\"><img loading=\"lazy\" decoding=\"async\" class=\" wp-image-126976 alignleft\" src=\"https:\/\/www.radiopiu.net\/wordpress\/wp-content\/uploads\/2020\/04\/computer-300x196.jpg\" alt=\"\" width=\"185\" height=\"121\" srcset=\"https:\/\/www.radiopiu.net\/wordpress\/wp-content\/uploads\/2020\/04\/computer-300x196.jpg 300w, https:\/\/www.radiopiu.net\/wordpress\/wp-content\/uploads\/2020\/04\/computer-1024x669.jpg 1024w, https:\/\/www.radiopiu.net\/wordpress\/wp-content\/uploads\/2020\/04\/computer-768x502.jpg 768w, https:\/\/www.radiopiu.net\/wordpress\/wp-content\/uploads\/2020\/04\/computer-1536x1004.jpg 1536w, https:\/\/www.radiopiu.net\/wordpress\/wp-content\/uploads\/2020\/04\/computer.jpg 1920w\" sizes=\"auto, (max-width: 185px) 100vw, 185px\" \/><\/a>LIVINALLONGO<\/strong><\/p>\n<p>di Gianni Santomaso<\/p>\n<audio class=\"wp-audio-shortcode\" id=\"audio-346822-1\" preload=\"none\" style=\"width: 100%;\" controls=\"controls\"><source type=\"audio\/mpeg\" src=\"https:\/\/www.radiopiu.net\/wordpress\/wp-content\/uploads\/2023\/08\/GIANNI-INTERNET-KO-IN-AGORDINO-QUARTO-GIORNO-DI-DISSERVIZIO.mp3?_=1\" \/><a href=\"https:\/\/www.radiopiu.net\/wordpress\/wp-content\/uploads\/2023\/08\/GIANNI-INTERNET-KO-IN-AGORDINO-QUARTO-GIORNO-DI-DISSERVIZIO.mp3\">https:\/\/www.radiopiu.net\/wordpress\/wp-content\/uploads\/2023\/08\/GIANNI-INTERNET-KO-IN-AGORDINO-QUARTO-GIORNO-DI-DISSERVIZIO.mp3<\/a><\/audio>\n<p>&nbsp;<\/p>\n<hr \/>\n<p>&nbsp;<\/p>\n<blockquote>\n<h3>TELEFONI MUTI E INTERNET KO AD ARABBA. SI CONTANO I DANNI ALLA FILIERA DEL TURISMO<\/h3>\n<\/blockquote>\n<p><strong><a class=\"dt-pswp-item\" href=\"https:\/\/www.radiopiu.net\/wordpress\/wp-content\/uploads\/2022\/10\/310122743_498244062313104_3169098356255353643_n.jpg\" data-dt-img-description=\"\" data-large_image_width=\"720\" data-large_image_height=\"540\"><img loading=\"lazy\" decoding=\"async\" class=\" wp-image-301505 alignleft\" src=\"https:\/\/www.radiopiu.net\/wordpress\/wp-content\/uploads\/2022\/10\/310122743_498244062313104_3169098356255353643_n-300x225.jpg\" alt=\"\" width=\"183\" height=\"137\" srcset=\"https:\/\/www.radiopiu.net\/wordpress\/wp-content\/uploads\/2022\/10\/310122743_498244062313104_3169098356255353643_n-300x225.jpg 300w, https:\/\/www.radiopiu.net\/wordpress\/wp-content\/uploads\/2022\/10\/310122743_498244062313104_3169098356255353643_n.jpg 720w\" sizes=\"auto, (max-width: 183px) 100vw, 183px\" \/><\/a>BELLUNO<\/strong> Alta stagione, alberghi, imprese turistiche e negozi ai massimi ritmi\u2026 ma da sabato sera Arabba \u00e8 senza linee telefoniche e collegamenti Internet ed al momento non si riscontra una soluzione del problema. \u00abSiamo ormai a quattro giorni di disagi \u2013 afferma Walter De Cassan, presidente di Federalberghi Belluno e delegato Confcommercio di Livinallongo &#8211; un\u2019enormit\u00e0 in piena stagione con le attivit\u00e0 che necessitano di servizi puntuali e funzionanti per gestire le prenotazioni, gli ordini, i pagamenti elettronici, gli adempimenti fiscali. Sappiamo che il sindaco Grones fin da subito si \u00e8 attivato con chi di dovere ed ha espresso grande preoccupazione; ora per\u00f2 i tempi si allungano troppo e danni e disagi iniziano a pesare\u00bb. . Federalberghi e Confcommercio Belluno lanciano quindi un forte appello affinch\u00e9 le linee siano ripristinate in tempi brevissimi.<\/p>\n<p>&nbsp;<\/p>\n<p>&nbsp;<\/p>\n<hr \/>\n<p>&nbsp;<\/p>\n<blockquote>\n<h3>PRESTO IL PROGETTO PER UN MARCIAPIEDI TRA VERAN E CROSTOLIN<\/h3>\n<\/blockquote>\n<p><strong><a class=\"dt-pswp-item\" href=\"https:\/\/www.radiopiu.net\/wordpress\/wp-content\/uploads\/2023\/08\/crostolin.png\" data-dt-img-description=\"\" data-large_image_width=\"653\" data-large_image_height=\"437\"><img loading=\"lazy\" decoding=\"async\" class=\" wp-image-346933 alignleft\" src=\"https:\/\/www.radiopiu.net\/wordpress\/wp-content\/uploads\/2023\/08\/crostolin-300x201.png\" alt=\"\" width=\"204\" height=\"137\" srcset=\"https:\/\/www.radiopiu.net\/wordpress\/wp-content\/uploads\/2023\/08\/crostolin-300x201.png 300w, https:\/\/www.radiopiu.net\/wordpress\/wp-content\/uploads\/2023\/08\/crostolin.png 653w\" sizes=\"auto, (max-width: 204px) 100vw, 204px\" \/><\/a>AGORDO<\/strong><\/p>\n<p>di Gianni Santomaso<\/p>\n<audio class=\"wp-audio-shortcode\" id=\"audio-346822-2\" preload=\"none\" style=\"width: 100%;\" controls=\"controls\"><source type=\"audio\/mpeg\" src=\"https:\/\/www.radiopiu.net\/wordpress\/wp-content\/uploads\/2023\/08\/GIANNI-PRESTO-IL-PROGETTO-PER-UN-MARCIAPIEDI-TRA-VERAN-E-CROSTOLIN.mp3?_=2\" \/><a href=\"https:\/\/www.radiopiu.net\/wordpress\/wp-content\/uploads\/2023\/08\/GIANNI-PRESTO-IL-PROGETTO-PER-UN-MARCIAPIEDI-TRA-VERAN-E-CROSTOLIN.mp3\">https:\/\/www.radiopiu.net\/wordpress\/wp-content\/uploads\/2023\/08\/GIANNI-PRESTO-IL-PROGETTO-PER-UN-MARCIAPIEDI-TRA-VERAN-E-CROSTOLIN.mp3<\/a><\/audio>\n<p>&nbsp;<\/p>\n<hr \/>\n<p>&nbsp;<\/p>\n<blockquote>\n<h3>RESTANO DUE SETTIMANE PER TROVARE I FONDI PER INVESTI SCUOLA<\/h3>\n<\/blockquote>\n<p><strong><a class=\"dt-pswp-item\" href=\"https:\/\/www.radiopiu.net\/wordpress\/wp-content\/uploads\/2020\/06\/f662441c-c6a1-40df-8978-3ff5202173f9.jpg\" data-dt-img-description=\"\" data-large_image_width=\"1280\" data-large_image_height=\"960\"><img loading=\"lazy\" decoding=\"async\" class=\" wp-image-145519 alignleft\" src=\"https:\/\/www.radiopiu.net\/wordpress\/wp-content\/uploads\/2020\/06\/f662441c-c6a1-40df-8978-3ff5202173f9-300x225.jpg\" alt=\"\" width=\"153\" height=\"115\" srcset=\"https:\/\/www.radiopiu.net\/wordpress\/wp-content\/uploads\/2020\/06\/f662441c-c6a1-40df-8978-3ff5202173f9-300x225.jpg 300w, https:\/\/www.radiopiu.net\/wordpress\/wp-content\/uploads\/2020\/06\/f662441c-c6a1-40df-8978-3ff5202173f9-1024x768.jpg 1024w, https:\/\/www.radiopiu.net\/wordpress\/wp-content\/uploads\/2020\/06\/f662441c-c6a1-40df-8978-3ff5202173f9-768x576.jpg 768w, https:\/\/www.radiopiu.net\/wordpress\/wp-content\/uploads\/2020\/06\/f662441c-c6a1-40df-8978-3ff5202173f9.jpg 1280w\" sizes=\"auto, (max-width: 153px) 100vw, 153px\" \/><\/a>BELLUNO<\/strong> Il futuro di Investi scuola resta al centro del dibattito politico in provincia: luned\u00ec lunga discussione in consiglio provinciale. Intanto, restano due settimane per trovare le risorse necessarie alla copertura totale del servizio.<\/p>\n<p><strong>di Daniele Dalvit<\/strong><\/p>\n<audio class=\"wp-audio-shortcode\" id=\"audio-346822-3\" preload=\"none\" style=\"width: 100%;\" controls=\"controls\"><source type=\"audio\/mpeg\" src=\"https:\/\/www.radiopiu.net\/wordpress\/wp-content\/uploads\/2023\/08\/DALVIT-Consiglio-provinciale-Investi-Scuola.mp3?_=3\" \/><a href=\"https:\/\/www.radiopiu.net\/wordpress\/wp-content\/uploads\/2023\/08\/DALVIT-Consiglio-provinciale-Investi-Scuola.mp3\">https:\/\/www.radiopiu.net\/wordpress\/wp-content\/uploads\/2023\/08\/DALVIT-Consiglio-provinciale-Investi-Scuola.mp3<\/a><\/audio>\n<p>&nbsp;<\/p>\n<hr \/>\n<p>&nbsp;<\/p>\n<blockquote>\n<h2>&#8220;Nevegal 2024: Prospettive e Concretezza per uno Sviluppo Collaborativo e Ottimista&#8221;<\/h2>\n<\/blockquote>\n<p><strong><a class=\"dt-pswp-item\" href=\"https:\/\/www.radiopiu.net\/wordpress\/wp-content\/uploads\/2023\/08\/Senza-nome-2.png\" data-dt-img-description=\"\" data-large_image_width=\"502\" data-large_image_height=\"194\"><img loading=\"lazy\" decoding=\"async\" class=\"size-medium wp-image-346890 alignleft\" src=\"https:\/\/www.radiopiu.net\/wordpress\/wp-content\/uploads\/2023\/08\/Senza-nome-2-300x116.png\" alt=\"\" width=\"300\" height=\"116\" srcset=\"https:\/\/www.radiopiu.net\/wordpress\/wp-content\/uploads\/2023\/08\/Senza-nome-2-300x116.png 300w, https:\/\/www.radiopiu.net\/wordpress\/wp-content\/uploads\/2023\/08\/Senza-nome-2.png 502w\" sizes=\"auto, (max-width: 300px) 100vw, 300px\" \/><\/a>BELLUNO<\/strong>\u00a0 L&#8217;Associazione Proprietari Nevegal si prepara per l&#8217;importante assemblea che si terr\u00e0 il 13 agosto alle 15\u00a0 nella ex-Hall del Centro Congressi &#8220;Le Torri&#8221; a Localit\u00e0 Nevegal. Le parole chiave per questa riunione saranno &#8220;prospettive, futuro e concretezza&#8221;. L&#8217;assemblea sar\u00e0 un&#8217;opportunit\u00e0 per un interessante dibattito sul futuro di Nevegal, con la partecipazione del Sindaco Oscar De Pellegrin e degli Assessori Franco Roccon, Paolo Luciani e Monica Mazzoccoli, che illustreranno le iniziative pensate per il territorio, compreso il progetto della Frazione.<\/p>\n<p>&nbsp;<\/p>\n<hr \/>\n<p>&nbsp;<\/p>\n<p><strong>IERI SERA, ANTENNA 3, IL TG BELLUNESE ALLE 19.30, OGNI GIORNO ALLE 19.05 LE ANTICIPAZIONI A CURA DI TIZIANA BOLOGNANI\u00a0<\/strong><\/p>\n<blockquote>\n<h3 class=\"_title post-title entry-title\">BELLUNO | \u2018INVESTI SCUOLA\u2019, PADRIN A FDI: \u00abSERVE FARE SQUADRA, NO DIVERGENZE POLITICHE<\/h3>\n<\/blockquote>\n<p>Intervista ROBERTO PADRIN (PRESIDENTE PROVINCIA DI BELLUNO) Servizio di <a href=\"https:\/\/antennatre.medianordest.it\/redazione\/Tiziana-Bolognani\/\">Tiziana Bolognani<\/a><\/p>\n<blockquote>\n<h3 class=\"_title post-title entry-title\"><\/h3>\n<\/blockquote>\n<p><iframe loading=\"lazy\" title=\"&#039;INVESTI SCUOLA&#039;, PADRIN A FDI: \u00abSERVE FARE SQUADRA, NO DIVERGENZE POLITICHE\u00bb | 01\/08\/2023\" width=\"1200\" height=\"675\" src=\"https:\/\/www.youtube.com\/embed\/yXO_fh_Wgkw?feature=oembed\" frameborder=\"0\" allow=\"accelerometer; autoplay; clipboard-write; encrypted-media; gyroscope; picture-in-picture; web-share\" allowfullscreen><\/iframe><\/p>\n<p>&nbsp;<\/p>\n<p>&nbsp;<\/p>\n<hr \/>\n<p>&nbsp;<\/p>\n<blockquote>\n<h3>APPROVATO IN CONSIGLIO REGIONALE L&#8217;ASSESTAMENTO DI BILANCIO<\/h3>\n<\/blockquote>\n<p><strong><a class=\"dt-pswp-item\" href=\"https:\/\/www.radiopiu.net\/wordpress\/wp-content\/uploads\/2022\/02\/soldi-banche-300x212-1.jpg\" data-dt-img-description=\"\" data-large_image_width=\"300\" data-large_image_height=\"212\"><img loading=\"lazy\" decoding=\"async\" class=\" wp-image-257339 alignleft\" src=\"https:\/\/www.radiopiu.net\/wordpress\/wp-content\/uploads\/2022\/02\/soldi-banche-300x212-1.jpg\" alt=\"\" width=\"126\" height=\"89\" \/><\/a>VENEZIA <\/strong>L\u2019assestamento di Bilancio 2023, varato dalla Giunta regionale il 22 giugno scorso e vagliato dalla commissione consiliare, \u00e8 stato approvato in Consiglio regionale. Un passaggio che segue la certificazione e la parifica del Rendiconto 2022 e che permette di iscrivere nel bilancio corrente le risultanze dell\u2019esercizio precedente.<\/p>\n<p>&nbsp;<\/p>\n<p>&nbsp;<\/p>\n<hr \/>\n<p>&nbsp;<\/p>\n<blockquote>\n<h3>LA CAMPAGNA USA MEGLIO L&#8217;ACQUA<\/h3>\n<\/blockquote>\n<p><strong><a class=\"dt-pswp-item\" href=\"https:\/\/www.radiopiu.net\/wordpress\/wp-content\/uploads\/2023\/04\/drop-545377__340.jpg\" data-dt-img-description=\"\" data-large_image_width=\"560\" data-large_image_height=\"340\"><img loading=\"lazy\" decoding=\"async\" class=\" wp-image-331135 alignleft\" src=\"https:\/\/www.radiopiu.net\/wordpress\/wp-content\/uploads\/2023\/04\/drop-545377__340-300x182.jpg\" alt=\"\" width=\"148\" height=\"90\" srcset=\"https:\/\/www.radiopiu.net\/wordpress\/wp-content\/uploads\/2023\/04\/drop-545377__340-300x182.jpg 300w, https:\/\/www.radiopiu.net\/wordpress\/wp-content\/uploads\/2023\/04\/drop-545377__340.jpg 560w\" sizes=\"auto, (max-width: 148px) 100vw, 148px\" \/><\/a>VENEZIA <\/strong>\u201cLa campagna di sensibilizzazione sul risparmio idrico, promossa congiuntamente su tutto il territorio regionale, assieme alle opere infrastrutturali messe in campo dai gestori, \u00e8 un esempio virtuoso di risposta alle richieste della Regione del Veneto alla necessit\u00e0 di attuare misure di mitigazione e di adattamento che permettano di coesistere con il cambiamento climatico. Tutto questo al fine di garantire la sicurezza e il benessere dei nostri cittadini oggi, ma soprattutto in futuro\u201d. Lo afferma il Presidente della Regione del Veneto Luca Zaia riferendosi al lancio della campagna \u201cUsa meglio l\u2019acqua\u201d, che sar\u00e0 attiva in Veneto e in alcuni Comuni del Friuli Venezia Giulia da oggi fino a settembre, con l\u2019obiettivo di raggiungere l\u2019intera popolazione, proponendo consigli pratici su come utilizzare l\u2019acqua senza sprecarla.<\/p>\n<p>&nbsp;<\/p>\n<p>&nbsp;<\/p>\n<hr \/>\n<p>&nbsp;<\/p>\n<blockquote>\n<h3>MALTEMPO DI LUGLIO: ENTRO IL 4 AGOSTO VA INVIATA LA DOCUMENTAZIONE PER IL CENSIMENTO DEI DANNI<\/h3>\n<\/blockquote>\n<p><strong><a class=\"dt-pswp-item\" href=\"https:\/\/www.radiopiu.net\/wordpress\/wp-content\/uploads\/2018\/06\/temporale.jpg\" data-dt-img-description=\"\" data-large_image_width=\"1920\" data-large_image_height=\"1272\"><img loading=\"lazy\" decoding=\"async\" class=\" wp-image-50334 alignleft\" src=\"https:\/\/www.radiopiu.net\/wordpress\/wp-content\/uploads\/2018\/06\/temporale-300x199.jpg\" alt=\"\" width=\"155\" height=\"103\" srcset=\"https:\/\/www.radiopiu.net\/wordpress\/wp-content\/uploads\/2018\/06\/temporale-300x199.jpg 300w, https:\/\/www.radiopiu.net\/wordpress\/wp-content\/uploads\/2018\/06\/temporale-768x509.jpg 768w, https:\/\/www.radiopiu.net\/wordpress\/wp-content\/uploads\/2018\/06\/temporale-1024x678.jpg 1024w, https:\/\/www.radiopiu.net\/wordpress\/wp-content\/uploads\/2018\/06\/temporale.jpg 1920w\" sizes=\"auto, (max-width: 155px) 100vw, 155px\" \/><\/a>VENEZIA <\/strong>La Direzione della Protezione Civile del Veneto comunica che l\u2019invio della documentazione relativa alla procedura di censimento dei danni causati dal maltempo che si \u00e8 abbattuto in Veneto, \u00e8 stata fissata entro le ore 14.00 di venerd\u00ec 4 agosto. La raccolta documentale in questa fase \u00e8 rivolta agli enti locali, non ai singoli cittadini e alle singole imprese. Si ricorda infatti che, a seguito delle eccezionali avversit\u00e0 atmosferiche verificatesi a luglio il Presidente della Regione del Veneto Luca Zaia, ha provveduto all\u2019estensione della dichiarazione dello \u201cStato di Emergenza Regionale\u201d, dichiarata dapprima il 13 luglio 2023 e, successivamente aggiornata ed estesa a tutto il territorio regionale, anche per gli eccezionali eventi atmosferici del 26 e del 30 luglio 2023.<\/p>\n<p>&nbsp;<\/p>\n<p>&nbsp;<\/p>\n<hr \/>\n<p>&nbsp;<\/p>\n<blockquote>\n<h3>CONSIGLI COMUNALI<\/h3>\n<\/blockquote>\n<p><strong>FALCADE<\/strong> Domani alle 20 nel consiglio convocato dal sindaco Mauro Salvaterra variazioni al bilancio, dup, convenzioni <strong>TAIBON<\/strong> Domani consiglio comunale alle 18, all&#8217;ordine del giorno anche l&#8217;individuazione zona di degrado per il recupero del patrimonio edilizio in localit\u00e0 Col Carrera.\u00a0<strong>VOLTAGO<\/strong> Lunedi alle 18 consiglio comunale convocato dal sindaco Giuseppe Schena. Una variazione a bilancio e una variazione di assestamento generale a bilancio gli argomenti da trattare.<\/p>\n<p>&nbsp;<\/p>\n<blockquote>\n<h3>CONSIGLI COMUNALI DI TAIBON E FALCADE<\/h3>\n<\/blockquote>\n<p><strong>DI GIANNI SANTOMASO<\/strong><\/p>\n<audio class=\"wp-audio-shortcode\" id=\"audio-346822-4\" preload=\"none\" style=\"width: 100%;\" controls=\"controls\"><source type=\"audio\/mpeg\" src=\"https:\/\/www.radiopiu.net\/wordpress\/wp-content\/uploads\/2023\/07\/GIANNI-CONSIGLIO-TAIBON-E-FALCADE.mp3?_=4\" \/><a href=\"https:\/\/www.radiopiu.net\/wordpress\/wp-content\/uploads\/2023\/07\/GIANNI-CONSIGLIO-TAIBON-E-FALCADE.mp3\">https:\/\/www.radiopiu.net\/wordpress\/wp-content\/uploads\/2023\/07\/GIANNI-CONSIGLIO-TAIBON-E-FALCADE.mp3<\/a><\/audio>\n<p>&nbsp;<\/p>\n<p>&nbsp;<\/p>\n<hr \/>\n<p>&nbsp;<\/p>\n<blockquote>\n<h3>IN MARMOLADA: DA TUTTA ITALIA E EUROPA PER UN MESSAGGIO DI PACE<\/h3>\n<\/blockquote>\n<p><strong><a class=\"dt-pswp-item\" href=\"https:\/\/www.radiopiu.net\/wordpress\/wp-content\/uploads\/2023\/08\/20220806_111038-scaled.jpg\" data-dt-img-description=\"\" data-large_image_width=\"2560\" data-large_image_height=\"1440\"><img loading=\"lazy\" decoding=\"async\" class=\"size-medium wp-image-346877 alignleft\" src=\"https:\/\/www.radiopiu.net\/wordpress\/wp-content\/uploads\/2023\/08\/20220806_111038-300x169.jpg\" alt=\"\" width=\"300\" height=\"169\" srcset=\"https:\/\/www.radiopiu.net\/wordpress\/wp-content\/uploads\/2023\/08\/20220806_111038-300x169.jpg 300w, https:\/\/www.radiopiu.net\/wordpress\/wp-content\/uploads\/2023\/08\/20220806_111038-1024x576.jpg 1024w, https:\/\/www.radiopiu.net\/wordpress\/wp-content\/uploads\/2023\/08\/20220806_111038-768x432.jpg 768w, https:\/\/www.radiopiu.net\/wordpress\/wp-content\/uploads\/2023\/08\/20220806_111038-1536x864.jpg 1536w, https:\/\/www.radiopiu.net\/wordpress\/wp-content\/uploads\/2023\/08\/20220806_111038-2048x1152.jpg 2048w\" sizes=\"auto, (max-width: 300px) 100vw, 300px\" \/><\/a>ROCCA PIETORE<\/strong>\u00a0 \u00a0Arriveranno da tutta Italia e anche da diversi paesi d&#8217;Europa per lanciare un unico grande messaggio di pace: sono dodici i gruppi di rievocazione storica (4 tedeschi 1 sloveno) che sabato 5 agosto porteranno in Marmolada il ricordo della Grande Guerra.\u00a0 A curare l&#8217;organizzazione Stefano Cecchetto dell\u2019Associazione storica 4 novembre e Attilio Bressan dell\u2019Associazione Museo della Grande Guerra in Marmolada. La giornata inizier\u00e0 alle 8,30 con il ritrovo nel piazzale di partenza delle funivie a Malga Ciapela. Info: <a href=\"mailto:visitmarmolada@funiviemarmolada.com\">visitmarmolada@funiviemarmolada.com<\/a><\/p>\n<p>&nbsp;<\/p>\n<p>&nbsp;<\/p>\n<hr \/>\n<p>&nbsp;<\/p>\n<h2><span style=\"color: #00ccff;\">IERI ALLA RADIO<\/span><\/h2>\n<blockquote>\n<h3>EP CENTER, CON FRANCESCO ZILLIO, MANUTENZIONI: SECONDA PUNTATA<\/h3>\n<\/blockquote>\n<p><iframe loading=\"lazy\" title=\"IN STIDOP CPM FRANCESCO ZILLIO - EPCENTER\" width=\"1200\" height=\"675\" src=\"https:\/\/www.youtube.com\/embed\/uYJu6wk_dWM?feature=oembed\" frameborder=\"0\" allow=\"accelerometer; autoplay; clipboard-write; encrypted-media; gyroscope; picture-in-picture; web-share\" allowfullscreen><\/iframe><\/p>\n<p>LA RACCOLTA COMPLETA <span style=\"color: #0000ff;\"><strong><a style=\"color: #0000ff;\" href=\"https:\/\/www.youtube.com\/channel\/UCf9-X1lG2r4-xhdzt_0zNHg\/videos\">CLICCA QUI<\/a><\/strong><\/span><\/p>\n<p>&nbsp;<\/p>\n<hr \/>\n<p>&nbsp;<\/p>\n<p>&nbsp;<\/p>\n<h2><span style=\"color: #008080;\">\u00a0&#8220;DINTORN E FORA VIA&#8221;\u00a0<\/span><span style=\"color: #008080;\"> IL PROGRAMMA\u00a0 <\/span><span style=\"color: #008080;\">A CURA DEL MUSLA\u00a0\u00a0<\/span><\/h2>\n<h1 style=\"text-align: center;\"><strong><span style=\"color: #ff0000;\">SECONDO ANNO<\/span><\/strong><strong><span style=\"color: #ff0000;\"> \u00a0<\/span><\/strong><\/h1>\n<p>&nbsp;<\/p>\n<p><strong><a class=\"dt-pswp-item\" href=\"https:\/\/www.radiopiu.net\/wordpress\/wp-content\/uploads\/2023\/08\/153a58f3-98e7-4326-bbf8-651d1354f12b.jpg\" data-dt-img-description=\"\" data-large_image_width=\"1600\" data-large_image_height=\"145\"><img loading=\"lazy\" decoding=\"async\" class=\"wp-image-346864 alignleft\" src=\"https:\/\/www.radiopiu.net\/wordpress\/wp-content\/uploads\/2023\/08\/153a58f3-98e7-4326-bbf8-651d1354f12b-300x27.jpg\" alt=\"\" width=\"211\" height=\"19\" srcset=\"https:\/\/www.radiopiu.net\/wordpress\/wp-content\/uploads\/2023\/08\/153a58f3-98e7-4326-bbf8-651d1354f12b-300x27.jpg 300w, https:\/\/www.radiopiu.net\/wordpress\/wp-content\/uploads\/2023\/08\/153a58f3-98e7-4326-bbf8-651d1354f12b-1024x93.jpg 1024w, https:\/\/www.radiopiu.net\/wordpress\/wp-content\/uploads\/2023\/08\/153a58f3-98e7-4326-bbf8-651d1354f12b-768x70.jpg 768w, https:\/\/www.radiopiu.net\/wordpress\/wp-content\/uploads\/2023\/08\/153a58f3-98e7-4326-bbf8-651d1354f12b-1536x139.jpg 1536w, https:\/\/www.radiopiu.net\/wordpress\/wp-content\/uploads\/2023\/08\/153a58f3-98e7-4326-bbf8-651d1354f12b.jpg 1600w\" sizes=\"auto, (max-width: 211px) 100vw, 211px\" \/><\/a>PUNTATA DEL 01 AGOSTO<\/strong><\/p>\n<audio class=\"wp-audio-shortcode\" id=\"audio-346822-5\" preload=\"none\" style=\"width: 100%;\" controls=\"controls\"><source type=\"audio\/mpeg\" src=\"https:\/\/www.radiopiu.net\/wordpress\/wp-content\/uploads\/2023\/08\/MUSLA.mp3?_=5\" \/><a href=\"https:\/\/www.radiopiu.net\/wordpress\/wp-content\/uploads\/2023\/08\/MUSLA.mp3\">https:\/\/www.radiopiu.net\/wordpress\/wp-content\/uploads\/2023\/08\/MUSLA.mp3<\/a><\/audio>\n<p>&nbsp;<\/p>\n<p>LA RACCOLTA COMPLETA<a href=\"https:\/\/www.radiopiu.net\/wordpress\/musla\/\"> <span style=\"color: #0000ff;\"><strong>CLICCA QUI<\/strong><\/span><\/a><\/p>\n<p>&nbsp;<\/p>\n<p>&nbsp;<\/p>\n<hr \/>\n<p>&nbsp;<\/p>\n<blockquote>\n<h1>LE DIRETTE DI RADIOPIU&#8217;, RIASCOLTALE, RIVEDILE&#8230;I PODCAST DI RADIOPIU&#8217;<\/h1>\n<\/blockquote>\n<p><strong>CONSIGLIO COMUNALE DI AGORDO\u00a0<\/strong><\/p>\n<p>https:\/\/www.facebook.com\/marco.baghy.1\/videos\/240057182316585\/?<\/p>\n<p>&nbsp;<\/p>\n<p><b>CONSIGLIO UNIONE MONTANA AGORDINA\u00a0<\/b><\/p>\n<p>https:\/\/www.facebook.com\/marco.baghy.1\/videos\/251243104402550\/?<\/p>\n<p>&nbsp;<\/p>\n<p>&nbsp;<\/p>\n<hr \/>\n<p>&nbsp;<\/p>\n<p><strong>IERI SERA, ANTENNA 3, IL TG BELLUNESE ALLE 19.30, OGNI GIORNO ALLE 19.05 LE ANTICIPAZIONI A CURA DI TIZIANA BOLOGNANI\u00a0<\/strong><\/p>\n<blockquote>\n<h3 class=\"_title post-title entry-title\">ALLEGHE | TURISMO AL LAGO, STAGIONE POSITIVA E RICCA DI ATTRAZIONI<\/h3>\n<\/blockquote>\n<p><strong>DI FABIO FIORAVANZI<\/strong><br \/>\nIntervista DANILO DE TONI (SINDACO DI ALLEGHE)<\/p>\n<p><iframe loading=\"lazy\" title=\"TURISMO AL LAGO, STAGIONE POSITIVA E RICCA DI ATTRAZIONI | 01\/08\/2023\" width=\"1200\" height=\"675\" src=\"https:\/\/www.youtube.com\/embed\/fDnKxIRqSBM?feature=oembed\" frameborder=\"0\" allow=\"accelerometer; autoplay; clipboard-write; encrypted-media; gyroscope; picture-in-picture; web-share\" allowfullscreen><\/iframe><\/p>\n<p>&nbsp;<\/p>\n<hr \/>\n<p>&nbsp;<\/p>\n<blockquote>\n<h3>DOMENICA SUL BROI DI AGORDO TORNA ETNO MUSICA<\/h3>\n<\/blockquote>\n<p><strong>AGORDO <\/strong>Domenica, sul Broi di Agordo, presso la piazza, torner\u00e0 l\u2019evento <em>Agordo ETNO Musica<\/em>: una giornata da passare all\u2019aperto all\u2019insegna della musica\u2026 ma non solo. Quest\u2019anno la giornata sar\u00e0 dedicata alla cultura veneta.<\/p>\n<p><strong>di ANDREA BERNARDI, Agordo musica<\/strong><\/p>\n<audio class=\"wp-audio-shortcode\" id=\"audio-346822-6\" preload=\"none\" style=\"width: 100%;\" controls=\"controls\"><source type=\"audio\/mpeg\" src=\"https:\/\/www.radiopiu.net\/wordpress\/wp-content\/uploads\/2023\/08\/Intervista-pro-loco-Agordo-x-EtnoMUSICA-6-agosto.mp3?_=6\" \/><a href=\"https:\/\/www.radiopiu.net\/wordpress\/wp-content\/uploads\/2023\/08\/Intervista-pro-loco-Agordo-x-EtnoMUSICA-6-agosto.mp3\">https:\/\/www.radiopiu.net\/wordpress\/wp-content\/uploads\/2023\/08\/Intervista-pro-loco-Agordo-x-EtnoMUSICA-6-agosto.mp3<\/a><\/audio>\n\n\t\t\t<style type='text\/css'>\n\t\t\t\t#gallery-1 {\n\t\t\t\t\tmargin: auto;\n\t\t\t\t}\n\t\t\t\t#gallery-1 .gallery-item {\n\t\t\t\t\tfloat: left;\n\t\t\t\t\tmargin-top: 10px;\n\t\t\t\t\ttext-align: center;\n\t\t\t\t\twidth: 50%;\n\t\t\t\t}\n\t\t\t\t#gallery-1 img {\n\t\t\t\t\tborder: 2px solid #cfcfcf;\n\t\t\t\t}\n\t\t\t\t#gallery-1 .gallery-caption {\n\t\t\t\t\tmargin-left: 0;\n\t\t\t\t}\n\t\t\t\t\/* see gallery_shortcode() in wp-includes\/media.php *\/\n\t\t\t<\/style>\n\t\t<div id='gallery-1' class='dt-gallery-container gallery galleryid-346822 gallery-columns-2 gallery-size-medium'><dl class='gallery-item'>\n\t\t\t\t<dt class='gallery-icon landscape'>\n\t\t\t\t\t<a class=\"rollover rollover-zoom dt-pswp-item\" title=\"Foto1\" data-dt-img-description=\"\" data-large_image_width=\"2048\" data-large_image_height=\"1536\"href='https:\/\/www.radiopiu.net\/wordpress\/wp-content\/uploads\/2023\/08\/Foto1.jpg'><img loading=\"lazy\" decoding=\"async\" width=\"300\" height=\"225\" src=\"https:\/\/www.radiopiu.net\/wordpress\/wp-content\/uploads\/2023\/08\/Foto1-300x225.jpg\" class=\"attachment-medium size-medium\" alt=\"\" srcset=\"https:\/\/www.radiopiu.net\/wordpress\/wp-content\/uploads\/2023\/08\/Foto1-300x225.jpg 300w, https:\/\/www.radiopiu.net\/wordpress\/wp-content\/uploads\/2023\/08\/Foto1-1024x768.jpg 1024w, https:\/\/www.radiopiu.net\/wordpress\/wp-content\/uploads\/2023\/08\/Foto1-768x576.jpg 768w, https:\/\/www.radiopiu.net\/wordpress\/wp-content\/uploads\/2023\/08\/Foto1-1536x1152.jpg 1536w, https:\/\/www.radiopiu.net\/wordpress\/wp-content\/uploads\/2023\/08\/Foto1.jpg 2048w\" sizes=\"auto, (max-width: 300px) 100vw, 300px\" \/><\/a>\n\t\t\t\t<\/dt><\/dl><dl class='gallery-item'>\n\t\t\t\t<dt class='gallery-icon landscape'>\n\t\t\t\t\t<a class=\"rollover rollover-zoom dt-pswp-item\" title=\"Foto2\" data-dt-img-description=\"\" data-large_image_width=\"2048\" data-large_image_height=\"1536\"href='https:\/\/www.radiopiu.net\/wordpress\/wp-content\/uploads\/2023\/08\/Foto2.jpg'><img loading=\"lazy\" decoding=\"async\" width=\"300\" height=\"225\" src=\"https:\/\/www.radiopiu.net\/wordpress\/wp-content\/uploads\/2023\/08\/Foto2-300x225.jpg\" class=\"attachment-medium size-medium\" alt=\"\" srcset=\"https:\/\/www.radiopiu.net\/wordpress\/wp-content\/uploads\/2023\/08\/Foto2-300x225.jpg 300w, https:\/\/www.radiopiu.net\/wordpress\/wp-content\/uploads\/2023\/08\/Foto2-1024x768.jpg 1024w, https:\/\/www.radiopiu.net\/wordpress\/wp-content\/uploads\/2023\/08\/Foto2-768x576.jpg 768w, https:\/\/www.radiopiu.net\/wordpress\/wp-content\/uploads\/2023\/08\/Foto2-1536x1152.jpg 1536w, https:\/\/www.radiopiu.net\/wordpress\/wp-content\/uploads\/2023\/08\/Foto2.jpg 2048w\" sizes=\"auto, (max-width: 300px) 100vw, 300px\" \/><\/a>\n\t\t\t\t<\/dt><\/dl><br style=\"clear: both\" \/>\n\t\t\t<\/div>\n\n<p>&nbsp;<\/p>\n<hr \/>\n<p>&nbsp;<\/p>\n<h2><span style=\"color: #ff0000;\">GLI APPUNTAMENTI DELLA SETTIMANA\u00a0<\/span><\/h2>\n<p><a class=\"dt-pswp-item\" href=\"https:\/\/www.radiopiu.net\/wordpress\/wp-content\/uploads\/2023\/07\/Senza-nome-77.png\" data-dt-img-description=\"\" data-large_image_width=\"423\" data-large_image_height=\"411\"><img loading=\"lazy\" decoding=\"async\" class=\"wp-image-345894 alignleft\" src=\"https:\/\/www.radiopiu.net\/wordpress\/wp-content\/uploads\/2023\/07\/Senza-nome-77-300x291.png\" alt=\"\" width=\"116\" height=\"113\" srcset=\"https:\/\/www.radiopiu.net\/wordpress\/wp-content\/uploads\/2023\/07\/Senza-nome-77-300x291.png 300w, https:\/\/www.radiopiu.net\/wordpress\/wp-content\/uploads\/2023\/07\/Senza-nome-77.png 423w\" sizes=\"auto, (max-width: 116px) 100vw, 116px\" \/><\/a><\/p>\n<p><strong>\u00a0<\/strong><strong>LA MOSTRA A\u00a0 <\/strong><strong>LA VALLE AGORDINA\u00a0<\/strong><\/p>\n<p><strong>ANIMALI DELLE DOLOMITI, LA MOSTRA FOTOGRAFICA DI ADONE COLLE FINO AL 6 AGOSTO, TUTTI I GIORNI DALLE 10 ALLE 12 E DALLE 20 ALLE 22 NELLA SALA DELLA BIBLIOTECA DEL MUNICIPIO DI LA VALLE AGORDINA ANIMALI DELLE DOLOMITI, DI ADONE COLLE, CON L&#8217;ORGANIZZAZIONE DELLE ASSOCAZIONI LAVALLESI<\/strong><\/p>\n<p>&nbsp;<\/p>\n<blockquote>\n<h3>CHICCO CATTADORI ALLA BIBLIOTECA DI VALLADA<\/h3>\n<\/blockquote>\n<p><strong>VALLADA<\/strong> Domani alle 21 alla Biblioteca di Vallada l&#8217;incontro con Chicco Cattadori. &#8220;4 Passi nella storia della Valle del Biois&#8221; il titolo della serata.<\/p>\n<p>&nbsp;<\/p>\n<blockquote>\n<h3>LA MOSTRA SALUTI DALLE DOLOMITI<\/h3>\n<\/blockquote>\n<p><strong>COLLE SANTA LUCIA <\/strong>Domani alle 18 in piazza Villagrande a Colle Santa Lucia l&#8217;inaugurazione della mostra &#8220;Saluti dalle Dolomiti &#8211; Grusse aus den Dolomiten&#8221; (in caso di maltempo il tutto si trasferir\u00e0 nella sala delle ex scuole elementari). La mostra sar\u00e0 dedicata a cartoline e fotografie storiche realizzate in tempo di pace prima e in guerra poi, durante la prima guerra mondiale. La presentazione avverr\u00e0 a cura della guida storica Franz Brunner Pozzi e rimarr\u00e0 aperta e visitabile fino a sabato 12 agosto con ingresso gratuito dall&#8217;ufficio turistico in piazza a Colle Santa Lucia nei suoi orari d&#8217;apertura.<\/p>\n<p>&nbsp;<\/p>\n<blockquote>\n<h3><a class=\"dt-pswp-item\" href=\"https:\/\/www.radiopiu.net\/wordpress\/wp-content\/uploads\/2023\/08\/2b478da4-44f6-4d14-b632-d006b05d6346.jpg\" data-dt-img-description=\"\" data-large_image_width=\"2048\" data-large_image_height=\"1536\"><img loading=\"lazy\" decoding=\"async\" class=\"wp-image-346875 alignleft\" src=\"https:\/\/www.radiopiu.net\/wordpress\/wp-content\/uploads\/2023\/08\/2b478da4-44f6-4d14-b632-d006b05d6346-300x225.jpg\" alt=\"\" width=\"171\" height=\"128\" srcset=\"https:\/\/www.radiopiu.net\/wordpress\/wp-content\/uploads\/2023\/08\/2b478da4-44f6-4d14-b632-d006b05d6346-300x225.jpg 300w, https:\/\/www.radiopiu.net\/wordpress\/wp-content\/uploads\/2023\/08\/2b478da4-44f6-4d14-b632-d006b05d6346-1024x768.jpg 1024w, https:\/\/www.radiopiu.net\/wordpress\/wp-content\/uploads\/2023\/08\/2b478da4-44f6-4d14-b632-d006b05d6346-768x576.jpg 768w, https:\/\/www.radiopiu.net\/wordpress\/wp-content\/uploads\/2023\/08\/2b478da4-44f6-4d14-b632-d006b05d6346-1536x1152.jpg 1536w, https:\/\/www.radiopiu.net\/wordpress\/wp-content\/uploads\/2023\/08\/2b478da4-44f6-4d14-b632-d006b05d6346.jpg 2048w\" sizes=\"auto, (max-width: 171px) 100vw, 171px\" \/><\/a>SABATO SUL BROI DANZA ESTATE CON L&#8217;ADA<\/h3>\n<\/blockquote>\n<p><strong>AGORDO<\/strong> ALICE NEL PAESE DELLE MERAVIGLIE, SPETTACOLO COREOGRAFICO LIBERAMENTE TRATTO DAL TESTO DI LEWIS CARROL., E&#8217; IL TEMA DELL&#8217;EVENTO DELL&#8217;ADA. RITORNA ANCHE QUEST&#8217;ANNO: AGORDO DANZA L&#8217;ESTATE. SABATO ALLE 20.45 SUL BROI DI AGORDO in caso di maltempo evento rinviato a domenica sempre alle 20.45. AGORDO DANZA L&#8217;ESTATE, 26esima EDIZIONE. In collaborazione con il Comune di Agordo e L&#8217;Aics comitato provinciale di Belluno<\/p>\n<p>&nbsp;<\/p>\n<blockquote>\n<h3>REUNION E OVERFLOWN ALLA BIRRERIA STELLA DI CENCENIGHE<\/h3>\n<\/blockquote>\n<p><strong>CENCENIGHE<\/strong> Alla Birreria Stella di Cencenighe un sabato di grande musica con i ReUnion e Overflown. Inizio alle 18. Venerdi alle 21 serata con Dj Luca.<\/p>\n<p>&nbsp;<\/p>\n<blockquote>\n<h3>INCONTRO CON ANTONIO BORTOLUZZI<\/h3>\n<\/blockquote>\n<p><strong>CANALE D&#8217;AGORDO<\/strong> Si parla di montagna con Antonio Bortoluzzi. Sabato alle 21 in Sala Emigranti<\/p>\n<p>&nbsp;<\/p>\n<hr \/>\n<p>&nbsp;<\/p>\n<h3><a class=\"dt-pswp-item\" href=\"https:\/\/www.radiopiu.net\/wordpress\/wp-content\/uploads\/2023\/08\/ad788130-3359-495d-8e57-9619d32d41a8.jpg\" data-dt-img-description=\"\" data-large_image_width=\"1600\" data-large_image_height=\"900\"><img loading=\"lazy\" decoding=\"async\" class=\" wp-image-346983 alignleft\" src=\"https:\/\/www.radiopiu.net\/wordpress\/wp-content\/uploads\/2023\/08\/ad788130-3359-495d-8e57-9619d32d41a8-300x169.jpg\" alt=\"\" width=\"209\" height=\"118\" srcset=\"https:\/\/www.radiopiu.net\/wordpress\/wp-content\/uploads\/2023\/08\/ad788130-3359-495d-8e57-9619d32d41a8-300x169.jpg 300w, https:\/\/www.radiopiu.net\/wordpress\/wp-content\/uploads\/2023\/08\/ad788130-3359-495d-8e57-9619d32d41a8-1024x576.jpg 1024w, https:\/\/www.radiopiu.net\/wordpress\/wp-content\/uploads\/2023\/08\/ad788130-3359-495d-8e57-9619d32d41a8-768x432.jpg 768w, https:\/\/www.radiopiu.net\/wordpress\/wp-content\/uploads\/2023\/08\/ad788130-3359-495d-8e57-9619d32d41a8-1536x864.jpg 1536w, https:\/\/www.radiopiu.net\/wordpress\/wp-content\/uploads\/2023\/08\/ad788130-3359-495d-8e57-9619d32d41a8.jpg 1600w\" sizes=\"auto, (max-width: 209px) 100vw, 209px\" \/><\/a>L&#8217;ALTA VIA CHE NON C&#8217;E&#8217;&#8230; CON L&#8217;ACCOMPAGNATORE DI MONTAGNA <span class=\"xv78j7m\" spellcheck=\"false\">Luca Ganz<\/span><br \/>\nOGGI ALLE 13.10 E 20.30<\/h3>\n<p>&nbsp;<\/p>\n<p>&nbsp;<\/p>\n<hr \/>\n<h3><\/h3>\n<blockquote>\n<h3><a class=\"dt-pswp-item\" href=\"https:\/\/www.radiopiu.net\/wordpress\/wp-content\/uploads\/2023\/08\/171a99da-b466-49a3-b7cc-8df135de2e7e.jpg\" data-dt-img-description=\"\" data-large_image_width=\"1131\" data-large_image_height=\"1600\"><img loading=\"lazy\" decoding=\"async\" class=\"size-medium wp-image-346977 alignleft\" src=\"https:\/\/www.radiopiu.net\/wordpress\/wp-content\/uploads\/2023\/08\/171a99da-b466-49a3-b7cc-8df135de2e7e-212x300.jpg\" alt=\"\" width=\"212\" height=\"300\" srcset=\"https:\/\/www.radiopiu.net\/wordpress\/wp-content\/uploads\/2023\/08\/171a99da-b466-49a3-b7cc-8df135de2e7e-212x300.jpg 212w, https:\/\/www.radiopiu.net\/wordpress\/wp-content\/uploads\/2023\/08\/171a99da-b466-49a3-b7cc-8df135de2e7e-724x1024.jpg 724w, https:\/\/www.radiopiu.net\/wordpress\/wp-content\/uploads\/2023\/08\/171a99da-b466-49a3-b7cc-8df135de2e7e-768x1086.jpg 768w, https:\/\/www.radiopiu.net\/wordpress\/wp-content\/uploads\/2023\/08\/171a99da-b466-49a3-b7cc-8df135de2e7e-1086x1536.jpg 1086w, https:\/\/www.radiopiu.net\/wordpress\/wp-content\/uploads\/2023\/08\/171a99da-b466-49a3-b7cc-8df135de2e7e.jpg 1131w\" sizes=\"auto, (max-width: 212px) 100vw, 212px\" \/><\/a><\/h3>\n<h3>FESTIVAL DI AGOSTO ALLE PENDICI DELL&#8217;AGNER<\/h3>\n<\/blockquote>\n<p><strong>VOLTAGO\u00a0<\/strong>Il Rifugio Scarpa ospita un festival alle pendici dell&#8217;Agner. Sabato alle 20:30\u00a0 la prima serata sar\u00e0 dedicata all&#8217;astronomia con Riccardo Cappellaro. Domenica in musica con Giovanni Zuliani e il concerto con chitarra classica<\/p>\n<blockquote><p>&nbsp;<\/p>\n<p>&nbsp;<\/p>\n<p>&nbsp;<\/p>\n<p>&nbsp;<\/p>\n<p>&nbsp;<\/p>\n<hr \/>\n<\/blockquote>\n<p>&nbsp;<\/p>\n<p>&nbsp;<\/p>\n<blockquote>\n<h2><a class=\"dt-pswp-item\" href=\"https:\/\/www.radiopiu.net\/wordpress\/wp-content\/uploads\/2023\/08\/1.png\" data-dt-img-description=\"\" data-large_image_width=\"1415\" data-large_image_height=\"2000\"><img loading=\"lazy\" decoding=\"async\" class=\"wp-image-346883 alignleft\" src=\"https:\/\/www.radiopiu.net\/wordpress\/wp-content\/uploads\/2023\/08\/1-212x300.png\" alt=\"\" width=\"112\" height=\"158\" srcset=\"https:\/\/www.radiopiu.net\/wordpress\/wp-content\/uploads\/2023\/08\/1-212x300.png 212w, https:\/\/www.radiopiu.net\/wordpress\/wp-content\/uploads\/2023\/08\/1-724x1024.png 724w, https:\/\/www.radiopiu.net\/wordpress\/wp-content\/uploads\/2023\/08\/1-768x1086.png 768w, https:\/\/www.radiopiu.net\/wordpress\/wp-content\/uploads\/2023\/08\/1-1087x1536.png 1087w, https:\/\/www.radiopiu.net\/wordpress\/wp-content\/uploads\/2023\/08\/1.png 1415w\" sizes=\"auto, (max-width: 112px) 100vw, 112px\" \/><\/a>29\u00b0 Festa di S. Osvaldo, patrono dei Cimbri del Cansiglio<\/h2>\n<\/blockquote>\n<p>Nella terra dei Cimbri del Cansiglio, tra secolari e maestosi faggi, il 5 e 6 agosto si svolger\u00e0 la 29\u00b0 Festa di S. Osvaldo. I festeggiamenti del patrono dei Cimbri del Cansiglio, una delle minoranze linguistiche del Veneto, si svolgeranno nel villaggio cimbro di Pian Osteria (BL) nella secolare foresta da Remi di San Marco con una serie di appuntamenti che popoleranno tutto il weekend.<\/p>\n<p>&nbsp;<\/p>\n<hr \/>\n<h2><\/h2>\n<h2>CONOSCIAMO I VOLONTARI DELLE PROLOCO DELL&#8217;AGORDINO. OGGI ALLE 10.30 E 1900 SU RADIO PIU OSPITE BEPI DELLA ZASSA VALLADA<\/h2>\n<p>&nbsp;<\/p>\n<hr \/>\n<p>&nbsp;<\/p>\n<blockquote>\n<h3>UNA GIORNATA PER NO DESMENTEGAR<\/h3>\n<\/blockquote>\n<p><strong>GOSALDO\u00a0<\/strong>Domenica ai campi di bocce di Gosaldo una giornata di festa in memoria di Enzo Masoch. Dalle 12 apertura delle cucine e il Memorial con il torneo di bocce a partire dalle 15. Musica con Eros durante la giornata.<\/p>\n<p>&nbsp;<\/p>\n<blockquote>\n<h3>DOMENICA I MERCATINI A FORCELLA AURINE<\/h3>\n<\/blockquote>\n<p><strong>GOSALDO<\/strong> Domenica a Forcella Aurine il mercatino dei prodotti locali e dell&#8217;artigianato<\/p>\n<p>&nbsp;<\/p>\n<blockquote>\n<h3>LA FESTA ALPINA A PIANDISON<\/h3>\n<\/blockquote>\n<p><strong>VOLTAGO<\/strong> Il gruppo Alpini di Voltago organizza per domenica la Festa Alpina di Piandison. Alle 11 l&#8217;alzabandiera e a seguire la Santa Messa. Dalle 12:30 pranzo alla Casa di Piandison<\/p>\n<p>&nbsp;<\/p>\n<blockquote>\n<h3>MOSTRA NELLO ZOLDANO DA VENERDI AL 27 AGOSTO<\/h3>\n<\/blockquote>\n<p>Venerdi alle 17 a Pieve di Zoldo (ex scuola elementare dalle 16 alle 18) mostra &#8220;Dalla cultura della terra alla salute del corpo e dell&#8217;anima&#8221;, trattato di medicina medievale curato da Elena Modena musicista e ricercatrice. Presente Maurizio Tuliani ricercatore di storia. A seguire, domenica 6 agosto, l\u2019incontro di approfondimento, relatrice la prof. Elena Modena.<\/p>\n<h2><span style=\"color: #ff0000;\">PROSSIMAMENTE&#8230;<\/span><\/h2>\n<p>&nbsp;<\/p>\n<blockquote>\n<h2><a class=\"dt-pswp-item\" href=\"https:\/\/www.radiopiu.net\/wordpress\/wp-content\/uploads\/2023\/08\/Senza-nome.png\" data-dt-img-description=\"\" data-large_image_width=\"605\" data-large_image_height=\"188\"><img loading=\"lazy\" decoding=\"async\" class=\"size-medium wp-image-346825 alignleft\" src=\"https:\/\/www.radiopiu.net\/wordpress\/wp-content\/uploads\/2023\/08\/Senza-nome-300x93.png\" alt=\"\" width=\"300\" height=\"93\" srcset=\"https:\/\/www.radiopiu.net\/wordpress\/wp-content\/uploads\/2023\/08\/Senza-nome-300x93.png 300w, https:\/\/www.radiopiu.net\/wordpress\/wp-content\/uploads\/2023\/08\/Senza-nome.png 605w\" sizes=\"auto, (max-width: 300px) 100vw, 300px\" \/><\/a>\u201cCINEMA IN CONTRADA\u201d AD AGORDO<\/h2>\n<\/blockquote>\n<p><strong>AGORDO<\/strong> Tre serate di proiezioni sotto le stelle delle Dolomiti Ad agosto 2023, torna ad Agordo il cinema all\u2019aperto. Gli appuntamenti della rassegna:\u00a0 \u25cf Sabato 12 Agosto: Bohemian Rhapsody, di Bryan Singer\u00a0 \u00a0Luned\u00ec 14 Agosto: Parasite, di Bong Joon-hoo \u25cf Mercoled\u00ec 16 Agosto: Indiana Jones e i predatori dell\u2019arca perduta, di Steven Spielberg. Tutte le proiezioni inizieranno alle ore 21 e saranno ad ingresso gratuito, previa prenotazione raccomandata fino ad esaurimento posti. Le prenotazioni si possono effettuare attraverso il sito http:\/\/agordo.eventbrite.com oppure rivolgendosi all\u2019Ufficio Turistico di Agordo<\/p>\n<p>&nbsp;<\/p>\n<blockquote>\n<h3>LA FESTA A PIAN DEI CASTALDI<\/h3>\n<\/blockquote>\n<p><strong>SEDICO<\/strong> Il Comitato Pollicino organizza tre giorni di festa il 13, 14 e 15 agosto a Pian Dei Castaldi sopra Barp di Sedico. Cucine e chioschi aperti per tre giorni e musica per tutti i gusti nelle tre serate.<\/p>\n<p>&nbsp;<\/p>\n<blockquote>\n<h3>CONCERTI IN ALTA QUOTA CON &#8220;MELODIE NEL BOSCO, SUSSURRI TRA LE DOLOMITI&#8221;.<\/h3>\n<\/blockquote>\n<p><strong><a class=\"dt-pswp-item\" href=\"https:\/\/www.radiopiu.net\/wordpress\/wp-content\/uploads\/2018\/07\/Pota-l_Orso_Bosco-degli-Artisti.png\" data-dt-img-description=\"\" data-large_image_width=\"750\" data-large_image_height=\"534\"><img loading=\"lazy\" decoding=\"async\" class=\" wp-image-55065 alignleft\" src=\"https:\/\/www.radiopiu.net\/wordpress\/wp-content\/uploads\/2018\/07\/Pota-l_Orso_Bosco-degli-Artisti-300x214.png\" alt=\"\" width=\"199\" height=\"142\" srcset=\"https:\/\/www.radiopiu.net\/wordpress\/wp-content\/uploads\/2018\/07\/Pota-l_Orso_Bosco-degli-Artisti-300x214.png 300w, https:\/\/www.radiopiu.net\/wordpress\/wp-content\/uploads\/2018\/07\/Pota-l_Orso_Bosco-degli-Artisti.png 750w\" sizes=\"auto, (max-width: 199px) 100vw, 199px\" \/><\/a>FALCADE<\/strong>\u00a0 &#8220;Melodie nel Bosco, sussurri tra le Dolomiti&#8221;. Si chiama cos\u00ec il festival che porter\u00e0 quattro concerti a 2.000 metri di altitudine per far incontrare musica e natura al cospetto di vette come Mulaz e Focobon.\u00a0 A fare da teatro sar\u00e0 il Bosco degli Artisti di Falcade, galleria d\u2019arte a cielo aperto che sorge in localit\u00e0 Le Buse, nella Ski Area San Pellegrino. Concerti in programma alle 10:30.<\/p>\n<p>Sabato 26 agosto toccher\u00e0 a Emanuele Bastanzetti, da Bach a Kreisler &#8211; sinfonie di violino.<\/p>\n<p>&nbsp;<\/p>\n<p>&nbsp;<\/p>\n<blockquote>\n<h3>L&#8217;APERIMALGA A MALGA PIAN DE VACIA<\/h3>\n<\/blockquote>\n<blockquote>\n<h3><a class=\"dt-pswp-item\" href=\"https:\/\/www.radiopiu.net\/wordpress\/wp-content\/uploads\/2023\/08\/c92c2625-6166-49cf-894c-cb297341c626.jpg\" data-dt-img-description=\"\" data-large_image_width=\"1277\" data-large_image_height=\"1600\"><img loading=\"lazy\" decoding=\"async\" class=\"size-medium wp-image-346844 alignleft\" src=\"https:\/\/www.radiopiu.net\/wordpress\/wp-content\/uploads\/2023\/08\/c92c2625-6166-49cf-894c-cb297341c626-239x300.jpg\" alt=\"\" width=\"239\" height=\"300\" srcset=\"https:\/\/www.radiopiu.net\/wordpress\/wp-content\/uploads\/2023\/08\/c92c2625-6166-49cf-894c-cb297341c626-239x300.jpg 239w, https:\/\/www.radiopiu.net\/wordpress\/wp-content\/uploads\/2023\/08\/c92c2625-6166-49cf-894c-cb297341c626-817x1024.jpg 817w, https:\/\/www.radiopiu.net\/wordpress\/wp-content\/uploads\/2023\/08\/c92c2625-6166-49cf-894c-cb297341c626-768x962.jpg 768w, https:\/\/www.radiopiu.net\/wordpress\/wp-content\/uploads\/2023\/08\/c92c2625-6166-49cf-894c-cb297341c626-1226x1536.jpg 1226w, https:\/\/www.radiopiu.net\/wordpress\/wp-content\/uploads\/2023\/08\/c92c2625-6166-49cf-894c-cb297341c626.jpg 1277w\" sizes=\"auto, (max-width: 239px) 100vw, 239px\" \/><\/a><\/h3>\n<h3><\/h3>\n<h3><\/h3>\n<h3><strong style=\"font-size: 14px;\">SELVA DI CADORE<\/strong><span style=\"font-size: 14px; font-weight: normal;\"> Venerd\u00ec 11 agosto alla Malga Pian de Vacia di Selva di Cadore \u00e8 in programma l&#8217;aperimalga. Alle 18 un convegno sulla sostenibilit\u00e0 ambientale, alle 19 degustazione di vino<\/span><\/h3>\n<\/blockquote>\n<p>&nbsp;<\/p>\n<p>&nbsp;<\/p>\n<p>&nbsp;<\/p>\n<p>&nbsp;<\/p>\n<blockquote>\n<h3><\/h3>\n<h3><\/h3>\n<h3>MAGNA AN BOCON SU PAR L&#8217;ANDRIA<\/h3>\n<\/blockquote>\n<p><strong><a class=\"dt-pswp-item\" href=\"https:\/\/www.radiopiu.net\/wordpress\/wp-content\/uploads\/2023\/08\/363380069_744946250973383_1218265656161784847_n.jpg\" data-dt-img-description=\"\" data-large_image_width=\"526\" data-large_image_height=\"274\"><img loading=\"lazy\" decoding=\"async\" class=\"size-medium wp-image-346867 alignleft\" src=\"https:\/\/www.radiopiu.net\/wordpress\/wp-content\/uploads\/2023\/08\/363380069_744946250973383_1218265656161784847_n-300x156.jpg\" alt=\"\" width=\"300\" height=\"156\" srcset=\"https:\/\/www.radiopiu.net\/wordpress\/wp-content\/uploads\/2023\/08\/363380069_744946250973383_1218265656161784847_n-300x156.jpg 300w, https:\/\/www.radiopiu.net\/wordpress\/wp-content\/uploads\/2023\/08\/363380069_744946250973383_1218265656161784847_n.jpg 526w\" sizes=\"auto, (max-width: 300px) 100vw, 300px\" \/><\/a>SELVA DI CADORE <\/strong>Il gruppo Folk di Selva di Cadore vi aspetta domenica 13 agosto per la quinta edizione di \u201cMagn\u00e0 an Bocon su par l\u2019Andria\u201d l\u2019evento gastronomico fra i borghi della Val Fiorentina a Selva di Cadore. Assaporerete Deliziosi piatti tipici e prodotti locali ad ogni tappa, attorniati da stupendi scorci panoramici, antichi fienili e case di una volta. Durante il percorso potrete visitare l\u2019eccezionale Molin dei Padre con l\u2019antica falegnameria ad acqua e il museo dei vigili del fuoco volontari di Selva. Al termine del percorso fortaie e musica coi Die D\u00fcrstigen. Numero massimo 100 partecipanti, opportunamente divisi in piccoli gruppi guidati. Prevendite disponibili presso l\u2019ufficio turistico di Selva di Cadore. Novit\u00e0 di quest anno: potrete scegliere l\u2019orario di partenza! Partenza primo gruppo domenica 13 agosto ore 11 presso il campetto Sciovie Santa Fosca. Vendita ultimi ticket dalle ore 10<\/p>\n<p>&nbsp;<\/p>\n<blockquote>\n<h3>L&#8217;ESTATE CON L&#8217;ASSOCIAZIONE BORGO DI SOTTOGUDA<\/h3>\n<\/blockquote>\n<p><a class=\"dt-pswp-item\" href=\"https:\/\/www.radiopiu.net\/wordpress\/wp-content\/uploads\/2023\/08\/358091417_794248625823528_1699457655493429797_n.jpg\" data-dt-img-description=\"\" data-large_image_width=\"526\" data-large_image_height=\"526\"><img loading=\"lazy\" decoding=\"async\" class=\" wp-image-346870 alignleft\" src=\"https:\/\/www.radiopiu.net\/wordpress\/wp-content\/uploads\/2023\/08\/358091417_794248625823528_1699457655493429797_n-300x300.jpg\" alt=\"\" width=\"244\" height=\"244\" srcset=\"https:\/\/www.radiopiu.net\/wordpress\/wp-content\/uploads\/2023\/08\/358091417_794248625823528_1699457655493429797_n-300x300.jpg 300w, https:\/\/www.radiopiu.net\/wordpress\/wp-content\/uploads\/2023\/08\/358091417_794248625823528_1699457655493429797_n-150x150.jpg 150w, https:\/\/www.radiopiu.net\/wordpress\/wp-content\/uploads\/2023\/08\/358091417_794248625823528_1699457655493429797_n.jpg 526w\" sizes=\"auto, (max-width: 244px) 100vw, 244px\" \/><\/a>APPUNTAMENTI D&#8217;ESTATE CON L&#8217;ASSOCIAZIONE BORGO SOTTOGUDA. GODITI LA NOTTE DI SAN LORENZO IL 10 AGOSTO DALLE 21.30 I DESIDERI S&#8217;ILLUMINANO TRA LE LANTERNE. TRA I MAGICI FIENILI VENERDI 11 CHIACCHIERATA CON ALESSIO SALATA, AUTORE DEL LIBRO &#8220;MORTE A VENEZIA&#8221;. CON VENETO A TAVOLA SABATO 12 AGOSTO IL MERCATO BONTA&#8217; E BENESSERE, DALLE 21 IN PIAZZETTA A SOTTOGUDA IL TRIBUTO A LUCIO BATTISTI INTERPRETATO DA ERA BATTISTI. IL 14 AGOSTO, VIGILIA DI FERRAGOSTO DALLE 21 GLI ARCHI DEL FRIULI E DEL VENETO con il &#8220;SOGNO DI UNA NOTTE DI MEZZ&#8217;ESTATE PARTECIPA LA PIANISTA SILVIA TESSARI. IL MERCATO CONTADINO &#8220;SABEDA ITE VILA&#8221;, SABATO 5 E SABATO 19 AGOSTO CON L&#8217;ASSOCIAZIONE BORGO SOTTOGUDA, IL MERCATO DELLA DELIZIA CONTADINA, DEI LAVORI DI UNA VOLTA. AL SABATO DEL VILLAGGIO IL LABORATORIO COSMETICO E CURATIVO DI ESTER ANDRICH APPASSIONATA DI ERBE SPONTANEE E LORO UTILIZZO, E SOTTO AL TENDONE MEZZOGIORNO E SERA TUTTO PER SOLLETICARE IL PALATO SUL POSTO O PER ASPORTO. Ma voi sapete fare i canederli? TRANQUILLI&#8230; CI PENSA THOMAS A SOTTOGUDA DI ROCCA PIETORE Alle 21 sar\u00e0 ospite Luigi Fontana, figlio di Jmmi Fontana con un viaggio negli anni 60 e &#8217;70 tra grandi canzoni e aneddoti<\/p>\n<p>&nbsp;<\/p>\n<p>&nbsp;<\/p>\n<hr \/>\n<p>&nbsp;<\/p>\n<blockquote>\n<h3>APERITIVO ? MA MAI SENZA MUSICA<\/h3>\n<\/blockquote>\n<p><a class=\"dt-pswp-item\" href=\"https:\/\/www.radiopiu.net\/wordpress\/wp-content\/uploads\/2023\/07\/d86dbc06-7161-49d4-b544-90770e85269f.jpg\" data-dt-img-description=\"\" data-large_image_width=\"1448\" data-large_image_height=\"2048\"><img loading=\"lazy\" decoding=\"async\" class=\" wp-image-342766 alignleft\" src=\"https:\/\/www.radiopiu.net\/wordpress\/wp-content\/uploads\/2023\/07\/d86dbc06-7161-49d4-b544-90770e85269f-212x300.jpg\" alt=\"\" width=\"133\" height=\"189\" srcset=\"https:\/\/www.radiopiu.net\/wordpress\/wp-content\/uploads\/2023\/07\/d86dbc06-7161-49d4-b544-90770e85269f-212x300.jpg 212w, https:\/\/www.radiopiu.net\/wordpress\/wp-content\/uploads\/2023\/07\/d86dbc06-7161-49d4-b544-90770e85269f-724x1024.jpg 724w, https:\/\/www.radiopiu.net\/wordpress\/wp-content\/uploads\/2023\/07\/d86dbc06-7161-49d4-b544-90770e85269f-768x1086.jpg 768w, https:\/\/www.radiopiu.net\/wordpress\/wp-content\/uploads\/2023\/07\/d86dbc06-7161-49d4-b544-90770e85269f-1086x1536.jpg 1086w, https:\/\/www.radiopiu.net\/wordpress\/wp-content\/uploads\/2023\/07\/d86dbc06-7161-49d4-b544-90770e85269f.jpg 1448w\" sizes=\"auto, (max-width: 133px) 100vw, 133px\" \/><\/a>Dimentica la routine, concediti un momento di relax e divertimento con amici e familiari. L&#8217;aperitivo in musica all&#8217;Hotel Stella Alpina in piazza a Falcade \u00e8 l&#8217;occasione perfetta per socializzare e creare ricordi preziosi.Ogni venerd\u00ec di luglio ed agosto, l&#8217;Hotel Stella Alpina vi accoglie per una serata di puro divertimento, dalle 18 alle 21. I\u00a0venerdi di luglio ed agosto allo Stella alpina, appuntamento con la buona musica e le specialit\u00e0 che sapranno deliziarvi il palato. INFO 0437 599046. <a class=\"moz-txt-link-abbreviated\" href=\"http:\/\/WWW.HOTEL\">WWW.HOTEL<\/a> STELLA ALPINA . COM<\/p>\n<p><strong>VENERDI 4 AGOSTO<\/strong> SMILE IN CONCERTO\u00a0 e tacos con pulled pork fatti in casa<\/p>\n<p>&nbsp;<\/p>\n<p>&nbsp;<\/p>\n<p>&nbsp;<\/p>\n<p>&nbsp;<\/p>\n<hr \/>\n<p>&nbsp;<\/p>\n<p>&nbsp;<\/p>\n<blockquote>\n<h3><a class=\"dt-pswp-item\" href=\"https:\/\/www.radiopiu.net\/wordpress\/wp-content\/uploads\/2023\/07\/f3b253e6-70dc-4b6a-9b64-d312475aa1a1.jpg\" data-dt-img-description=\"\" data-large_image_width=\"1463\" data-large_image_height=\"2048\"><img loading=\"lazy\" decoding=\"async\" class=\"size-medium wp-image-345602 alignleft\" src=\"https:\/\/www.radiopiu.net\/wordpress\/wp-content\/uploads\/2023\/07\/f3b253e6-70dc-4b6a-9b64-d312475aa1a1-214x300.jpg\" alt=\"\" width=\"214\" height=\"300\" srcset=\"https:\/\/www.radiopiu.net\/wordpress\/wp-content\/uploads\/2023\/07\/f3b253e6-70dc-4b6a-9b64-d312475aa1a1-214x300.jpg 214w, https:\/\/www.radiopiu.net\/wordpress\/wp-content\/uploads\/2023\/07\/f3b253e6-70dc-4b6a-9b64-d312475aa1a1-732x1024.jpg 732w, https:\/\/www.radiopiu.net\/wordpress\/wp-content\/uploads\/2023\/07\/f3b253e6-70dc-4b6a-9b64-d312475aa1a1-768x1075.jpg 768w, https:\/\/www.radiopiu.net\/wordpress\/wp-content\/uploads\/2023\/07\/f3b253e6-70dc-4b6a-9b64-d312475aa1a1-1097x1536.jpg 1097w, https:\/\/www.radiopiu.net\/wordpress\/wp-content\/uploads\/2023\/07\/f3b253e6-70dc-4b6a-9b64-d312475aa1a1.jpg 1463w\" sizes=\"auto, (max-width: 214px) 100vw, 214px\" \/><\/a>MADONA DE LA NEIF, AD AGOSTO A LA VALLE AGORDINA<\/h3>\n<\/blockquote>\n<p>MADONA DE LA NEIF! LA FESTA A LA VALLE AGORDINA DAL 4 AL 6 AGOSTO: TRE SERATE CON STAND GASTRONOMICO, APERITIVO E BALLO SERALE. MADONA DE LA NEIF SPORT: SABATO 5 EL GIRO DE LE BURELE, GARA PODISTICA A COPPIE 41 ESIMA EDIZIONE E DOMENICA INDESFIDA DE LE VILE, GIOCHI E SFIDE DELLA TRADIZIONE. MADONA DE LA NEIF! E&#8217; MOSTRA FOTOGRAFICA LA VAL DA INCORNISA&#8217; NELLE BURELE DI FADES, FINO<br \/>\nAL 31 AGOSTO. E&#8217; MOSTRA MERCATO, SABATO 5 EL MERCA&#8217; DE L&#8217;ISTA&#8217; E POI&#8230; LA VAL A CAVAL, BATTESIMO IN SELLA PER GRANDI E PICCINI, APERTURA DEL MUSEO ETNOGRAFICO E VENERDI 4 CONCERTO DEGLI RH NEGATIVO. TRE GIORNI DI BALLI DISCO&#8230;E DISCO TEK CON RDJ MADONA DE LA NEIF&#8230;ORIGINAL IN TEK VALLEY, CON LE ASSOCIAZIONI LAVALLESI. MADONNA DE LA NEIF&#8230;SOTTO IL CIELO LAVALLESE&#8230;PARDON SOTTO AL TENDONE CON LE ASSOCIAZIONI LAVALLESI<\/p>\n<p><strong>DI GIANNI SANTOMASO<\/strong><\/p>\n<audio class=\"wp-audio-shortcode\" id=\"audio-346822-7\" preload=\"none\" style=\"width: 100%;\" controls=\"controls\"><source type=\"audio\/mpeg\" src=\"https:\/\/www.radiopiu.net\/wordpress\/wp-content\/uploads\/2023\/07\/GIANNI-TORNA-LA-SAGRA-DE-LA-MADONA-DE-LA-NEIF-A-LA-VALLE.mp3?_=7\" \/><a href=\"https:\/\/www.radiopiu.net\/wordpress\/wp-content\/uploads\/2023\/07\/GIANNI-TORNA-LA-SAGRA-DE-LA-MADONA-DE-LA-NEIF-A-LA-VALLE.mp3\">https:\/\/www.radiopiu.net\/wordpress\/wp-content\/uploads\/2023\/07\/GIANNI-TORNA-LA-SAGRA-DE-LA-MADONA-DE-LA-NEIF-A-LA-VALLE.mp3<\/a><\/audio>\n<p>&nbsp;<\/p>\n<p>&nbsp;<\/p>\n<hr \/>\n<p>&nbsp;<\/p>\n<p>&nbsp;<\/p>\n<p><a class=\"dt-pswp-item\" href=\"https:\/\/www.radiopiu.net\/wordpress\/wp-content\/uploads\/2023\/07\/362238350_780080964121139_3528425822730363745_n.jpg\" data-dt-img-description=\"\" data-large_image_width=\"960\" data-large_image_height=\"540\"><img loading=\"lazy\" decoding=\"async\" class=\"alignnone wp-image-346272 size-full\" src=\"https:\/\/www.radiopiu.net\/wordpress\/wp-content\/uploads\/2023\/07\/362238350_780080964121139_3528425822730363745_n.jpg\" alt=\"\" width=\"960\" height=\"540\" srcset=\"https:\/\/www.radiopiu.net\/wordpress\/wp-content\/uploads\/2023\/07\/362238350_780080964121139_3528425822730363745_n.jpg 960w, https:\/\/www.radiopiu.net\/wordpress\/wp-content\/uploads\/2023\/07\/362238350_780080964121139_3528425822730363745_n-300x169.jpg 300w, https:\/\/www.radiopiu.net\/wordpress\/wp-content\/uploads\/2023\/07\/362238350_780080964121139_3528425822730363745_n-768x432.jpg 768w\" sizes=\"auto, (max-width: 960px) 100vw, 960px\" \/><\/a><\/p>\n<p><strong>ALLA RADIO <\/strong>15 AGOSTO&#8230; A MASARE&#8217; DI ALLEGHE SOTTO AL TENDONE IL FERRAGOSTO BIANCOROSSO edizione anniversario. ALLEGHE HOCKEY, 90 ANNI DOPO, CON LO STESSO ENTUSIASMO E LE STESSE EMOZIONI DI ALLORA. LA FESTA DI FERRAGOSTO DALLE 9.30 DEL MATTINO A NOTTE INOLTRATA.\u00a0 buon cibo con possibilit\u00e0 di asporto, giro del lago, giochi per grandi e piccini, magia ,Happy hour con frittura di calamari e alle 21:30 SUL PALCO IL NUOVO FRONTE DEL VASCO&#8230;.IL GRUPPO COVER DI VASCO ROSSI!!!!! IMPREDIBILE ALLEGHE HOCKEY: tutti insieme con e per le civette<\/p>\n<p><strong>Evento ecosostenibile e pet friendly<\/strong><\/p>\n<audio class=\"wp-audio-shortcode\" id=\"audio-346822-8\" preload=\"none\" style=\"width: 100%;\" controls=\"controls\"><source type=\"audio\/mpeg\" src=\"https:\/\/www.radiopiu.net\/wordpress\/wp-content\/uploads\/2023\/07\/alleghe-hockey-c.mp3?_=8\" \/><a href=\"https:\/\/www.radiopiu.net\/wordpress\/wp-content\/uploads\/2023\/07\/alleghe-hockey-c.mp3\">https:\/\/www.radiopiu.net\/wordpress\/wp-content\/uploads\/2023\/07\/alleghe-hockey-c.mp3<\/a><\/audio>\n<p>&nbsp;<\/p>\n<hr \/>\n<p>&nbsp;<\/p>\n<blockquote>\n<h3>DOLOMITI WINE &amp; BEER SHOP, LO SPECIALE<\/h3>\n<\/blockquote>\n<div class=\"message spoilers-container\" dir=\"auto\">\n<div class=\"column\">\n<div class=\"message spoilers-container\" dir=\"auto\">\n<div class=\"column\">\n<p><a href=\"https:\/\/www.radiopiu.net\/wordpress\/dolomiti-beerwine-shop-da-napi-il-nuovo-negozio-di-taibon\/dolomiti-beer\/\" rel=\"attachment wp-att-139660\"><img loading=\"lazy\" decoding=\"async\" class=\"size-medium wp-image-139660 alignleft\" src=\"https:\/\/www.radiopiu.net\/wordpress\/wp-content\/uploads\/2020\/05\/DOLOMITI-BEER-300x166.png\" alt=\"\" width=\"300\" height=\"166\" srcset=\"https:\/\/www.radiopiu.net\/wordpress\/wp-content\/uploads\/2020\/05\/DOLOMITI-BEER-300x166.png 300w, https:\/\/www.radiopiu.net\/wordpress\/wp-content\/uploads\/2020\/05\/DOLOMITI-BEER-768x426.png 768w, https:\/\/www.radiopiu.net\/wordpress\/wp-content\/uploads\/2020\/05\/DOLOMITI-BEER.png 812w\" sizes=\"auto, (max-width: 300px) 100vw, 300px\" \/><\/a> Gianluca Rossi di Dolomiti Ber &amp; Wine Shop<\/p>\n<p>&nbsp;<\/p>\n<p>&nbsp;<\/p>\n<p>&nbsp;<\/p>\n<p>&nbsp;<\/p>\n<audio class=\"wp-audio-shortcode\" id=\"audio-346822-9\" preload=\"none\" style=\"width: 100%;\" controls=\"controls\"><source type=\"audio\/mpeg\" src=\"https:\/\/www.radiopiu.net\/wordpress\/wp-content\/uploads\/2023\/08\/GIANCNQUE.mp3?_=9\" \/><a href=\"https:\/\/www.radiopiu.net\/wordpress\/wp-content\/uploads\/2023\/08\/GIANCNQUE.mp3\">https:\/\/www.radiopiu.net\/wordpress\/wp-content\/uploads\/2023\/08\/GIANCNQUE.mp3<\/a><\/audio>\n<p>&nbsp;<\/p>\n<p>&nbsp;<\/p>\n<hr \/>\n<p>&nbsp;<\/p>\n<p><img loading=\"lazy\" decoding=\"async\" class=\"aligncenter wp-image-61954 size-full\" src=\"https:\/\/www.radiopiu.net\/wordpress\/wp-content\/uploads\/2018\/09\/viabilita.jpeg\" sizes=\"auto, (max-width: 800px) 100vw, 800px\" srcset=\"https:\/\/www.radiopiu.net\/wordpress\/wp-content\/uploads\/2018\/09\/viabilita.jpeg 800w, https:\/\/www.radiopiu.net\/wordpress\/wp-content\/uploads\/2018\/09\/viabilita-300x38.jpeg 300w, https:\/\/www.radiopiu.net\/wordpress\/wp-content\/uploads\/2018\/09\/viabilita-768x96.jpeg 768w\" alt=\"\" width=\"800\" height=\"100\" \/><\/p>\n<\/div>\n<\/div>\n<div class=\"message spoilers-container\" dir=\"auto\">\n<div class=\"column\">\n<p>&nbsp;<\/p>\n<\/div>\n<\/div>\n<\/div>\n<\/div>\n<blockquote class=\"wp-embedded-content\" data-secret=\"UefG4sxq8W\"><p><a href=\"https:\/\/www.radiopiu.net\/wordpress\/viabilita\/\">viabilita<\/a><\/p><\/blockquote>\n<p><iframe loading=\"lazy\" class=\"wp-embedded-content\" sandbox=\"allow-scripts\" security=\"restricted\" style=\"position: absolute; clip: rect(1px, 1px, 1px, 1px);\" title=\"&#8220;viabilita&#8221; &#8212; Radio Pi\u00f9\" src=\"https:\/\/www.radiopiu.net\/wordpress\/viabilita\/embed\/#?secret=S8F1L1Sb0z#?secret=UefG4sxq8W\" data-secret=\"UefG4sxq8W\" width=\"600\" height=\"338\" frameborder=\"0\" marginwidth=\"0\" marginheight=\"0\" scrolling=\"no\"><\/iframe><\/p>\n<div class=\"message spoilers-container\" dir=\"auto\">\n<div class=\"column\">\n<div class=\"message spoilers-container\" dir=\"auto\">\n<div class=\"column\">\n<div>\n<div dir=\"ltr\">\n<div class=\"gmail_quote\">\n<div dir=\"ltr\">\n<div><\/div>\n<div><\/div>\n<div><\/div>\n<\/div>\n<\/div>\n<\/div>\n<\/div>\n<hr \/>\n<p>&nbsp;<\/p>\n<p><a class=\"dt-pswp-item\" href=\"https:\/\/www.radiopiu.net\/wordpress\/wp-content\/uploads\/2018\/09\/WhatsApp-Image-2018-09-20-at-16.04.06.jpeg\" data-dt-img-description=\"\" data-large_image_width=\"800\" data-large_image_height=\"100\"><img loading=\"lazy\" decoding=\"async\" class=\"wp-image-61378 size-full aligncenter\" src=\"https:\/\/www.radiopiu.net\/wordpress\/wp-content\/uploads\/2018\/09\/WhatsApp-Image-2018-09-20-at-16.04.06.jpeg\" alt=\"\" width=\"800\" height=\"100\" srcset=\"https:\/\/www.radiopiu.net\/wordpress\/wp-content\/uploads\/2018\/09\/WhatsApp-Image-2018-09-20-at-16.04.06.jpeg 800w, https:\/\/www.radiopiu.net\/wordpress\/wp-content\/uploads\/2018\/09\/WhatsApp-Image-2018-09-20-at-16.04.06-300x38.jpeg 300w, https:\/\/www.radiopiu.net\/wordpress\/wp-content\/uploads\/2018\/09\/WhatsApp-Image-2018-09-20-at-16.04.06-768x96.jpeg 768w\" sizes=\"auto, (max-width: 800px) 100vw, 800px\" \/><\/a><\/p>\n<\/div>\n<\/div>\n<div class=\"message spoilers-container\" dir=\"auto\">\n<p>&nbsp;<\/p>\n<p><center><\/center><center><b>OGGI<\/b><\/center><b>Tempo atteso: <\/b>In prevalenza soleggiato con riduzione del soleggiamento per qualche velatura del cielo al mattino. Maggiore nuvolosit\u00e0 al pomeriggio per modesti cumuli e sopratutto per la formazione di stratocumuli, localmente estesi. Ad oggi sembra che non vi sia insidia convettiva.<br \/>\n<b>Precipitazioni: <\/b>Assenti (0%).<br \/>\n<b>Temperature: <\/b>Minime in calo sotto i 1800-2000 m e stazionarie sopra tale quota; massime in generale lieve aumento con valori piuttosto elevati, specie nei fondovalle in caso di buon soleggiamento iniziale.<\/p>\n<hr \/>\n<p><center><b>DOMANI<\/b><\/center>Schiarite e annuvolamenti irregolari, a tratti intensi, gi\u00e0 tra la notte e la mattinata, ma con contenuta o addirittura bassa insidia di fenomeni. Al pomeriggio alternanza di tratti soleggiati e di addensamenti, via via pi\u00f9 intensi ed associati a qualche fenomeno, ma le forti e continue correnti sud-occidentali tenderanno a inibire in parte l&#8217;instabilit\u00e0 limitandola a qualche sporadica cella pluvio-temporalesca.<br \/>\n<b>Precipitazioni: <\/b>Probabilit\u00e0 piuttosto bassa di rovesci entro le ore centrali, poi leggero aumento della stessa fino a medio-bassa verso sera per piogge intermittenti a carattere di rovescio o eventuale temporale. Per ora gli apporti pluviometrici non sono ancora ben definiti, pertanto non vengono numericamente forniti.<br \/>\n<b>Temperature: <\/b>Minime notturne in aumento, ma quelle assolute saranno in lieve calo ed osservate alle sera. Massime in aumento in quota e stazionarie nelle valli.<\/p>\n<hr \/>\n<p><center><b>VENERDI<\/b><\/center>Tempo perlopi\u00f9 instabile, a tratti perturbato, con cielo da nuvoloso a molto nuvoloso e limitate schiarite. I fenomeni saranno molto disomogenei con importanti variazioni spaziali. Anche la tempistica potr\u00e0 variare, pur considerando che i fenomeni si verificheranno in modo intermittenti in tutto l&#8217;arco delle 24 ore. Netto calo termico con minime alla sera e comparsa della neve sulle cime dolomitiche pi\u00f9 alte.<\/p>\n<hr \/>\n<p><center><b>SABATO<\/b><\/center>Residua instabilit\u00e0 nottetempo con rovesci su parte delle Prealpi e sulle Dolomiti. In giornata sole e annuvolamenti irregolari in arrivo da nord, pi\u00f9 insistenti sulle Dolomiti centro-settentrionali, dove qualche burrasca di neve potr\u00e0 interessare le cime pi\u00f9 alte. Aria sempre pi\u00f9 tersa, anche fredda in alta quota in relazione al generale calo termico.<\/p>\n<p>&nbsp;<\/p>\n<\/div>\n<div class=\"message spoilers-container\" dir=\"auto\">\n<hr \/>\n<p>&nbsp;<\/p>\n<p><img loading=\"lazy\" decoding=\"async\" class=\"wp-image-60761 size-full aligncenter\" src=\"https:\/\/www.radiopiu.net\/wordpress\/wp-content\/uploads\/2018\/09\/sport.jpg\" alt=\"\" width=\"800\" height=\"100\" srcset=\"https:\/\/www.radiopiu.net\/wordpress\/wp-content\/uploads\/2018\/09\/sport.jpg 800w, https:\/\/www.radiopiu.net\/wordpress\/wp-content\/uploads\/2018\/09\/sport-300x38.jpg 300w, https:\/\/www.radiopiu.net\/wordpress\/wp-content\/uploads\/2018\/09\/sport-768x96.jpg 768w\" sizes=\"auto, (max-width: 800px) 100vw, 800px\" \/><\/p>\n<p>&nbsp;<\/p>\n<p><strong>IL GRUPPO SPORTIVO DI TAIBON E &#8230; RADIO PIU&#8217;<\/strong><\/p>\n<p><strong>GRAZIE!!!!!!!\u00a0 <\/strong><\/p>\n<p><strong>E CHE LA COLLABORAZIONE CONTINUI&#8230;mirko<\/strong><\/p>\n<p>https:\/\/www.facebook.com\/marco.baghy.1\/videos\/999250527784997<\/p>\n<p>&nbsp;<\/p>\n<p>&nbsp;<\/p>\n<\/div>\n\n\t\t\t<style type='text\/css'>\n\t\t\t\t#gallery-2 {\n\t\t\t\t\tmargin: auto;\n\t\t\t\t}\n\t\t\t\t#gallery-2 .gallery-item {\n\t\t\t\t\tfloat: left;\n\t\t\t\t\tmargin-top: 10px;\n\t\t\t\t\ttext-align: center;\n\t\t\t\t\twidth: 50%;\n\t\t\t\t}\n\t\t\t\t#gallery-2 img {\n\t\t\t\t\tborder: 2px solid #cfcfcf;\n\t\t\t\t}\n\t\t\t\t#gallery-2 .gallery-caption {\n\t\t\t\t\tmargin-left: 0;\n\t\t\t\t}\n\t\t\t\t\/* see gallery_shortcode() in wp-includes\/media.php *\/\n\t\t\t<\/style>\n\t\t<div id='gallery-2' class='dt-gallery-container gallery galleryid-346822 gallery-columns-2 gallery-size-medium'><dl class='gallery-item'>\n\t\t\t\t<dt class='gallery-icon portrait'>\n\t\t\t\t\t<a class=\"rollover rollover-zoom dt-pswp-item\" title=\"cb3e84c7-6b7b-4086-b96b-e2b820cc0e41\" data-dt-img-description=\"\" data-large_image_width=\"1132\" data-large_image_height=\"1600\"href='https:\/\/www.radiopiu.net\/wordpress\/wp-content\/uploads\/2023\/07\/cb3e84c7-6b7b-4086-b96b-e2b820cc0e41.jpg'><img loading=\"lazy\" decoding=\"async\" width=\"212\" height=\"300\" src=\"https:\/\/www.radiopiu.net\/wordpress\/wp-content\/uploads\/2023\/07\/cb3e84c7-6b7b-4086-b96b-e2b820cc0e41-212x300.jpg\" class=\"attachment-medium size-medium\" alt=\"\" aria-describedby=\"gallery-2-345600\" srcset=\"https:\/\/www.radiopiu.net\/wordpress\/wp-content\/uploads\/2023\/07\/cb3e84c7-6b7b-4086-b96b-e2b820cc0e41-212x300.jpg 212w, https:\/\/www.radiopiu.net\/wordpress\/wp-content\/uploads\/2023\/07\/cb3e84c7-6b7b-4086-b96b-e2b820cc0e41-724x1024.jpg 724w, https:\/\/www.radiopiu.net\/wordpress\/wp-content\/uploads\/2023\/07\/cb3e84c7-6b7b-4086-b96b-e2b820cc0e41-768x1086.jpg 768w, https:\/\/www.radiopiu.net\/wordpress\/wp-content\/uploads\/2023\/07\/cb3e84c7-6b7b-4086-b96b-e2b820cc0e41-1087x1536.jpg 1087w, https:\/\/www.radiopiu.net\/wordpress\/wp-content\/uploads\/2023\/07\/cb3e84c7-6b7b-4086-b96b-e2b820cc0e41.jpg 1132w\" sizes=\"auto, (max-width: 212px) 100vw, 212px\" \/><\/a>\n\t\t\t\t<\/dt>\n\t\t\t\t\t<dd class='wp-caption-text gallery-caption' id='gallery-2-345600'>\n\t\t\t\t\tVOLTAGO\n\t\t\t\t\t<\/dd><\/dl><dl class='gallery-item'>\n\t\t\t\t<dt class='gallery-icon portrait'>\n\t\t\t\t\t<a class=\"rollover rollover-zoom dt-pswp-item\" title=\"d5f98bf7-9da7-4dbe-906c-c01079ace3e8\" data-dt-img-description=\"\" data-large_image_width=\"1131\" data-large_image_height=\"1600\"href='https:\/\/www.radiopiu.net\/wordpress\/wp-content\/uploads\/2023\/07\/d5f98bf7-9da7-4dbe-906c-c01079ace3e8.jpg'><img loading=\"lazy\" decoding=\"async\" width=\"212\" height=\"300\" src=\"https:\/\/www.radiopiu.net\/wordpress\/wp-content\/uploads\/2023\/07\/d5f98bf7-9da7-4dbe-906c-c01079ace3e8-212x300.jpg\" class=\"attachment-medium size-medium\" alt=\"\" srcset=\"https:\/\/www.radiopiu.net\/wordpress\/wp-content\/uploads\/2023\/07\/d5f98bf7-9da7-4dbe-906c-c01079ace3e8-212x300.jpg 212w, https:\/\/www.radiopiu.net\/wordpress\/wp-content\/uploads\/2023\/07\/d5f98bf7-9da7-4dbe-906c-c01079ace3e8-724x1024.jpg 724w, https:\/\/www.radiopiu.net\/wordpress\/wp-content\/uploads\/2023\/07\/d5f98bf7-9da7-4dbe-906c-c01079ace3e8-768x1086.jpg 768w, https:\/\/www.radiopiu.net\/wordpress\/wp-content\/uploads\/2023\/07\/d5f98bf7-9da7-4dbe-906c-c01079ace3e8-1086x1536.jpg 1086w, https:\/\/www.radiopiu.net\/wordpress\/wp-content\/uploads\/2023\/07\/d5f98bf7-9da7-4dbe-906c-c01079ace3e8.jpg 1131w\" sizes=\"auto, (max-width: 212px) 100vw, 212px\" \/><\/a>\n\t\t\t\t<\/dt><\/dl><br style=\"clear: both\" \/>\n\t\t\t<\/div>\n\n<p>&nbsp;<\/p>\n<p><span style=\"color: #0000ff;\"><strong>HOCKEY SU GHIACCIO<\/strong><\/span><\/p>\n<blockquote>\n<h3>THOMAS DE SILVESTRO CONFERMATO NEL NUOVO ROSTER DELL&#8217;ALLEGHE HOCKEY<\/h3>\n<\/blockquote>\n<p><strong><a class=\"dt-pswp-item\" href=\"https:\/\/www.radiopiu.net\/wordpress\/wp-content\/uploads\/2023\/08\/thomas-de-silvestro.jpg\" data-dt-img-description=\"\" data-large_image_width=\"1024\" data-large_image_height=\"681\"><img loading=\"lazy\" decoding=\"async\" class=\" wp-image-346901 alignleft\" src=\"https:\/\/www.radiopiu.net\/wordpress\/wp-content\/uploads\/2023\/08\/thomas-de-silvestro-300x200.jpg\" alt=\"\" width=\"185\" height=\"123\" srcset=\"https:\/\/www.radiopiu.net\/wordpress\/wp-content\/uploads\/2023\/08\/thomas-de-silvestro-300x200.jpg 300w, https:\/\/www.radiopiu.net\/wordpress\/wp-content\/uploads\/2023\/08\/thomas-de-silvestro-768x511.jpg 768w, https:\/\/www.radiopiu.net\/wordpress\/wp-content\/uploads\/2023\/08\/thomas-de-silvestro.jpg 1024w\" sizes=\"auto, (max-width: 185px) 100vw, 185px\" \/><\/a>di Roberto Miana, portavoce dell&#8217;Alleghe Hockey<\/strong><\/p>\n<p>Continuano le conferme in riva al lago di Alleghe. La Societ\u00e0 ufficializza la conferma di Thomas De Silvestro nel nuovo roster delle Civette. Thomas, attaccante classe 2002 di Alleghe, \u00e8 anche lui un prodotto del vivaio biancorosso. In prima squadra dalla stagione 2018\/2019 conta 111 presenze. Cos\u00ec Thomas: \u201cAlla fine della scorsa stagione eravamo un po\u2019 tutti poco convinti di giocare quest\u2019anno. La paura era di ripetere il campionato dell\u2019anno scorso, sia come risultati che dal punto di vista del morale nello spogliatoio. Poi le rassicurazioni dei nostri dirigenti e il fatto che la societ\u00e0 si sia impegnata al massimo per costruire una squadra competitiva sono stati uno stimolo per tutti per iniziare questa nuova stagione. Dovremo prepararci bene fisicamente, perch\u00e9 come sappiamo il campionato dura sette\/otto mesi e questo pu\u00f2 aiutare a ridurre gli infortuni. Da qualche anno a questa parte siamo diventati una squadra molto giovane e l\u2019entusiasmo ci aiuter\u00e0 sicuramente. Poi, con un bel gruppo nello spogliatoio si potranno ottenere ottimi risultati\u201d<\/p>\n<p>(foto: Annalisa Dal Mas)<\/p>\n<p>&nbsp;<\/p>\n<p><span style=\"color: #0000ff;\"><strong>MOTORI<\/strong><\/span><\/p>\n<blockquote>\n<h3>PRESENTATA LA 49ESIMA ALPE DEL NEVEGAL. OLTRE 250 ISCRITTI<\/h3>\n<\/blockquote>\n<p><strong><a class=\"dt-pswp-item\" href=\"https:\/\/www.radiopiu.net\/wordpress\/wp-content\/uploads\/2023\/08\/40aa6676-58ce-4993-9527-782ff5f5dbc1.jpg\" data-dt-img-description=\"\" data-large_image_width=\"1024\" data-large_image_height=\"768\"><img loading=\"lazy\" decoding=\"async\" class=\" wp-image-346913 alignleft\" src=\"https:\/\/www.radiopiu.net\/wordpress\/wp-content\/uploads\/2023\/08\/40aa6676-58ce-4993-9527-782ff5f5dbc1-300x225.jpg\" alt=\"\" width=\"167\" height=\"125\" srcset=\"https:\/\/www.radiopiu.net\/wordpress\/wp-content\/uploads\/2023\/08\/40aa6676-58ce-4993-9527-782ff5f5dbc1-300x225.jpg 300w, https:\/\/www.radiopiu.net\/wordpress\/wp-content\/uploads\/2023\/08\/40aa6676-58ce-4993-9527-782ff5f5dbc1-768x576.jpg 768w, https:\/\/www.radiopiu.net\/wordpress\/wp-content\/uploads\/2023\/08\/40aa6676-58ce-4993-9527-782ff5f5dbc1.jpg 1024w\" sizes=\"auto, (max-width: 167px) 100vw, 167px\" \/><\/a>BELLUNO<\/strong> La 49esima edizione della cronoscalata dell&#8217;Alpe del Nevegal rischia di battere il record di iscrizioni del 2022; gi\u00e0 oltre 250 gli iscritti per la gara in programma tra sabato e domenica.<\/p>\n<p><strong>di Daniele Dalvit<\/strong><\/p>\n<audio class=\"wp-audio-shortcode\" id=\"audio-346822-10\" preload=\"none\" style=\"width: 100%;\" controls=\"controls\"><source type=\"audio\/mpeg\" src=\"https:\/\/www.radiopiu.net\/wordpress\/wp-content\/uploads\/2023\/08\/DALVIT-Presentazione-49esima-Alpe-del-Nevegal.mp3?_=10\" \/><a href=\"https:\/\/www.radiopiu.net\/wordpress\/wp-content\/uploads\/2023\/08\/DALVIT-Presentazione-49esima-Alpe-del-Nevegal.mp3\">https:\/\/www.radiopiu.net\/wordpress\/wp-content\/uploads\/2023\/08\/DALVIT-Presentazione-49esima-Alpe-del-Nevegal.mp3<\/a><\/audio>\n<p>&nbsp;<\/p>\n<p><span style=\"color: #0000ff;\"><strong>PODISMO<\/strong><\/span><\/p>\n<blockquote>\n<h3>DOMENICA LA SGAMBADA ZOLDANA<\/h3>\n<\/blockquote>\n<p><a class=\"dt-pswp-item\" href=\"https:\/\/www.radiopiu.net\/wordpress\/wp-content\/uploads\/2023\/08\/sganbada-zoldana-2022.jpg\" data-dt-img-description=\"\" data-large_image_width=\"1500\" data-large_image_height=\"844\"><img loading=\"lazy\" decoding=\"async\" class=\" wp-image-346908 alignleft\" src=\"https:\/\/www.radiopiu.net\/wordpress\/wp-content\/uploads\/2023\/08\/sganbada-zoldana-2022-300x169.jpg\" alt=\"\" width=\"224\" height=\"126\" srcset=\"https:\/\/www.radiopiu.net\/wordpress\/wp-content\/uploads\/2023\/08\/sganbada-zoldana-2022-300x169.jpg 300w, https:\/\/www.radiopiu.net\/wordpress\/wp-content\/uploads\/2023\/08\/sganbada-zoldana-2022-1024x576.jpg 1024w, https:\/\/www.radiopiu.net\/wordpress\/wp-content\/uploads\/2023\/08\/sganbada-zoldana-2022-768x432.jpg 768w, https:\/\/www.radiopiu.net\/wordpress\/wp-content\/uploads\/2023\/08\/sganbada-zoldana-2022.jpg 1500w\" sizes=\"auto, (max-width: 224px) 100vw, 224px\" \/><\/a>Domenica 6 agosto ritorna uno degli appuntamenti di maggior tradizione del podismo bellunese e non solo. Si tratta della Sganbada Zoldana, manifestazione proposta dall\u2019Atletica Zoldo. Sar\u00e0 un\u2019edizione di particolare importanza perch\u00e9 la Sganbada quest\u2019anno festegger\u00e0 i 50 anni di vita. Per il traguardo del mezzo secolo l\u2019evento proporr\u00e0, oltre ai percorsi che hanno caratterizzato le ultime annate (9 chilometri \u201cLa Classica\u201d, 4 chilometri \u201cLa Corta) e 800 metri \u201cLa Baby) anche il tracciato delle origini (denominato \u201cStorico\u201d) che si sviluppa per 18 chilometri. L\u2019appuntamento \u00e8 a Pralongo. La prima partenza (la gara sui 18 chilometri) verr\u00e0 data alle 9.30, a seguire le altre. Le iscrizioni si ricevono sul sito <a href=\"http:\/\/www.sportdolomiti.it\">www.sportdolomiti.it<\/a> oppure in zona partenza la mattina della gara.<\/p>\n<\/div>\n<\/div>\n","protected":false},"excerpt":{"rendered":"<p>40esimo di RADIOPIU\u2026. LA VOCE DELL\u2019EMOZIONE ISCRIVITI AL NOSTRO CANALE\u00a0\u00a0YOUTUBE PER SEGUIRE IN DIRETTA I PRINCIPALI PROGRAMMI DI RADIO PIU\u2019 E LE FUTURE DIRETTE IN ESTERNA. PER ISCRIVERTI\u00a0CLICCA QUI\u00a0E PREMI\u00a0 \u201cIscriviti\u201d &nbsp; &nbsp; AGORDO, LA SEGNALAZIONE SULLA PAGINA FACEBOOK SEI DI AGORDO SE&#8230; Che non sia il caso di svuotarlo? Anzi svuotarli&#8230; pi\u00f9 di uno.&hellip;<\/p>\n","protected":false},"author":4,"featured_media":346897,"comment_status":"closed","ping_status":"closed","sticky":false,"template":"","format":"standard","meta":{"_monsterinsights_skip_tracking":false,"_monsterinsights_sitenote_active":false,"_monsterinsights_sitenote_note":"","_monsterinsights_sitenote_category":0,"footnotes":""},"categories":[51,86,49],"tags":[],"class_list":["post-346822","post","type-post","status-publish","format-standard","has-post-thumbnail","hentry","category-evidenza-top","category-gr","category-news-18","category-51","category-86","category-49","description-off"],"img_url":"https:\/\/www.radiopiu.net\/wordpress\/wp-content\/uploads\/2023\/08\/PARTECIPAZIONE-LE-VILLE.jpg","_links":{"self":[{"href":"https:\/\/www.radiopiu.net\/wordpress\/wp-json\/wp\/v2\/posts\/346822","targetHints":{"allow":["GET"]}}],"collection":[{"href":"https:\/\/www.radiopiu.net\/wordpress\/wp-json\/wp\/v2\/posts"}],"about":[{"href":"https:\/\/www.radiopiu.net\/wordpress\/wp-json\/wp\/v2\/types\/post"}],"author":[{"embeddable":true,"href":"https:\/\/www.radiopiu.net\/wordpress\/wp-json\/wp\/v2\/users\/4"}],"replies":[{"embeddable":true,"href":"https:\/\/www.radiopiu.net\/wordpress\/wp-json\/wp\/v2\/comments?post=346822"}],"version-history":[{"count":0,"href":"https:\/\/www.radiopiu.net\/wordpress\/wp-json\/wp\/v2\/posts\/346822\/revisions"}],"wp:featuredmedia":[{"embeddable":true,"href":"https:\/\/www.radiopiu.net\/wordpress\/wp-json\/wp\/v2\/media\/346897"}],"wp:attachment":[{"href":"https:\/\/www.radiopiu.net\/wordpress\/wp-json\/wp\/v2\/media?parent=346822"}],"wp:term":[{"taxonomy":"category","embeddable":true,"href":"https:\/\/www.radiopiu.net\/wordpress\/wp-json\/wp\/v2\/categories?post=346822"},{"taxonomy":"post_tag","embeddable":true,"href":"https:\/\/www.radiopiu.net\/wordpress\/wp-json\/wp\/v2\/tags?post=346822"}],"curies":[{"name":"wp","href":"https:\/\/api.w.org\/{rel}","templated":true}]}}