{"id":346846,"date":"2023-08-01T07:55:04","date_gmt":"2023-08-01T05:55:04","guid":{"rendered":"https:\/\/www.radiopiu.net\/wordpress\/?p=346846"},"modified":"2023-08-01T08:56:42","modified_gmt":"2023-08-01T06:56:42","slug":"dal-1983-la-rassegna-stampa-locale-quella-originale-solo-su-radiopiu-alle-otto-del-mattino","status":"publish","type":"post","link":"https:\/\/www.radiopiu.net\/wordpress\/dal-1983-la-rassegna-stampa-locale-quella-originale-solo-su-radiopiu-alle-otto-del-mattino\/","title":{"rendered":"DAL 1983 LA RASSEGNA STAMPA LOCALE, QUELLA ORIGINALE: SOLO SU RADIOPIU ALLE OTTO DEL MATTINO"},"content":{"rendered":"<p><iframe loading=\"lazy\" title=\"RASSEGNA STAMPA LOCALE\" width=\"1200\" height=\"675\" src=\"https:\/\/www.youtube.com\/embed\/OWu-FzOMh4k?feature=oembed\" frameborder=\"0\" allow=\"accelerometer; autoplay; clipboard-write; encrypted-media; gyroscope; picture-in-picture; web-share\" allowfullscreen><\/iframe><\/p>\n<p>&nbsp;<\/p>\n<p>LA VALLE\u00a0 Si terranno domani alle 14.30 nella chiesa parrocchiale di La Valle Agordina, i funerali di Dario Lena, 57 anni, improvvisamente mancato all&#8217;affetto dei suoi cari. Il rosario verr\u00e0 celebrato oggi alle 20 nella chiesa di La Valle Agordina.<br \/>\nCORTINA \u00c8 stato recuperato ieri mattina il corpo senza vita di un alpinista, precipitato domenica pomeriggio dalla Tofana di Rozes che stava scalando in free solo. Per lo scalatore, Diego Zanesco, guida alpina originaria di Villabassa\u00a0 era consueto arrampicarsi da solo senza protezioni, era diretto sulla Rozes, probabilmente su uno degli spigoli.<br \/>\nSEGUSINO Un 48enne del Bellunese \u00e8 stato ricoverato in gravi condizioni all&#8217;ospedale di Treviso per un malore che ha accusato mentre stava raggiungendo la sua auto, nel parcheggio di Cimolato, di viale Italia.\u00a0\u00a0Il 48enne era appena uscito dal negozio, dove aveva fatto qualche acquisto quando, all&#8217;improvviso, s&#8217;\u00e8 sentito male ed \u00e8 caduto a terra, probabilmente colto da un infarto.<br \/>\nVODO DI CADORE\u00a0 Individuata un&#8217;officina meccanica abusiva che operava senza alcuna registrazione presso la Camera di Commercio. Grazie a controlli specifici eseguiti dalla Sezione di Polizia Stradale di Belluno<br \/>\nBELLUNO\u00a0 Resta in carcere il 60enne di Valle che gioved\u00ec scorso ha seminato il panico lungo la via centrale del paese, brandendo machete e accetta e minacciando automobilisti e passanti. Il giudice per le indagini preliminari Elisabetta Scolozzi ha convalidato l&#8217;arresto<br \/>\nFELTRE Un giovane orso maschio \u00e8 stato avvistato nei boschi sopra Lasen. L&#8217;animale \u00e8 stato scoperto grazie a una fototrappola installata dai cacciatori della riserva di Feltre, che inizialmente volevano monitorare i cinghiali presenti nella zona<br \/>\nBORCA DI CADORE Il consiglio provinciale ribadisce la sua posizione: s\u00ec al villaggio olimpico nell&#8217;ex villaggio ENI di Borca di Cadore. Voto unanime nella seduta che per l&#8217;occasione si \u00e8 tenuta proprio a Borca.<br \/>\nPISTA DA BOB A CORTINA, APPALTO DESERTO Non \u00e8 dato sapere il motivo per cui la cordata di imprese del territorio si \u00e8 ritirata dalla corsa.<br \/>\nAGORDO Al termine del consiglio comunale di Agordo il Vicesindaco Giulio Favretti ha voluto specificare ai microfoni di Radio Pi\u00f9 che sono previsti 26 mila euro per rendere pi\u00f9 sicuro il tratto di strada in localit\u00e0 Crostolin. Sulla SP 347 verranno costruiti dei marciapiedi per consentire ai pedoni di camminare in sicurezza a bordo strada.<br \/>\nRISPETTO PER IL TERRITORIO LA RICHIESTA DURANTE L&#8217;ADUNANZA DEL CAI A CANALE<br \/>\nNEL RICORDO DI DON STEFANO GORZEGNO A FRASSENE&#8217; DI VOLTAGO, QUANDO GIUSEPPE SCHENA &#8211; OGGI SINDACO &#8211; ERA UN BAMBINO<br \/>\nREDAZIONE Sabato\u00a0 Frassen\u00e8\u00a0 di Voltago ha visto il glorioso Coro Agordo fondato da Salvatore Santomaso, tornare sulle scene del canto corale, dopo un periodo di pausa e un cambio di bacchetta.<br \/>\nDOMANI INIZIANO I LAVORI DI BIM GSP A CASTION<br \/>\nAUSER AGORDO INFORMA Si sono liberati 2 posti per la gita all&#8217;Arena di Verona di venerd\u00ec 4 agosto per l&#8217;opera &#8220;Rigoletto&#8221;. Chi fosse interessato pu\u00f2 rivolgersi all&#8217; Auser di Agordo.<br \/>\nFALCADE MISS ITALIA Gioia Sartor diciotto anni di Montebelluna studentessa al quarto anno Liceo Scientifico Sportivo che ha praticato nuoto a livello agonistico, si \u00e8 aggiudicata il primo titolo in palio conquistando cos\u00ec l\u2019ammissione alle prefinali nazionali di \u201cMiss Italia\u201d.<br \/>\nMARIA ANTONIETTA TOGNETTI, PERCHE&#8217; NON ANDO&#8217; ALL&#8217;EVENTO &#8220;PER NON DIVENTARE MISS ITALIA&#8221;<br \/>\nDAGLI ARCHIVI E DAI RICORDI DI PIERANTONIO ZANCHETTA, storia di&#8230;famiglia e auguri in anticipo a Maria Antonietta, il 5 agosto 95enne.<br \/>\nVALLADA Gioved\u00ec alle 21 alla Biblioteca di Vallada l&#8217;incontro con Chicco Cattadori. &#8220;4 Passi nella storia della Valle del Biois&#8221; il titolo della serata.<br \/>\nSABATO SUL BROI DANZA ESTATE CON L&#8217;ADA<br \/>\nAGORDO ALICE NEL PAESE DELLE MERAVIGLIE, SPETTACOLO COREOGRAFICO LIBERAMENTE TRATTO DAL TESTO DI LEWIS CARROL., E&#8217; IL TEMA DELL&#8217;EVENTO DELL&#8217;ADA.<br \/>\nCENCENIGHE Alla Birreria Stella di Cencenighe un sabato di grande musica con i ReUnion e Overflown. Inizio alle 18. Venerdi sera dalle 21 disco music con dj Luca<br \/>\nSELVA DI CADORE Venerd\u00ec 11 agosto alla Malga Pian de Vacia di Selva di Cadore \u00e8 in programma l&#8217;aperimalga. Alle 18 un convegno sulla sostenibilit\u00e0 ambientale, alle 19 degustazione di vino<br \/>\nHOCKEY MARCO SCAPINELLO E\u2019 IL NUOVO ALLENATORE DELL\u2019ALLEGHE HOCKEY<br \/>\nMOTORI TUTTO ESAURITO PER L&#8217;ALPE DEL NEVEGAL<\/p>\n<p>&nbsp;<\/p>\n<p>&nbsp;<\/p>\n<p>&nbsp;<\/p>\n<p>&nbsp;<\/p>\n","protected":false},"excerpt":{"rendered":"<p>&nbsp; LA VALLE\u00a0 Si terranno domani alle 14.30 nella chiesa parrocchiale di La Valle Agordina, i funerali di Dario Lena, 57 anni, improvvisamente mancato all&#8217;affetto dei suoi cari. Il rosario verr\u00e0 celebrato oggi alle 20 nella chiesa di La Valle Agordina. CORTINA \u00c8 stato recuperato ieri mattina il corpo senza vita di un alpinista, precipitato&hellip;<\/p>\n","protected":false},"author":4,"featured_media":346847,"comment_status":"closed","ping_status":"closed","sticky":false,"template":"","format":"standard","meta":{"_monsterinsights_skip_tracking":false,"_monsterinsights_sitenote_active":false,"_monsterinsights_sitenote_note":"","_monsterinsights_sitenote_category":0,"footnotes":""},"categories":[104,49,142],"tags":[],"class_list":["post-346846","post","type-post","status-publish","format-standard","has-post-thumbnail","hentry","category-evidenza_3","category-news-18","category-rassegna-stampa","category-104","category-49","category-142","description-off"],"img_url":"https:\/\/www.radiopiu.net\/wordpress\/wp-content\/uploads\/2023\/08\/COPER.png","_links":{"self":[{"href":"https:\/\/www.radiopiu.net\/wordpress\/wp-json\/wp\/v2\/posts\/346846","targetHints":{"allow":["GET"]}}],"collection":[{"href":"https:\/\/www.radiopiu.net\/wordpress\/wp-json\/wp\/v2\/posts"}],"about":[{"href":"https:\/\/www.radiopiu.net\/wordpress\/wp-json\/wp\/v2\/types\/post"}],"author":[{"embeddable":true,"href":"https:\/\/www.radiopiu.net\/wordpress\/wp-json\/wp\/v2\/users\/4"}],"replies":[{"embeddable":true,"href":"https:\/\/www.radiopiu.net\/wordpress\/wp-json\/wp\/v2\/comments?post=346846"}],"version-history":[{"count":0,"href":"https:\/\/www.radiopiu.net\/wordpress\/wp-json\/wp\/v2\/posts\/346846\/revisions"}],"wp:featuredmedia":[{"embeddable":true,"href":"https:\/\/www.radiopiu.net\/wordpress\/wp-json\/wp\/v2\/media\/346847"}],"wp:attachment":[{"href":"https:\/\/www.radiopiu.net\/wordpress\/wp-json\/wp\/v2\/media?parent=346846"}],"wp:term":[{"taxonomy":"category","embeddable":true,"href":"https:\/\/www.radiopiu.net\/wordpress\/wp-json\/wp\/v2\/categories?post=346846"},{"taxonomy":"post_tag","embeddable":true,"href":"https:\/\/www.radiopiu.net\/wordpress\/wp-json\/wp\/v2\/tags?post=346846"}],"curies":[{"name":"wp","href":"https:\/\/api.w.org\/{rel}","templated":true}]}}