{"id":346889,"date":"2023-08-01T11:06:43","date_gmt":"2023-08-01T09:06:43","guid":{"rendered":"https:\/\/www.radiopiu.net\/wordpress\/?p=346889"},"modified":"2023-08-02T05:59:13","modified_gmt":"2023-08-02T03:59:13","slug":"nevegal-2024-prospettive-e-concretezza-per-uno-sviluppo-collaborativo-e-ottimista","status":"publish","type":"post","link":"https:\/\/www.radiopiu.net\/wordpress\/nevegal-2024-prospettive-e-concretezza-per-uno-sviluppo-collaborativo-e-ottimista\/","title":{"rendered":"&#8220;Nevegal 2024: Prospettive e Concretezza per uno Sviluppo Collaborativo e Ottimista&#8221;"},"content":{"rendered":"<div class=\"flex-1 overflow-hidden\">\n<div class=\"react-scroll-to-bottom--css-whlfh-79elbk h-full dark:bg-gray-800\">\n<div class=\"react-scroll-to-bottom--css-whlfh-1n7m0yu\">\n<div class=\"flex flex-col text-sm dark:bg-gray-800\">\n<div class=\"group w-full text-gray-800 dark:text-gray-100 border-b border-black\/10 dark:border-gray-900\/50 bg-gray-50 dark:bg-[#444654]\">\n<div class=\"flex p-4 gap-4 text-base md:gap-6 md:max-w-2xl lg:max-w-[38rem] xl:max-w-3xl md:py-6 lg:px-0 m-auto\">\n<div class=\"relative flex w-[calc(100%-50px)] flex-col gap-1 md:gap-3 lg:w-[calc(100%-115px)]\">\n<div class=\"flex flex-grow flex-col gap-3\">\n<div class=\"min-h-[20px] flex items-start overflow-x-auto whitespace-pre-wrap break-words\">\n<div class=\"markdown prose w-full break-words dark:prose-invert light\">\n<p><strong><a class=\"dt-pswp-item\" href=\"https:\/\/www.radiopiu.net\/wordpress\/wp-content\/uploads\/2023\/08\/Senza-nome-2.png\" data-dt-img-description=\"\" data-large_image_width=\"502\" data-large_image_height=\"194\"><img loading=\"lazy\" decoding=\"async\" class=\"size-medium wp-image-346890 alignleft\" src=\"https:\/\/www.radiopiu.net\/wordpress\/wp-content\/uploads\/2023\/08\/Senza-nome-2-300x116.png\" alt=\"\" width=\"300\" height=\"116\" srcset=\"https:\/\/www.radiopiu.net\/wordpress\/wp-content\/uploads\/2023\/08\/Senza-nome-2-300x116.png 300w, https:\/\/www.radiopiu.net\/wordpress\/wp-content\/uploads\/2023\/08\/Senza-nome-2.png 502w\" sizes=\"auto, (max-width: 300px) 100vw, 300px\" \/><\/a>BELLUNO<\/strong>\u00a0 L&#8217;Associazione Proprietari Nevegal si prepara per l&#8217;importante assemblea che si terr\u00e0 il 13 agosto\u00a0 alle 15 nella ex-Hall del Centro Congressi &#8220;Le Torri&#8221; a Localit\u00e0 Nevegal. Le parole chiave per questa riunione saranno &#8220;prospettive, futuro e concretezza&#8221;. Il 2024 \u00e8 un anno cruciale per lo sviluppo del Colle, con molte opportunit\u00e0 in arrivo. L&#8217;Associazione \u00e8 determinata a essere parte attiva nel processo di crescita, collaborando con altre associazioni del territorio, come Nevegallika. Essi condividono un approccio concreto, ottimista e propositivo verso il futuro, evitando polemiche e dispute. L&#8217;Associazione ha preso atto delle dichiarazioni recenti dell&#8217;Assessore Roccon e del Sindaco riguardanti una potenziale cordata italo-algerina interessata a investire sul territorio. Sono ansiosi di vedere le proposte sul tavolo e agire in spirito di collaborazione, come indicato dal\u00a0 sindaco. Indipendentemente dall&#8217;eventuale cordata, le Associazioni del territorio hanno avviato un progetto di sviluppo e comunicazione strategica basato sulla profonda conoscenza del territorio. Le difficolt\u00e0 e le controversie che circondano il Colle spingono l&#8217;Associazione a operare autonomamente per il bene della comunit\u00e0. Nonostante i problemi come la mancata apertura degli impianti estivi, i ritardi per il lago artificiale, e le dispute politiche, l&#8217;Associazione ritiene che il territorio abbia grandi potenzialit\u00e0 e meriti di crescere con un&#8217;analisi accurata delle sue caratteristiche. La notizia della cordata italo-algerina sar\u00e0 oggetto di approfondimento costruttivo durante l&#8217;assemblea, ma l&#8217;Associazione Proprietari Nevegal e l&#8217;Associazione Nevegallika mantengono i propri progetti e strategie di sviluppo invariati. L&#8217;assemblea sar\u00e0 un&#8217;opportunit\u00e0 per un interessante dibattito sul futuro di Nevegal, con la partecipazione del Sindaco Oscar De Pellegrin e degli Assessori Franco Roccon, Paolo Luciani e Monica Mazzoccoli, che illustreranno le iniziative pensate per il territorio, compreso il progetto della Frazione. L&#8217;invito \u00e8 aperto a tutti coloro che desiderano partecipare.<\/p>\n<\/div>\n<\/div>\n<\/div>\n<\/div>\n<div class=\"text-xs flex items-center justify-center gap-1 self-center pt-2 !invisible\"><\/div>\n<div class=\"relative flex w-[calc(100%-50px)] flex-col gap-1 md:gap-3 lg:w-[calc(100%-115px)]\">\n<div class=\"flex justify-between lg:block\">\n<div class=\"text-gray-400 flex self-end lg:self-center justify-center mt-2 gap-2 md:gap-3 lg:gap-1 lg:absolute lg:top-0 lg:translate-x-full lg:right-0 lg:mt-0 lg:pl-2 visible\">\n<div class=\"flex gap-1\"><\/div>\n<\/div>\n<\/div>\n<\/div>\n<\/div>\n<\/div>\n<div class=\"h-32 md:h-48 flex-shrink-0\"><\/div>\n<p>&nbsp;<\/p>\n<\/div>\n<\/div>\n<\/div>\n<\/div>\n<div class=\"absolute bottom-0 left-0 w-full border-t md:border-t-0 dark:border-white\/20 md:border-transparent md:dark:border-transparent md:bg-vert-light-gradient bg-white dark:bg-gray-800 md:!bg-transparent dark:md:bg-vert-dark-gradient pt-2 md:pl-2 md:w-[calc(100%-.5rem)]\">\n<form class=\"stretch mx-2 flex flex-row gap-3 last:mb-2 md:mx-4 md:last:mb-6 lg:mx-auto lg:max-w-2xl xl:max-w-3xl\">\n<div class=\"relative flex h-full flex-1 items-stretch md:flex-col\" role=\"presentation\">\n<div>\n<div class=\"h-full flex ml-1 md:w-full md:m-auto md:mb-4 gap-0 md:gap-2 justify-center\"><\/div>\n<\/div>\n<\/div>\n<\/form>\n<\/div>\n","protected":false},"excerpt":{"rendered":"<p>BELLUNO\u00a0 L&#8217;Associazione Proprietari Nevegal si prepara per l&#8217;importante assemblea che si terr\u00e0 il 13 agosto\u00a0 alle 15 nella ex-Hall del Centro Congressi &#8220;Le Torri&#8221; a Localit\u00e0 Nevegal. Le parole chiave per questa riunione saranno &#8220;prospettive, futuro e concretezza&#8221;. Il 2024 \u00e8 un anno cruciale per lo sviluppo del Colle, con molte opportunit\u00e0 in arrivo. L&#8217;Associazione&hellip;<\/p>\n","protected":false},"author":4,"featured_media":346890,"comment_status":"closed","ping_status":"closed","sticky":false,"template":"","format":"standard","meta":{"_monsterinsights_skip_tracking":false,"_monsterinsights_sitenote_active":false,"_monsterinsights_sitenote_note":"","_monsterinsights_sitenote_category":0,"footnotes":""},"categories":[49],"tags":[],"class_list":["post-346889","post","type-post","status-publish","format-standard","has-post-thumbnail","hentry","category-news-18","category-49","description-off"],"img_url":"https:\/\/www.radiopiu.net\/wordpress\/wp-content\/uploads\/2023\/08\/Senza-nome-2.png","_links":{"self":[{"href":"https:\/\/www.radiopiu.net\/wordpress\/wp-json\/wp\/v2\/posts\/346889","targetHints":{"allow":["GET"]}}],"collection":[{"href":"https:\/\/www.radiopiu.net\/wordpress\/wp-json\/wp\/v2\/posts"}],"about":[{"href":"https:\/\/www.radiopiu.net\/wordpress\/wp-json\/wp\/v2\/types\/post"}],"author":[{"embeddable":true,"href":"https:\/\/www.radiopiu.net\/wordpress\/wp-json\/wp\/v2\/users\/4"}],"replies":[{"embeddable":true,"href":"https:\/\/www.radiopiu.net\/wordpress\/wp-json\/wp\/v2\/comments?post=346889"}],"version-history":[{"count":0,"href":"https:\/\/www.radiopiu.net\/wordpress\/wp-json\/wp\/v2\/posts\/346889\/revisions"}],"wp:featuredmedia":[{"embeddable":true,"href":"https:\/\/www.radiopiu.net\/wordpress\/wp-json\/wp\/v2\/media\/346890"}],"wp:attachment":[{"href":"https:\/\/www.radiopiu.net\/wordpress\/wp-json\/wp\/v2\/media?parent=346889"}],"wp:term":[{"taxonomy":"category","embeddable":true,"href":"https:\/\/www.radiopiu.net\/wordpress\/wp-json\/wp\/v2\/categories?post=346889"},{"taxonomy":"post_tag","embeddable":true,"href":"https:\/\/www.radiopiu.net\/wordpress\/wp-json\/wp\/v2\/tags?post=346889"}],"curies":[{"name":"wp","href":"https:\/\/api.w.org\/{rel}","templated":true}]}}