{"id":346936,"date":"2023-08-02T05:42:11","date_gmt":"2023-08-02T03:42:11","guid":{"rendered":"https:\/\/www.radiopiu.net\/wordpress\/?p=346936"},"modified":"2023-08-02T05:53:19","modified_gmt":"2023-08-02T03:53:19","slug":"da-72-ore-la-fibra-ottica-manca-in-mezzo-agordino-e-openfiber-non-si-esprime-con-i-provider-che-erogano-il-servizio","status":"publish","type":"post","link":"https:\/\/www.radiopiu.net\/wordpress\/da-72-ore-la-fibra-ottica-manca-in-mezzo-agordino-e-openfiber-non-si-esprime-con-i-provider-che-erogano-il-servizio\/","title":{"rendered":"DA 72 ORE LA FIBRA OTTICA MANCA IN MEZZO AGORDINO E OPENFIBER NON SI ESPRIME CON I PROVIDER CHE EROGANO IL SERVIZIO"},"content":{"rendered":"<p><strong><a class=\"dt-pswp-item\" href=\"https:\/\/www.radiopiu.net\/wordpress\/wp-content\/uploads\/2020\/05\/FIBRA.jpg\" data-dt-img-description=\"\" data-large_image_width=\"1920\" data-large_image_height=\"1080\"><img loading=\"lazy\" decoding=\"async\" class=\" wp-image-135540 alignleft\" src=\"https:\/\/www.radiopiu.net\/wordpress\/wp-content\/uploads\/2020\/05\/FIBRA-300x169.jpg\" alt=\"\" width=\"185\" height=\"104\" srcset=\"https:\/\/www.radiopiu.net\/wordpress\/wp-content\/uploads\/2020\/05\/FIBRA-300x169.jpg 300w, https:\/\/www.radiopiu.net\/wordpress\/wp-content\/uploads\/2020\/05\/FIBRA-1024x576.jpg 1024w, https:\/\/www.radiopiu.net\/wordpress\/wp-content\/uploads\/2020\/05\/FIBRA-768x432.jpg 768w, https:\/\/www.radiopiu.net\/wordpress\/wp-content\/uploads\/2020\/05\/FIBRA-1536x864.jpg 1536w, https:\/\/www.radiopiu.net\/wordpress\/wp-content\/uploads\/2020\/05\/FIBRA.jpg 1920w\" sizes=\"auto, (max-width: 185px) 100vw, 185px\" \/><\/a>REDAZIONE<\/strong> Iniziano ad essere biblici i tempi per la riparazione del guasto che dalle 19:45 di sabato sta lasciando senza fibra ottica gran parte dell&#8217;Agordino. Comuni cittadini ma soprattutto gli esercizi commerciali e alberghi stanno lamentando la mancanza di una connessione internet per poter lavorare in un periodo dell&#8217;anno cruciale per il turismo. Tutti gli utenti interessati dal disservizio si sono riversati sui call center dei propri provider per capire cosa sta succedendo ma soprattutto per avere delle tempistiche certe per la riparazione del guasto. Purtroppo i fornitori del servizio non hanno risposte nonostante le sollecitazioni ad OpenFiber, il gruppo che gestisce la distribuzione della fibra ottica. I gestori principali si limitano a mandare qualche SMS con la scusante di lavori di manutenzione.\u00a0 &#8220;<em>E&#8217; incomprensibile l&#8217;assenza di aggiornamenti sui tempi di risoluzione del guasto alla fornitura del servizio FTTH, che interessa gran parte dell\u2019 Agordino, da parte di Open Fiber. Il guasto \u00e8 stato segnalato sabato alle 19:45 e ad oggi il fornitore (nel mio caso Springo) lamenta di non poter fornire indicazioni chiare ai propri Clienti pur sollecitando costantemente e insistentemente Open Fiber<\/em>&#8221; ci scrive Fabrizio. C&#8217;\u00e8 per\u00f2 chi ha avuto una risposta al quesito quale sia il problema. Come ad esempio di Tiziano De Col che tramite il suo provider Dimensione srl ha saputo che \u00e8 stato tranciato un cavo e che si sta provvedendo alla riparazione e nel frattempo ha provveduto a trasferire le telefonate da fisso a cellulare. O Alessandro De Zorzi dove il suo gestore \u00e8 stato ancora pi\u00f9 esaustivo dicendo che l&#8217;interruzione riscontrata \u00e8 in provincia di Bolzano, che \u00e8 stato pianificato un nuovo intervento per ulteriori verifiche in quanto l&#8217;intervento precedente non ha portato alla bonifica totale dell&#8217;anomalia. Resta il fatto che al momento la cittadinanza da Gosaldo a Falcade deve optare per usare i dati del cellulare per poter navigare in rete usando il cellulare come modem wifi, utilizzando i propri giga del contratto ed accontentarsi, se si abita in una zona poco coperta, della velocit\u00e0 ridotta del servizio.<\/p>\n<p>&nbsp;<\/p>\n<p>&nbsp;<\/p>\n<p>*******<\/p>\n","protected":false},"excerpt":{"rendered":"<p>REDAZIONE Iniziano ad essere biblici i tempi per la riparazione del guasto che dalle 19:45 di sabato sta lasciando senza fibra ottica gran parte dell&#8217;Agordino. Comuni cittadini ma soprattutto gli esercizi commerciali e alberghi stanno lamentando la mancanza di una connessione internet per poter lavorare in un periodo dell&#8217;anno cruciale per il turismo. Tutti gli&hellip;<\/p>\n","protected":false},"author":4,"featured_media":135540,"comment_status":"closed","ping_status":"closed","sticky":false,"template":"","format":"standard","meta":{"_monsterinsights_skip_tracking":false,"_monsterinsights_sitenote_active":false,"_monsterinsights_sitenote_note":"","_monsterinsights_sitenote_category":0,"footnotes":""},"categories":[51,49],"tags":[],"class_list":["post-346936","post","type-post","status-publish","format-standard","has-post-thumbnail","hentry","category-evidenza-top","category-news-18","category-51","category-49","description-off"],"img_url":"https:\/\/www.radiopiu.net\/wordpress\/wp-content\/uploads\/2020\/05\/FIBRA.jpg","_links":{"self":[{"href":"https:\/\/www.radiopiu.net\/wordpress\/wp-json\/wp\/v2\/posts\/346936","targetHints":{"allow":["GET"]}}],"collection":[{"href":"https:\/\/www.radiopiu.net\/wordpress\/wp-json\/wp\/v2\/posts"}],"about":[{"href":"https:\/\/www.radiopiu.net\/wordpress\/wp-json\/wp\/v2\/types\/post"}],"author":[{"embeddable":true,"href":"https:\/\/www.radiopiu.net\/wordpress\/wp-json\/wp\/v2\/users\/4"}],"replies":[{"embeddable":true,"href":"https:\/\/www.radiopiu.net\/wordpress\/wp-json\/wp\/v2\/comments?post=346936"}],"version-history":[{"count":0,"href":"https:\/\/www.radiopiu.net\/wordpress\/wp-json\/wp\/v2\/posts\/346936\/revisions"}],"wp:featuredmedia":[{"embeddable":true,"href":"https:\/\/www.radiopiu.net\/wordpress\/wp-json\/wp\/v2\/media\/135540"}],"wp:attachment":[{"href":"https:\/\/www.radiopiu.net\/wordpress\/wp-json\/wp\/v2\/media?parent=346936"}],"wp:term":[{"taxonomy":"category","embeddable":true,"href":"https:\/\/www.radiopiu.net\/wordpress\/wp-json\/wp\/v2\/categories?post=346936"},{"taxonomy":"post_tag","embeddable":true,"href":"https:\/\/www.radiopiu.net\/wordpress\/wp-json\/wp\/v2\/tags?post=346936"}],"curies":[{"name":"wp","href":"https:\/\/api.w.org\/{rel}","templated":true}]}}