{"id":346939,"date":"2023-06-01T18:05:56","date_gmt":"2023-06-01T16:05:56","guid":{"rendered":"https:\/\/www.radiopiu.net\/wordpress\/?p=346939"},"modified":"2023-08-02T05:56:38","modified_gmt":"2023-08-02T03:56:38","slug":"346939-2","status":"publish","type":"post","link":"https:\/\/www.radiopiu.net\/wordpress\/346939-2\/","title":{"rendered":"DOMENICA SUL BROI DI AGORDO TORNA ETNO MUSICA"},"content":{"rendered":"<p><strong>AGORDO <\/strong>Domenica, sul Broi di Agordo, presso la piazza, torner\u00e0 l\u2019evento <em>Agordo ETNO Musica<\/em>: una giornata da passare all\u2019aperto all\u2019insegna della musica\u2026 ma non solo. Quest\u2019anno la giornata sar\u00e0 dedicata alla cultura veneta. Si comincer\u00e0 alle 11 del mattino con il duo cadorino <em>Na Fuoia<\/em>, che eseguir\u00e0 un repertorio di danze tradizionali venete; verr\u00e0 offerto anche uno <em>stage<\/em> di ballo gratuito sulle note del duo, con la possibilit\u00e0 di ripetere gli schemi di danza in due diversi momenti del pomeriggio. Saranno presenti <em>stand<\/em> gastronomici di cucina tipica veneta e di birra artigianale, un mercatino dell\u2019artigianato organizzato da AD Agordo proloco e il Caff\u00e8 Pedagogico, dedicato ai bambini in et\u00e0 prescolare, dove verranno proposti dei giochi creativi e \u201cartigianali\u201d da poter poi riprodurre a casa. La scaletta musicale proseguir\u00e0 nel pomeriggio, a partire dalle 14.30, con il quintetto veneziano <em>Freve che Bruxa<\/em>, che eseguir\u00e0 musiche originali in dialetto veneziano con reminiscenze stilistiche proprie del panorama brasiliano. Alle 16.30 sar\u00e0 la volta del trio bellunese <em>Rudem\u00e0<\/em>, con un repertorio di danze tipico dell\u2019arco alpino e del Nord Italia in genere. Infine, a partire dalle 17.30 sar\u00e0 sul palco il duo veneziano <em>Storie Storte<\/em>, la cui esibizione ha il titolo di \u201cPersone, destini e viaggi contromano\u201d. Segnaliamo anche il ciclo di concerti della <em>Settimana organistica<\/em>, con gli eventi seguenti: sabato 5 agosto itinerario storico-musicale sui canti patriarchini del Poi, nelle chiese di Rivamonte Agordino (14.30), Tiser (15.30) e Gosaldo (17.00); luned\u00ec 7 agosto alle 21 concerto per organo, oboe e corno da caccia nella chiesa di San Tomaso Agordino; mercoled\u00ec 9 agosto alle 21 concerto di soprano, organo e spinetta nella chiesa di La Valle Agordina; gioved\u00ec 10 agosto alle 21 concerto di soprano e organo nella chiesa di Canale d\u2019Agordo; venerd\u00ec 11 agosto alle 21 concerto d\u2019organo solista nella chiesa di Agordo; sabato 12 agosto alle 21 nella chiesa parrocchiale di Falcade concerto d\u2019organo che racconta sfide musicali realmente avvenute in passato.<\/p>\n\n\t\t\t<style type='text\/css'>\n\t\t\t\t#gallery-1 {\n\t\t\t\t\tmargin: auto;\n\t\t\t\t}\n\t\t\t\t#gallery-1 .gallery-item {\n\t\t\t\t\tfloat: left;\n\t\t\t\t\tmargin-top: 10px;\n\t\t\t\t\ttext-align: center;\n\t\t\t\t\twidth: 50%;\n\t\t\t\t}\n\t\t\t\t#gallery-1 img {\n\t\t\t\t\tborder: 2px solid #cfcfcf;\n\t\t\t\t}\n\t\t\t\t#gallery-1 .gallery-caption {\n\t\t\t\t\tmargin-left: 0;\n\t\t\t\t}\n\t\t\t\t\/* see gallery_shortcode() in wp-includes\/media.php *\/\n\t\t\t<\/style>\n\t\t<div id='gallery-1' class='dt-gallery-container gallery galleryid-346939 gallery-columns-2 gallery-size-medium'><dl class='gallery-item'>\n\t\t\t\t<dt class='gallery-icon landscape'>\n\t\t\t\t\t<a class=\"rollover rollover-zoom dt-pswp-item\" title=\"Foto1\" data-dt-img-description=\"\" data-large_image_width=\"2048\" data-large_image_height=\"1536\"href='https:\/\/www.radiopiu.net\/wordpress\/wp-content\/uploads\/2023\/08\/Foto1.jpg'><img loading=\"lazy\" decoding=\"async\" width=\"300\" height=\"225\" src=\"https:\/\/www.radiopiu.net\/wordpress\/wp-content\/uploads\/2023\/08\/Foto1-300x225.jpg\" class=\"attachment-medium size-medium\" alt=\"\" srcset=\"https:\/\/www.radiopiu.net\/wordpress\/wp-content\/uploads\/2023\/08\/Foto1-300x225.jpg 300w, https:\/\/www.radiopiu.net\/wordpress\/wp-content\/uploads\/2023\/08\/Foto1-1024x768.jpg 1024w, https:\/\/www.radiopiu.net\/wordpress\/wp-content\/uploads\/2023\/08\/Foto1-768x576.jpg 768w, https:\/\/www.radiopiu.net\/wordpress\/wp-content\/uploads\/2023\/08\/Foto1-1536x1152.jpg 1536w, https:\/\/www.radiopiu.net\/wordpress\/wp-content\/uploads\/2023\/08\/Foto1.jpg 2048w\" sizes=\"auto, (max-width: 300px) 100vw, 300px\" \/><\/a>\n\t\t\t\t<\/dt><\/dl><dl class='gallery-item'>\n\t\t\t\t<dt class='gallery-icon landscape'>\n\t\t\t\t\t<a class=\"rollover rollover-zoom dt-pswp-item\" title=\"Foto2\" data-dt-img-description=\"\" data-large_image_width=\"2048\" data-large_image_height=\"1536\"href='https:\/\/www.radiopiu.net\/wordpress\/wp-content\/uploads\/2023\/08\/Foto2.jpg'><img loading=\"lazy\" decoding=\"async\" width=\"300\" height=\"225\" src=\"https:\/\/www.radiopiu.net\/wordpress\/wp-content\/uploads\/2023\/08\/Foto2-300x225.jpg\" class=\"attachment-medium size-medium\" alt=\"\" srcset=\"https:\/\/www.radiopiu.net\/wordpress\/wp-content\/uploads\/2023\/08\/Foto2-300x225.jpg 300w, https:\/\/www.radiopiu.net\/wordpress\/wp-content\/uploads\/2023\/08\/Foto2-1024x768.jpg 1024w, https:\/\/www.radiopiu.net\/wordpress\/wp-content\/uploads\/2023\/08\/Foto2-768x576.jpg 768w, https:\/\/www.radiopiu.net\/wordpress\/wp-content\/uploads\/2023\/08\/Foto2-1536x1152.jpg 1536w, https:\/\/www.radiopiu.net\/wordpress\/wp-content\/uploads\/2023\/08\/Foto2.jpg 2048w\" sizes=\"auto, (max-width: 300px) 100vw, 300px\" \/><\/a>\n\t\t\t\t<\/dt><\/dl><br style=\"clear: both\" \/>\n\t\t\t<\/div>\n\n","protected":false},"excerpt":{"rendered":"<p>AGORDO Domenica, sul Broi di Agordo, presso la piazza, torner\u00e0 l\u2019evento Agordo ETNO Musica: una giornata da passare all\u2019aperto all\u2019insegna della musica\u2026 ma non solo. Quest\u2019anno la giornata sar\u00e0 dedicata alla cultura veneta. Si comincer\u00e0 alle 11 del mattino con il duo cadorino Na Fuoia, che eseguir\u00e0 un repertorio di danze tradizionali venete; verr\u00e0 offerto&hellip;<\/p>\n","protected":false},"author":4,"featured_media":346941,"comment_status":"closed","ping_status":"closed","sticky":false,"template":"","format":"standard","meta":{"_monsterinsights_skip_tracking":false,"_monsterinsights_sitenote_active":false,"_monsterinsights_sitenote_note":"","_monsterinsights_sitenote_category":0,"footnotes":""},"categories":[49],"tags":[],"class_list":["post-346939","post","type-post","status-publish","format-standard","has-post-thumbnail","hentry","category-news-18","category-49","description-off"],"img_url":"https:\/\/www.radiopiu.net\/wordpress\/wp-content\/uploads\/2023\/08\/Foto2.jpg","_links":{"self":[{"href":"https:\/\/www.radiopiu.net\/wordpress\/wp-json\/wp\/v2\/posts\/346939","targetHints":{"allow":["GET"]}}],"collection":[{"href":"https:\/\/www.radiopiu.net\/wordpress\/wp-json\/wp\/v2\/posts"}],"about":[{"href":"https:\/\/www.radiopiu.net\/wordpress\/wp-json\/wp\/v2\/types\/post"}],"author":[{"embeddable":true,"href":"https:\/\/www.radiopiu.net\/wordpress\/wp-json\/wp\/v2\/users\/4"}],"replies":[{"embeddable":true,"href":"https:\/\/www.radiopiu.net\/wordpress\/wp-json\/wp\/v2\/comments?post=346939"}],"version-history":[{"count":0,"href":"https:\/\/www.radiopiu.net\/wordpress\/wp-json\/wp\/v2\/posts\/346939\/revisions"}],"wp:featuredmedia":[{"embeddable":true,"href":"https:\/\/www.radiopiu.net\/wordpress\/wp-json\/wp\/v2\/media\/346941"}],"wp:attachment":[{"href":"https:\/\/www.radiopiu.net\/wordpress\/wp-json\/wp\/v2\/media?parent=346939"}],"wp:term":[{"taxonomy":"category","embeddable":true,"href":"https:\/\/www.radiopiu.net\/wordpress\/wp-json\/wp\/v2\/categories?post=346939"},{"taxonomy":"post_tag","embeddable":true,"href":"https:\/\/www.radiopiu.net\/wordpress\/wp-json\/wp\/v2\/tags?post=346939"}],"curies":[{"name":"wp","href":"https:\/\/api.w.org\/{rel}","templated":true}]}}