{"id":346964,"date":"2023-08-02T05:39:10","date_gmt":"2023-08-02T03:39:10","guid":{"rendered":"https:\/\/www.radiopiu.net\/wordpress\/?p=346964"},"modified":"2023-08-02T05:53:45","modified_gmt":"2023-08-02T03:53:45","slug":"pista-da-bob-asta-deserta-ma-zaia-e-fiducioso","status":"publish","type":"post","link":"https:\/\/www.radiopiu.net\/wordpress\/pista-da-bob-asta-deserta-ma-zaia-e-fiducioso\/","title":{"rendered":"PISTA DA BOB, ASTA DESERTA MA ZAIA E&#8217; FIDUCIOSO"},"content":{"rendered":"<blockquote>\n<h3><\/h3>\n<\/blockquote>\n<p><strong><a class=\"dt-pswp-item\" href=\"https:\/\/www.radiopiu.net\/wordpress\/wp-content\/uploads\/2021\/04\/cortina_guide_bob-1.jpg\" data-dt-img-description=\"\" data-large_image_width=\"600\" data-large_image_height=\"300\"><img loading=\"lazy\" decoding=\"async\" class=\" wp-image-204667 alignleft\" src=\"https:\/\/www.radiopiu.net\/wordpress\/wp-content\/uploads\/2021\/04\/cortina_guide_bob-1-300x150.jpg\" alt=\"\" width=\"268\" height=\"134\" srcset=\"https:\/\/www.radiopiu.net\/wordpress\/wp-content\/uploads\/2021\/04\/cortina_guide_bob-1-300x150.jpg 300w, https:\/\/www.radiopiu.net\/wordpress\/wp-content\/uploads\/2021\/04\/cortina_guide_bob-1.jpg 600w\" sizes=\"auto, (max-width: 268px) 100vw, 268px\" \/><\/a>VENEZIA<\/strong> Il bando per la costruzione della pista di bob per le Olimpiadi e paralimpiadi a Cortina \u00e8 andato deserto, ma il presidente veneto Luca Zaia e il sindaco Gianluca Lorenzi mantengono fiducia riguardo alla possibilit\u00e0 di trovare una soluzione. La gestione dell&#8217;opera \u00e8 ora affidata alla Societ\u00e0 Infrastrutture Milano Cortina, che cercher\u00e0 di negoziare direttamente con un&#8217;impresa. Il sindaco Lorenzi sottolinea che gi\u00e0 in passato un bando per un&#8217;altra infrastruttura funzionale ai Giochi era andato deserto, ma era stato poi rimodulato e assegnato con successo. Il ministro delle Infrastrutture, Andrea Abodi afferma che una gara deserta \u00e8 uno dei rischi del mercato saturo, ma si ritiene fiducioso nell&#8217;ottenere una soluzione attraverso il rapporto diretto con il mercato. Il ministro del turismo, Daniela Santanch\u00e9, sostiene con ottimismo che gli italiani riusciranno a superare l&#8217;ostacolo<\/p>\n<p>&nbsp;<\/p>\n<p>&nbsp;<\/p>\n<p>&nbsp;<\/p>\n<hr \/>\n<p>&nbsp;<\/p>\n","protected":false},"excerpt":{"rendered":"<p>VENEZIA Il bando per la costruzione della pista di bob per le Olimpiadi e paralimpiadi a Cortina \u00e8 andato deserto, ma il presidente veneto Luca Zaia e il sindaco Gianluca Lorenzi mantengono fiducia riguardo alla possibilit\u00e0 di trovare una soluzione. La gestione dell&#8217;opera \u00e8 ora affidata alla Societ\u00e0 Infrastrutture Milano Cortina, che cercher\u00e0 di negoziare&hellip;<\/p>\n","protected":false},"author":4,"featured_media":204667,"comment_status":"closed","ping_status":"closed","sticky":false,"template":"","format":"standard","meta":{"_monsterinsights_skip_tracking":false,"_monsterinsights_sitenote_active":false,"_monsterinsights_sitenote_note":"","_monsterinsights_sitenote_category":0,"footnotes":""},"categories":[51,49],"tags":[],"class_list":["post-346964","post","type-post","status-publish","format-standard","has-post-thumbnail","hentry","category-evidenza-top","category-news-18","category-51","category-49","description-off"],"img_url":"https:\/\/www.radiopiu.net\/wordpress\/wp-content\/uploads\/2021\/04\/cortina_guide_bob-1.jpg","_links":{"self":[{"href":"https:\/\/www.radiopiu.net\/wordpress\/wp-json\/wp\/v2\/posts\/346964","targetHints":{"allow":["GET"]}}],"collection":[{"href":"https:\/\/www.radiopiu.net\/wordpress\/wp-json\/wp\/v2\/posts"}],"about":[{"href":"https:\/\/www.radiopiu.net\/wordpress\/wp-json\/wp\/v2\/types\/post"}],"author":[{"embeddable":true,"href":"https:\/\/www.radiopiu.net\/wordpress\/wp-json\/wp\/v2\/users\/4"}],"replies":[{"embeddable":true,"href":"https:\/\/www.radiopiu.net\/wordpress\/wp-json\/wp\/v2\/comments?post=346964"}],"version-history":[{"count":0,"href":"https:\/\/www.radiopiu.net\/wordpress\/wp-json\/wp\/v2\/posts\/346964\/revisions"}],"wp:featuredmedia":[{"embeddable":true,"href":"https:\/\/www.radiopiu.net\/wordpress\/wp-json\/wp\/v2\/media\/204667"}],"wp:attachment":[{"href":"https:\/\/www.radiopiu.net\/wordpress\/wp-json\/wp\/v2\/media?parent=346964"}],"wp:term":[{"taxonomy":"category","embeddable":true,"href":"https:\/\/www.radiopiu.net\/wordpress\/wp-json\/wp\/v2\/categories?post=346964"},{"taxonomy":"post_tag","embeddable":true,"href":"https:\/\/www.radiopiu.net\/wordpress\/wp-json\/wp\/v2\/tags?post=346964"}],"curies":[{"name":"wp","href":"https:\/\/api.w.org\/{rel}","templated":true}]}}