{"id":346973,"date":"2023-08-02T03:12:28","date_gmt":"2023-08-02T01:12:28","guid":{"rendered":"https:\/\/www.radiopiu.net\/wordpress\/?p=346973"},"modified":"2023-08-02T08:40:56","modified_gmt":"2023-08-02T06:40:56","slug":"a-dario-di-john-francis-della-pietra","status":"publish","type":"post","link":"https:\/\/www.radiopiu.net\/wordpress\/a-dario-di-john-francis-della-pietra\/","title":{"rendered":"A DARIO&#8230;DI JOHN FRANCIS DELLA PIETRA"},"content":{"rendered":"<p>&nbsp;<\/p>\n<p><strong>ALLA RADIO, AUDIO<\/strong><\/p>\n<audio class=\"wp-audio-shortcode\" id=\"audio-346973-1\" preload=\"none\" style=\"width: 100%;\" controls=\"controls\"><source type=\"audio\/mpeg\" src=\"https:\/\/www.radiopiu.net\/wordpress\/wp-content\/uploads\/2023\/08\/john-1.mp3?_=1\" \/><a href=\"https:\/\/www.radiopiu.net\/wordpress\/wp-content\/uploads\/2023\/08\/john-1.mp3\">https:\/\/www.radiopiu.net\/wordpress\/wp-content\/uploads\/2023\/08\/john-1.mp3<\/a><\/audio>\n<p>&nbsp;<\/p>\n<p>&nbsp;<\/p>\n<p><a class=\"dt-pswp-item\" href=\"https:\/\/www.radiopiu.net\/wordpress\/wp-content\/uploads\/2023\/08\/Senza-nome-6.png\" data-dt-img-description=\"\" data-large_image_width=\"103\" data-large_image_height=\"103\"><img loading=\"lazy\" decoding=\"async\" class=\"size-full wp-image-346974 alignleft\" src=\"https:\/\/www.radiopiu.net\/wordpress\/wp-content\/uploads\/2023\/08\/Senza-nome-6.png\" alt=\"\" width=\"103\" height=\"103\" \/><\/a>La notte s \u00e8 allungata<br \/>\nPregna di pensieri \u00e8 passata<br \/>\nPer un breve attimo esco<br \/>\nM affaccio e percepisco il fresco<br \/>\nDopo il temporale s \u00e8 fatto sereno lass\u00f9<br \/>\nNel divenire del d\u00ec l azzurro si fa strada nel blu<br \/>\nRimane nell infinito illuminata una stella<br \/>\nBrilla ancora piena di vita che bella<br \/>\nLa sua chiara luce indica sicura<br \/>\nLa via che a lui sembrer\u00e0 la pi\u00f9 dura<br \/>\nMa l\u00e0 all orizzonte s allarga un lucente sorriso<br \/>\nChe lo invita a salire nel paradiso<br \/>\nNella vallata s ode sol il suono del torrente<br \/>\nNel silenzio s \u00e8 ammutolita la gente<br \/>\nPoi pian piano il sussurro di parole di stima e di rispetto<br \/>\nPer molti proprio d affetto<br \/>\nEcco in questo novello mattino<br \/>\nInizia il lungo saluto del popolo agordino<br \/>\nAd uno dei suoi figli di buon cuore<br \/>\nT ha voluto con s \u00e8 il Signore<br \/>\nNell eterno suo amore<br \/>\nGrazie Dario<\/p>\n<p>&nbsp;<\/p>\n<hr \/>\n<p>&nbsp;<\/p>\n","protected":false},"excerpt":{"rendered":"<p>&nbsp; ALLA RADIO, AUDIO &nbsp; &nbsp; La notte s \u00e8 allungata Pregna di pensieri \u00e8 passata Per un breve attimo esco M affaccio e percepisco il fresco Dopo il temporale s \u00e8 fatto sereno lass\u00f9 Nel divenire del d\u00ec l azzurro si fa strada nel blu Rimane nell infinito illuminata una stella Brilla ancora piena&hellip;<\/p>\n","protected":false},"author":4,"featured_media":284037,"comment_status":"closed","ping_status":"closed","sticky":false,"template":"","format":"standard","meta":{"_monsterinsights_skip_tracking":false,"_monsterinsights_sitenote_active":false,"_monsterinsights_sitenote_note":"","_monsterinsights_sitenote_category":0,"footnotes":""},"categories":[104,49],"tags":[],"class_list":["post-346973","post","type-post","status-publish","format-standard","has-post-thumbnail","hentry","category-evidenza_3","category-news-18","category-104","category-49","description-off"],"img_url":"https:\/\/www.radiopiu.net\/wordpress\/wp-content\/uploads\/2022\/06\/lutto-delvecchio.png","_links":{"self":[{"href":"https:\/\/www.radiopiu.net\/wordpress\/wp-json\/wp\/v2\/posts\/346973","targetHints":{"allow":["GET"]}}],"collection":[{"href":"https:\/\/www.radiopiu.net\/wordpress\/wp-json\/wp\/v2\/posts"}],"about":[{"href":"https:\/\/www.radiopiu.net\/wordpress\/wp-json\/wp\/v2\/types\/post"}],"author":[{"embeddable":true,"href":"https:\/\/www.radiopiu.net\/wordpress\/wp-json\/wp\/v2\/users\/4"}],"replies":[{"embeddable":true,"href":"https:\/\/www.radiopiu.net\/wordpress\/wp-json\/wp\/v2\/comments?post=346973"}],"version-history":[{"count":0,"href":"https:\/\/www.radiopiu.net\/wordpress\/wp-json\/wp\/v2\/posts\/346973\/revisions"}],"wp:featuredmedia":[{"embeddable":true,"href":"https:\/\/www.radiopiu.net\/wordpress\/wp-json\/wp\/v2\/media\/284037"}],"wp:attachment":[{"href":"https:\/\/www.radiopiu.net\/wordpress\/wp-json\/wp\/v2\/media?parent=346973"}],"wp:term":[{"taxonomy":"category","embeddable":true,"href":"https:\/\/www.radiopiu.net\/wordpress\/wp-json\/wp\/v2\/categories?post=346973"},{"taxonomy":"post_tag","embeddable":true,"href":"https:\/\/www.radiopiu.net\/wordpress\/wp-json\/wp\/v2\/tags?post=346973"}],"curies":[{"name":"wp","href":"https:\/\/api.w.org\/{rel}","templated":true}]}}