{"id":346989,"date":"2023-08-02T07:55:07","date_gmt":"2023-08-02T05:55:07","guid":{"rendered":"https:\/\/www.radiopiu.net\/wordpress\/?p=346989"},"modified":"2023-08-02T07:57:04","modified_gmt":"2023-08-02T05:57:04","slug":"dal-1983-loriginale-la-rassegna-stampa-locale-di-mirko-mezzacasa","status":"publish","type":"post","link":"https:\/\/www.radiopiu.net\/wordpress\/dal-1983-loriginale-la-rassegna-stampa-locale-di-mirko-mezzacasa\/","title":{"rendered":"DAL 1983, L&#8217;ORIGINALE. LA RASSEGNA STAMPA LOCALE DI MIRKO MEZZACASA"},"content":{"rendered":"<p><iframe loading=\"lazy\" title=\"RASSEGNA STAMPA LOCALE\" width=\"1200\" height=\"675\" src=\"https:\/\/www.youtube.com\/embed\/iWVRRBKmDEo?feature=oembed\" frameborder=\"0\" allow=\"accelerometer; autoplay; clipboard-write; encrypted-media; gyroscope; picture-in-picture; web-share\" allowfullscreen><\/iframe><\/p>\n<p>&nbsp;<\/p>\n<p>LA VALLE Si terranno oggi alle 14.30 nella chiesa parrocchiale i funerali di Dario Lena, 57 anni, improvvisamente mancato all\u2019affetto dei suoi cari.<br \/>\nBELLUNO Il consiglio comunale di Belluno ha voluto ricordare Mattia Amort, tenente del Settimo alpini (era alla caserma Salsa dal 2020), che domenica 23 luglio \u00e8 precipitato in parete sulla Roda di Vael.<br \/>\nFALCADE Falco ieri s\u2019\u00e8 alzato anche per soccorrere un\u2019anziana intossicata dai farmaci sbagliati, la donna padovana di 77 anni presentava intossicazione da farmaci assunti in modo sbagliato.<br \/>\nLONGARONE l La Safilo ha garantito l\u2019integrazione al 100% della cassa integrazione per i lavoratori ceduti all\u2019azienda acquirente. L\u2019accordo \u00e8 stato raggiunto con il sindacato, sebbene le assemblee di fabbrica siano divise sull\u2019argomento.<br \/>\nVENEZIA Il bando per la costruzione della pista di bob per le Olimpiadi e paralimpiadi a Cortina \u00e8 andato deserto, ma il presidente veneto Luca Zaia e il sindaco Gianluca Lorenzi mantengono fiducia riguardo alla possibilit\u00e0 di trovare una soluzione. La gestione dell\u2019opera \u00e8 ora affidata alla Societ\u00e0 Infrastrutture Milano Cortina, che cercher\u00e0 di negoziare direttamente con un\u2019impresa.<br \/>\nBELLUNO Confcommercio, per voce del suo presidente Paolo Doglioni, condivide e fa proprie le considerazioni espresse nella recente delibera del Consiglio provinciale con la quale si chiede di rivalutare la scelta di Fiames quale sede del Villaggio olimpico a favore del Villaggio ex Eni di Borca.<br \/>\nREDAZIONE Iniziano ad essere biblici i tempi per la riparazione del guasto che dalle 19:45 di sabato sta lasciando senza fibra ottica gran parte dell\u2019Agordino. Comuni cittadini ma soprattutto gli esercizi commerciali e alberghi stanno lamentando la mancanza di una connessione internet per poter lavorare in un periodo dell\u2019anno cruciale per il turismo.<br \/>\nAGORDO PRESTO IL PROGETTO PER UN MARCIAPIEDI TRA VERAN E CROSTOLIN<br \/>\nBELLUNO Il futuro di Investi scuola resta al centro del dibattito politico in provincia: luned\u00ec lunga discussione in consiglio provinciale. Intanto, restano due settimane per trovare le risorse necessarie alla copertura totale del servizio.<br \/>\nBELLUNO L\u2019Associazione Proprietari Nevegal si prepara per l\u2019importante assemblea che si terr\u00e0 il 13 agosto alle 15 nella ex-Hall del Centro Congressi \u201cLe Torri\u201d a Localit\u00e0 Nevegal.<br \/>\nVENEZIA La Direzione della Protezione Civile del Veneto comunica che l\u2019invio della documentazione relativa alla procedura di censimento dei danni causati dal maltempo che si \u00e8 abbattuto in Veneto, \u00e8 stata fissata entro le ore 14.00 di venerd\u00ec 4 agosto.<br \/>\nAGORDO Domenica, sul Broi di Agordo, presso la piazza, torner\u00e0 l\u2019evento Agordo ETNO Musica: una giornata da passare all\u2019aperto all\u2019insegna della musica\u2026 ma non solo. Quest\u2019anno la giornata sar\u00e0 dedicata alla cultura veneta.<br \/>\nAGORDO ALICE NEL PAESE DELLE MERAVIGLIE, SPETTACOLO COREOGRAFICO LIBERAMENTE TRATTO DAL TESTO DI LEWIS CARROL., E\u2019 IL TEMA DELL\u2019EVENTO DELL\u2019ADA. RITORNA ANCHE QUEST\u2019ANNO: AGORDO DANZA L\u2019ESTATE. SABATO ALLE 20.45 SUL BROI DI AGORDO in caso di maltempo evento rinviato a domenica sempre alle 20.45. AGORDO DANZA L\u2019ESTATE, 26esima EDIZIONE. In collaborazione con il Comune di Agordo e L\u2019Aics comitato provinciale di Belluno<br \/>\nVOLTAGO Il Rifugio Scarpa ospita un festival alle pendici dell\u2019Agner. Sabato alle 20:30 la prima serata sar\u00e0 dedicata all\u2019astronomia con Riccardo Cappellaro. Domenica in musica con Giovanni Zuliani e il concerto con chitarra classica<br \/>\nGOSALDO Domenica ai campi di bocce di Gosaldo una giornata di festa in memoria di Enzo Masoch. Dalle 12 apertura delle cucine e il Memorial con il torneo di bocce a partire dalle 15. Musica con Eros durante la giornata.<br \/>\nHOCKEY SU GHIACCIO THOMAS DE SILVESTRO CONFERMATO NEL NUOVO ROSTER DELL&#8217;ALLEGHE HOCKEY<br \/>\nMOTORI PRESENTATA LA 49ESIMA ALPE DEL NEVEGAL. OLTRE 250 ISCRITTI<br \/>\nPODISMO DOMENICA LA SGAMBADA ZOLDANA<\/p>\n<p>&nbsp;<\/p>\n<p>&nbsp;<\/p>\n<p>&nbsp;<\/p>\n<p>&nbsp;<\/p>\n<p>&nbsp;<\/p>\n","protected":false},"excerpt":{"rendered":"<p>&nbsp; LA VALLE Si terranno oggi alle 14.30 nella chiesa parrocchiale i funerali di Dario Lena, 57 anni, improvvisamente mancato all\u2019affetto dei suoi cari. BELLUNO Il consiglio comunale di Belluno ha voluto ricordare Mattia Amort, tenente del Settimo alpini (era alla caserma Salsa dal 2020), che domenica 23 luglio \u00e8 precipitato in parete sulla Roda&hellip;<\/p>\n","protected":false},"author":4,"featured_media":346990,"comment_status":"closed","ping_status":"closed","sticky":false,"template":"","format":"standard","meta":{"_monsterinsights_skip_tracking":false,"_monsterinsights_sitenote_active":false,"_monsterinsights_sitenote_note":"","_monsterinsights_sitenote_category":0,"footnotes":""},"categories":[104,49,142],"tags":[],"class_list":["post-346989","post","type-post","status-publish","format-standard","has-post-thumbnail","hentry","category-evidenza_3","category-news-18","category-rassegna-stampa","category-104","category-49","category-142","description-off"],"img_url":"https:\/\/www.radiopiu.net\/wordpress\/wp-content\/uploads\/2023\/08\/SDenza-nome.png","_links":{"self":[{"href":"https:\/\/www.radiopiu.net\/wordpress\/wp-json\/wp\/v2\/posts\/346989","targetHints":{"allow":["GET"]}}],"collection":[{"href":"https:\/\/www.radiopiu.net\/wordpress\/wp-json\/wp\/v2\/posts"}],"about":[{"href":"https:\/\/www.radiopiu.net\/wordpress\/wp-json\/wp\/v2\/types\/post"}],"author":[{"embeddable":true,"href":"https:\/\/www.radiopiu.net\/wordpress\/wp-json\/wp\/v2\/users\/4"}],"replies":[{"embeddable":true,"href":"https:\/\/www.radiopiu.net\/wordpress\/wp-json\/wp\/v2\/comments?post=346989"}],"version-history":[{"count":0,"href":"https:\/\/www.radiopiu.net\/wordpress\/wp-json\/wp\/v2\/posts\/346989\/revisions"}],"wp:featuredmedia":[{"embeddable":true,"href":"https:\/\/www.radiopiu.net\/wordpress\/wp-json\/wp\/v2\/media\/346990"}],"wp:attachment":[{"href":"https:\/\/www.radiopiu.net\/wordpress\/wp-json\/wp\/v2\/media?parent=346989"}],"wp:term":[{"taxonomy":"category","embeddable":true,"href":"https:\/\/www.radiopiu.net\/wordpress\/wp-json\/wp\/v2\/categories?post=346989"},{"taxonomy":"post_tag","embeddable":true,"href":"https:\/\/www.radiopiu.net\/wordpress\/wp-json\/wp\/v2\/tags?post=346989"}],"curies":[{"name":"wp","href":"https:\/\/api.w.org\/{rel}","templated":true}]}}