{"id":347012,"date":"2023-08-02T15:00:33","date_gmt":"2023-08-02T13:00:33","guid":{"rendered":"https:\/\/www.radiopiu.net\/wordpress\/?p=347012"},"modified":"2023-08-03T06:01:59","modified_gmt":"2023-08-03T04:01:59","slug":"altra-conferma-per-le-civette-si-tratta-di-marwin-martini","status":"publish","type":"post","link":"https:\/\/www.radiopiu.net\/wordpress\/altra-conferma-per-le-civette-si-tratta-di-marwin-martini\/","title":{"rendered":"ALTRA CONFERMA PER LE CIVETTE, SI TRATTA DI MARWIN MARTINI"},"content":{"rendered":"<p><strong><a class=\"dt-pswp-item\" href=\"https:\/\/www.radiopiu.net\/wordpress\/wp-content\/uploads\/2023\/08\/MARWIN-MARTINI.jpg\" data-dt-img-description=\"\" data-large_image_width=\"1024\" data-large_image_height=\"686\"><img loading=\"lazy\" decoding=\"async\" class=\"size-medium wp-image-347013 alignleft\" src=\"https:\/\/www.radiopiu.net\/wordpress\/wp-content\/uploads\/2023\/08\/MARWIN-MARTINI-300x201.jpg\" alt=\"\" width=\"300\" height=\"201\" srcset=\"https:\/\/www.radiopiu.net\/wordpress\/wp-content\/uploads\/2023\/08\/MARWIN-MARTINI-300x201.jpg 300w, https:\/\/www.radiopiu.net\/wordpress\/wp-content\/uploads\/2023\/08\/MARWIN-MARTINI-768x515.jpg 768w, https:\/\/www.radiopiu.net\/wordpress\/wp-content\/uploads\/2023\/08\/MARWIN-MARTINI.jpg 1024w\" sizes=\"auto, (max-width: 300px) 100vw, 300px\" \/><\/a>di Roberto Miana, portavoce dell&#8217;Alleghe Hockey<\/strong><\/p>\n<p>Il sodalizio di via Lungolago \u00e8 lieto di confermare la presenza nel proprio roster, anche per la prossima stagione, del giovane MARWIN MARTINI. Marwin, attaccante classe 2004 di Selva Di Cadore, fratello minore di Erwin, ha esordito con la prima squadra Alleghese nella stagione 2020\/2021, facendo registrare 73 presenze. Nella passata stagione, tra squadra Senior e Under 19, ha messo a referto 16 punti. Queste le parole di Marwin: \u201cSono molto contento che anche quest\u2019anno, tra mille difficolt\u00e0, siamo riusciti a fare la squadra. E questo grazie al notevole sforzo della Societ\u00e0. Non vedo l\u2019ora di iniziare questa nuova avventura che, stagione dopo stagione, mi arricchisce sempre di qualcosa di nuovo. Forse, per alcune partite non potr\u00f2 essere presente per impegni lavorativi, ma cercher\u00f2 di esserci il pi\u00f9 possibile per dare il mio contributo! Personalmente sono sempre stato convinto di giocare ancora, perch\u00e9 volevo riscattare la brutta annata passata. Dopo le buone notizie date dalla dirigenza, nello spogliatoio c\u2019\u00e8 un bel clima e sono fiducioso. Quest\u2019anno non possiamo pi\u00f9 mancare i playoff\u201d<\/p>\n<p>(foto: Annalisa Dal Mas)<\/p>\n<p>&nbsp;<\/p>\n<p>&nbsp;<\/p>\n<p>********<\/p>\n","protected":false},"excerpt":{"rendered":"<p>di Roberto Miana, portavoce dell&#8217;Alleghe Hockey Il sodalizio di via Lungolago \u00e8 lieto di confermare la presenza nel proprio roster, anche per la prossima stagione, del giovane MARWIN MARTINI. Marwin, attaccante classe 2004 di Selva Di Cadore, fratello minore di Erwin, ha esordito con la prima squadra Alleghese nella stagione 2020\/2021, facendo registrare 73 presenze.&hellip;<\/p>\n","protected":false},"author":4,"featured_media":347013,"comment_status":"closed","ping_status":"closed","sticky":false,"template":"","format":"standard","meta":{"_monsterinsights_skip_tracking":false,"_monsterinsights_sitenote_active":false,"_monsterinsights_sitenote_note":"","_monsterinsights_sitenote_category":0,"footnotes":""},"categories":[104,49],"tags":[],"class_list":["post-347012","post","type-post","status-publish","format-standard","has-post-thumbnail","hentry","category-evidenza_3","category-news-18","category-104","category-49","description-off"],"img_url":"https:\/\/www.radiopiu.net\/wordpress\/wp-content\/uploads\/2023\/08\/MARWIN-MARTINI.jpg","_links":{"self":[{"href":"https:\/\/www.radiopiu.net\/wordpress\/wp-json\/wp\/v2\/posts\/347012","targetHints":{"allow":["GET"]}}],"collection":[{"href":"https:\/\/www.radiopiu.net\/wordpress\/wp-json\/wp\/v2\/posts"}],"about":[{"href":"https:\/\/www.radiopiu.net\/wordpress\/wp-json\/wp\/v2\/types\/post"}],"author":[{"embeddable":true,"href":"https:\/\/www.radiopiu.net\/wordpress\/wp-json\/wp\/v2\/users\/4"}],"replies":[{"embeddable":true,"href":"https:\/\/www.radiopiu.net\/wordpress\/wp-json\/wp\/v2\/comments?post=347012"}],"version-history":[{"count":0,"href":"https:\/\/www.radiopiu.net\/wordpress\/wp-json\/wp\/v2\/posts\/347012\/revisions"}],"wp:featuredmedia":[{"embeddable":true,"href":"https:\/\/www.radiopiu.net\/wordpress\/wp-json\/wp\/v2\/media\/347013"}],"wp:attachment":[{"href":"https:\/\/www.radiopiu.net\/wordpress\/wp-json\/wp\/v2\/media?parent=347012"}],"wp:term":[{"taxonomy":"category","embeddable":true,"href":"https:\/\/www.radiopiu.net\/wordpress\/wp-json\/wp\/v2\/categories?post=347012"},{"taxonomy":"post_tag","embeddable":true,"href":"https:\/\/www.radiopiu.net\/wordpress\/wp-json\/wp\/v2\/tags?post=347012"}],"curies":[{"name":"wp","href":"https:\/\/api.w.org\/{rel}","templated":true}]}}