{"id":347019,"date":"2023-08-02T14:55:45","date_gmt":"2023-08-02T12:55:45","guid":{"rendered":"https:\/\/www.radiopiu.net\/wordpress\/?p=347019"},"modified":"2023-08-03T06:01:38","modified_gmt":"2023-08-03T04:01:38","slug":"aspetti-ambientali-monitoraggio-e-coinvolgimento-dei-comuni","status":"publish","type":"post","link":"https:\/\/www.radiopiu.net\/wordpress\/aspetti-ambientali-monitoraggio-e-coinvolgimento-dei-comuni\/","title":{"rendered":"ASPETTI AMBIENTALI: MONITORAGGIO E COINVOLGIMENTO DEI COMUNI"},"content":{"rendered":"<p><strong><a class=\"dt-pswp-item\" href=\"https:\/\/www.radiopiu.net\/wordpress\/wp-content\/uploads\/2023\/08\/e55f511e-b4f4-407e-8ecb-1567bbcd7760.jpg\" data-dt-img-description=\"\" data-large_image_width=\"1600\" data-large_image_height=\"949\"><img loading=\"lazy\" decoding=\"async\" class=\"size-medium wp-image-347020 alignleft\" src=\"https:\/\/www.radiopiu.net\/wordpress\/wp-content\/uploads\/2023\/08\/e55f511e-b4f4-407e-8ecb-1567bbcd7760-300x178.jpg\" alt=\"\" width=\"300\" height=\"178\" srcset=\"https:\/\/www.radiopiu.net\/wordpress\/wp-content\/uploads\/2023\/08\/e55f511e-b4f4-407e-8ecb-1567bbcd7760-300x178.jpg 300w, https:\/\/www.radiopiu.net\/wordpress\/wp-content\/uploads\/2023\/08\/e55f511e-b4f4-407e-8ecb-1567bbcd7760-1024x607.jpg 1024w, https:\/\/www.radiopiu.net\/wordpress\/wp-content\/uploads\/2023\/08\/e55f511e-b4f4-407e-8ecb-1567bbcd7760-768x456.jpg 768w, https:\/\/www.radiopiu.net\/wordpress\/wp-content\/uploads\/2023\/08\/e55f511e-b4f4-407e-8ecb-1567bbcd7760-1536x911.jpg 1536w, https:\/\/www.radiopiu.net\/wordpress\/wp-content\/uploads\/2023\/08\/e55f511e-b4f4-407e-8ecb-1567bbcd7760.jpg 1600w\" sizes=\"auto, (max-width: 300px) 100vw, 300px\" \/><\/a>SAN VITO DI CADORE<\/strong> Incontro strategico\u00a0 per pianificare le opere infrastrutturali che coinvolgono Cortina, Pieve, Valle e San Vito di Cadore, mirate sia alla prossima Olimpiade che a migliorare l&#8217;accessibilit\u00e0. L&#8217;evento ha coinvolto la Regione, l&#8217;Agenzia regionale per la prevenzione e protezione ambientale del Veneto), l&#8217; Anas, il Gruppo Carabinieri per la Tutela Ambientale e la Transizione Ecologica e i sindaci interessati. L&#8217;assessore Gianpaolo Bottacin ha sottolineato l&#8217;importanza di affrontare le sfide che i cantieri potrebbero comportare, cercando di garantire il rispetto della legalit\u00e0, dell&#8217;ambiente e di ridurre al minimo i disagi. Tuttavia, l&#8217;assessore ha avvertito del rischio di infiltrazioni illecite o di impatti ambientali negativi legati a grandi finanziamenti. La Regione Veneto ha assicurato il proprio sostegno alle iniziative di tutela e si \u00e8 impegnata a garantire che tutto sia svolto nel pieno rispetto della legalit\u00e0 e dell&#8217;ambiente, in vista dei Giochi Olimpici. L&#8217;incontro \u00e8 stato anche un&#8217;occasione per promuovere la collaborazione con i Carabinieri dei NOE (Nucleo Operativo Ecologico) e garantire una maggiore protezione ambientale e prevenzione di eventuali irregolarit\u00e0 amministrative o reati in ambito ambientale e lavorativo.\u00a0 \u00a0Importante anche il ruolo dei Comuni, primi interlocutori con i cittadini e guardiani del territorio.<\/p>\n<div style=\"width: 848px;\" class=\"wp-video\"><video class=\"wp-video-shortcode\" id=\"video-347019-1\" width=\"848\" height=\"480\" preload=\"metadata\" controls=\"controls\"><source type=\"video\/mp4\" src=\"https:\/\/www.radiopiu.net\/wordpress\/wp-content\/uploads\/2023\/08\/WhatsApp-Video-2023-08-02-at-15.14.34.mp4?_=1\" \/><a href=\"https:\/\/www.radiopiu.net\/wordpress\/wp-content\/uploads\/2023\/08\/WhatsApp-Video-2023-08-02-at-15.14.34.mp4\">https:\/\/www.radiopiu.net\/wordpress\/wp-content\/uploads\/2023\/08\/WhatsApp-Video-2023-08-02-at-15.14.34.mp4<\/a><\/video><\/div>\n<p>&nbsp;<\/p>\n<hr \/>\n<div class=\"flex-1 overflow-hidden\">\n<div class=\"react-scroll-to-bottom--css-dfbut-79elbk h-full dark:bg-gray-800\">\n<div class=\"react-scroll-to-bottom--css-dfbut-1n7m0yu\">\n<div class=\"flex flex-col text-sm dark:bg-gray-800\">\n<div class=\"group w-full text-gray-800 dark:text-gray-100 border-b border-black\/10 dark:border-gray-900\/50 bg-gray-50 dark:bg-[#444654]\">\n<div class=\"flex p-4 gap-4 text-base md:gap-6 md:max-w-2xl lg:max-w-[38rem] xl:max-w-3xl md:py-6 lg:px-0 m-auto\">\n<div class=\"relative flex w-[calc(100%-50px)] flex-col gap-1 md:gap-3 lg:w-[calc(100%-115px)]\">\n<div class=\"flex justify-between lg:block\"><\/div>\n<\/div>\n<\/div>\n<\/div>\n<\/div>\n<\/div>\n<\/div>\n<\/div>\n<div class=\"absolute bottom-0 left-0 w-full border-t md:border-t-0 dark:border-white\/20 md:border-transparent md:dark:border-transparent md:bg-vert-light-gradient bg-white dark:bg-gray-800 md:!bg-transparent dark:md:bg-vert-dark-gradient pt-2 md:pl-2 md:w-[calc(100%-.5rem)]\">\n<form class=\"stretch mx-2 flex flex-row gap-3 last:mb-2 md:mx-4 md:last:mb-6 lg:mx-auto lg:max-w-2xl xl:max-w-3xl\">\n<div class=\"relative flex h-full flex-1 items-stretch md:flex-col\" role=\"presentation\">\n<div>\n<div class=\"h-full flex ml-1 md:w-full md:m-auto md:mb-4 gap-0 md:gap-2 justify-center\">\n<div class=\"flex items-center md:items-end\">\n<div data-projection-id=\"38\">\n<div class=\"flex w-full gap-2 items-center justify-center\"><\/div>\n<\/div>\n<\/div>\n<\/div>\n<\/div>\n<\/div>\n<\/form>\n<\/div>\n","protected":false},"excerpt":{"rendered":"<p>SAN VITO DI CADORE Incontro strategico\u00a0 per pianificare le opere infrastrutturali che coinvolgono Cortina, Pieve, Valle e San Vito di Cadore, mirate sia alla prossima Olimpiade che a migliorare l&#8217;accessibilit\u00e0. L&#8217;evento ha coinvolto la Regione, l&#8217;Agenzia regionale per la prevenzione e protezione ambientale del Veneto), l&#8217; Anas, il Gruppo Carabinieri per la Tutela Ambientale e&hellip;<\/p>\n","protected":false},"author":4,"featured_media":347021,"comment_status":"closed","ping_status":"closed","sticky":false,"template":"","format":"standard","meta":{"_monsterinsights_skip_tracking":false,"_monsterinsights_sitenote_active":false,"_monsterinsights_sitenote_note":"","_monsterinsights_sitenote_category":0,"footnotes":""},"categories":[51,49],"tags":[],"class_list":["post-347019","post","type-post","status-publish","format-standard","has-post-thumbnail","hentry","category-evidenza-top","category-news-18","category-51","category-49","description-off"],"img_url":"https:\/\/www.radiopiu.net\/wordpress\/wp-content\/uploads\/2023\/08\/e55f511e-b4f4-407e-8ecb-1567bbcd7760-1.jpg","_links":{"self":[{"href":"https:\/\/www.radiopiu.net\/wordpress\/wp-json\/wp\/v2\/posts\/347019","targetHints":{"allow":["GET"]}}],"collection":[{"href":"https:\/\/www.radiopiu.net\/wordpress\/wp-json\/wp\/v2\/posts"}],"about":[{"href":"https:\/\/www.radiopiu.net\/wordpress\/wp-json\/wp\/v2\/types\/post"}],"author":[{"embeddable":true,"href":"https:\/\/www.radiopiu.net\/wordpress\/wp-json\/wp\/v2\/users\/4"}],"replies":[{"embeddable":true,"href":"https:\/\/www.radiopiu.net\/wordpress\/wp-json\/wp\/v2\/comments?post=347019"}],"version-history":[{"count":0,"href":"https:\/\/www.radiopiu.net\/wordpress\/wp-json\/wp\/v2\/posts\/347019\/revisions"}],"wp:featuredmedia":[{"embeddable":true,"href":"https:\/\/www.radiopiu.net\/wordpress\/wp-json\/wp\/v2\/media\/347021"}],"wp:attachment":[{"href":"https:\/\/www.radiopiu.net\/wordpress\/wp-json\/wp\/v2\/media?parent=347019"}],"wp:term":[{"taxonomy":"category","embeddable":true,"href":"https:\/\/www.radiopiu.net\/wordpress\/wp-json\/wp\/v2\/categories?post=347019"},{"taxonomy":"post_tag","embeddable":true,"href":"https:\/\/www.radiopiu.net\/wordpress\/wp-json\/wp\/v2\/tags?post=347019"}],"curies":[{"name":"wp","href":"https:\/\/api.w.org\/{rel}","templated":true}]}}